{"id":29158,"date":"2026-04-28T00:00:47","date_gmt":"2026-04-27T22:00:47","guid":{"rendered":"https:\/\/hojassueltas.es\/?p=29158"},"modified":"2026-04-28T08:46:15","modified_gmt":"2026-04-28T06:46:15","slug":"carolina-molina-garcia-granada-como-conciencia-narrativa","status":"publish","type":"post","link":"https:\/\/hojassueltas.es\/?p=29158","title":{"rendered":"Carolina Molina Garc\u00eda: Granada como conciencia narrativa"},"content":{"rendered":"<p align=\"justify\"><span style=\"font-family: Cambria Math, serif;\"><span style=\"font-size: large;\">Nunca he sabido del todo qu\u00e9 me trajo a Granada. Podr\u00eda decir que fue una mudanza, una intuici\u00f3n o una de esas decisiones que se toman sin conocer todav\u00eda sus consecuencias. Ven\u00eda de otras ciudades, de otros h\u00e1bitos, de una vida algo n\u00f3mada en lo literario, y quiz\u00e1 buscaba un lugar donde la cultura no fuese solo programaci\u00f3n de actos, sino una forma de conversaci\u00f3n. Granada me recibi\u00f3 as\u00ed: con bibliotecas, tertulias, presentaciones, amistades que iban apareciendo alrededor de los libros. En una de esas reuniones conoc\u00ed a <strong>Carolina Molina Garc\u00eda.<\/strong> Recuerdo, m\u00e1s que una frase concreta, el tono con el que hablaba de la ciudad: no como quien ense\u00f1a una postal, sino como quien defiende una herida antigua.<\/span><\/span><\/p>\n<p align=\"justify\"><span style=\"font-family: Cambria Math, serif;\"><span style=\"font-size: large;\">Desde entonces he le\u00eddo su obra con esa clave. Carolina Molina no escribe sobre Granada \u00fanicamente porque Granada sea hermosa, literaria o rentable como escenario hist\u00f3rico. La escribe porque la entiende como un organismo moral. En sus novelas la ciudad no se limita a ofrecer calles, torres, aljibes o miradores: exige una posici\u00f3n \u00e9tica. Quien entra en su narrativa debe preguntarse qu\u00e9 memoria pisa, qu\u00e9 versi\u00f3n de la historia ha aceptado sin discusi\u00f3n y qu\u00e9 voces han quedado sepultadas bajo la ret\u00f3rica del patrimonio.<\/span><\/span><\/p>\n<p align=\"justify\"><span style=\"font-family: Cambria Math, serif;\"><span style=\"font-size: large;\">Su punto de partida visible est\u00e1 en <em>La luna sobre la Sabika<\/em> \u2014publicada por Entrel\u00edneas Editores en 2003\u2014, una novela que ya contiene buena parte de sus preocupaciones posteriores. La Sabika, la colina de la Alhambra, no aparece solo como enclave monumental, sino como lugar de irradiaci\u00f3n simb\u00f3lica. Desde ah\u00ed, la autora empieza a construir una mirada hacia el pasado nazar\u00ed que no se conforma con la reconstrucci\u00f3n decorativa. Le interesa la vida cotidiana, la textura \u00edntima de un mundo perdido, la fragilidad de quienes habitaron una cultura condenada a ser le\u00edda despu\u00e9s por sus vencedores.<\/span><\/span><\/p>\n<p align=\"justify\"><span style=\"font-family: Cambria Math, serif;\"><span style=\"font-size: large;\">Ese impulso se prolonga en <em>Sue\u00f1os del Albayz\u00edn<\/em> y <em>Guardianes de la Alhambra<\/em>, hasta formar lo que puede entenderse como una trilog\u00eda nazar\u00ed: no tanto por continuidad argumental estricta como por coherencia de mirada. Ah\u00ed est\u00e1, a mi juicio, el primer motivo t\u00e9cnico de su obra: la ciudad funciona como estructura narrativa. No es un fondo. Es un mecanismo. Las calles, los barrios y los edificios ordenan la intriga, pero tambi\u00e9n condicionan la conciencia de los personajes. Granada obliga a recordar, y esa obligaci\u00f3n se convierte en conflicto.<\/span><\/span><\/p>\n<p align=\"justify\"><span style=\"font-family: Cambria Math, serif;\"><span style=\"font-size: large;\">La voz narrativa de Carolina Molina suele apoyarse en una prosa clara, de voluntad comunicativa, que no busca deslumbrar por rareza estil\u00edstica. Su escritura se sit\u00faa en una zona reconocible de la novela hist\u00f3rica contempor\u00e1nea espa\u00f1ola: documentaci\u00f3n suficiente, ritmo narrativo, atenci\u00f3n al personaje y un deseo de hacer accesible el pasado sin rebajarlo a simple an\u00e9cdota. Pero en sus mejores momentos aparece algo m\u00e1s interesante que la eficacia narrativa: una melancol\u00eda contenida, una especie de respeto por lo que ya no puede hablar. Ese respeto impide que sus vencidos se conviertan en estampas sentimentales.<\/span><\/span><\/p>\n<p align=\"justify\"><span style=\"font-family: Cambria Math, serif;\"><span style=\"font-size: large;\">Me parece importante subrayarlo porque la novela hist\u00f3rica, en Espa\u00f1a, ha vivido durante a\u00f1os entre dos tentaciones: la del entretenimiento arqueol\u00f3gico y la de la tesis demasiado visible. Carolina Molina se mueve en una franja intermedia. No renuncia al placer de la trama, pero tampoco trata el pasado como una despensa de disfraces. Su Granada nazar\u00ed, su Granada cristiana, su Granada decimon\u00f3nica o incluso su Madrid hist\u00f3rico no son escenarios cerrados: son espacios donde se discute la autenticidad de la memoria.<\/span><\/span><\/p>\n<p align=\"justify\"><span style=\"font-family: Cambria Math, serif;\"><span style=\"font-size: large;\">En <em>Noches en Bib-Rambla<\/em>, la plaza se convierte en un lugar de cruce, de reuni\u00f3n y de rumor hist\u00f3rico. Bib-Rambla, como la propia Granada, parece contener capas superpuestas: fiesta, comercio, represi\u00f3n, convivencia, desaparici\u00f3n. Lo interesante no es solo lo que ocurre en la novela, sino la forma en que el espacio absorbe lo ocurrido. Carolina Molina trabaja bien esa idea de la ciudad-palimsesto, la ciudad escrita y reescrita por poderes sucesivos. Por eso su narrativa no se limita a evocar Al-\u00c1ndalus: pregunta qu\u00e9 hemos hecho con Al-\u00c1ndalus en nuestra imaginaci\u00f3n contempor\u00e1nea.<\/span><\/span><\/p>\n<p align=\"justify\"><span style=\"font-family: Cambria Math, serif;\"><span style=\"font-size: large;\">Ah\u00ed surge otra de sus constantes: la mirada compasiva hacia los vencidos. No hablo de una compasi\u00f3n blanda, sino de una atenci\u00f3n narrativa hacia quienes han sido reducidos por la historia oficial a nota al pie. Moriscos, artesanos, mujeres, artistas, custodios de la memoria o figuras desplazadas encuentran en sus libros un lugar desde el que existir con cierta dignidad. Esta elecci\u00f3n tiene un valor \u00e9tico, pero tambi\u00e9n formal: la autora tiende a acercar la gran historia a trav\u00e9s de vidas particulares. La \u00e9pica se rebaja de volumen para que pueda o\u00edrse la respiraci\u00f3n de los personajes.<\/span><\/span><\/p>\n<p align=\"justify\"><span style=\"font-family: Cambria Math, serif;\"><span style=\"font-size: large;\">El punto de inflexi\u00f3n que la lleva a dedicarse de lleno a la novela hist\u00f3rica puede situarse, seg\u00fan su propio itinerario, en torno a 2013, cuando asume esa escritura como centro de su trabajo y participa, junto a Blas Malo, en la coordinaci\u00f3n de las primeras Jornadas de Novela Hist\u00f3rica de Granada. No es un detalle menor. Ese gesto revela una conciencia de oficio y de comunidad literaria. Carolina Molina no solo escribe novela hist\u00f3rica: contribuye a crear un espacio de conversaci\u00f3n para el g\u00e9nero. Y eso explica tambi\u00e9n la maduraci\u00f3n de su obra posterior.<\/span><\/span><\/p>\n<p align=\"justify\"><span style=\"font-family: Cambria Math, serif;\"><span style=\"font-size: large;\">Con <em>Iliberri, que te sea leve la tierra<\/em>, <em>El falsificador de la Alcazaba<\/em> o <em>Madrid, entre dos murallas<\/em>, la autora ampl\u00eda su campo sin abandonar del todo su obsesi\u00f3n por la ciudad como dep\u00f3sito de memoria. Incluso cuando se desplaza a Madrid, el motivo urbano permanece. Las murallas, las alcazabas, los barrios antiguos y los restos materiales no son para ella simples vestigios. Son pruebas, a veces inc\u00f3modas, de que toda identidad urbana se funda sobre p\u00e9rdidas. Su narrativa insiste en esa evidencia: una ciudad se construye tanto con lo que conserva como con lo que decide borrar.<\/span><\/span><\/p>\n<p align=\"justify\"><span style=\"font-family: Cambria Math, serif;\"><span style=\"font-size: large;\">En <em>Carolus<\/em>, la figura de Carlos V le permite mirar Granada desde el poder. La ciudad ya no es solo memoria nazar\u00ed, sino escenario imperial. La pregunta cambia de lugar: \u00bfqu\u00e9 ocurre cuando la belleza de una cultura vencida es apropiada por el discurso del vencedor? Esta cuesti\u00f3n, aunque no siempre aparezca formulada de manera expl\u00edcita, atraviesa buena parte de su escritura. La Alhambra, en sus novelas, no es un objeto pacificado. Es una presencia inc\u00f3moda, admirada y disputada, aut\u00e9ntica y reinterpretada, hist\u00f3rica y teatralizada.<\/span><\/span><\/p>\n<p align=\"justify\"><span style=\"font-family: Cambria Math, serif;\"><span style=\"font-size: large;\">Despu\u00e9s, con <em>El \u00faltimo rom\u00e1ntico<\/em> y <em>Los ojos de Gald\u00f3s<\/em>, Carolina Molina demuestra inter\u00e9s por figuras hist\u00f3ricas rehumanizadas. Gald\u00f3s, Fortuny, Contreras o aquellos personajes vinculados al arte y a la literatura aparecen no como bustos, sino como seres atravesados por contradicciones. En <em>Los ojos de Gald\u00f3s<\/em>, especialmente, hay una operaci\u00f3n significativa: acercarse a un gigante literario desde su mirada, pero tambi\u00e9n desde su vulnerabilidad. No se trata de monumentalizar al monumento, sino de devolverle temperatura humana. Esa elecci\u00f3n conecta con el resto de su obra: incluso las figuras consagradas necesitan ser rescatadas de la rigidez con que la cultura las fija.<\/span><\/span><\/p>\n<p align=\"justify\"><span style=\"font-family: Cambria Math, serif;\"><span style=\"font-size: large;\">Su evoluci\u00f3n m\u00e1s reciente, con las reediciones de <em>Guardianes de la Alhambra<\/em> y <em>Noches en Bib-Rambla<\/em>, junto a t\u00edtulos como <em>Gu\u00eda de curiosidades de la Alhambra<\/em> y <em>Los \u00e1ngeles insurrectos<\/em>, permite intuir una doble direcci\u00f3n: por un lado, la consolidaci\u00f3n de su territorio granadino; por otro, una apertura hacia formas de divulgaci\u00f3n y de reinterpretaci\u00f3n hist\u00f3rica m\u00e1s amplias. No me parece una autora que abandone sus obsesiones, sino una escritora que vuelve a ellas desde \u00e1ngulos distintos.<\/span><\/span><\/p>\n<p align=\"justify\"><span style=\"font-family: Cambria Math, serif;\"><span style=\"font-size: large;\">\u00bfQu\u00e9 tiene Granada que no ha encontrado en ninguna otra ciudad? Dir\u00eda que Granada le ofrece una tensi\u00f3n casi perfecta entre belleza y conflicto. Es una ciudad que seduce, pero no se deja poseer del todo. Cada piedra parece contar una historia y, al mismo tiempo, esconder otra. Para una novelista hist\u00f3rica, ese doble movimiento resulta decisivo: la promesa de revelaci\u00f3n y la resistencia del pasado. Carolina Molina ha hecho de esa tensi\u00f3n su materia literaria.<\/span><\/span><\/p>\n<p align=\"justify\"><span style=\"font-family: Cambria Math, serif;\"><span style=\"font-size: large;\">Me atrevo a considerar que su obra seguir\u00e1 siendo m\u00e1s interesante cuanto menos busque resolver Granada y m\u00e1s acepte su condici\u00f3n de enigma. Su mejor camino no est\u00e1 solo en reconstruir lo que fue, sino en preguntar por qu\u00e9 seguimos necesitando imaginarlo. Ah\u00ed, entre la ciudad real y la ciudad so\u00f1ada, entre el documento y la p\u00e9rdida, Carolina Molina ha encontrado una voz reconocible: una voz que mira el pasado no para embellecerlo, sino para discutir con \u00e9l.<\/span><\/span><\/p>\n<p align=\"justify\"><strong><span style=\"font-size: 16px;\">\u00a9 Anxo do Rego\u00a0<\/span><\/strong><\/p>\n","protected":false},"excerpt":{"rendered":"<p>Nunca he sabido del todo qu\u00e9 me trajo a Granada. Podr\u00eda decir que fue una mudanza, una intuici\u00f3n o una de esas decisiones que se toman sin conocer todav\u00eda sus consecuencias. Ven\u00eda de otras ciudades, de otros h\u00e1bitos, de una vida algo n\u00f3mada en lo literario, y quiz\u00e1 buscaba un lugar donde la cultura no [&hellip;]<\/p>\n","protected":false},"author":18,"featured_media":29159,"comment_status":"open","ping_status":"closed","sticky":false,"template":"","format":"standard","meta":{"footnotes":""},"categories":[2521,3283],"tags":[3339,230,3337,3338,3340,3288,3232],"class_list":{"0":"post-29158","1":"post","2":"type-post","3":"status-publish","4":"format-standard","5":"has-post-thumbnail","7":"category-destacada","8":"category-el-autor-y-yo","9":"tag-alhambra","10":"tag-anxo-do-rego","11":"tag-carolina-molina-garcia","12":"tag-granada-literaria","14":"tag-narrativa-espanola-contemporanea","15":"tag-novela-historica"},"yoast_head":"<!-- This site is optimized with the Yoast SEO plugin v27.5 - https:\/\/yoast.com\/product\/yoast-seo-wordpress\/ -->\n<title>Carolina Molina Garc\u00eda: Granada como conciencia narrativa | EL AUTOR y YO | HOJAS SUELTAS Peri\u00f3dico Cultural<\/title>\n<meta name=\"description\" content=\"EL AUTOR Y YO Su mejor camino no est\u00e1 solo en reconstruir lo que fue, sino en preguntar por qu\u00e9 seguimos necesitando imaginarlo\" \/>\n<meta name=\"robots\" content=\"index, follow, max-snippet:-1, max-image-preview:large, max-video-preview:-1\" \/>\n<link rel=\"canonical\" href=\"https:\/\/hojassueltas.es\/?p=29158\" \/>\n<meta property=\"og:locale\" content=\"es_ES\" \/>\n<meta property=\"og:type\" content=\"article\" \/>\n<meta property=\"og:title\" content=\"Carolina Molina Garc\u00eda: Granada como conciencia narrativa | EL AUTOR y YO | HOJAS SUELTAS Peri\u00f3dico Cultural\" \/>\n<meta property=\"og:description\" content=\"EL AUTOR Y YO Su mejor camino no est\u00e1 solo en reconstruir lo que fue, sino en preguntar por qu\u00e9 seguimos necesitando imaginarlo\" \/>\n<meta property=\"og:url\" content=\"https:\/\/hojassueltas.es\/?p=29158\" \/>\n<meta property=\"og:site_name\" content=\"HOJAS SUELTAS Peri\u00f3dico Cultural\" \/>\n<meta property=\"article:author\" content=\"https:\/\/www.facebook.com\/anxodoregoescritor\/\" \/>\n<meta property=\"article:published_time\" content=\"2026-04-27T22:00:47+00:00\" \/>\n<meta property=\"article:modified_time\" content=\"2026-04-28T06:46:15+00:00\" \/>\n<meta property=\"og:image\" content=\"https:\/\/hojassueltas.es\/wp-content\/uploads\/2026\/04\/Carolina-Molina_H.S.png\" \/>\n\t<meta property=\"og:image:width\" content=\"1920\" \/>\n\t<meta property=\"og:image:height\" content=\"1280\" \/>\n\t<meta property=\"og:image:type\" content=\"image\/png\" \/>\n<meta name=\"author\" content=\"Anxo do Rego\" \/>\n<meta name=\"twitter:card\" content=\"summary_large_image\" \/>\n<meta name=\"twitter:creator\" content=\"@HOJASSUELTAS22\" \/>\n<meta name=\"twitter:site\" content=\"@HOJASSUELTAS22\" \/>\n<meta name=\"twitter:label1\" content=\"Escrito por\" \/>\n\t<meta name=\"twitter:data1\" content=\"Anxo do Rego\" \/>\n\t<meta name=\"twitter:label2\" content=\"Tiempo de lectura\" \/>\n\t<meta name=\"twitter:data2\" content=\"7 minutos\" \/>\n<script type=\"application\/ld+json\" class=\"yoast-schema-graph\">{\"@context\":\"https:\\\/\\\/schema.org\",\"@graph\":[{\"@type\":[\"Article\",\"BlogPosting\"],\"@id\":\"https:\\\/\\\/hojassueltas.es\\\/?p=29158#article\",\"isPartOf\":{\"@id\":\"https:\\\/\\\/hojassueltas.es\\\/?p=29158\"},\"author\":{\"name\":\"Anxo do Rego\",\"@id\":\"https:\\\/\\\/hojassueltas.es\\\/#\\\/schema\\\/person\\\/cc93a1a1f7825a6e1d2c9bddd471a87c\"},\"headline\":\"Carolina Molina Garc\u00eda: Granada como conciencia narrativa\",\"datePublished\":\"2026-04-27T22:00:47+00:00\",\"dateModified\":\"2026-04-28T06:46:15+00:00\",\"mainEntityOfPage\":{\"@id\":\"https:\\\/\\\/hojassueltas.es\\\/?p=29158\"},\"wordCount\":1479,\"commentCount\":0,\"publisher\":{\"@id\":\"https:\\\/\\\/hojassueltas.es\\\/#organization\"},\"image\":{\"@id\":\"https:\\\/\\\/hojassueltas.es\\\/?p=29158#primaryimage\"},\"thumbnailUrl\":\"https:\\\/\\\/hojassueltas.es\\\/wp-content\\\/uploads\\\/2026\\\/04\\\/Carolina-Molina_H.S.png\",\"keywords\":[\"Alhambra\",\"Anxo do Rego\",\"Carolina Molina Garc\u00eda\",\"Granada literaria\",\"memoria nazar\u00ed\",\"narrativa espa\u00f1ola contempor\u00e1nea\",\"novela hist\u00f3rica\"],\"articleSection\":[\"*DESTACADA\",\"EL AUTOR y YO\"],\"inLanguage\":\"es\",\"potentialAction\":[{\"@type\":\"CommentAction\",\"name\":\"Comment\",\"target\":[\"https:\\\/\\\/hojassueltas.es\\\/?p=29158#respond\"]}]},{\"@type\":\"WebPage\",\"@id\":\"https:\\\/\\\/hojassueltas.es\\\/?p=29158\",\"url\":\"https:\\\/\\\/hojassueltas.es\\\/?p=29158\",\"name\":\"Carolina Molina Garc\u00eda: Granada como conciencia narrativa | EL AUTOR y YO | HOJAS SUELTAS Peri\u00f3dico Cultural\",\"isPartOf\":{\"@id\":\"https:\\\/\\\/hojassueltas.es\\\/#website\"},\"primaryImageOfPage\":{\"@id\":\"https:\\\/\\\/hojassueltas.es\\\/?p=29158#primaryimage\"},\"image\":{\"@id\":\"https:\\\/\\\/hojassueltas.es\\\/?p=29158#primaryimage\"},\"thumbnailUrl\":\"https:\\\/\\\/hojassueltas.es\\\/wp-content\\\/uploads\\\/2026\\\/04\\\/Carolina-Molina_H.S.png\",\"datePublished\":\"2026-04-27T22:00:47+00:00\",\"dateModified\":\"2026-04-28T06:46:15+00:00\",\"description\":\"EL AUTOR Y YO Su mejor camino no est\u00e1 solo en reconstruir lo que fue, sino en preguntar por qu\u00e9 seguimos necesitando imaginarlo\",\"breadcrumb\":{\"@id\":\"https:\\\/\\\/hojassueltas.es\\\/?p=29158#breadcrumb\"},\"inLanguage\":\"es\",\"potentialAction\":[{\"@type\":\"ReadAction\",\"target\":[\"https:\\\/\\\/hojassueltas.es\\\/?p=29158\"]}]},{\"@type\":\"ImageObject\",\"inLanguage\":\"es\",\"@id\":\"https:\\\/\\\/hojassueltas.es\\\/?p=29158#primaryimage\",\"url\":\"https:\\\/\\\/hojassueltas.es\\\/wp-content\\\/uploads\\\/2026\\\/04\\\/Carolina-Molina_H.S.png\",\"contentUrl\":\"https:\\\/\\\/hojassueltas.es\\\/wp-content\\\/uploads\\\/2026\\\/04\\\/Carolina-Molina_H.S.png\",\"width\":1920,\"height\":1280},{\"@type\":\"BreadcrumbList\",\"@id\":\"https:\\\/\\\/hojassueltas.es\\\/?p=29158#breadcrumb\",\"itemListElement\":[{\"@type\":\"ListItem\",\"position\":1,\"name\":\"Portada\",\"item\":\"https:\\\/\\\/hojassueltas.es\\\/\"},{\"@type\":\"ListItem\",\"position\":2,\"name\":\"Carolina Molina Garc\u00eda: Granada como conciencia narrativa\"}]},{\"@type\":\"WebSite\",\"@id\":\"https:\\\/\\\/hojassueltas.es\\\/#website\",\"url\":\"https:\\\/\\\/hojassueltas.es\\\/\",\"name\":\"HojasSueltas.es\",\"description\":\"GRANADA - Peri\u00f3dico Cultural\",\"publisher\":{\"@id\":\"https:\\\/\\\/hojassueltas.es\\\/#organization\"},\"alternateName\":\"H.S. Periodico Cultural\",\"potentialAction\":[{\"@type\":\"SearchAction\",\"target\":{\"@type\":\"EntryPoint\",\"urlTemplate\":\"https:\\\/\\\/hojassueltas.es\\\/?s={search_term_string}\"},\"query-input\":{\"@type\":\"PropertyValueSpecification\",\"valueRequired\":true,\"valueName\":\"search_term_string\"}}],\"inLanguage\":\"es\"},{\"@type\":\"Organization\",\"@id\":\"https:\\\/\\\/hojassueltas.es\\\/#organization\",\"name\":\"HOJAS SUELTAS - Peri\u00f3dico Cultural\",\"alternateName\":\"HS - HOJAS SUELTAS Peri\u00f3dico Cultural\",\"url\":\"https:\\\/\\\/hojassueltas.es\\\/\",\"logo\":{\"@type\":\"ImageObject\",\"inLanguage\":\"es\",\"@id\":\"https:\\\/\\\/hojassueltas.es\\\/#\\\/schema\\\/logo\\\/image\\\/\",\"url\":\"https:\\\/\\\/hojassueltas.es\\\/wp-content\\\/uploads\\\/2025\\\/08\\\/Icono-HS_2.png\",\"contentUrl\":\"https:\\\/\\\/hojassueltas.es\\\/wp-content\\\/uploads\\\/2025\\\/08\\\/Icono-HS_2.png\",\"width\":500,\"height\":500,\"caption\":\"HOJAS SUELTAS - Peri\u00f3dico Cultural\"},\"image\":{\"@id\":\"https:\\\/\\\/hojassueltas.es\\\/#\\\/schema\\\/logo\\\/image\\\/\"},\"sameAs\":[\"https:\\\/\\\/x.com\\\/HOJASSUELTAS22\"]},{\"@type\":\"Person\",\"@id\":\"https:\\\/\\\/hojassueltas.es\\\/#\\\/schema\\\/person\\\/cc93a1a1f7825a6e1d2c9bddd471a87c\",\"name\":\"Anxo do Rego\",\"image\":{\"@type\":\"ImageObject\",\"inLanguage\":\"es\",\"@id\":\"https:\\\/\\\/hojassueltas.es\\\/wp-content\\\/uploads\\\/2025\\\/02\\\/Anxo-do-Rego_2025-96x96.jpg\",\"url\":\"https:\\\/\\\/hojassueltas.es\\\/wp-content\\\/uploads\\\/2025\\\/02\\\/Anxo-do-Rego_2025-96x96.jpg\",\"contentUrl\":\"https:\\\/\\\/hojassueltas.es\\\/wp-content\\\/uploads\\\/2025\\\/02\\\/Anxo-do-Rego_2025-96x96.jpg\",\"caption\":\"Anxo do Rego\"},\"description\":\"Narrador. Fundador, director y editor de la extinta editorial PG Ediciones. Actualmente asesora y colabora en las editoriales: Editorial Skytale y Aldo Ediciones, del Grupo Editorial Regina Exlibris. Director y redactor del diario cultural Hojas Sueltas. Fundador en 2014 de una de las primeras revistas digitales del g\u00e9nero negro y policial \u00abSolo Novela Negra\u00bb. Participa en numerosas instituciones culturales. Su narrativa se sustenta principalmente en la novela polic\u00edaca con diecis\u00e9is t\u00edtulos del comisario del CNP, Roberto H.C. como protagonista, aunque realiza incursiones en otros g\u00e9neros literarios, tales como la ficci\u00f3n hist\u00f3rica, ciencia ficci\u00f3n, suspense y sentimentales. Mantiene su creatividad literaria con novelas, relatos, art\u00edculos, rese\u00f1as literarias y ensayos.\",\"sameAs\":[\"https:\\\/\\\/anxodorego.com\\\/\",\"https:\\\/\\\/www.facebook.com\\\/anxodoregoescritor\\\/\"],\"url\":\"https:\\\/\\\/hojassueltas.es\\\/?author=18\"}]}<\/script>\n<!-- \/ Yoast SEO plugin. -->","yoast_head_json":{"title":"Carolina Molina Garc\u00eda: Granada como conciencia narrativa | EL AUTOR y YO | HOJAS SUELTAS Peri\u00f3dico Cultural","description":"EL AUTOR Y YO Su mejor camino no est\u00e1 solo en reconstruir lo que fue, sino en preguntar por qu\u00e9 seguimos necesitando imaginarlo","robots":{"index":"index","follow":"follow","max-snippet":"max-snippet:-1","max-image-preview":"max-image-preview:large","max-video-preview":"max-video-preview:-1"},"canonical":"https:\/\/hojassueltas.es\/?p=29158","og_locale":"es_ES","og_type":"article","og_title":"Carolina Molina Garc\u00eda: Granada como conciencia narrativa | EL AUTOR y YO | HOJAS SUELTAS Peri\u00f3dico Cultural","og_description":"EL AUTOR Y YO Su mejor camino no est\u00e1 solo en reconstruir lo que fue, sino en preguntar por qu\u00e9 seguimos necesitando imaginarlo","og_url":"https:\/\/hojassueltas.es\/?p=29158","og_site_name":"HOJAS SUELTAS Peri\u00f3dico Cultural","article_author":"https:\/\/www.facebook.com\/anxodoregoescritor\/","article_published_time":"2026-04-27T22:00:47+00:00","article_modified_time":"2026-04-28T06:46:15+00:00","og_image":[{"width":1920,"height":1280,"url":"https:\/\/hojassueltas.es\/wp-content\/uploads\/2026\/04\/Carolina-Molina_H.S.png","type":"image\/png"}],"author":"Anxo do Rego","twitter_card":"summary_large_image","twitter_creator":"@HOJASSUELTAS22","twitter_site":"@HOJASSUELTAS22","twitter_misc":{"Escrito por":"Anxo do Rego","Tiempo de lectura":"7 minutos"},"schema":{"@context":"https:\/\/schema.org","@graph":[{"@type":["Article","BlogPosting"],"@id":"https:\/\/hojassueltas.es\/?p=29158#article","isPartOf":{"@id":"https:\/\/hojassueltas.es\/?p=29158"},"author":{"name":"Anxo do Rego","@id":"https:\/\/hojassueltas.es\/#\/schema\/person\/cc93a1a1f7825a6e1d2c9bddd471a87c"},"headline":"Carolina Molina Garc\u00eda: Granada como conciencia narrativa","datePublished":"2026-04-27T22:00:47+00:00","dateModified":"2026-04-28T06:46:15+00:00","mainEntityOfPage":{"@id":"https:\/\/hojassueltas.es\/?p=29158"},"wordCount":1479,"commentCount":0,"publisher":{"@id":"https:\/\/hojassueltas.es\/#organization"},"image":{"@id":"https:\/\/hojassueltas.es\/?p=29158#primaryimage"},"thumbnailUrl":"https:\/\/hojassueltas.es\/wp-content\/uploads\/2026\/04\/Carolina-Molina_H.S.png","keywords":["Alhambra","Anxo do Rego","Carolina Molina Garc\u00eda","Granada literaria","memoria nazar\u00ed","narrativa espa\u00f1ola contempor\u00e1nea","novela hist\u00f3rica"],"articleSection":["*DESTACADA","EL AUTOR y YO"],"inLanguage":"es","potentialAction":[{"@type":"CommentAction","name":"Comment","target":["https:\/\/hojassueltas.es\/?p=29158#respond"]}]},{"@type":"WebPage","@id":"https:\/\/hojassueltas.es\/?p=29158","url":"https:\/\/hojassueltas.es\/?p=29158","name":"Carolina Molina Garc\u00eda: Granada como conciencia narrativa | EL AUTOR y YO | HOJAS SUELTAS Peri\u00f3dico Cultural","isPartOf":{"@id":"https:\/\/hojassueltas.es\/#website"},"primaryImageOfPage":{"@id":"https:\/\/hojassueltas.es\/?p=29158#primaryimage"},"image":{"@id":"https:\/\/hojassueltas.es\/?p=29158#primaryimage"},"thumbnailUrl":"https:\/\/hojassueltas.es\/wp-content\/uploads\/2026\/04\/Carolina-Molina_H.S.png","datePublished":"2026-04-27T22:00:47+00:00","dateModified":"2026-04-28T06:46:15+00:00","description":"EL AUTOR Y YO Su mejor camino no est\u00e1 solo en reconstruir lo que fue, sino en preguntar por qu\u00e9 seguimos necesitando imaginarlo","breadcrumb":{"@id":"https:\/\/hojassueltas.es\/?p=29158#breadcrumb"},"inLanguage":"es","potentialAction":[{"@type":"ReadAction","target":["https:\/\/hojassueltas.es\/?p=29158"]}]},{"@type":"ImageObject","inLanguage":"es","@id":"https:\/\/hojassueltas.es\/?p=29158#primaryimage","url":"https:\/\/hojassueltas.es\/wp-content\/uploads\/2026\/04\/Carolina-Molina_H.S.png","contentUrl":"https:\/\/hojassueltas.es\/wp-content\/uploads\/2026\/04\/Carolina-Molina_H.S.png","width":1920,"height":1280},{"@type":"BreadcrumbList","@id":"https:\/\/hojassueltas.es\/?p=29158#breadcrumb","itemListElement":[{"@type":"ListItem","position":1,"name":"Portada","item":"https:\/\/hojassueltas.es\/"},{"@type":"ListItem","position":2,"name":"Carolina Molina Garc\u00eda: Granada como conciencia narrativa"}]},{"@type":"WebSite","@id":"https:\/\/hojassueltas.es\/#website","url":"https:\/\/hojassueltas.es\/","name":"HojasSueltas.es","description":"GRANADA - Peri\u00f3dico Cultural","publisher":{"@id":"https:\/\/hojassueltas.es\/#organization"},"alternateName":"H.S. Periodico Cultural","potentialAction":[{"@type":"SearchAction","target":{"@type":"EntryPoint","urlTemplate":"https:\/\/hojassueltas.es\/?s={search_term_string}"},"query-input":{"@type":"PropertyValueSpecification","valueRequired":true,"valueName":"search_term_string"}}],"inLanguage":"es"},{"@type":"Organization","@id":"https:\/\/hojassueltas.es\/#organization","name":"HOJAS SUELTAS - Peri\u00f3dico Cultural","alternateName":"HS - HOJAS SUELTAS Peri\u00f3dico Cultural","url":"https:\/\/hojassueltas.es\/","logo":{"@type":"ImageObject","inLanguage":"es","@id":"https:\/\/hojassueltas.es\/#\/schema\/logo\/image\/","url":"https:\/\/hojassueltas.es\/wp-content\/uploads\/2025\/08\/Icono-HS_2.png","contentUrl":"https:\/\/hojassueltas.es\/wp-content\/uploads\/2025\/08\/Icono-HS_2.png","width":500,"height":500,"caption":"HOJAS SUELTAS - Peri\u00f3dico Cultural"},"image":{"@id":"https:\/\/hojassueltas.es\/#\/schema\/logo\/image\/"},"sameAs":["https:\/\/x.com\/HOJASSUELTAS22"]},{"@type":"Person","@id":"https:\/\/hojassueltas.es\/#\/schema\/person\/cc93a1a1f7825a6e1d2c9bddd471a87c","name":"Anxo do Rego","image":{"@type":"ImageObject","inLanguage":"es","@id":"https:\/\/hojassueltas.es\/wp-content\/uploads\/2025\/02\/Anxo-do-Rego_2025-96x96.jpg","url":"https:\/\/hojassueltas.es\/wp-content\/uploads\/2025\/02\/Anxo-do-Rego_2025-96x96.jpg","contentUrl":"https:\/\/hojassueltas.es\/wp-content\/uploads\/2025\/02\/Anxo-do-Rego_2025-96x96.jpg","caption":"Anxo do Rego"},"description":"Narrador. Fundador, director y editor de la extinta editorial PG Ediciones. Actualmente asesora y colabora en las editoriales: Editorial Skytale y Aldo Ediciones, del Grupo Editorial Regina Exlibris. Director y redactor del diario cultural Hojas Sueltas. Fundador en 2014 de una de las primeras revistas digitales del g\u00e9nero negro y policial \u00abSolo Novela Negra\u00bb. Participa en numerosas instituciones culturales. Su narrativa se sustenta principalmente en la novela polic\u00edaca con diecis\u00e9is t\u00edtulos del comisario del CNP, Roberto H.C. como protagonista, aunque realiza incursiones en otros g\u00e9neros literarios, tales como la ficci\u00f3n hist\u00f3rica, ciencia ficci\u00f3n, suspense y sentimentales. Mantiene su creatividad literaria con novelas, relatos, art\u00edculos, rese\u00f1as literarias y ensayos.","sameAs":["https:\/\/anxodorego.com\/","https:\/\/www.facebook.com\/anxodoregoescritor\/"],"url":"https:\/\/hojassueltas.es\/?author=18"}]}},"_links":{"self":[{"href":"https:\/\/hojassueltas.es\/index.php?rest_route=\/wp\/v2\/posts\/29158","targetHints":{"allow":["GET"]}}],"collection":[{"href":"https:\/\/hojassueltas.es\/index.php?rest_route=\/wp\/v2\/posts"}],"about":[{"href":"https:\/\/hojassueltas.es\/index.php?rest_route=\/wp\/v2\/types\/post"}],"author":[{"embeddable":true,"href":"https:\/\/hojassueltas.es\/index.php?rest_route=\/wp\/v2\/users\/18"}],"replies":[{"embeddable":true,"href":"https:\/\/hojassueltas.es\/index.php?rest_route=%2Fwp%2Fv2%2Fcomments&post=29158"}],"version-history":[{"count":1,"href":"https:\/\/hojassueltas.es\/index.php?rest_route=\/wp\/v2\/posts\/29158\/revisions"}],"predecessor-version":[{"id":29160,"href":"https:\/\/hojassueltas.es\/index.php?rest_route=\/wp\/v2\/posts\/29158\/revisions\/29160"}],"wp:featuredmedia":[{"embeddable":true,"href":"https:\/\/hojassueltas.es\/index.php?rest_route=\/wp\/v2\/media\/29159"}],"wp:attachment":[{"href":"https:\/\/hojassueltas.es\/index.php?rest_route=%2Fwp%2Fv2%2Fmedia&parent=29158"}],"wp:term":[{"taxonomy":"category","embeddable":true,"href":"https:\/\/hojassueltas.es\/index.php?rest_route=%2Fwp%2Fv2%2Fcategories&post=29158"},{"taxonomy":"post_tag","embeddable":true,"href":"https:\/\/hojassueltas.es\/index.php?rest_route=%2Fwp%2Fv2%2Ftags&post=29158"}],"curies":[{"name":"wp","href":"https:\/\/api.w.org\/{rel}","templated":true}]}}