{"id":29138,"date":"2026-04-27T00:00:07","date_gmt":"2026-04-26T22:00:07","guid":{"rendered":"https:\/\/hojassueltas.es\/?p=29138"},"modified":"2026-04-25T12:43:09","modified_gmt":"2026-04-25T10:43:09","slug":"atencion-puerros-sueltos-de-pedro-casamayor","status":"publish","type":"post","link":"https:\/\/hojassueltas.es\/?p=29138","title":{"rendered":"Atenci\u00f3n, puerros sueltos, de Pedro Casamayor"},"content":{"rendered":"<p class=\"western\" style=\"text-align: justify;\"><span style=\"font-family: georgia, palatino, serif; font-size: 20px;\"><strong>Pedro Casamayor Rivas<\/strong>, Guadix (Granada) 1971, desarrolla su vida entre Murcia y Granada. A la primera dedica su afinidad por la ecolog\u00eda y la agricultura y muchos jueves a impartir talleres de poes\u00eda y escritura creativa en la asociaci\u00f3n Solidarios para el Desarrollo en el programa \u201cCultura en prisiones\u201d y tambi\u00e9n en el de acompa\u00f1amiento a personas mayores.<\/span><\/p>\n<figure id=\"attachment_29140\" aria-describedby=\"caption-attachment-29140\" style=\"width: 252px\" class=\"wp-caption alignright\"><img loading=\"lazy\" decoding=\"async\" class=\"wp-image-29140 size-medium\" src=\"https:\/\/hojassueltas.es\/wp-content\/uploads\/2026\/04\/Pedro-Casamayor-252x300.png\" alt=\"\" width=\"252\" height=\"300\" srcset=\"https:\/\/hojassueltas.es\/wp-content\/uploads\/2026\/04\/Pedro-Casamayor-252x300.png 252w, https:\/\/hojassueltas.es\/wp-content\/uploads\/2026\/04\/Pedro-Casamayor-513x610.png 513w, https:\/\/hojassueltas.es\/wp-content\/uploads\/2026\/04\/Pedro-Casamayor-150x178.png 150w, https:\/\/hojassueltas.es\/wp-content\/uploads\/2026\/04\/Pedro-Casamayor-300x357.png 300w, https:\/\/hojassueltas.es\/wp-content\/uploads\/2026\/04\/Pedro-Casamayor.png 580w\" sizes=\"auto, (max-width: 252px) 100vw, 252px\" \/><figcaption id=\"caption-attachment-29140\" class=\"wp-caption-text\">(c) Pedro Casamayor<\/figcaption><\/figure>\n<p class=\"western\" style=\"text-align: justify;\"><span style=\"font-family: georgia, palatino, serif; font-size: 20px;\">En su Granada m\u00e1s querida exhibe el amor por la familia y por los ba\u00f1os de naturaleza. Muchos fines de semana mata el hambre escribiendo tapas y cocinando versos en torno a un proyecto medioambiental, literario<\/span><\/p>\n<p class=\"western\" style=\"text-align: justify;\"><span style=\"font-family: georgia, palatino, serif; font-size: 20px;\">y gastron\u00f3mico con la asociaci\u00f3n cultural \u201cAltabaca\u201d en la Casa de la poes\u00eda \u201cRaro de Luna\u201d de G\u00f3jar (Granada), donde organiza encuentros de literatura anuales en torno a la figura del escritor franc\u00e9s Christian Bobin, presentaciones literarias y residencias art\u00edsticas.<\/span><\/p>\n<p class=\"western\" style=\"text-align: justify;\"><span style=\"font-family: georgia, palatino, serif; font-size: 20px;\">Adem\u00e1s, forma parte del Club de Lectura <i>Letra de Naturaleza<\/i>, donde coincidimos todos los meses con debates acerca de temas ambientales y lecturas de literatura de naturaleza.<\/span><\/p>\n<p class=\"western\" style=\"text-align: justify;\"><span style=\"font-family: georgia, palatino, serif; font-size: 20px;\">Entre sus publicaciones, encontramos:<\/span><\/p>\n<p class=\"western\" style=\"text-align: justify;\"><span style=\"font-family: georgia, palatino, serif; font-size: 20px;\">Su primer poemario es Limaduras del Coraz\u00f3n, publicado por la editorial granadina Port Royal. El segundo libro de poemas, Los Conciertos del Fr\u00edo, lo publica en 2017 con la editorial Raspabook. <\/span><\/p>\n<p class=\"western\" style=\"text-align: justify;\"><span style=\"font-family: georgia, palatino, serif; font-size: 20px;\">Ha colaborado en varias antolog\u00edas y libros colectivos como la antolog\u00eda animalista Animales entre animales de la editorial Raspabook, en la I Recopilaci\u00f3n accitana Guadix se nos hace nostalgia y en el libro de poes\u00eda homenaje a los 43 estudiantes asesinados en Ayotzinapa <i>Los 43 poetas por Ayotzinapa<\/i>. Tambi\u00e9n en la antolog\u00eda <i>Contra. Poes\u00eda ante la represi\u00f3n<\/i>, editada por la coordinadora Anti Represi\u00f3n de la Regi\u00f3n de Murcia, en la antolog\u00eda con efectos secundarios <i>Los poetas hipocondr\u00edacos<\/i>, ediciones Liliputienses y en la Antolog\u00eda de poes\u00eda actual <i>Con humor propio<\/i>. Hay otras colaboraciones en antolog\u00edas.<\/span><\/p>\n<p class=\"western\" style=\"text-align: justify;\"><span style=\"font-family: georgia, palatino, serif; font-size: 20px;\">.En noviembre de 2018 publica el libro <i>Tinta de Luz<\/i> en donde pone versos a fotograf\u00edas de <i>Ascensi\u00f3n Guillermo<\/i> y en marzo de 2020 publica el libro de relatos en prosa po\u00e9tica <i>Y de harina, la que admitas<\/i> (editorial Raspabook).<\/span><\/p>\n<p class=\"western\" style=\"text-align: justify;\"><span style=\"font-family: georgia, palatino, serif; font-size: 20px;\">Su \u00faltimo poemario es <i>Atenci\u00f3n, puerros sueltos<\/i> (Ediciones El Gallo de Oro, 2026), presentado en la Feria del Libro de Granada de 2026. Para acercarnos a esta propuesta po\u00e9tica, hemos establecido un di\u00e1logo con el autor, una conversaci\u00f3n en la que charlar es detenerse en los detalles, saborear el tiempo sin prisas, mezclar literatura y olores, cocina y versos. Estas son sus respuestas:<\/span><\/p>\n<p class=\"western\" style=\"text-align: justify;\" align=\"justify\"><span style=\"font-family: georgia, palatino, serif; font-size: 20px;\"><strong>LOLA CALLEJON<\/strong>: Pedro, la primera pregunta (una pregunta m\u00faltiple) es casi obligada: \u00bfPor qu\u00e9 este t\u00edtulo? \u00bfDe d\u00f3nde proceden los poemas que conforman este poemario? \u00bfC\u00f3mo se gestaron y c\u00f3mo llegaron a convertirse en libro?<\/span><\/p>\n<p class=\"western\" style=\"text-align: justify; padding-left: 40px;\" align=\"justify\"><span style=\"font-family: georgia, palatino, serif; font-size: 20px;\"><strong>PEDRO CASAMAYOR<\/strong>: Este t\u00edtulo simplemente es un juego de palabras con el que apelar al sentido del humor y a la iron\u00eda. Con toda la humildad posible descargar de importancia y solemnidad al hecho de escribir poes\u00eda. Un poco de cachondeo y simpleza frente el mundo de peso y pose de muchos poetas creo que nunca viene mal.<\/span><\/p>\n<p class=\"western\" style=\"text-align: justify; padding-left: 40px;\" align=\"justify\"><span style=\"font-family: georgia, palatino, serif; font-size: 20px;\">Ha sido un proceso relativamente r\u00e1pido. Una vez localizados los diferentes espacios y temas en los que se desenvuelve el libro, los poemas han ido surgiendo de manera disciplinada, diaria sin pausa, con naturalidad, cucharada a cucharada, verso tras verso.<\/span><\/p>\n<p class=\"western\" style=\"text-align: justify;\" align=\"justify\"><span style=\"color: #000000; font-family: georgia, palatino, serif; font-size: 20px;\"><strong>LC.:<\/strong>En la dedicatoria de tu libro dice:\u201d Dedico este poemario a todos los puerros callejeros\u201d. \u00bfPuedes explicarnos este juego de palabras y su significado?\u00a0<\/span><\/p>\n<p class=\"western\" style=\"text-align: justify; padding-left: 40px;\" align=\"justify\"><span style=\"font-family: georgia, palatino, serif; font-size: 20px;\"><strong>PC.:<\/strong> Pensar en puerros para m\u00ed es pensar en bondad, en dulzura, en ra\u00edces profundas, en silencio, en fertilidad, en olor a tierra aporcada y eso me lleva a pensar en gente de bondad, en la gente buena de cualquier calle del mundo. A esta gente dedico el libro.<\/span><\/p>\n<p class=\"western\" style=\"text-align: justify;\" align=\"justify\"><span style=\"font-family: georgia, palatino, serif; font-size: 20px;\"><span style=\"color: #000000;\"><strong>LC.:<\/strong>Aqu\u00ed resuenan los versos de Machado: <\/span><span style=\"color: #0a0a0a;\"><i>\u00abSon buenas gentes que viven, \/ laboran, pasan y sue\u00f1an, \/ y en un d\u00eda como tantos, \/ descansan bajo la tierra\u00bb.<\/i><\/span><\/span><\/p>\n<p class=\"western\" style=\"text-align: justify;\" align=\"justify\"><span style=\"font-family: georgia, palatino, serif; font-size: 20px;\">\u00bfQu\u00e9 similitudes y qu\u00e9 diferencias van a encontrar los lectores que se asomen a estos poemas con respecto a tus anteriores libros (o poemarios)?<\/span><\/p>\n<p class=\"western\" style=\"text-align: justify; padding-left: 40px;\" align=\"justify\"><span style=\"font-family: georgia, palatino, serif; font-size: 20px;\"><strong>PC.:<\/strong> Me acuerdo del comentario de algunos amigos en mi anterior poemario \u201cLos Conciertos del Fr\u00edo\u201d: Pedro: &#8211; Hay muchos versos en donde me pierdo y que no llego a entender-.\u00a0<\/span><\/p>\n<p class=\"western\" style=\"text-align: justify; padding-left: 40px;\" align=\"justify\"><span style=\"font-family: georgia, palatino, serif; font-size: 20px;\">Creo que en esta ocasi\u00f3n he optado m\u00e1s por un lenguaje y unas im\u00e1genes m\u00e1s sencillas. Buscar la simpleza, el silencio, quitar el exceso de adornos, necesitar solo las palabras adecuadas y justas creo que forma parte del proceso de maduraci\u00f3n tanto en la escritura como en la vida.\u00a0<\/span><\/p>\n<p class=\"western\" style=\"text-align: justify;\" align=\"justify\"><span style=\"font-family: georgia, palatino, serif; font-size: 20px;\"><strong>LC.:<\/strong> Tu poemario est\u00e1 estructurado en 4 partes. \u00bfQu\u00e9 papel juega cada una en el conjunto del libro?<\/span><\/p>\n<p class=\"western\" style=\"text-align: justify; padding-left: 40px;\" align=\"justify\"><span style=\"font-family: georgia, palatino, serif; font-size: 20px;\"><strong>PC.:<\/strong> Cada uno son centro y altar en un momento determinado del d\u00eda, aunque el espacio donde m\u00e1s tiempo estoy es en la cocina. All\u00ed es donde soy m\u00e1s libre. Donde siento en su totalidad la relaci\u00f3n de amistad entre la leche, el lim\u00f3n y la canela.\u00a0<\/span><\/p>\n<p class=\"western\" style=\"text-align: justify; padding-left: 40px;\" align=\"justify\"><span style=\"font-family: georgia, palatino, serif; font-size: 20px;\">Hay otros espacios y tiempos tambi\u00e9n cargados de significado en este libro como son el de la alcoba y su relaci\u00f3n con la pareja, el de la pradera y con ella la necesidad de contacto con la madre tierra y la naturaleza y tambi\u00e9n la sensaci\u00f3n ante el poema, ante el universo del libro y todo lo que le rodea.\u00a0<\/span><span style=\"font-family: georgia, palatino, serif; font-size: 20px;\">\u00a0\u00a0<\/span><\/p>\n<p class=\"western\" style=\"text-align: justify;\" align=\"justify\"><span style=\"font-family: georgia, palatino, serif; font-size: 20px;\"><strong>LC.:<\/strong> La contemplaci\u00f3n del paisaje y de la naturaleza que nos rodea, el ritmo adecuado y lento, el paladar conteniendo sabidur\u00eda de los ancestros, el guiso y la poes\u00eda\u2026, son algunos de tus temas que se repiten de forma recurrente en lo que escribes. \u00bfQu\u00e9 temas son los que m\u00e1s te interesan para plasmar en tus escritos? \u00bfEs el acto de comer algo pol\u00edtico?\u00a0<\/span><\/p>\n<p class=\"western\" style=\"text-align: justify; padding-left: 40px;\" align=\"justify\"><span style=\"font-family: georgia, palatino, serif; font-size: 20px;\"><strong>PC.<\/strong>: Mis temas son mis aficiones y entre ella est\u00e1n: las plantas, la agricultura, la paz, los p\u00e1jaros, la cocina, el conocimiento del ser humano, la literatura y la calma. No podr\u00eda escribir de otra cosa que no haya pasado por la mirada y por las manos de mi experiencia.\u00a0<\/span><\/p>\n<p class=\"western\" style=\"text-align: justify; padding-left: 40px;\" align=\"justify\"><span style=\"font-family: georgia, palatino, serif; font-size: 20px;\">\u00a0\u00a0\u00a0\u00a0Creo que casi todo es un acto pol\u00edtico. La forma de comer, los alimentos que compras y cocinas hablan de ti, de tus influencias y de tus inquietudes. El mejor homenaje a las mujeres que me educaron, a los maestros inolvidables de mi vida, a los agricultores de la vega es seguir cocinando platos sencillos, cercanos de temporada, tradicionales, calientes y de cuchara compartida.\u00a0<\/span><\/p>\n<p class=\"western\" style=\"text-align: justify;\" align=\"justify\"><span style=\"font-family: georgia, palatino, serif; font-size: 20px;\"><strong>LC.:<\/strong> En las citas de tu poemario aparecen Laura Esquivel, Luis Rosales, Jorge L. Borges, Chantal Maillar, Gustavo Duch, Jorge Riechmann, Mary Oliver o C. Bobin, entre otros. \u00bfPor qu\u00e9 estos autores? \u00bfQu\u00e9 herencia hay de C. Bobin en tu poes\u00eda?\u00a0<\/span><\/p>\n<p class=\"western\" style=\"text-align: justify; padding-left: 40px;\" align=\"justify\"><span style=\"font-family: georgia, palatino, serif; font-size: 20px;\"><strong>PC.:<\/strong> Ante todo son autores que admiro no solo por su forma de escribir sino por su postura ante el mundo, su mirada ante las desigualdades, abusos e injusticias. Sus escritos remueven y escuecen, te posicionan ante la realidad y esta es la sacudida que busco al leer un libro.<\/span><\/p>\n<p class=\"western\" style=\"text-align: justify; padding-left: 40px;\" align=\"justify\"><span style=\"font-family: georgia, palatino, serif; font-size: 20px;\">Ya quisiera yo haber heredado algo en mi escritura de Christian Bobin. Conseguir en alguno de mis poemas algo de su luz, de su contemplaci\u00f3n, de su atenci\u00f3n, de su sonrisa ser\u00eda la mejor recompensa.\u00a0\u00a0\u00a0<\/span><\/p>\n<p class=\"western\" style=\"text-align: justify;\" align=\"justify\"><span style=\"font-family: georgia, palatino, serif; font-size: 20px;\"><strong>LC.:<\/strong>Leyendo tus poemas se pueden establecer conexiones entre distintos conceptos. \u00bfQu\u00e9 dir\u00edas de las siguientes conexiones: Poes\u00eda\/Soberan\u00eda Alimentaria\/Naturaleza\/Literatura de Naturaleza?\u00a0<\/span><\/p>\n<p class=\"western\" style=\"text-align: justify; padding-left: 40px;\" align=\"justify\"><span style=\"font-family: georgia, palatino, serif; font-size: 20px;\"><strong>PC.:<\/strong> En todas esas conexiones son felices mis neuronas. Aspiro a seguir escribiendo de todo aquello que me duele y conmueve y de momento eso lo encuentro entre fogones, miradas de igualdad, clorofila, mestizajes y malas hierbas.<\/span><\/p>\n<p class=\"western\" style=\"text-align: justify;\" align=\"justify\"><span style=\"font-family: georgia, palatino, serif; font-size: 20px;\"><strong>LC<\/strong>.: Por \u00faltimo, me gustar\u00eda que comentes algo de tus futuros proyectos de escritura.\u00a0<\/span><\/p>\n<p class=\"western\" style=\"text-align: justify; padding-left: 40px;\" align=\"justify\"><span style=\"font-family: georgia, palatino, serif; font-size: 20px;\"><strong>PC<\/strong>.:Hay muchos proyectos pero todav\u00eda no trabajo en ninguno. Tal vez alg\u00fan libro sobre la historia familiar a trav\u00e9s de los \u00e1rboles y las plantas. Tal vez sobre Christian Bobin pero no hay prisa.<\/span><\/p>\n<p class=\"western\" style=\"text-align: justify;\" align=\"justify\"><span style=\"font-family: georgia, palatino, serif; font-size: 20px;\"><img loading=\"lazy\" decoding=\"async\" class=\"size-medium wp-image-29139 alignleft\" src=\"https:\/\/hojassueltas.es\/wp-content\/uploads\/2026\/04\/atencion-puerros-sueltos-portada-194x300.png\" alt=\"\" width=\"194\" height=\"300\" srcset=\"https:\/\/hojassueltas.es\/wp-content\/uploads\/2026\/04\/atencion-puerros-sueltos-portada-194x300.png 194w, https:\/\/hojassueltas.es\/wp-content\/uploads\/2026\/04\/atencion-puerros-sueltos-portada-150x231.png 150w, https:\/\/hojassueltas.es\/wp-content\/uploads\/2026\/04\/atencion-puerros-sueltos-portada-300x463.png 300w, https:\/\/hojassueltas.es\/wp-content\/uploads\/2026\/04\/atencion-puerros-sueltos-portada.png 370w\" sizes=\"auto, (max-width: 194px) 100vw, 194px\" \/>Y nos despedimos con cierto olor a tierra, con plantas en la cocina y este poema\u00a0<\/span><span style=\"font-family: georgia, palatino, serif; font-size: 20px;\">que nos regala:<\/span><\/p>\n<p class=\"western\" style=\"text-align: justify; padding-left: 80px;\" align=\"justify\"><span style=\"font-family: georgia, palatino, serif; font-size: 20px;\">Humus<br \/>\n<\/span><\/p>\n<p class=\"western\" style=\"text-align: justify; padding-left: 80px;\" align=\"justify\"><span style=\"font-family: georgia, palatino, serif; font-size: 20px;\">Indago en el contacto que no sabe de dedos<br \/>\n<\/span><span style=\"font-family: georgia, palatino, serif; font-size: 20px;\">Es el olor que acaba poniendo su pupila<br \/>\n<\/span><span style=\"font-family: georgia, palatino, serif; font-size: 20px;\">en un d\u00eda de lluvia.<\/span><\/p>\n<p class=\"western\" style=\"text-align: left;\" align=\"right\"><strong><span style=\"color: #000000;\"><span style=\"font-family: Verdana, sans-serif;\"><span style=\"font-size: small;\"><i>\u00a9 Lola Callej\u00f3n<\/i><\/span><\/span><\/span><span style=\"color: #000000;\"><span style=\"font-family: Verdana, sans-serif;\"><span style=\"font-size: small;\">. Abril de 2026.<\/span><\/span><\/span><\/strong><\/p>\n","protected":false},"excerpt":{"rendered":"<p>Pedro Casamayor Rivas, Guadix (Granada) 1971, desarrolla su vida entre Murcia y Granada. A la primera dedica su afinidad por la ecolog\u00eda y la agricultura y muchos jueves a impartir talleres de poes\u00eda y escritura creativa en la asociaci\u00f3n Solidarios para el Desarrollo en el programa \u201cCultura en prisiones\u201d y tambi\u00e9n en el de acompa\u00f1amiento [&hellip;]<\/p>\n","protected":false},"author":56,"featured_media":29141,"comment_status":"open","ping_status":"closed","sticky":false,"template":"","format":"standard","meta":{"footnotes":""},"categories":[1760],"tags":[955,3335,2936],"class_list":{"0":"post-29138","1":"post","2":"type-post","3":"status-publish","4":"format-standard","5":"has-post-thumbnail","7":"category-entrevistas-autores","8":"tag-lola-callejon","9":"tag-pedro-casamayor-rivas","10":"tag-poesia"},"yoast_head":"<!-- This site is optimized with the Yoast SEO plugin v27.4 - https:\/\/yoast.com\/product\/yoast-seo-wordpress\/ -->\n<title>Atenci\u00f3n, puerros sueltos, de Pedro Casamayor | Entrevistas | HOJAS SUELTAS Peri\u00f3dico Cultural<\/title>\n<meta name=\"description\" content=\"ENTREVISTAS a Pedro Casamayor Rivas, por Lola Callej\u00f3n (poetas)\" \/>\n<meta name=\"robots\" content=\"index, follow, max-snippet:-1, max-image-preview:large, max-video-preview:-1\" \/>\n<link rel=\"canonical\" href=\"https:\/\/hojassueltas.es\/?p=29138\" \/>\n<meta property=\"og:locale\" content=\"es_ES\" \/>\n<meta property=\"og:type\" content=\"article\" \/>\n<meta property=\"og:title\" content=\"Atenci\u00f3n, puerros sueltos, de Pedro Casamayor | Entrevistas | HOJAS SUELTAS Peri\u00f3dico Cultural\" \/>\n<meta property=\"og:description\" content=\"ENTREVISTAS a Pedro Casamayor Rivas, por Lola Callej\u00f3n (poetas)\" \/>\n<meta property=\"og:url\" content=\"https:\/\/hojassueltas.es\/?p=29138\" \/>\n<meta property=\"og:site_name\" content=\"HOJAS SUELTAS Peri\u00f3dico Cultural\" \/>\n<meta property=\"article:published_time\" content=\"2026-04-26T22:00:07+00:00\" \/>\n<meta property=\"og:image\" content=\"https:\/\/hojassueltas.es\/wp-content\/uploads\/2026\/04\/AnPedro-Casamayor_HS.png\" \/>\n\t<meta property=\"og:image:width\" content=\"1536\" \/>\n\t<meta property=\"og:image:height\" content=\"1024\" \/>\n\t<meta property=\"og:image:type\" content=\"image\/png\" \/>\n<meta name=\"author\" content=\"Lola Callej\u00f3n Aci\u00e9n\" \/>\n<meta name=\"twitter:card\" content=\"summary_large_image\" \/>\n<meta name=\"twitter:creator\" content=\"@HOJASSUELTAS22\" \/>\n<meta name=\"twitter:site\" content=\"@HOJASSUELTAS22\" \/>\n<meta name=\"twitter:label1\" content=\"Escrito por\" \/>\n\t<meta name=\"twitter:data1\" content=\"Lola Callej\u00f3n Aci\u00e9n\" \/>\n\t<meta name=\"twitter:label2\" content=\"Tiempo de lectura\" \/>\n\t<meta name=\"twitter:data2\" content=\"7 minutos\" \/>\n<script type=\"application\/ld+json\" class=\"yoast-schema-graph\">{\"@context\":\"https:\\\/\\\/schema.org\",\"@graph\":[{\"@type\":[\"Article\",\"BlogPosting\"],\"@id\":\"https:\\\/\\\/hojassueltas.es\\\/?p=29138#article\",\"isPartOf\":{\"@id\":\"https:\\\/\\\/hojassueltas.es\\\/?p=29138\"},\"author\":{\"name\":\"Lola Callej\u00f3n Aci\u00e9n\",\"@id\":\"https:\\\/\\\/hojassueltas.es\\\/#\\\/schema\\\/person\\\/4be183267eaebfdeee39ba9280459766\"},\"headline\":\"Atenci\u00f3n, puerros sueltos, de Pedro Casamayor\",\"datePublished\":\"2026-04-26T22:00:07+00:00\",\"mainEntityOfPage\":{\"@id\":\"https:\\\/\\\/hojassueltas.es\\\/?p=29138\"},\"wordCount\":1410,\"commentCount\":0,\"publisher\":{\"@id\":\"https:\\\/\\\/hojassueltas.es\\\/#organization\"},\"image\":{\"@id\":\"https:\\\/\\\/hojassueltas.es\\\/?p=29138#primaryimage\"},\"thumbnailUrl\":\"https:\\\/\\\/hojassueltas.es\\\/wp-content\\\/uploads\\\/2026\\\/04\\\/AnPedro-Casamayor_HS.png\",\"keywords\":[\"Lola Callej\u00f3n\",\"Pedro Casamayor Rivas\",\"Poes\u00eda\"],\"articleSection\":[\"Entrevistas\"],\"inLanguage\":\"es\",\"potentialAction\":[{\"@type\":\"CommentAction\",\"name\":\"Comment\",\"target\":[\"https:\\\/\\\/hojassueltas.es\\\/?p=29138#respond\"]}]},{\"@type\":\"WebPage\",\"@id\":\"https:\\\/\\\/hojassueltas.es\\\/?p=29138\",\"url\":\"https:\\\/\\\/hojassueltas.es\\\/?p=29138\",\"name\":\"Atenci\u00f3n, puerros sueltos, de Pedro Casamayor | Entrevistas | HOJAS SUELTAS Peri\u00f3dico Cultural\",\"isPartOf\":{\"@id\":\"https:\\\/\\\/hojassueltas.es\\\/#website\"},\"primaryImageOfPage\":{\"@id\":\"https:\\\/\\\/hojassueltas.es\\\/?p=29138#primaryimage\"},\"image\":{\"@id\":\"https:\\\/\\\/hojassueltas.es\\\/?p=29138#primaryimage\"},\"thumbnailUrl\":\"https:\\\/\\\/hojassueltas.es\\\/wp-content\\\/uploads\\\/2026\\\/04\\\/AnPedro-Casamayor_HS.png\",\"datePublished\":\"2026-04-26T22:00:07+00:00\",\"description\":\"ENTREVISTAS a Pedro Casamayor Rivas, por Lola Callej\u00f3n (poetas)\",\"breadcrumb\":{\"@id\":\"https:\\\/\\\/hojassueltas.es\\\/?p=29138#breadcrumb\"},\"inLanguage\":\"es\",\"potentialAction\":[{\"@type\":\"ReadAction\",\"target\":[\"https:\\\/\\\/hojassueltas.es\\\/?p=29138\"]}]},{\"@type\":\"ImageObject\",\"inLanguage\":\"es\",\"@id\":\"https:\\\/\\\/hojassueltas.es\\\/?p=29138#primaryimage\",\"url\":\"https:\\\/\\\/hojassueltas.es\\\/wp-content\\\/uploads\\\/2026\\\/04\\\/AnPedro-Casamayor_HS.png\",\"contentUrl\":\"https:\\\/\\\/hojassueltas.es\\\/wp-content\\\/uploads\\\/2026\\\/04\\\/AnPedro-Casamayor_HS.png\",\"width\":1536,\"height\":1024},{\"@type\":\"BreadcrumbList\",\"@id\":\"https:\\\/\\\/hojassueltas.es\\\/?p=29138#breadcrumb\",\"itemListElement\":[{\"@type\":\"ListItem\",\"position\":1,\"name\":\"Portada\",\"item\":\"https:\\\/\\\/hojassueltas.es\\\/\"},{\"@type\":\"ListItem\",\"position\":2,\"name\":\"Atenci\u00f3n, puerros sueltos, de Pedro Casamayor\"}]},{\"@type\":\"WebSite\",\"@id\":\"https:\\\/\\\/hojassueltas.es\\\/#website\",\"url\":\"https:\\\/\\\/hojassueltas.es\\\/\",\"name\":\"HojasSueltas.es\",\"description\":\"GRANADA - Peri\u00f3dico Cultural\",\"publisher\":{\"@id\":\"https:\\\/\\\/hojassueltas.es\\\/#organization\"},\"alternateName\":\"H.S. Periodico Cultural\",\"potentialAction\":[{\"@type\":\"SearchAction\",\"target\":{\"@type\":\"EntryPoint\",\"urlTemplate\":\"https:\\\/\\\/hojassueltas.es\\\/?s={search_term_string}\"},\"query-input\":{\"@type\":\"PropertyValueSpecification\",\"valueRequired\":true,\"valueName\":\"search_term_string\"}}],\"inLanguage\":\"es\"},{\"@type\":\"Organization\",\"@id\":\"https:\\\/\\\/hojassueltas.es\\\/#organization\",\"name\":\"HOJAS SUELTAS - Peri\u00f3dico Cultural\",\"alternateName\":\"HS - HOJAS SUELTAS Peri\u00f3dico Cultural\",\"url\":\"https:\\\/\\\/hojassueltas.es\\\/\",\"logo\":{\"@type\":\"ImageObject\",\"inLanguage\":\"es\",\"@id\":\"https:\\\/\\\/hojassueltas.es\\\/#\\\/schema\\\/logo\\\/image\\\/\",\"url\":\"https:\\\/\\\/hojassueltas.es\\\/wp-content\\\/uploads\\\/2025\\\/08\\\/Icono-HS_2.png\",\"contentUrl\":\"https:\\\/\\\/hojassueltas.es\\\/wp-content\\\/uploads\\\/2025\\\/08\\\/Icono-HS_2.png\",\"width\":500,\"height\":500,\"caption\":\"HOJAS SUELTAS - Peri\u00f3dico Cultural\"},\"image\":{\"@id\":\"https:\\\/\\\/hojassueltas.es\\\/#\\\/schema\\\/logo\\\/image\\\/\"},\"sameAs\":[\"https:\\\/\\\/x.com\\\/HOJASSUELTAS22\"]},{\"@type\":\"Person\",\"@id\":\"https:\\\/\\\/hojassueltas.es\\\/#\\\/schema\\\/person\\\/4be183267eaebfdeee39ba9280459766\",\"name\":\"Lola Callej\u00f3n Aci\u00e9n\",\"image\":{\"@type\":\"ImageObject\",\"inLanguage\":\"es\",\"@id\":\"https:\\\/\\\/hojassueltas.es\\\/wp-content\\\/uploads\\\/2023\\\/10\\\/Lola-callejon_web-96x96.jpg\",\"url\":\"https:\\\/\\\/hojassueltas.es\\\/wp-content\\\/uploads\\\/2023\\\/10\\\/Lola-callejon_web-96x96.jpg\",\"contentUrl\":\"https:\\\/\\\/hojassueltas.es\\\/wp-content\\\/uploads\\\/2023\\\/10\\\/Lola-callejon_web-96x96.jpg\",\"caption\":\"Lola Callej\u00f3n Aci\u00e9n\"},\"description\":\"Es licenciada en Ciencias Biol\u00f3gicas. M\u00e1ster en Educaci\u00f3n Ambiental y Desarrollo Sostenible y Especialista Universitaria en Educaci\u00f3n Ambiental y Globalizaci\u00f3n: Educar para un Desarrollo Sostenible Global y Local. Actualmente es profesora en Granada, en centro p\u00fablico de la Junta de Andaluc\u00eda. Especialidad: Interpretaci\u00f3n y Educaci\u00f3n Ambiental. Ha publicado numerosos poemarios, as\u00ed como diversos libros y trabajos de investigaci\u00f3n medioambientales. Ha participado en diferentes encuentros y recitales po\u00e9ticos, entre los que destacamos: Quej\u00edo. Grito de mujer. C\u00f3rdoba. D\u00eda Mundial de la Poes\u00eda. Granada Ciudad de Literatura Unesco. Amanecer en la Alcazaba. Almer\u00eda. Voces del Extremo. Moguer (Huelva).\",\"sameAs\":[\"https:\\\/\\\/www.lolacallejonacien.es\\\/\"],\"url\":\"https:\\\/\\\/hojassueltas.es\\\/?author=56\"}]}<\/script>\n<!-- \/ Yoast SEO plugin. -->","yoast_head_json":{"title":"Atenci\u00f3n, puerros sueltos, de Pedro Casamayor | Entrevistas | HOJAS SUELTAS Peri\u00f3dico Cultural","description":"ENTREVISTAS a Pedro Casamayor Rivas, por Lola Callej\u00f3n (poetas)","robots":{"index":"index","follow":"follow","max-snippet":"max-snippet:-1","max-image-preview":"max-image-preview:large","max-video-preview":"max-video-preview:-1"},"canonical":"https:\/\/hojassueltas.es\/?p=29138","og_locale":"es_ES","og_type":"article","og_title":"Atenci\u00f3n, puerros sueltos, de Pedro Casamayor | Entrevistas | HOJAS SUELTAS Peri\u00f3dico Cultural","og_description":"ENTREVISTAS a Pedro Casamayor Rivas, por Lola Callej\u00f3n (poetas)","og_url":"https:\/\/hojassueltas.es\/?p=29138","og_site_name":"HOJAS SUELTAS Peri\u00f3dico Cultural","article_published_time":"2026-04-26T22:00:07+00:00","og_image":[{"width":1536,"height":1024,"url":"https:\/\/hojassueltas.es\/wp-content\/uploads\/2026\/04\/AnPedro-Casamayor_HS.png","type":"image\/png"}],"author":"Lola Callej\u00f3n Aci\u00e9n","twitter_card":"summary_large_image","twitter_creator":"@HOJASSUELTAS22","twitter_site":"@HOJASSUELTAS22","twitter_misc":{"Escrito por":"Lola Callej\u00f3n Aci\u00e9n","Tiempo de lectura":"7 minutos"},"schema":{"@context":"https:\/\/schema.org","@graph":[{"@type":["Article","BlogPosting"],"@id":"https:\/\/hojassueltas.es\/?p=29138#article","isPartOf":{"@id":"https:\/\/hojassueltas.es\/?p=29138"},"author":{"name":"Lola Callej\u00f3n Aci\u00e9n","@id":"https:\/\/hojassueltas.es\/#\/schema\/person\/4be183267eaebfdeee39ba9280459766"},"headline":"Atenci\u00f3n, puerros sueltos, de Pedro Casamayor","datePublished":"2026-04-26T22:00:07+00:00","mainEntityOfPage":{"@id":"https:\/\/hojassueltas.es\/?p=29138"},"wordCount":1410,"commentCount":0,"publisher":{"@id":"https:\/\/hojassueltas.es\/#organization"},"image":{"@id":"https:\/\/hojassueltas.es\/?p=29138#primaryimage"},"thumbnailUrl":"https:\/\/hojassueltas.es\/wp-content\/uploads\/2026\/04\/AnPedro-Casamayor_HS.png","keywords":["Lola Callej\u00f3n","Pedro Casamayor Rivas","Poes\u00eda"],"articleSection":["Entrevistas"],"inLanguage":"es","potentialAction":[{"@type":"CommentAction","name":"Comment","target":["https:\/\/hojassueltas.es\/?p=29138#respond"]}]},{"@type":"WebPage","@id":"https:\/\/hojassueltas.es\/?p=29138","url":"https:\/\/hojassueltas.es\/?p=29138","name":"Atenci\u00f3n, puerros sueltos, de Pedro Casamayor | Entrevistas | HOJAS SUELTAS Peri\u00f3dico Cultural","isPartOf":{"@id":"https:\/\/hojassueltas.es\/#website"},"primaryImageOfPage":{"@id":"https:\/\/hojassueltas.es\/?p=29138#primaryimage"},"image":{"@id":"https:\/\/hojassueltas.es\/?p=29138#primaryimage"},"thumbnailUrl":"https:\/\/hojassueltas.es\/wp-content\/uploads\/2026\/04\/AnPedro-Casamayor_HS.png","datePublished":"2026-04-26T22:00:07+00:00","description":"ENTREVISTAS a Pedro Casamayor Rivas, por Lola Callej\u00f3n (poetas)","breadcrumb":{"@id":"https:\/\/hojassueltas.es\/?p=29138#breadcrumb"},"inLanguage":"es","potentialAction":[{"@type":"ReadAction","target":["https:\/\/hojassueltas.es\/?p=29138"]}]},{"@type":"ImageObject","inLanguage":"es","@id":"https:\/\/hojassueltas.es\/?p=29138#primaryimage","url":"https:\/\/hojassueltas.es\/wp-content\/uploads\/2026\/04\/AnPedro-Casamayor_HS.png","contentUrl":"https:\/\/hojassueltas.es\/wp-content\/uploads\/2026\/04\/AnPedro-Casamayor_HS.png","width":1536,"height":1024},{"@type":"BreadcrumbList","@id":"https:\/\/hojassueltas.es\/?p=29138#breadcrumb","itemListElement":[{"@type":"ListItem","position":1,"name":"Portada","item":"https:\/\/hojassueltas.es\/"},{"@type":"ListItem","position":2,"name":"Atenci\u00f3n, puerros sueltos, de Pedro Casamayor"}]},{"@type":"WebSite","@id":"https:\/\/hojassueltas.es\/#website","url":"https:\/\/hojassueltas.es\/","name":"HojasSueltas.es","description":"GRANADA - Peri\u00f3dico Cultural","publisher":{"@id":"https:\/\/hojassueltas.es\/#organization"},"alternateName":"H.S. Periodico Cultural","potentialAction":[{"@type":"SearchAction","target":{"@type":"EntryPoint","urlTemplate":"https:\/\/hojassueltas.es\/?s={search_term_string}"},"query-input":{"@type":"PropertyValueSpecification","valueRequired":true,"valueName":"search_term_string"}}],"inLanguage":"es"},{"@type":"Organization","@id":"https:\/\/hojassueltas.es\/#organization","name":"HOJAS SUELTAS - Peri\u00f3dico Cultural","alternateName":"HS - HOJAS SUELTAS Peri\u00f3dico Cultural","url":"https:\/\/hojassueltas.es\/","logo":{"@type":"ImageObject","inLanguage":"es","@id":"https:\/\/hojassueltas.es\/#\/schema\/logo\/image\/","url":"https:\/\/hojassueltas.es\/wp-content\/uploads\/2025\/08\/Icono-HS_2.png","contentUrl":"https:\/\/hojassueltas.es\/wp-content\/uploads\/2025\/08\/Icono-HS_2.png","width":500,"height":500,"caption":"HOJAS SUELTAS - Peri\u00f3dico Cultural"},"image":{"@id":"https:\/\/hojassueltas.es\/#\/schema\/logo\/image\/"},"sameAs":["https:\/\/x.com\/HOJASSUELTAS22"]},{"@type":"Person","@id":"https:\/\/hojassueltas.es\/#\/schema\/person\/4be183267eaebfdeee39ba9280459766","name":"Lola Callej\u00f3n Aci\u00e9n","image":{"@type":"ImageObject","inLanguage":"es","@id":"https:\/\/hojassueltas.es\/wp-content\/uploads\/2023\/10\/Lola-callejon_web-96x96.jpg","url":"https:\/\/hojassueltas.es\/wp-content\/uploads\/2023\/10\/Lola-callejon_web-96x96.jpg","contentUrl":"https:\/\/hojassueltas.es\/wp-content\/uploads\/2023\/10\/Lola-callejon_web-96x96.jpg","caption":"Lola Callej\u00f3n Aci\u00e9n"},"description":"Es licenciada en Ciencias Biol\u00f3gicas. M\u00e1ster en Educaci\u00f3n Ambiental y Desarrollo Sostenible y Especialista Universitaria en Educaci\u00f3n Ambiental y Globalizaci\u00f3n: Educar para un Desarrollo Sostenible Global y Local. Actualmente es profesora en Granada, en centro p\u00fablico de la Junta de Andaluc\u00eda. Especialidad: Interpretaci\u00f3n y Educaci\u00f3n Ambiental. Ha publicado numerosos poemarios, as\u00ed como diversos libros y trabajos de investigaci\u00f3n medioambientales. Ha participado en diferentes encuentros y recitales po\u00e9ticos, entre los que destacamos: Quej\u00edo. Grito de mujer. C\u00f3rdoba. D\u00eda Mundial de la Poes\u00eda. Granada Ciudad de Literatura Unesco. Amanecer en la Alcazaba. Almer\u00eda. Voces del Extremo. Moguer (Huelva).","sameAs":["https:\/\/www.lolacallejonacien.es\/"],"url":"https:\/\/hojassueltas.es\/?author=56"}]}},"_links":{"self":[{"href":"https:\/\/hojassueltas.es\/index.php?rest_route=\/wp\/v2\/posts\/29138","targetHints":{"allow":["GET"]}}],"collection":[{"href":"https:\/\/hojassueltas.es\/index.php?rest_route=\/wp\/v2\/posts"}],"about":[{"href":"https:\/\/hojassueltas.es\/index.php?rest_route=\/wp\/v2\/types\/post"}],"author":[{"embeddable":true,"href":"https:\/\/hojassueltas.es\/index.php?rest_route=\/wp\/v2\/users\/56"}],"replies":[{"embeddable":true,"href":"https:\/\/hojassueltas.es\/index.php?rest_route=%2Fwp%2Fv2%2Fcomments&post=29138"}],"version-history":[{"count":2,"href":"https:\/\/hojassueltas.es\/index.php?rest_route=\/wp\/v2\/posts\/29138\/revisions"}],"predecessor-version":[{"id":29143,"href":"https:\/\/hojassueltas.es\/index.php?rest_route=\/wp\/v2\/posts\/29138\/revisions\/29143"}],"wp:featuredmedia":[{"embeddable":true,"href":"https:\/\/hojassueltas.es\/index.php?rest_route=\/wp\/v2\/media\/29141"}],"wp:attachment":[{"href":"https:\/\/hojassueltas.es\/index.php?rest_route=%2Fwp%2Fv2%2Fmedia&parent=29138"}],"wp:term":[{"taxonomy":"category","embeddable":true,"href":"https:\/\/hojassueltas.es\/index.php?rest_route=%2Fwp%2Fv2%2Fcategories&post=29138"},{"taxonomy":"post_tag","embeddable":true,"href":"https:\/\/hojassueltas.es\/index.php?rest_route=%2Fwp%2Fv2%2Ftags&post=29138"}],"curies":[{"name":"wp","href":"https:\/\/api.w.org\/{rel}","templated":true}]}}