{"id":29129,"date":"2026-04-27T00:00:20","date_gmt":"2026-04-26T22:00:20","guid":{"rendered":"https:\/\/hojassueltas.es\/?p=29129"},"modified":"2026-04-25T11:52:39","modified_gmt":"2026-04-25T09:52:39","slug":"resenas-literarias","status":"publish","type":"post","link":"https:\/\/hojassueltas.es\/?p=29129","title":{"rendered":"Rese\u00f1as literarias"},"content":{"rendered":"<p align=\"justify\"><span style=\"font-family: Georgia, serif;\"><span style=\"font-size: large;\">Cuando escribo una rese\u00f1a literaria, no la entiendo como una pieza menor, subsidiaria o meramente auxiliar del mundo del libro. Tampoco la veo como un tr\u00e1mite publicitario ni como un ejercicio ornamental de opini\u00f3n culta. La rese\u00f1a, cuando est\u00e1 bien hecha, ocupa un lugar delicado y decisivo: es una forma de lectura p\u00fablica que media entre una obra, su autor, el ecosistema editorial y los lectores. Esa mediaci\u00f3n exige juicio, responsabilidad y una cierta conciencia del lugar desde el que uno escribe. Por eso me interesa abordarla no como un g\u00e9nero menor del periodismo cultural, sino como una pr\u00e1ctica cr\u00edtica con implicaciones literarias y \u00e9ticas muy concretas.<\/span><\/span><\/p>\n<p align=\"justify\"><span style=\"font-family: Georgia, serif;\"><span style=\"font-size: large;\">A menudo se habla de las rese\u00f1as como si su principal funci\u00f3n fuera ayudar al lector a decidir una compra. Esa utilidad existe, desde luego, pero me parece insuficiente. Una rese\u00f1a no solo orienta el consumo cultural: tambi\u00e9n fija primeras interpretaciones, delimita marcos de lectura, subraya unas dimensiones del texto y relega otras, sit\u00faa una obra dentro de una tradici\u00f3n o fuera de ella, y contribuye a perfilar la imagen p\u00fablica de un autor. En algunos casos, incluso condiciona la conversaci\u00f3n posterior en torno al libro. Dicho de otro modo: la rese\u00f1a no es un comentario accesorio sobre una obra ya cerrada, sino una de las primeras formas de vida p\u00fablica de esa obra.<\/span><\/span><\/p>\n<p align=\"justify\"><span style=\"font-family: Georgia, serif;\"><span style=\"font-size: large;\">Para el autor, esta cuesti\u00f3n no es menor. Una rese\u00f1a puede funcionar como espejo, como contraste, como est\u00edmulo o como contrapeso. Puede confirmar intuiciones del propio escritor o revelar zonas ciegas del libro que quiz\u00e1 no eran evidentes para quien lo escribi\u00f3. Puede detectar una l\u00ednea de fuerza formal, una vacilaci\u00f3n de tono, una estructura mal resuelta, una soluci\u00f3n estil\u00edstica valiosa o un exceso ret\u00f3rico que el texto no consigue justificar. En ese sentido, la rese\u00f1a seria es \u00fatil al autor no porque lo elogie, sino porque lo lee de verdad. Y ser le\u00eddo de verdad, con atenci\u00f3n y con competencia, es mucho m\u00e1s valioso que recibir una sucesi\u00f3n de f\u00f3rmulas amables.<\/span><\/span><\/p>\n<p align=\"justify\"><span style=\"font-family: Georgia, serif;\"><span style=\"font-size: large;\">Conviene decirlo con claridad: una rese\u00f1a no est\u00e1 para proteger la autoestima del autor ni para engordar la maquinaria promocional del libro. Su deber no es consolar, recompensar o acompa\u00f1ar comercialmente una publicaci\u00f3n. Su deber es leer con rigor y formular un juicio argumentado. Eso no significa adoptar una postura hostil ni convertir la cr\u00edtica en un ejercicio de superioridad. Significa, m\u00e1s bien, asumir que la cortes\u00eda intelectual no consiste en suavizar el juicio, sino en fundamentarlo y expresarlo con precisi\u00f3n. La cr\u00edtica respetuosa no es la que elude las objeciones, sino la que las formula sin caricatura, sin sa\u00f1a y sin exhibicionismo.<\/span><\/span><\/p>\n<p align=\"justify\"><span style=\"font-family: Georgia, serif;\"><span style=\"font-size: large;\">En el contexto actual, este recordatorio me parece necesario. Vivimos en un ecosistema cultural donde la conversaci\u00f3n sobre libros est\u00e1 muy condicionada por la velocidad promocional, la dependencia de las novedades, la l\u00f3gica del impacto y, en no pocos casos, por la confusi\u00f3n entre prescripci\u00f3n, publicidad y cr\u00edtica. En ese marco, la rese\u00f1a corre el riesgo de diluirse en dos extremos igual de pobres: la benevolencia autom\u00e1tica o la descalificaci\u00f3n aparatosa. La primera convierte la cr\u00edtica en escaparate; la segunda la degrada en espect\u00e1culo. Ninguna de las dos responde a una \u00e9tica profesional aceptable.<\/span><\/span><\/p>\n<p align=\"justify\"><span style=\"font-family: Georgia, serif;\"><span style=\"font-size: large;\">Por eso, ante la pregunta de si las rese\u00f1as deben ser cr\u00edticas y correctas o, por el contrario, inclinadas a la alabanza, mi respuesta es inequ\u00edvoca: deben ser cr\u00edticas y correctas, y solo elogiosas cuando el libro ofrezca razones para ello. La alabanza no puede ser el punto de partida. Debe ser, en todo caso, una consecuencia de la lectura. Si se invierte ese orden, la rese\u00f1a deja de ser cr\u00edtica para convertirse en un acto de adhesi\u00f3n. Y la adhesi\u00f3n, en cr\u00edtica literaria, casi siempre empobrece la lectura.<\/span><\/span><\/p>\n<p align=\"justify\"><span style=\"font-family: Georgia, serif;\"><span style=\"font-size: large;\">La correcci\u00f3n, adem\u00e1s, merece ser entendida en un sentido amplio. No se trata \u00fanicamente de ser educado, aunque por supuesto la educaci\u00f3n importa. Se trata de mantener una proporcionalidad justa entre el juicio y sus argumentos; de distinguir entre la obra y la persona; de no deslizar prejuicios extraliterarios cuando no vienen al caso; de no utilizar la rese\u00f1a para saldar cuentas privadas, exhibir afinidades de grupo o castigar disidencias est\u00e9ticas. Tambi\u00e9n se trata de no atribuir al libro intenciones que no se sostienen en el texto. Una cr\u00edtica puede ser severa y, sin embargo, impecable en su \u00e9tica. Lo que la legitima no es la dureza ni la blandura, sino la exactitud.<\/span><\/span><\/p>\n<p align=\"justify\"><span style=\"font-family: Georgia, serif;\"><span style=\"font-size: large;\">Me interesa insistir en esta palabra: exactitud. La rese\u00f1a valiosa no es necesariamente la m\u00e1s brillante en superficie, sino la m\u00e1s ajustada en su lectura. Hay rese\u00f1as llenas de ingenio verbal que apenas tocan el n\u00facleo del libro. Y hay otras, m\u00e1s sobrias, que aciertan con notable precisi\u00f3n al identificar c\u00f3mo est\u00e1 construida una obra, qu\u00e9 busca, en qu\u00e9 tradici\u00f3n se inserta, d\u00f3nde falla o d\u00f3nde encuentra su singularidad. Como lector, yo prefiero siempre estas \u00faltimas. Y como cr\u00edtico, me parece que ah\u00ed est\u00e1 el verdadero trabajo: no en hacer literatura alrededor del libro ajeno, sino en iluminarlo con una lectura atenta.<\/span><\/span><\/p>\n<p align=\"justify\"><span style=\"font-family: Georgia, serif;\"><span style=\"font-size: large;\">Ese trabajo exige atender a varios niveles. Una buena rese\u00f1a no deber\u00eda limitarse a decir si un libro gusta o no gusta. Ese plano, siendo leg\u00edtimo, resulta insuficiente. Hay que preguntarse por la voz, por la estructura, por el manejo del punto de vista, por la densidad o pobreza del lenguaje, por la relaci\u00f3n entre forma y materia narrativa, por el ritmo, por la organizaci\u00f3n del tiempo, por el uso de la elipsis, por la calidad de los di\u00e1logos si los hay, por la consistencia de la mirada moral del texto. En poes\u00eda, adem\u00e1s, por la respiraci\u00f3n verbal, la imagen, la tensi\u00f3n r\u00edtmica, el grado de necesidad del poema. En ensayo, por la claridad conceptual, la arquitectura argumentativa y la pertinencia de su aparato reflexivo. Es decir: la rese\u00f1a debe entrar en la carpinter\u00eda del libro, no quedarse en la solapa.<\/span><\/span><\/p>\n<p align=\"justify\"><span style=\"font-family: Georgia, serif;\"><span style=\"font-size: large;\">Tambi\u00e9n debe situar la obra en un contexto. No para asfixiarla bajo una red de referencias, sino para ayudar a comprender qu\u00e9 conversaci\u00f3n literaria prolonga, discute o modifica. Ning\u00fan libro nace aislado. Todo libro dialoga, de manera expl\u00edcita o lateral, con otros textos, con formas heredadas, con corrientes de sensibilidad, con tradiciones nacionales o extranjeras, con marcos ideol\u00f3gicos y con expectativas de g\u00e9nero. La rese\u00f1a profesional tiene el deber de activar ese horizonte sin caer en el despliegue erudito gratuito. Su funci\u00f3n no es exhibir la biblioteca del rese\u00f1ista, sino ofrecer al lector una perspectiva m\u00e1s amplia y m\u00e1s n\u00edtida.<\/span><\/span><\/p>\n<p align=\"justify\"><span style=\"font-family: Georgia, serif;\"><span style=\"font-size: large;\">Ahora bien, el problema del tiempo a\u00f1ade una dificultad real. \u00bfCu\u00e1ndo conviene hacer una rese\u00f1a? \u00bfEn la inmediatez de la aparici\u00f3n del libro o despu\u00e9s de un cierto decantamiento? A mi juicio, no hay una respuesta \u00fanica, porque intervienen dos l\u00f3gicas distintas. La prensa cultural trabaja, en buena medida, con la novedad. El lector busca orientaciones sobre lo que acaba de aparecer; el sector editorial vive pendiente de calendarios, lanzamientos y ventanas de atenci\u00f3n. En ese sentido, la rese\u00f1a inmediata cumple una funci\u00f3n necesaria: introduce el libro en la conversaci\u00f3n p\u00fablica en el momento en que esa conversaci\u00f3n puede existir.<\/span><\/span><\/p>\n<p align=\"justify\"><span style=\"font-family: Georgia, serif;\"><span style=\"font-size: large;\">Pero la inmediatez tiene un coste. A veces empuja a leer demasiado deprisa, a escribir con una presi\u00f3n de actualidad que no siempre favorece la reflexi\u00f3n, o a formular juicios a\u00fan inmaduros sobre obras que necesitan reposo. Hay libros cuya primera lectura deslumbra y se desinfla en la memoria; otros, en cambio, ganan espesor con el tiempo y solo revelan plenamente su alcance despu\u00e9s de cierta sedimentaci\u00f3n. Esto ocurre especialmente con libros formalmente exigentes, ambiguos o poco complacientes, aquellos que no se agotan en la evidencia de su argumento ni en el impacto inicial de su tema.<\/span><\/span><\/p>\n<p align=\"justify\"><span style=\"font-family: Georgia, serif;\"><span style=\"font-size: large;\">Por eso prefiero distinguir entre la rese\u00f1a de actualidad y la cr\u00edtica de poslectura o de largo recorrido. La primera responde a una necesidad period\u00edstica leg\u00edtima: leer pronto, pensar con claridad y ofrecer una primera valoraci\u00f3n razonada. La segunda responde a una necesidad m\u00e1s literaria: volver sobre el libro una vez pasado el ruido de la novedad, cuando ya es posible medir mejor su resistencia, su profundidad, su alcance real. No son g\u00e9neros incompatibles; al contrario, deber\u00edan convivir. El problema surge cuando solo existe la primera y se da por suficiente. Entonces el sistema cultural se vuelve miope: ve lo que aparece, pero no discrimina bien lo que permanece.<\/span><\/span><\/p>\n<p align=\"justify\"><span style=\"font-family: Georgia, serif;\"><span style=\"font-size: large;\">Desde el punto de vista del autor, esta diferencia temporal tambi\u00e9n importa. Una rese\u00f1a inmediata puede influir en la recepci\u00f3n inicial del libro, en su circulaci\u00f3n, en su visibilidad y, en algunos casos, en su suerte comercial. Ese efecto no debe despreciarse, porque la vida material de los libros tambi\u00e9n forma parte de la cultura. Pero una lectura m\u00e1s demorada suele ser m\u00e1s valiosa para la obra en t\u00e9rminos de legado y de comprensi\u00f3n profunda. Muchas veces la cr\u00edtica que de verdad importa no es la primera, sino la que llega cuando el texto ya no depende de la campa\u00f1a de lanzamiento y puede ser le\u00eddo fuera del nerviosismo del mercado.<\/span><\/span><\/p>\n<p align=\"justify\"><span style=\"font-family: Georgia, serif;\"><span style=\"font-size: large;\">Hay, adem\u00e1s, una cuesti\u00f3n \u00e9tica que no conviene disimular. En \u00e1mbitos literarios peque\u00f1os o medianos, como ocurre con frecuencia en Espa\u00f1a, los v\u00ednculos personales, la proximidad entre autores, editores, cr\u00edticos y medios pueden enturbiar la independencia. No hablo solo de favoritismos evidentes; tambi\u00e9n de peque\u00f1as autocensuras, prudencias interesadas, silencios calculados o cr\u00edticas atenuadas para no incomodar a alguien cercano. La rese\u00f1a, precisamente por su aparente modestia, suele ser uno de los lugares donde estas distorsiones se notan con m\u00e1s claridad. Por eso el rese\u00f1ista debe ejercer una vigilancia \u00e9tica sobre s\u00ed mismo: saber desde d\u00f3nde escribe, qu\u00e9 relaciones pueden comprometer su juicio y cu\u00e1ndo es preferible abstenerse.<\/span><\/span><\/p>\n<p align=\"justify\"><span style=\"font-family: Georgia, serif;\"><span style=\"font-size: large;\">No menos problem\u00e1tica es la rese\u00f1a destructiva, esa que confunde el ejercicio del juicio con el placer de la humillaci\u00f3n. No la considero m\u00e1s libre que la rese\u00f1a complaciente; la considero, sencillamente, otra forma de irresponsabilidad. La cr\u00edtica no gana autoridad por ser cruel. La gana por ser justa. A veces la justicia obliga a se\u00f1alar con claridad que un libro es fallido, impostado, rutinario o superficial. Pero incluso entonces la tarea del cr\u00edtico no consiste en ridiculizar al autor, sino en explicar por qu\u00e9 el libro no se sostiene. Cuando la cr\u00edtica se transforma en escarnio, deja de iluminar la obra y empieza a servirse de ella para montar la escena del cr\u00edtico.<\/span><\/span><\/p>\n<p align=\"justify\"><span style=\"font-family: Georgia, serif;\"><span style=\"font-size: large;\">En el fondo, la rese\u00f1a literaria dice tanto de la cultura que la produce como del libro que comenta. All\u00ed se transparentan los criterios de valor que una comunidad acepta, discute o banaliza. Si predominan las rese\u00f1as reverenciales, cabe sospechar una cultura d\u00e9bilmente cr\u00edtica, sometida al mercado o al prestigio. Si predominan las rese\u00f1as vistosas y agresivas, quiz\u00e1 estemos ante una cultura que ha confundido el debate con la teatralizaci\u00f3n del conflicto. Solo cuando existen rese\u00f1as atentas, aut\u00f3nomas, razonadas y bien escritas puede hablarse de una esfera literaria verdaderamente adulta.<\/span><\/span><\/p>\n<p align=\"justify\"><span style=\"font-family: Georgia, serif;\"><span style=\"font-size: large;\">Yo sigo creyendo en esa posibilidad. Sigo pensando que la rese\u00f1a literaria puede ser una de las formas m\u00e1s honestas de servicio p\u00fablico dentro del periodismo cultural. Servicio al lector, porque lo orienta sin tratarlo como consumidor pasivo. Servicio al autor, porque le devuelve una lectura exigente en lugar de un aplauso rutinario. Servicio a la literatura, porque mantiene vivo el ejercicio del discernimiento. Y servicio a la conversaci\u00f3n cr\u00edtica, porque evita que todo quede reducido al entusiasmo autom\u00e1tico, a la afinidad tribal o a la fugacidad de la novedad.<\/span><\/span><\/p>\n<p align=\"justify\"><span style=\"font-family: Georgia, serif;\"><span style=\"font-size: large;\">Si tuviera que resumir mi posici\u00f3n, dir\u00eda lo siguiente: una rese\u00f1a no debe preguntar primero qu\u00e9 le conviene al autor, sino qu\u00e9 le debe al libro y al lector. Solo desde esa prioridad puede resultar \u00fatil tambi\u00e9n al autor. La rese\u00f1a valiosa no es la que halaga ni la que castiga, sino la que comprende, valora y argumenta. Y respecto al tiempo, defender\u00eda una doble temporalidad: la inmediatez responsable de la rese\u00f1a period\u00edstica y la demora reflexiva de la cr\u00edtica que vuelve sobre los libros cuando el ruido ya ha bajado. Necesitamos ambas. Sin la primera, la conversaci\u00f3n p\u00fablica se empobrece; sin la segunda, la literatura queda a merced del calendario editorial.<\/span><\/span><\/p>\n<p align=\"justify\"><span style=\"font-family: Georgia, serif;\"><span style=\"font-size: large;\">Mi impresi\u00f3n final es que el verdadero estado de salud de una cultura literaria no se mide solo por los libros que publica, sino por la calidad de las rese\u00f1as que es capaz de producir sobre ellos. All\u00ed donde la rese\u00f1a se vuelve propaganda o ajuste de cuentas, la literatura pierde un espacio esencial de verificaci\u00f3n p\u00fablica. Tal vez convendr\u00eda empezar a leer las rese\u00f1as no solo como textos sobre libros, sino como s\u00edntomas de un sistema cultural: de su independencia, de su madurez y de su capacidad para sostener una conversaci\u00f3n cr\u00edtica sin servidumbres ni imposturas.<\/span><\/span><\/p>\n<p align=\"justify\"><strong>\u00a9 Anxo do Rego<\/strong><\/p>\n<p align=\"justify\"><span style=\"font-size: 20px;\">Releer las rese\u00f1as literarias En HOJAS SUELTAS:\u00a0<\/span><\/p>\n<p align=\"justify\"><a href=\"https:\/\/hojassueltas.es\/?cat=74\"><span style=\"color: #ff0000;\"><strong>RESE\u00d1AS &#8211;<\/strong><\/span><\/a><\/p>\n<p align=\"justify\"><span style=\"color: #ff0000;\"><strong><a style=\"color: #ff0000;\" href=\"https:\/\/hojassueltas.es\/?cat=2604\">T\u00cdTULOS RESCATADOS<\/a><\/strong><\/span><\/p>\n<p align=\"justify\"><a href=\"https:\/\/hojassueltas.es\/?p=29083\"><span style=\"color: #ff0000;\"><strong>POR QU\u00c9 LEER<\/strong><\/span><\/a><\/p>\n<p align=\"justify\"><a href=\"https:\/\/hojassueltas.es\/?cat=2158\"><span style=\"color: #ff0000;\"><strong>MAESTROS DE LA NOVELA NEGRA<\/strong><\/span><\/a><\/p>\n<p align=\"justify\"><a href=\"https:\/\/hojassueltas.es\/?cat=2568\"><span style=\"color: #ff0000;\"><strong>ATLAS LITERARIO<\/strong><\/span><\/a><\/p>\n<p align=\"justify\"><a href=\"https:\/\/hojassueltas.es\/?cat=2792\"><span style=\"color: #ff0000;\"><strong>VENTANA DE ENSAYO CR\u00cdTICO<\/strong><\/span><\/a><\/p>\n","protected":false},"excerpt":{"rendered":"<p>Cuando escribo una rese\u00f1a literaria, no la entiendo como una pieza menor, subsidiaria o meramente auxiliar del mundo del libro. Tampoco la veo como un tr\u00e1mite publicitario ni como un ejercicio ornamental de opini\u00f3n culta. La rese\u00f1a, cuando est\u00e1 bien hecha, ocupa un lugar delicado y decisivo: es una forma de lectura p\u00fablica que media [&hellip;]<\/p>\n","protected":false},"author":18,"featured_media":29131,"comment_status":"open","ping_status":"closed","sticky":false,"template":"","format":"standard","meta":{"footnotes":""},"categories":[2258],"tags":[3333,3190,3330,3331,3216,3332,3329],"class_list":{"0":"post-29129","1":"post","2":"type-post","3":"status-publish","4":"format-standard","5":"has-post-thumbnail","7":"category-lente-critica","8":"tag-analisis-literario","9":"tag-critica-literaria","10":"tag-etica-de-la-resena","11":"tag-funcion-de-la-critica","12":"tag-periodismo-cultural","13":"tag-recepcion-de-la-obra","14":"tag-resenas-literarias"},"yoast_head":"<!-- This site is optimized with the Yoast SEO plugin v27.4 - https:\/\/yoast.com\/product\/yoast-seo-wordpress\/ -->\n<title>Rese\u00f1as literarias | LENTE CR\u00cdTICA | HOJAS SUELTAS Peri\u00f3dico Cultural<\/title>\n<meta name=\"description\" content=\"LENTE CR\u00cdTICA = Sigo pensando que la rese\u00f1a literaria puede ser una de las formas m\u00e1s honestas de servicio p\u00fablico dentro del periodismo cultural. Servicio al lector\" \/>\n<meta name=\"robots\" content=\"index, follow, max-snippet:-1, max-image-preview:large, max-video-preview:-1\" \/>\n<link rel=\"canonical\" href=\"https:\/\/hojassueltas.es\/?p=29129\" \/>\n<meta property=\"og:locale\" content=\"es_ES\" \/>\n<meta property=\"og:type\" content=\"article\" \/>\n<meta property=\"og:title\" content=\"Rese\u00f1as literarias | LENTE CR\u00cdTICA | HOJAS SUELTAS Peri\u00f3dico Cultural\" \/>\n<meta property=\"og:description\" content=\"LENTE CR\u00cdTICA = Sigo pensando que la rese\u00f1a literaria puede ser una de las formas m\u00e1s honestas de servicio p\u00fablico dentro del periodismo cultural. Servicio al lector\" \/>\n<meta property=\"og:url\" content=\"https:\/\/hojassueltas.es\/?p=29129\" \/>\n<meta property=\"og:site_name\" content=\"HOJAS SUELTAS Peri\u00f3dico Cultural\" \/>\n<meta property=\"article:author\" content=\"https:\/\/www.facebook.com\/anxodoregoescritor\/\" \/>\n<meta property=\"article:published_time\" content=\"2026-04-26T22:00:20+00:00\" \/>\n<meta property=\"og:image\" content=\"https:\/\/hojassueltas.es\/wp-content\/uploads\/2026\/04\/rESENAS-Literarias-_H.S-915x610.png\" \/>\n\t<meta property=\"og:image:width\" content=\"915\" \/>\n\t<meta property=\"og:image:height\" content=\"610\" \/>\n\t<meta property=\"og:image:type\" content=\"image\/png\" \/>\n<meta name=\"author\" content=\"Anxo do Rego\" \/>\n<meta name=\"twitter:card\" content=\"summary_large_image\" \/>\n<meta name=\"twitter:creator\" content=\"@HOJASSUELTAS22\" \/>\n<meta name=\"twitter:site\" content=\"@HOJASSUELTAS22\" \/>\n<meta name=\"twitter:label1\" content=\"Escrito por\" \/>\n\t<meta name=\"twitter:data1\" content=\"Anxo do Rego\" \/>\n\t<meta name=\"twitter:label2\" content=\"Tiempo de lectura\" \/>\n\t<meta name=\"twitter:data2\" content=\"10 minutos\" \/>\n<script type=\"application\/ld+json\" class=\"yoast-schema-graph\">{\"@context\":\"https:\\\/\\\/schema.org\",\"@graph\":[{\"@type\":[\"Article\",\"BlogPosting\"],\"@id\":\"https:\\\/\\\/hojassueltas.es\\\/?p=29129#article\",\"isPartOf\":{\"@id\":\"https:\\\/\\\/hojassueltas.es\\\/?p=29129\"},\"author\":{\"name\":\"Anxo do Rego\",\"@id\":\"https:\\\/\\\/hojassueltas.es\\\/#\\\/schema\\\/person\\\/cc93a1a1f7825a6e1d2c9bddd471a87c\"},\"headline\":\"Rese\u00f1as literarias\",\"datePublished\":\"2026-04-26T22:00:20+00:00\",\"mainEntityOfPage\":{\"@id\":\"https:\\\/\\\/hojassueltas.es\\\/?p=29129\"},\"wordCount\":2338,\"commentCount\":0,\"publisher\":{\"@id\":\"https:\\\/\\\/hojassueltas.es\\\/#organization\"},\"image\":{\"@id\":\"https:\\\/\\\/hojassueltas.es\\\/?p=29129#primaryimage\"},\"thumbnailUrl\":\"https:\\\/\\\/hojassueltas.es\\\/wp-content\\\/uploads\\\/2026\\\/04\\\/rESENAS-Literarias-_H.S.png\",\"keywords\":[\"an\u00e1lisis literario\",\"cr\u00edtica literaria\",\"\u00e9tica de la rese\u00f1a\",\"funci\u00f3n de la cr\u00edtica\",\"periodismo cultural\",\"recepci\u00f3n de la obra\",\"rese\u00f1as literarias\"],\"articleSection\":[\"LENTE CR\u00cdTICA\"],\"inLanguage\":\"es\",\"potentialAction\":[{\"@type\":\"CommentAction\",\"name\":\"Comment\",\"target\":[\"https:\\\/\\\/hojassueltas.es\\\/?p=29129#respond\"]}]},{\"@type\":\"WebPage\",\"@id\":\"https:\\\/\\\/hojassueltas.es\\\/?p=29129\",\"url\":\"https:\\\/\\\/hojassueltas.es\\\/?p=29129\",\"name\":\"Rese\u00f1as literarias | LENTE CR\u00cdTICA | HOJAS SUELTAS Peri\u00f3dico Cultural\",\"isPartOf\":{\"@id\":\"https:\\\/\\\/hojassueltas.es\\\/#website\"},\"primaryImageOfPage\":{\"@id\":\"https:\\\/\\\/hojassueltas.es\\\/?p=29129#primaryimage\"},\"image\":{\"@id\":\"https:\\\/\\\/hojassueltas.es\\\/?p=29129#primaryimage\"},\"thumbnailUrl\":\"https:\\\/\\\/hojassueltas.es\\\/wp-content\\\/uploads\\\/2026\\\/04\\\/rESENAS-Literarias-_H.S.png\",\"datePublished\":\"2026-04-26T22:00:20+00:00\",\"description\":\"LENTE CR\u00cdTICA = Sigo pensando que la rese\u00f1a literaria puede ser una de las formas m\u00e1s honestas de servicio p\u00fablico dentro del periodismo cultural. Servicio al lector\",\"breadcrumb\":{\"@id\":\"https:\\\/\\\/hojassueltas.es\\\/?p=29129#breadcrumb\"},\"inLanguage\":\"es\",\"potentialAction\":[{\"@type\":\"ReadAction\",\"target\":[\"https:\\\/\\\/hojassueltas.es\\\/?p=29129\"]}]},{\"@type\":\"ImageObject\",\"inLanguage\":\"es\",\"@id\":\"https:\\\/\\\/hojassueltas.es\\\/?p=29129#primaryimage\",\"url\":\"https:\\\/\\\/hojassueltas.es\\\/wp-content\\\/uploads\\\/2026\\\/04\\\/rESENAS-Literarias-_H.S.png\",\"contentUrl\":\"https:\\\/\\\/hojassueltas.es\\\/wp-content\\\/uploads\\\/2026\\\/04\\\/rESENAS-Literarias-_H.S.png\",\"width\":1920,\"height\":1280},{\"@type\":\"BreadcrumbList\",\"@id\":\"https:\\\/\\\/hojassueltas.es\\\/?p=29129#breadcrumb\",\"itemListElement\":[{\"@type\":\"ListItem\",\"position\":1,\"name\":\"Portada\",\"item\":\"https:\\\/\\\/hojassueltas.es\\\/\"},{\"@type\":\"ListItem\",\"position\":2,\"name\":\"Rese\u00f1as literarias\"}]},{\"@type\":\"WebSite\",\"@id\":\"https:\\\/\\\/hojassueltas.es\\\/#website\",\"url\":\"https:\\\/\\\/hojassueltas.es\\\/\",\"name\":\"HojasSueltas.es\",\"description\":\"GRANADA - Peri\u00f3dico Cultural\",\"publisher\":{\"@id\":\"https:\\\/\\\/hojassueltas.es\\\/#organization\"},\"alternateName\":\"H.S. Periodico Cultural\",\"potentialAction\":[{\"@type\":\"SearchAction\",\"target\":{\"@type\":\"EntryPoint\",\"urlTemplate\":\"https:\\\/\\\/hojassueltas.es\\\/?s={search_term_string}\"},\"query-input\":{\"@type\":\"PropertyValueSpecification\",\"valueRequired\":true,\"valueName\":\"search_term_string\"}}],\"inLanguage\":\"es\"},{\"@type\":\"Organization\",\"@id\":\"https:\\\/\\\/hojassueltas.es\\\/#organization\",\"name\":\"HOJAS SUELTAS - Peri\u00f3dico Cultural\",\"alternateName\":\"HS - HOJAS SUELTAS Peri\u00f3dico Cultural\",\"url\":\"https:\\\/\\\/hojassueltas.es\\\/\",\"logo\":{\"@type\":\"ImageObject\",\"inLanguage\":\"es\",\"@id\":\"https:\\\/\\\/hojassueltas.es\\\/#\\\/schema\\\/logo\\\/image\\\/\",\"url\":\"https:\\\/\\\/hojassueltas.es\\\/wp-content\\\/uploads\\\/2025\\\/08\\\/Icono-HS_2.png\",\"contentUrl\":\"https:\\\/\\\/hojassueltas.es\\\/wp-content\\\/uploads\\\/2025\\\/08\\\/Icono-HS_2.png\",\"width\":500,\"height\":500,\"caption\":\"HOJAS SUELTAS - Peri\u00f3dico Cultural\"},\"image\":{\"@id\":\"https:\\\/\\\/hojassueltas.es\\\/#\\\/schema\\\/logo\\\/image\\\/\"},\"sameAs\":[\"https:\\\/\\\/x.com\\\/HOJASSUELTAS22\"]},{\"@type\":\"Person\",\"@id\":\"https:\\\/\\\/hojassueltas.es\\\/#\\\/schema\\\/person\\\/cc93a1a1f7825a6e1d2c9bddd471a87c\",\"name\":\"Anxo do Rego\",\"image\":{\"@type\":\"ImageObject\",\"inLanguage\":\"es\",\"@id\":\"https:\\\/\\\/hojassueltas.es\\\/wp-content\\\/uploads\\\/2025\\\/02\\\/Anxo-do-Rego_2025-96x96.jpg\",\"url\":\"https:\\\/\\\/hojassueltas.es\\\/wp-content\\\/uploads\\\/2025\\\/02\\\/Anxo-do-Rego_2025-96x96.jpg\",\"contentUrl\":\"https:\\\/\\\/hojassueltas.es\\\/wp-content\\\/uploads\\\/2025\\\/02\\\/Anxo-do-Rego_2025-96x96.jpg\",\"caption\":\"Anxo do Rego\"},\"description\":\"Narrador. Fundador, director y editor de la extinta editorial PG Ediciones. Actualmente asesora y colabora en las editoriales: Editorial Skytale y Aldo Ediciones, del Grupo Editorial Regina Exlibris. Director y redactor del diario cultural Hojas Sueltas. Fundador en 2014 de una de las primeras revistas digitales del g\u00e9nero negro y policial \u00abSolo Novela Negra\u00bb. Participa en numerosas instituciones culturales. Su narrativa se sustenta principalmente en la novela polic\u00edaca con diecis\u00e9is t\u00edtulos del comisario del CNP, Roberto H.C. como protagonista, aunque realiza incursiones en otros g\u00e9neros literarios, tales como la ficci\u00f3n hist\u00f3rica, ciencia ficci\u00f3n, suspense y sentimentales. Mantiene su creatividad literaria con novelas, relatos, art\u00edculos, rese\u00f1as literarias y ensayos.\",\"sameAs\":[\"https:\\\/\\\/anxodorego.com\\\/\",\"https:\\\/\\\/www.facebook.com\\\/anxodoregoescritor\\\/\"],\"url\":\"https:\\\/\\\/hojassueltas.es\\\/?author=18\"}]}<\/script>\n<!-- \/ Yoast SEO plugin. -->","yoast_head_json":{"title":"Rese\u00f1as literarias | LENTE CR\u00cdTICA | HOJAS SUELTAS Peri\u00f3dico Cultural","description":"LENTE CR\u00cdTICA = Sigo pensando que la rese\u00f1a literaria puede ser una de las formas m\u00e1s honestas de servicio p\u00fablico dentro del periodismo cultural. Servicio al lector","robots":{"index":"index","follow":"follow","max-snippet":"max-snippet:-1","max-image-preview":"max-image-preview:large","max-video-preview":"max-video-preview:-1"},"canonical":"https:\/\/hojassueltas.es\/?p=29129","og_locale":"es_ES","og_type":"article","og_title":"Rese\u00f1as literarias | LENTE CR\u00cdTICA | HOJAS SUELTAS Peri\u00f3dico Cultural","og_description":"LENTE CR\u00cdTICA = Sigo pensando que la rese\u00f1a literaria puede ser una de las formas m\u00e1s honestas de servicio p\u00fablico dentro del periodismo cultural. Servicio al lector","og_url":"https:\/\/hojassueltas.es\/?p=29129","og_site_name":"HOJAS SUELTAS Peri\u00f3dico Cultural","article_author":"https:\/\/www.facebook.com\/anxodoregoescritor\/","article_published_time":"2026-04-26T22:00:20+00:00","og_image":[{"width":915,"height":610,"url":"https:\/\/hojassueltas.es\/wp-content\/uploads\/2026\/04\/rESENAS-Literarias-_H.S-915x610.png","type":"image\/png"}],"author":"Anxo do Rego","twitter_card":"summary_large_image","twitter_creator":"@HOJASSUELTAS22","twitter_site":"@HOJASSUELTAS22","twitter_misc":{"Escrito por":"Anxo do Rego","Tiempo de lectura":"10 minutos"},"schema":{"@context":"https:\/\/schema.org","@graph":[{"@type":["Article","BlogPosting"],"@id":"https:\/\/hojassueltas.es\/?p=29129#article","isPartOf":{"@id":"https:\/\/hojassueltas.es\/?p=29129"},"author":{"name":"Anxo do Rego","@id":"https:\/\/hojassueltas.es\/#\/schema\/person\/cc93a1a1f7825a6e1d2c9bddd471a87c"},"headline":"Rese\u00f1as literarias","datePublished":"2026-04-26T22:00:20+00:00","mainEntityOfPage":{"@id":"https:\/\/hojassueltas.es\/?p=29129"},"wordCount":2338,"commentCount":0,"publisher":{"@id":"https:\/\/hojassueltas.es\/#organization"},"image":{"@id":"https:\/\/hojassueltas.es\/?p=29129#primaryimage"},"thumbnailUrl":"https:\/\/hojassueltas.es\/wp-content\/uploads\/2026\/04\/rESENAS-Literarias-_H.S.png","keywords":["an\u00e1lisis literario","cr\u00edtica literaria","\u00e9tica de la rese\u00f1a","funci\u00f3n de la cr\u00edtica","periodismo cultural","recepci\u00f3n de la obra","rese\u00f1as literarias"],"articleSection":["LENTE CR\u00cdTICA"],"inLanguage":"es","potentialAction":[{"@type":"CommentAction","name":"Comment","target":["https:\/\/hojassueltas.es\/?p=29129#respond"]}]},{"@type":"WebPage","@id":"https:\/\/hojassueltas.es\/?p=29129","url":"https:\/\/hojassueltas.es\/?p=29129","name":"Rese\u00f1as literarias | LENTE CR\u00cdTICA | HOJAS SUELTAS Peri\u00f3dico Cultural","isPartOf":{"@id":"https:\/\/hojassueltas.es\/#website"},"primaryImageOfPage":{"@id":"https:\/\/hojassueltas.es\/?p=29129#primaryimage"},"image":{"@id":"https:\/\/hojassueltas.es\/?p=29129#primaryimage"},"thumbnailUrl":"https:\/\/hojassueltas.es\/wp-content\/uploads\/2026\/04\/rESENAS-Literarias-_H.S.png","datePublished":"2026-04-26T22:00:20+00:00","description":"LENTE CR\u00cdTICA = Sigo pensando que la rese\u00f1a literaria puede ser una de las formas m\u00e1s honestas de servicio p\u00fablico dentro del periodismo cultural. Servicio al lector","breadcrumb":{"@id":"https:\/\/hojassueltas.es\/?p=29129#breadcrumb"},"inLanguage":"es","potentialAction":[{"@type":"ReadAction","target":["https:\/\/hojassueltas.es\/?p=29129"]}]},{"@type":"ImageObject","inLanguage":"es","@id":"https:\/\/hojassueltas.es\/?p=29129#primaryimage","url":"https:\/\/hojassueltas.es\/wp-content\/uploads\/2026\/04\/rESENAS-Literarias-_H.S.png","contentUrl":"https:\/\/hojassueltas.es\/wp-content\/uploads\/2026\/04\/rESENAS-Literarias-_H.S.png","width":1920,"height":1280},{"@type":"BreadcrumbList","@id":"https:\/\/hojassueltas.es\/?p=29129#breadcrumb","itemListElement":[{"@type":"ListItem","position":1,"name":"Portada","item":"https:\/\/hojassueltas.es\/"},{"@type":"ListItem","position":2,"name":"Rese\u00f1as literarias"}]},{"@type":"WebSite","@id":"https:\/\/hojassueltas.es\/#website","url":"https:\/\/hojassueltas.es\/","name":"HojasSueltas.es","description":"GRANADA - Peri\u00f3dico Cultural","publisher":{"@id":"https:\/\/hojassueltas.es\/#organization"},"alternateName":"H.S. Periodico Cultural","potentialAction":[{"@type":"SearchAction","target":{"@type":"EntryPoint","urlTemplate":"https:\/\/hojassueltas.es\/?s={search_term_string}"},"query-input":{"@type":"PropertyValueSpecification","valueRequired":true,"valueName":"search_term_string"}}],"inLanguage":"es"},{"@type":"Organization","@id":"https:\/\/hojassueltas.es\/#organization","name":"HOJAS SUELTAS - Peri\u00f3dico Cultural","alternateName":"HS - HOJAS SUELTAS Peri\u00f3dico Cultural","url":"https:\/\/hojassueltas.es\/","logo":{"@type":"ImageObject","inLanguage":"es","@id":"https:\/\/hojassueltas.es\/#\/schema\/logo\/image\/","url":"https:\/\/hojassueltas.es\/wp-content\/uploads\/2025\/08\/Icono-HS_2.png","contentUrl":"https:\/\/hojassueltas.es\/wp-content\/uploads\/2025\/08\/Icono-HS_2.png","width":500,"height":500,"caption":"HOJAS SUELTAS - Peri\u00f3dico Cultural"},"image":{"@id":"https:\/\/hojassueltas.es\/#\/schema\/logo\/image\/"},"sameAs":["https:\/\/x.com\/HOJASSUELTAS22"]},{"@type":"Person","@id":"https:\/\/hojassueltas.es\/#\/schema\/person\/cc93a1a1f7825a6e1d2c9bddd471a87c","name":"Anxo do Rego","image":{"@type":"ImageObject","inLanguage":"es","@id":"https:\/\/hojassueltas.es\/wp-content\/uploads\/2025\/02\/Anxo-do-Rego_2025-96x96.jpg","url":"https:\/\/hojassueltas.es\/wp-content\/uploads\/2025\/02\/Anxo-do-Rego_2025-96x96.jpg","contentUrl":"https:\/\/hojassueltas.es\/wp-content\/uploads\/2025\/02\/Anxo-do-Rego_2025-96x96.jpg","caption":"Anxo do Rego"},"description":"Narrador. Fundador, director y editor de la extinta editorial PG Ediciones. Actualmente asesora y colabora en las editoriales: Editorial Skytale y Aldo Ediciones, del Grupo Editorial Regina Exlibris. Director y redactor del diario cultural Hojas Sueltas. Fundador en 2014 de una de las primeras revistas digitales del g\u00e9nero negro y policial \u00abSolo Novela Negra\u00bb. Participa en numerosas instituciones culturales. Su narrativa se sustenta principalmente en la novela polic\u00edaca con diecis\u00e9is t\u00edtulos del comisario del CNP, Roberto H.C. como protagonista, aunque realiza incursiones en otros g\u00e9neros literarios, tales como la ficci\u00f3n hist\u00f3rica, ciencia ficci\u00f3n, suspense y sentimentales. Mantiene su creatividad literaria con novelas, relatos, art\u00edculos, rese\u00f1as literarias y ensayos.","sameAs":["https:\/\/anxodorego.com\/","https:\/\/www.facebook.com\/anxodoregoescritor\/"],"url":"https:\/\/hojassueltas.es\/?author=18"}]}},"_links":{"self":[{"href":"https:\/\/hojassueltas.es\/index.php?rest_route=\/wp\/v2\/posts\/29129","targetHints":{"allow":["GET"]}}],"collection":[{"href":"https:\/\/hojassueltas.es\/index.php?rest_route=\/wp\/v2\/posts"}],"about":[{"href":"https:\/\/hojassueltas.es\/index.php?rest_route=\/wp\/v2\/types\/post"}],"author":[{"embeddable":true,"href":"https:\/\/hojassueltas.es\/index.php?rest_route=\/wp\/v2\/users\/18"}],"replies":[{"embeddable":true,"href":"https:\/\/hojassueltas.es\/index.php?rest_route=%2Fwp%2Fv2%2Fcomments&post=29129"}],"version-history":[{"count":3,"href":"https:\/\/hojassueltas.es\/index.php?rest_route=\/wp\/v2\/posts\/29129\/revisions"}],"predecessor-version":[{"id":29133,"href":"https:\/\/hojassueltas.es\/index.php?rest_route=\/wp\/v2\/posts\/29129\/revisions\/29133"}],"wp:featuredmedia":[{"embeddable":true,"href":"https:\/\/hojassueltas.es\/index.php?rest_route=\/wp\/v2\/media\/29131"}],"wp:attachment":[{"href":"https:\/\/hojassueltas.es\/index.php?rest_route=%2Fwp%2Fv2%2Fmedia&parent=29129"}],"wp:term":[{"taxonomy":"category","embeddable":true,"href":"https:\/\/hojassueltas.es\/index.php?rest_route=%2Fwp%2Fv2%2Fcategories&post=29129"},{"taxonomy":"post_tag","embeddable":true,"href":"https:\/\/hojassueltas.es\/index.php?rest_route=%2Fwp%2Fv2%2Ftags&post=29129"}],"curies":[{"name":"wp","href":"https:\/\/api.w.org\/{rel}","templated":true}]}}