{"id":29108,"date":"2026-04-25T00:00:14","date_gmt":"2026-04-24T22:00:14","guid":{"rendered":"https:\/\/hojassueltas.es\/?p=29108"},"modified":"2026-04-24T17:00:39","modified_gmt":"2026-04-24T15:00:39","slug":"la-marca-del-meridiano-de-lorenzo-silva-07","status":"publish","type":"post","link":"https:\/\/hojassueltas.es\/?p=29108","title":{"rendered":"La marca del meridiano, de Lorenzo Silva (07)"},"content":{"rendered":"<p align=\"justify\"><span style=\"font-family: Cambria Math, serif;\"><span style=\"font-size: large;\">En <em>La marca del meridiano<\/em>, Lorenzo Silva vuelve a situar a Rub\u00e9n Bevilacqua y Virginia Chamorro ante un caso que no se resuelve solo con m\u00e9todo policial. Como suele ocurrir en las mejores entregas de la serie, la investigaci\u00f3n importa, pero importa todav\u00eda m\u00e1s lo que deja al descubierto: una zona moral turbia, hecha de lealtades gastadas, culpas antiguas y decisiones tomadas en el peor momento. La novela, Premio Planeta 2012, pertenece de lleno a la novela negra, no tanto por la presencia de un crimen, sino por la manera en que ese crimen ilumina una sociedad enferma.<\/span><\/span><\/p>\n<p align=\"justify\"><span style=\"font-family: Cambria Math, serif;\"><span style=\"font-size: large;\">El punto de partida es contundente. Un guardia civil retirado aparece asesinado y colgado de un puente, en una puesta en escena humillante. La v\u00edctima no es un desconocido para Bevilacqua: fue alguien pr\u00f3ximo, casi una figura de formaci\u00f3n, un hombre vinculado a su pasado profesional y sentimental. Esa cercan\u00eda altera el pulso de la investigaci\u00f3n. Bevilacqua no se limita a reconstruir hechos; tambi\u00e9n se ve obligado a revisar una parte de s\u00ed mismo. La pesquisa se abre entonces hacia un territorio inc\u00f3modo: corrupci\u00f3n policial, delincuencia organizada, intereses econ\u00f3micos sucios y una red de relaciones personales donde el deber y el deseo han dejado marcas dif\u00edciles de borrar.<\/span><\/span><\/p>\n<p align=\"justify\"><span style=\"font-family: Cambria Math, serif;\"><span style=\"font-size: large;\">La localizaci\u00f3n catalana no es un mero decorado. Silva ambienta la novela en una Catalu\u00f1a contempor\u00e1nea reconocible, atravesada por tensiones sociales, pol\u00edticas y econ\u00f3micas, aunque sin convertir la narraci\u00f3n en un comentario coyuntural. Lo que le interesa es el terreno concreto donde se cruzan los cuerpos policiales, las jerarqu\u00edas, las viejas complicidades y los barrios en los que el dinero f\u00e1cil encuentra siempre una forma de circular. La idea del meridiano, adem\u00e1s, funciona como algo m\u00e1s que una referencia geogr\u00e1fica: marca una l\u00ednea divisoria, un antes y un despu\u00e9s en la conciencia de Bevilacqua. Hay fronteras f\u00edsicas, pero tambi\u00e9n fronteras morales.<\/span><\/span><\/p>\n<p align=\"justify\"><span style=\"font-family: Cambria Math, serif;\"><span style=\"font-size: large;\">He le\u00eddo esta novela como una de las entregas m\u00e1s introspectivas de la serie. En otras investigaciones de Bevilacqua y Chamorro predomina con m\u00e1s claridad el engranaje del caso; aqu\u00ed, en cambio, el crimen funciona como una grieta por la que entra el pasado. Bevilacqua se muestra m\u00e1s vulnerable, m\u00e1s expuesto. Su iron\u00eda habitual sigue ah\u00ed, pero tiene menos aire defensivo y m\u00e1s peso melanc\u00f3lico. No estamos ante el investigador c\u00ednico que observa el mundo desde una superioridad c\u00f3moda, sino ante un hombre que sabe que la experiencia no inmuniza contra el error. Esa humanidad del personaje es una de las razones por las que Silva ocupa un lugar singular dentro de la novela negra espa\u00f1ola.<\/span><\/span><\/p>\n<p align=\"justify\"><span style=\"font-family: Cambria Math, serif;\"><span style=\"font-size: large;\">La comparaci\u00f3n con otros autores del g\u00e9nero ayuda a situar la obra. De Manuel V\u00e1zquez Montalb\u00e1n, Silva hereda cierta voluntad de leer el pa\u00eds a trav\u00e9s del crimen, aunque Bevilacqua no posee la teatralidad culturalista de Carvalho ni su mirada tan abiertamente desencantada sobre la Transici\u00f3n y sus residuos. Con Juan Madrid comparte el inter\u00e9s por las zonas de contacto entre delincuencia, poder y dinero, pero Silva trabaja con una prosa menos \u00e1spera, m\u00e1s reflexiva, menos volcada en el golpe seco de la calle. Frente a la tradici\u00f3n norteamericana de Raymond Chandler o Dashiell Hammett, donde el detective se mueve en un mundo corrupto desde una soledad casi \u00e9pica, Bevilacqua pertenece a una instituci\u00f3n, tiene compa\u00f1eros, expedientes, procedimientos y l\u00edmites. Esa pertenencia no resta densidad negra a la novela; al contrario, la vuelve m\u00e1s inc\u00f3moda, porque obliga a preguntarse qu\u00e9 ocurre cuando la sombra aparece dentro del propio sistema encargado de combatirla.<\/span><\/span><\/p>\n<p align=\"justify\"><span style=\"font-family: Cambria Math, serif;\"><span style=\"font-size: large;\">El d\u00fao formado por Bevilacqua y Chamorro sigue siendo uno de los grandes aciertos formales de la serie. La relaci\u00f3n entre ambos ha madurado lejos del efectismo. Chamorro no es un simple contrapunto funcional, sino una presencia que ordena, matiza y a veces corrige la mirada de su superior. Silva construye entre los dos una complicidad sobria, hecha de silencios profesionales, confianza y una inteligencia compartida. Esa econom\u00eda emocional favorece la credibilidad de la novela. No hace falta subrayar cada v\u00ednculo; basta con dejar que los personajes se hablen como quienes llevan tiempo trabajando juntos.<\/span><\/span><\/p>\n<p align=\"justify\"><span style=\"font-family: Cambria Math, serif;\"><span style=\"font-size: large;\">En cuanto a la voz narrativa, la primera persona de Bevilacqua resulta decisiva. Su relato combina observaci\u00f3n policial, memoria personal y reflexi\u00f3n moral. Silva evita la pirotecnia verbal y se inclina por una prosa clara, de frase medida, con momentos de iron\u00eda seca y otros de introspecci\u00f3n contenida. A veces esa tendencia reflexiva ralentiza la acci\u00f3n, pero tambi\u00e9n le da a la novela su espesor. <em>La marca del meridiano<\/em> no busca \u00fanicamente mantener la intriga; quiere pensar qu\u00e9 clase de da\u00f1o produce una vida cuando se ha ido torciendo poco a poco. La estructura avanza con eficacia investigadora, aunque su verdadera tensi\u00f3n procede del desajuste entre lo que Bevilacqua descubre y lo que preferir\u00eda no tener que reconocer.<\/span><\/span><\/p>\n<p align=\"justify\"><span style=\"font-family: Cambria Math, serif;\"><span style=\"font-size: large;\">El lenguaje de Silva tiene una virtud poco frecuente: sabe sonar culto sin resultar impostado. Hay referencias, meditaciones y una cierta vocaci\u00f3n \u00e9tica, pero no se impone una solemnidad artificial. El narrador piensa, duda, se corrige. Esa manera de contar acerca la novela a una tradici\u00f3n espa\u00f1ola donde el crimen sirve para examinar la conciencia, no solo para ordenar pistas. Por eso la corrupci\u00f3n que aparece en el libro no es \u00fanicamente institucional. Tambi\u00e9n es \u00edntima. Afecta al modo en que una persona justifica sus renuncias, sus cobard\u00edas o sus pasiones.<\/span><\/span><\/p>\n<p align=\"justify\"><span style=\"font-family: Cambria Math, serif;\"><span style=\"font-size: large;\">Desde un punto de vista \u00e9tico, la novela plantea una cuesti\u00f3n inc\u00f3moda: hasta qu\u00e9 punto el amor, el deber o la necesidad pueden usarse como excusa para cruzar ciertas l\u00edneas. Silva no absuelve, pero tampoco juzga desde una altura moral incontaminada. Prefiere mirar a sus personajes en su contradicci\u00f3n, y ah\u00ed reside buena parte de la fuerza del libro. La v\u00edctima, los culpables y los investigadores forman parte de un mismo paisaje humano, donde nadie queda del todo al margen de la fragilidad.<\/span><\/span><\/p>\n<p align=\"justify\"><span style=\"font-family: Cambria Math, serif;\"><span style=\"font-size: large;\"><em>La marca del meridiano<\/em> es, en suma, una novela negra de madurez: menos interesada en el sobresalto que en la huella moral del crimen. Lorenzo Silva demuestra que el g\u00e9nero puede hablar de corrupci\u00f3n, memoria, deseo y responsabilidad sin abandonar el ritmo narrativo ni la precisi\u00f3n del oficio.<\/span><\/span><\/p>\n<p align=\"justify\"><span style=\"font-family: Cambria Math, serif;\"><span style=\"font-size: large;\">Una recomendaci\u00f3n para su lectura por lectores amantes del g\u00e9nero: conviene acercarse a esta novela no solo como a una investigaci\u00f3n criminal, sino como a un ajuste de cuentas \u00edntimo; quienes disfruten de una novela negra con personajes s\u00f3lidos, conflicto moral y mirada cr\u00edtica encontrar\u00e1n aqu\u00ed una de las entregas m\u00e1s hondas de Bevilacqua y Chamorro.<\/span><\/span><\/p>\n<p align=\"justify\"><strong>PUNTO Y SEGUIDO &#8211; Marcos G\u00f3mez-Puertas\u00a0<\/strong><\/p>\n","protected":false},"excerpt":{"rendered":"<p>En La marca del meridiano, Lorenzo Silva vuelve a situar a Rub\u00e9n Bevilacqua y Virginia Chamorro ante un caso que no se resuelve solo con m\u00e9todo policial. Como suele ocurrir en las mejores entregas de la serie, la investigaci\u00f3n importa, pero importa todav\u00eda m\u00e1s lo que deja al descubierto: una zona moral turbia, hecha de [&hellip;]<\/p>\n","protected":false},"author":94,"featured_media":29109,"comment_status":"open","ping_status":"closed","sticky":false,"template":"","format":"standard","meta":{"footnotes":""},"categories":[2213],"tags":[3320,3319,271,3309,3322,310,3321,3186],"class_list":{"0":"post-29108","1":"post","2":"type-post","3":"status-publish","4":"format-standard","5":"has-post-thumbnail","7":"category-lorenzo-silva","8":"tag-bevilacqua-y-chamorro","9":"tag-la-marca-del-meridiano","12":"tag-novela-policiaca-espanola","13":"tag-planeta-editorial","14":"tag-premio-planeta-2012","15":"tag-resena-literaria"},"yoast_head":"<!-- This site is optimized with the Yoast SEO plugin v27.4 - https:\/\/yoast.com\/product\/yoast-seo-wordpress\/ -->\n<title>La marca del meridiano, de Lorenzo Silva (07) | Lorenzo Silva | HOJAS SUELTAS Peri\u00f3dico Cultural<\/title>\n<meta name=\"description\" content=\"MAESTROS DE LA NOVELA NEGRA -Lorenzo Silva vuelve a situar a Rub\u00e9n Bevilacqua y Virginia Chamorro ante un caso que no se resuelve solo con m\u00e9todo policial. Como suele ocurrir en las mejores entregas de la serie\" \/>\n<meta name=\"robots\" content=\"index, follow, max-snippet:-1, max-image-preview:large, max-video-preview:-1\" \/>\n<link rel=\"canonical\" href=\"https:\/\/hojassueltas.es\/?p=29108\" \/>\n<meta property=\"og:locale\" content=\"es_ES\" \/>\n<meta property=\"og:type\" content=\"article\" \/>\n<meta property=\"og:title\" content=\"La marca del meridiano, de Lorenzo Silva (07) | Lorenzo Silva | HOJAS SUELTAS Peri\u00f3dico Cultural\" \/>\n<meta property=\"og:description\" content=\"MAESTROS DE LA NOVELA NEGRA -Lorenzo Silva vuelve a situar a Rub\u00e9n Bevilacqua y Virginia Chamorro ante un caso que no se resuelve solo con m\u00e9todo policial. Como suele ocurrir en las mejores entregas de la serie\" \/>\n<meta property=\"og:url\" content=\"https:\/\/hojassueltas.es\/?p=29108\" \/>\n<meta property=\"og:site_name\" content=\"HOJAS SUELTAS Peri\u00f3dico Cultural\" \/>\n<meta property=\"article:published_time\" content=\"2026-04-24T22:00:14+00:00\" \/>\n<meta property=\"og:image\" content=\"https:\/\/hojassueltas.es\/wp-content\/uploads\/2026\/04\/07_la-marca-del-meridiano_-H.S.png\" \/>\n\t<meta property=\"og:image:width\" content=\"1536\" \/>\n\t<meta property=\"og:image:height\" content=\"1024\" \/>\n\t<meta property=\"og:image:type\" content=\"image\/png\" \/>\n<meta name=\"author\" content=\"Punto y Seguido - Marcos G\u00f3mez-Puertas\" \/>\n<meta name=\"twitter:card\" content=\"summary_large_image\" \/>\n<meta name=\"twitter:creator\" content=\"@HOJASSUELTAS22\" \/>\n<meta name=\"twitter:site\" content=\"@HOJASSUELTAS22\" \/>\n<meta name=\"twitter:label1\" content=\"Escrito por\" \/>\n\t<meta name=\"twitter:data1\" content=\"Punto y Seguido - Marcos G\u00f3mez-Puertas\" \/>\n\t<meta name=\"twitter:label2\" content=\"Tiempo de lectura\" \/>\n\t<meta name=\"twitter:data2\" content=\"6 minutos\" \/>\n<script type=\"application\/ld+json\" class=\"yoast-schema-graph\">{\"@context\":\"https:\\\/\\\/schema.org\",\"@graph\":[{\"@type\":[\"Article\",\"BlogPosting\"],\"@id\":\"https:\\\/\\\/hojassueltas.es\\\/?p=29108#article\",\"isPartOf\":{\"@id\":\"https:\\\/\\\/hojassueltas.es\\\/?p=29108\"},\"author\":{\"name\":\"Punto y Seguido - Marcos G\u00f3mez-Puertas\",\"@id\":\"https:\\\/\\\/hojassueltas.es\\\/#\\\/schema\\\/person\\\/74898c937e096a898bdf112cf2f94879\"},\"headline\":\"La marca del meridiano, de Lorenzo Silva (07)\",\"datePublished\":\"2026-04-24T22:00:14+00:00\",\"mainEntityOfPage\":{\"@id\":\"https:\\\/\\\/hojassueltas.es\\\/?p=29108\"},\"wordCount\":1169,\"commentCount\":0,\"publisher\":{\"@id\":\"https:\\\/\\\/hojassueltas.es\\\/#organization\"},\"image\":{\"@id\":\"https:\\\/\\\/hojassueltas.es\\\/?p=29108#primaryimage\"},\"thumbnailUrl\":\"https:\\\/\\\/hojassueltas.es\\\/wp-content\\\/uploads\\\/2026\\\/04\\\/07_la-marca-del-meridiano_-H.S.png\",\"keywords\":[\"Bevilacqua y Chamorro\",\"La marca del meridiano\",\"Lorenzo Silva\",\"novela negra espa\u00f1ola\",\"novela polic\u00edaca espa\u00f1ola\",\"Planeta Editorial\",\"Premio Planeta 2012\",\"rese\u00f1a literaria\"],\"articleSection\":[\"Lorenzo Silva\"],\"inLanguage\":\"es\",\"potentialAction\":[{\"@type\":\"CommentAction\",\"name\":\"Comment\",\"target\":[\"https:\\\/\\\/hojassueltas.es\\\/?p=29108#respond\"]}]},{\"@type\":\"WebPage\",\"@id\":\"https:\\\/\\\/hojassueltas.es\\\/?p=29108\",\"url\":\"https:\\\/\\\/hojassueltas.es\\\/?p=29108\",\"name\":\"La marca del meridiano, de Lorenzo Silva (07) | Lorenzo Silva | HOJAS SUELTAS Peri\u00f3dico Cultural\",\"isPartOf\":{\"@id\":\"https:\\\/\\\/hojassueltas.es\\\/#website\"},\"primaryImageOfPage\":{\"@id\":\"https:\\\/\\\/hojassueltas.es\\\/?p=29108#primaryimage\"},\"image\":{\"@id\":\"https:\\\/\\\/hojassueltas.es\\\/?p=29108#primaryimage\"},\"thumbnailUrl\":\"https:\\\/\\\/hojassueltas.es\\\/wp-content\\\/uploads\\\/2026\\\/04\\\/07_la-marca-del-meridiano_-H.S.png\",\"datePublished\":\"2026-04-24T22:00:14+00:00\",\"description\":\"MAESTROS DE LA NOVELA NEGRA -Lorenzo Silva vuelve a situar a Rub\u00e9n Bevilacqua y Virginia Chamorro ante un caso que no se resuelve solo con m\u00e9todo policial. Como suele ocurrir en las mejores entregas de la serie\",\"breadcrumb\":{\"@id\":\"https:\\\/\\\/hojassueltas.es\\\/?p=29108#breadcrumb\"},\"inLanguage\":\"es\",\"potentialAction\":[{\"@type\":\"ReadAction\",\"target\":[\"https:\\\/\\\/hojassueltas.es\\\/?p=29108\"]}]},{\"@type\":\"ImageObject\",\"inLanguage\":\"es\",\"@id\":\"https:\\\/\\\/hojassueltas.es\\\/?p=29108#primaryimage\",\"url\":\"https:\\\/\\\/hojassueltas.es\\\/wp-content\\\/uploads\\\/2026\\\/04\\\/07_la-marca-del-meridiano_-H.S.png\",\"contentUrl\":\"https:\\\/\\\/hojassueltas.es\\\/wp-content\\\/uploads\\\/2026\\\/04\\\/07_la-marca-del-meridiano_-H.S.png\",\"width\":1536,\"height\":1024},{\"@type\":\"BreadcrumbList\",\"@id\":\"https:\\\/\\\/hojassueltas.es\\\/?p=29108#breadcrumb\",\"itemListElement\":[{\"@type\":\"ListItem\",\"position\":1,\"name\":\"Portada\",\"item\":\"https:\\\/\\\/hojassueltas.es\\\/\"},{\"@type\":\"ListItem\",\"position\":2,\"name\":\"La marca del meridiano, de Lorenzo Silva (07)\"}]},{\"@type\":\"WebSite\",\"@id\":\"https:\\\/\\\/hojassueltas.es\\\/#website\",\"url\":\"https:\\\/\\\/hojassueltas.es\\\/\",\"name\":\"HojasSueltas.es\",\"description\":\"GRANADA - Peri\u00f3dico Cultural\",\"publisher\":{\"@id\":\"https:\\\/\\\/hojassueltas.es\\\/#organization\"},\"alternateName\":\"H.S. Periodico Cultural\",\"potentialAction\":[{\"@type\":\"SearchAction\",\"target\":{\"@type\":\"EntryPoint\",\"urlTemplate\":\"https:\\\/\\\/hojassueltas.es\\\/?s={search_term_string}\"},\"query-input\":{\"@type\":\"PropertyValueSpecification\",\"valueRequired\":true,\"valueName\":\"search_term_string\"}}],\"inLanguage\":\"es\"},{\"@type\":\"Organization\",\"@id\":\"https:\\\/\\\/hojassueltas.es\\\/#organization\",\"name\":\"HOJAS SUELTAS - Peri\u00f3dico Cultural\",\"alternateName\":\"HS - HOJAS SUELTAS Peri\u00f3dico Cultural\",\"url\":\"https:\\\/\\\/hojassueltas.es\\\/\",\"logo\":{\"@type\":\"ImageObject\",\"inLanguage\":\"es\",\"@id\":\"https:\\\/\\\/hojassueltas.es\\\/#\\\/schema\\\/logo\\\/image\\\/\",\"url\":\"https:\\\/\\\/hojassueltas.es\\\/wp-content\\\/uploads\\\/2025\\\/08\\\/Icono-HS_2.png\",\"contentUrl\":\"https:\\\/\\\/hojassueltas.es\\\/wp-content\\\/uploads\\\/2025\\\/08\\\/Icono-HS_2.png\",\"width\":500,\"height\":500,\"caption\":\"HOJAS SUELTAS - Peri\u00f3dico Cultural\"},\"image\":{\"@id\":\"https:\\\/\\\/hojassueltas.es\\\/#\\\/schema\\\/logo\\\/image\\\/\"},\"sameAs\":[\"https:\\\/\\\/x.com\\\/HOJASSUELTAS22\"]},{\"@type\":\"Person\",\"@id\":\"https:\\\/\\\/hojassueltas.es\\\/#\\\/schema\\\/person\\\/74898c937e096a898bdf112cf2f94879\",\"name\":\"Punto y Seguido - Marcos G\u00f3mez-Puertas\",\"image\":{\"@type\":\"ImageObject\",\"inLanguage\":\"es\",\"@id\":\"https:\\\/\\\/hojassueltas.es\\\/wp-content\\\/uploads\\\/2026\\\/02\\\/Marcos-Gomez-Puertas_3-96x96.png\",\"url\":\"https:\\\/\\\/hojassueltas.es\\\/wp-content\\\/uploads\\\/2026\\\/02\\\/Marcos-Gomez-Puertas_3-96x96.png\",\"contentUrl\":\"https:\\\/\\\/hojassueltas.es\\\/wp-content\\\/uploads\\\/2026\\\/02\\\/Marcos-Gomez-Puertas_3-96x96.png\",\"caption\":\"Punto y Seguido - Marcos G\u00f3mez-Puertas\"},\"description\":\"Toledano. Psicologo. Escritor bajo seud\u00f3nimo de novelas de g\u00e9nero negro y suspense. Asiste, cuando su profesi\u00f3n se lo permite, a festivales noir. Lector apasionado, rese\u00f1a novelas de vez en cuando.\",\"url\":\"https:\\\/\\\/hojassueltas.es\\\/?author=94\"}]}<\/script>\n<!-- \/ Yoast SEO plugin. -->","yoast_head_json":{"title":"La marca del meridiano, de Lorenzo Silva (07) | Lorenzo Silva | HOJAS SUELTAS Peri\u00f3dico Cultural","description":"MAESTROS DE LA NOVELA NEGRA -Lorenzo Silva vuelve a situar a Rub\u00e9n Bevilacqua y Virginia Chamorro ante un caso que no se resuelve solo con m\u00e9todo policial. Como suele ocurrir en las mejores entregas de la serie","robots":{"index":"index","follow":"follow","max-snippet":"max-snippet:-1","max-image-preview":"max-image-preview:large","max-video-preview":"max-video-preview:-1"},"canonical":"https:\/\/hojassueltas.es\/?p=29108","og_locale":"es_ES","og_type":"article","og_title":"La marca del meridiano, de Lorenzo Silva (07) | Lorenzo Silva | HOJAS SUELTAS Peri\u00f3dico Cultural","og_description":"MAESTROS DE LA NOVELA NEGRA -Lorenzo Silva vuelve a situar a Rub\u00e9n Bevilacqua y Virginia Chamorro ante un caso que no se resuelve solo con m\u00e9todo policial. Como suele ocurrir en las mejores entregas de la serie","og_url":"https:\/\/hojassueltas.es\/?p=29108","og_site_name":"HOJAS SUELTAS Peri\u00f3dico Cultural","article_published_time":"2026-04-24T22:00:14+00:00","og_image":[{"width":1536,"height":1024,"url":"https:\/\/hojassueltas.es\/wp-content\/uploads\/2026\/04\/07_la-marca-del-meridiano_-H.S.png","type":"image\/png"}],"author":"Punto y Seguido - Marcos G\u00f3mez-Puertas","twitter_card":"summary_large_image","twitter_creator":"@HOJASSUELTAS22","twitter_site":"@HOJASSUELTAS22","twitter_misc":{"Escrito por":"Punto y Seguido - Marcos G\u00f3mez-Puertas","Tiempo de lectura":"6 minutos"},"schema":{"@context":"https:\/\/schema.org","@graph":[{"@type":["Article","BlogPosting"],"@id":"https:\/\/hojassueltas.es\/?p=29108#article","isPartOf":{"@id":"https:\/\/hojassueltas.es\/?p=29108"},"author":{"name":"Punto y Seguido - Marcos G\u00f3mez-Puertas","@id":"https:\/\/hojassueltas.es\/#\/schema\/person\/74898c937e096a898bdf112cf2f94879"},"headline":"La marca del meridiano, de Lorenzo Silva (07)","datePublished":"2026-04-24T22:00:14+00:00","mainEntityOfPage":{"@id":"https:\/\/hojassueltas.es\/?p=29108"},"wordCount":1169,"commentCount":0,"publisher":{"@id":"https:\/\/hojassueltas.es\/#organization"},"image":{"@id":"https:\/\/hojassueltas.es\/?p=29108#primaryimage"},"thumbnailUrl":"https:\/\/hojassueltas.es\/wp-content\/uploads\/2026\/04\/07_la-marca-del-meridiano_-H.S.png","keywords":["Bevilacqua y Chamorro","La marca del meridiano","Lorenzo Silva","novela negra espa\u00f1ola","novela polic\u00edaca espa\u00f1ola","Planeta Editorial","Premio Planeta 2012","rese\u00f1a literaria"],"articleSection":["Lorenzo Silva"],"inLanguage":"es","potentialAction":[{"@type":"CommentAction","name":"Comment","target":["https:\/\/hojassueltas.es\/?p=29108#respond"]}]},{"@type":"WebPage","@id":"https:\/\/hojassueltas.es\/?p=29108","url":"https:\/\/hojassueltas.es\/?p=29108","name":"La marca del meridiano, de Lorenzo Silva (07) | Lorenzo Silva | HOJAS SUELTAS Peri\u00f3dico Cultural","isPartOf":{"@id":"https:\/\/hojassueltas.es\/#website"},"primaryImageOfPage":{"@id":"https:\/\/hojassueltas.es\/?p=29108#primaryimage"},"image":{"@id":"https:\/\/hojassueltas.es\/?p=29108#primaryimage"},"thumbnailUrl":"https:\/\/hojassueltas.es\/wp-content\/uploads\/2026\/04\/07_la-marca-del-meridiano_-H.S.png","datePublished":"2026-04-24T22:00:14+00:00","description":"MAESTROS DE LA NOVELA NEGRA -Lorenzo Silva vuelve a situar a Rub\u00e9n Bevilacqua y Virginia Chamorro ante un caso que no se resuelve solo con m\u00e9todo policial. Como suele ocurrir en las mejores entregas de la serie","breadcrumb":{"@id":"https:\/\/hojassueltas.es\/?p=29108#breadcrumb"},"inLanguage":"es","potentialAction":[{"@type":"ReadAction","target":["https:\/\/hojassueltas.es\/?p=29108"]}]},{"@type":"ImageObject","inLanguage":"es","@id":"https:\/\/hojassueltas.es\/?p=29108#primaryimage","url":"https:\/\/hojassueltas.es\/wp-content\/uploads\/2026\/04\/07_la-marca-del-meridiano_-H.S.png","contentUrl":"https:\/\/hojassueltas.es\/wp-content\/uploads\/2026\/04\/07_la-marca-del-meridiano_-H.S.png","width":1536,"height":1024},{"@type":"BreadcrumbList","@id":"https:\/\/hojassueltas.es\/?p=29108#breadcrumb","itemListElement":[{"@type":"ListItem","position":1,"name":"Portada","item":"https:\/\/hojassueltas.es\/"},{"@type":"ListItem","position":2,"name":"La marca del meridiano, de Lorenzo Silva (07)"}]},{"@type":"WebSite","@id":"https:\/\/hojassueltas.es\/#website","url":"https:\/\/hojassueltas.es\/","name":"HojasSueltas.es","description":"GRANADA - Peri\u00f3dico Cultural","publisher":{"@id":"https:\/\/hojassueltas.es\/#organization"},"alternateName":"H.S. Periodico Cultural","potentialAction":[{"@type":"SearchAction","target":{"@type":"EntryPoint","urlTemplate":"https:\/\/hojassueltas.es\/?s={search_term_string}"},"query-input":{"@type":"PropertyValueSpecification","valueRequired":true,"valueName":"search_term_string"}}],"inLanguage":"es"},{"@type":"Organization","@id":"https:\/\/hojassueltas.es\/#organization","name":"HOJAS SUELTAS - Peri\u00f3dico Cultural","alternateName":"HS - HOJAS SUELTAS Peri\u00f3dico Cultural","url":"https:\/\/hojassueltas.es\/","logo":{"@type":"ImageObject","inLanguage":"es","@id":"https:\/\/hojassueltas.es\/#\/schema\/logo\/image\/","url":"https:\/\/hojassueltas.es\/wp-content\/uploads\/2025\/08\/Icono-HS_2.png","contentUrl":"https:\/\/hojassueltas.es\/wp-content\/uploads\/2025\/08\/Icono-HS_2.png","width":500,"height":500,"caption":"HOJAS SUELTAS - Peri\u00f3dico Cultural"},"image":{"@id":"https:\/\/hojassueltas.es\/#\/schema\/logo\/image\/"},"sameAs":["https:\/\/x.com\/HOJASSUELTAS22"]},{"@type":"Person","@id":"https:\/\/hojassueltas.es\/#\/schema\/person\/74898c937e096a898bdf112cf2f94879","name":"Punto y Seguido - Marcos G\u00f3mez-Puertas","image":{"@type":"ImageObject","inLanguage":"es","@id":"https:\/\/hojassueltas.es\/wp-content\/uploads\/2026\/02\/Marcos-Gomez-Puertas_3-96x96.png","url":"https:\/\/hojassueltas.es\/wp-content\/uploads\/2026\/02\/Marcos-Gomez-Puertas_3-96x96.png","contentUrl":"https:\/\/hojassueltas.es\/wp-content\/uploads\/2026\/02\/Marcos-Gomez-Puertas_3-96x96.png","caption":"Punto y Seguido - Marcos G\u00f3mez-Puertas"},"description":"Toledano. Psicologo. Escritor bajo seud\u00f3nimo de novelas de g\u00e9nero negro y suspense. Asiste, cuando su profesi\u00f3n se lo permite, a festivales noir. Lector apasionado, rese\u00f1a novelas de vez en cuando.","url":"https:\/\/hojassueltas.es\/?author=94"}]}},"_links":{"self":[{"href":"https:\/\/hojassueltas.es\/index.php?rest_route=\/wp\/v2\/posts\/29108","targetHints":{"allow":["GET"]}}],"collection":[{"href":"https:\/\/hojassueltas.es\/index.php?rest_route=\/wp\/v2\/posts"}],"about":[{"href":"https:\/\/hojassueltas.es\/index.php?rest_route=\/wp\/v2\/types\/post"}],"author":[{"embeddable":true,"href":"https:\/\/hojassueltas.es\/index.php?rest_route=\/wp\/v2\/users\/94"}],"replies":[{"embeddable":true,"href":"https:\/\/hojassueltas.es\/index.php?rest_route=%2Fwp%2Fv2%2Fcomments&post=29108"}],"version-history":[{"count":1,"href":"https:\/\/hojassueltas.es\/index.php?rest_route=\/wp\/v2\/posts\/29108\/revisions"}],"predecessor-version":[{"id":29110,"href":"https:\/\/hojassueltas.es\/index.php?rest_route=\/wp\/v2\/posts\/29108\/revisions\/29110"}],"wp:featuredmedia":[{"embeddable":true,"href":"https:\/\/hojassueltas.es\/index.php?rest_route=\/wp\/v2\/media\/29109"}],"wp:attachment":[{"href":"https:\/\/hojassueltas.es\/index.php?rest_route=%2Fwp%2Fv2%2Fmedia&parent=29108"}],"wp:term":[{"taxonomy":"category","embeddable":true,"href":"https:\/\/hojassueltas.es\/index.php?rest_route=%2Fwp%2Fv2%2Fcategories&post=29108"},{"taxonomy":"post_tag","embeddable":true,"href":"https:\/\/hojassueltas.es\/index.php?rest_route=%2Fwp%2Fv2%2Ftags&post=29108"}],"curies":[{"name":"wp","href":"https:\/\/api.w.org\/{rel}","templated":true}]}}