{"id":2817,"date":"2024-05-30T00:00:37","date_gmt":"2024-05-29T22:00:37","guid":{"rendered":"https:\/\/hojassueltas.es\/?p=2817"},"modified":"2025-12-11T17:06:11","modified_gmt":"2025-12-11T15:06:11","slug":"blanco-inmaculado","status":"publish","type":"post","link":"https:\/\/hojassueltas.es\/?p=2817","title":{"rendered":"Blanco inmaculado (Noelia Lorenzo Pino)"},"content":{"rendered":"<p style=\"text-align: justify;\">Sinopsis:<\/p>\n<p style=\"text-align: justify;\">Dedicados a la confecci\u00f3n de prendas artesanales inmaculadamente blancas, los Fritz son una comunidad-santuario al margen de la sociedad. Pero su vida ermita\u00f1a y pac\u00edfica se viene abajo cuando, tras un incendio en el caser\u00edo en el que viven al abrigo de los montes de Ir\u00fan, los bomberos hallan el cuerpo amordazado y sin vida de una chica de catorce a\u00f1os. A la Secci\u00f3n de Casos de la comisar\u00eda de la Ertzaintza no le quedar\u00e1 m\u00e1s remedio que lidiar con el hermetismo de sus miembros y las estrictas normas que se niegan a quebrantar. La oficial Lur de las Heras, una experimentada y prudente polic\u00eda limitada por una enfermedad que desde hace a\u00f1o la atormenta, y su nueva compa\u00f1era, la patrullera Maddi Blasco, una joven avispada y entusiasta, ser\u00e1n las encargadas de la investigaci\u00f3n; dos mujeres valientes y sensibles que pelear\u00e1n hasta el final para averiguar qui\u00e9n est\u00e1 detr\u00e1s del homicidio antes de que vuelva a derramarse sangre inocente.<\/p>\n<p style=\"text-align: justify;\">Tras el \u00e9xito cosechado con las novelas protagonizadas por Eider Chassereau y Jon Ander Macua, Noelia Lorenzo Pino da un salto editorial de primer orden, recalando en Plaza&amp;Janes, con una nueva historia policial ba\u00f1ada de tintes sociales.<\/p>\n<p style=\"text-align: justify;\">En este caso nos encontramos con Lur de las Heras, investigadora de La Secci\u00f3n de Casos de la Ertzaintza, y una compa\u00f1era patrullera que aparece de pronto en su vida, Maddi Blasco, de manera casual, para formar un d\u00fao que cargar\u00e1 sobre sus espaldas el peso espec\u00edfico de la novela. Un gran descubrimiento, no solo por sus caracteres contrarios pero complementarios, sino porque ambas mujeres sufren en sus carnes problemas personales, vitales, muy terrenales en los que cualquiera podr\u00eda verse representado. Un acierto que nos aproxima mucho a ellas.<\/p>\n<p style=\"text-align: justify;\">En cuanto a la trama, la autora nos lleva en esta ocasi\u00f3n a Ir\u00fan y a sus alrededores, mezclando la vida urbana con la rural, pues ser\u00e1 all\u00ed, en mitad del monte irun\u00e9s donde arranca la narraci\u00f3n, cuando un viejo caser\u00edo ardiendo deja a la luz el crimen de una muchacha de catorce a\u00f1os. La investigaci\u00f3n no ser\u00e1 una m\u00e1s para Lur y Maddi, entre otras cosas porque pronto se percatar\u00e1n de que la v\u00edctima formaba parte de una de las familias m\u00e1s extra\u00f1as, y en cierto modo m\u00e1s atractivas, de la zona: los Fritz.<\/p>\n<p style=\"text-align: justify;\">Los Fritz no son una familia al tipo, sino una especie de secta, desconectados de la vida actual, que viven sin apenas comodidades, dedic\u00e1ndose en cuerpo y alma a sacar adelante un negocio bastante boyante. Y hasta ah\u00ed puedo leer, porque en mi humilde opini\u00f3n ir descubriendo el qu\u00e9 son, adem\u00e1s del qu\u00e9 esconden los Fritz, es uno de los puntos fuertes de esta novela. Desde luego se nota el conocimiento, o el trabajo de investigaci\u00f3n llevado a cabo por la autora para modelar, de una manera consistente, tanto las estructuras como el comportamiento de todos sus miembros.<\/p>\n<p style=\"text-align: justify;\">Si a todo esto le a\u00f1adimos un tipo con posibles, cargado de un desmedido ego, que busca una justicia que nadie le ofrece, unos vecinos ariscos y herm\u00e9ticos, un polic\u00eda de bajos instintos y mediocre capacidad profesional, y un jefe bueno, pero un tanto paternalista, nos da como resultado una trama perfectamente cerrada, con giros inesperados, pero bien modulados para que resulten cre\u00edbles. Una historia negra de las de verdad.<\/p>\n<p style=\"text-align: justify;\">En definitiva, la \u00faltima novela de Noelia Lorenzo Pino, al igual que las anteriores, es una obra \u00e1gil, amena, que en todo momento aborda temas sociales, desde el punto de vista de las v\u00edctimas, pero tambi\u00e9n desde el de los investigadores, y que pone sobre la palestra un asunto un poco arrinconado en nuestra sociedad; esos grupos que todos conocemos, que hacen vida normal entre nosotros, pero que en cierto modo ignoramos, ya sea por miedo, dejadez, o por desinter\u00e9s, pero que cuando son noticia por alg\u00fan tema escabroso, nos empujan a la preocupaci\u00f3n y a la opini\u00f3n r\u00e1pida y en ocasiones, por qu\u00e9 no reconocerlo, desinformada.<\/p>\n<p style=\"text-align: justify;\">\u00a0\u00a0\u00a0\u00a0\u00a0\u00a0\u00a0\u00a0\u00a0\u00a0\u00a0 Los Txapela Noir deben estar tranquilos, porque el futuro est\u00e1 m\u00e1s que asegurado con obras como esta.<\/p>\n<p style=\"text-align: justify;\">Autora:<\/p>\n<p style=\"text-align: justify;\"><strong>Noelia Lorenzo Pino\u00a0<\/strong>(Irun, 1978) es profesora de Corte y Confecci\u00f3n de formaci\u00f3n. Su carrera profesional est\u00e1 ligada al mundo de la moda hasta que en 2013 publica\u00a0<em>Chamusquina<\/em>, su primera novela. Dos a\u00f1os m\u00e1s tarde ve la luz\u00a0<em>La sirena roja<\/em>\u00a0(Erein, 2015), donde nos presenta a la pareja de ertzainas Chassereau-Macua, quienes protagonizan cuatro novelas m\u00e1s:\u00a0<em>La chica olvidada<\/em>\u00a0(Erein, 2016),\u00a0<em>Corazones negros<\/em>\u00a0(Erein, 2018),\u00a0<em>La estrella de quince puntas<\/em>\u00a0(Erein, 2020) y<em>\u00a0Animales heridos\u00a0<\/em>(Travel Bug, 2021).<\/p>\n<p style=\"text-align: justify;\"><em>Corazones negros<\/em>\u00a0fue galardonada con el Premio Cubelles Noir a la mejor novela negra publicada ese a\u00f1o y finalista en Tenerife Noir, Salamanca Negra, Premios Novelpol, Tormo Negro y en el prestigioso Dashiell Hammett que se entrega en la Semana Negra de Gij\u00f3n.<\/p>\n<p style=\"text-align: justify;\">Adem\u00e1s de novela escribe literatura infantil. Ha publicado cuatro cuentos en euskera de la colecci\u00f3n Ane eta Moon.<\/p>\n<p style=\"text-align: justify;\">\u00a9 Eduardo Fern\u00e1n-L\u00f3pez<\/p>\n","protected":false},"excerpt":{"rendered":"<p>Sinopsis: Dedicados a la confecci\u00f3n de prendas artesanales inmaculadamente blancas, los Fritz son una comunidad-santuario al margen de la sociedad. Pero su vida ermita\u00f1a y pac\u00edfica se viene abajo cuando, tras un incendio en el caser\u00edo en el que viven al abrigo de los montes de Ir\u00fan, los bomberos hallan el cuerpo amordazado y sin [&hellip;]<\/p>\n","protected":false},"author":16,"featured_media":2819,"comment_status":"open","ping_status":"closed","sticky":false,"template":"","format":"standard","meta":{"footnotes":""},"categories":[1124,74],"tags":[367,368],"class_list":{"0":"post-2817","1":"post","2":"type-post","3":"status-publish","4":"format-standard","5":"has-post-thumbnail","7":"category-por-que-leer","8":"category-resenas","9":"tag-noelia-lorenzo","10":"tag-plaza-janes"},"yoast_head":"<!-- This site is optimized with the Yoast SEO plugin v27.4 - https:\/\/yoast.com\/product\/yoast-seo-wordpress\/ -->\n<title>Blanco inmaculado (Noelia Lorenzo Pino) | HOJAS SUELTAS Peri\u00f3dico Cultural<\/title>\n<meta name=\"description\" content=\"Una trama absorbente, un escenario \u00fanico, una pareja protagonista carism\u00e1tica y un final inesperado: Blanco inmaculado lo tiene todo para los amantes del thriller y la novela negra.\" \/>\n<meta name=\"robots\" content=\"index, follow, max-snippet:-1, max-image-preview:large, max-video-preview:-1\" \/>\n<link rel=\"canonical\" href=\"https:\/\/hojassueltas.es\/?p=2817\" \/>\n<meta property=\"og:locale\" content=\"es_ES\" \/>\n<meta property=\"og:type\" content=\"article\" \/>\n<meta property=\"og:title\" content=\"Blanco inmaculado (Noelia Lorenzo Pino) | HOJAS SUELTAS Peri\u00f3dico Cultural\" \/>\n<meta property=\"og:description\" content=\"Una trama absorbente, un escenario \u00fanico, una pareja protagonista carism\u00e1tica y un final inesperado: Blanco inmaculado lo tiene todo para los amantes del thriller y la novela negra.\" \/>\n<meta property=\"og:url\" content=\"https:\/\/hojassueltas.es\/?p=2817\" \/>\n<meta property=\"og:site_name\" content=\"HOJAS SUELTAS Peri\u00f3dico Cultural\" \/>\n<meta property=\"article:published_time\" content=\"2024-05-29T22:00:37+00:00\" \/>\n<meta property=\"article:modified_time\" content=\"2025-12-11T15:06:11+00:00\" \/>\n<meta property=\"og:image\" content=\"https:\/\/hojassueltas.es\/wp-content\/uploads\/2023\/03\/Blanco-inmaculado_web.png\" \/>\n\t<meta property=\"og:image:width\" content=\"1050\" \/>\n\t<meta property=\"og:image:height\" content=\"610\" \/>\n\t<meta property=\"og:image:type\" content=\"image\/png\" \/>\n<meta name=\"author\" content=\"Eduardo Fern\u00e1n-L\u00f3pez Malatesta\" \/>\n<meta name=\"twitter:card\" content=\"summary_large_image\" \/>\n<meta name=\"twitter:creator\" content=\"@HOJASSUELTAS22\" \/>\n<meta name=\"twitter:site\" content=\"@HOJASSUELTAS22\" \/>\n<meta name=\"twitter:label1\" content=\"Escrito por\" \/>\n\t<meta name=\"twitter:data1\" content=\"Eduardo Fern\u00e1n-L\u00f3pez Malatesta\" \/>\n\t<meta name=\"twitter:label2\" content=\"Tiempo de lectura\" \/>\n\t<meta name=\"twitter:data2\" content=\"4 minutos\" \/>\n<script type=\"application\/ld+json\" class=\"yoast-schema-graph\">{\"@context\":\"https:\\\/\\\/schema.org\",\"@graph\":[{\"@type\":[\"Article\",\"BlogPosting\"],\"@id\":\"https:\\\/\\\/hojassueltas.es\\\/?p=2817#article\",\"isPartOf\":{\"@id\":\"https:\\\/\\\/hojassueltas.es\\\/?p=2817\"},\"author\":{\"name\":\"Eduardo Fern\u00e1n-L\u00f3pez Malatesta\",\"@id\":\"https:\\\/\\\/hojassueltas.es\\\/#\\\/schema\\\/person\\\/a5d3e606bd30a7c60de59cc024ba3589\"},\"headline\":\"Blanco inmaculado (Noelia Lorenzo Pino)\",\"datePublished\":\"2024-05-29T22:00:37+00:00\",\"dateModified\":\"2025-12-11T15:06:11+00:00\",\"mainEntityOfPage\":{\"@id\":\"https:\\\/\\\/hojassueltas.es\\\/?p=2817\"},\"wordCount\":880,\"commentCount\":0,\"publisher\":{\"@id\":\"https:\\\/\\\/hojassueltas.es\\\/#organization\"},\"image\":{\"@id\":\"https:\\\/\\\/hojassueltas.es\\\/?p=2817#primaryimage\"},\"thumbnailUrl\":\"https:\\\/\\\/hojassueltas.es\\\/wp-content\\\/uploads\\\/2023\\\/03\\\/Blanco-inmaculado_web.png\",\"keywords\":[\"Noelia Lorenzo\",\"Plaza &amp; Jan\u00e9s\"],\"articleSection\":[\"POR QU\u00c9 LEER...\",\"RESE\u00d1AS\"],\"inLanguage\":\"es\",\"potentialAction\":[{\"@type\":\"CommentAction\",\"name\":\"Comment\",\"target\":[\"https:\\\/\\\/hojassueltas.es\\\/?p=2817#respond\"]}]},{\"@type\":\"WebPage\",\"@id\":\"https:\\\/\\\/hojassueltas.es\\\/?p=2817\",\"url\":\"https:\\\/\\\/hojassueltas.es\\\/?p=2817\",\"name\":\"Blanco inmaculado (Noelia Lorenzo Pino) | HOJAS SUELTAS Peri\u00f3dico Cultural\",\"isPartOf\":{\"@id\":\"https:\\\/\\\/hojassueltas.es\\\/#website\"},\"primaryImageOfPage\":{\"@id\":\"https:\\\/\\\/hojassueltas.es\\\/?p=2817#primaryimage\"},\"image\":{\"@id\":\"https:\\\/\\\/hojassueltas.es\\\/?p=2817#primaryimage\"},\"thumbnailUrl\":\"https:\\\/\\\/hojassueltas.es\\\/wp-content\\\/uploads\\\/2023\\\/03\\\/Blanco-inmaculado_web.png\",\"datePublished\":\"2024-05-29T22:00:37+00:00\",\"dateModified\":\"2025-12-11T15:06:11+00:00\",\"description\":\"Una trama absorbente, un escenario \u00fanico, una pareja protagonista carism\u00e1tica y un final inesperado: Blanco inmaculado lo tiene todo para los amantes del thriller y la novela negra.\",\"breadcrumb\":{\"@id\":\"https:\\\/\\\/hojassueltas.es\\\/?p=2817#breadcrumb\"},\"inLanguage\":\"es\",\"potentialAction\":[{\"@type\":\"ReadAction\",\"target\":[\"https:\\\/\\\/hojassueltas.es\\\/?p=2817\"]}]},{\"@type\":\"ImageObject\",\"inLanguage\":\"es\",\"@id\":\"https:\\\/\\\/hojassueltas.es\\\/?p=2817#primaryimage\",\"url\":\"https:\\\/\\\/hojassueltas.es\\\/wp-content\\\/uploads\\\/2023\\\/03\\\/Blanco-inmaculado_web.png\",\"contentUrl\":\"https:\\\/\\\/hojassueltas.es\\\/wp-content\\\/uploads\\\/2023\\\/03\\\/Blanco-inmaculado_web.png\",\"width\":1050,\"height\":610},{\"@type\":\"BreadcrumbList\",\"@id\":\"https:\\\/\\\/hojassueltas.es\\\/?p=2817#breadcrumb\",\"itemListElement\":[{\"@type\":\"ListItem\",\"position\":1,\"name\":\"Portada\",\"item\":\"https:\\\/\\\/hojassueltas.es\\\/\"},{\"@type\":\"ListItem\",\"position\":2,\"name\":\"Blanco inmaculado (Noelia Lorenzo Pino)\"}]},{\"@type\":\"WebSite\",\"@id\":\"https:\\\/\\\/hojassueltas.es\\\/#website\",\"url\":\"https:\\\/\\\/hojassueltas.es\\\/\",\"name\":\"HojasSueltas.es\",\"description\":\"GRANADA - Peri\u00f3dico Cultural\",\"publisher\":{\"@id\":\"https:\\\/\\\/hojassueltas.es\\\/#organization\"},\"alternateName\":\"H.S. Periodico Cultural\",\"potentialAction\":[{\"@type\":\"SearchAction\",\"target\":{\"@type\":\"EntryPoint\",\"urlTemplate\":\"https:\\\/\\\/hojassueltas.es\\\/?s={search_term_string}\"},\"query-input\":{\"@type\":\"PropertyValueSpecification\",\"valueRequired\":true,\"valueName\":\"search_term_string\"}}],\"inLanguage\":\"es\"},{\"@type\":\"Organization\",\"@id\":\"https:\\\/\\\/hojassueltas.es\\\/#organization\",\"name\":\"HOJAS SUELTAS - Peri\u00f3dico Cultural\",\"alternateName\":\"HS - HOJAS SUELTAS Peri\u00f3dico Cultural\",\"url\":\"https:\\\/\\\/hojassueltas.es\\\/\",\"logo\":{\"@type\":\"ImageObject\",\"inLanguage\":\"es\",\"@id\":\"https:\\\/\\\/hojassueltas.es\\\/#\\\/schema\\\/logo\\\/image\\\/\",\"url\":\"https:\\\/\\\/hojassueltas.es\\\/wp-content\\\/uploads\\\/2025\\\/08\\\/Icono-HS_2.png\",\"contentUrl\":\"https:\\\/\\\/hojassueltas.es\\\/wp-content\\\/uploads\\\/2025\\\/08\\\/Icono-HS_2.png\",\"width\":500,\"height\":500,\"caption\":\"HOJAS SUELTAS - Peri\u00f3dico Cultural\"},\"image\":{\"@id\":\"https:\\\/\\\/hojassueltas.es\\\/#\\\/schema\\\/logo\\\/image\\\/\"},\"sameAs\":[\"https:\\\/\\\/x.com\\\/HOJASSUELTAS22\"]},{\"@type\":\"Person\",\"@id\":\"https:\\\/\\\/hojassueltas.es\\\/#\\\/schema\\\/person\\\/a5d3e606bd30a7c60de59cc024ba3589\",\"name\":\"Eduardo Fern\u00e1n-L\u00f3pez Malatesta\",\"image\":{\"@type\":\"ImageObject\",\"inLanguage\":\"es\",\"@id\":\"https:\\\/\\\/hojassueltas.es\\\/wp-content\\\/uploads\\\/2023\\\/02\\\/Eduardo-Fernan_web-trans-96x96.png\",\"url\":\"https:\\\/\\\/hojassueltas.es\\\/wp-content\\\/uploads\\\/2023\\\/02\\\/Eduardo-Fernan_web-trans-96x96.png\",\"contentUrl\":\"https:\\\/\\\/hojassueltas.es\\\/wp-content\\\/uploads\\\/2023\\\/02\\\/Eduardo-Fernan_web-trans-96x96.png\",\"caption\":\"Eduardo Fern\u00e1n-L\u00f3pez Malatesta\"},\"description\":\"Doctor en Historia Contempor\u00e1nea y licenciado en Historia del Arte. Trabaja como gestor cultural y en los \u00faltimos a\u00f1os ha participado como ponente en diversos congresos y festivales de novela negra (Salamanca, Tenerife, Buenos Aires). La dentellada es su primera novela.\",\"url\":\"https:\\\/\\\/hojassueltas.es\\\/?author=16\"}]}<\/script>\n<!-- \/ Yoast SEO plugin. -->","yoast_head_json":{"title":"Blanco inmaculado (Noelia Lorenzo Pino) | HOJAS SUELTAS Peri\u00f3dico Cultural","description":"Una trama absorbente, un escenario \u00fanico, una pareja protagonista carism\u00e1tica y un final inesperado: Blanco inmaculado lo tiene todo para los amantes del thriller y la novela negra.","robots":{"index":"index","follow":"follow","max-snippet":"max-snippet:-1","max-image-preview":"max-image-preview:large","max-video-preview":"max-video-preview:-1"},"canonical":"https:\/\/hojassueltas.es\/?p=2817","og_locale":"es_ES","og_type":"article","og_title":"Blanco inmaculado (Noelia Lorenzo Pino) | HOJAS SUELTAS Peri\u00f3dico Cultural","og_description":"Una trama absorbente, un escenario \u00fanico, una pareja protagonista carism\u00e1tica y un final inesperado: Blanco inmaculado lo tiene todo para los amantes del thriller y la novela negra.","og_url":"https:\/\/hojassueltas.es\/?p=2817","og_site_name":"HOJAS SUELTAS Peri\u00f3dico Cultural","article_published_time":"2024-05-29T22:00:37+00:00","article_modified_time":"2025-12-11T15:06:11+00:00","og_image":[{"width":1050,"height":610,"url":"https:\/\/hojassueltas.es\/wp-content\/uploads\/2023\/03\/Blanco-inmaculado_web.png","type":"image\/png"}],"author":"Eduardo Fern\u00e1n-L\u00f3pez Malatesta","twitter_card":"summary_large_image","twitter_creator":"@HOJASSUELTAS22","twitter_site":"@HOJASSUELTAS22","twitter_misc":{"Escrito por":"Eduardo Fern\u00e1n-L\u00f3pez Malatesta","Tiempo de lectura":"4 minutos"},"schema":{"@context":"https:\/\/schema.org","@graph":[{"@type":["Article","BlogPosting"],"@id":"https:\/\/hojassueltas.es\/?p=2817#article","isPartOf":{"@id":"https:\/\/hojassueltas.es\/?p=2817"},"author":{"name":"Eduardo Fern\u00e1n-L\u00f3pez Malatesta","@id":"https:\/\/hojassueltas.es\/#\/schema\/person\/a5d3e606bd30a7c60de59cc024ba3589"},"headline":"Blanco inmaculado (Noelia Lorenzo Pino)","datePublished":"2024-05-29T22:00:37+00:00","dateModified":"2025-12-11T15:06:11+00:00","mainEntityOfPage":{"@id":"https:\/\/hojassueltas.es\/?p=2817"},"wordCount":880,"commentCount":0,"publisher":{"@id":"https:\/\/hojassueltas.es\/#organization"},"image":{"@id":"https:\/\/hojassueltas.es\/?p=2817#primaryimage"},"thumbnailUrl":"https:\/\/hojassueltas.es\/wp-content\/uploads\/2023\/03\/Blanco-inmaculado_web.png","keywords":["Noelia Lorenzo","Plaza &amp; Jan\u00e9s"],"articleSection":["POR QU\u00c9 LEER...","RESE\u00d1AS"],"inLanguage":"es","potentialAction":[{"@type":"CommentAction","name":"Comment","target":["https:\/\/hojassueltas.es\/?p=2817#respond"]}]},{"@type":"WebPage","@id":"https:\/\/hojassueltas.es\/?p=2817","url":"https:\/\/hojassueltas.es\/?p=2817","name":"Blanco inmaculado (Noelia Lorenzo Pino) | HOJAS SUELTAS Peri\u00f3dico Cultural","isPartOf":{"@id":"https:\/\/hojassueltas.es\/#website"},"primaryImageOfPage":{"@id":"https:\/\/hojassueltas.es\/?p=2817#primaryimage"},"image":{"@id":"https:\/\/hojassueltas.es\/?p=2817#primaryimage"},"thumbnailUrl":"https:\/\/hojassueltas.es\/wp-content\/uploads\/2023\/03\/Blanco-inmaculado_web.png","datePublished":"2024-05-29T22:00:37+00:00","dateModified":"2025-12-11T15:06:11+00:00","description":"Una trama absorbente, un escenario \u00fanico, una pareja protagonista carism\u00e1tica y un final inesperado: Blanco inmaculado lo tiene todo para los amantes del thriller y la novela negra.","breadcrumb":{"@id":"https:\/\/hojassueltas.es\/?p=2817#breadcrumb"},"inLanguage":"es","potentialAction":[{"@type":"ReadAction","target":["https:\/\/hojassueltas.es\/?p=2817"]}]},{"@type":"ImageObject","inLanguage":"es","@id":"https:\/\/hojassueltas.es\/?p=2817#primaryimage","url":"https:\/\/hojassueltas.es\/wp-content\/uploads\/2023\/03\/Blanco-inmaculado_web.png","contentUrl":"https:\/\/hojassueltas.es\/wp-content\/uploads\/2023\/03\/Blanco-inmaculado_web.png","width":1050,"height":610},{"@type":"BreadcrumbList","@id":"https:\/\/hojassueltas.es\/?p=2817#breadcrumb","itemListElement":[{"@type":"ListItem","position":1,"name":"Portada","item":"https:\/\/hojassueltas.es\/"},{"@type":"ListItem","position":2,"name":"Blanco inmaculado (Noelia Lorenzo Pino)"}]},{"@type":"WebSite","@id":"https:\/\/hojassueltas.es\/#website","url":"https:\/\/hojassueltas.es\/","name":"HojasSueltas.es","description":"GRANADA - Peri\u00f3dico Cultural","publisher":{"@id":"https:\/\/hojassueltas.es\/#organization"},"alternateName":"H.S. Periodico Cultural","potentialAction":[{"@type":"SearchAction","target":{"@type":"EntryPoint","urlTemplate":"https:\/\/hojassueltas.es\/?s={search_term_string}"},"query-input":{"@type":"PropertyValueSpecification","valueRequired":true,"valueName":"search_term_string"}}],"inLanguage":"es"},{"@type":"Organization","@id":"https:\/\/hojassueltas.es\/#organization","name":"HOJAS SUELTAS - Peri\u00f3dico Cultural","alternateName":"HS - HOJAS SUELTAS Peri\u00f3dico Cultural","url":"https:\/\/hojassueltas.es\/","logo":{"@type":"ImageObject","inLanguage":"es","@id":"https:\/\/hojassueltas.es\/#\/schema\/logo\/image\/","url":"https:\/\/hojassueltas.es\/wp-content\/uploads\/2025\/08\/Icono-HS_2.png","contentUrl":"https:\/\/hojassueltas.es\/wp-content\/uploads\/2025\/08\/Icono-HS_2.png","width":500,"height":500,"caption":"HOJAS SUELTAS - Peri\u00f3dico Cultural"},"image":{"@id":"https:\/\/hojassueltas.es\/#\/schema\/logo\/image\/"},"sameAs":["https:\/\/x.com\/HOJASSUELTAS22"]},{"@type":"Person","@id":"https:\/\/hojassueltas.es\/#\/schema\/person\/a5d3e606bd30a7c60de59cc024ba3589","name":"Eduardo Fern\u00e1n-L\u00f3pez Malatesta","image":{"@type":"ImageObject","inLanguage":"es","@id":"https:\/\/hojassueltas.es\/wp-content\/uploads\/2023\/02\/Eduardo-Fernan_web-trans-96x96.png","url":"https:\/\/hojassueltas.es\/wp-content\/uploads\/2023\/02\/Eduardo-Fernan_web-trans-96x96.png","contentUrl":"https:\/\/hojassueltas.es\/wp-content\/uploads\/2023\/02\/Eduardo-Fernan_web-trans-96x96.png","caption":"Eduardo Fern\u00e1n-L\u00f3pez Malatesta"},"description":"Doctor en Historia Contempor\u00e1nea y licenciado en Historia del Arte. Trabaja como gestor cultural y en los \u00faltimos a\u00f1os ha participado como ponente en diversos congresos y festivales de novela negra (Salamanca, Tenerife, Buenos Aires). La dentellada es su primera novela.","url":"https:\/\/hojassueltas.es\/?author=16"}]}},"_links":{"self":[{"href":"https:\/\/hojassueltas.es\/index.php?rest_route=\/wp\/v2\/posts\/2817","targetHints":{"allow":["GET"]}}],"collection":[{"href":"https:\/\/hojassueltas.es\/index.php?rest_route=\/wp\/v2\/posts"}],"about":[{"href":"https:\/\/hojassueltas.es\/index.php?rest_route=\/wp\/v2\/types\/post"}],"author":[{"embeddable":true,"href":"https:\/\/hojassueltas.es\/index.php?rest_route=\/wp\/v2\/users\/16"}],"replies":[{"embeddable":true,"href":"https:\/\/hojassueltas.es\/index.php?rest_route=%2Fwp%2Fv2%2Fcomments&post=2817"}],"version-history":[{"count":9,"href":"https:\/\/hojassueltas.es\/index.php?rest_route=\/wp\/v2\/posts\/2817\/revisions"}],"predecessor-version":[{"id":12735,"href":"https:\/\/hojassueltas.es\/index.php?rest_route=\/wp\/v2\/posts\/2817\/revisions\/12735"}],"wp:featuredmedia":[{"embeddable":true,"href":"https:\/\/hojassueltas.es\/index.php?rest_route=\/wp\/v2\/media\/2819"}],"wp:attachment":[{"href":"https:\/\/hojassueltas.es\/index.php?rest_route=%2Fwp%2Fv2%2Fmedia&parent=2817"}],"wp:term":[{"taxonomy":"category","embeddable":true,"href":"https:\/\/hojassueltas.es\/index.php?rest_route=%2Fwp%2Fv2%2Fcategories&post=2817"},{"taxonomy":"post_tag","embeddable":true,"href":"https:\/\/hojassueltas.es\/index.php?rest_route=%2Fwp%2Fv2%2Ftags&post=2817"}],"curies":[{"name":"wp","href":"https:\/\/api.w.org\/{rel}","templated":true}]}}