{"id":28073,"date":"2026-03-10T00:00:13","date_gmt":"2026-03-09T22:00:13","guid":{"rendered":"https:\/\/hojassueltas.es\/?p=28073"},"modified":"2026-03-20T17:28:20","modified_gmt":"2026-03-20T16:28:20","slug":"historia-de-la-literatura-espanola-contada-en-una-hora-de-toni-montesinos","status":"publish","type":"post","link":"https:\/\/hojassueltas.es\/?p=28073","title":{"rendered":"Historia de la literatura espa\u00f1ola contada en una hora, de Toni Montesinos"},"content":{"rendered":"<p align=\"justify\"><span style=\"font-family: Liberation Serif, serif;\"><span style=\"font-size: large;\">Esta<i> Historia de la literatura espa\u00f1ola contada en una hora<\/i>, que edita El Desvelo, y ha escrito Toni Montesinos, es un libro para tener siempre cerca, a la mano, en la mesa de trabajo de cada cual. Con una mezcla de profunda erudici\u00f3n y amenidad sarc\u00e1stica, tras d\u00e9cadas de lecturas y escrituras en torno a las letras universales, el autor, que en su d\u00eda se licenci\u00f3 en Filolog\u00eda Hisp\u00e1nica, aborda la historia de la literatura espa\u00f1ola sin prejuicios y rompiendo mitos. Y lo hace desde el alfa hasta el omega actual, desde los inicios casi cavernarios hasta ayer mismo. Un relato que abarca casi 170 p\u00e1ginas porque no necesita m\u00e1s. <\/span><\/span><\/p>\n<p align=\"justify\"><span style=\"font-family: Liberation Serif, serif;\"><span style=\"font-size: large;\">Desde las primeras manifestaciones en lengua castellana hasta el presente siglo, este libro propone un recorrido tan fulgurante como clarividente en torno a obras y autores de los que presumir: por encima de todo, el Siglo de Oro, cuyas genialidades necesitamos m\u00e1s que nunca: \u201c&#8230;el Siglo de Oro, que se aplica a un periodo de casi doscientos a\u00f1os \u2014desde la publicaci\u00f3n de la \u201cGram\u00e1tica castellana\u201d, de Nebrija, en 1492, hasta la muerte de Calder\u00f3n en 1681\u2014 en que sopla un hurac\u00e1n creativo constante. Un periodo este en que se forjan los moldes y se rompen a la vez, en que la serenidad de los frailes del XVI deviene un af\u00e1n por impresionar de manera tan bella como vehemente. De ah\u00ed que esa literatura explosiva te diga verdades a la cara con un poder de imaginaci\u00f3n metaf\u00f3rica y capacidad l\u00e9xica a\u00fan no superado. Hay contrastes tensos, un empe\u00f1o de artificiosidad y galanura, una insistencia en retratar el <i>tempus fugit<\/i>, en desenmascarar las apariencias vanas, en proyectar luces para desvelar las sombras que tiene el vivir. Qu\u00e9 m\u00e1s se le puede pedir a una literatura (&#8230;)\u201d. <\/span><\/span><\/p>\n<p align=\"justify\"><span style=\"font-family: Liberation Serif, serif;\"><span style=\"font-size: large;\">Quevedo, G\u00f3ngora y Lope de Vega son para Montesinos un \u201ctr\u00edo de genios revolucionar\u00e1 los g\u00e9neros: el primero mediante sus sonetos filos\u00f3ficos y amorosos y piezas de enorme sarcasmo; el segundo por medio de su barroquismo de trasfondo mitol\u00f3gico; el tercero, con una nueva concepci\u00f3n del teatro que a\u00fan hoy perdura. A lo que se a\u00f1adir\u00e1 otro dramaturgo de enigm\u00e1tica hondura, Calder\u00f3n de la Barca (&#8230;)\u201d, en diametral contraste con la centuria del diecinueve llena de \u201cmediocridad\u201d: \u201cEs risible hasta el hartazgo c\u00f3mo la historiograf\u00eda literaria ha querido dignificar a estos escritores por medios de ediciones cr\u00edticas o antolog\u00edas de textos que s\u00f3lo hacen que poner sal en la herida, si bien han intentado vendernos la moto de la importancia de tales intelectuales (&#8230;)\u201d, escribe el autor para quien Miguel Hern\u00e1ndez \u201cacaso en el mejor poeta espa\u00f1ol desde el Siglo de Oro (&#8230;) Un poeta para todos, para los que leen sus sonetos de una hondura metaf\u00f3rica inigualable o para los que leen la eleg\u00eda por su amigo Ram\u00f3n Sij\u00e9\u2026\u201d<\/span><\/span><\/p>\n<p align=\"justify\"><span style=\"font-family: Liberation Serif, serif;\"><span style=\"font-size: large;\">Un volumen que revisa el pasado literario haci\u00e9ndolo confluir con nuestro presente, poniendo el acento asimismo y el dedo sobre la llaga literaria: el declive actual de la literatura, la negligencia de los historiadores y cr\u00edticos, la escasa autoexigencia art\u00edstica por parte de los escritores y la conversi\u00f3n del libro en mero producto mercantil. <\/span><\/span><\/p>\n<p align=\"justify\"><span style=\"font-family: Liberation Serif, serif;\"><span style=\"font-size: large;\"><i>Historia de la literatura espa\u00f1ola contada en una hora<\/i> es, por lo tanto, una historia cr\u00edtica, una visi\u00f3n de la evoluci\u00f3n literaria del pa\u00eds que se encuadra dentro de una serie de historias que El Desvelo Ediciones est\u00e1 acometiendo y que empez\u00f3 con la alemana y tuvo continuidad con la argentina y la n\u00f3rdica.<\/span><\/span><\/p>\n<p align=\"justify\">Remitido por Editorial El Desvelo<\/p>\n<p align=\"justify\">PUNTO Y SEGUIDO &#8211; Beatriz Caso<\/p>\n","protected":false},"excerpt":{"rendered":"<p>Esta Historia de la literatura espa\u00f1ola contada en una hora, que edita El Desvelo, y ha escrito Toni Montesinos, es un libro para tener siempre cerca, a la mano, en la mesa de trabajo de cada cual. Con una mezcla de profunda erudici\u00f3n y amenidad sarc\u00e1stica, tras d\u00e9cadas de lecturas y escrituras en torno a [&hellip;]<\/p>\n","protected":false},"author":93,"featured_media":28074,"comment_status":"open","ping_status":"closed","sticky":false,"template":"","format":"standard","meta":{"footnotes":""},"categories":[2508],"tags":[2652,2917,2918,2919,2316],"class_list":{"0":"post-28073","1":"post","2":"type-post","3":"status-publish","4":"format-standard","5":"has-post-thumbnail","7":"category-novedad-editorial","8":"tag-el-desvelo-editorial","9":"tag-ensayo","10":"tag-historia","11":"tag-literatura","12":"tag-toni-montesinos"},"yoast_head":"<!-- This site is optimized with the Yoast SEO plugin v27.5 - https:\/\/yoast.com\/product\/yoast-seo-wordpress\/ -->\n<title>Historia de la literatura espa\u00f1ola contada en una hora, de Toni Montesinos | NOVEDAD EDITORIAL | HOJAS SUELTAS Peri\u00f3dico Cultural<\/title>\n<meta name=\"description\" content=\"NOVEDAD: Un volumen que revisa el pasado literario haci\u00e9ndolo confluir con nuestro presente, poniendo el acento asimismo y el dedo sobre la llaga literaria: el declive actual de la literatura, la negligencia de los historiadores y cr\u00edtico\" \/>\n<meta name=\"robots\" content=\"index, follow, max-snippet:-1, max-image-preview:large, max-video-preview:-1\" \/>\n<link rel=\"canonical\" href=\"https:\/\/hojassueltas.es\/?p=28073\" \/>\n<meta property=\"og:locale\" content=\"es_ES\" \/>\n<meta property=\"og:type\" content=\"article\" \/>\n<meta property=\"og:title\" content=\"Historia de la literatura espa\u00f1ola contada en una hora, de Toni Montesinos | NOVEDAD EDITORIAL | HOJAS SUELTAS Peri\u00f3dico Cultural\" \/>\n<meta property=\"og:description\" content=\"NOVEDAD: Un volumen que revisa el pasado literario haci\u00e9ndolo confluir con nuestro presente, poniendo el acento asimismo y el dedo sobre la llaga literaria: el declive actual de la literatura, la negligencia de los historiadores y cr\u00edtico\" \/>\n<meta property=\"og:url\" content=\"https:\/\/hojassueltas.es\/?p=28073\" \/>\n<meta property=\"og:site_name\" content=\"HOJAS SUELTAS Peri\u00f3dico Cultural\" \/>\n<meta property=\"article:published_time\" content=\"2026-03-09T22:00:13+00:00\" \/>\n<meta property=\"article:modified_time\" content=\"2026-03-20T16:28:20+00:00\" \/>\n<meta property=\"og:image\" content=\"https:\/\/hojassueltas.es\/wp-content\/uploads\/2026\/03\/hISTORIA-DE-LA-lITERATURA_-H.S.png\" \/>\n\t<meta property=\"og:image:width\" content=\"1920\" \/>\n\t<meta property=\"og:image:height\" content=\"1280\" \/>\n\t<meta property=\"og:image:type\" content=\"image\/png\" \/>\n<meta name=\"author\" content=\"Punto y Seguido - Beatriz Caso\" \/>\n<meta name=\"twitter:card\" content=\"summary_large_image\" \/>\n<meta name=\"twitter:creator\" content=\"@HOJASSUELTAS22\" \/>\n<meta name=\"twitter:site\" content=\"@HOJASSUELTAS22\" \/>\n<meta name=\"twitter:label1\" content=\"Escrito por\" \/>\n\t<meta name=\"twitter:data1\" content=\"Punto y Seguido - Beatriz Caso\" \/>\n\t<meta name=\"twitter:label2\" content=\"Tiempo de lectura\" \/>\n\t<meta name=\"twitter:data2\" content=\"3 minutos\" \/>\n<script type=\"application\/ld+json\" class=\"yoast-schema-graph\">{\"@context\":\"https:\\\/\\\/schema.org\",\"@graph\":[{\"@type\":[\"Article\",\"BlogPosting\"],\"@id\":\"https:\\\/\\\/hojassueltas.es\\\/?p=28073#article\",\"isPartOf\":{\"@id\":\"https:\\\/\\\/hojassueltas.es\\\/?p=28073\"},\"author\":{\"name\":\"Punto y Seguido - Beatriz Caso\",\"@id\":\"https:\\\/\\\/hojassueltas.es\\\/#\\\/schema\\\/person\\\/500f1cca52bc1720f164f55c1b4b616e\"},\"headline\":\"Historia de la literatura espa\u00f1ola contada en una hora, de Toni Montesinos\",\"datePublished\":\"2026-03-09T22:00:13+00:00\",\"dateModified\":\"2026-03-20T16:28:20+00:00\",\"mainEntityOfPage\":{\"@id\":\"https:\\\/\\\/hojassueltas.es\\\/?p=28073\"},\"wordCount\":642,\"commentCount\":0,\"publisher\":{\"@id\":\"https:\\\/\\\/hojassueltas.es\\\/#organization\"},\"image\":{\"@id\":\"https:\\\/\\\/hojassueltas.es\\\/?p=28073#primaryimage\"},\"thumbnailUrl\":\"https:\\\/\\\/hojassueltas.es\\\/wp-content\\\/uploads\\\/2026\\\/03\\\/hISTORIA-DE-LA-lITERATURA_-H.S.png\",\"keywords\":[\"El Desvelo Editorial\",\"ensayo\",\"historia\",\"literatura\",\"Toni Montesinos\"],\"articleSection\":[\"NOVEDAD EDITORIAL\"],\"inLanguage\":\"es\",\"potentialAction\":[{\"@type\":\"CommentAction\",\"name\":\"Comment\",\"target\":[\"https:\\\/\\\/hojassueltas.es\\\/?p=28073#respond\"]}]},{\"@type\":\"WebPage\",\"@id\":\"https:\\\/\\\/hojassueltas.es\\\/?p=28073\",\"url\":\"https:\\\/\\\/hojassueltas.es\\\/?p=28073\",\"name\":\"Historia de la literatura espa\u00f1ola contada en una hora, de Toni Montesinos | NOVEDAD EDITORIAL | HOJAS SUELTAS Peri\u00f3dico Cultural\",\"isPartOf\":{\"@id\":\"https:\\\/\\\/hojassueltas.es\\\/#website\"},\"primaryImageOfPage\":{\"@id\":\"https:\\\/\\\/hojassueltas.es\\\/?p=28073#primaryimage\"},\"image\":{\"@id\":\"https:\\\/\\\/hojassueltas.es\\\/?p=28073#primaryimage\"},\"thumbnailUrl\":\"https:\\\/\\\/hojassueltas.es\\\/wp-content\\\/uploads\\\/2026\\\/03\\\/hISTORIA-DE-LA-lITERATURA_-H.S.png\",\"datePublished\":\"2026-03-09T22:00:13+00:00\",\"dateModified\":\"2026-03-20T16:28:20+00:00\",\"description\":\"NOVEDAD: Un volumen que revisa el pasado literario haci\u00e9ndolo confluir con nuestro presente, poniendo el acento asimismo y el dedo sobre la llaga literaria: el declive actual de la literatura, la negligencia de los historiadores y cr\u00edtico\",\"breadcrumb\":{\"@id\":\"https:\\\/\\\/hojassueltas.es\\\/?p=28073#breadcrumb\"},\"inLanguage\":\"es\",\"potentialAction\":[{\"@type\":\"ReadAction\",\"target\":[\"https:\\\/\\\/hojassueltas.es\\\/?p=28073\"]}]},{\"@type\":\"ImageObject\",\"inLanguage\":\"es\",\"@id\":\"https:\\\/\\\/hojassueltas.es\\\/?p=28073#primaryimage\",\"url\":\"https:\\\/\\\/hojassueltas.es\\\/wp-content\\\/uploads\\\/2026\\\/03\\\/hISTORIA-DE-LA-lITERATURA_-H.S.png\",\"contentUrl\":\"https:\\\/\\\/hojassueltas.es\\\/wp-content\\\/uploads\\\/2026\\\/03\\\/hISTORIA-DE-LA-lITERATURA_-H.S.png\",\"width\":1920,\"height\":1280},{\"@type\":\"BreadcrumbList\",\"@id\":\"https:\\\/\\\/hojassueltas.es\\\/?p=28073#breadcrumb\",\"itemListElement\":[{\"@type\":\"ListItem\",\"position\":1,\"name\":\"Portada\",\"item\":\"https:\\\/\\\/hojassueltas.es\\\/\"},{\"@type\":\"ListItem\",\"position\":2,\"name\":\"Historia de la literatura espa\u00f1ola contada en una hora, de Toni Montesinos\"}]},{\"@type\":\"WebSite\",\"@id\":\"https:\\\/\\\/hojassueltas.es\\\/#website\",\"url\":\"https:\\\/\\\/hojassueltas.es\\\/\",\"name\":\"HojasSueltas.es\",\"description\":\"GRANADA - Peri\u00f3dico Cultural\",\"publisher\":{\"@id\":\"https:\\\/\\\/hojassueltas.es\\\/#organization\"},\"alternateName\":\"H.S. Periodico Cultural\",\"potentialAction\":[{\"@type\":\"SearchAction\",\"target\":{\"@type\":\"EntryPoint\",\"urlTemplate\":\"https:\\\/\\\/hojassueltas.es\\\/?s={search_term_string}\"},\"query-input\":{\"@type\":\"PropertyValueSpecification\",\"valueRequired\":true,\"valueName\":\"search_term_string\"}}],\"inLanguage\":\"es\"},{\"@type\":\"Organization\",\"@id\":\"https:\\\/\\\/hojassueltas.es\\\/#organization\",\"name\":\"HOJAS SUELTAS - Peri\u00f3dico Cultural\",\"alternateName\":\"HS - HOJAS SUELTAS Peri\u00f3dico Cultural\",\"url\":\"https:\\\/\\\/hojassueltas.es\\\/\",\"logo\":{\"@type\":\"ImageObject\",\"inLanguage\":\"es\",\"@id\":\"https:\\\/\\\/hojassueltas.es\\\/#\\\/schema\\\/logo\\\/image\\\/\",\"url\":\"https:\\\/\\\/hojassueltas.es\\\/wp-content\\\/uploads\\\/2025\\\/08\\\/Icono-HS_2.png\",\"contentUrl\":\"https:\\\/\\\/hojassueltas.es\\\/wp-content\\\/uploads\\\/2025\\\/08\\\/Icono-HS_2.png\",\"width\":500,\"height\":500,\"caption\":\"HOJAS SUELTAS - Peri\u00f3dico Cultural\"},\"image\":{\"@id\":\"https:\\\/\\\/hojassueltas.es\\\/#\\\/schema\\\/logo\\\/image\\\/\"},\"sameAs\":[\"https:\\\/\\\/x.com\\\/HOJASSUELTAS22\"]},{\"@type\":\"Person\",\"@id\":\"https:\\\/\\\/hojassueltas.es\\\/#\\\/schema\\\/person\\\/500f1cca52bc1720f164f55c1b4b616e\",\"name\":\"Punto y Seguido - Beatriz Caso\",\"image\":{\"@type\":\"ImageObject\",\"inLanguage\":\"es\",\"@id\":\"https:\\\/\\\/hojassueltas.es\\\/wp-content\\\/uploads\\\/2026\\\/02\\\/Beatriz-Caso_2-96x96.png\",\"url\":\"https:\\\/\\\/hojassueltas.es\\\/wp-content\\\/uploads\\\/2026\\\/02\\\/Beatriz-Caso_2-96x96.png\",\"contentUrl\":\"https:\\\/\\\/hojassueltas.es\\\/wp-content\\\/uploads\\\/2026\\\/02\\\/Beatriz-Caso_2-96x96.png\",\"caption\":\"Punto y Seguido - Beatriz Caso\"},\"description\":\"Leonesa. Bibliotecaria. Master en Bibliotecoeconom\u00eda. Prefiere mantener oculta su dedicaci\u00f3n profesional actual, raz\u00f3n por la que usa el seud\u00f3nimo con que firma sus trabajos en Hojas Sueltas dentro del equipo Punto y Seguido.\",\"url\":\"https:\\\/\\\/hojassueltas.es\\\/?author=93\"}]}<\/script>\n<!-- \/ Yoast SEO plugin. -->","yoast_head_json":{"title":"Historia de la literatura espa\u00f1ola contada en una hora, de Toni Montesinos | NOVEDAD EDITORIAL | HOJAS SUELTAS Peri\u00f3dico Cultural","description":"NOVEDAD: Un volumen que revisa el pasado literario haci\u00e9ndolo confluir con nuestro presente, poniendo el acento asimismo y el dedo sobre la llaga literaria: el declive actual de la literatura, la negligencia de los historiadores y cr\u00edtico","robots":{"index":"index","follow":"follow","max-snippet":"max-snippet:-1","max-image-preview":"max-image-preview:large","max-video-preview":"max-video-preview:-1"},"canonical":"https:\/\/hojassueltas.es\/?p=28073","og_locale":"es_ES","og_type":"article","og_title":"Historia de la literatura espa\u00f1ola contada en una hora, de Toni Montesinos | NOVEDAD EDITORIAL | HOJAS SUELTAS Peri\u00f3dico Cultural","og_description":"NOVEDAD: Un volumen que revisa el pasado literario haci\u00e9ndolo confluir con nuestro presente, poniendo el acento asimismo y el dedo sobre la llaga literaria: el declive actual de la literatura, la negligencia de los historiadores y cr\u00edtico","og_url":"https:\/\/hojassueltas.es\/?p=28073","og_site_name":"HOJAS SUELTAS Peri\u00f3dico Cultural","article_published_time":"2026-03-09T22:00:13+00:00","article_modified_time":"2026-03-20T16:28:20+00:00","og_image":[{"width":1920,"height":1280,"url":"https:\/\/hojassueltas.es\/wp-content\/uploads\/2026\/03\/hISTORIA-DE-LA-lITERATURA_-H.S.png","type":"image\/png"}],"author":"Punto y Seguido - Beatriz Caso","twitter_card":"summary_large_image","twitter_creator":"@HOJASSUELTAS22","twitter_site":"@HOJASSUELTAS22","twitter_misc":{"Escrito por":"Punto y Seguido - Beatriz Caso","Tiempo de lectura":"3 minutos"},"schema":{"@context":"https:\/\/schema.org","@graph":[{"@type":["Article","BlogPosting"],"@id":"https:\/\/hojassueltas.es\/?p=28073#article","isPartOf":{"@id":"https:\/\/hojassueltas.es\/?p=28073"},"author":{"name":"Punto y Seguido - Beatriz Caso","@id":"https:\/\/hojassueltas.es\/#\/schema\/person\/500f1cca52bc1720f164f55c1b4b616e"},"headline":"Historia de la literatura espa\u00f1ola contada en una hora, de Toni Montesinos","datePublished":"2026-03-09T22:00:13+00:00","dateModified":"2026-03-20T16:28:20+00:00","mainEntityOfPage":{"@id":"https:\/\/hojassueltas.es\/?p=28073"},"wordCount":642,"commentCount":0,"publisher":{"@id":"https:\/\/hojassueltas.es\/#organization"},"image":{"@id":"https:\/\/hojassueltas.es\/?p=28073#primaryimage"},"thumbnailUrl":"https:\/\/hojassueltas.es\/wp-content\/uploads\/2026\/03\/hISTORIA-DE-LA-lITERATURA_-H.S.png","keywords":["El Desvelo Editorial","ensayo","historia","literatura","Toni Montesinos"],"articleSection":["NOVEDAD EDITORIAL"],"inLanguage":"es","potentialAction":[{"@type":"CommentAction","name":"Comment","target":["https:\/\/hojassueltas.es\/?p=28073#respond"]}]},{"@type":"WebPage","@id":"https:\/\/hojassueltas.es\/?p=28073","url":"https:\/\/hojassueltas.es\/?p=28073","name":"Historia de la literatura espa\u00f1ola contada en una hora, de Toni Montesinos | NOVEDAD EDITORIAL | HOJAS SUELTAS Peri\u00f3dico Cultural","isPartOf":{"@id":"https:\/\/hojassueltas.es\/#website"},"primaryImageOfPage":{"@id":"https:\/\/hojassueltas.es\/?p=28073#primaryimage"},"image":{"@id":"https:\/\/hojassueltas.es\/?p=28073#primaryimage"},"thumbnailUrl":"https:\/\/hojassueltas.es\/wp-content\/uploads\/2026\/03\/hISTORIA-DE-LA-lITERATURA_-H.S.png","datePublished":"2026-03-09T22:00:13+00:00","dateModified":"2026-03-20T16:28:20+00:00","description":"NOVEDAD: Un volumen que revisa el pasado literario haci\u00e9ndolo confluir con nuestro presente, poniendo el acento asimismo y el dedo sobre la llaga literaria: el declive actual de la literatura, la negligencia de los historiadores y cr\u00edtico","breadcrumb":{"@id":"https:\/\/hojassueltas.es\/?p=28073#breadcrumb"},"inLanguage":"es","potentialAction":[{"@type":"ReadAction","target":["https:\/\/hojassueltas.es\/?p=28073"]}]},{"@type":"ImageObject","inLanguage":"es","@id":"https:\/\/hojassueltas.es\/?p=28073#primaryimage","url":"https:\/\/hojassueltas.es\/wp-content\/uploads\/2026\/03\/hISTORIA-DE-LA-lITERATURA_-H.S.png","contentUrl":"https:\/\/hojassueltas.es\/wp-content\/uploads\/2026\/03\/hISTORIA-DE-LA-lITERATURA_-H.S.png","width":1920,"height":1280},{"@type":"BreadcrumbList","@id":"https:\/\/hojassueltas.es\/?p=28073#breadcrumb","itemListElement":[{"@type":"ListItem","position":1,"name":"Portada","item":"https:\/\/hojassueltas.es\/"},{"@type":"ListItem","position":2,"name":"Historia de la literatura espa\u00f1ola contada en una hora, de Toni Montesinos"}]},{"@type":"WebSite","@id":"https:\/\/hojassueltas.es\/#website","url":"https:\/\/hojassueltas.es\/","name":"HojasSueltas.es","description":"GRANADA - Peri\u00f3dico Cultural","publisher":{"@id":"https:\/\/hojassueltas.es\/#organization"},"alternateName":"H.S. Periodico Cultural","potentialAction":[{"@type":"SearchAction","target":{"@type":"EntryPoint","urlTemplate":"https:\/\/hojassueltas.es\/?s={search_term_string}"},"query-input":{"@type":"PropertyValueSpecification","valueRequired":true,"valueName":"search_term_string"}}],"inLanguage":"es"},{"@type":"Organization","@id":"https:\/\/hojassueltas.es\/#organization","name":"HOJAS SUELTAS - Peri\u00f3dico Cultural","alternateName":"HS - HOJAS SUELTAS Peri\u00f3dico Cultural","url":"https:\/\/hojassueltas.es\/","logo":{"@type":"ImageObject","inLanguage":"es","@id":"https:\/\/hojassueltas.es\/#\/schema\/logo\/image\/","url":"https:\/\/hojassueltas.es\/wp-content\/uploads\/2025\/08\/Icono-HS_2.png","contentUrl":"https:\/\/hojassueltas.es\/wp-content\/uploads\/2025\/08\/Icono-HS_2.png","width":500,"height":500,"caption":"HOJAS SUELTAS - Peri\u00f3dico Cultural"},"image":{"@id":"https:\/\/hojassueltas.es\/#\/schema\/logo\/image\/"},"sameAs":["https:\/\/x.com\/HOJASSUELTAS22"]},{"@type":"Person","@id":"https:\/\/hojassueltas.es\/#\/schema\/person\/500f1cca52bc1720f164f55c1b4b616e","name":"Punto y Seguido - Beatriz Caso","image":{"@type":"ImageObject","inLanguage":"es","@id":"https:\/\/hojassueltas.es\/wp-content\/uploads\/2026\/02\/Beatriz-Caso_2-96x96.png","url":"https:\/\/hojassueltas.es\/wp-content\/uploads\/2026\/02\/Beatriz-Caso_2-96x96.png","contentUrl":"https:\/\/hojassueltas.es\/wp-content\/uploads\/2026\/02\/Beatriz-Caso_2-96x96.png","caption":"Punto y Seguido - Beatriz Caso"},"description":"Leonesa. Bibliotecaria. Master en Bibliotecoeconom\u00eda. Prefiere mantener oculta su dedicaci\u00f3n profesional actual, raz\u00f3n por la que usa el seud\u00f3nimo con que firma sus trabajos en Hojas Sueltas dentro del equipo Punto y Seguido.","url":"https:\/\/hojassueltas.es\/?author=93"}]}},"_links":{"self":[{"href":"https:\/\/hojassueltas.es\/index.php?rest_route=\/wp\/v2\/posts\/28073","targetHints":{"allow":["GET"]}}],"collection":[{"href":"https:\/\/hojassueltas.es\/index.php?rest_route=\/wp\/v2\/posts"}],"about":[{"href":"https:\/\/hojassueltas.es\/index.php?rest_route=\/wp\/v2\/types\/post"}],"author":[{"embeddable":true,"href":"https:\/\/hojassueltas.es\/index.php?rest_route=\/wp\/v2\/users\/93"}],"replies":[{"embeddable":true,"href":"https:\/\/hojassueltas.es\/index.php?rest_route=%2Fwp%2Fv2%2Fcomments&post=28073"}],"version-history":[{"count":1,"href":"https:\/\/hojassueltas.es\/index.php?rest_route=\/wp\/v2\/posts\/28073\/revisions"}],"predecessor-version":[{"id":28075,"href":"https:\/\/hojassueltas.es\/index.php?rest_route=\/wp\/v2\/posts\/28073\/revisions\/28075"}],"wp:featuredmedia":[{"embeddable":true,"href":"https:\/\/hojassueltas.es\/index.php?rest_route=\/wp\/v2\/media\/28074"}],"wp:attachment":[{"href":"https:\/\/hojassueltas.es\/index.php?rest_route=%2Fwp%2Fv2%2Fmedia&parent=28073"}],"wp:term":[{"taxonomy":"category","embeddable":true,"href":"https:\/\/hojassueltas.es\/index.php?rest_route=%2Fwp%2Fv2%2Fcategories&post=28073"},{"taxonomy":"post_tag","embeddable":true,"href":"https:\/\/hojassueltas.es\/index.php?rest_route=%2Fwp%2Fv2%2Ftags&post=28073"}],"curies":[{"name":"wp","href":"https:\/\/api.w.org\/{rel}","templated":true}]}}