{"id":28066,"date":"2026-03-10T00:00:12","date_gmt":"2026-03-09T22:00:12","guid":{"rendered":"https:\/\/hojassueltas.es\/?p=28066"},"modified":"2026-04-02T17:17:14","modified_gmt":"2026-04-02T16:17:14","slug":"los-ninos-tontos-de-ana-maria-matute","status":"publish","type":"post","link":"https:\/\/hojassueltas.es\/?p=28066","title":{"rendered":"Los ni\u00f1os tontos, de Ana Mar\u00eda Matute"},"content":{"rendered":"<p align=\"justify\"><span style=\"font-family: Cambria Math, serif;\"><span style=\"font-size: large;\">Hay libros que no envejecen: se sedimentan. <em>Los ni\u00f1os tontos<\/em> pertenece a esa especie rara. En la trayectoria de Ana Mar\u00eda Matute, el volumen ocupa un lugar singular porque concentra, en una forma m\u00ednima, algunos de sus asuntos decisivos: la infancia herida, la intemperie moral de la posguerra, la crueldad difusa de los adultos, la fraternidad con los desvalidos y una imaginaci\u00f3n que no corrige la realidad, pero la vuelve legible desde su zona m\u00e1s vulnerable. Que est\u00e9 compuesto por piezas brev\u00edsimas no lo convierte en un libro menor ni lateral; al contrario, ah\u00ed se advierte con nitidez el dominio de una autora capaz de cargar unas pocas l\u00edneas de una densidad afectiva y simb\u00f3lica extraordinaria.<\/span><\/span><\/p>\n<p align=\"justify\"><span style=\"font-family: Cambria Math, serif;\"><span style=\"font-size: large;\">El argumento, en sentido estricto, no es unitario. El libro re\u00fane veintitr\u00e9s relatos cortos articulados en torno a figuras infantiles que se enfrentan a un mundo opaco, hostil o simplemente incomprensible. No hay progresi\u00f3n novelesca ni continuidad entre personajes; hay, m\u00e1s bien, una constelaci\u00f3n. Cada texto presenta una escena, una percepci\u00f3n o un peque\u00f1o destino truncado. Los ni\u00f1os de Matute no son emblemas de inocencia abstracta, sino criaturas expuestas a la pobreza, la humillaci\u00f3n, el abandono, el miedo o la diferencia. Lo que el conjunto compone no es una suma de estampas tiernas, sino un retablo severo de la posguerra visto a ras de suelo: desde la desorientaci\u00f3n del que todav\u00eda no dispone de lenguaje suficiente para nombrar la violencia que padece.<\/span><\/span><\/p>\n<p align=\"justify\"><span style=\"font-family: Cambria Math, serif;\"><span style=\"font-size: large;\">Formalmente, una de las mayores virtudes del libro reside en esa tensi\u00f3n entre miniatura y amplitud. Matute trabaja con relatos de una extrema concisi\u00f3n, pero evita el mero apunte o la vi\u00f1eta costumbrista. Cada pieza funciona como un n\u00facleo de irradiaci\u00f3n: apenas se enuncia una situaci\u00f3n y, sin embargo, alrededor de ella se abre un campo entero de resonancias sociales, psicol\u00f3gicas y morales. La estructura fragmentaria del volumen no dispersa; por acumulaci\u00f3n, produce una impresi\u00f3n de mundo. El lector sale de un texto con la sensaci\u00f3n de haber asistido a un episodio m\u00ednimo y entra en el siguiente con la certeza de que esa m\u00ednima herida forma parte de una herida hist\u00f3rica mayor.<\/span><\/span><\/p>\n<p align=\"justify\"><span style=\"font-family: Cambria Math, serif;\"><span style=\"font-size: large;\">La voz es decisiva en ese efecto. Matute modula una prosa de apariencia sencilla, muy depurada, en la que la perspectiva infantil no se confunde nunca con el infantilismo expresivo. Hay una cercan\u00eda al modo en que el ni\u00f1o percibe \u2014su l\u00f3gica lateral, su extra\u00f1eza ante los c\u00f3digos adultos, su mezcla de literalidad y fantas\u00eda\u2014, pero esa cercan\u00eda est\u00e1 gobernada por una inteligencia narrativa rigurosa. El resultado es una escritura en la que la emoci\u00f3n no depende del subrayado, sino de la precisi\u00f3n. El lenguaje, limpio y sobrio, se permite de vez en cuando una irradiaci\u00f3n l\u00edrica que no embellece el da\u00f1o, sino que lo vuelve m\u00e1s n\u00edtido. De ah\u00ed su rareza: son cuentos breves, s\u00ed, pero escritos con una conciencia r\u00edtmica y visual que les da espesor de f\u00e1bula sombr\u00eda.<\/span><\/span><\/p>\n<p align=\"justify\"><span style=\"font-family: Cambria Math, serif;\"><span style=\"font-size: large;\">Conviene situar el libro en el horizonte \u00e9tico y literario de la narrativa espa\u00f1ola de posguerra. Matute comparte con otros autores de su tiempo la necesidad de dar forma a una experiencia hist\u00f3rica devastada, pero su singularidad est\u00e1 en haber encontrado en la infancia no un refugio sentimental, sino un dispositivo de conocimiento. Frente a los discursos adultos \u2014ideol\u00f3gicos, moralizantes, disciplinarios\u2014, la mirada infantil revela lo que \u00e9stos intentan normalizar: la arbitrariedad del castigo, la naturalizaci\u00f3n de la miseria, la soledad como clima. En este sentido, <em>Los ni\u00f1os tontos<\/em> no s\u00f3lo dialoga con el realismo de su \u00e9poca; lo desplaza. Introduce una intensidad aleg\u00f3rica, una atm\u00f3sfera entre real y fabulosa, que permite leer la posguerra no s\u00f3lo como marco hist\u00f3rico, sino como deformaci\u00f3n \u00edntima de la experiencia.<\/span><\/span><\/p>\n<p align=\"justify\"><span style=\"font-family: Cambria Math, serif;\"><span style=\"font-size: large;\">Mi lectura es \u00e9sta: Matute no escribe sobre ni\u00f1os \u201ctontos\u201d, sino sobre la violencia de un orden que llama torpeza a lo que en realidad es fragilidad, diferencia o desamparo. El t\u00edtulo opera con una iron\u00eda feroz. Nombra desde fuera, desde el prejuicio social, a aquellos que no encajan en la brutal pedagog\u00eda del mundo adulto. El libro invierte esa mirada: devuelve dignidad a esas existencias min\u00fasculas y deja al descubierto la verdadera estupidez, que no est\u00e1 en los ni\u00f1os, sino en una sociedad incapaz de reconocer su dolor. Por eso la compasi\u00f3n de Matute nunca se convierte en indulgencia. Hay piedad, desde luego, pero tambi\u00e9n una lucidez implacable sobre los mecanismos de exclusi\u00f3n.<\/span><\/span><\/p>\n<h2 class=\"western\" align=\"justify\"><span style=\"font-family: Cambria Math, serif;\"><span style=\"font-size: large;\">Motivo del rescate<\/span><\/span><\/h2>\n<p align=\"justify\"><span style=\"font-family: Cambria Math, serif;\"><span style=\"font-size: large;\">Rescatar <em>Los ni\u00f1os tontos<\/em> significa devolver circulaci\u00f3n a una forma de intensidad narrativa hoy poco frecuente: la brevedad con espesor moral. El libro aporta una lecci\u00f3n t\u00e9cnica \u2014c\u00f3mo condensar un mundo en una p\u00e1gina sin reducirlo a ocurrencia\u2014, una lecci\u00f3n est\u00e9tica \u2014c\u00f3mo hacer convivir desnudez expresiva y vibraci\u00f3n po\u00e9tica\u2014 y una lecci\u00f3n \u00e9tica \u2014c\u00f3mo mirar la infancia sin idealizarla ni usarla como coartada emotiva\u2014. Su relativa p\u00e9rdida de centralidad ha empobrecido la percepci\u00f3n de Matute, a veces le\u00edda s\u00f3lo desde sus t\u00edtulos m\u00e1s visibles, y ha borrado un eslab\u00f3n clave entre cuento, alegor\u00eda y memoria de posguerra. Un lector contempor\u00e1neo encontrar\u00e1 aqu\u00ed algo m\u00e1s que inter\u00e9s hist\u00f3rico: hallar\u00e1 una cr\u00edtica todav\u00eda vigente de la exclusi\u00f3n, del etiquetado social y de la violencia ejercida sobre quienes no dominan el lenguaje del poder.<\/span><\/span><\/p>\n<h2 class=\"western\" align=\"justify\"><span style=\"font-family: Cambria Math, serif;\"><span style=\"font-size: large;\">Una l\u00ednea de lectura<\/span><\/span><\/h2>\n<p align=\"justify\"><span style=\"font-family: Cambria Math, serif;\"><span style=\"font-size: large;\">Quiz\u00e1 el libro no trate tanto de la infancia como de la fabricaci\u00f3n social de los seres sobrantes. Le\u00eddo hoy, cada relato parece preguntar qui\u00e9n merece ser escuchado cuando no sabe todav\u00eda defenderse con palabras. Volver a Matute desde ah\u00ed obliga a releer la posguerra, s\u00ed, pero tambi\u00e9n nuestro presente: el modo en que seguimos confundiendo vulnerabilidad con insignificancia.<\/span><\/span><\/p>\n<p align=\"justify\"><strong>PUNTO Y SEGUIDO &#8211; Susana Di\u00e9guez<\/strong><\/p>\n","protected":false},"excerpt":{"rendered":"<p>Hay libros que no envejecen: se sedimentan. Los ni\u00f1os tontos pertenece a esa especie rara. En la trayectoria de Ana Mar\u00eda Matute, el volumen ocupa un lugar singular porque concentra, en una forma m\u00ednima, algunos de sus asuntos decisivos: la infancia herida, la intemperie moral de la posguerra, la crueldad difusa de los adultos, la [&hellip;]<\/p>\n","protected":false},"author":96,"featured_media":28067,"comment_status":"open","ping_status":"closed","sticky":false,"template":"","format":"standard","meta":{"footnotes":""},"categories":[2604],"tags":[2027,2915,128,2912],"class_list":{"0":"post-28066","1":"post","2":"type-post","3":"status-publish","4":"format-standard","5":"has-post-thumbnail","7":"category-titulos-rescatados","8":"tag-ana-maria-maturte","9":"tag-cuentos","10":"tag-destino-editorial","11":"tag-narrativa"},"yoast_head":"<!-- This site is optimized with the Yoast SEO plugin v27.5 - https:\/\/yoast.com\/product\/yoast-seo-wordpress\/ -->\n<title>Los ni\u00f1os tontos, de Ana Mar\u00eda Matute | HOJAS SUELTAS Peri\u00f3dico Cultural<\/title>\n<meta name=\"description\" content=\"T\u00cdTULOS RESCATADOS: Quiz\u00e1 el libro no trate tanto de la infancia como de la fabricaci\u00f3n social de los seres sobrantes. Le\u00eddo hoy, cada relato parece preguntar qui\u00e9n merece ser escuchado cuando no sabe todav\u00eda defenderse con palabras\" \/>\n<meta name=\"robots\" content=\"index, follow, max-snippet:-1, max-image-preview:large, max-video-preview:-1\" \/>\n<link rel=\"canonical\" href=\"https:\/\/hojassueltas.es\/?p=28066\" \/>\n<meta property=\"og:locale\" content=\"es_ES\" \/>\n<meta property=\"og:type\" content=\"article\" \/>\n<meta property=\"og:title\" content=\"Los ni\u00f1os tontos, de Ana Mar\u00eda Matute | HOJAS SUELTAS Peri\u00f3dico Cultural\" \/>\n<meta property=\"og:description\" content=\"T\u00cdTULOS RESCATADOS: Quiz\u00e1 el libro no trate tanto de la infancia como de la fabricaci\u00f3n social de los seres sobrantes. Le\u00eddo hoy, cada relato parece preguntar qui\u00e9n merece ser escuchado cuando no sabe todav\u00eda defenderse con palabras\" \/>\n<meta property=\"og:url\" content=\"https:\/\/hojassueltas.es\/?p=28066\" \/>\n<meta property=\"og:site_name\" content=\"HOJAS SUELTAS Peri\u00f3dico Cultural\" \/>\n<meta property=\"article:published_time\" content=\"2026-03-09T22:00:12+00:00\" \/>\n<meta property=\"article:modified_time\" content=\"2026-04-02T16:17:14+00:00\" \/>\n<meta property=\"og:image\" content=\"https:\/\/hojassueltas.es\/wp-content\/uploads\/2026\/03\/36_Los-ninos-tontos_-H.S.png\" \/>\n\t<meta property=\"og:image:width\" content=\"1920\" \/>\n\t<meta property=\"og:image:height\" content=\"1280\" \/>\n\t<meta property=\"og:image:type\" content=\"image\/png\" \/>\n<meta name=\"author\" content=\"Punto y Seguido - Susana Di\u00e9guez\" \/>\n<meta name=\"twitter:card\" content=\"summary_large_image\" \/>\n<meta name=\"twitter:creator\" content=\"@HOJASSUELTAS22\" \/>\n<meta name=\"twitter:site\" content=\"@HOJASSUELTAS22\" \/>\n<meta name=\"twitter:label1\" content=\"Escrito por\" \/>\n\t<meta name=\"twitter:data1\" content=\"Punto y Seguido - Susana Di\u00e9guez\" \/>\n\t<meta name=\"twitter:label2\" content=\"Tiempo de lectura\" \/>\n\t<meta name=\"twitter:data2\" content=\"5 minutos\" \/>\n<script type=\"application\/ld+json\" class=\"yoast-schema-graph\">{\"@context\":\"https:\\\/\\\/schema.org\",\"@graph\":[{\"@type\":[\"Article\",\"BlogPosting\"],\"@id\":\"https:\\\/\\\/hojassueltas.es\\\/?p=28066#article\",\"isPartOf\":{\"@id\":\"https:\\\/\\\/hojassueltas.es\\\/?p=28066\"},\"author\":{\"name\":\"Punto y Seguido - Susana Di\u00e9guez\",\"@id\":\"https:\\\/\\\/hojassueltas.es\\\/#\\\/schema\\\/person\\\/0cc721d1681d3b691885d6bdbe2ad009\"},\"headline\":\"Los ni\u00f1os tontos, de Ana Mar\u00eda Matute\",\"datePublished\":\"2026-03-09T22:00:12+00:00\",\"dateModified\":\"2026-04-02T16:17:14+00:00\",\"mainEntityOfPage\":{\"@id\":\"https:\\\/\\\/hojassueltas.es\\\/?p=28066\"},\"wordCount\":1039,\"commentCount\":0,\"publisher\":{\"@id\":\"https:\\\/\\\/hojassueltas.es\\\/#organization\"},\"image\":{\"@id\":\"https:\\\/\\\/hojassueltas.es\\\/?p=28066#primaryimage\"},\"thumbnailUrl\":\"https:\\\/\\\/hojassueltas.es\\\/wp-content\\\/uploads\\\/2026\\\/03\\\/36_Los-ninos-tontos_-H.S.png\",\"keywords\":[\"Ana Maria Maturte\",\"Cuentos\",\"Destino Editorial\",\"Narrativa\"],\"articleSection\":[\"T\u00cdTULOS RESCATADOS\"],\"inLanguage\":\"es\",\"potentialAction\":[{\"@type\":\"CommentAction\",\"name\":\"Comment\",\"target\":[\"https:\\\/\\\/hojassueltas.es\\\/?p=28066#respond\"]}]},{\"@type\":\"WebPage\",\"@id\":\"https:\\\/\\\/hojassueltas.es\\\/?p=28066\",\"url\":\"https:\\\/\\\/hojassueltas.es\\\/?p=28066\",\"name\":\"Los ni\u00f1os tontos, de Ana Mar\u00eda Matute | HOJAS SUELTAS Peri\u00f3dico Cultural\",\"isPartOf\":{\"@id\":\"https:\\\/\\\/hojassueltas.es\\\/#website\"},\"primaryImageOfPage\":{\"@id\":\"https:\\\/\\\/hojassueltas.es\\\/?p=28066#primaryimage\"},\"image\":{\"@id\":\"https:\\\/\\\/hojassueltas.es\\\/?p=28066#primaryimage\"},\"thumbnailUrl\":\"https:\\\/\\\/hojassueltas.es\\\/wp-content\\\/uploads\\\/2026\\\/03\\\/36_Los-ninos-tontos_-H.S.png\",\"datePublished\":\"2026-03-09T22:00:12+00:00\",\"dateModified\":\"2026-04-02T16:17:14+00:00\",\"description\":\"T\u00cdTULOS RESCATADOS: Quiz\u00e1 el libro no trate tanto de la infancia como de la fabricaci\u00f3n social de los seres sobrantes. Le\u00eddo hoy, cada relato parece preguntar qui\u00e9n merece ser escuchado cuando no sabe todav\u00eda defenderse con palabras\",\"breadcrumb\":{\"@id\":\"https:\\\/\\\/hojassueltas.es\\\/?p=28066#breadcrumb\"},\"inLanguage\":\"es\",\"potentialAction\":[{\"@type\":\"ReadAction\",\"target\":[\"https:\\\/\\\/hojassueltas.es\\\/?p=28066\"]}]},{\"@type\":\"ImageObject\",\"inLanguage\":\"es\",\"@id\":\"https:\\\/\\\/hojassueltas.es\\\/?p=28066#primaryimage\",\"url\":\"https:\\\/\\\/hojassueltas.es\\\/wp-content\\\/uploads\\\/2026\\\/03\\\/36_Los-ninos-tontos_-H.S.png\",\"contentUrl\":\"https:\\\/\\\/hojassueltas.es\\\/wp-content\\\/uploads\\\/2026\\\/03\\\/36_Los-ninos-tontos_-H.S.png\",\"width\":1920,\"height\":1280},{\"@type\":\"BreadcrumbList\",\"@id\":\"https:\\\/\\\/hojassueltas.es\\\/?p=28066#breadcrumb\",\"itemListElement\":[{\"@type\":\"ListItem\",\"position\":1,\"name\":\"Portada\",\"item\":\"https:\\\/\\\/hojassueltas.es\\\/\"},{\"@type\":\"ListItem\",\"position\":2,\"name\":\"Los ni\u00f1os tontos, de Ana Mar\u00eda Matute\"}]},{\"@type\":\"WebSite\",\"@id\":\"https:\\\/\\\/hojassueltas.es\\\/#website\",\"url\":\"https:\\\/\\\/hojassueltas.es\\\/\",\"name\":\"HojasSueltas.es\",\"description\":\"GRANADA - Peri\u00f3dico Cultural\",\"publisher\":{\"@id\":\"https:\\\/\\\/hojassueltas.es\\\/#organization\"},\"alternateName\":\"H.S. Periodico Cultural\",\"potentialAction\":[{\"@type\":\"SearchAction\",\"target\":{\"@type\":\"EntryPoint\",\"urlTemplate\":\"https:\\\/\\\/hojassueltas.es\\\/?s={search_term_string}\"},\"query-input\":{\"@type\":\"PropertyValueSpecification\",\"valueRequired\":true,\"valueName\":\"search_term_string\"}}],\"inLanguage\":\"es\"},{\"@type\":\"Organization\",\"@id\":\"https:\\\/\\\/hojassueltas.es\\\/#organization\",\"name\":\"HOJAS SUELTAS - Peri\u00f3dico Cultural\",\"alternateName\":\"HS - HOJAS SUELTAS Peri\u00f3dico Cultural\",\"url\":\"https:\\\/\\\/hojassueltas.es\\\/\",\"logo\":{\"@type\":\"ImageObject\",\"inLanguage\":\"es\",\"@id\":\"https:\\\/\\\/hojassueltas.es\\\/#\\\/schema\\\/logo\\\/image\\\/\",\"url\":\"https:\\\/\\\/hojassueltas.es\\\/wp-content\\\/uploads\\\/2025\\\/08\\\/Icono-HS_2.png\",\"contentUrl\":\"https:\\\/\\\/hojassueltas.es\\\/wp-content\\\/uploads\\\/2025\\\/08\\\/Icono-HS_2.png\",\"width\":500,\"height\":500,\"caption\":\"HOJAS SUELTAS - Peri\u00f3dico Cultural\"},\"image\":{\"@id\":\"https:\\\/\\\/hojassueltas.es\\\/#\\\/schema\\\/logo\\\/image\\\/\"},\"sameAs\":[\"https:\\\/\\\/x.com\\\/HOJASSUELTAS22\"]},{\"@type\":\"Person\",\"@id\":\"https:\\\/\\\/hojassueltas.es\\\/#\\\/schema\\\/person\\\/0cc721d1681d3b691885d6bdbe2ad009\",\"name\":\"Punto y Seguido - Susana Di\u00e9guez\",\"image\":{\"@type\":\"ImageObject\",\"inLanguage\":\"es\",\"@id\":\"https:\\\/\\\/hojassueltas.es\\\/wp-content\\\/uploads\\\/2026\\\/02\\\/Retrato-familiar-en-casa-de-Susana-96x96.png\",\"url\":\"https:\\\/\\\/hojassueltas.es\\\/wp-content\\\/uploads\\\/2026\\\/02\\\/Retrato-familiar-en-casa-de-Susana-96x96.png\",\"contentUrl\":\"https:\\\/\\\/hojassueltas.es\\\/wp-content\\\/uploads\\\/2026\\\/02\\\/Retrato-familiar-en-casa-de-Susana-96x96.png\",\"caption\":\"Punto y Seguido - Susana Di\u00e9guez\"},\"url\":\"https:\\\/\\\/hojassueltas.es\\\/?author=96\"}]}<\/script>\n<!-- \/ Yoast SEO plugin. -->","yoast_head_json":{"title":"Los ni\u00f1os tontos, de Ana Mar\u00eda Matute | HOJAS SUELTAS Peri\u00f3dico Cultural","description":"T\u00cdTULOS RESCATADOS: Quiz\u00e1 el libro no trate tanto de la infancia como de la fabricaci\u00f3n social de los seres sobrantes. Le\u00eddo hoy, cada relato parece preguntar qui\u00e9n merece ser escuchado cuando no sabe todav\u00eda defenderse con palabras","robots":{"index":"index","follow":"follow","max-snippet":"max-snippet:-1","max-image-preview":"max-image-preview:large","max-video-preview":"max-video-preview:-1"},"canonical":"https:\/\/hojassueltas.es\/?p=28066","og_locale":"es_ES","og_type":"article","og_title":"Los ni\u00f1os tontos, de Ana Mar\u00eda Matute | HOJAS SUELTAS Peri\u00f3dico Cultural","og_description":"T\u00cdTULOS RESCATADOS: Quiz\u00e1 el libro no trate tanto de la infancia como de la fabricaci\u00f3n social de los seres sobrantes. Le\u00eddo hoy, cada relato parece preguntar qui\u00e9n merece ser escuchado cuando no sabe todav\u00eda defenderse con palabras","og_url":"https:\/\/hojassueltas.es\/?p=28066","og_site_name":"HOJAS SUELTAS Peri\u00f3dico Cultural","article_published_time":"2026-03-09T22:00:12+00:00","article_modified_time":"2026-04-02T16:17:14+00:00","og_image":[{"width":1920,"height":1280,"url":"https:\/\/hojassueltas.es\/wp-content\/uploads\/2026\/03\/36_Los-ninos-tontos_-H.S.png","type":"image\/png"}],"author":"Punto y Seguido - Susana Di\u00e9guez","twitter_card":"summary_large_image","twitter_creator":"@HOJASSUELTAS22","twitter_site":"@HOJASSUELTAS22","twitter_misc":{"Escrito por":"Punto y Seguido - Susana Di\u00e9guez","Tiempo de lectura":"5 minutos"},"schema":{"@context":"https:\/\/schema.org","@graph":[{"@type":["Article","BlogPosting"],"@id":"https:\/\/hojassueltas.es\/?p=28066#article","isPartOf":{"@id":"https:\/\/hojassueltas.es\/?p=28066"},"author":{"name":"Punto y Seguido - Susana Di\u00e9guez","@id":"https:\/\/hojassueltas.es\/#\/schema\/person\/0cc721d1681d3b691885d6bdbe2ad009"},"headline":"Los ni\u00f1os tontos, de Ana Mar\u00eda Matute","datePublished":"2026-03-09T22:00:12+00:00","dateModified":"2026-04-02T16:17:14+00:00","mainEntityOfPage":{"@id":"https:\/\/hojassueltas.es\/?p=28066"},"wordCount":1039,"commentCount":0,"publisher":{"@id":"https:\/\/hojassueltas.es\/#organization"},"image":{"@id":"https:\/\/hojassueltas.es\/?p=28066#primaryimage"},"thumbnailUrl":"https:\/\/hojassueltas.es\/wp-content\/uploads\/2026\/03\/36_Los-ninos-tontos_-H.S.png","keywords":["Ana Maria Maturte","Cuentos","Destino Editorial","Narrativa"],"articleSection":["T\u00cdTULOS RESCATADOS"],"inLanguage":"es","potentialAction":[{"@type":"CommentAction","name":"Comment","target":["https:\/\/hojassueltas.es\/?p=28066#respond"]}]},{"@type":"WebPage","@id":"https:\/\/hojassueltas.es\/?p=28066","url":"https:\/\/hojassueltas.es\/?p=28066","name":"Los ni\u00f1os tontos, de Ana Mar\u00eda Matute | HOJAS SUELTAS Peri\u00f3dico Cultural","isPartOf":{"@id":"https:\/\/hojassueltas.es\/#website"},"primaryImageOfPage":{"@id":"https:\/\/hojassueltas.es\/?p=28066#primaryimage"},"image":{"@id":"https:\/\/hojassueltas.es\/?p=28066#primaryimage"},"thumbnailUrl":"https:\/\/hojassueltas.es\/wp-content\/uploads\/2026\/03\/36_Los-ninos-tontos_-H.S.png","datePublished":"2026-03-09T22:00:12+00:00","dateModified":"2026-04-02T16:17:14+00:00","description":"T\u00cdTULOS RESCATADOS: Quiz\u00e1 el libro no trate tanto de la infancia como de la fabricaci\u00f3n social de los seres sobrantes. Le\u00eddo hoy, cada relato parece preguntar qui\u00e9n merece ser escuchado cuando no sabe todav\u00eda defenderse con palabras","breadcrumb":{"@id":"https:\/\/hojassueltas.es\/?p=28066#breadcrumb"},"inLanguage":"es","potentialAction":[{"@type":"ReadAction","target":["https:\/\/hojassueltas.es\/?p=28066"]}]},{"@type":"ImageObject","inLanguage":"es","@id":"https:\/\/hojassueltas.es\/?p=28066#primaryimage","url":"https:\/\/hojassueltas.es\/wp-content\/uploads\/2026\/03\/36_Los-ninos-tontos_-H.S.png","contentUrl":"https:\/\/hojassueltas.es\/wp-content\/uploads\/2026\/03\/36_Los-ninos-tontos_-H.S.png","width":1920,"height":1280},{"@type":"BreadcrumbList","@id":"https:\/\/hojassueltas.es\/?p=28066#breadcrumb","itemListElement":[{"@type":"ListItem","position":1,"name":"Portada","item":"https:\/\/hojassueltas.es\/"},{"@type":"ListItem","position":2,"name":"Los ni\u00f1os tontos, de Ana Mar\u00eda Matute"}]},{"@type":"WebSite","@id":"https:\/\/hojassueltas.es\/#website","url":"https:\/\/hojassueltas.es\/","name":"HojasSueltas.es","description":"GRANADA - Peri\u00f3dico Cultural","publisher":{"@id":"https:\/\/hojassueltas.es\/#organization"},"alternateName":"H.S. Periodico Cultural","potentialAction":[{"@type":"SearchAction","target":{"@type":"EntryPoint","urlTemplate":"https:\/\/hojassueltas.es\/?s={search_term_string}"},"query-input":{"@type":"PropertyValueSpecification","valueRequired":true,"valueName":"search_term_string"}}],"inLanguage":"es"},{"@type":"Organization","@id":"https:\/\/hojassueltas.es\/#organization","name":"HOJAS SUELTAS - Peri\u00f3dico Cultural","alternateName":"HS - HOJAS SUELTAS Peri\u00f3dico Cultural","url":"https:\/\/hojassueltas.es\/","logo":{"@type":"ImageObject","inLanguage":"es","@id":"https:\/\/hojassueltas.es\/#\/schema\/logo\/image\/","url":"https:\/\/hojassueltas.es\/wp-content\/uploads\/2025\/08\/Icono-HS_2.png","contentUrl":"https:\/\/hojassueltas.es\/wp-content\/uploads\/2025\/08\/Icono-HS_2.png","width":500,"height":500,"caption":"HOJAS SUELTAS - Peri\u00f3dico Cultural"},"image":{"@id":"https:\/\/hojassueltas.es\/#\/schema\/logo\/image\/"},"sameAs":["https:\/\/x.com\/HOJASSUELTAS22"]},{"@type":"Person","@id":"https:\/\/hojassueltas.es\/#\/schema\/person\/0cc721d1681d3b691885d6bdbe2ad009","name":"Punto y Seguido - Susana Di\u00e9guez","image":{"@type":"ImageObject","inLanguage":"es","@id":"https:\/\/hojassueltas.es\/wp-content\/uploads\/2026\/02\/Retrato-familiar-en-casa-de-Susana-96x96.png","url":"https:\/\/hojassueltas.es\/wp-content\/uploads\/2026\/02\/Retrato-familiar-en-casa-de-Susana-96x96.png","contentUrl":"https:\/\/hojassueltas.es\/wp-content\/uploads\/2026\/02\/Retrato-familiar-en-casa-de-Susana-96x96.png","caption":"Punto y Seguido - Susana Di\u00e9guez"},"url":"https:\/\/hojassueltas.es\/?author=96"}]}},"_links":{"self":[{"href":"https:\/\/hojassueltas.es\/index.php?rest_route=\/wp\/v2\/posts\/28066","targetHints":{"allow":["GET"]}}],"collection":[{"href":"https:\/\/hojassueltas.es\/index.php?rest_route=\/wp\/v2\/posts"}],"about":[{"href":"https:\/\/hojassueltas.es\/index.php?rest_route=\/wp\/v2\/types\/post"}],"author":[{"embeddable":true,"href":"https:\/\/hojassueltas.es\/index.php?rest_route=\/wp\/v2\/users\/96"}],"replies":[{"embeddable":true,"href":"https:\/\/hojassueltas.es\/index.php?rest_route=%2Fwp%2Fv2%2Fcomments&post=28066"}],"version-history":[{"count":1,"href":"https:\/\/hojassueltas.es\/index.php?rest_route=\/wp\/v2\/posts\/28066\/revisions"}],"predecessor-version":[{"id":28068,"href":"https:\/\/hojassueltas.es\/index.php?rest_route=\/wp\/v2\/posts\/28066\/revisions\/28068"}],"wp:featuredmedia":[{"embeddable":true,"href":"https:\/\/hojassueltas.es\/index.php?rest_route=\/wp\/v2\/media\/28067"}],"wp:attachment":[{"href":"https:\/\/hojassueltas.es\/index.php?rest_route=%2Fwp%2Fv2%2Fmedia&parent=28066"}],"wp:term":[{"taxonomy":"category","embeddable":true,"href":"https:\/\/hojassueltas.es\/index.php?rest_route=%2Fwp%2Fv2%2Fcategories&post=28066"},{"taxonomy":"post_tag","embeddable":true,"href":"https:\/\/hojassueltas.es\/index.php?rest_route=%2Fwp%2Fv2%2Ftags&post=28066"}],"curies":[{"name":"wp","href":"https:\/\/api.w.org\/{rel}","templated":true}]}}