{"id":28009,"date":"2026-03-09T00:00:32","date_gmt":"2026-03-08T22:00:32","guid":{"rendered":"https:\/\/hojassueltas.es\/?p=28009"},"modified":"2026-03-10T10:00:11","modified_gmt":"2026-03-10T08:00:11","slug":"respirar-por-la-herida-de-victor-del-arbol","status":"publish","type":"post","link":"https:\/\/hojassueltas.es\/?p=28009","title":{"rendered":"Respirar por la herida, de V\u00edctor del \u00c1rbol"},"content":{"rendered":"<p align=\"justify\"><span style=\"font-family: Georgia, serif;\"><span style=\"font-size: large;\"><strong>Por qu\u00e9 leer <\/strong><em>Respirar por la herida<\/em><\/span><\/span><\/p>\n<p align=\"justify\"><span style=\"font-family: Georgia, serif;\"><span style=\"font-size: large;\">Leer <em>Respirar por la herida<\/em> sigue siendo pertinente porque en esta novela V\u00edctor del \u00c1rbol demuestra una de las virtudes menos frecuentes de la narrativa contempor\u00e1nea: convertir el dolor en una pregunta moral sin rebajarlo a simple mecanismo de intriga. Hay novelas que administran bien el suspense y otras que exploran con seriedad la conciencia herida; esta hace ambas cosas. En ella, la p\u00e9rdida, la culpa y la necesidad de atribuir sentido a lo irreparable no aparecen como asuntos abstractos, sino encarnados en personajes da\u00f1ados que avanzan hacia una verdad que no los redime del todo. Por eso merece figurar en una secci\u00f3n como <em>Por qu\u00e9 leer<\/em>: porque propone una lectura exigente y accesible a la vez, y confirma a su autor como una de las voces espa\u00f1olas m\u00e1s s\u00f3lidas en la frontera entre la novela negra, el drama psicol\u00f3gico y la indagaci\u00f3n \u00e9tica.<\/span><\/span><\/p>\n<p align=\"justify\"><span style=\"font-family: Georgia, serif;\"><span style=\"font-size: large;\"><strong>Resumen argumental<\/strong><\/span><\/span><\/p>\n<p align=\"justify\"><span style=\"font-family: Georgia, serif;\"><span style=\"font-size: large;\">La novela parte de una devastaci\u00f3n \u00edntima: Eduardo, pintor quebrado por la muerte de su mujer y de su hija en un accidente de coche, sobrevive sin convicci\u00f3n, instalado en una vida vaciada de prop\u00f3sito. La aparici\u00f3n de Gloria Tagger, una c\u00e9lebre violonchelista que le encarga el retrato de Arthur \u2014responsable de la muerte de su hijo\u2014, introduce un desplazamiento decisivo: del duelo pasivo a una forma activa, y ambigua, de confrontaci\u00f3n con el da\u00f1o. A partir de ese encargo, del \u00c1rbol teje una red de relaciones marcadas por la culpa, el resentimiento y el deseo de reparaci\u00f3n. La novela avanza as\u00ed menos como una averiguaci\u00f3n externa que como una inmersi\u00f3n en las capas ocultas de sus personajes, obligados a enfrentarse a aquello que durante a\u00f1os hab\u00edan logrado mantener en penumbra.<\/span><\/span><\/p>\n<p align=\"justify\"><span style=\"font-family: Georgia, serif;\"><span style=\"font-size: large;\">Uno de los aciertos de <em>Respirar por la herida<\/em> reside en su construcci\u00f3n formal. La voz narrativa no se limita a ordenar los hechos: administra la cercan\u00eda emocional y el acceso a la interioridad con una inteligencia notable. Del \u00c1rbol dosifica la informaci\u00f3n y trabaja con una estructura en la que el presente narrativo se ve constantemente contaminado por el pasado, como si la memoria no fuese un dep\u00f3sito sino una fuerza activa que deforma, insiste y condiciona. Esa disposici\u00f3n fragmentaria, que reh\u00faye la linealidad estricta, no responde a un gusto por la complicaci\u00f3n, sino a la propia l\u00f3gica del trauma: nadie recuerda el dolor de manera ordenada.<\/span><\/span><\/p>\n<p align=\"justify\"><span style=\"font-family: Georgia, serif;\"><span style=\"font-size: large;\">En esa estructura, la intriga cumple una funci\u00f3n precisa. No se trata solo de sostener la atenci\u00f3n del lector, sino de revelar que toda existencia est\u00e1 hecha tambi\u00e9n de zonas opacas, de versiones interesadas y de silencios. Del \u00c1rbol procede aqu\u00ed como un narrador que conoce bien los recursos del g\u00e9nero negro, pero que no se conforma con ellos. Lo criminal o lo oscuro no comparece como espect\u00e1culo, sino como s\u00edntoma de una fractura moral. De ah\u00ed que el ritmo de la novela, aun siendo intenso, nunca se reduzca a la mec\u00e1nica del golpe de efecto.<\/span><\/span><\/p>\n<p align=\"justify\"><span style=\"font-family: Georgia, serif;\"><span style=\"font-size: large;\">El lenguaje contribuye decisivamente a esa densidad. Del \u00c1rbol escribe con una prosa contenida, de frase eficaz, sin ornamentalismo superfluo, pero capaz de cargar de tensi\u00f3n afectiva escenas muy expuestas al exceso. Su escritura busca precisi\u00f3n antes que brillo. Cuando acierta \u2014y aqu\u00ed lo hace con frecuencia\u2014 logra algo dif\u00edcil: nombrar el sufrimiento sin sentimentalizarlo. La violencia emocional que atraviesa la novela no deriva en enf\u00e1tica grandilocuencia, porque el autor sabe que el verdadero peso tr\u00e1gico suele manifestarse mejor en el detalle y en la reticencia que en la proclamaci\u00f3n.<\/span><\/span><\/p>\n<p align=\"justify\"><span style=\"font-family: Georgia, serif;\"><span style=\"font-size: large;\">En el marco de la narrativa espa\u00f1ola contempor\u00e1nea, <em>Respirar por la herida<\/em> ocupa un lugar significativo. V\u00edctor del \u00c1rbol pertenece a una promoci\u00f3n de autores que han ensanchado los l\u00edmites de la novela de suspense al introducir en ella una ambici\u00f3n psicol\u00f3gica y moral poco habitual. Frente a cierta narrativa de consumo r\u00e1pido, basada en la acumulaci\u00f3n de peripecias, sus novelas aspiran a algo m\u00e1s inc\u00f3modo: mostrar que el mal no siempre irrumpe desde fuera, sino que se entrevera con la fragilidad, la cobard\u00eda o la desesperaci\u00f3n de individuos ordinarios. En ese sentido, su obra dialoga con una tradici\u00f3n europea en la que el crimen importa menos como enigma que como prueba de conciencia.<\/span><\/span><\/p>\n<p align=\"justify\"><span style=\"font-family: Georgia, serif;\"><span style=\"font-size: large;\">La lectura interpretativa m\u00e1s f\u00e9rtil de esta novela pasa, precisamente, por entenderla como una indagaci\u00f3n sobre la imposibilidad de una reparaci\u00f3n plena. El dolor de los personajes los empuja a buscar responsables, sustitutos del castigo o formas de restituci\u00f3n simb\u00f3lica, pero la novela sugiere que ninguna de esas operaciones cancela la herida original. Respirar por ella \u2014como indica el t\u00edtulo\u2014 no equivale a cerrarla, sino a aprender a vivir desde su persistencia. Ah\u00ed reside su n\u00facleo \u00e9tico: en mostrar que la culpa y el duelo no se resuelven, en muchos casos, mediante la justicia, la venganza o el perd\u00f3n, sino a trav\u00e9s de una convivencia precaria con lo irreparable.<\/span><\/span><\/p>\n<p align=\"justify\"><span style=\"font-family: Georgia, serif;\"><span style=\"font-size: large;\">Esa es, en \u00faltimo t\u00e9rmino, la raz\u00f3n principal para leerla. No porque ofrezca consuelo, ni porque simplifique el sufrimiento bajo una moraleja, sino porque se atreve a mirar de frente la complejidad moral de la p\u00e9rdida. Y al hacerlo, confirma que la mejor narrativa contempor\u00e1nea no es la que explica el dolor, sino la que lo convierte en una forma de conocimiento.<\/span><\/span><\/p>\n<p align=\"justify\"><strong>PUNTO Y SEGUIDO &#8211; Marcos G\u00f3mez-Puertas<\/strong><\/p>\n","protected":false},"excerpt":{"rendered":"<p>Por qu\u00e9 leer Respirar por la herida Leer Respirar por la herida sigue siendo pertinente porque en esta novela V\u00edctor del \u00c1rbol demuestra una de las virtudes menos frecuentes de la narrativa contempor\u00e1nea: convertir el dolor en una pregunta moral sin rebajarlo a simple mecanismo de intriga. Hay novelas que administran bien el suspense y [&hellip;]<\/p>\n","protected":false},"author":94,"featured_media":28012,"comment_status":"open","ping_status":"closed","sticky":false,"template":"","format":"standard","meta":{"footnotes":""},"categories":[1124],"tags":[249,2911,229],"class_list":{"0":"post-28009","1":"post","2":"type-post","3":"status-publish","4":"format-standard","5":"has-post-thumbnail","7":"category-por-que-leer","8":"tag-alreves-editorial","9":"tag-novela-negra","10":"tag-victor-del-arbol"},"yoast_head":"<!-- This site is optimized with the Yoast SEO plugin v27.5 - https:\/\/yoast.com\/product\/yoast-seo-wordpress\/ -->\n<title>Respirar por la herida, de V\u00edctor del \u00c1rbol | HOJAS SUELTAS Peri\u00f3dico Cultural<\/title>\n<meta name=\"description\" content=\"\u00b4POR QUE LEER...En \u00faltimo t\u00e9rmino, la raz\u00f3n principal para leerla. No porque ofrezca consuelo, ni porque simplifique el sufrimiento bajo una moraleja, sino porque se atreve a mirar de frente la complejidad moral de la p\u00e9rdida\" \/>\n<meta name=\"robots\" content=\"index, follow, max-snippet:-1, max-image-preview:large, max-video-preview:-1\" \/>\n<link rel=\"canonical\" href=\"https:\/\/hojassueltas.es\/?p=28009\" \/>\n<meta property=\"og:locale\" content=\"es_ES\" \/>\n<meta property=\"og:type\" content=\"article\" \/>\n<meta property=\"og:title\" content=\"Respirar por la herida, de V\u00edctor del \u00c1rbol | HOJAS SUELTAS Peri\u00f3dico Cultural\" \/>\n<meta property=\"og:description\" content=\"\u00b4POR QUE LEER...En \u00faltimo t\u00e9rmino, la raz\u00f3n principal para leerla. No porque ofrezca consuelo, ni porque simplifique el sufrimiento bajo una moraleja, sino porque se atreve a mirar de frente la complejidad moral de la p\u00e9rdida\" \/>\n<meta property=\"og:url\" content=\"https:\/\/hojassueltas.es\/?p=28009\" \/>\n<meta property=\"og:site_name\" content=\"HOJAS SUELTAS Peri\u00f3dico Cultural\" \/>\n<meta property=\"article:published_time\" content=\"2026-03-08T22:00:32+00:00\" \/>\n<meta property=\"article:modified_time\" content=\"2026-03-10T08:00:11+00:00\" \/>\n<meta property=\"og:image\" content=\"https:\/\/hojassueltas.es\/wp-content\/uploads\/2026\/03\/rESPIRAR-POR-lA-herida_-H.S.png\" \/>\n\t<meta property=\"og:image:width\" content=\"1920\" \/>\n\t<meta property=\"og:image:height\" content=\"1280\" \/>\n\t<meta property=\"og:image:type\" content=\"image\/png\" \/>\n<meta name=\"author\" content=\"Punto y Seguido - Marcos G\u00f3mez-Puertas\" \/>\n<meta name=\"twitter:card\" content=\"summary_large_image\" \/>\n<meta name=\"twitter:creator\" content=\"@HOJASSUELTAS22\" \/>\n<meta name=\"twitter:site\" content=\"@HOJASSUELTAS22\" \/>\n<meta name=\"twitter:label1\" content=\"Escrito por\" \/>\n\t<meta name=\"twitter:data1\" content=\"Punto y Seguido - Marcos G\u00f3mez-Puertas\" \/>\n\t<meta name=\"twitter:label2\" content=\"Tiempo de lectura\" \/>\n\t<meta name=\"twitter:data2\" content=\"5 minutos\" \/>\n<script type=\"application\/ld+json\" class=\"yoast-schema-graph\">{\"@context\":\"https:\\\/\\\/schema.org\",\"@graph\":[{\"@type\":[\"Article\",\"BlogPosting\"],\"@id\":\"https:\\\/\\\/hojassueltas.es\\\/?p=28009#article\",\"isPartOf\":{\"@id\":\"https:\\\/\\\/hojassueltas.es\\\/?p=28009\"},\"author\":{\"name\":\"Punto y Seguido - Marcos G\u00f3mez-Puertas\",\"@id\":\"https:\\\/\\\/hojassueltas.es\\\/#\\\/schema\\\/person\\\/74898c937e096a898bdf112cf2f94879\"},\"headline\":\"Respirar por la herida, de V\u00edctor del \u00c1rbol\",\"datePublished\":\"2026-03-08T22:00:32+00:00\",\"dateModified\":\"2026-03-10T08:00:11+00:00\",\"mainEntityOfPage\":{\"@id\":\"https:\\\/\\\/hojassueltas.es\\\/?p=28009\"},\"wordCount\":950,\"commentCount\":0,\"publisher\":{\"@id\":\"https:\\\/\\\/hojassueltas.es\\\/#organization\"},\"image\":{\"@id\":\"https:\\\/\\\/hojassueltas.es\\\/?p=28009#primaryimage\"},\"thumbnailUrl\":\"https:\\\/\\\/hojassueltas.es\\\/wp-content\\\/uploads\\\/2026\\\/03\\\/rESPIRAR-POR-lA-herida_-H.S.png\",\"keywords\":[\"Alrev\u00e9s Editorial\",\"Novela Negra\",\"V\u00edctor del \u00c1rbol\"],\"articleSection\":[\"POR QU\u00c9 LEER...\"],\"inLanguage\":\"es\",\"potentialAction\":[{\"@type\":\"CommentAction\",\"name\":\"Comment\",\"target\":[\"https:\\\/\\\/hojassueltas.es\\\/?p=28009#respond\"]}]},{\"@type\":\"WebPage\",\"@id\":\"https:\\\/\\\/hojassueltas.es\\\/?p=28009\",\"url\":\"https:\\\/\\\/hojassueltas.es\\\/?p=28009\",\"name\":\"Respirar por la herida, de V\u00edctor del \u00c1rbol | HOJAS SUELTAS Peri\u00f3dico Cultural\",\"isPartOf\":{\"@id\":\"https:\\\/\\\/hojassueltas.es\\\/#website\"},\"primaryImageOfPage\":{\"@id\":\"https:\\\/\\\/hojassueltas.es\\\/?p=28009#primaryimage\"},\"image\":{\"@id\":\"https:\\\/\\\/hojassueltas.es\\\/?p=28009#primaryimage\"},\"thumbnailUrl\":\"https:\\\/\\\/hojassueltas.es\\\/wp-content\\\/uploads\\\/2026\\\/03\\\/rESPIRAR-POR-lA-herida_-H.S.png\",\"datePublished\":\"2026-03-08T22:00:32+00:00\",\"dateModified\":\"2026-03-10T08:00:11+00:00\",\"description\":\"\u00b4POR QUE LEER...En \u00faltimo t\u00e9rmino, la raz\u00f3n principal para leerla. No porque ofrezca consuelo, ni porque simplifique el sufrimiento bajo una moraleja, sino porque se atreve a mirar de frente la complejidad moral de la p\u00e9rdida\",\"breadcrumb\":{\"@id\":\"https:\\\/\\\/hojassueltas.es\\\/?p=28009#breadcrumb\"},\"inLanguage\":\"es\",\"potentialAction\":[{\"@type\":\"ReadAction\",\"target\":[\"https:\\\/\\\/hojassueltas.es\\\/?p=28009\"]}]},{\"@type\":\"ImageObject\",\"inLanguage\":\"es\",\"@id\":\"https:\\\/\\\/hojassueltas.es\\\/?p=28009#primaryimage\",\"url\":\"https:\\\/\\\/hojassueltas.es\\\/wp-content\\\/uploads\\\/2026\\\/03\\\/rESPIRAR-POR-lA-herida_-H.S.png\",\"contentUrl\":\"https:\\\/\\\/hojassueltas.es\\\/wp-content\\\/uploads\\\/2026\\\/03\\\/rESPIRAR-POR-lA-herida_-H.S.png\",\"width\":1920,\"height\":1280},{\"@type\":\"BreadcrumbList\",\"@id\":\"https:\\\/\\\/hojassueltas.es\\\/?p=28009#breadcrumb\",\"itemListElement\":[{\"@type\":\"ListItem\",\"position\":1,\"name\":\"Portada\",\"item\":\"https:\\\/\\\/hojassueltas.es\\\/\"},{\"@type\":\"ListItem\",\"position\":2,\"name\":\"Respirar por la herida, de V\u00edctor del \u00c1rbol\"}]},{\"@type\":\"WebSite\",\"@id\":\"https:\\\/\\\/hojassueltas.es\\\/#website\",\"url\":\"https:\\\/\\\/hojassueltas.es\\\/\",\"name\":\"HojasSueltas.es\",\"description\":\"GRANADA - Peri\u00f3dico Cultural\",\"publisher\":{\"@id\":\"https:\\\/\\\/hojassueltas.es\\\/#organization\"},\"alternateName\":\"H.S. Periodico Cultural\",\"potentialAction\":[{\"@type\":\"SearchAction\",\"target\":{\"@type\":\"EntryPoint\",\"urlTemplate\":\"https:\\\/\\\/hojassueltas.es\\\/?s={search_term_string}\"},\"query-input\":{\"@type\":\"PropertyValueSpecification\",\"valueRequired\":true,\"valueName\":\"search_term_string\"}}],\"inLanguage\":\"es\"},{\"@type\":\"Organization\",\"@id\":\"https:\\\/\\\/hojassueltas.es\\\/#organization\",\"name\":\"HOJAS SUELTAS - Peri\u00f3dico Cultural\",\"alternateName\":\"HS - HOJAS SUELTAS Peri\u00f3dico Cultural\",\"url\":\"https:\\\/\\\/hojassueltas.es\\\/\",\"logo\":{\"@type\":\"ImageObject\",\"inLanguage\":\"es\",\"@id\":\"https:\\\/\\\/hojassueltas.es\\\/#\\\/schema\\\/logo\\\/image\\\/\",\"url\":\"https:\\\/\\\/hojassueltas.es\\\/wp-content\\\/uploads\\\/2025\\\/08\\\/Icono-HS_2.png\",\"contentUrl\":\"https:\\\/\\\/hojassueltas.es\\\/wp-content\\\/uploads\\\/2025\\\/08\\\/Icono-HS_2.png\",\"width\":500,\"height\":500,\"caption\":\"HOJAS SUELTAS - Peri\u00f3dico Cultural\"},\"image\":{\"@id\":\"https:\\\/\\\/hojassueltas.es\\\/#\\\/schema\\\/logo\\\/image\\\/\"},\"sameAs\":[\"https:\\\/\\\/x.com\\\/HOJASSUELTAS22\"]},{\"@type\":\"Person\",\"@id\":\"https:\\\/\\\/hojassueltas.es\\\/#\\\/schema\\\/person\\\/74898c937e096a898bdf112cf2f94879\",\"name\":\"Punto y Seguido - Marcos G\u00f3mez-Puertas\",\"image\":{\"@type\":\"ImageObject\",\"inLanguage\":\"es\",\"@id\":\"https:\\\/\\\/hojassueltas.es\\\/wp-content\\\/uploads\\\/2026\\\/02\\\/Marcos-Gomez-Puertas_3-96x96.png\",\"url\":\"https:\\\/\\\/hojassueltas.es\\\/wp-content\\\/uploads\\\/2026\\\/02\\\/Marcos-Gomez-Puertas_3-96x96.png\",\"contentUrl\":\"https:\\\/\\\/hojassueltas.es\\\/wp-content\\\/uploads\\\/2026\\\/02\\\/Marcos-Gomez-Puertas_3-96x96.png\",\"caption\":\"Punto y Seguido - Marcos G\u00f3mez-Puertas\"},\"description\":\"Toledano. Psicologo. Escritor bajo seud\u00f3nimo de novelas de g\u00e9nero negro y suspense. Asiste, cuando su profesi\u00f3n se lo permite, a festivales noir. Lector apasionado, rese\u00f1a novelas de vez en cuando.\",\"url\":\"https:\\\/\\\/hojassueltas.es\\\/?author=94\"}]}<\/script>\n<!-- \/ Yoast SEO plugin. -->","yoast_head_json":{"title":"Respirar por la herida, de V\u00edctor del \u00c1rbol | HOJAS SUELTAS Peri\u00f3dico Cultural","description":"\u00b4POR QUE LEER...En \u00faltimo t\u00e9rmino, la raz\u00f3n principal para leerla. No porque ofrezca consuelo, ni porque simplifique el sufrimiento bajo una moraleja, sino porque se atreve a mirar de frente la complejidad moral de la p\u00e9rdida","robots":{"index":"index","follow":"follow","max-snippet":"max-snippet:-1","max-image-preview":"max-image-preview:large","max-video-preview":"max-video-preview:-1"},"canonical":"https:\/\/hojassueltas.es\/?p=28009","og_locale":"es_ES","og_type":"article","og_title":"Respirar por la herida, de V\u00edctor del \u00c1rbol | HOJAS SUELTAS Peri\u00f3dico Cultural","og_description":"\u00b4POR QUE LEER...En \u00faltimo t\u00e9rmino, la raz\u00f3n principal para leerla. No porque ofrezca consuelo, ni porque simplifique el sufrimiento bajo una moraleja, sino porque se atreve a mirar de frente la complejidad moral de la p\u00e9rdida","og_url":"https:\/\/hojassueltas.es\/?p=28009","og_site_name":"HOJAS SUELTAS Peri\u00f3dico Cultural","article_published_time":"2026-03-08T22:00:32+00:00","article_modified_time":"2026-03-10T08:00:11+00:00","og_image":[{"width":1920,"height":1280,"url":"https:\/\/hojassueltas.es\/wp-content\/uploads\/2026\/03\/rESPIRAR-POR-lA-herida_-H.S.png","type":"image\/png"}],"author":"Punto y Seguido - Marcos G\u00f3mez-Puertas","twitter_card":"summary_large_image","twitter_creator":"@HOJASSUELTAS22","twitter_site":"@HOJASSUELTAS22","twitter_misc":{"Escrito por":"Punto y Seguido - Marcos G\u00f3mez-Puertas","Tiempo de lectura":"5 minutos"},"schema":{"@context":"https:\/\/schema.org","@graph":[{"@type":["Article","BlogPosting"],"@id":"https:\/\/hojassueltas.es\/?p=28009#article","isPartOf":{"@id":"https:\/\/hojassueltas.es\/?p=28009"},"author":{"name":"Punto y Seguido - Marcos G\u00f3mez-Puertas","@id":"https:\/\/hojassueltas.es\/#\/schema\/person\/74898c937e096a898bdf112cf2f94879"},"headline":"Respirar por la herida, de V\u00edctor del \u00c1rbol","datePublished":"2026-03-08T22:00:32+00:00","dateModified":"2026-03-10T08:00:11+00:00","mainEntityOfPage":{"@id":"https:\/\/hojassueltas.es\/?p=28009"},"wordCount":950,"commentCount":0,"publisher":{"@id":"https:\/\/hojassueltas.es\/#organization"},"image":{"@id":"https:\/\/hojassueltas.es\/?p=28009#primaryimage"},"thumbnailUrl":"https:\/\/hojassueltas.es\/wp-content\/uploads\/2026\/03\/rESPIRAR-POR-lA-herida_-H.S.png","keywords":["Alrev\u00e9s Editorial","Novela Negra","V\u00edctor del \u00c1rbol"],"articleSection":["POR QU\u00c9 LEER..."],"inLanguage":"es","potentialAction":[{"@type":"CommentAction","name":"Comment","target":["https:\/\/hojassueltas.es\/?p=28009#respond"]}]},{"@type":"WebPage","@id":"https:\/\/hojassueltas.es\/?p=28009","url":"https:\/\/hojassueltas.es\/?p=28009","name":"Respirar por la herida, de V\u00edctor del \u00c1rbol | HOJAS SUELTAS Peri\u00f3dico Cultural","isPartOf":{"@id":"https:\/\/hojassueltas.es\/#website"},"primaryImageOfPage":{"@id":"https:\/\/hojassueltas.es\/?p=28009#primaryimage"},"image":{"@id":"https:\/\/hojassueltas.es\/?p=28009#primaryimage"},"thumbnailUrl":"https:\/\/hojassueltas.es\/wp-content\/uploads\/2026\/03\/rESPIRAR-POR-lA-herida_-H.S.png","datePublished":"2026-03-08T22:00:32+00:00","dateModified":"2026-03-10T08:00:11+00:00","description":"\u00b4POR QUE LEER...En \u00faltimo t\u00e9rmino, la raz\u00f3n principal para leerla. No porque ofrezca consuelo, ni porque simplifique el sufrimiento bajo una moraleja, sino porque se atreve a mirar de frente la complejidad moral de la p\u00e9rdida","breadcrumb":{"@id":"https:\/\/hojassueltas.es\/?p=28009#breadcrumb"},"inLanguage":"es","potentialAction":[{"@type":"ReadAction","target":["https:\/\/hojassueltas.es\/?p=28009"]}]},{"@type":"ImageObject","inLanguage":"es","@id":"https:\/\/hojassueltas.es\/?p=28009#primaryimage","url":"https:\/\/hojassueltas.es\/wp-content\/uploads\/2026\/03\/rESPIRAR-POR-lA-herida_-H.S.png","contentUrl":"https:\/\/hojassueltas.es\/wp-content\/uploads\/2026\/03\/rESPIRAR-POR-lA-herida_-H.S.png","width":1920,"height":1280},{"@type":"BreadcrumbList","@id":"https:\/\/hojassueltas.es\/?p=28009#breadcrumb","itemListElement":[{"@type":"ListItem","position":1,"name":"Portada","item":"https:\/\/hojassueltas.es\/"},{"@type":"ListItem","position":2,"name":"Respirar por la herida, de V\u00edctor del \u00c1rbol"}]},{"@type":"WebSite","@id":"https:\/\/hojassueltas.es\/#website","url":"https:\/\/hojassueltas.es\/","name":"HojasSueltas.es","description":"GRANADA - Peri\u00f3dico Cultural","publisher":{"@id":"https:\/\/hojassueltas.es\/#organization"},"alternateName":"H.S. Periodico Cultural","potentialAction":[{"@type":"SearchAction","target":{"@type":"EntryPoint","urlTemplate":"https:\/\/hojassueltas.es\/?s={search_term_string}"},"query-input":{"@type":"PropertyValueSpecification","valueRequired":true,"valueName":"search_term_string"}}],"inLanguage":"es"},{"@type":"Organization","@id":"https:\/\/hojassueltas.es\/#organization","name":"HOJAS SUELTAS - Peri\u00f3dico Cultural","alternateName":"HS - HOJAS SUELTAS Peri\u00f3dico Cultural","url":"https:\/\/hojassueltas.es\/","logo":{"@type":"ImageObject","inLanguage":"es","@id":"https:\/\/hojassueltas.es\/#\/schema\/logo\/image\/","url":"https:\/\/hojassueltas.es\/wp-content\/uploads\/2025\/08\/Icono-HS_2.png","contentUrl":"https:\/\/hojassueltas.es\/wp-content\/uploads\/2025\/08\/Icono-HS_2.png","width":500,"height":500,"caption":"HOJAS SUELTAS - Peri\u00f3dico Cultural"},"image":{"@id":"https:\/\/hojassueltas.es\/#\/schema\/logo\/image\/"},"sameAs":["https:\/\/x.com\/HOJASSUELTAS22"]},{"@type":"Person","@id":"https:\/\/hojassueltas.es\/#\/schema\/person\/74898c937e096a898bdf112cf2f94879","name":"Punto y Seguido - Marcos G\u00f3mez-Puertas","image":{"@type":"ImageObject","inLanguage":"es","@id":"https:\/\/hojassueltas.es\/wp-content\/uploads\/2026\/02\/Marcos-Gomez-Puertas_3-96x96.png","url":"https:\/\/hojassueltas.es\/wp-content\/uploads\/2026\/02\/Marcos-Gomez-Puertas_3-96x96.png","contentUrl":"https:\/\/hojassueltas.es\/wp-content\/uploads\/2026\/02\/Marcos-Gomez-Puertas_3-96x96.png","caption":"Punto y Seguido - Marcos G\u00f3mez-Puertas"},"description":"Toledano. Psicologo. Escritor bajo seud\u00f3nimo de novelas de g\u00e9nero negro y suspense. Asiste, cuando su profesi\u00f3n se lo permite, a festivales noir. Lector apasionado, rese\u00f1a novelas de vez en cuando.","url":"https:\/\/hojassueltas.es\/?author=94"}]}},"_links":{"self":[{"href":"https:\/\/hojassueltas.es\/index.php?rest_route=\/wp\/v2\/posts\/28009","targetHints":{"allow":["GET"]}}],"collection":[{"href":"https:\/\/hojassueltas.es\/index.php?rest_route=\/wp\/v2\/posts"}],"about":[{"href":"https:\/\/hojassueltas.es\/index.php?rest_route=\/wp\/v2\/types\/post"}],"author":[{"embeddable":true,"href":"https:\/\/hojassueltas.es\/index.php?rest_route=\/wp\/v2\/users\/94"}],"replies":[{"embeddable":true,"href":"https:\/\/hojassueltas.es\/index.php?rest_route=%2Fwp%2Fv2%2Fcomments&post=28009"}],"version-history":[{"count":1,"href":"https:\/\/hojassueltas.es\/index.php?rest_route=\/wp\/v2\/posts\/28009\/revisions"}],"predecessor-version":[{"id":28013,"href":"https:\/\/hojassueltas.es\/index.php?rest_route=\/wp\/v2\/posts\/28009\/revisions\/28013"}],"wp:featuredmedia":[{"embeddable":true,"href":"https:\/\/hojassueltas.es\/index.php?rest_route=\/wp\/v2\/media\/28012"}],"wp:attachment":[{"href":"https:\/\/hojassueltas.es\/index.php?rest_route=%2Fwp%2Fv2%2Fmedia&parent=28009"}],"wp:term":[{"taxonomy":"category","embeddable":true,"href":"https:\/\/hojassueltas.es\/index.php?rest_route=%2Fwp%2Fv2%2Fcategories&post=28009"},{"taxonomy":"post_tag","embeddable":true,"href":"https:\/\/hojassueltas.es\/index.php?rest_route=%2Fwp%2Fv2%2Ftags&post=28009"}],"curies":[{"name":"wp","href":"https:\/\/api.w.org\/{rel}","templated":true}]}}