{"id":28005,"date":"2026-03-09T00:00:10","date_gmt":"2026-03-08T22:00:10","guid":{"rendered":"https:\/\/hojassueltas.es\/?p=28005"},"modified":"2026-03-08T20:08:45","modified_gmt":"2026-03-08T18:08:45","slug":"la-colmena-de-camilo-jose-cela","status":"publish","type":"post","link":"https:\/\/hojassueltas.es\/?p=28005","title":{"rendered":"La colmena, de Camilo Jos\u00e9 Cela"},"content":{"rendered":"<p align=\"justify\"><span style=\"font-family: Cambria Math, serif;\"><span style=\"font-size: large;\"><strong>La colmena, o el arte de narrar por enjambre<\/strong><\/span><\/span><\/p>\n<p align=\"justify\"><span style=\"font-family: Cambria Math, serif;\"><span style=\"font-size: large;\">Hay novelas cuya ambici\u00f3n no consiste en levantar una gran arquitectura visible, sino en conseguir que una suma de fragmentos, casi de esquirlas, termine produciendo la sensaci\u00f3n de un mundo entero. <em>La colmena<\/em> pertenece a esa clase de libros. Su vigencia no depende tanto de la condici\u00f3n de \u201cdocumento\u201d sobre la posguerra espa\u00f1ola, que la tuvo y la sigue teniendo, como de una soluci\u00f3n t\u00e9cnica de primer orden: Cela encuentra una forma narrativa capaz de traducir la atomizaci\u00f3n moral y material de su tiempo sin caer ni en la tesis ni en el pintoresquismo. El logro de la novela no est\u00e1 en lo que cuenta, sino en c\u00f3mo dispone las vidas, c\u00f3mo las hace rozarse, c\u00f3mo convierte la discontinuidad en una figura de conjunto.<\/span><\/span><\/p>\n<p align=\"justify\"><span style=\"font-family: Cambria Math, serif;\"><span style=\"font-size: large;\">El motivo t\u00e9cnico central de <em>La colmena<\/em> es, precisamente, la polifon\u00eda articulada por montaje. No se trata s\u00f3lo de que aparezcan muchos personajes, sino de que ninguno adquiere el monopolio de la mirada ni del sentido. Cela renuncia al privilegio de una conciencia rectora y organiza la novela como una circulaci\u00f3n inestable de voces, gestos, conversaciones, entradas y salidas. La unidad no nace de un argumento fuerte, sino de una acumulaci\u00f3n r\u00edtmica. El libro avanza por escenas breves, a menudo cortadas en seco, que obligan al lector a recomponer relaciones, jerarqu\u00edas y continuidades. Esa renuncia a la linealidad cl\u00e1sica es algo m\u00e1s que un procedimiento moderno: es la forma adecuada para representar una sociedad deshilachada, donde los v\u00ednculos existen, pero rara vez cristalizan en comunidad verdadera.<\/span><\/span><\/p>\n<p align=\"justify\"><span style=\"font-family: Cambria Math, serif;\"><span style=\"font-size: large;\">Conviene subrayar que la fragmentaci\u00f3n de <em>La colmena<\/em> no es dispersi\u00f3n. Hay en Cela una mano compositiva muy estricta. El montaje distribuye apariciones, repeticiones y ecos con una precisi\u00f3n casi musical. Algunos personajes vuelven en momentos distintos y bajo luces distintas; ciertos espacios funcionan como nudos de circulaci\u00f3n; algunas frases, tonos o conductas reaparecen como motivos de una partitura. De ah\u00ed que la novela produzca una impresi\u00f3n doble, muy caracter\u00edstica: por un lado, contingencia, azar, vida captada al vuelo; por otro, una conciencia formal que ordena ese material sin exhibir el andamiaje. Cela trabaja con el fragmento, pero no improvisa. Su aparente libertad est\u00e1 sostenida por una econom\u00eda severa del corte y de la disposici\u00f3n.<\/span><\/span><\/p>\n<p align=\"justify\"><span style=\"font-family: Cambria Math, serif;\"><span style=\"font-size: large;\">Esa t\u00e9cnica exige una voz narrativa singular. El narrador de <em>La colmena<\/em> no se instala ni en la neutralidad plena ni en la omnisciencia psicol\u00f3gica tradicional. Observa, registra, selecciona y, a veces, desliza una inflexi\u00f3n ir\u00f3nica o una sequedad valorativa que basta para orientar la lectura sin convertirla en serm\u00f3n. Su distancia resulta decisiva. Cela no sentimentaliza la miseria ni ennoblece por sistema a sus criaturas; tampoco las condena desde un punto de vista exterior y seguro. M\u00e1s bien las sit\u00faa bajo una luz dura, de una piedad escasa pero no inexistente, en la que la mezquindad, el deseo, el hambre, la rutina y el miedo aparecen mezclados. Esa mezcla es uno de los mayores aciertos \u00e9ticos del libro. Frente a una literatura que habr\u00eda podido buscar h\u00e9roes o v\u00edctimas puras, <em>La colmena<\/em> ofrece individuos erosionados por las circunstancias, pero tambi\u00e9n responsables, en distinta medida, de sus peque\u00f1os acomodos, sus cobard\u00edas y sus abusos.<\/span><\/span><\/p>\n<p align=\"justify\"><span style=\"font-family: Cambria Math, serif;\"><span style=\"font-size: large;\">El lenguaje participa plenamente de esa po\u00e9tica. Cela escribe con una prosa sobria, muy atenta a la modulaci\u00f3n coloquial, al detalle significativo y a la frase de corte limpio. La oralidad ocupa un lugar decisivo, no como simple reproducci\u00f3n costumbrista del habla, sino como instrumento de caracterizaci\u00f3n y de estratificaci\u00f3n social. En los di\u00e1logos se oye una ciudad fatigada, vigilada, regida por la necesidad y por una moral hip\u00f3crita. Pero la eficacia verbal de la novela no reside s\u00f3lo en el o\u00eddo. Tambi\u00e9n importa la capacidad de condensaci\u00f3n: en pocas l\u00edneas, Cela fija una atm\u00f3sfera, una tensi\u00f3n o un tipo humano sin recurrir a largas explicaciones. Esa econom\u00eda expresiva es inseparable del dise\u00f1o fragmentario: cada escena debe valer por s\u00ed misma y, al mismo tiempo, dejar una reverberaci\u00f3n que contin\u00fae fuera de ella.<\/span><\/span><\/p>\n<p align=\"justify\"><span style=\"font-family: Cambria Math, serif;\"><span style=\"font-size: large;\">Hay, adem\u00e1s, una relaci\u00f3n muy f\u00e9rtil entre forma y contexto. Se ha le\u00eddo <em>La colmena<\/em> como una de las novelas fundamentales de la inmediata posguerra, y lo es. Pero su inscripci\u00f3n hist\u00f3rica no debe entenderse en t\u00e9rminos de mero reflejo sociol\u00f3gico. Cela no \u201cretrata\u201d simplemente una \u00e9poca: encuentra una sintaxis narrativa para su clima moral. La escasez, la represi\u00f3n, la vigilancia, la degradaci\u00f3n del trato humano y la imposibilidad de una vida privada libre no aparecen convertidas en tesis expl\u00edcita, sino encarnadas en el modo mismo en que la novela se mueve. El mundo de <em>La colmena<\/em> est\u00e1 hecho de interrupciones, de precariedades, de conversaciones a media voz, de energ\u00edas desviadas hacia la supervivencia o la picaresca menor. La censura hist\u00f3rica encuentra su correlato est\u00e9tico en una narraci\u00f3n que avanza a saltos, como si toda continuidad estuviera amenazada de ra\u00edz.<\/span><\/span><\/p>\n<p align=\"justify\"><span style=\"font-family: Cambria Math, serif;\"><span style=\"font-size: large;\">En ese sentido, la novela ocupa un lugar singular en la evoluci\u00f3n de la narrativa espa\u00f1ola de mediados del siglo XX. Comparte con ciertas l\u00edneas del realismo la atenci\u00f3n al tejido social y a la vida com\u00fan, pero se aparta del realismo m\u00e1s program\u00e1tico por su complejidad compositiva y por su negativa a simplificar el campo moral. Tambi\u00e9n dialoga, de manera oblicua, con tradiciones europeas de la novela urbana y coral, pero sin perder un espesor local muy reconocible. Lo decisivo es que Cela demuestra que la novela social puede ser, al mismo tiempo, una novela de construcci\u00f3n rigurosa, de fuerte invenci\u00f3n formal. Ah\u00ed radica una parte esencial de su modernidad: en haber entendido que la representaci\u00f3n de una sociedad quebrada exig\u00eda quebrar tambi\u00e9n ciertas inercias del relato heredado.<\/span><\/span><\/p>\n<p align=\"justify\"><span style=\"font-family: Cambria Math, serif;\"><span style=\"font-size: large;\">La lectura interpretativa m\u00e1s fecunda de <em>La colmena<\/em> pasa, a mi juicio, por considerar que su verdadero protagonista no es una ciudad ni un conjunto de personajes, sino una forma hist\u00f3rica de la desposesi\u00f3n. No s\u00f3lo la pobreza material, aunque \u00e9sta sea constante, sino la reducci\u00f3n del sujeto a una existencia sin horizonte, sometida a mecanismos de humillaci\u00f3n menuda y de control difuso. La novela no presenta esa desposesi\u00f3n como una abstracci\u00f3n ideol\u00f3gica, sino como una textura cotidiana: en la manera de hablar, de callar, de mirar al otro, de negociar el deseo, el dinero o el prestigio m\u00ednimo. De ah\u00ed que la colmena del t\u00edtulo no sugiera una comunidad org\u00e1nica, laboriosa y arm\u00f3nica, sino un hacinamiento de trayectorias que coexisten sin llegar a constituir un verdadero nosotros. El enjambre no simboliza aqu\u00ed una plenitud colectiva, sino una congesti\u00f3n humana donde la proximidad no elimina la soledad.<\/span><\/span><\/p>\n<p align=\"justify\"><span style=\"font-family: Cambria Math, serif;\"><span style=\"font-size: large;\">Por eso mismo, el valor \u00e9tico del libro no consiste en impartir una lecci\u00f3n moral cerrada, sino en obligar al lector a habitar una zona de incomodidad. Cela muestra c\u00f3mo un orden pol\u00edtico y social degradado corroe las relaciones entre las personas, pero tambi\u00e9n c\u00f3mo esa corrosi\u00f3n se interioriza y se reproduce en comportamientos \u00ednfimos, casi autom\u00e1ticos. La violencia institucionalizada no aparece siempre con rostro espectacular; se filtra en el lenguaje, en la disciplina de los cuerpos, en la administraci\u00f3n del miedo y de la necesidad. <em>La colmena<\/em> sigue siendo una novela incisiva porque sabe que la injusticia hist\u00f3rica no s\u00f3lo produce v\u00edctimas visibles: produce estilos de vida da\u00f1ados, afectos amputados, imaginaciones encogidas. Esa intuici\u00f3n le da una densidad que supera con mucho su coyuntura inmediata.<\/span><\/span><\/p>\n<p align=\"justify\"><span style=\"font-family: Cambria Math, serif;\"><span style=\"font-size: large;\">Le\u00edda hoy, la novela conserva intacta una ense\u00f1anza formal que importa tanto como su potencia hist\u00f3rica. Ense\u00f1a que la amplitud de un mundo narrativo no depende del despliegue argumental, sino de la precisi\u00f3n en la selecci\u00f3n y en el montaje; que la pluralidad de voces no exige confusi\u00f3n, sino o\u00eddo; que la econom\u00eda expresiva puede ser m\u00e1s reveladora que la acumulaci\u00f3n explicativa; y que una novela puede alcanzar espesor moral sin necesidad de declararse moralizante. Para quienes escriben, <em>La colmena<\/em> sigue siendo una lecci\u00f3n de composici\u00f3n y de mirada: muestra c\u00f3mo sostener una realidad coral con escenas breves, c\u00f3mo hacer que cada fragmento empuje hacia un conjunto mayor y c\u00f3mo convertir la sobriedad en una forma de intensidad. Por eso conviene recomendarla, de manera muy particular, a los escritores: no s\u00f3lo por lo que dice sobre un tiempo, sino por lo que ense\u00f1a sobre el oficio de narrar.<\/span><\/span><\/p>\n<p>PUNTO Y SEGUIDO &#8211; Susana Di\u00e9guez<\/p>\n<p>M\u00e1s sobre La colmena:<\/p>\n<blockquote class=\"wp-embedded-content\" data-secret=\"De5CVldUof\"><p><a href=\"https:\/\/hojassueltas.es\/?p=14496\">Sab\u00edas que&#8230; \u00abLa Colmena\u00bb de Camilo Jos\u00e9 Cela fue prohibida en Espa\u00f1a<\/a><\/p><\/blockquote>\n<p><iframe loading=\"lazy\" class=\"wp-embedded-content\" sandbox=\"allow-scripts\" security=\"restricted\" style=\"position: absolute; visibility: hidden;\" title=\"\u00abSab\u00edas que&#8230; \u00abLa Colmena\u00bb de Camilo Jos\u00e9 Cela fue prohibida en Espa\u00f1a\u00bb \u2014 HOJAS SUELTAS Peri\u00f3dico Cultural\" src=\"https:\/\/hojassueltas.es\/?p=14496&#038;embed=true#?secret=5cltJP18s0#?secret=De5CVldUof\" data-secret=\"De5CVldUof\" width=\"600\" height=\"338\" frameborder=\"0\" marginwidth=\"0\" marginheight=\"0\" scrolling=\"no\"><\/iframe><\/p>\n","protected":false},"excerpt":{"rendered":"<p>La colmena, o el arte de narrar por enjambre Hay novelas cuya ambici\u00f3n no consiste en levantar una gran arquitectura visible, sino en conseguir que una suma de fragmentos, casi de esquirlas, termine produciendo la sensaci\u00f3n de un mundo entero. La colmena pertenece a esa clase de libros. Su vigencia no depende tanto de la [&hellip;]<\/p>\n","protected":false},"author":96,"featured_media":28006,"comment_status":"open","ping_status":"closed","sticky":false,"template":"","format":"standard","meta":{"footnotes":""},"categories":[2367],"tags":[2592,700,2912],"class_list":{"0":"post-28005","1":"post","2":"type-post","3":"status-publish","4":"format-standard","5":"has-post-thumbnail","7":"category-lecturas-esenciales","8":"tag-camilo-jose-cela","9":"tag-catedra-editorial","10":"tag-narrativa"},"yoast_head":"<!-- This site is optimized with the Yoast SEO plugin v27.5 - https:\/\/yoast.com\/product\/yoast-seo-wordpress\/ -->\n<title>La colmena, de Camilo Jos\u00e9 Cela | LECTURAS ESENCIALES | HOJAS SUELTAS Peri\u00f3dico Cultural<\/title>\n<meta name=\"description\" content=\"LECTURAS ESENCIALES: Le\u00edda hoy, la novela conserva intacta una ense\u00f1anza formal que importa tanto como su potencia hist\u00f3rica. Ense\u00f1a que la amplitud de un mundo narrativo no depende del despliegue argumental\" \/>\n<meta name=\"robots\" content=\"index, follow, max-snippet:-1, max-image-preview:large, max-video-preview:-1\" \/>\n<link rel=\"canonical\" href=\"https:\/\/hojassueltas.es\/?p=28005\" \/>\n<meta property=\"og:locale\" content=\"es_ES\" \/>\n<meta property=\"og:type\" content=\"article\" \/>\n<meta property=\"og:title\" content=\"La colmena, de Camilo Jos\u00e9 Cela | LECTURAS ESENCIALES | HOJAS SUELTAS Peri\u00f3dico Cultural\" \/>\n<meta property=\"og:description\" content=\"LECTURAS ESENCIALES: Le\u00edda hoy, la novela conserva intacta una ense\u00f1anza formal que importa tanto como su potencia hist\u00f3rica. Ense\u00f1a que la amplitud de un mundo narrativo no depende del despliegue argumental\" \/>\n<meta property=\"og:url\" content=\"https:\/\/hojassueltas.es\/?p=28005\" \/>\n<meta property=\"og:site_name\" content=\"HOJAS SUELTAS Peri\u00f3dico Cultural\" \/>\n<meta property=\"article:published_time\" content=\"2026-03-08T22:00:10+00:00\" \/>\n<meta property=\"og:image\" content=\"https:\/\/hojassueltas.es\/wp-content\/uploads\/2026\/03\/La-colmena_-H.S.png\" \/>\n\t<meta property=\"og:image:width\" content=\"1920\" \/>\n\t<meta property=\"og:image:height\" content=\"1280\" \/>\n\t<meta property=\"og:image:type\" content=\"image\/png\" \/>\n<meta name=\"author\" content=\"Punto y Seguido - Susana Di\u00e9guez\" \/>\n<meta name=\"twitter:card\" content=\"summary_large_image\" \/>\n<meta name=\"twitter:creator\" content=\"@HOJASSUELTAS22\" \/>\n<meta name=\"twitter:site\" content=\"@HOJASSUELTAS22\" \/>\n<meta name=\"twitter:label1\" content=\"Escrito por\" \/>\n\t<meta name=\"twitter:data1\" content=\"Punto y Seguido - Susana Di\u00e9guez\" \/>\n\t<meta name=\"twitter:label2\" content=\"Tiempo de lectura\" \/>\n\t<meta name=\"twitter:data2\" content=\"7 minutos\" \/>\n<script type=\"application\/ld+json\" class=\"yoast-schema-graph\">{\"@context\":\"https:\\\/\\\/schema.org\",\"@graph\":[{\"@type\":[\"Article\",\"BlogPosting\"],\"@id\":\"https:\\\/\\\/hojassueltas.es\\\/?p=28005#article\",\"isPartOf\":{\"@id\":\"https:\\\/\\\/hojassueltas.es\\\/?p=28005\"},\"author\":{\"name\":\"Punto y Seguido - Susana Di\u00e9guez\",\"@id\":\"https:\\\/\\\/hojassueltas.es\\\/#\\\/schema\\\/person\\\/0cc721d1681d3b691885d6bdbe2ad009\"},\"headline\":\"La colmena, de Camilo Jos\u00e9 Cela\",\"datePublished\":\"2026-03-08T22:00:10+00:00\",\"mainEntityOfPage\":{\"@id\":\"https:\\\/\\\/hojassueltas.es\\\/?p=28005\"},\"wordCount\":1506,\"commentCount\":0,\"publisher\":{\"@id\":\"https:\\\/\\\/hojassueltas.es\\\/#organization\"},\"image\":{\"@id\":\"https:\\\/\\\/hojassueltas.es\\\/?p=28005#primaryimage\"},\"thumbnailUrl\":\"https:\\\/\\\/hojassueltas.es\\\/wp-content\\\/uploads\\\/2026\\\/03\\\/La-colmena_-H.S.png\",\"keywords\":[\"Camilo Jos\u00e9 Cela\",\"C\u00e1tedra Editorial\",\"Narrativa\"],\"articleSection\":[\"LECTURAS ESENCIALES\"],\"inLanguage\":\"es\",\"potentialAction\":[{\"@type\":\"CommentAction\",\"name\":\"Comment\",\"target\":[\"https:\\\/\\\/hojassueltas.es\\\/?p=28005#respond\"]}]},{\"@type\":\"WebPage\",\"@id\":\"https:\\\/\\\/hojassueltas.es\\\/?p=28005\",\"url\":\"https:\\\/\\\/hojassueltas.es\\\/?p=28005\",\"name\":\"La colmena, de Camilo Jos\u00e9 Cela | LECTURAS ESENCIALES | HOJAS SUELTAS Peri\u00f3dico Cultural\",\"isPartOf\":{\"@id\":\"https:\\\/\\\/hojassueltas.es\\\/#website\"},\"primaryImageOfPage\":{\"@id\":\"https:\\\/\\\/hojassueltas.es\\\/?p=28005#primaryimage\"},\"image\":{\"@id\":\"https:\\\/\\\/hojassueltas.es\\\/?p=28005#primaryimage\"},\"thumbnailUrl\":\"https:\\\/\\\/hojassueltas.es\\\/wp-content\\\/uploads\\\/2026\\\/03\\\/La-colmena_-H.S.png\",\"datePublished\":\"2026-03-08T22:00:10+00:00\",\"description\":\"LECTURAS ESENCIALES: Le\u00edda hoy, la novela conserva intacta una ense\u00f1anza formal que importa tanto como su potencia hist\u00f3rica. Ense\u00f1a que la amplitud de un mundo narrativo no depende del despliegue argumental\",\"breadcrumb\":{\"@id\":\"https:\\\/\\\/hojassueltas.es\\\/?p=28005#breadcrumb\"},\"inLanguage\":\"es\",\"potentialAction\":[{\"@type\":\"ReadAction\",\"target\":[\"https:\\\/\\\/hojassueltas.es\\\/?p=28005\"]}]},{\"@type\":\"ImageObject\",\"inLanguage\":\"es\",\"@id\":\"https:\\\/\\\/hojassueltas.es\\\/?p=28005#primaryimage\",\"url\":\"https:\\\/\\\/hojassueltas.es\\\/wp-content\\\/uploads\\\/2026\\\/03\\\/La-colmena_-H.S.png\",\"contentUrl\":\"https:\\\/\\\/hojassueltas.es\\\/wp-content\\\/uploads\\\/2026\\\/03\\\/La-colmena_-H.S.png\",\"width\":1920,\"height\":1280},{\"@type\":\"BreadcrumbList\",\"@id\":\"https:\\\/\\\/hojassueltas.es\\\/?p=28005#breadcrumb\",\"itemListElement\":[{\"@type\":\"ListItem\",\"position\":1,\"name\":\"Portada\",\"item\":\"https:\\\/\\\/hojassueltas.es\\\/\"},{\"@type\":\"ListItem\",\"position\":2,\"name\":\"La colmena, de Camilo Jos\u00e9 Cela\"}]},{\"@type\":\"WebSite\",\"@id\":\"https:\\\/\\\/hojassueltas.es\\\/#website\",\"url\":\"https:\\\/\\\/hojassueltas.es\\\/\",\"name\":\"HojasSueltas.es\",\"description\":\"GRANADA - Peri\u00f3dico Cultural\",\"publisher\":{\"@id\":\"https:\\\/\\\/hojassueltas.es\\\/#organization\"},\"alternateName\":\"H.S. Periodico Cultural\",\"potentialAction\":[{\"@type\":\"SearchAction\",\"target\":{\"@type\":\"EntryPoint\",\"urlTemplate\":\"https:\\\/\\\/hojassueltas.es\\\/?s={search_term_string}\"},\"query-input\":{\"@type\":\"PropertyValueSpecification\",\"valueRequired\":true,\"valueName\":\"search_term_string\"}}],\"inLanguage\":\"es\"},{\"@type\":\"Organization\",\"@id\":\"https:\\\/\\\/hojassueltas.es\\\/#organization\",\"name\":\"HOJAS SUELTAS - Peri\u00f3dico Cultural\",\"alternateName\":\"HS - HOJAS SUELTAS Peri\u00f3dico Cultural\",\"url\":\"https:\\\/\\\/hojassueltas.es\\\/\",\"logo\":{\"@type\":\"ImageObject\",\"inLanguage\":\"es\",\"@id\":\"https:\\\/\\\/hojassueltas.es\\\/#\\\/schema\\\/logo\\\/image\\\/\",\"url\":\"https:\\\/\\\/hojassueltas.es\\\/wp-content\\\/uploads\\\/2025\\\/08\\\/Icono-HS_2.png\",\"contentUrl\":\"https:\\\/\\\/hojassueltas.es\\\/wp-content\\\/uploads\\\/2025\\\/08\\\/Icono-HS_2.png\",\"width\":500,\"height\":500,\"caption\":\"HOJAS SUELTAS - Peri\u00f3dico Cultural\"},\"image\":{\"@id\":\"https:\\\/\\\/hojassueltas.es\\\/#\\\/schema\\\/logo\\\/image\\\/\"},\"sameAs\":[\"https:\\\/\\\/x.com\\\/HOJASSUELTAS22\"]},{\"@type\":\"Person\",\"@id\":\"https:\\\/\\\/hojassueltas.es\\\/#\\\/schema\\\/person\\\/0cc721d1681d3b691885d6bdbe2ad009\",\"name\":\"Punto y Seguido - Susana Di\u00e9guez\",\"image\":{\"@type\":\"ImageObject\",\"inLanguage\":\"es\",\"@id\":\"https:\\\/\\\/hojassueltas.es\\\/wp-content\\\/uploads\\\/2026\\\/02\\\/Retrato-familiar-en-casa-de-Susana-96x96.png\",\"url\":\"https:\\\/\\\/hojassueltas.es\\\/wp-content\\\/uploads\\\/2026\\\/02\\\/Retrato-familiar-en-casa-de-Susana-96x96.png\",\"contentUrl\":\"https:\\\/\\\/hojassueltas.es\\\/wp-content\\\/uploads\\\/2026\\\/02\\\/Retrato-familiar-en-casa-de-Susana-96x96.png\",\"caption\":\"Punto y Seguido - Susana Di\u00e9guez\"},\"url\":\"https:\\\/\\\/hojassueltas.es\\\/?author=96\"}]}<\/script>\n<!-- \/ Yoast SEO plugin. -->","yoast_head_json":{"title":"La colmena, de Camilo Jos\u00e9 Cela | LECTURAS ESENCIALES | HOJAS SUELTAS Peri\u00f3dico Cultural","description":"LECTURAS ESENCIALES: Le\u00edda hoy, la novela conserva intacta una ense\u00f1anza formal que importa tanto como su potencia hist\u00f3rica. Ense\u00f1a que la amplitud de un mundo narrativo no depende del despliegue argumental","robots":{"index":"index","follow":"follow","max-snippet":"max-snippet:-1","max-image-preview":"max-image-preview:large","max-video-preview":"max-video-preview:-1"},"canonical":"https:\/\/hojassueltas.es\/?p=28005","og_locale":"es_ES","og_type":"article","og_title":"La colmena, de Camilo Jos\u00e9 Cela | LECTURAS ESENCIALES | HOJAS SUELTAS Peri\u00f3dico Cultural","og_description":"LECTURAS ESENCIALES: Le\u00edda hoy, la novela conserva intacta una ense\u00f1anza formal que importa tanto como su potencia hist\u00f3rica. Ense\u00f1a que la amplitud de un mundo narrativo no depende del despliegue argumental","og_url":"https:\/\/hojassueltas.es\/?p=28005","og_site_name":"HOJAS SUELTAS Peri\u00f3dico Cultural","article_published_time":"2026-03-08T22:00:10+00:00","og_image":[{"width":1920,"height":1280,"url":"https:\/\/hojassueltas.es\/wp-content\/uploads\/2026\/03\/La-colmena_-H.S.png","type":"image\/png"}],"author":"Punto y Seguido - Susana Di\u00e9guez","twitter_card":"summary_large_image","twitter_creator":"@HOJASSUELTAS22","twitter_site":"@HOJASSUELTAS22","twitter_misc":{"Escrito por":"Punto y Seguido - Susana Di\u00e9guez","Tiempo de lectura":"7 minutos"},"schema":{"@context":"https:\/\/schema.org","@graph":[{"@type":["Article","BlogPosting"],"@id":"https:\/\/hojassueltas.es\/?p=28005#article","isPartOf":{"@id":"https:\/\/hojassueltas.es\/?p=28005"},"author":{"name":"Punto y Seguido - Susana Di\u00e9guez","@id":"https:\/\/hojassueltas.es\/#\/schema\/person\/0cc721d1681d3b691885d6bdbe2ad009"},"headline":"La colmena, de Camilo Jos\u00e9 Cela","datePublished":"2026-03-08T22:00:10+00:00","mainEntityOfPage":{"@id":"https:\/\/hojassueltas.es\/?p=28005"},"wordCount":1506,"commentCount":0,"publisher":{"@id":"https:\/\/hojassueltas.es\/#organization"},"image":{"@id":"https:\/\/hojassueltas.es\/?p=28005#primaryimage"},"thumbnailUrl":"https:\/\/hojassueltas.es\/wp-content\/uploads\/2026\/03\/La-colmena_-H.S.png","keywords":["Camilo Jos\u00e9 Cela","C\u00e1tedra Editorial","Narrativa"],"articleSection":["LECTURAS ESENCIALES"],"inLanguage":"es","potentialAction":[{"@type":"CommentAction","name":"Comment","target":["https:\/\/hojassueltas.es\/?p=28005#respond"]}]},{"@type":"WebPage","@id":"https:\/\/hojassueltas.es\/?p=28005","url":"https:\/\/hojassueltas.es\/?p=28005","name":"La colmena, de Camilo Jos\u00e9 Cela | LECTURAS ESENCIALES | HOJAS SUELTAS Peri\u00f3dico Cultural","isPartOf":{"@id":"https:\/\/hojassueltas.es\/#website"},"primaryImageOfPage":{"@id":"https:\/\/hojassueltas.es\/?p=28005#primaryimage"},"image":{"@id":"https:\/\/hojassueltas.es\/?p=28005#primaryimage"},"thumbnailUrl":"https:\/\/hojassueltas.es\/wp-content\/uploads\/2026\/03\/La-colmena_-H.S.png","datePublished":"2026-03-08T22:00:10+00:00","description":"LECTURAS ESENCIALES: Le\u00edda hoy, la novela conserva intacta una ense\u00f1anza formal que importa tanto como su potencia hist\u00f3rica. Ense\u00f1a que la amplitud de un mundo narrativo no depende del despliegue argumental","breadcrumb":{"@id":"https:\/\/hojassueltas.es\/?p=28005#breadcrumb"},"inLanguage":"es","potentialAction":[{"@type":"ReadAction","target":["https:\/\/hojassueltas.es\/?p=28005"]}]},{"@type":"ImageObject","inLanguage":"es","@id":"https:\/\/hojassueltas.es\/?p=28005#primaryimage","url":"https:\/\/hojassueltas.es\/wp-content\/uploads\/2026\/03\/La-colmena_-H.S.png","contentUrl":"https:\/\/hojassueltas.es\/wp-content\/uploads\/2026\/03\/La-colmena_-H.S.png","width":1920,"height":1280},{"@type":"BreadcrumbList","@id":"https:\/\/hojassueltas.es\/?p=28005#breadcrumb","itemListElement":[{"@type":"ListItem","position":1,"name":"Portada","item":"https:\/\/hojassueltas.es\/"},{"@type":"ListItem","position":2,"name":"La colmena, de Camilo Jos\u00e9 Cela"}]},{"@type":"WebSite","@id":"https:\/\/hojassueltas.es\/#website","url":"https:\/\/hojassueltas.es\/","name":"HojasSueltas.es","description":"GRANADA - Peri\u00f3dico Cultural","publisher":{"@id":"https:\/\/hojassueltas.es\/#organization"},"alternateName":"H.S. Periodico Cultural","potentialAction":[{"@type":"SearchAction","target":{"@type":"EntryPoint","urlTemplate":"https:\/\/hojassueltas.es\/?s={search_term_string}"},"query-input":{"@type":"PropertyValueSpecification","valueRequired":true,"valueName":"search_term_string"}}],"inLanguage":"es"},{"@type":"Organization","@id":"https:\/\/hojassueltas.es\/#organization","name":"HOJAS SUELTAS - Peri\u00f3dico Cultural","alternateName":"HS - HOJAS SUELTAS Peri\u00f3dico Cultural","url":"https:\/\/hojassueltas.es\/","logo":{"@type":"ImageObject","inLanguage":"es","@id":"https:\/\/hojassueltas.es\/#\/schema\/logo\/image\/","url":"https:\/\/hojassueltas.es\/wp-content\/uploads\/2025\/08\/Icono-HS_2.png","contentUrl":"https:\/\/hojassueltas.es\/wp-content\/uploads\/2025\/08\/Icono-HS_2.png","width":500,"height":500,"caption":"HOJAS SUELTAS - Peri\u00f3dico Cultural"},"image":{"@id":"https:\/\/hojassueltas.es\/#\/schema\/logo\/image\/"},"sameAs":["https:\/\/x.com\/HOJASSUELTAS22"]},{"@type":"Person","@id":"https:\/\/hojassueltas.es\/#\/schema\/person\/0cc721d1681d3b691885d6bdbe2ad009","name":"Punto y Seguido - Susana Di\u00e9guez","image":{"@type":"ImageObject","inLanguage":"es","@id":"https:\/\/hojassueltas.es\/wp-content\/uploads\/2026\/02\/Retrato-familiar-en-casa-de-Susana-96x96.png","url":"https:\/\/hojassueltas.es\/wp-content\/uploads\/2026\/02\/Retrato-familiar-en-casa-de-Susana-96x96.png","contentUrl":"https:\/\/hojassueltas.es\/wp-content\/uploads\/2026\/02\/Retrato-familiar-en-casa-de-Susana-96x96.png","caption":"Punto y Seguido - Susana Di\u00e9guez"},"url":"https:\/\/hojassueltas.es\/?author=96"}]}},"_links":{"self":[{"href":"https:\/\/hojassueltas.es\/index.php?rest_route=\/wp\/v2\/posts\/28005","targetHints":{"allow":["GET"]}}],"collection":[{"href":"https:\/\/hojassueltas.es\/index.php?rest_route=\/wp\/v2\/posts"}],"about":[{"href":"https:\/\/hojassueltas.es\/index.php?rest_route=\/wp\/v2\/types\/post"}],"author":[{"embeddable":true,"href":"https:\/\/hojassueltas.es\/index.php?rest_route=\/wp\/v2\/users\/96"}],"replies":[{"embeddable":true,"href":"https:\/\/hojassueltas.es\/index.php?rest_route=%2Fwp%2Fv2%2Fcomments&post=28005"}],"version-history":[{"count":1,"href":"https:\/\/hojassueltas.es\/index.php?rest_route=\/wp\/v2\/posts\/28005\/revisions"}],"predecessor-version":[{"id":28007,"href":"https:\/\/hojassueltas.es\/index.php?rest_route=\/wp\/v2\/posts\/28005\/revisions\/28007"}],"wp:featuredmedia":[{"embeddable":true,"href":"https:\/\/hojassueltas.es\/index.php?rest_route=\/wp\/v2\/media\/28006"}],"wp:attachment":[{"href":"https:\/\/hojassueltas.es\/index.php?rest_route=%2Fwp%2Fv2%2Fmedia&parent=28005"}],"wp:term":[{"taxonomy":"category","embeddable":true,"href":"https:\/\/hojassueltas.es\/index.php?rest_route=%2Fwp%2Fv2%2Fcategories&post=28005"},{"taxonomy":"post_tag","embeddable":true,"href":"https:\/\/hojassueltas.es\/index.php?rest_route=%2Fwp%2Fv2%2Ftags&post=28005"}],"curies":[{"name":"wp","href":"https:\/\/api.w.org\/{rel}","templated":true}]}}