{"id":27880,"date":"2026-04-01T00:00:04","date_gmt":"2026-03-31T23:00:04","guid":{"rendered":"https:\/\/hojassueltas.es\/?p=27880"},"modified":"2026-04-05T10:53:24","modified_gmt":"2026-04-05T09:53:24","slug":"1927-el-gesto-y-el-mito","status":"publish","type":"post","link":"https:\/\/hojassueltas.es\/?p=27880","title":{"rendered":"1927: el gesto y el mito"},"content":{"rendered":"<h1 align=\"justify\"><span style=\"font-family: georgia, palatino, serif; font-size: 24px;\"><em>Qu\u00e9 fue y qu\u00e9 no fue la Generaci\u00f3n del 27, y por qu\u00e9 seguimos ley\u00e9ndola un siglo despu\u00e9s.<\/em><\/span><\/h1>\n<h1 align=\"justify\"><span style=\"font-family: georgia, palatino, serif; font-size: 20px;\">En una hemeroteca, las p\u00e1ginas no envejecen: se afilan. Una portada de revista, una tipograf\u00eda que a\u00fan parece nueva, un \u00edndice de nombres que se cruzan una y otra vez. Ah\u00ed, entre papeles, el a\u00f1o <strong>1927<\/strong> deja de ser fecha para convertirse en gesto. No tanto por lo que \u201cpas\u00f3\u201d, sino por lo que se decidi\u00f3: que la tradici\u00f3n pod\u00eda ser motor de modernidad, que la literatura pod\u00eda dialogar sin complejos con otras artes, y que una conversaci\u00f3n \u2014si encontraba imprenta, revistas y lectores\u2014 pod\u00eda convertirse en \u00e9poca. <\/span><\/h1>\n<h2 class=\"western\" align=\"justify\"><span style=\"font-size: 20px; font-family: georgia, palatino, serif;\">Un gesto llamado 1927<\/span><\/h2>\n<p align=\"justify\"><span style=\"font-family: georgia, palatino, serif; font-size: 20px;\">El homenaje a <strong>Luis de G\u00f3ngora<\/strong> ha quedado como emblema, pero conviene entenderlo como lo que fue: un <strong>gesto cultural<\/strong>. No se trataba de levantar un museo del pasado, sino de reclamar un linaje para poder innovar. El Barroco, le\u00eddo con atenci\u00f3n, ofrec\u00eda una lecci\u00f3n inesperadamente contempor\u00e1nea: precisi\u00f3n verbal, arquitectura de la imagen, ritmo, m\u00fasica. Dicho de otro modo: la tradici\u00f3n como herramienta, no como vitrina. <\/span><\/p>\n<h2 class=\"western\" align=\"justify\"><span style=\"font-size: 20px; font-family: georgia, palatino, serif;\">Qu\u00e9 fue y qu\u00e9 no fue la Generaci\u00f3n del 27<\/span><\/h2>\n<p align=\"justify\"><span style=\"font-family: georgia, palatino, serif; font-size: 20px;\">La etiqueta \u201cGeneraci\u00f3n del 27\u201d sirve si evita la estampita. Si la tomamos en serio, no nombra un bloque uniforme, sino una <strong>red<\/strong>.<\/span><\/p>\n<h3 class=\"western\" align=\"justify\"><span style=\"font-size: 20px; font-family: georgia, palatino, serif;\">Qu\u00e9 fue<\/span><\/h3>\n<ul>\n<li>\n<p align=\"justify\"><span style=\"font-family: georgia, palatino, serif; font-size: 20px;\"><strong>Una constelaci\u00f3n de lecturas y complicidades<\/strong>: autores que se leen, se discuten, se responden.<\/span><\/p>\n<\/li>\n<li>\n<p align=\"justify\"><span style=\"font-family: georgia, palatino, serif; font-size: 20px;\"><strong>Un laboratorio formal<\/strong>: del neopopularismo a la imagen vanguardista, del canto a la investigaci\u00f3n del lenguaje.<\/span><\/p>\n<\/li>\n<li>\n<p align=\"justify\"><span style=\"font-family: georgia, palatino, serif; font-size: 20px;\"><strong>Un ecosistema cultural<\/strong>: revistas, imprentas, editoriales, tertulias, instituciones, viajes y traducciones.<\/span><\/p>\n<\/li>\n<li>\n<p align=\"justify\"><span style=\"font-family: georgia, palatino, serif; font-size: 20px;\"><strong>Un di\u00e1logo con otras artes<\/strong>: teatro, m\u00fasica, artes pl\u00e1sticas, dise\u00f1o editorial, fotograf\u00eda.<\/span><\/p>\n<\/li>\n<\/ul>\n<h3 class=\"western\" align=\"justify\"><span style=\"font-size: 20px; font-family: georgia, palatino, serif;\">Qu\u00e9 no fue<\/span><\/h3>\n<ul>\n<li>\n<p align=\"justify\"><span style=\"font-family: georgia, palatino, serif; font-size: 20px;\"><strong>Una escuela cerrada<\/strong> con un programa \u00fanico.<\/span><\/p>\n<\/li>\n<li>\n<p align=\"justify\"><span style=\"font-family: georgia, palatino, serif; font-size: 20px;\"><strong>Un \u201cclub\u201d exclusivamente po\u00e9tico<\/strong>: la cultura del 27 desborda el poema.<\/span><\/p>\n<\/li>\n<li>\n<p align=\"justify\"><span style=\"font-family: georgia, palatino, serif; font-size: 20px;\"><strong>Un relato completo tal como lo heredamos<\/strong>: el encuadre can\u00f3nico dej\u00f3 fuera voces, agentes y trayectorias que hoy son imprescindibles para comprender el conjunto.<\/span><\/p>\n<\/li>\n<\/ul>\n<h2 class=\"western\" align=\"justify\"><span style=\"font-size: 20px; font-family: georgia, palatino, serif;\">La mezcla: tradici\u00f3n y vanguardia sin pedir permiso<\/span><\/h2>\n<p align=\"justify\"><span style=\"font-family: georgia, palatino, serif; font-size: 20px;\">Si hubiera que resumir el 27 en una operaci\u00f3n, ser\u00eda esta: <strong>mezclar<\/strong>. Mezclar canci\u00f3n popular y exigencia culta; romance y verso libre; o\u00eddo antiguo y nervio moderno. Y mezclar, adem\u00e1s, con conciencia de estar viviendo un tiempo de aceleraci\u00f3n: ciudad, nuevos ritmos, nuevas tecnolog\u00edas, nuevos p\u00fablicos, nuevas formas de circulaci\u00f3n cultural. En esa mezcla, la poes\u00eda no es solo belleza: es tambi\u00e9n una manera de pensar. <\/span><\/p>\n<h2 class=\"western\" align=\"justify\"><span style=\"font-size: 20px; font-family: georgia, palatino, serif;\">La constelaci\u00f3n: nombres, lugares, publicaciones<\/span><\/h2>\n<p align=\"justify\"><span style=\"font-family: georgia, palatino, serif; font-size: 20px;\">Para empezar, basta un mapa m\u00ednimo (sin convertirlo en santoral). Aqu\u00ed no buscamos una lista definitiva, sino una <strong>orientaci\u00f3n<\/strong>:<\/span><\/p>\n<p align=\"left\"><span style=\"font-family: georgia, palatino, serif; font-size: 20px;\"><strong>Nombres\u00a0<\/strong><br \/>\nFederico Garc\u00eda Lorca, Rafael Alberti, Luis Cernuda, Pedro Salinas, Jorge Guill\u00e9n, D\u00e1maso Alonso, Vicente Aleixandre, Gerardo Diego, Emilio Prados, Manuel Altolaguirre.<\/span><\/p>\n<p align=\"justify\"><span style=\"font-family: georgia, palatino, serif; font-size: 20px;\"><strong>Lugares y engranajes<\/strong><\/span><\/p>\n<ul>\n<li>\n<p align=\"justify\"><span style=\"font-family: georgia, palatino, serif; font-size: 20px;\">La <strong>Residencia de Estudiantes<\/strong> como espacio de intercambio.<\/span><\/p>\n<\/li>\n<li>\n<p align=\"justify\"><span style=\"font-family: georgia, palatino, serif; font-size: 20px;\">Las <strong>revistas<\/strong> como motor (selecci\u00f3n, pol\u00e9mica, difusi\u00f3n).<\/span><\/p>\n<\/li>\n<li>\n<p align=\"justify\"><span style=\"font-size: 20px; font-family: georgia, palatino, serif;\">Tertulias, editoriales, imprentas, viajes: la infraestructura de la modernidad.<\/span><\/p>\n<\/li>\n<\/ul>\n<p align=\"justify\"><span style=\"font-size: 20px; font-family: georgia, palatino, serif;\">En la pr\u00f3xima entrega entraremos en ese \u201cc\u00f3mo\u201d material: c\u00f3mo una conversaci\u00f3n se vuelve visible y perdurable cuando encuentra papel, dise\u00f1o, distribuci\u00f3n y lectores.<\/span><\/p>\n<h2 class=\"western\" align=\"justify\"><span style=\"font-size: 20px; font-family: georgia, palatino, serif;\">El mito: c\u00f3mo se construy\u00f3 y por qu\u00e9 conviene revisarlo<\/span><\/h2>\n<p align=\"justify\"><span style=\"font-size: 20px; font-family: georgia, palatino, serif;\">Todo gran episodio cultural genera su mito: ordena, simplifica, recorta. El 27 ha sido durante d\u00e9cadas una marca de prestigio y un cat\u00e1logo de nombres; a veces, un atajo escolar. Ese mito conserva y transmite, pero tambi\u00e9n deja fuera, alisa contradicciones y convierte la red en p\u00f3ster.<\/span><\/p>\n<p align=\"justify\"><span style=\"font-family: georgia, palatino, serif; font-size: 20px;\">Este especial nace para <strong>volver al 27 con archivo y lectura atenta<\/strong>, sin solemnidad y sin repetici\u00f3n de t\u00f3picos. Para mirar la poes\u00eda, s\u00ed, pero tambi\u00e9n su ecosistema: revistas, escena, m\u00fasica, dise\u00f1o; y para ampliar el encuadre incorporando creadoras y genealog\u00edas que el relato tradicional releg\u00f3.<\/span><\/p>\n<h2 class=\"western\" align=\"justify\"><span style=\"font-size: 20px; font-family: georgia, palatino, serif;\">C\u00f3mo leer este especial<\/span><\/h2>\n<p align=\"justify\"><span style=\"font-family: georgia, palatino, serif; font-size: 20px;\">A partir de abril de 2026, <strong>Hojas Sueltas<\/strong> publicar\u00e1 <strong>16 entregas mensuales (2026\u20132027)<\/strong>. Cada una combinar\u00e1:<\/span><\/p>\n<ul>\n<li>\n<p align=\"justify\"><span style=\"font-size: 20px; font-family: georgia, palatino, serif;\">un art\u00edculo de fondo,<\/span><\/p>\n<\/li>\n<li>\n<p align=\"justify\"><span style=\"font-family: georgia, palatino, serif; font-size: 20px;\">un <strong>archivo del mes<\/strong> (documentos y facs\u00edmiles comentados),<\/span><\/p>\n<\/li>\n<li>\n<p align=\"justify\"><span style=\"font-family: georgia, palatino, serif; font-size: 20px;\">y una <strong>lectura guiada<\/strong> (fragmentos con notas claras).<\/span><\/p>\n<\/li>\n<\/ul>\n<h3 class=\"western\" align=\"justify\"><span style=\"font-size: 20px; font-family: georgia, palatino, serif;\">\u00cdndice del especial (calendario de entregas)<\/span><\/h3>\n<ul>\n<li>\n<p align=\"justify\"><span style=\"font-family: georgia, palatino, serif; font-size: 20px;\"><strong>Entrega 1 (abril 2026)<\/strong> \u2014 1927: el gesto y el mito <\/span><\/p>\n<\/li>\n<li>\n<p align=\"justify\"><span style=\"font-family: georgia, palatino, serif; font-size: 20px;\"><strong>Entrega 2 (mayo 2026)<\/strong> \u2014 El laboratorio del 27<\/span><\/p>\n<\/li>\n<li>\n<p align=\"justify\"><span style=\"font-family: georgia, palatino, serif; font-size: 20px;\"><strong>Entrega 3 (junio 2026)<\/strong> \u2014 Tradici\u00f3n y vanguardia<\/span><\/p>\n<\/li>\n<li>\n<p align=\"justify\"><span style=\"font-family: georgia, palatino, serif; font-size: 20px;\"><strong>Entrega 4 (julio 2026)<\/strong> \u2014 Lorca en plural<\/span><\/p>\n<\/li>\n<li>\n<p align=\"justify\"><span style=\"font-family: georgia, palatino, serif; font-size: 20px;\"><strong>Entrega 5 (agosto 2026)<\/strong> \u2014 Alberti: registros y \u00e9pocas<\/span><\/p>\n<\/li>\n<li>\n<p align=\"justify\"><span style=\"font-family: georgia, palatino, serif; font-size: 20px;\"><strong>Entrega 6 (septiembre 2026)<\/strong> \u2014 Cernuda: deseo y extranjer\u00eda<\/span><\/p>\n<\/li>\n<li>\n<p align=\"justify\"><span style=\"font-family: georgia, palatino, serif; font-size: 20px;\"><strong>Entrega 7 (octubre 2026)<\/strong> \u2014 Salinas, Guill\u00e9n y D\u00e1maso Alonso<\/span><\/p>\n<\/li>\n<li>\n<p align=\"justify\"><span style=\"font-family: georgia, palatino, serif; font-size: 20px;\"><strong>Entrega 8 (noviembre 2026)<\/strong> \u2014 Las Sinsombrero como relectura<\/span><\/p>\n<\/li>\n<li>\n<p align=\"justify\"><span style=\"font-family: georgia, palatino, serif; font-size: 20px;\"><strong>Entrega 9 (diciembre 2026)<\/strong> \u2014 Artes pl\u00e1sticas y dise\u00f1o<\/span><\/p>\n<\/li>\n<li>\n<p align=\"justify\"><span style=\"font-family: georgia, palatino, serif; font-size: 20px;\"><strong>Entrega 10 (enero 2027)<\/strong> \u2014 M\u00fasica y oralidad<\/span><\/p>\n<\/li>\n<li>\n<p align=\"justify\"><span style=\"font-family: georgia, palatino, serif; font-size: 20px;\"><strong>Entrega 11 (febrero 2027)<\/strong> \u2014 Teatro y escena<\/span><\/p>\n<\/li>\n<li>\n<p align=\"justify\"><span style=\"font-family: georgia, palatino, serif; font-size: 20px;\"><strong>Entrega 12 (marzo 2027)<\/strong> \u2014 1936: la fractura<\/span><\/p>\n<\/li>\n<li>\n<p align=\"justify\"><span style=\"font-family: georgia, palatino, serif; font-size: 20px;\"><strong>Entrega 13 (abril 2027)<\/strong> \u2014 El exilio del 27<\/span><\/p>\n<\/li>\n<li>\n<p align=\"justify\"><span style=\"font-family: georgia, palatino, serif; font-size: 20px;\"><strong>Entrega 14 (mayo 2027)<\/strong> \u2014 El 27 despu\u00e9s del 27<\/span><\/p>\n<\/li>\n<li>\n<p align=\"justify\"><span style=\"font-family: georgia, palatino, serif; font-size: 20px;\"><strong>Entrega 15 (junio 2027)<\/strong> \u2014 Antolog\u00eda comentada Hojas Sueltas<\/span><\/p>\n<\/li>\n<li>\n<p align=\"justify\"><span style=\"font-family: georgia, palatino, serif; font-size: 20px;\"><strong>Entrega 16 (julio 2027)<\/strong> \u2014 Gu\u00eda viva del centenario<\/span><\/p>\n<\/li>\n<\/ul>\n<hr \/>\n<h2 class=\"western\" align=\"justify\"><span style=\"font-size: 20px; font-family: georgia, palatino, serif;\">Convocatoria abierta: sumemos lecturas y archivo<\/span><\/h2>\n<p align=\"justify\"><span style=\"font-family: georgia, palatino, serif; font-size: 20px;\">Este especial se abre a <strong>colaboraciones<\/strong>. Invitamos a lectores, autoras y autores, editoriales, archivos e instituciones culturales a proponer temas, documentos y enfoques para ampliar el mapa del 27.<\/span><\/p>\n<p align=\"left\"><span style=\"font-size: 20px;\"><span style=\"font-family: georgia, palatino, serif;\"><strong>Enviar propuesta de colaboraci\u00f3n<\/strong> <a href=\"https:\/\/hojassueltas.es\/?page_id=27813\"><em>(https:\/\/hojassueltas.es\/?page_id=27813)<\/em><\/a><br \/>\n<strong>P\u00e1gina del especial<\/strong> <em>(<a href=\"https:\/\/hojassueltas.es\/?page_id=27841\">https:\/\/hojassueltas.es\/?page_id=27841<\/a>)<\/em><br \/>\n<em>Oleada <\/em><\/span><span style=\"font-family: georgia, palatino, serif;\"><em>(mayo 2026): <\/em><\/span><span style=\"font-family: georgia, palatino, serif;\"><em>\u00a0El laboratorio del 27\u00a0<\/em><\/span><\/span><\/p>\n<p align=\"left\"><span style=\"font-size: 20px;\"><strong>Redacci\u00f3n: Coordina Valent\u00edn Castro<\/strong><\/span><\/p>\n","protected":false},"excerpt":{"rendered":"<p>Qu\u00e9 fue y qu\u00e9 no fue la Generaci\u00f3n del 27, y por qu\u00e9 seguimos ley\u00e9ndola un siglo despu\u00e9s. En una hemeroteca, las p\u00e1ginas no envejecen: se afilan. Una portada de revista, una tipograf\u00eda que a\u00fan parece nueva, un \u00edndice de nombres que se cruzan una y otra vez. Ah\u00ed, entre papeles, el a\u00f1o 1927 deja [&hellip;]<\/p>\n","protected":false},"author":1,"featured_media":27950,"comment_status":"open","ping_status":"closed","sticky":false,"template":"","format":"standard","meta":{"footnotes":""},"categories":[2889,2764],"tags":[3125,2898,2893,2894,2895,2897,2896],"class_list":{"0":"post-27880","1":"post","2":"type-post","3":"status-publish","4":"format-standard","5":"has-post-thumbnail","7":"category-abril-2026","8":"category-lml","9":"tag-articulos","10":"tag-canon","11":"tag-especial-27","12":"tag-generacion-del-27","13":"tag-gongora","14":"tag-revistas","15":"tag-vanguardia"},"yoast_head":"<!-- This site is optimized with the Yoast SEO plugin v27.5 - https:\/\/yoast.com\/product\/yoast-seo-wordpress\/ -->\n<title>1927: el gesto y el mito | HOJAS SUELTAS Peri\u00f3dico Cultural<\/title>\n<meta name=\"description\" content=\"Arranca el especial de Hojas Sueltas: qu\u00e9 fue y qu\u00e9 no fue la Generaci\u00f3n del 27, su gesto fundacional y el mapa de lecturas del centenario.\" \/>\n<meta name=\"robots\" content=\"index, follow, max-snippet:-1, max-image-preview:large, max-video-preview:-1\" \/>\n<link rel=\"canonical\" href=\"https:\/\/hojassueltas.es\/?p=27880\" \/>\n<meta property=\"og:locale\" content=\"es_ES\" \/>\n<meta property=\"og:type\" content=\"article\" \/>\n<meta property=\"og:title\" content=\"1927: el gesto y el mito | HOJAS SUELTAS Peri\u00f3dico Cultural\" \/>\n<meta property=\"og:description\" content=\"Arranca el especial de Hojas Sueltas: qu\u00e9 fue y qu\u00e9 no fue la Generaci\u00f3n del 27, su gesto fundacional y el mapa de lecturas del centenario.\" \/>\n<meta property=\"og:url\" content=\"https:\/\/hojassueltas.es\/?p=27880\" \/>\n<meta property=\"og:site_name\" content=\"HOJAS SUELTAS Peri\u00f3dico Cultural\" \/>\n<meta property=\"article:published_time\" content=\"2026-03-31T23:00:04+00:00\" \/>\n<meta property=\"article:modified_time\" content=\"2026-04-05T09:53:24+00:00\" \/>\n<meta property=\"og:image\" content=\"https:\/\/hojassueltas.es\/wp-content\/uploads\/2026\/03\/1927_El-gesto-y-el-mito_H.S.-.png\" \/>\n\t<meta property=\"og:image:width\" content=\"1920\" \/>\n\t<meta property=\"og:image:height\" content=\"1278\" \/>\n\t<meta property=\"og:image:type\" content=\"image\/png\" \/>\n<meta name=\"author\" content=\"Redacci\u00f3n\" \/>\n<meta name=\"twitter:card\" content=\"summary_large_image\" \/>\n<meta name=\"twitter:creator\" content=\"@HOJASSUELTAS22\" \/>\n<meta name=\"twitter:site\" content=\"@HOJASSUELTAS22\" \/>\n<meta name=\"twitter:label1\" content=\"Escrito por\" \/>\n\t<meta name=\"twitter:data1\" content=\"Redacci\u00f3n\" \/>\n\t<meta name=\"twitter:label2\" content=\"Tiempo de lectura\" \/>\n\t<meta name=\"twitter:data2\" content=\"4 minutos\" \/>\n<script type=\"application\/ld+json\" class=\"yoast-schema-graph\">{\"@context\":\"https:\\\/\\\/schema.org\",\"@graph\":[{\"@type\":[\"Article\",\"BlogPosting\"],\"@id\":\"https:\\\/\\\/hojassueltas.es\\\/?p=27880#article\",\"isPartOf\":{\"@id\":\"https:\\\/\\\/hojassueltas.es\\\/?p=27880\"},\"author\":{\"name\":\"Redacci\u00f3n\",\"@id\":\"https:\\\/\\\/hojassueltas.es\\\/#\\\/schema\\\/person\\\/f232bbdb834c61c90aff2245daa401c0\"},\"headline\":\"1927: el gesto y el mito\",\"datePublished\":\"2026-03-31T23:00:04+00:00\",\"dateModified\":\"2026-04-05T09:53:24+00:00\",\"mainEntityOfPage\":{\"@id\":\"https:\\\/\\\/hojassueltas.es\\\/?p=27880\"},\"wordCount\":859,\"commentCount\":0,\"publisher\":{\"@id\":\"https:\\\/\\\/hojassueltas.es\\\/#organization\"},\"image\":{\"@id\":\"https:\\\/\\\/hojassueltas.es\\\/?p=27880#primaryimage\"},\"thumbnailUrl\":\"https:\\\/\\\/hojassueltas.es\\\/wp-content\\\/uploads\\\/2026\\\/03\\\/1927_El-gesto-y-el-mito_H.S.-.png\",\"keywords\":[\"ART\u00cdCULOS\",\"canon\",\"especial-27\",\"generacion-del-27\",\"Gongora\",\"revistas\",\"vanguardia\"],\"articleSection\":[\"1\u00aa_Abril 2026\",\"LML\"],\"inLanguage\":\"es\",\"potentialAction\":[{\"@type\":\"CommentAction\",\"name\":\"Comment\",\"target\":[\"https:\\\/\\\/hojassueltas.es\\\/?p=27880#respond\"]}]},{\"@type\":\"WebPage\",\"@id\":\"https:\\\/\\\/hojassueltas.es\\\/?p=27880\",\"url\":\"https:\\\/\\\/hojassueltas.es\\\/?p=27880\",\"name\":\"1927: el gesto y el mito | HOJAS SUELTAS Peri\u00f3dico Cultural\",\"isPartOf\":{\"@id\":\"https:\\\/\\\/hojassueltas.es\\\/#website\"},\"primaryImageOfPage\":{\"@id\":\"https:\\\/\\\/hojassueltas.es\\\/?p=27880#primaryimage\"},\"image\":{\"@id\":\"https:\\\/\\\/hojassueltas.es\\\/?p=27880#primaryimage\"},\"thumbnailUrl\":\"https:\\\/\\\/hojassueltas.es\\\/wp-content\\\/uploads\\\/2026\\\/03\\\/1927_El-gesto-y-el-mito_H.S.-.png\",\"datePublished\":\"2026-03-31T23:00:04+00:00\",\"dateModified\":\"2026-04-05T09:53:24+00:00\",\"description\":\"Arranca el especial de Hojas Sueltas: qu\u00e9 fue y qu\u00e9 no fue la Generaci\u00f3n del 27, su gesto fundacional y el mapa de lecturas del centenario.\",\"breadcrumb\":{\"@id\":\"https:\\\/\\\/hojassueltas.es\\\/?p=27880#breadcrumb\"},\"inLanguage\":\"es\",\"potentialAction\":[{\"@type\":\"ReadAction\",\"target\":[\"https:\\\/\\\/hojassueltas.es\\\/?p=27880\"]}]},{\"@type\":\"ImageObject\",\"inLanguage\":\"es\",\"@id\":\"https:\\\/\\\/hojassueltas.es\\\/?p=27880#primaryimage\",\"url\":\"https:\\\/\\\/hojassueltas.es\\\/wp-content\\\/uploads\\\/2026\\\/03\\\/1927_El-gesto-y-el-mito_H.S.-.png\",\"contentUrl\":\"https:\\\/\\\/hojassueltas.es\\\/wp-content\\\/uploads\\\/2026\\\/03\\\/1927_El-gesto-y-el-mito_H.S.-.png\",\"width\":1920,\"height\":1278},{\"@type\":\"BreadcrumbList\",\"@id\":\"https:\\\/\\\/hojassueltas.es\\\/?p=27880#breadcrumb\",\"itemListElement\":[{\"@type\":\"ListItem\",\"position\":1,\"name\":\"Portada\",\"item\":\"https:\\\/\\\/hojassueltas.es\\\/\"},{\"@type\":\"ListItem\",\"position\":2,\"name\":\"1927: el gesto y el mito\"}]},{\"@type\":\"WebSite\",\"@id\":\"https:\\\/\\\/hojassueltas.es\\\/#website\",\"url\":\"https:\\\/\\\/hojassueltas.es\\\/\",\"name\":\"HojasSueltas.es\",\"description\":\"GRANADA - Peri\u00f3dico Cultural\",\"publisher\":{\"@id\":\"https:\\\/\\\/hojassueltas.es\\\/#organization\"},\"alternateName\":\"H.S. Periodico Cultural\",\"potentialAction\":[{\"@type\":\"SearchAction\",\"target\":{\"@type\":\"EntryPoint\",\"urlTemplate\":\"https:\\\/\\\/hojassueltas.es\\\/?s={search_term_string}\"},\"query-input\":{\"@type\":\"PropertyValueSpecification\",\"valueRequired\":true,\"valueName\":\"search_term_string\"}}],\"inLanguage\":\"es\"},{\"@type\":\"Organization\",\"@id\":\"https:\\\/\\\/hojassueltas.es\\\/#organization\",\"name\":\"HOJAS SUELTAS - Peri\u00f3dico Cultural\",\"alternateName\":\"HS - HOJAS SUELTAS Peri\u00f3dico Cultural\",\"url\":\"https:\\\/\\\/hojassueltas.es\\\/\",\"logo\":{\"@type\":\"ImageObject\",\"inLanguage\":\"es\",\"@id\":\"https:\\\/\\\/hojassueltas.es\\\/#\\\/schema\\\/logo\\\/image\\\/\",\"url\":\"https:\\\/\\\/hojassueltas.es\\\/wp-content\\\/uploads\\\/2025\\\/08\\\/Icono-HS_2.png\",\"contentUrl\":\"https:\\\/\\\/hojassueltas.es\\\/wp-content\\\/uploads\\\/2025\\\/08\\\/Icono-HS_2.png\",\"width\":500,\"height\":500,\"caption\":\"HOJAS SUELTAS - Peri\u00f3dico Cultural\"},\"image\":{\"@id\":\"https:\\\/\\\/hojassueltas.es\\\/#\\\/schema\\\/logo\\\/image\\\/\"},\"sameAs\":[\"https:\\\/\\\/x.com\\\/HOJASSUELTAS22\"]},{\"@type\":\"Person\",\"@id\":\"https:\\\/\\\/hojassueltas.es\\\/#\\\/schema\\\/person\\\/f232bbdb834c61c90aff2245daa401c0\",\"name\":\"Redacci\u00f3n\",\"image\":{\"@type\":\"ImageObject\",\"inLanguage\":\"es\",\"@id\":\"https:\\\/\\\/hojassueltas.es\\\/wp-content\\\/uploads\\\/2026\\\/02\\\/Redaccion-2-96x96.png\",\"url\":\"https:\\\/\\\/hojassueltas.es\\\/wp-content\\\/uploads\\\/2026\\\/02\\\/Redaccion-2-96x96.png\",\"contentUrl\":\"https:\\\/\\\/hojassueltas.es\\\/wp-content\\\/uploads\\\/2026\\\/02\\\/Redaccion-2-96x96.png\",\"caption\":\"Redacci\u00f3n\"},\"description\":\"Redacci\u00f3n de HOJAS SUELTAS\",\"url\":\"https:\\\/\\\/hojassueltas.es\\\/?author=1\"}]}<\/script>\n<!-- \/ Yoast SEO plugin. -->","yoast_head_json":{"title":"1927: el gesto y el mito | HOJAS SUELTAS Peri\u00f3dico Cultural","description":"Arranca el especial de Hojas Sueltas: qu\u00e9 fue y qu\u00e9 no fue la Generaci\u00f3n del 27, su gesto fundacional y el mapa de lecturas del centenario.","robots":{"index":"index","follow":"follow","max-snippet":"max-snippet:-1","max-image-preview":"max-image-preview:large","max-video-preview":"max-video-preview:-1"},"canonical":"https:\/\/hojassueltas.es\/?p=27880","og_locale":"es_ES","og_type":"article","og_title":"1927: el gesto y el mito | HOJAS SUELTAS Peri\u00f3dico Cultural","og_description":"Arranca el especial de Hojas Sueltas: qu\u00e9 fue y qu\u00e9 no fue la Generaci\u00f3n del 27, su gesto fundacional y el mapa de lecturas del centenario.","og_url":"https:\/\/hojassueltas.es\/?p=27880","og_site_name":"HOJAS SUELTAS Peri\u00f3dico Cultural","article_published_time":"2026-03-31T23:00:04+00:00","article_modified_time":"2026-04-05T09:53:24+00:00","og_image":[{"width":1920,"height":1278,"url":"https:\/\/hojassueltas.es\/wp-content\/uploads\/2026\/03\/1927_El-gesto-y-el-mito_H.S.-.png","type":"image\/png"}],"author":"Redacci\u00f3n","twitter_card":"summary_large_image","twitter_creator":"@HOJASSUELTAS22","twitter_site":"@HOJASSUELTAS22","twitter_misc":{"Escrito por":"Redacci\u00f3n","Tiempo de lectura":"4 minutos"},"schema":{"@context":"https:\/\/schema.org","@graph":[{"@type":["Article","BlogPosting"],"@id":"https:\/\/hojassueltas.es\/?p=27880#article","isPartOf":{"@id":"https:\/\/hojassueltas.es\/?p=27880"},"author":{"name":"Redacci\u00f3n","@id":"https:\/\/hojassueltas.es\/#\/schema\/person\/f232bbdb834c61c90aff2245daa401c0"},"headline":"1927: el gesto y el mito","datePublished":"2026-03-31T23:00:04+00:00","dateModified":"2026-04-05T09:53:24+00:00","mainEntityOfPage":{"@id":"https:\/\/hojassueltas.es\/?p=27880"},"wordCount":859,"commentCount":0,"publisher":{"@id":"https:\/\/hojassueltas.es\/#organization"},"image":{"@id":"https:\/\/hojassueltas.es\/?p=27880#primaryimage"},"thumbnailUrl":"https:\/\/hojassueltas.es\/wp-content\/uploads\/2026\/03\/1927_El-gesto-y-el-mito_H.S.-.png","keywords":["ART\u00cdCULOS","canon","especial-27","generacion-del-27","Gongora","revistas","vanguardia"],"articleSection":["1\u00aa_Abril 2026","LML"],"inLanguage":"es","potentialAction":[{"@type":"CommentAction","name":"Comment","target":["https:\/\/hojassueltas.es\/?p=27880#respond"]}]},{"@type":"WebPage","@id":"https:\/\/hojassueltas.es\/?p=27880","url":"https:\/\/hojassueltas.es\/?p=27880","name":"1927: el gesto y el mito | HOJAS SUELTAS Peri\u00f3dico Cultural","isPartOf":{"@id":"https:\/\/hojassueltas.es\/#website"},"primaryImageOfPage":{"@id":"https:\/\/hojassueltas.es\/?p=27880#primaryimage"},"image":{"@id":"https:\/\/hojassueltas.es\/?p=27880#primaryimage"},"thumbnailUrl":"https:\/\/hojassueltas.es\/wp-content\/uploads\/2026\/03\/1927_El-gesto-y-el-mito_H.S.-.png","datePublished":"2026-03-31T23:00:04+00:00","dateModified":"2026-04-05T09:53:24+00:00","description":"Arranca el especial de Hojas Sueltas: qu\u00e9 fue y qu\u00e9 no fue la Generaci\u00f3n del 27, su gesto fundacional y el mapa de lecturas del centenario.","breadcrumb":{"@id":"https:\/\/hojassueltas.es\/?p=27880#breadcrumb"},"inLanguage":"es","potentialAction":[{"@type":"ReadAction","target":["https:\/\/hojassueltas.es\/?p=27880"]}]},{"@type":"ImageObject","inLanguage":"es","@id":"https:\/\/hojassueltas.es\/?p=27880#primaryimage","url":"https:\/\/hojassueltas.es\/wp-content\/uploads\/2026\/03\/1927_El-gesto-y-el-mito_H.S.-.png","contentUrl":"https:\/\/hojassueltas.es\/wp-content\/uploads\/2026\/03\/1927_El-gesto-y-el-mito_H.S.-.png","width":1920,"height":1278},{"@type":"BreadcrumbList","@id":"https:\/\/hojassueltas.es\/?p=27880#breadcrumb","itemListElement":[{"@type":"ListItem","position":1,"name":"Portada","item":"https:\/\/hojassueltas.es\/"},{"@type":"ListItem","position":2,"name":"1927: el gesto y el mito"}]},{"@type":"WebSite","@id":"https:\/\/hojassueltas.es\/#website","url":"https:\/\/hojassueltas.es\/","name":"HojasSueltas.es","description":"GRANADA - Peri\u00f3dico Cultural","publisher":{"@id":"https:\/\/hojassueltas.es\/#organization"},"alternateName":"H.S. Periodico Cultural","potentialAction":[{"@type":"SearchAction","target":{"@type":"EntryPoint","urlTemplate":"https:\/\/hojassueltas.es\/?s={search_term_string}"},"query-input":{"@type":"PropertyValueSpecification","valueRequired":true,"valueName":"search_term_string"}}],"inLanguage":"es"},{"@type":"Organization","@id":"https:\/\/hojassueltas.es\/#organization","name":"HOJAS SUELTAS - Peri\u00f3dico Cultural","alternateName":"HS - HOJAS SUELTAS Peri\u00f3dico Cultural","url":"https:\/\/hojassueltas.es\/","logo":{"@type":"ImageObject","inLanguage":"es","@id":"https:\/\/hojassueltas.es\/#\/schema\/logo\/image\/","url":"https:\/\/hojassueltas.es\/wp-content\/uploads\/2025\/08\/Icono-HS_2.png","contentUrl":"https:\/\/hojassueltas.es\/wp-content\/uploads\/2025\/08\/Icono-HS_2.png","width":500,"height":500,"caption":"HOJAS SUELTAS - Peri\u00f3dico Cultural"},"image":{"@id":"https:\/\/hojassueltas.es\/#\/schema\/logo\/image\/"},"sameAs":["https:\/\/x.com\/HOJASSUELTAS22"]},{"@type":"Person","@id":"https:\/\/hojassueltas.es\/#\/schema\/person\/f232bbdb834c61c90aff2245daa401c0","name":"Redacci\u00f3n","image":{"@type":"ImageObject","inLanguage":"es","@id":"https:\/\/hojassueltas.es\/wp-content\/uploads\/2026\/02\/Redaccion-2-96x96.png","url":"https:\/\/hojassueltas.es\/wp-content\/uploads\/2026\/02\/Redaccion-2-96x96.png","contentUrl":"https:\/\/hojassueltas.es\/wp-content\/uploads\/2026\/02\/Redaccion-2-96x96.png","caption":"Redacci\u00f3n"},"description":"Redacci\u00f3n de HOJAS SUELTAS","url":"https:\/\/hojassueltas.es\/?author=1"}]}},"_links":{"self":[{"href":"https:\/\/hojassueltas.es\/index.php?rest_route=\/wp\/v2\/posts\/27880","targetHints":{"allow":["GET"]}}],"collection":[{"href":"https:\/\/hojassueltas.es\/index.php?rest_route=\/wp\/v2\/posts"}],"about":[{"href":"https:\/\/hojassueltas.es\/index.php?rest_route=\/wp\/v2\/types\/post"}],"author":[{"embeddable":true,"href":"https:\/\/hojassueltas.es\/index.php?rest_route=\/wp\/v2\/users\/1"}],"replies":[{"embeddable":true,"href":"https:\/\/hojassueltas.es\/index.php?rest_route=%2Fwp%2Fv2%2Fcomments&post=27880"}],"version-history":[{"count":5,"href":"https:\/\/hojassueltas.es\/index.php?rest_route=\/wp\/v2\/posts\/27880\/revisions"}],"predecessor-version":[{"id":27952,"href":"https:\/\/hojassueltas.es\/index.php?rest_route=\/wp\/v2\/posts\/27880\/revisions\/27952"}],"wp:featuredmedia":[{"embeddable":true,"href":"https:\/\/hojassueltas.es\/index.php?rest_route=\/wp\/v2\/media\/27950"}],"wp:attachment":[{"href":"https:\/\/hojassueltas.es\/index.php?rest_route=%2Fwp%2Fv2%2Fmedia&parent=27880"}],"wp:term":[{"taxonomy":"category","embeddable":true,"href":"https:\/\/hojassueltas.es\/index.php?rest_route=%2Fwp%2Fv2%2Fcategories&post=27880"},{"taxonomy":"post_tag","embeddable":true,"href":"https:\/\/hojassueltas.es\/index.php?rest_route=%2Fwp%2Fv2%2Ftags&post=27880"}],"curies":[{"name":"wp","href":"https:\/\/api.w.org\/{rel}","templated":true}]}}