{"id":27783,"date":"2026-03-09T00:00:29","date_gmt":"2026-03-08T22:00:29","guid":{"rendered":"https:\/\/hojassueltas.es\/?p=27783"},"modified":"2026-03-08T20:05:12","modified_gmt":"2026-03-08T18:05:12","slug":"la-etica-de-leer-en-tiempos-de-interrupcion","status":"publish","type":"post","link":"https:\/\/hojassueltas.es\/?p=27783","title":{"rendered":"La \u00e9tica de leer en tiempos de interrupci\u00f3n"},"content":{"rendered":"<h2 class=\"western\" align=\"justify\"><span style=\"font-family: Georgia, serif;\"><span style=\"font-size: large;\">La lectura como tecnolog\u00eda de la demora<\/span><\/span><\/h2>\n<p align=\"justify\"><span style=\"font-family: Georgia, serif;\"><span style=\"font-size: large;\">La defensa contempor\u00e1nea de la lectura suele presentarse como un acto de buena educaci\u00f3n: \u201cleer es bueno\u201d. Esa frase, repetida con la convicci\u00f3n de un eslogan c\u00edvico, es insuficiente para un enfoque cr\u00edtico. No porque sea falsa, sino porque es c\u00f3moda: convierte una pr\u00e1ctica compleja en un b\u00e1lsamo universal, y elude lo que de verdad importa hoy, cuando la atenci\u00f3n es un bien disputado. Leer no es una virtud autom\u00e1tica, ni un salvoconducto moral; es una t\u00e9cnica de la demora. Su valor \u2014intelectual y \u00e9tico\u2014 no reside en la acumulaci\u00f3n de contenidos, sino en la forma espec\u00edfica de temporalidad que impone: un tiempo continuo, no fragmentado; una continuidad que obliga a sostener una l\u00ednea de sentido sin ayudas externas.<\/span><\/span><\/p>\n<p align=\"justify\"><span style=\"font-family: Georgia, serif;\"><span style=\"font-size: large;\">Ese rasgo es menos \u201crom\u00e1ntico\u201d de lo que parece. Es, en t\u00e9rminos estrictos, una fricci\u00f3n contra la cultura de la interrupci\u00f3n. El texto escrito, cuando se aborda sin prisa, exige un tipo de presencia mental que choca con la econom\u00eda del est\u00edmulo: no premia la reacci\u00f3n inmediata, sino la elaboraci\u00f3n. Por eso la lectura, en su versi\u00f3n fuerte, no se limita a entretener: reeduca el r\u00e9gimen de la atenci\u00f3n. Y ah\u00ed aparece su primera dimensi\u00f3n \u00e9tica. Sostener la atenci\u00f3n es una forma de responsabilidad: frente al impulso de opinar r\u00e1pido, leer obliga a admitir lo que no se entiende a la primera, a soportar un intervalo entre el impacto y el juicio.<\/span><\/span><\/p>\n<h2 class=\"western\" align=\"justify\"><span style=\"font-family: Georgia, serif;\"><span style=\"font-size: large;\">Qu\u00e9 entrena la lectura en el intelecto<\/span><\/span><\/h2>\n<p align=\"justify\"><span style=\"font-family: Georgia, serif;\"><span style=\"font-size: large;\">Hablar de beneficios cognitivos sin caer en la ret\u00f3rica del \u201cmejora tu mente\u201d implica describir mecanismos. Leer entrena, ante todo, el trabajo de inferencia. Un texto literario o ensay\u00edstico no lo da todo hecho: su sentido se construye por capas, a partir de elipsis, iron\u00edas, cambios de perspectiva, ambig\u00fcedades deliberadas. El lector competente aprende a operar con lo no dicho, a detectar las presuposiciones que sostienen una frase, a distinguir la voz narrativa del autor impl\u00edcito, a reconocer que un \u201cyo\u201d puede ser m\u00e1scara y que una afirmaci\u00f3n puede contener distancia.<\/span><\/span><\/p>\n<p align=\"justify\"><span style=\"font-family: Georgia, serif;\"><span style=\"font-size: large;\">Ese entrenamiento es intelectual porque combate una tendencia com\u00fan: confundir comprensi\u00f3n con reconocimiento. En la conversaci\u00f3n p\u00fablica, solemos aceptar como verdadero lo que se parece a nuestras intuiciones. La lectura exigente, en cambio, invita a suspender esa comodidad. Nos enfrenta a frases que no encajan, a argumentos que se despliegan lentamente, a im\u00e1genes que no se agotan en una interpretaci\u00f3n r\u00e1pida. No es solo \u201centender mejor\u201d, sino aprender a convivir con un margen de indeterminaci\u00f3n sin precipitarse. En un clima cultural donde la rapidez se confunde con lucidez, esta tolerancia a la ambig\u00fcedad es un aprendizaje contracultural.<\/span><\/span><\/p>\n<h2 class=\"western\" align=\"justify\"><span style=\"font-family: Georgia, serif;\"><span style=\"font-size: large;\">Precisi\u00f3n ling\u00fc\u00edstica y responsabilidad p\u00fablica<\/span><\/span><\/h2>\n<p align=\"justify\"><span style=\"font-family: Georgia, serif;\"><span style=\"font-size: large;\">La relaci\u00f3n entre lectura y conocimiento ling\u00fc\u00edstico suele reducirse al vocabulario. Es una simplificaci\u00f3n \u00fatil para la pedagog\u00eda b\u00e1sica, pero pobre para una mirada cr\u00edtica. La lectura forma, sobre todo, en precisi\u00f3n: en el sentido de ajustar pensamiento y lenguaje con menos ruido. Quien lee de manera continuada se expone a sintaxis que organizan la experiencia de modos distintos; aprende matices de modalidad (duda, certeza, iron\u00eda, concesi\u00f3n), y entiende que una idea no se sostiene solo con \u00e9nfasis, sino con estructura.<\/span><\/span><\/p>\n<p align=\"justify\"><span style=\"font-family: Georgia, serif;\"><span style=\"font-size: large;\">Esta precisi\u00f3n tiene una dimensi\u00f3n \u00e9tica. No porque el lector sea \u201cmejor persona\u201d, sino porque la esfera p\u00fablica est\u00e1 hecha de palabras, y la mala palabra empobrece el mundo compartido. Nombrar con descuido, generalizar sin matices, confundir intensidad con argumento, no son simples defectos estil\u00edsticos: son formas de irresponsabilidad. Leer con rigor puede entrenar una escucha ling\u00fc\u00edstica que detecta trampas ret\u00f3ricas \u2014la palabra que presupone lo que no demuestra, la met\u00e1fora que normaliza una violencia, el adjetivo que suplanta el razonamiento\u2014. En ese sentido, la lectura no es un adorno cultural, sino un aprendizaje de higiene intelectual: no para \u201cganar discusiones\u201d, sino para pensar sin atajos.<\/span><\/span><\/p>\n<h2 class=\"western\" align=\"justify\"><span style=\"font-family: Georgia, serif;\"><span style=\"font-size: large;\">Psicolog\u00eda de la lectura: consuelo y riesgo<\/span><\/span><\/h2>\n<p align=\"justify\"><span style=\"font-family: Georgia, serif;\"><span style=\"font-size: large;\">Tambi\u00e9n aqu\u00ed conviene evitar el entusiasmo autom\u00e1tico. La lectura puede ayudar a regular emociones, a ordenar la vida interior, a ensayar perspectivas que el d\u00eda a d\u00eda no ofrece. Puede producir una forma de compa\u00f1\u00eda que no depende de la gratificaci\u00f3n inmediata: el lector atraviesa un texto y, al hacerlo, reconfigura su propio relato. Pero esa potencia tiene un reverso. La lectura puede convertirse en evasi\u00f3n organizada: un refugio que sustituye el contacto con lo real por el simulacro de la comprensi\u00f3n.<\/span><\/span><\/p>\n<p align=\"justify\"><span style=\"font-family: Georgia, serif;\"><span style=\"font-size: large;\">El riesgo no es el \u201cexceso de libros\u201d, sino la sustituci\u00f3n de la experiencia por el repertorio. Hay lectores que convierten las referencias en una coraza: el conocimiento como contrase\u00f1a, la cita como modo de autoridad, la biblioteca como frontera. Esa deriva produce un narcisismo cultural dif\u00edcil de detectar porque se presenta como cultivo. Por eso, hablar de efectos psicol\u00f3gicos exige una pregunta inc\u00f3moda: \u00bfpara qu\u00e9 leemos? Si la lectura sirve para ampliar la vida interior y, a la vez, para evitar el conflicto con lo real, entonces su valor no est\u00e1 en el acto en s\u00ed, sino en el uso que se hace de \u00e9l. La lectura forma, s\u00ed, pero no garantiza apertura; puede afinar la sensibilidad o reforzar el cierre.<\/span><\/span><\/p>\n<h2 class=\"western\" align=\"justify\"><span style=\"font-family: Georgia, serif;\"><span style=\"font-size: large;\">Abandonar automatismos: no moral, sino tiempo<\/span><\/span><\/h2>\n<p align=\"justify\"><span style=\"font-family: Georgia, serif;\"><span style=\"font-size: large;\">El apartado sobre \u201cabandono de costumbres negativas\u201d suele derivar en moralina: leer como sustituto virtuoso de h\u00e1bitos da\u00f1inos. Un enfoque m\u00e1s f\u00e9rtil lo entiende como reordenaci\u00f3n del tiempo y del deseo. La lectura prolongada compite con pr\u00e1cticas dise\u00f1adas para la recompensa inmediata: desplazamientos de atenci\u00f3n, microest\u00edmulos, consumo sin fricci\u00f3n. Leer no \u201cpurifica\u201d; interrumpe automatismos. Obliga a permanecer, a atravesar una dificultad, a sostener un hilo.<\/span><\/span><\/p>\n<p align=\"justify\"><span style=\"font-family: Georgia, serif;\"><span style=\"font-size: large;\">Ese cambio tiene consecuencias laterales. Quien incorpora la lectura como disciplina aprende a tolerar el vac\u00edo entre est\u00edmulos, a no exigir que el mundo lo entretenga a cada minuto. El efecto no es moral, sino estructural: cambia la relaci\u00f3n con la espera. Y esa espera, en una cultura que penaliza la lentitud, se vuelve un gesto de autonom\u00eda. No hay hero\u00edsmo en ello, pero s\u00ed una forma discreta de resistencia: la decisi\u00f3n de dedicar tiempo a una actividad que no devuelve gratificaci\u00f3n instant\u00e1nea, que exige trabajo interno y que, en ocasiones, incluso incomoda.<\/span><\/span><\/p>\n<h2 class=\"western\" align=\"justify\"><span style=\"font-family: Georgia, serif;\"><span style=\"font-size: large;\">Vivencias prestadas y l\u00edmites de la empat\u00eda<\/span><\/span><\/h2>\n<p align=\"justify\"><span style=\"font-family: Georgia, serif;\"><span style=\"font-size: large;\">Se dice que la literatura ofrece otras vidas. La idea es atractiva, pero peligrosamente equ\u00edvoca. El texto no sustituye la experiencia; la traduce y la compone. Leer no es \u201chaber vivido\u201d, sino haber imaginado bajo condiciones: una mediaci\u00f3n formal, un punto de vista, una selecci\u00f3n. La literatura puede ampliar el horizonte emocional y moral, s\u00ed, porque nos obliga a habitar perspectivas ajenas. Pero esa ampliaci\u00f3n no debe confundirse con una apropiaci\u00f3n. Existe un riesgo de falsa familiaridad con el sufrimiento ajeno: creer que comprender un relato equivale a comprender una vida.<\/span><\/span><\/p>\n<p align=\"justify\"><span style=\"font-family: Georgia, serif;\"><span style=\"font-size: large;\">La lectura cr\u00edtica, por tanto, no busca la empat\u00eda como adhesi\u00f3n sentimental, sino como trabajo de distancia. Aprender a sentirse interpelado sin convertir lo ajeno en espejo. Reconocer que hay zonas opacas, que no todo se traduce a la propia experiencia, que el texto puede acercarnos y, a la vez, recordarnos un l\u00edmite. En esa tensi\u00f3n \u2014cercan\u00eda y l\u00edmite\u2014 reside la utilidad \u00e9tica de la literatura: no porque \u201chumanice\u201d por decreto, sino porque obliga a negociar con lo que no somos.<\/span><\/span><\/p>\n<h2 class=\"western\" align=\"justify\"><span style=\"font-family: Georgia, serif;\"><span style=\"font-size: large;\">Para quien empieza: leer como responsabilidad est\u00e9tica<\/span><\/span><\/h2>\n<p align=\"justify\"><span style=\"font-family: Georgia, serif;\"><span style=\"font-size: large;\">El n\u00facleo m\u00e1s urgente del tema aparece cuando se piensa en quienes se inician en el mundo literario. A menudo se recomienda leer \u201cpara escribir mejor\u201d, como si cada libro fuese un manual enmascarado. El problema de esa f\u00f3rmula es que convierte la lectura en herramienta utilitaria y, adem\u00e1s, genera ansiedad: cuanto m\u00e1s se lee, m\u00e1s evidente se vuelve el tama\u00f1o de la tradici\u00f3n. El resultado puede ser par\u00e1lisis o impostura.<\/span><\/span><\/p>\n<p align=\"justify\"><span style=\"font-family: Georgia, serif;\"><span style=\"font-size: large;\">Una alternativa cr\u00edtica consiste en entender la lectura inicial como \u00e9tica de la escucha. Antes que producir, el aspirante debe aprender a percibir: c\u00f3mo se construye una voz, c\u00f3mo se maneja el tiempo, c\u00f3mo se dosifica la informaci\u00f3n, qu\u00e9 pactos propone un narrador, qu\u00e9 tono exige una frase. Leer para escribir no es copiar, sino desarrollar o\u00eddo formal. Y, de paso, asumir una responsabilidad: publicar \u2014aunque sea en \u00e1mbitos peque\u00f1os\u2014 es intervenir en un ecosistema cultural. Hacerlo sin haber le\u00eddo lo suficiente no solo empobrece la propia escritura; contribuye a bajar el list\u00f3n de lo compartido.<\/span><\/span><\/p>\n<p align=\"justify\"><span style=\"font-family: Georgia, serif;\"><span style=\"font-size: large;\">Aqu\u00ed conviene a\u00f1adir una cautela \u00e9tica final: la lectura no debe convertirse en privilegio culpabilizador. No todo el mundo dispone de tiempo, calma, mediaci\u00f3n o acceso estable a libros. Hablar de \u201cnecesidad\u201d de leer exige tambi\u00e9n pensar en bibliotecas, escuelas, clubes de lectura, prescripci\u00f3n no condescendiente. La lectura como disciplina de atenci\u00f3n solo puede aspirar a ser pr\u00e1ctica colectiva si se acompa\u00f1a de condiciones materiales y de hospitalidad cultural.<\/span><\/span><\/p>\n<h2 class=\"western\" align=\"justify\"><span style=\"font-family: Georgia, serif;\"><span style=\"font-size: large;\">Hip\u00f3tesis cr\u00edtica abierta<\/span><\/span><\/h2>\n<p align=\"justify\"><span style=\"font-family: Georgia, serif;\"><span style=\"font-size: large;\">Si leer importa hoy no es porque convierta al individuo en alguien \u201cm\u00e1s culto\u201d, sino porque puede sostener una \u00e9tica de la atenci\u00f3n \u2014demora, precisi\u00f3n, tolerancia a la ambig\u00fcedad\u2014 que contradice el r\u00e9gimen contempor\u00e1neo de la respuesta inmediata; la pregunta es si esa \u00e9tica puede expandirse como pr\u00e1ctica com\u00fan sin degradarse en etiqueta de estatus ni quedar confinada a quienes ya poseen tiempo, mediaci\u00f3n y acceso.<\/span><\/span><\/p>\n<p align=\"justify\"><strong>\u00a9 VALENT\u00cdN CASTRO<\/strong><\/p>\n","protected":false},"excerpt":{"rendered":"<p>La lectura como tecnolog\u00eda de la demora La defensa contempor\u00e1nea de la lectura suele presentarse como un acto de buena educaci\u00f3n: \u201cleer es bueno\u201d. Esa frase, repetida con la convicci\u00f3n de un eslogan c\u00edvico, es insuficiente para un enfoque cr\u00edtico. No porque sea falsa, sino porque es c\u00f3moda: convierte una pr\u00e1ctica compleja en un b\u00e1lsamo [&hellip;]<\/p>\n","protected":false},"author":62,"featured_media":27784,"comment_status":"open","ping_status":"closed","sticky":false,"template":"","format":"standard","meta":{"footnotes":""},"categories":[2258],"tags":[1458],"class_list":{"0":"post-27783","1":"post","2":"type-post","3":"status-publish","4":"format-standard","5":"has-post-thumbnail","7":"category-lente-critica","8":"tag-valentin-castro"},"yoast_head":"<!-- This site is optimized with the Yoast SEO plugin v27.5 - https:\/\/yoast.com\/product\/yoast-seo-wordpress\/ -->\n<title>La \u00e9tica de leer en tiempos de interrupci\u00f3n | LENTE CR\u00cdTICA | HOJAS SUELTAS Peri\u00f3dico Cultural<\/title>\n<meta name=\"description\" content=\"LENTE CR\u00cdTICA: Si leer importa hoy no es porque convierta al individuo en alguien \u201cm\u00e1s culto\u201d, sino porque puede sostener una \u00e9tica de la atenci\u00f3n \u2014demora, precisi\u00f3n, tolerancia a la ambig\u00fcedad\u2014\" \/>\n<meta name=\"robots\" content=\"index, follow, max-snippet:-1, max-image-preview:large, max-video-preview:-1\" \/>\n<link rel=\"canonical\" href=\"https:\/\/hojassueltas.es\/?p=27783\" \/>\n<meta property=\"og:locale\" content=\"es_ES\" \/>\n<meta property=\"og:type\" content=\"article\" \/>\n<meta property=\"og:title\" content=\"La \u00e9tica de leer en tiempos de interrupci\u00f3n | LENTE CR\u00cdTICA | HOJAS SUELTAS Peri\u00f3dico Cultural\" \/>\n<meta property=\"og:description\" content=\"LENTE CR\u00cdTICA: Si leer importa hoy no es porque convierta al individuo en alguien \u201cm\u00e1s culto\u201d, sino porque puede sostener una \u00e9tica de la atenci\u00f3n \u2014demora, precisi\u00f3n, tolerancia a la ambig\u00fcedad\u2014\" \/>\n<meta property=\"og:url\" content=\"https:\/\/hojassueltas.es\/?p=27783\" \/>\n<meta property=\"og:site_name\" content=\"HOJAS SUELTAS Peri\u00f3dico Cultural\" \/>\n<meta property=\"article:published_time\" content=\"2026-03-08T22:00:29+00:00\" \/>\n<meta property=\"og:image\" content=\"https:\/\/hojassueltas.es\/wp-content\/uploads\/2026\/03\/lEER_H.S.--916x610.png\" \/>\n\t<meta property=\"og:image:width\" content=\"916\" \/>\n\t<meta property=\"og:image:height\" content=\"610\" \/>\n\t<meta property=\"og:image:type\" content=\"image\/png\" \/>\n<meta name=\"author\" content=\"Valent\u00edn Castro\" \/>\n<meta name=\"twitter:card\" content=\"summary_large_image\" \/>\n<meta name=\"twitter:creator\" content=\"@HOJASSUELTAS22\" \/>\n<meta name=\"twitter:site\" content=\"@HOJASSUELTAS22\" \/>\n<meta name=\"twitter:label1\" content=\"Escrito por\" \/>\n\t<meta name=\"twitter:data1\" content=\"Valent\u00edn Castro\" \/>\n\t<meta name=\"twitter:label2\" content=\"Tiempo de lectura\" \/>\n\t<meta name=\"twitter:data2\" content=\"8 minutos\" \/>\n<script type=\"application\/ld+json\" class=\"yoast-schema-graph\">{\"@context\":\"https:\\\/\\\/schema.org\",\"@graph\":[{\"@type\":[\"Article\",\"BlogPosting\"],\"@id\":\"https:\\\/\\\/hojassueltas.es\\\/?p=27783#article\",\"isPartOf\":{\"@id\":\"https:\\\/\\\/hojassueltas.es\\\/?p=27783\"},\"author\":{\"name\":\"Valent\u00edn Castro\",\"@id\":\"https:\\\/\\\/hojassueltas.es\\\/#\\\/schema\\\/person\\\/69b100dc9b45a00e61d055b63d4278e9\"},\"headline\":\"La \u00e9tica de leer en tiempos de interrupci\u00f3n\",\"datePublished\":\"2026-03-08T22:00:29+00:00\",\"mainEntityOfPage\":{\"@id\":\"https:\\\/\\\/hojassueltas.es\\\/?p=27783\"},\"wordCount\":1650,\"commentCount\":0,\"publisher\":{\"@id\":\"https:\\\/\\\/hojassueltas.es\\\/#organization\"},\"image\":{\"@id\":\"https:\\\/\\\/hojassueltas.es\\\/?p=27783#primaryimage\"},\"thumbnailUrl\":\"https:\\\/\\\/hojassueltas.es\\\/wp-content\\\/uploads\\\/2026\\\/03\\\/lEER_H.S.-.png\",\"keywords\":[\"Valent\u00edn Castro\"],\"articleSection\":[\"LENTE CR\u00cdTICA\"],\"inLanguage\":\"es\",\"potentialAction\":[{\"@type\":\"CommentAction\",\"name\":\"Comment\",\"target\":[\"https:\\\/\\\/hojassueltas.es\\\/?p=27783#respond\"]}]},{\"@type\":\"WebPage\",\"@id\":\"https:\\\/\\\/hojassueltas.es\\\/?p=27783\",\"url\":\"https:\\\/\\\/hojassueltas.es\\\/?p=27783\",\"name\":\"La \u00e9tica de leer en tiempos de interrupci\u00f3n | LENTE CR\u00cdTICA | HOJAS SUELTAS Peri\u00f3dico Cultural\",\"isPartOf\":{\"@id\":\"https:\\\/\\\/hojassueltas.es\\\/#website\"},\"primaryImageOfPage\":{\"@id\":\"https:\\\/\\\/hojassueltas.es\\\/?p=27783#primaryimage\"},\"image\":{\"@id\":\"https:\\\/\\\/hojassueltas.es\\\/?p=27783#primaryimage\"},\"thumbnailUrl\":\"https:\\\/\\\/hojassueltas.es\\\/wp-content\\\/uploads\\\/2026\\\/03\\\/lEER_H.S.-.png\",\"datePublished\":\"2026-03-08T22:00:29+00:00\",\"description\":\"LENTE CR\u00cdTICA: Si leer importa hoy no es porque convierta al individuo en alguien \u201cm\u00e1s culto\u201d, sino porque puede sostener una \u00e9tica de la atenci\u00f3n \u2014demora, precisi\u00f3n, tolerancia a la ambig\u00fcedad\u2014\",\"breadcrumb\":{\"@id\":\"https:\\\/\\\/hojassueltas.es\\\/?p=27783#breadcrumb\"},\"inLanguage\":\"es\",\"potentialAction\":[{\"@type\":\"ReadAction\",\"target\":[\"https:\\\/\\\/hojassueltas.es\\\/?p=27783\"]}]},{\"@type\":\"ImageObject\",\"inLanguage\":\"es\",\"@id\":\"https:\\\/\\\/hojassueltas.es\\\/?p=27783#primaryimage\",\"url\":\"https:\\\/\\\/hojassueltas.es\\\/wp-content\\\/uploads\\\/2026\\\/03\\\/lEER_H.S.-.png\",\"contentUrl\":\"https:\\\/\\\/hojassueltas.es\\\/wp-content\\\/uploads\\\/2026\\\/03\\\/lEER_H.S.-.png\",\"width\":1920,\"height\":1278},{\"@type\":\"BreadcrumbList\",\"@id\":\"https:\\\/\\\/hojassueltas.es\\\/?p=27783#breadcrumb\",\"itemListElement\":[{\"@type\":\"ListItem\",\"position\":1,\"name\":\"Portada\",\"item\":\"https:\\\/\\\/hojassueltas.es\\\/\"},{\"@type\":\"ListItem\",\"position\":2,\"name\":\"La \u00e9tica de leer en tiempos de interrupci\u00f3n\"}]},{\"@type\":\"WebSite\",\"@id\":\"https:\\\/\\\/hojassueltas.es\\\/#website\",\"url\":\"https:\\\/\\\/hojassueltas.es\\\/\",\"name\":\"HojasSueltas.es\",\"description\":\"GRANADA - Peri\u00f3dico Cultural\",\"publisher\":{\"@id\":\"https:\\\/\\\/hojassueltas.es\\\/#organization\"},\"alternateName\":\"H.S. Periodico Cultural\",\"potentialAction\":[{\"@type\":\"SearchAction\",\"target\":{\"@type\":\"EntryPoint\",\"urlTemplate\":\"https:\\\/\\\/hojassueltas.es\\\/?s={search_term_string}\"},\"query-input\":{\"@type\":\"PropertyValueSpecification\",\"valueRequired\":true,\"valueName\":\"search_term_string\"}}],\"inLanguage\":\"es\"},{\"@type\":\"Organization\",\"@id\":\"https:\\\/\\\/hojassueltas.es\\\/#organization\",\"name\":\"HOJAS SUELTAS - Peri\u00f3dico Cultural\",\"alternateName\":\"HS - HOJAS SUELTAS Peri\u00f3dico Cultural\",\"url\":\"https:\\\/\\\/hojassueltas.es\\\/\",\"logo\":{\"@type\":\"ImageObject\",\"inLanguage\":\"es\",\"@id\":\"https:\\\/\\\/hojassueltas.es\\\/#\\\/schema\\\/logo\\\/image\\\/\",\"url\":\"https:\\\/\\\/hojassueltas.es\\\/wp-content\\\/uploads\\\/2025\\\/08\\\/Icono-HS_2.png\",\"contentUrl\":\"https:\\\/\\\/hojassueltas.es\\\/wp-content\\\/uploads\\\/2025\\\/08\\\/Icono-HS_2.png\",\"width\":500,\"height\":500,\"caption\":\"HOJAS SUELTAS - Peri\u00f3dico Cultural\"},\"image\":{\"@id\":\"https:\\\/\\\/hojassueltas.es\\\/#\\\/schema\\\/logo\\\/image\\\/\"},\"sameAs\":[\"https:\\\/\\\/x.com\\\/HOJASSUELTAS22\"]},{\"@type\":\"Person\",\"@id\":\"https:\\\/\\\/hojassueltas.es\\\/#\\\/schema\\\/person\\\/69b100dc9b45a00e61d055b63d4278e9\",\"name\":\"Valent\u00edn Castro\",\"image\":{\"@type\":\"ImageObject\",\"inLanguage\":\"es\",\"@id\":\"https:\\\/\\\/hojassueltas.es\\\/wp-content\\\/uploads\\\/2025\\\/11\\\/Valentin-Castro-2025-96x96.png\",\"url\":\"https:\\\/\\\/hojassueltas.es\\\/wp-content\\\/uploads\\\/2025\\\/11\\\/Valentin-Castro-2025-96x96.png\",\"contentUrl\":\"https:\\\/\\\/hojassueltas.es\\\/wp-content\\\/uploads\\\/2025\\\/11\\\/Valentin-Castro-2025-96x96.png\",\"caption\":\"Valent\u00edn Castro\"},\"description\":\"Naci\u00f3 en una aldea de A Coru\u00f1a. Emigra con sus padres a M\u00e9jico. Licenciado en Comunicaci\u00f3n y Periodismo por la Universidad Nacional Aut\u00f3noma de M\u00e9xico. Licenciado en Geograf\u00eda e Historia por la Universidad Complutense de Madrid. Vive en Madrid, publica art\u00edculos y ensayos en diversos medios de comunicaci\u00f3n mejicanos y espa\u00f1oles bajo varios seud\u00f3nimos. Actualmente prepara una saga con personajes nacidos durante la ocupaci\u00f3n de M\u00e9xico por Hern\u00e1n Cort\u00e9s. Sus art\u00edculos y ensayos son efectistas, en ocasiones c\u00e1ustico, y muy cr\u00edtico. ES Redactor Jefe de Hojas Sueltas, dedicando su tiempo libre a escribir art\u00edculos con especial dedicaci\u00f3n a la literatura y la historia.\",\"url\":\"https:\\\/\\\/hojassueltas.es\\\/?author=62\"}]}<\/script>\n<!-- \/ Yoast SEO plugin. -->","yoast_head_json":{"title":"La \u00e9tica de leer en tiempos de interrupci\u00f3n | LENTE CR\u00cdTICA | HOJAS SUELTAS Peri\u00f3dico Cultural","description":"LENTE CR\u00cdTICA: Si leer importa hoy no es porque convierta al individuo en alguien \u201cm\u00e1s culto\u201d, sino porque puede sostener una \u00e9tica de la atenci\u00f3n \u2014demora, precisi\u00f3n, tolerancia a la ambig\u00fcedad\u2014","robots":{"index":"index","follow":"follow","max-snippet":"max-snippet:-1","max-image-preview":"max-image-preview:large","max-video-preview":"max-video-preview:-1"},"canonical":"https:\/\/hojassueltas.es\/?p=27783","og_locale":"es_ES","og_type":"article","og_title":"La \u00e9tica de leer en tiempos de interrupci\u00f3n | LENTE CR\u00cdTICA | HOJAS SUELTAS Peri\u00f3dico Cultural","og_description":"LENTE CR\u00cdTICA: Si leer importa hoy no es porque convierta al individuo en alguien \u201cm\u00e1s culto\u201d, sino porque puede sostener una \u00e9tica de la atenci\u00f3n \u2014demora, precisi\u00f3n, tolerancia a la ambig\u00fcedad\u2014","og_url":"https:\/\/hojassueltas.es\/?p=27783","og_site_name":"HOJAS SUELTAS Peri\u00f3dico Cultural","article_published_time":"2026-03-08T22:00:29+00:00","og_image":[{"width":916,"height":610,"url":"https:\/\/hojassueltas.es\/wp-content\/uploads\/2026\/03\/lEER_H.S.--916x610.png","type":"image\/png"}],"author":"Valent\u00edn Castro","twitter_card":"summary_large_image","twitter_creator":"@HOJASSUELTAS22","twitter_site":"@HOJASSUELTAS22","twitter_misc":{"Escrito por":"Valent\u00edn Castro","Tiempo de lectura":"8 minutos"},"schema":{"@context":"https:\/\/schema.org","@graph":[{"@type":["Article","BlogPosting"],"@id":"https:\/\/hojassueltas.es\/?p=27783#article","isPartOf":{"@id":"https:\/\/hojassueltas.es\/?p=27783"},"author":{"name":"Valent\u00edn Castro","@id":"https:\/\/hojassueltas.es\/#\/schema\/person\/69b100dc9b45a00e61d055b63d4278e9"},"headline":"La \u00e9tica de leer en tiempos de interrupci\u00f3n","datePublished":"2026-03-08T22:00:29+00:00","mainEntityOfPage":{"@id":"https:\/\/hojassueltas.es\/?p=27783"},"wordCount":1650,"commentCount":0,"publisher":{"@id":"https:\/\/hojassueltas.es\/#organization"},"image":{"@id":"https:\/\/hojassueltas.es\/?p=27783#primaryimage"},"thumbnailUrl":"https:\/\/hojassueltas.es\/wp-content\/uploads\/2026\/03\/lEER_H.S.-.png","keywords":["Valent\u00edn Castro"],"articleSection":["LENTE CR\u00cdTICA"],"inLanguage":"es","potentialAction":[{"@type":"CommentAction","name":"Comment","target":["https:\/\/hojassueltas.es\/?p=27783#respond"]}]},{"@type":"WebPage","@id":"https:\/\/hojassueltas.es\/?p=27783","url":"https:\/\/hojassueltas.es\/?p=27783","name":"La \u00e9tica de leer en tiempos de interrupci\u00f3n | LENTE CR\u00cdTICA | HOJAS SUELTAS Peri\u00f3dico Cultural","isPartOf":{"@id":"https:\/\/hojassueltas.es\/#website"},"primaryImageOfPage":{"@id":"https:\/\/hojassueltas.es\/?p=27783#primaryimage"},"image":{"@id":"https:\/\/hojassueltas.es\/?p=27783#primaryimage"},"thumbnailUrl":"https:\/\/hojassueltas.es\/wp-content\/uploads\/2026\/03\/lEER_H.S.-.png","datePublished":"2026-03-08T22:00:29+00:00","description":"LENTE CR\u00cdTICA: Si leer importa hoy no es porque convierta al individuo en alguien \u201cm\u00e1s culto\u201d, sino porque puede sostener una \u00e9tica de la atenci\u00f3n \u2014demora, precisi\u00f3n, tolerancia a la ambig\u00fcedad\u2014","breadcrumb":{"@id":"https:\/\/hojassueltas.es\/?p=27783#breadcrumb"},"inLanguage":"es","potentialAction":[{"@type":"ReadAction","target":["https:\/\/hojassueltas.es\/?p=27783"]}]},{"@type":"ImageObject","inLanguage":"es","@id":"https:\/\/hojassueltas.es\/?p=27783#primaryimage","url":"https:\/\/hojassueltas.es\/wp-content\/uploads\/2026\/03\/lEER_H.S.-.png","contentUrl":"https:\/\/hojassueltas.es\/wp-content\/uploads\/2026\/03\/lEER_H.S.-.png","width":1920,"height":1278},{"@type":"BreadcrumbList","@id":"https:\/\/hojassueltas.es\/?p=27783#breadcrumb","itemListElement":[{"@type":"ListItem","position":1,"name":"Portada","item":"https:\/\/hojassueltas.es\/"},{"@type":"ListItem","position":2,"name":"La \u00e9tica de leer en tiempos de interrupci\u00f3n"}]},{"@type":"WebSite","@id":"https:\/\/hojassueltas.es\/#website","url":"https:\/\/hojassueltas.es\/","name":"HojasSueltas.es","description":"GRANADA - Peri\u00f3dico Cultural","publisher":{"@id":"https:\/\/hojassueltas.es\/#organization"},"alternateName":"H.S. Periodico Cultural","potentialAction":[{"@type":"SearchAction","target":{"@type":"EntryPoint","urlTemplate":"https:\/\/hojassueltas.es\/?s={search_term_string}"},"query-input":{"@type":"PropertyValueSpecification","valueRequired":true,"valueName":"search_term_string"}}],"inLanguage":"es"},{"@type":"Organization","@id":"https:\/\/hojassueltas.es\/#organization","name":"HOJAS SUELTAS - Peri\u00f3dico Cultural","alternateName":"HS - HOJAS SUELTAS Peri\u00f3dico Cultural","url":"https:\/\/hojassueltas.es\/","logo":{"@type":"ImageObject","inLanguage":"es","@id":"https:\/\/hojassueltas.es\/#\/schema\/logo\/image\/","url":"https:\/\/hojassueltas.es\/wp-content\/uploads\/2025\/08\/Icono-HS_2.png","contentUrl":"https:\/\/hojassueltas.es\/wp-content\/uploads\/2025\/08\/Icono-HS_2.png","width":500,"height":500,"caption":"HOJAS SUELTAS - Peri\u00f3dico Cultural"},"image":{"@id":"https:\/\/hojassueltas.es\/#\/schema\/logo\/image\/"},"sameAs":["https:\/\/x.com\/HOJASSUELTAS22"]},{"@type":"Person","@id":"https:\/\/hojassueltas.es\/#\/schema\/person\/69b100dc9b45a00e61d055b63d4278e9","name":"Valent\u00edn Castro","image":{"@type":"ImageObject","inLanguage":"es","@id":"https:\/\/hojassueltas.es\/wp-content\/uploads\/2025\/11\/Valentin-Castro-2025-96x96.png","url":"https:\/\/hojassueltas.es\/wp-content\/uploads\/2025\/11\/Valentin-Castro-2025-96x96.png","contentUrl":"https:\/\/hojassueltas.es\/wp-content\/uploads\/2025\/11\/Valentin-Castro-2025-96x96.png","caption":"Valent\u00edn Castro"},"description":"Naci\u00f3 en una aldea de A Coru\u00f1a. Emigra con sus padres a M\u00e9jico. Licenciado en Comunicaci\u00f3n y Periodismo por la Universidad Nacional Aut\u00f3noma de M\u00e9xico. Licenciado en Geograf\u00eda e Historia por la Universidad Complutense de Madrid. Vive en Madrid, publica art\u00edculos y ensayos en diversos medios de comunicaci\u00f3n mejicanos y espa\u00f1oles bajo varios seud\u00f3nimos. Actualmente prepara una saga con personajes nacidos durante la ocupaci\u00f3n de M\u00e9xico por Hern\u00e1n Cort\u00e9s. Sus art\u00edculos y ensayos son efectistas, en ocasiones c\u00e1ustico, y muy cr\u00edtico. ES Redactor Jefe de Hojas Sueltas, dedicando su tiempo libre a escribir art\u00edculos con especial dedicaci\u00f3n a la literatura y la historia.","url":"https:\/\/hojassueltas.es\/?author=62"}]}},"_links":{"self":[{"href":"https:\/\/hojassueltas.es\/index.php?rest_route=\/wp\/v2\/posts\/27783","targetHints":{"allow":["GET"]}}],"collection":[{"href":"https:\/\/hojassueltas.es\/index.php?rest_route=\/wp\/v2\/posts"}],"about":[{"href":"https:\/\/hojassueltas.es\/index.php?rest_route=\/wp\/v2\/types\/post"}],"author":[{"embeddable":true,"href":"https:\/\/hojassueltas.es\/index.php?rest_route=\/wp\/v2\/users\/62"}],"replies":[{"embeddable":true,"href":"https:\/\/hojassueltas.es\/index.php?rest_route=%2Fwp%2Fv2%2Fcomments&post=27783"}],"version-history":[{"count":1,"href":"https:\/\/hojassueltas.es\/index.php?rest_route=\/wp\/v2\/posts\/27783\/revisions"}],"predecessor-version":[{"id":27785,"href":"https:\/\/hojassueltas.es\/index.php?rest_route=\/wp\/v2\/posts\/27783\/revisions\/27785"}],"wp:featuredmedia":[{"embeddable":true,"href":"https:\/\/hojassueltas.es\/index.php?rest_route=\/wp\/v2\/media\/27784"}],"wp:attachment":[{"href":"https:\/\/hojassueltas.es\/index.php?rest_route=%2Fwp%2Fv2%2Fmedia&parent=27783"}],"wp:term":[{"taxonomy":"category","embeddable":true,"href":"https:\/\/hojassueltas.es\/index.php?rest_route=%2Fwp%2Fv2%2Fcategories&post=27783"},{"taxonomy":"post_tag","embeddable":true,"href":"https:\/\/hojassueltas.es\/index.php?rest_route=%2Fwp%2Fv2%2Ftags&post=27783"}],"curies":[{"name":"wp","href":"https:\/\/api.w.org\/{rel}","templated":true}]}}