{"id":27775,"date":"2026-03-05T00:00:02","date_gmt":"2026-03-04T22:00:02","guid":{"rendered":"https:\/\/hojassueltas.es\/?p=27775"},"modified":"2026-03-07T18:30:25","modified_gmt":"2026-03-07T16:30:25","slug":"anxel-fole-o-el-arte-de-contar-cuando-el-pais-calla","status":"publish","type":"post","link":"https:\/\/hojassueltas.es\/?p=27775","title":{"rendered":"\u00c1nxel Fole, o el arte de contar cuando el pa\u00eds calla"},"content":{"rendered":"<p align=\"justify\"><span style=\"font-family: Georgia, serif;\"><span style=\"font-size: large;\">\u00c1nxel Fole (Lugo, 1903\u20131986) pertenece a esa estirpe rara de narradores que no \u201cinventan\u201d historias: las desentierran. Su literatura no se entiende como una producci\u00f3n de argumentos, sino como una pr\u00e1ctica de escucha. Y esa condici\u00f3n \u2014la de escritor atento a la voz ajena, a la oralidad como archivo moral\u2014 explica tanto su singularidad como una parte de su posterior desatenci\u00f3n en el canon espa\u00f1ol, todav\u00eda poco permeable a lo que no nace en el centro, ni se expresa en la lengua hegem\u00f3nica, ni adopta el molde prestigioso de la gran novela.<\/span><\/span><\/p>\n<p align=\"justify\"><span style=\"font-family: Georgia, serif;\"><span style=\"font-size: large;\">Fole naci\u00f3 y muri\u00f3 en Lugo, y esa circularidad biogr\u00e1fica no es un detalle pintoresco: es un programa est\u00e9tico. Vivi\u00f3, sin embargo, una juventud de desplazamientos y tentativas \u2014estudios de Derecho, estancias en Valladolid y Santiago\u2014 que lo conectaron con el clima intelectual del galleguismo cultural anterior a la guerra. En los a\u00f1os veinte y treinta frecuent\u00f3 ambientes period\u00edsticos y literarios, colabor\u00f3 en prensa y se acerc\u00f3 a la sensibilidad de una Galicia que aspiraba a modernizarse sin perder su densidad hist\u00f3rica. La Guerra Civil y la posguerra reordenaron ese horizonte: la represi\u00f3n y la censura no solo recortaron libertades; impusieron un r\u00e9gimen de discurso. En ese contexto, Fole opt\u00f3 por una estrategia que es a la vez literaria y \u00e9tica: contar desde los m\u00e1rgenes, insistir en lo local como forma de verdad, y refugiar en el cuento \u2014breve, m\u00f3vil, transmisible\u2014 una memoria que el relato oficial pretend\u00eda clausurar.<\/span><\/span><\/p>\n<p align=\"justify\"><span style=\"font-family: Georgia, serif;\"><span style=\"font-size: large;\">Su obra narrativa se articula, sobre todo, en libros de relatos que hoy deber\u00edan leerse como una intervenci\u00f3n mayor en la literatura peninsular del siglo XX: <em>\u00c1 lus do candil<\/em> (1953), <em>Terra brava<\/em> (1955) y <em>Contos da n\u00e9boa<\/em> (1958), entre otros vol\u00famenes que prolongan ese territorio de f\u00e1bula rural y de conversaci\u00f3n nocturna. Es significativo que su t\u00edtulo m\u00e1s citado, <em>\u00c1 lus do candil<\/em>, convierta en emblema una luz precaria: la l\u00e1mpara que permite ver lo imprescindible, no lo espectacular. Fole escribe desde esa penumbra donde lo cotidiano roza lo ins\u00f3lito y donde la comunidad \u2014no el individuo aislado\u2014 es el gran sujeto del relato.<\/span><\/span><\/p>\n<p align=\"justify\"><span style=\"font-family: Georgia, serif;\"><span style=\"font-size: large;\">La clave formal de Fole est\u00e1 en la voz. No es un escritor \u201cde estilo\u201d en el sentido ornamental; su prosa trabaja para sonar. Con frecuencia utiliza narradores que hablan como quien recuerda en corro, con inflexiones, dudas, rectificaciones, chascarrillos y silencios significativos. La frase no avanza en l\u00ednea recta: rodea, vuelve, se detiene en un detalle que parecer\u00eda secundario \u2014un gesto, una muletilla, una manera de mirar\u2014 y en ese rodeo va sedimentando una verdad social. La oralidad no es aqu\u00ed un recurso costumbrista, sino una t\u00e9cnica de conocimiento: la realidad se revela en c\u00f3mo se cuenta, no solo en lo que se cuenta.<\/span><\/span><\/p>\n<p align=\"justify\"><span style=\"font-family: Georgia, serif;\"><span style=\"font-size: large;\">Esa apuesta comporta una estructura caracter\u00edstica: relatos enmarcados por una situaci\u00f3n de narraci\u00f3n (la noche, la cocina, la taberna, el camino), donde la comunidad produce versiones y contra-versiones. Fole convierte la incertidumbre en motor: la historia se sostiene en la oscilaci\u00f3n entre la credulidad y el escepticismo. De ah\u00ed su afinidad con lo fant\u00e1stico popular, pero un fant\u00e1stico sin aparato, sin grandilocuencia: lo extra\u00f1o irrumpe como posibilidad entre otras, y lo importante es observar qu\u00e9 hace esa irrupci\u00f3n con la mentalidad del grupo. M\u00e1s que \u201csucesos sobrenaturales\u201d, lo que Fole explora es el mecanismo social de la creencia.<\/span><\/span><\/p>\n<p align=\"justify\"><span style=\"font-family: Georgia, serif;\"><span style=\"font-size: large;\">El lenguaje, adem\u00e1s, no se limita a \u201creproducir\u201d un habla rural: la estiliza sin esterilizarla. Hay un o\u00eddo para el l\u00e9xico concreto \u2014nombres de herramientas, meteorolog\u00edas, oficios, accidentes del relieve\u2014 que sostiene una materialidad muy poco sentimental. Esa precisi\u00f3n, que puede parecer meramente etnogr\u00e1fica, tiene una funci\u00f3n \u00e9tica: rescata un mundo de trabajo y precariedad sin convertirlo en postal. Al mismo tiempo, la prosa de Fole admite el humor como una forma de inteligencia cr\u00edtica: la iron\u00eda desactiva la solemnidad y protege al relato de cualquier tentaci\u00f3n edificante.<\/span><\/span><\/p>\n<p align=\"justify\"><span style=\"font-family: Georgia, serif;\"><span style=\"font-size: large;\">Situar a Fole en su contexto literario exige no reducirlo a \u201cautor gallego\u201d como etiqueta. Comparte \u00e9poca con la gran recomposici\u00f3n de las literaturas perif\u00e9ricas en la posguerra y con la dificultad de escribir bajo censura. En Galicia, su trayectoria dialoga \u2014desde posiciones distintas\u2014 con la invenci\u00f3n l\u00edrica y fabuladora de \u00c1lvaro Cunqueiro y con la densidad hist\u00f3rica de figuras vinculadas a la tradici\u00f3n anterior a 1936. Pero Fole no persigue el brillo verbal ni el mito culto: se mantiene en la frontera entre el testimonio y la leyenda, entre el registro documental y la deriva imaginaria. Su mundo no es el de la epopeya nacional ni el de la intimidad psicol\u00f3gica; es el de la sociabilidad rural, con sus jerarqu\u00edas, sus miedos, sus astucias y su fatalismo aprendido.<\/span><\/span><\/p>\n<p align=\"justify\"><span style=\"font-family: Georgia, serif;\"><span style=\"font-size: large;\">Ah\u00ed aparece una lectura interpretativa decisiva: Fole escribe la posguerra sin escribir \u201csobre\u201d la posguerra. En sus cuentos hay violencia latente, arbitrariedad, pobreza, dependencia, pero raramente la enuncia con nombres pol\u00edticos. Ese rodeo no es evasi\u00f3n; es una forma de decir bajo vigilancia y, m\u00e1s a\u00fan, de mostrar c\u00f3mo la comunidad interioriza el miedo y lo traduce en relato. La superstici\u00f3n, el rumor, la historia \u201cque nadie cree\u201d funcionan como met\u00e1foras de un pa\u00eds donde la verdad oficial compite con verdades subterr\u00e1neas. El cuento, entonces, no es entretenimiento: es un dispositivo de supervivencia cultural.<\/span><\/span><\/p>\n<p align=\"justify\"><span style=\"font-family: Georgia, serif;\"><span style=\"font-size: large;\">\u00bfPor qu\u00e9, con ese espesor formal y esa carga hist\u00f3rica, Fole ha quedado arrinconado en la conversaci\u00f3n literaria espa\u00f1ola? Hay razones convergentes. La primera es ling\u00fc\u00edstica y editorial: escribir mayoritariamente en gallego ha significado \u2014en el mercado y en la cr\u00edtica estatal\u2014 una circulaci\u00f3n menor, traducciones intermitentes y una lectura a menudo filtrada por el prejuicio de lo \u201cregional\u201d. La segunda es gen\u00e9rica: el cuento, pese a la tradici\u00f3n espa\u00f1ola, sigue ocupando un lugar secundario frente a la novela como medida de prestigio. La tercera es geogr\u00e1fica y medi\u00e1tica: Fole no construy\u00f3 una figura p\u00fablica centralizada; su periodismo, disperso, y su vida ligada a Lugo lo alejaron de los circuitos de consagraci\u00f3n. Y, por \u00faltimo, hay un motivo est\u00e9tico: su grandeza es silenciosa. No ofrece la modernidad ostentosa de las vanguardias ni la \u00e9pica del gran realismo urbano; propone una modernidad lateral, basada en la polifon\u00eda oral y en el extra\u00f1amiento m\u00ednimo. Eso exige un lector dispuesto a afinar el o\u00eddo.<\/span><\/span><\/p>\n<p align=\"justify\"><span style=\"font-family: Georgia, serif;\"><span style=\"font-size: large;\">Su legado, precisamente, est\u00e1 en esa lecci\u00f3n de escucha. Fole anticipa debates contempor\u00e1neos sobre memoria, periferia y forma: c\u00f3mo narrar lo colectivo sin reducirlo a tesis; c\u00f3mo registrar una cultura sin exotizarla; c\u00f3mo hacer del habla un m\u00e9todo literario. Leerlo hoy permite revisar la idea \u2014todav\u00eda demasiado extendida\u2014 de que lo rural es pasado y lo urbano es presente. En Fole, lo rural es un laboratorio de lenguaje y de poder: all\u00ed se negocia la autoridad, se administra el miedo, se fabrica comunidad.<\/span><\/span><\/p>\n<p align=\"justify\"><span style=\"font-family: Georgia, serif;\"><span style=\"font-size: large;\">Queda, pues, una tarea pendiente para la sociedad cultural espa\u00f1ola: reincorporar a \u00c1nxel Fole a una lectura compartida que no lo encierre en el compartimento \u201clocal\u201d, sino que lo lea como lo que es: un prosista mayor del siglo XX, due\u00f1o de una t\u00e9cnica narrativa fin\u00edsima y de una \u00e9tica de la atenci\u00f3n que el presente necesita.<\/span><\/span><\/p>\n<p align=\"justify\"><span style=\"font-family: Georgia, serif; font-size: 14px;\"><strong>Lecturas recomendadas (y referencias de apoyo para el lector):<\/strong><\/span><\/p>\n<ul>\n<li>\n<p align=\"justify\"><span style=\"font-family: Georgia, serif; font-size: 14px;\">\u00c1nxel Fole, <em>\u00c1 lus do candil<\/em> (1953).<\/span><\/p>\n<\/li>\n<li>\n<p align=\"justify\"><span style=\"font-family: Georgia, serif; font-size: 14px;\">\u00c1nxel Fole, <em>Terra brava<\/em> (1955).<\/span><\/p>\n<\/li>\n<li>\n<p align=\"justify\"><span style=\"font-family: Georgia, serif; font-size: 14px;\">\u00c1nxel Fole, <em>Contos da n\u00e9boa<\/em> (1958).<\/span><\/p>\n<\/li>\n<li>\n<p align=\"justify\"><span style=\"font-family: Georgia, serif; font-size: 14px;\">Entrada de \u00c1nxel Fole en la <strong>Real Academia Galega<\/strong> (semblanza y bibliograf\u00eda).<\/span><\/p>\n<\/li>\n<li>\n<p align=\"justify\"><span style=\"font-family: Georgia, serif; font-size: 14px;\">Consultas de contexto: manuales y diccionarios de <strong>literatura galega<\/strong> (siglo XX) disponibles en editoriales e instituciones acad\u00e9micas gallegas.<\/span><\/p>\n<\/li>\n<\/ul>\n<p><strong>PUNTO Y SEGUIDO &#8211; Susana Di\u00e9guez<\/strong><\/p>\n","protected":false},"excerpt":{"rendered":"<p>\u00c1nxel Fole (Lugo, 1903\u20131986) pertenece a esa estirpe rara de narradores que no \u201cinventan\u201d historias: las desentierran. Su literatura no se entiende como una producci\u00f3n de argumentos, sino como una pr\u00e1ctica de escucha. Y esa condici\u00f3n \u2014la de escritor atento a la voz ajena, a la oralidad como archivo moral\u2014 explica tanto su singularidad como [&hellip;]<\/p>\n","protected":false},"author":96,"featured_media":27776,"comment_status":"open","ping_status":"closed","sticky":false,"template":"","format":"standard","meta":{"footnotes":""},"categories":[2557],"tags":[2882],"class_list":{"0":"post-27775","1":"post","2":"type-post","3":"status-publish","4":"format-standard","5":"has-post-thumbnail","7":"category-rescates-literarios","8":"tag-anxel-fole"},"yoast_head":"<!-- This site is optimized with the Yoast SEO plugin v27.5 - https:\/\/yoast.com\/product\/yoast-seo-wordpress\/ -->\n<title>\u00c1nxel Fole, o el arte de contar cuando el pa\u00eds calla | Autores olvidados | HOJAS SUELTAS Peri\u00f3dico Cultural<\/title>\n<meta name=\"description\" content=\"AUTORES OLVIDADOS: Queda una tarea pendiente para la sociedad cultural espa\u00f1ola: reincorporar a \u00c1nxel Fole a una lectura compartida que no lo encierre en el compartimento \u201clocal\u201d, sino que lo lea como lo que es: un prosista mayor del siglo XX,\" \/>\n<meta name=\"robots\" content=\"index, follow, max-snippet:-1, max-image-preview:large, max-video-preview:-1\" \/>\n<link rel=\"canonical\" href=\"https:\/\/hojassueltas.es\/?p=27775\" \/>\n<meta property=\"og:locale\" content=\"es_ES\" \/>\n<meta property=\"og:type\" content=\"article\" \/>\n<meta property=\"og:title\" content=\"\u00c1nxel Fole, o el arte de contar cuando el pa\u00eds calla | Autores olvidados | HOJAS SUELTAS Peri\u00f3dico Cultural\" \/>\n<meta property=\"og:description\" content=\"AUTORES OLVIDADOS: Queda una tarea pendiente para la sociedad cultural espa\u00f1ola: reincorporar a \u00c1nxel Fole a una lectura compartida que no lo encierre en el compartimento \u201clocal\u201d, sino que lo lea como lo que es: un prosista mayor del siglo XX,\" \/>\n<meta property=\"og:url\" content=\"https:\/\/hojassueltas.es\/?p=27775\" \/>\n<meta property=\"og:site_name\" content=\"HOJAS SUELTAS Peri\u00f3dico Cultural\" \/>\n<meta property=\"article:published_time\" content=\"2026-03-04T22:00:02+00:00\" \/>\n<meta property=\"article:modified_time\" content=\"2026-03-07T16:30:25+00:00\" \/>\n<meta property=\"og:image\" content=\"https:\/\/hojassueltas.es\/wp-content\/uploads\/2026\/03\/Anxel-Fole_HS.png\" \/>\n\t<meta property=\"og:image:width\" content=\"1920\" \/>\n\t<meta property=\"og:image:height\" content=\"1280\" \/>\n\t<meta property=\"og:image:type\" content=\"image\/png\" \/>\n<meta name=\"author\" content=\"Punto y Seguido - Susana Di\u00e9guez\" \/>\n<meta name=\"twitter:card\" content=\"summary_large_image\" \/>\n<meta name=\"twitter:creator\" content=\"@HOJASSUELTAS22\" \/>\n<meta name=\"twitter:site\" content=\"@HOJASSUELTAS22\" \/>\n<meta name=\"twitter:label1\" content=\"Escrito por\" \/>\n\t<meta name=\"twitter:data1\" content=\"Punto y Seguido - Susana Di\u00e9guez\" \/>\n\t<meta name=\"twitter:label2\" content=\"Tiempo de lectura\" \/>\n\t<meta name=\"twitter:data2\" content=\"6 minutos\" \/>\n<script type=\"application\/ld+json\" class=\"yoast-schema-graph\">{\"@context\":\"https:\\\/\\\/schema.org\",\"@graph\":[{\"@type\":[\"Article\",\"BlogPosting\"],\"@id\":\"https:\\\/\\\/hojassueltas.es\\\/?p=27775#article\",\"isPartOf\":{\"@id\":\"https:\\\/\\\/hojassueltas.es\\\/?p=27775\"},\"author\":{\"name\":\"Punto y Seguido - Susana Di\u00e9guez\",\"@id\":\"https:\\\/\\\/hojassueltas.es\\\/#\\\/schema\\\/person\\\/0cc721d1681d3b691885d6bdbe2ad009\"},\"headline\":\"\u00c1nxel Fole, o el arte de contar cuando el pa\u00eds calla\",\"datePublished\":\"2026-03-04T22:00:02+00:00\",\"dateModified\":\"2026-03-07T16:30:25+00:00\",\"mainEntityOfPage\":{\"@id\":\"https:\\\/\\\/hojassueltas.es\\\/?p=27775\"},\"wordCount\":1326,\"commentCount\":0,\"publisher\":{\"@id\":\"https:\\\/\\\/hojassueltas.es\\\/#organization\"},\"image\":{\"@id\":\"https:\\\/\\\/hojassueltas.es\\\/?p=27775#primaryimage\"},\"thumbnailUrl\":\"https:\\\/\\\/hojassueltas.es\\\/wp-content\\\/uploads\\\/2026\\\/03\\\/Anxel-Fole_HS.png\",\"keywords\":[\"\u00c1nxel Fole\"],\"articleSection\":[\"Autores olvidados\"],\"inLanguage\":\"es\",\"potentialAction\":[{\"@type\":\"CommentAction\",\"name\":\"Comment\",\"target\":[\"https:\\\/\\\/hojassueltas.es\\\/?p=27775#respond\"]}]},{\"@type\":\"WebPage\",\"@id\":\"https:\\\/\\\/hojassueltas.es\\\/?p=27775\",\"url\":\"https:\\\/\\\/hojassueltas.es\\\/?p=27775\",\"name\":\"\u00c1nxel Fole, o el arte de contar cuando el pa\u00eds calla | Autores olvidados | HOJAS SUELTAS Peri\u00f3dico Cultural\",\"isPartOf\":{\"@id\":\"https:\\\/\\\/hojassueltas.es\\\/#website\"},\"primaryImageOfPage\":{\"@id\":\"https:\\\/\\\/hojassueltas.es\\\/?p=27775#primaryimage\"},\"image\":{\"@id\":\"https:\\\/\\\/hojassueltas.es\\\/?p=27775#primaryimage\"},\"thumbnailUrl\":\"https:\\\/\\\/hojassueltas.es\\\/wp-content\\\/uploads\\\/2026\\\/03\\\/Anxel-Fole_HS.png\",\"datePublished\":\"2026-03-04T22:00:02+00:00\",\"dateModified\":\"2026-03-07T16:30:25+00:00\",\"description\":\"AUTORES OLVIDADOS: Queda una tarea pendiente para la sociedad cultural espa\u00f1ola: reincorporar a \u00c1nxel Fole a una lectura compartida que no lo encierre en el compartimento \u201clocal\u201d, sino que lo lea como lo que es: un prosista mayor del siglo XX,\",\"breadcrumb\":{\"@id\":\"https:\\\/\\\/hojassueltas.es\\\/?p=27775#breadcrumb\"},\"inLanguage\":\"es\",\"potentialAction\":[{\"@type\":\"ReadAction\",\"target\":[\"https:\\\/\\\/hojassueltas.es\\\/?p=27775\"]}]},{\"@type\":\"ImageObject\",\"inLanguage\":\"es\",\"@id\":\"https:\\\/\\\/hojassueltas.es\\\/?p=27775#primaryimage\",\"url\":\"https:\\\/\\\/hojassueltas.es\\\/wp-content\\\/uploads\\\/2026\\\/03\\\/Anxel-Fole_HS.png\",\"contentUrl\":\"https:\\\/\\\/hojassueltas.es\\\/wp-content\\\/uploads\\\/2026\\\/03\\\/Anxel-Fole_HS.png\",\"width\":1920,\"height\":1280},{\"@type\":\"BreadcrumbList\",\"@id\":\"https:\\\/\\\/hojassueltas.es\\\/?p=27775#breadcrumb\",\"itemListElement\":[{\"@type\":\"ListItem\",\"position\":1,\"name\":\"Portada\",\"item\":\"https:\\\/\\\/hojassueltas.es\\\/\"},{\"@type\":\"ListItem\",\"position\":2,\"name\":\"\u00c1nxel Fole, o el arte de contar cuando el pa\u00eds calla\"}]},{\"@type\":\"WebSite\",\"@id\":\"https:\\\/\\\/hojassueltas.es\\\/#website\",\"url\":\"https:\\\/\\\/hojassueltas.es\\\/\",\"name\":\"HojasSueltas.es\",\"description\":\"GRANADA - Peri\u00f3dico Cultural\",\"publisher\":{\"@id\":\"https:\\\/\\\/hojassueltas.es\\\/#organization\"},\"alternateName\":\"H.S. Periodico Cultural\",\"potentialAction\":[{\"@type\":\"SearchAction\",\"target\":{\"@type\":\"EntryPoint\",\"urlTemplate\":\"https:\\\/\\\/hojassueltas.es\\\/?s={search_term_string}\"},\"query-input\":{\"@type\":\"PropertyValueSpecification\",\"valueRequired\":true,\"valueName\":\"search_term_string\"}}],\"inLanguage\":\"es\"},{\"@type\":\"Organization\",\"@id\":\"https:\\\/\\\/hojassueltas.es\\\/#organization\",\"name\":\"HOJAS SUELTAS - Peri\u00f3dico Cultural\",\"alternateName\":\"HS - HOJAS SUELTAS Peri\u00f3dico Cultural\",\"url\":\"https:\\\/\\\/hojassueltas.es\\\/\",\"logo\":{\"@type\":\"ImageObject\",\"inLanguage\":\"es\",\"@id\":\"https:\\\/\\\/hojassueltas.es\\\/#\\\/schema\\\/logo\\\/image\\\/\",\"url\":\"https:\\\/\\\/hojassueltas.es\\\/wp-content\\\/uploads\\\/2025\\\/08\\\/Icono-HS_2.png\",\"contentUrl\":\"https:\\\/\\\/hojassueltas.es\\\/wp-content\\\/uploads\\\/2025\\\/08\\\/Icono-HS_2.png\",\"width\":500,\"height\":500,\"caption\":\"HOJAS SUELTAS - Peri\u00f3dico Cultural\"},\"image\":{\"@id\":\"https:\\\/\\\/hojassueltas.es\\\/#\\\/schema\\\/logo\\\/image\\\/\"},\"sameAs\":[\"https:\\\/\\\/x.com\\\/HOJASSUELTAS22\"]},{\"@type\":\"Person\",\"@id\":\"https:\\\/\\\/hojassueltas.es\\\/#\\\/schema\\\/person\\\/0cc721d1681d3b691885d6bdbe2ad009\",\"name\":\"Punto y Seguido - Susana Di\u00e9guez\",\"image\":{\"@type\":\"ImageObject\",\"inLanguage\":\"es\",\"@id\":\"https:\\\/\\\/hojassueltas.es\\\/wp-content\\\/uploads\\\/2026\\\/02\\\/Retrato-familiar-en-casa-de-Susana-96x96.png\",\"url\":\"https:\\\/\\\/hojassueltas.es\\\/wp-content\\\/uploads\\\/2026\\\/02\\\/Retrato-familiar-en-casa-de-Susana-96x96.png\",\"contentUrl\":\"https:\\\/\\\/hojassueltas.es\\\/wp-content\\\/uploads\\\/2026\\\/02\\\/Retrato-familiar-en-casa-de-Susana-96x96.png\",\"caption\":\"Punto y Seguido - Susana Di\u00e9guez\"},\"url\":\"https:\\\/\\\/hojassueltas.es\\\/?author=96\"}]}<\/script>\n<!-- \/ Yoast SEO plugin. -->","yoast_head_json":{"title":"\u00c1nxel Fole, o el arte de contar cuando el pa\u00eds calla | Autores olvidados | HOJAS SUELTAS Peri\u00f3dico Cultural","description":"AUTORES OLVIDADOS: Queda una tarea pendiente para la sociedad cultural espa\u00f1ola: reincorporar a \u00c1nxel Fole a una lectura compartida que no lo encierre en el compartimento \u201clocal\u201d, sino que lo lea como lo que es: un prosista mayor del siglo XX,","robots":{"index":"index","follow":"follow","max-snippet":"max-snippet:-1","max-image-preview":"max-image-preview:large","max-video-preview":"max-video-preview:-1"},"canonical":"https:\/\/hojassueltas.es\/?p=27775","og_locale":"es_ES","og_type":"article","og_title":"\u00c1nxel Fole, o el arte de contar cuando el pa\u00eds calla | Autores olvidados | HOJAS SUELTAS Peri\u00f3dico Cultural","og_description":"AUTORES OLVIDADOS: Queda una tarea pendiente para la sociedad cultural espa\u00f1ola: reincorporar a \u00c1nxel Fole a una lectura compartida que no lo encierre en el compartimento \u201clocal\u201d, sino que lo lea como lo que es: un prosista mayor del siglo XX,","og_url":"https:\/\/hojassueltas.es\/?p=27775","og_site_name":"HOJAS SUELTAS Peri\u00f3dico Cultural","article_published_time":"2026-03-04T22:00:02+00:00","article_modified_time":"2026-03-07T16:30:25+00:00","og_image":[{"width":1920,"height":1280,"url":"https:\/\/hojassueltas.es\/wp-content\/uploads\/2026\/03\/Anxel-Fole_HS.png","type":"image\/png"}],"author":"Punto y Seguido - Susana Di\u00e9guez","twitter_card":"summary_large_image","twitter_creator":"@HOJASSUELTAS22","twitter_site":"@HOJASSUELTAS22","twitter_misc":{"Escrito por":"Punto y Seguido - Susana Di\u00e9guez","Tiempo de lectura":"6 minutos"},"schema":{"@context":"https:\/\/schema.org","@graph":[{"@type":["Article","BlogPosting"],"@id":"https:\/\/hojassueltas.es\/?p=27775#article","isPartOf":{"@id":"https:\/\/hojassueltas.es\/?p=27775"},"author":{"name":"Punto y Seguido - Susana Di\u00e9guez","@id":"https:\/\/hojassueltas.es\/#\/schema\/person\/0cc721d1681d3b691885d6bdbe2ad009"},"headline":"\u00c1nxel Fole, o el arte de contar cuando el pa\u00eds calla","datePublished":"2026-03-04T22:00:02+00:00","dateModified":"2026-03-07T16:30:25+00:00","mainEntityOfPage":{"@id":"https:\/\/hojassueltas.es\/?p=27775"},"wordCount":1326,"commentCount":0,"publisher":{"@id":"https:\/\/hojassueltas.es\/#organization"},"image":{"@id":"https:\/\/hojassueltas.es\/?p=27775#primaryimage"},"thumbnailUrl":"https:\/\/hojassueltas.es\/wp-content\/uploads\/2026\/03\/Anxel-Fole_HS.png","keywords":["\u00c1nxel Fole"],"articleSection":["Autores olvidados"],"inLanguage":"es","potentialAction":[{"@type":"CommentAction","name":"Comment","target":["https:\/\/hojassueltas.es\/?p=27775#respond"]}]},{"@type":"WebPage","@id":"https:\/\/hojassueltas.es\/?p=27775","url":"https:\/\/hojassueltas.es\/?p=27775","name":"\u00c1nxel Fole, o el arte de contar cuando el pa\u00eds calla | Autores olvidados | HOJAS SUELTAS Peri\u00f3dico Cultural","isPartOf":{"@id":"https:\/\/hojassueltas.es\/#website"},"primaryImageOfPage":{"@id":"https:\/\/hojassueltas.es\/?p=27775#primaryimage"},"image":{"@id":"https:\/\/hojassueltas.es\/?p=27775#primaryimage"},"thumbnailUrl":"https:\/\/hojassueltas.es\/wp-content\/uploads\/2026\/03\/Anxel-Fole_HS.png","datePublished":"2026-03-04T22:00:02+00:00","dateModified":"2026-03-07T16:30:25+00:00","description":"AUTORES OLVIDADOS: Queda una tarea pendiente para la sociedad cultural espa\u00f1ola: reincorporar a \u00c1nxel Fole a una lectura compartida que no lo encierre en el compartimento \u201clocal\u201d, sino que lo lea como lo que es: un prosista mayor del siglo XX,","breadcrumb":{"@id":"https:\/\/hojassueltas.es\/?p=27775#breadcrumb"},"inLanguage":"es","potentialAction":[{"@type":"ReadAction","target":["https:\/\/hojassueltas.es\/?p=27775"]}]},{"@type":"ImageObject","inLanguage":"es","@id":"https:\/\/hojassueltas.es\/?p=27775#primaryimage","url":"https:\/\/hojassueltas.es\/wp-content\/uploads\/2026\/03\/Anxel-Fole_HS.png","contentUrl":"https:\/\/hojassueltas.es\/wp-content\/uploads\/2026\/03\/Anxel-Fole_HS.png","width":1920,"height":1280},{"@type":"BreadcrumbList","@id":"https:\/\/hojassueltas.es\/?p=27775#breadcrumb","itemListElement":[{"@type":"ListItem","position":1,"name":"Portada","item":"https:\/\/hojassueltas.es\/"},{"@type":"ListItem","position":2,"name":"\u00c1nxel Fole, o el arte de contar cuando el pa\u00eds calla"}]},{"@type":"WebSite","@id":"https:\/\/hojassueltas.es\/#website","url":"https:\/\/hojassueltas.es\/","name":"HojasSueltas.es","description":"GRANADA - Peri\u00f3dico Cultural","publisher":{"@id":"https:\/\/hojassueltas.es\/#organization"},"alternateName":"H.S. Periodico Cultural","potentialAction":[{"@type":"SearchAction","target":{"@type":"EntryPoint","urlTemplate":"https:\/\/hojassueltas.es\/?s={search_term_string}"},"query-input":{"@type":"PropertyValueSpecification","valueRequired":true,"valueName":"search_term_string"}}],"inLanguage":"es"},{"@type":"Organization","@id":"https:\/\/hojassueltas.es\/#organization","name":"HOJAS SUELTAS - Peri\u00f3dico Cultural","alternateName":"HS - HOJAS SUELTAS Peri\u00f3dico Cultural","url":"https:\/\/hojassueltas.es\/","logo":{"@type":"ImageObject","inLanguage":"es","@id":"https:\/\/hojassueltas.es\/#\/schema\/logo\/image\/","url":"https:\/\/hojassueltas.es\/wp-content\/uploads\/2025\/08\/Icono-HS_2.png","contentUrl":"https:\/\/hojassueltas.es\/wp-content\/uploads\/2025\/08\/Icono-HS_2.png","width":500,"height":500,"caption":"HOJAS SUELTAS - Peri\u00f3dico Cultural"},"image":{"@id":"https:\/\/hojassueltas.es\/#\/schema\/logo\/image\/"},"sameAs":["https:\/\/x.com\/HOJASSUELTAS22"]},{"@type":"Person","@id":"https:\/\/hojassueltas.es\/#\/schema\/person\/0cc721d1681d3b691885d6bdbe2ad009","name":"Punto y Seguido - Susana Di\u00e9guez","image":{"@type":"ImageObject","inLanguage":"es","@id":"https:\/\/hojassueltas.es\/wp-content\/uploads\/2026\/02\/Retrato-familiar-en-casa-de-Susana-96x96.png","url":"https:\/\/hojassueltas.es\/wp-content\/uploads\/2026\/02\/Retrato-familiar-en-casa-de-Susana-96x96.png","contentUrl":"https:\/\/hojassueltas.es\/wp-content\/uploads\/2026\/02\/Retrato-familiar-en-casa-de-Susana-96x96.png","caption":"Punto y Seguido - Susana Di\u00e9guez"},"url":"https:\/\/hojassueltas.es\/?author=96"}]}},"_links":{"self":[{"href":"https:\/\/hojassueltas.es\/index.php?rest_route=\/wp\/v2\/posts\/27775","targetHints":{"allow":["GET"]}}],"collection":[{"href":"https:\/\/hojassueltas.es\/index.php?rest_route=\/wp\/v2\/posts"}],"about":[{"href":"https:\/\/hojassueltas.es\/index.php?rest_route=\/wp\/v2\/types\/post"}],"author":[{"embeddable":true,"href":"https:\/\/hojassueltas.es\/index.php?rest_route=\/wp\/v2\/users\/96"}],"replies":[{"embeddable":true,"href":"https:\/\/hojassueltas.es\/index.php?rest_route=%2Fwp%2Fv2%2Fcomments&post=27775"}],"version-history":[{"count":1,"href":"https:\/\/hojassueltas.es\/index.php?rest_route=\/wp\/v2\/posts\/27775\/revisions"}],"predecessor-version":[{"id":27777,"href":"https:\/\/hojassueltas.es\/index.php?rest_route=\/wp\/v2\/posts\/27775\/revisions\/27777"}],"wp:featuredmedia":[{"embeddable":true,"href":"https:\/\/hojassueltas.es\/index.php?rest_route=\/wp\/v2\/media\/27776"}],"wp:attachment":[{"href":"https:\/\/hojassueltas.es\/index.php?rest_route=%2Fwp%2Fv2%2Fmedia&parent=27775"}],"wp:term":[{"taxonomy":"category","embeddable":true,"href":"https:\/\/hojassueltas.es\/index.php?rest_route=%2Fwp%2Fv2%2Fcategories&post=27775"},{"taxonomy":"post_tag","embeddable":true,"href":"https:\/\/hojassueltas.es\/index.php?rest_route=%2Fwp%2Fv2%2Ftags&post=27775"}],"curies":[{"name":"wp","href":"https:\/\/api.w.org\/{rel}","templated":true}]}}