{"id":27661,"date":"2026-03-04T00:00:25","date_gmt":"2026-03-03T22:00:25","guid":{"rendered":"https:\/\/hojassueltas.es\/?p=27661"},"modified":"2026-02-28T13:48:58","modified_gmt":"2026-02-28T11:48:58","slug":"mi-viaje-con-byron-de-john-william-polidori","status":"publish","type":"post","link":"https:\/\/hojassueltas.es\/?p=27661","title":{"rendered":"Mi viaje con Byron, de John William Polidori"},"content":{"rendered":"<p><span style=\"font-family: georgia, palatino, serif; font-size: 20px;\">NOVEDAD de EL DESVELO Ediciones\u00a0<\/span><\/p>\n<p align=\"justify\">\u201c<span style=\"font-family: Georgia, serif;\"><span style=\"font-size: large;\"><i>24 de abril de 1816.\u2014 Sal\u00ed de Londres a las 10 de la ma\u00f1ana, con Lord Byron y los caballeros Scrope Davies, y J. Hobhouse7. La vista desde Shooter\u2019s Hill era extensa y hermosa, siendo de una perspectiva muy superior a la vista desde Stirling. La llanura, esmaltada con varios colores seg\u00fan el diferente crecimiento del grano, se extend\u00eda muy lejos ante nuestra vista y estaba dividida irregularmente por el r\u00edo. El T\u00e1mesis, luego, con sus majestuosas ondulaciones, flu\u00eda llanura abajo, llevando numerosas flotas sobre su caudal. Sus orillas en muchas partes eran hermosas. Los bancos calc\u00e1reos se alternaban con las colinas ondulantes, que se elevaban de las olas, de un agradable marr\u00f3n verdoso, el efecto del primer amanecer de la primavera en la creaci\u00f3n vegetal (&#8230;)\u201d<\/i><\/span><\/span><\/p>\n<p align=\"justify\"><span style=\"font-family: Georgia, serif;\"><span style=\"font-size: large;\">As\u00ed comienza<\/span><span style=\"font-size: large;\"><i> Mi viaje con Byron<\/i><\/span><span style=\"font-size: large;\">, escrito por John William Polidori y que publica \u00edntegro ahora en castellano por primera vez El Desvelo. John William Polidori (1795\u20131821) era el m\u00e9dico personal de Lord Byron, contratado para acompa\u00f1arlo en su viaje por Europa. El galeno ten\u00eda apenas veinte a\u00f1os y el escritor le sacaba unos ocho. Su diario personal, donde registra todo lo que sucede durante el periplo, complementado por algunas cartas, recoge su estancia con Byron, Mary Shelley, Percy Shelley, marido de esta, y Claire Clairmont durante el verano de 1816 en Suiza. Ese est\u00edo estuvo marcado por el mal clima (como efecto de la erupci\u00f3n del volc\u00e1n Tambora se produjo un abrupto cambio clim\u00e1tico), lo que confin\u00f3 a los escritores en Villa Diodati y dio lugar a largas veladas literarias. Fue el conocido como \u201cA\u00f1o sin verano\u201d, con fr\u00edo, lluvia y nieve constantes. De aquellas largas jornadas caseras surgieron la semilla de Frankenstein (Mary Shelley) y el relato <\/span><span style=\"font-size: large;\"><i>El vampiro<\/i><\/span><span style=\"font-size: large;\">, del propio Polidori, considerado la primera narraci\u00f3n moderna de vampiros, personaje inspirado, en este caso, indirectamente en Byron.<\/span><\/span><\/p>\n<p align=\"justify\"><span style=\"font-family: Georgia, serif;\"><span style=\"font-size: large;\">En su diario, Polidori describe la personalidad dominante y el carisma de Byron, las tensiones que se generan en el grupo, pero tambi\u00e9n su arrogancia y su trato despectivo hacia \u00e9l. El m\u00e9dico se siente a menudo humillado, lo que alimenta tensiones entre ambos. Esta es la primera vez que se publica en espa\u00f1ol el diario \u00edntegro de Polidori, que se suicid\u00f3 en plena juventud, a los 26 a\u00f1os con \u00e1cido pr\u00fasico. Su familia, avergonzada, borr\u00f3 todas las pruebas que delataban que se hab\u00eda quitado la vida.<\/span><\/span><\/p>\n<p align=\"justify\"><strong>Punto y Seguido. Beatriz Caso\u00a0<\/strong><\/p>\n","protected":false},"excerpt":{"rendered":"<p>NOVEDAD de EL DESVELO Ediciones\u00a0 \u201c24 de abril de 1816.\u2014 Sal\u00ed de Londres a las 10 de la ma\u00f1ana, con Lord Byron y los caballeros Scrope Davies, y J. Hobhouse7. La vista desde Shooter\u2019s Hill era extensa y hermosa, siendo de una perspectiva muy superior a la vista desde Stirling. La llanura, esmaltada con varios [&hellip;]<\/p>\n","protected":false},"author":93,"featured_media":27662,"comment_status":"open","ping_status":"closed","sticky":false,"template":"","format":"standard","meta":{"footnotes":""},"categories":[2508],"tags":[647,2652,2874],"class_list":{"0":"post-27661","1":"post","2":"type-post","3":"status-publish","4":"format-standard","5":"has-post-thumbnail","7":"category-novedad-editorial","8":"tag-almuzara-editorial","9":"tag-el-desvelo-editorial","10":"tag-john-william-polidori"},"yoast_head":"<!-- This site is optimized with the Yoast SEO plugin v27.4 - https:\/\/yoast.com\/product\/yoast-seo-wordpress\/ -->\n<title>Mi viaje con Byron, de John William Polidori | NOVEDAD EDITORIAL | HOJAS SUELTAS Peri\u00f3dico Cultural<\/title>\n<meta name=\"description\" content=\"NOVEDAD John William Polidori (1795\u20131821) era el m\u00e9dico personal de Lord Byron, contratado para acompa\u00f1arlo en su viaje por Europa\" \/>\n<meta name=\"robots\" content=\"index, follow, max-snippet:-1, max-image-preview:large, max-video-preview:-1\" \/>\n<link rel=\"canonical\" href=\"https:\/\/hojassueltas.es\/?p=27661\" \/>\n<meta property=\"og:locale\" content=\"es_ES\" \/>\n<meta property=\"og:type\" content=\"article\" \/>\n<meta property=\"og:title\" content=\"Mi viaje con Byron, de John William Polidori | NOVEDAD EDITORIAL | HOJAS SUELTAS Peri\u00f3dico Cultural\" \/>\n<meta property=\"og:description\" content=\"NOVEDAD John William Polidori (1795\u20131821) era el m\u00e9dico personal de Lord Byron, contratado para acompa\u00f1arlo en su viaje por Europa\" \/>\n<meta property=\"og:url\" content=\"https:\/\/hojassueltas.es\/?p=27661\" \/>\n<meta property=\"og:site_name\" content=\"HOJAS SUELTAS Peri\u00f3dico Cultural\" \/>\n<meta property=\"article:published_time\" content=\"2026-03-03T22:00:25+00:00\" \/>\n<meta property=\"og:image\" content=\"https:\/\/hojassueltas.es\/wp-content\/uploads\/2026\/02\/Mi-viaje-con-Byron_-H.S.png\" \/>\n\t<meta property=\"og:image:width\" content=\"1536\" \/>\n\t<meta property=\"og:image:height\" content=\"1024\" \/>\n\t<meta property=\"og:image:type\" content=\"image\/png\" \/>\n<meta name=\"author\" content=\"Punto y Seguido - Beatriz Caso\" \/>\n<meta name=\"twitter:card\" content=\"summary_large_image\" \/>\n<meta name=\"twitter:creator\" content=\"@HOJASSUELTAS22\" \/>\n<meta name=\"twitter:site\" content=\"@HOJASSUELTAS22\" \/>\n<meta name=\"twitter:label1\" content=\"Escrito por\" \/>\n\t<meta name=\"twitter:data1\" content=\"Punto y Seguido - Beatriz Caso\" \/>\n\t<meta name=\"twitter:label2\" content=\"Tiempo de lectura\" \/>\n\t<meta name=\"twitter:data2\" content=\"3 minutos\" \/>\n<script type=\"application\/ld+json\" class=\"yoast-schema-graph\">{\"@context\":\"https:\\\/\\\/schema.org\",\"@graph\":[{\"@type\":[\"Article\",\"BlogPosting\"],\"@id\":\"https:\\\/\\\/hojassueltas.es\\\/?p=27661#article\",\"isPartOf\":{\"@id\":\"https:\\\/\\\/hojassueltas.es\\\/?p=27661\"},\"author\":{\"name\":\"Punto y Seguido - Beatriz Caso\",\"@id\":\"https:\\\/\\\/hojassueltas.es\\\/#\\\/schema\\\/person\\\/500f1cca52bc1720f164f55c1b4b616e\"},\"headline\":\"Mi viaje con Byron, de John William Polidori\",\"datePublished\":\"2026-03-03T22:00:25+00:00\",\"mainEntityOfPage\":{\"@id\":\"https:\\\/\\\/hojassueltas.es\\\/?p=27661\"},\"wordCount\":431,\"commentCount\":0,\"publisher\":{\"@id\":\"https:\\\/\\\/hojassueltas.es\\\/#organization\"},\"image\":{\"@id\":\"https:\\\/\\\/hojassueltas.es\\\/?p=27661#primaryimage\"},\"thumbnailUrl\":\"https:\\\/\\\/hojassueltas.es\\\/wp-content\\\/uploads\\\/2026\\\/02\\\/Mi-viaje-con-Byron_-H.S.png\",\"keywords\":[\"Almuzara Editorial\",\"El Desvelo Editorial\",\"John William Polidori\"],\"articleSection\":[\"NOVEDAD EDITORIAL\"],\"inLanguage\":\"es\",\"potentialAction\":[{\"@type\":\"CommentAction\",\"name\":\"Comment\",\"target\":[\"https:\\\/\\\/hojassueltas.es\\\/?p=27661#respond\"]}]},{\"@type\":\"WebPage\",\"@id\":\"https:\\\/\\\/hojassueltas.es\\\/?p=27661\",\"url\":\"https:\\\/\\\/hojassueltas.es\\\/?p=27661\",\"name\":\"Mi viaje con Byron, de John William Polidori | NOVEDAD EDITORIAL | HOJAS SUELTAS Peri\u00f3dico Cultural\",\"isPartOf\":{\"@id\":\"https:\\\/\\\/hojassueltas.es\\\/#website\"},\"primaryImageOfPage\":{\"@id\":\"https:\\\/\\\/hojassueltas.es\\\/?p=27661#primaryimage\"},\"image\":{\"@id\":\"https:\\\/\\\/hojassueltas.es\\\/?p=27661#primaryimage\"},\"thumbnailUrl\":\"https:\\\/\\\/hojassueltas.es\\\/wp-content\\\/uploads\\\/2026\\\/02\\\/Mi-viaje-con-Byron_-H.S.png\",\"datePublished\":\"2026-03-03T22:00:25+00:00\",\"description\":\"NOVEDAD John William Polidori (1795\u20131821) era el m\u00e9dico personal de Lord Byron, contratado para acompa\u00f1arlo en su viaje por Europa\",\"breadcrumb\":{\"@id\":\"https:\\\/\\\/hojassueltas.es\\\/?p=27661#breadcrumb\"},\"inLanguage\":\"es\",\"potentialAction\":[{\"@type\":\"ReadAction\",\"target\":[\"https:\\\/\\\/hojassueltas.es\\\/?p=27661\"]}]},{\"@type\":\"ImageObject\",\"inLanguage\":\"es\",\"@id\":\"https:\\\/\\\/hojassueltas.es\\\/?p=27661#primaryimage\",\"url\":\"https:\\\/\\\/hojassueltas.es\\\/wp-content\\\/uploads\\\/2026\\\/02\\\/Mi-viaje-con-Byron_-H.S.png\",\"contentUrl\":\"https:\\\/\\\/hojassueltas.es\\\/wp-content\\\/uploads\\\/2026\\\/02\\\/Mi-viaje-con-Byron_-H.S.png\",\"width\":1536,\"height\":1024},{\"@type\":\"BreadcrumbList\",\"@id\":\"https:\\\/\\\/hojassueltas.es\\\/?p=27661#breadcrumb\",\"itemListElement\":[{\"@type\":\"ListItem\",\"position\":1,\"name\":\"Portada\",\"item\":\"https:\\\/\\\/hojassueltas.es\\\/\"},{\"@type\":\"ListItem\",\"position\":2,\"name\":\"Mi viaje con Byron, de John William Polidori\"}]},{\"@type\":\"WebSite\",\"@id\":\"https:\\\/\\\/hojassueltas.es\\\/#website\",\"url\":\"https:\\\/\\\/hojassueltas.es\\\/\",\"name\":\"HojasSueltas.es\",\"description\":\"GRANADA - Peri\u00f3dico Cultural\",\"publisher\":{\"@id\":\"https:\\\/\\\/hojassueltas.es\\\/#organization\"},\"alternateName\":\"H.S. Periodico Cultural\",\"potentialAction\":[{\"@type\":\"SearchAction\",\"target\":{\"@type\":\"EntryPoint\",\"urlTemplate\":\"https:\\\/\\\/hojassueltas.es\\\/?s={search_term_string}\"},\"query-input\":{\"@type\":\"PropertyValueSpecification\",\"valueRequired\":true,\"valueName\":\"search_term_string\"}}],\"inLanguage\":\"es\"},{\"@type\":\"Organization\",\"@id\":\"https:\\\/\\\/hojassueltas.es\\\/#organization\",\"name\":\"HOJAS SUELTAS - Peri\u00f3dico Cultural\",\"alternateName\":\"HS - HOJAS SUELTAS Peri\u00f3dico Cultural\",\"url\":\"https:\\\/\\\/hojassueltas.es\\\/\",\"logo\":{\"@type\":\"ImageObject\",\"inLanguage\":\"es\",\"@id\":\"https:\\\/\\\/hojassueltas.es\\\/#\\\/schema\\\/logo\\\/image\\\/\",\"url\":\"https:\\\/\\\/hojassueltas.es\\\/wp-content\\\/uploads\\\/2025\\\/08\\\/Icono-HS_2.png\",\"contentUrl\":\"https:\\\/\\\/hojassueltas.es\\\/wp-content\\\/uploads\\\/2025\\\/08\\\/Icono-HS_2.png\",\"width\":500,\"height\":500,\"caption\":\"HOJAS SUELTAS - Peri\u00f3dico Cultural\"},\"image\":{\"@id\":\"https:\\\/\\\/hojassueltas.es\\\/#\\\/schema\\\/logo\\\/image\\\/\"},\"sameAs\":[\"https:\\\/\\\/x.com\\\/HOJASSUELTAS22\"]},{\"@type\":\"Person\",\"@id\":\"https:\\\/\\\/hojassueltas.es\\\/#\\\/schema\\\/person\\\/500f1cca52bc1720f164f55c1b4b616e\",\"name\":\"Punto y Seguido - Beatriz Caso\",\"image\":{\"@type\":\"ImageObject\",\"inLanguage\":\"es\",\"@id\":\"https:\\\/\\\/hojassueltas.es\\\/wp-content\\\/uploads\\\/2026\\\/02\\\/Beatriz-Caso_2-96x96.png\",\"url\":\"https:\\\/\\\/hojassueltas.es\\\/wp-content\\\/uploads\\\/2026\\\/02\\\/Beatriz-Caso_2-96x96.png\",\"contentUrl\":\"https:\\\/\\\/hojassueltas.es\\\/wp-content\\\/uploads\\\/2026\\\/02\\\/Beatriz-Caso_2-96x96.png\",\"caption\":\"Punto y Seguido - Beatriz Caso\"},\"description\":\"Leonesa. Bibliotecaria. Master en Bibliotecoeconom\u00eda. Prefiere mantener oculta su dedicaci\u00f3n profesional actual, raz\u00f3n por la que usa el seud\u00f3nimo con que firma sus trabajos en Hojas Sueltas dentro del equipo Punto y Seguido.\",\"url\":\"https:\\\/\\\/hojassueltas.es\\\/?author=93\"}]}<\/script>\n<!-- \/ Yoast SEO plugin. -->","yoast_head_json":{"title":"Mi viaje con Byron, de John William Polidori | NOVEDAD EDITORIAL | HOJAS SUELTAS Peri\u00f3dico Cultural","description":"NOVEDAD John William Polidori (1795\u20131821) era el m\u00e9dico personal de Lord Byron, contratado para acompa\u00f1arlo en su viaje por Europa","robots":{"index":"index","follow":"follow","max-snippet":"max-snippet:-1","max-image-preview":"max-image-preview:large","max-video-preview":"max-video-preview:-1"},"canonical":"https:\/\/hojassueltas.es\/?p=27661","og_locale":"es_ES","og_type":"article","og_title":"Mi viaje con Byron, de John William Polidori | NOVEDAD EDITORIAL | HOJAS SUELTAS Peri\u00f3dico Cultural","og_description":"NOVEDAD John William Polidori (1795\u20131821) era el m\u00e9dico personal de Lord Byron, contratado para acompa\u00f1arlo en su viaje por Europa","og_url":"https:\/\/hojassueltas.es\/?p=27661","og_site_name":"HOJAS SUELTAS Peri\u00f3dico Cultural","article_published_time":"2026-03-03T22:00:25+00:00","og_image":[{"width":1536,"height":1024,"url":"https:\/\/hojassueltas.es\/wp-content\/uploads\/2026\/02\/Mi-viaje-con-Byron_-H.S.png","type":"image\/png"}],"author":"Punto y Seguido - Beatriz Caso","twitter_card":"summary_large_image","twitter_creator":"@HOJASSUELTAS22","twitter_site":"@HOJASSUELTAS22","twitter_misc":{"Escrito por":"Punto y Seguido - Beatriz Caso","Tiempo de lectura":"3 minutos"},"schema":{"@context":"https:\/\/schema.org","@graph":[{"@type":["Article","BlogPosting"],"@id":"https:\/\/hojassueltas.es\/?p=27661#article","isPartOf":{"@id":"https:\/\/hojassueltas.es\/?p=27661"},"author":{"name":"Punto y Seguido - Beatriz Caso","@id":"https:\/\/hojassueltas.es\/#\/schema\/person\/500f1cca52bc1720f164f55c1b4b616e"},"headline":"Mi viaje con Byron, de John William Polidori","datePublished":"2026-03-03T22:00:25+00:00","mainEntityOfPage":{"@id":"https:\/\/hojassueltas.es\/?p=27661"},"wordCount":431,"commentCount":0,"publisher":{"@id":"https:\/\/hojassueltas.es\/#organization"},"image":{"@id":"https:\/\/hojassueltas.es\/?p=27661#primaryimage"},"thumbnailUrl":"https:\/\/hojassueltas.es\/wp-content\/uploads\/2026\/02\/Mi-viaje-con-Byron_-H.S.png","keywords":["Almuzara Editorial","El Desvelo Editorial","John William Polidori"],"articleSection":["NOVEDAD EDITORIAL"],"inLanguage":"es","potentialAction":[{"@type":"CommentAction","name":"Comment","target":["https:\/\/hojassueltas.es\/?p=27661#respond"]}]},{"@type":"WebPage","@id":"https:\/\/hojassueltas.es\/?p=27661","url":"https:\/\/hojassueltas.es\/?p=27661","name":"Mi viaje con Byron, de John William Polidori | NOVEDAD EDITORIAL | HOJAS SUELTAS Peri\u00f3dico Cultural","isPartOf":{"@id":"https:\/\/hojassueltas.es\/#website"},"primaryImageOfPage":{"@id":"https:\/\/hojassueltas.es\/?p=27661#primaryimage"},"image":{"@id":"https:\/\/hojassueltas.es\/?p=27661#primaryimage"},"thumbnailUrl":"https:\/\/hojassueltas.es\/wp-content\/uploads\/2026\/02\/Mi-viaje-con-Byron_-H.S.png","datePublished":"2026-03-03T22:00:25+00:00","description":"NOVEDAD John William Polidori (1795\u20131821) era el m\u00e9dico personal de Lord Byron, contratado para acompa\u00f1arlo en su viaje por Europa","breadcrumb":{"@id":"https:\/\/hojassueltas.es\/?p=27661#breadcrumb"},"inLanguage":"es","potentialAction":[{"@type":"ReadAction","target":["https:\/\/hojassueltas.es\/?p=27661"]}]},{"@type":"ImageObject","inLanguage":"es","@id":"https:\/\/hojassueltas.es\/?p=27661#primaryimage","url":"https:\/\/hojassueltas.es\/wp-content\/uploads\/2026\/02\/Mi-viaje-con-Byron_-H.S.png","contentUrl":"https:\/\/hojassueltas.es\/wp-content\/uploads\/2026\/02\/Mi-viaje-con-Byron_-H.S.png","width":1536,"height":1024},{"@type":"BreadcrumbList","@id":"https:\/\/hojassueltas.es\/?p=27661#breadcrumb","itemListElement":[{"@type":"ListItem","position":1,"name":"Portada","item":"https:\/\/hojassueltas.es\/"},{"@type":"ListItem","position":2,"name":"Mi viaje con Byron, de John William Polidori"}]},{"@type":"WebSite","@id":"https:\/\/hojassueltas.es\/#website","url":"https:\/\/hojassueltas.es\/","name":"HojasSueltas.es","description":"GRANADA - Peri\u00f3dico Cultural","publisher":{"@id":"https:\/\/hojassueltas.es\/#organization"},"alternateName":"H.S. Periodico Cultural","potentialAction":[{"@type":"SearchAction","target":{"@type":"EntryPoint","urlTemplate":"https:\/\/hojassueltas.es\/?s={search_term_string}"},"query-input":{"@type":"PropertyValueSpecification","valueRequired":true,"valueName":"search_term_string"}}],"inLanguage":"es"},{"@type":"Organization","@id":"https:\/\/hojassueltas.es\/#organization","name":"HOJAS SUELTAS - Peri\u00f3dico Cultural","alternateName":"HS - HOJAS SUELTAS Peri\u00f3dico Cultural","url":"https:\/\/hojassueltas.es\/","logo":{"@type":"ImageObject","inLanguage":"es","@id":"https:\/\/hojassueltas.es\/#\/schema\/logo\/image\/","url":"https:\/\/hojassueltas.es\/wp-content\/uploads\/2025\/08\/Icono-HS_2.png","contentUrl":"https:\/\/hojassueltas.es\/wp-content\/uploads\/2025\/08\/Icono-HS_2.png","width":500,"height":500,"caption":"HOJAS SUELTAS - Peri\u00f3dico Cultural"},"image":{"@id":"https:\/\/hojassueltas.es\/#\/schema\/logo\/image\/"},"sameAs":["https:\/\/x.com\/HOJASSUELTAS22"]},{"@type":"Person","@id":"https:\/\/hojassueltas.es\/#\/schema\/person\/500f1cca52bc1720f164f55c1b4b616e","name":"Punto y Seguido - Beatriz Caso","image":{"@type":"ImageObject","inLanguage":"es","@id":"https:\/\/hojassueltas.es\/wp-content\/uploads\/2026\/02\/Beatriz-Caso_2-96x96.png","url":"https:\/\/hojassueltas.es\/wp-content\/uploads\/2026\/02\/Beatriz-Caso_2-96x96.png","contentUrl":"https:\/\/hojassueltas.es\/wp-content\/uploads\/2026\/02\/Beatriz-Caso_2-96x96.png","caption":"Punto y Seguido - Beatriz Caso"},"description":"Leonesa. Bibliotecaria. Master en Bibliotecoeconom\u00eda. Prefiere mantener oculta su dedicaci\u00f3n profesional actual, raz\u00f3n por la que usa el seud\u00f3nimo con que firma sus trabajos en Hojas Sueltas dentro del equipo Punto y Seguido.","url":"https:\/\/hojassueltas.es\/?author=93"}]}},"_links":{"self":[{"href":"https:\/\/hojassueltas.es\/index.php?rest_route=\/wp\/v2\/posts\/27661","targetHints":{"allow":["GET"]}}],"collection":[{"href":"https:\/\/hojassueltas.es\/index.php?rest_route=\/wp\/v2\/posts"}],"about":[{"href":"https:\/\/hojassueltas.es\/index.php?rest_route=\/wp\/v2\/types\/post"}],"author":[{"embeddable":true,"href":"https:\/\/hojassueltas.es\/index.php?rest_route=\/wp\/v2\/users\/93"}],"replies":[{"embeddable":true,"href":"https:\/\/hojassueltas.es\/index.php?rest_route=%2Fwp%2Fv2%2Fcomments&post=27661"}],"version-history":[{"count":1,"href":"https:\/\/hojassueltas.es\/index.php?rest_route=\/wp\/v2\/posts\/27661\/revisions"}],"predecessor-version":[{"id":27663,"href":"https:\/\/hojassueltas.es\/index.php?rest_route=\/wp\/v2\/posts\/27661\/revisions\/27663"}],"wp:featuredmedia":[{"embeddable":true,"href":"https:\/\/hojassueltas.es\/index.php?rest_route=\/wp\/v2\/media\/27662"}],"wp:attachment":[{"href":"https:\/\/hojassueltas.es\/index.php?rest_route=%2Fwp%2Fv2%2Fmedia&parent=27661"}],"wp:term":[{"taxonomy":"category","embeddable":true,"href":"https:\/\/hojassueltas.es\/index.php?rest_route=%2Fwp%2Fv2%2Fcategories&post=27661"},{"taxonomy":"post_tag","embeddable":true,"href":"https:\/\/hojassueltas.es\/index.php?rest_route=%2Fwp%2Fv2%2Ftags&post=27661"}],"curies":[{"name":"wp","href":"https:\/\/api.w.org\/{rel}","templated":true}]}}