{"id":27418,"date":"2026-03-08T00:00:38","date_gmt":"2026-03-07T22:00:38","guid":{"rendered":"https:\/\/hojassueltas.es\/?p=27418"},"modified":"2026-03-09T08:55:57","modified_gmt":"2026-03-09T06:55:57","slug":"fondo-buitre-de-paco-gomez-escribano","status":"publish","type":"post","link":"https:\/\/hojassueltas.es\/?p=27418","title":{"rendered":"Fondo buitre, de Paco G\u00f3mez Escribano"},"content":{"rendered":"<p align=\"justify\"><span style=\"font-family: Cambria Math, serif;\"><span style=\"font-size: large;\">En <em>Fondo buitre<\/em>, Paco G\u00f3mez Escribano vuelve a tensar una de sus apuestas m\u00e1s reconocibles: narrar Madrid desde abajo sin convertir la marginalidad en decorado ni en coartada. La novela se instala en un escenario de violencia legal \u2014la \u201coperaci\u00f3n\u201d inmobiliaria sobre un edificio de renta antigua\u2014 para explorar c\u00f3mo se reconfigura el v\u00ednculo comunitario cuando la expulsi\u00f3n se convierte en procedimiento. Lo singular no es tanto el tema (la gentrificaci\u00f3n, la financiarizaci\u00f3n de la vivienda) como el modo de tratarlo: G\u00f3mez Escribano desplaza el foco del diagn\u00f3stico sociol\u00f3gico a la mec\u00e1nica de la resistencia, y ah\u00ed la novela adquiere su densidad formal y su filo \u00e9tico.<\/span><\/span><\/p>\n<p align=\"justify\"><span style=\"font-family: Cambria Math, serif;\"><span style=\"font-size: large;\">El primer rasgo t\u00e9cnico decisivo es la construcci\u00f3n coral a partir de una <strong>galer\u00eda de voces<\/strong> que provienen de un mismo universo narrativo. La novela funciona como una reuni\u00f3n \u2014casi una \u201casamblea\u201d literaria\u2014 de supervivientes: personajes ya conocidos reaparecen no como gui\u00f1o complaciente, sino como archivo vivo de una experiencia de clase. Este procedimiento, que podr\u00eda derivar hacia el mero servicio al seguidor (<i>fan service)<\/i>, se lee aqu\u00ed como una estrategia de continuidad moral: los cuerpos y las biograf\u00edas arrastran consecuencias, y la ciudad no es un tablero nuevo en cada libro. El efecto es doble. Por un lado, se gana espesor de mundo: los personajes entran con una historia encima, con su desgaste, sin necesidad de presentaciones enf\u00e1ticas. Por otro, se refuerza una tesis formal: la precariedad no es epis\u00f3dica, es serial. La novela, as\u00ed, no \u201ccuenta\u201d un caso; acumula, insiste, vuelve, como si la repetici\u00f3n fuese la forma misma de la injusticia.<\/span><\/span><\/p>\n<p align=\"justify\"><span style=\"font-family: Cambria Math, serif;\"><span style=\"font-size: large;\">En cuanto a la <strong>voz<\/strong>, G\u00f3mez Escribano trabaja una oralidad que no aspira a la transcripci\u00f3n mim\u00e9tica, sino a una verosimilitud r\u00edtmica. El castellano del barrio \u2014cortado, ir\u00f3nico, r\u00e1pido\u2014 se organiza con precisi\u00f3n de o\u00eddo: frases que muerden, remates secos, un humor defensivo que evita el patetismo. La elecci\u00f3n no es neutral: al sostener el relato desde una lengua no institucional, la novela disputa el monopolio del relato p\u00fablico. Frente al discurso t\u00e9cnico-jur\u00eddico del desahucio (ese idioma que convierte la expulsi\u00f3n en tr\u00e1mite), la oralidad aparece como contra-legitimaci\u00f3n. No se trata de \u201cdar voz\u201d \u2014f\u00f3rmula paternalista\u2014, sino de <strong>reconocer una lengua ya existente<\/strong> como instrumento narrativo capaz de pensar y de juzgar.<\/span><\/span><\/p>\n<p align=\"justify\"><span style=\"font-family: Cambria Math, serif;\"><span style=\"font-size: large;\">La <strong>estructura<\/strong> se articula en torno a una alternancia de registros de acci\u00f3n: lo legal y lo ilegal, lo administrativo y lo callejero, el expediente y el apa\u00f1o. Este vaiv\u00e9n compone el verdadero motor de la novela. El conflicto no se plantea como una oposici\u00f3n simple entre buenos y malos, sino como una pregunta por los l\u00edmites de la legitimidad cuando el marco legal se percibe capturado. La tensi\u00f3n estructural \u2014qu\u00e9 puede hacerse dentro del sistema y qu\u00e9 empuja a salir de \u00e9l\u2014 organiza la progresi\u00f3n narrativa sin necesidad de subrayados. En t\u00e9rminos t\u00e9cnicos, el libro opera como una m\u00e1quina de contrastes: cada avance por la v\u00eda formal evidencia, por fricci\u00f3n, su insuficiencia; cada desv\u00edo hacia la ilegalidad revela el coste \u00e9tico y comunitario de esa elecci\u00f3n. La novela se sostiene en esa dial\u00e9ctica sin convertirla en discurso, y ah\u00ed reside su inteligencia narrativa.<\/span><\/span><\/p>\n<p align=\"justify\"><span style=\"font-family: Cambria Math, serif;\"><span style=\"font-size: large;\">La prosa de G\u00f3mez Escribano se caracteriza por un <strong>lenguaje funcionalmente expresivo<\/strong>: no busca el virtuosismo, pero tampoco la neutralidad. Hay una econom\u00eda del golpe \u2014una manera de colocar la frase para que cierre como un pu\u00f1o\u2014 que se apoya en la elipsis y en la rapidez. Esa concisi\u00f3n tiene un efecto pol\u00edtico: evita estetizar el sufrimiento y reh\u00faye la pornograf\u00eda de lo social. Donde otras narrativas caer\u00edan en la escena ejemplar o en el cat\u00e1logo de miserias, aqu\u00ed predomina una escritura de la <strong>supervivencia cotidiana<\/strong>, con su mezcla de cansancio, ingenio y dignidad \u00e1spera. El humor, adem\u00e1s, no funciona como alivio, sino como forma de inteligencia colectiva: la risa es una t\u00e9cnica de defensa, un modo de no dejarse definir por el lenguaje del poder.<\/span><\/span><\/p>\n<p align=\"justify\"><span style=\"font-family: Cambria Math, serif;\"><span style=\"font-size: large;\">En el contexto de la narrativa espa\u00f1ola contempor\u00e1nea, <em>Fondo buitre<\/em> dialoga con varias l\u00edneas. Por un lado, con cierto realismo de barrio que viene de lejos \u2014la tradici\u00f3n de la novela social y su actualizaci\u00f3n urbana\u2014, pero sin reproducir el esquema de tesis y ejemplo. Por otro, con el auge de relatos sobre vivienda, precariedad y ciudad, donde el espacio se ha vuelto campo de batalla: el piso ya no es hogar, es activo. La diferencia es que G\u00f3mez Escribano no escribe desde la mirada del reci\u00e9n llegado que observa la transformaci\u00f3n, sino desde quienes la padecen como expulsi\u00f3n. Su Madrid no es el de la nostalgia ni el de la postal degradada; es el de la <strong>memoria del trabajo<\/strong>, del bar como instituci\u00f3n m\u00ednima, de la escalera como lugar de reconocimiento mutuo. En esa l\u00ednea, la novela se inscribe en una \u00e9tica de la pertenencia: vivir en un sitio no es un dato, es una forma de relaci\u00f3n.<\/span><\/span><\/p>\n<p align=\"justify\"><span style=\"font-family: Cambria Math, serif;\"><span style=\"font-size: large;\">Esa \u00e9tica se vuelve especialmente relevante cuando la novela plantea la pregunta inc\u00f3moda: \u00bfqu\u00e9 ocurre cuando el derecho se vive como violencia? El fondo de inversi\u00f3n aparece menos como personaje que como <strong>dispositivo<\/strong>: una presencia abstracta, sin rostro, cuya eficacia depende precisamente de su impersonalidad. La novela entiende que el enemigo contempor\u00e1neo no siempre se presenta con gesto reconocible; a menudo es una cadena de propiedad, un contrato, una firma. Frente a esa abstracci\u00f3n, la comunidad del edificio se narra como cuerpo plural, imperfecto y contradictorio. Aqu\u00ed el libro evita la idealizaci\u00f3n: la solidaridad no es una esencia, es una tarea; y, como toda tarea, se ensucia, se negocia, se discute. La novela acierta al no convertir la comunidad en icono: la muestra como construcci\u00f3n fr\u00e1gil, atravesada por jerarqu\u00edas internas, lealtades antiguas y un pragmatismo que a veces roza el cinismo.<\/span><\/span><\/p>\n<p align=\"justify\"><span style=\"font-family: Cambria Math, serif;\"><span style=\"font-size: large;\">Desde un punto de vista formal, el gesto de reunir personajes de obras anteriores introduce una capa metanarrativa discreta: la novela sugiere que las historias no se clausuran, que el pasado de la marginalidad no queda atr\u00e1s, que la literatura puede funcionar como <strong>continuidad de un tejido social<\/strong> que, fuera del libro, se rompe. En ese sentido, <em>Fondo buitre<\/em> tambi\u00e9n habla del lugar de la ficci\u00f3n: no como escapatoria, sino como espacio donde una comunidad \u2014lectora y narrativa\u2014 se reconoce. El homenaje anunciado a los lectores se traduce, en t\u00e9rminos t\u00e9cnicos, en un pacto de larga duraci\u00f3n: quien ha seguido ese universo no recibe premio, recibe responsabilidad interpretativa. La novela conf\u00eda en la memoria del lector para activar resonancias y para sostener una idea: los personajes no \u201cvuelven\u201d; siguen.<\/span><\/span><\/p>\n<p align=\"justify\"><span style=\"font-family: Cambria Math, serif;\"><span style=\"font-size: large;\">La lectura interpretativa que propone el libro puede formularse as\u00ed: <em>Fondo buitre<\/em> es menos una novela sobre un edificio que una novela sobre la <strong>mutaci\u00f3n de la violencia<\/strong>. La expulsi\u00f3n ya no necesita porra; le basta con un calendario de notificaciones. La respuesta, sin embargo, tampoco puede limitarse a la indignaci\u00f3n. De ah\u00ed que el n\u00facleo del texto sea el dise\u00f1o de estrategias: pensar en com\u00fan, calcular, arriesgar, decidir. La novela observa c\u00f3mo la inteligencia popular \u2014a menudo despreciada como picaresca o chapuza\u2014 se convierte en forma de pol\u00edtica cuando el Estado aparece ausente o alineado con la propiedad. Y al mismo tiempo advierte: esa inteligencia, si se absolutiza, puede reproducir la l\u00f3gica del adversario, convertir la vida en operaci\u00f3n.<\/span><\/span><\/p>\n<p align=\"justify\"><span style=\"font-family: Cambria Math, serif;\"><span style=\"font-size: large;\">El m\u00e9rito del libro est\u00e1 en sostener esa ambivalencia sin convertirla en eslogan. G\u00f3mez Escribano no canoniza ni condena: muestra c\u00f3mo la moral se negocia bajo presi\u00f3n, c\u00f3mo la ley se vuelve un lenguaje ajeno, c\u00f3mo la ilegalidad seduce cuando se vive como \u00fanica eficacia. La novela, en suma, trabaja la resistencia no como \u00e9pica, sino como t\u00e9cnica: una combinaci\u00f3n de v\u00ednculos, astucia, miedo y c\u00e1lculo.<\/span><\/span><\/p>\n<p align=\"justify\"><span style=\"font-family: Cambria Math, serif;\"><span style=\"font-size: large;\"><strong>Hip\u00f3tesis cr\u00edtica abierta:<\/strong> le\u00edda en continuidad con el resto del universo de G\u00f3mez Escribano, <em>Fondo buitre<\/em> sugiere que la verdadera derrota no es el desahucio, sino la sustituci\u00f3n de la comunidad por la gesti\u00f3n: cuando el barrio deja de ser una relaci\u00f3n y pasa a ser un activo. La pregunta que queda flotando \u2014y que la novela no cierra\u2014 es si la respuesta a esa gesti\u00f3n puede evitar convertirse, tambi\u00e9n ella, en otra forma de gesti\u00f3n: si es posible resistir sin acabar hablando el idioma del fondo.<\/span><\/span><\/p>\n<p align=\"justify\"><strong>\u00a9 Anxo do Rego para VENTANA DE ENSAYO CR\u00cdTIO<\/strong><\/p>\n","protected":false},"excerpt":{"rendered":"<p>En Fondo buitre, Paco G\u00f3mez Escribano vuelve a tensar una de sus apuestas m\u00e1s reconocibles: narrar Madrid desde abajo sin convertir la marginalidad en decorado ni en coartada. La novela se instala en un escenario de violencia legal \u2014la \u201coperaci\u00f3n\u201d inmobiliaria sobre un edificio de renta antigua\u2014 para explorar c\u00f3mo se reconfigura el v\u00ednculo comunitario [&hellip;]<\/p>\n","protected":false},"author":18,"featured_media":27431,"comment_status":"open","ping_status":"closed","sticky":false,"template":"","format":"standard","meta":{"footnotes":""},"categories":[2792],"tags":[249,230,2911,295],"class_list":{"0":"post-27418","1":"post","2":"type-post","3":"status-publish","4":"format-standard","5":"has-post-thumbnail","7":"category-ventana-de-ensayo-critico","8":"tag-alreves-editorial","9":"tag-anxo-do-rego","10":"tag-novela-negra","11":"tag-paco-gomez-escribano"},"yoast_head":"<!-- This site is optimized with the Yoast SEO plugin v27.5 - https:\/\/yoast.com\/product\/yoast-seo-wordpress\/ -->\n<title>Fondo buitre, de Paco G\u00f3mez Escribano | VENTANA de ENSAYO CR\u00cdTICO | HOJAS SUELTAS Peri\u00f3dico Cultural<\/title>\n<meta name=\"description\" content=\"VENTANA DE ENSAYO CR\u00cdTICO: En el universo de Paco G\u00f3mez Escribano, &quot;Fondo buitre&quot; sugiere que la verdadera derrota no es el desahucio, sino la sustituci\u00f3n de la comunidad por la gesti\u00f3n...\" \/>\n<meta name=\"robots\" content=\"index, follow, max-snippet:-1, max-image-preview:large, max-video-preview:-1\" \/>\n<link rel=\"canonical\" href=\"https:\/\/hojassueltas.es\/?p=27418\" \/>\n<meta property=\"og:locale\" content=\"es_ES\" \/>\n<meta property=\"og:type\" content=\"article\" \/>\n<meta property=\"og:title\" content=\"Fondo buitre, de Paco G\u00f3mez Escribano | VENTANA de ENSAYO CR\u00cdTICO | HOJAS SUELTAS Peri\u00f3dico Cultural\" \/>\n<meta property=\"og:description\" content=\"VENTANA DE ENSAYO CR\u00cdTICO: En el universo de Paco G\u00f3mez Escribano, &quot;Fondo buitre&quot; sugiere que la verdadera derrota no es el desahucio, sino la sustituci\u00f3n de la comunidad por la gesti\u00f3n...\" \/>\n<meta property=\"og:url\" content=\"https:\/\/hojassueltas.es\/?p=27418\" \/>\n<meta property=\"og:site_name\" content=\"HOJAS SUELTAS Peri\u00f3dico Cultural\" \/>\n<meta property=\"article:author\" content=\"https:\/\/www.facebook.com\/anxodoregoescritor\/\" \/>\n<meta property=\"article:published_time\" content=\"2026-03-07T22:00:38+00:00\" \/>\n<meta property=\"article:modified_time\" content=\"2026-03-09T06:55:57+00:00\" \/>\n<meta property=\"og:image\" content=\"https:\/\/hojassueltas.es\/wp-content\/uploads\/2026\/03\/Fondo-buittre_H.S.png\" \/>\n\t<meta property=\"og:image:width\" content=\"1920\" \/>\n\t<meta property=\"og:image:height\" content=\"1280\" \/>\n\t<meta property=\"og:image:type\" content=\"image\/png\" \/>\n<meta name=\"author\" content=\"Anxo do Rego\" \/>\n<meta name=\"twitter:card\" content=\"summary_large_image\" \/>\n<meta name=\"twitter:creator\" content=\"@HOJASSUELTAS22\" \/>\n<meta name=\"twitter:site\" content=\"@HOJASSUELTAS22\" \/>\n<meta name=\"twitter:label1\" content=\"Escrito por\" \/>\n\t<meta name=\"twitter:data1\" content=\"Anxo do Rego\" \/>\n\t<meta name=\"twitter:label2\" content=\"Tiempo de lectura\" \/>\n\t<meta name=\"twitter:data2\" content=\"7 minutos\" \/>\n<script type=\"application\/ld+json\" class=\"yoast-schema-graph\">{\"@context\":\"https:\\\/\\\/schema.org\",\"@graph\":[{\"@type\":[\"Article\",\"BlogPosting\"],\"@id\":\"https:\\\/\\\/hojassueltas.es\\\/?p=27418#article\",\"isPartOf\":{\"@id\":\"https:\\\/\\\/hojassueltas.es\\\/?p=27418\"},\"author\":{\"name\":\"Anxo do Rego\",\"@id\":\"https:\\\/\\\/hojassueltas.es\\\/#\\\/schema\\\/person\\\/cc93a1a1f7825a6e1d2c9bddd471a87c\"},\"headline\":\"Fondo buitre, de Paco G\u00f3mez Escribano\",\"datePublished\":\"2026-03-07T22:00:38+00:00\",\"dateModified\":\"2026-03-09T06:55:57+00:00\",\"mainEntityOfPage\":{\"@id\":\"https:\\\/\\\/hojassueltas.es\\\/?p=27418\"},\"wordCount\":1483,\"commentCount\":0,\"publisher\":{\"@id\":\"https:\\\/\\\/hojassueltas.es\\\/#organization\"},\"image\":{\"@id\":\"https:\\\/\\\/hojassueltas.es\\\/?p=27418#primaryimage\"},\"thumbnailUrl\":\"https:\\\/\\\/hojassueltas.es\\\/wp-content\\\/uploads\\\/2026\\\/03\\\/Fondo-buittre_H.S.png\",\"keywords\":[\"Alrev\u00e9s Editorial\",\"Anxo do Rego\",\"Novela Negra\",\"Paco G\u00f3mez Escribano\"],\"articleSection\":[\"VENTANA de ENSAYO CR\u00cdTICO\"],\"inLanguage\":\"es\",\"potentialAction\":[{\"@type\":\"CommentAction\",\"name\":\"Comment\",\"target\":[\"https:\\\/\\\/hojassueltas.es\\\/?p=27418#respond\"]}]},{\"@type\":\"WebPage\",\"@id\":\"https:\\\/\\\/hojassueltas.es\\\/?p=27418\",\"url\":\"https:\\\/\\\/hojassueltas.es\\\/?p=27418\",\"name\":\"Fondo buitre, de Paco G\u00f3mez Escribano | VENTANA de ENSAYO CR\u00cdTICO | HOJAS SUELTAS Peri\u00f3dico Cultural\",\"isPartOf\":{\"@id\":\"https:\\\/\\\/hojassueltas.es\\\/#website\"},\"primaryImageOfPage\":{\"@id\":\"https:\\\/\\\/hojassueltas.es\\\/?p=27418#primaryimage\"},\"image\":{\"@id\":\"https:\\\/\\\/hojassueltas.es\\\/?p=27418#primaryimage\"},\"thumbnailUrl\":\"https:\\\/\\\/hojassueltas.es\\\/wp-content\\\/uploads\\\/2026\\\/03\\\/Fondo-buittre_H.S.png\",\"datePublished\":\"2026-03-07T22:00:38+00:00\",\"dateModified\":\"2026-03-09T06:55:57+00:00\",\"description\":\"VENTANA DE ENSAYO CR\u00cdTICO: En el universo de Paco G\u00f3mez Escribano, \\\"Fondo buitre\\\" sugiere que la verdadera derrota no es el desahucio, sino la sustituci\u00f3n de la comunidad por la gesti\u00f3n...\",\"breadcrumb\":{\"@id\":\"https:\\\/\\\/hojassueltas.es\\\/?p=27418#breadcrumb\"},\"inLanguage\":\"es\",\"potentialAction\":[{\"@type\":\"ReadAction\",\"target\":[\"https:\\\/\\\/hojassueltas.es\\\/?p=27418\"]}]},{\"@type\":\"ImageObject\",\"inLanguage\":\"es\",\"@id\":\"https:\\\/\\\/hojassueltas.es\\\/?p=27418#primaryimage\",\"url\":\"https:\\\/\\\/hojassueltas.es\\\/wp-content\\\/uploads\\\/2026\\\/03\\\/Fondo-buittre_H.S.png\",\"contentUrl\":\"https:\\\/\\\/hojassueltas.es\\\/wp-content\\\/uploads\\\/2026\\\/03\\\/Fondo-buittre_H.S.png\",\"width\":1920,\"height\":1280},{\"@type\":\"BreadcrumbList\",\"@id\":\"https:\\\/\\\/hojassueltas.es\\\/?p=27418#breadcrumb\",\"itemListElement\":[{\"@type\":\"ListItem\",\"position\":1,\"name\":\"Portada\",\"item\":\"https:\\\/\\\/hojassueltas.es\\\/\"},{\"@type\":\"ListItem\",\"position\":2,\"name\":\"Fondo buitre, de Paco G\u00f3mez Escribano\"}]},{\"@type\":\"WebSite\",\"@id\":\"https:\\\/\\\/hojassueltas.es\\\/#website\",\"url\":\"https:\\\/\\\/hojassueltas.es\\\/\",\"name\":\"HojasSueltas.es\",\"description\":\"GRANADA - Peri\u00f3dico Cultural\",\"publisher\":{\"@id\":\"https:\\\/\\\/hojassueltas.es\\\/#organization\"},\"alternateName\":\"H.S. Periodico Cultural\",\"potentialAction\":[{\"@type\":\"SearchAction\",\"target\":{\"@type\":\"EntryPoint\",\"urlTemplate\":\"https:\\\/\\\/hojassueltas.es\\\/?s={search_term_string}\"},\"query-input\":{\"@type\":\"PropertyValueSpecification\",\"valueRequired\":true,\"valueName\":\"search_term_string\"}}],\"inLanguage\":\"es\"},{\"@type\":\"Organization\",\"@id\":\"https:\\\/\\\/hojassueltas.es\\\/#organization\",\"name\":\"HOJAS SUELTAS - Peri\u00f3dico Cultural\",\"alternateName\":\"HS - HOJAS SUELTAS Peri\u00f3dico Cultural\",\"url\":\"https:\\\/\\\/hojassueltas.es\\\/\",\"logo\":{\"@type\":\"ImageObject\",\"inLanguage\":\"es\",\"@id\":\"https:\\\/\\\/hojassueltas.es\\\/#\\\/schema\\\/logo\\\/image\\\/\",\"url\":\"https:\\\/\\\/hojassueltas.es\\\/wp-content\\\/uploads\\\/2025\\\/08\\\/Icono-HS_2.png\",\"contentUrl\":\"https:\\\/\\\/hojassueltas.es\\\/wp-content\\\/uploads\\\/2025\\\/08\\\/Icono-HS_2.png\",\"width\":500,\"height\":500,\"caption\":\"HOJAS SUELTAS - Peri\u00f3dico Cultural\"},\"image\":{\"@id\":\"https:\\\/\\\/hojassueltas.es\\\/#\\\/schema\\\/logo\\\/image\\\/\"},\"sameAs\":[\"https:\\\/\\\/x.com\\\/HOJASSUELTAS22\"]},{\"@type\":\"Person\",\"@id\":\"https:\\\/\\\/hojassueltas.es\\\/#\\\/schema\\\/person\\\/cc93a1a1f7825a6e1d2c9bddd471a87c\",\"name\":\"Anxo do Rego\",\"image\":{\"@type\":\"ImageObject\",\"inLanguage\":\"es\",\"@id\":\"https:\\\/\\\/hojassueltas.es\\\/wp-content\\\/uploads\\\/2025\\\/02\\\/Anxo-do-Rego_2025-96x96.jpg\",\"url\":\"https:\\\/\\\/hojassueltas.es\\\/wp-content\\\/uploads\\\/2025\\\/02\\\/Anxo-do-Rego_2025-96x96.jpg\",\"contentUrl\":\"https:\\\/\\\/hojassueltas.es\\\/wp-content\\\/uploads\\\/2025\\\/02\\\/Anxo-do-Rego_2025-96x96.jpg\",\"caption\":\"Anxo do Rego\"},\"description\":\"Narrador. Fundador, director y editor de la extinta editorial PG Ediciones. Actualmente asesora y colabora en las editoriales: Editorial Skytale y Aldo Ediciones, del Grupo Editorial Regina Exlibris. Director y redactor del diario cultural Hojas Sueltas. Fundador en 2014 de una de las primeras revistas digitales del g\u00e9nero negro y policial \u00abSolo Novela Negra\u00bb. Participa en numerosas instituciones culturales. Su narrativa se sustenta principalmente en la novela polic\u00edaca con diecis\u00e9is t\u00edtulos del comisario del CNP, Roberto H.C. como protagonista, aunque realiza incursiones en otros g\u00e9neros literarios, tales como la ficci\u00f3n hist\u00f3rica, ciencia ficci\u00f3n, suspense y sentimentales. Mantiene su creatividad literaria con novelas, relatos, art\u00edculos, rese\u00f1as literarias y ensayos.\",\"sameAs\":[\"https:\\\/\\\/anxodorego.com\\\/\",\"https:\\\/\\\/www.facebook.com\\\/anxodoregoescritor\\\/\"],\"url\":\"https:\\\/\\\/hojassueltas.es\\\/?author=18\"}]}<\/script>\n<!-- \/ Yoast SEO plugin. -->","yoast_head_json":{"title":"Fondo buitre, de Paco G\u00f3mez Escribano | VENTANA de ENSAYO CR\u00cdTICO | HOJAS SUELTAS Peri\u00f3dico Cultural","description":"VENTANA DE ENSAYO CR\u00cdTICO: En el universo de Paco G\u00f3mez Escribano, \"Fondo buitre\" sugiere que la verdadera derrota no es el desahucio, sino la sustituci\u00f3n de la comunidad por la gesti\u00f3n...","robots":{"index":"index","follow":"follow","max-snippet":"max-snippet:-1","max-image-preview":"max-image-preview:large","max-video-preview":"max-video-preview:-1"},"canonical":"https:\/\/hojassueltas.es\/?p=27418","og_locale":"es_ES","og_type":"article","og_title":"Fondo buitre, de Paco G\u00f3mez Escribano | VENTANA de ENSAYO CR\u00cdTICO | HOJAS SUELTAS Peri\u00f3dico Cultural","og_description":"VENTANA DE ENSAYO CR\u00cdTICO: En el universo de Paco G\u00f3mez Escribano, \"Fondo buitre\" sugiere que la verdadera derrota no es el desahucio, sino la sustituci\u00f3n de la comunidad por la gesti\u00f3n...","og_url":"https:\/\/hojassueltas.es\/?p=27418","og_site_name":"HOJAS SUELTAS Peri\u00f3dico Cultural","article_author":"https:\/\/www.facebook.com\/anxodoregoescritor\/","article_published_time":"2026-03-07T22:00:38+00:00","article_modified_time":"2026-03-09T06:55:57+00:00","og_image":[{"width":1920,"height":1280,"url":"https:\/\/hojassueltas.es\/wp-content\/uploads\/2026\/03\/Fondo-buittre_H.S.png","type":"image\/png"}],"author":"Anxo do Rego","twitter_card":"summary_large_image","twitter_creator":"@HOJASSUELTAS22","twitter_site":"@HOJASSUELTAS22","twitter_misc":{"Escrito por":"Anxo do Rego","Tiempo de lectura":"7 minutos"},"schema":{"@context":"https:\/\/schema.org","@graph":[{"@type":["Article","BlogPosting"],"@id":"https:\/\/hojassueltas.es\/?p=27418#article","isPartOf":{"@id":"https:\/\/hojassueltas.es\/?p=27418"},"author":{"name":"Anxo do Rego","@id":"https:\/\/hojassueltas.es\/#\/schema\/person\/cc93a1a1f7825a6e1d2c9bddd471a87c"},"headline":"Fondo buitre, de Paco G\u00f3mez Escribano","datePublished":"2026-03-07T22:00:38+00:00","dateModified":"2026-03-09T06:55:57+00:00","mainEntityOfPage":{"@id":"https:\/\/hojassueltas.es\/?p=27418"},"wordCount":1483,"commentCount":0,"publisher":{"@id":"https:\/\/hojassueltas.es\/#organization"},"image":{"@id":"https:\/\/hojassueltas.es\/?p=27418#primaryimage"},"thumbnailUrl":"https:\/\/hojassueltas.es\/wp-content\/uploads\/2026\/03\/Fondo-buittre_H.S.png","keywords":["Alrev\u00e9s Editorial","Anxo do Rego","Novela Negra","Paco G\u00f3mez Escribano"],"articleSection":["VENTANA de ENSAYO CR\u00cdTICO"],"inLanguage":"es","potentialAction":[{"@type":"CommentAction","name":"Comment","target":["https:\/\/hojassueltas.es\/?p=27418#respond"]}]},{"@type":"WebPage","@id":"https:\/\/hojassueltas.es\/?p=27418","url":"https:\/\/hojassueltas.es\/?p=27418","name":"Fondo buitre, de Paco G\u00f3mez Escribano | VENTANA de ENSAYO CR\u00cdTICO | HOJAS SUELTAS Peri\u00f3dico Cultural","isPartOf":{"@id":"https:\/\/hojassueltas.es\/#website"},"primaryImageOfPage":{"@id":"https:\/\/hojassueltas.es\/?p=27418#primaryimage"},"image":{"@id":"https:\/\/hojassueltas.es\/?p=27418#primaryimage"},"thumbnailUrl":"https:\/\/hojassueltas.es\/wp-content\/uploads\/2026\/03\/Fondo-buittre_H.S.png","datePublished":"2026-03-07T22:00:38+00:00","dateModified":"2026-03-09T06:55:57+00:00","description":"VENTANA DE ENSAYO CR\u00cdTICO: En el universo de Paco G\u00f3mez Escribano, \"Fondo buitre\" sugiere que la verdadera derrota no es el desahucio, sino la sustituci\u00f3n de la comunidad por la gesti\u00f3n...","breadcrumb":{"@id":"https:\/\/hojassueltas.es\/?p=27418#breadcrumb"},"inLanguage":"es","potentialAction":[{"@type":"ReadAction","target":["https:\/\/hojassueltas.es\/?p=27418"]}]},{"@type":"ImageObject","inLanguage":"es","@id":"https:\/\/hojassueltas.es\/?p=27418#primaryimage","url":"https:\/\/hojassueltas.es\/wp-content\/uploads\/2026\/03\/Fondo-buittre_H.S.png","contentUrl":"https:\/\/hojassueltas.es\/wp-content\/uploads\/2026\/03\/Fondo-buittre_H.S.png","width":1920,"height":1280},{"@type":"BreadcrumbList","@id":"https:\/\/hojassueltas.es\/?p=27418#breadcrumb","itemListElement":[{"@type":"ListItem","position":1,"name":"Portada","item":"https:\/\/hojassueltas.es\/"},{"@type":"ListItem","position":2,"name":"Fondo buitre, de Paco G\u00f3mez Escribano"}]},{"@type":"WebSite","@id":"https:\/\/hojassueltas.es\/#website","url":"https:\/\/hojassueltas.es\/","name":"HojasSueltas.es","description":"GRANADA - Peri\u00f3dico Cultural","publisher":{"@id":"https:\/\/hojassueltas.es\/#organization"},"alternateName":"H.S. Periodico Cultural","potentialAction":[{"@type":"SearchAction","target":{"@type":"EntryPoint","urlTemplate":"https:\/\/hojassueltas.es\/?s={search_term_string}"},"query-input":{"@type":"PropertyValueSpecification","valueRequired":true,"valueName":"search_term_string"}}],"inLanguage":"es"},{"@type":"Organization","@id":"https:\/\/hojassueltas.es\/#organization","name":"HOJAS SUELTAS - Peri\u00f3dico Cultural","alternateName":"HS - HOJAS SUELTAS Peri\u00f3dico Cultural","url":"https:\/\/hojassueltas.es\/","logo":{"@type":"ImageObject","inLanguage":"es","@id":"https:\/\/hojassueltas.es\/#\/schema\/logo\/image\/","url":"https:\/\/hojassueltas.es\/wp-content\/uploads\/2025\/08\/Icono-HS_2.png","contentUrl":"https:\/\/hojassueltas.es\/wp-content\/uploads\/2025\/08\/Icono-HS_2.png","width":500,"height":500,"caption":"HOJAS SUELTAS - Peri\u00f3dico Cultural"},"image":{"@id":"https:\/\/hojassueltas.es\/#\/schema\/logo\/image\/"},"sameAs":["https:\/\/x.com\/HOJASSUELTAS22"]},{"@type":"Person","@id":"https:\/\/hojassueltas.es\/#\/schema\/person\/cc93a1a1f7825a6e1d2c9bddd471a87c","name":"Anxo do Rego","image":{"@type":"ImageObject","inLanguage":"es","@id":"https:\/\/hojassueltas.es\/wp-content\/uploads\/2025\/02\/Anxo-do-Rego_2025-96x96.jpg","url":"https:\/\/hojassueltas.es\/wp-content\/uploads\/2025\/02\/Anxo-do-Rego_2025-96x96.jpg","contentUrl":"https:\/\/hojassueltas.es\/wp-content\/uploads\/2025\/02\/Anxo-do-Rego_2025-96x96.jpg","caption":"Anxo do Rego"},"description":"Narrador. Fundador, director y editor de la extinta editorial PG Ediciones. Actualmente asesora y colabora en las editoriales: Editorial Skytale y Aldo Ediciones, del Grupo Editorial Regina Exlibris. Director y redactor del diario cultural Hojas Sueltas. Fundador en 2014 de una de las primeras revistas digitales del g\u00e9nero negro y policial \u00abSolo Novela Negra\u00bb. Participa en numerosas instituciones culturales. Su narrativa se sustenta principalmente en la novela polic\u00edaca con diecis\u00e9is t\u00edtulos del comisario del CNP, Roberto H.C. como protagonista, aunque realiza incursiones en otros g\u00e9neros literarios, tales como la ficci\u00f3n hist\u00f3rica, ciencia ficci\u00f3n, suspense y sentimentales. Mantiene su creatividad literaria con novelas, relatos, art\u00edculos, rese\u00f1as literarias y ensayos.","sameAs":["https:\/\/anxodorego.com\/","https:\/\/www.facebook.com\/anxodoregoescritor\/"],"url":"https:\/\/hojassueltas.es\/?author=18"}]}},"_links":{"self":[{"href":"https:\/\/hojassueltas.es\/index.php?rest_route=\/wp\/v2\/posts\/27418","targetHints":{"allow":["GET"]}}],"collection":[{"href":"https:\/\/hojassueltas.es\/index.php?rest_route=\/wp\/v2\/posts"}],"about":[{"href":"https:\/\/hojassueltas.es\/index.php?rest_route=\/wp\/v2\/types\/post"}],"author":[{"embeddable":true,"href":"https:\/\/hojassueltas.es\/index.php?rest_route=\/wp\/v2\/users\/18"}],"replies":[{"embeddable":true,"href":"https:\/\/hojassueltas.es\/index.php?rest_route=%2Fwp%2Fv2%2Fcomments&post=27418"}],"version-history":[{"count":3,"href":"https:\/\/hojassueltas.es\/index.php?rest_route=\/wp\/v2\/posts\/27418\/revisions"}],"predecessor-version":[{"id":28003,"href":"https:\/\/hojassueltas.es\/index.php?rest_route=\/wp\/v2\/posts\/27418\/revisions\/28003"}],"wp:featuredmedia":[{"embeddable":true,"href":"https:\/\/hojassueltas.es\/index.php?rest_route=\/wp\/v2\/media\/27431"}],"wp:attachment":[{"href":"https:\/\/hojassueltas.es\/index.php?rest_route=%2Fwp%2Fv2%2Fmedia&parent=27418"}],"wp:term":[{"taxonomy":"category","embeddable":true,"href":"https:\/\/hojassueltas.es\/index.php?rest_route=%2Fwp%2Fv2%2Fcategories&post=27418"},{"taxonomy":"post_tag","embeddable":true,"href":"https:\/\/hojassueltas.es\/index.php?rest_route=%2Fwp%2Fv2%2Ftags&post=27418"}],"curies":[{"name":"wp","href":"https:\/\/api.w.org\/{rel}","templated":true}]}}