{"id":26754,"date":"2026-02-01T00:00:13","date_gmt":"2026-01-31T22:00:13","guid":{"rendered":"https:\/\/hojassueltas.es\/?p=26754"},"modified":"2026-02-14T11:01:28","modified_gmt":"2026-02-14T09:01:28","slug":"numancia-una-derrota-que-funda-una-leyenda","status":"publish","type":"post","link":"https:\/\/hojassueltas.es\/?p=26754","title":{"rendered":"Numancia: una derrota que funda una leyenda"},"content":{"rendered":"<p align=\"justify\"><span style=\"font-family: Cambria Math, serif;\"><span style=\"font-size: large;\">Hay derrotas que, al caer, ganan otra vida. La de Numancia es una de esas: un episodio de guerra en el siglo II a. C. convertido, por acumulaci\u00f3n de relatos, silencios y relecturas, en una leyenda \u00fatil. En su n\u00facleo late una resistencia extrema; alrededor, la maquinaria romana del ejemplo; despu\u00e9s, una memoria espa\u00f1ola que ha ido afinando el mito seg\u00fan las necesidades de cada \u00e9poca.<\/span><\/span><\/p>\n<h3 class=\"western\" align=\"justify\"><span style=\"font-family: Cambria Math, serif;\">Contexto y localizaci\u00f3n<\/span><\/h3>\n<p align=\"justify\"><span style=\"font-family: Cambria Math, serif;\"><span style=\"font-size: large;\">El escenario es el alto del cerro de La Muela, junto a Garray, en el entorno de Soria: un emplazamiento defensivo, dominante sobre el valle, que explica parte de su valor estrat\u00e9gico. La guerra numantina forma parte de las campa\u00f1as romanas de consolidaci\u00f3n en la Hispania Citerior, prolongadas y costosas, donde la victoria militar no bastaba: era imprescindible producir obediencia, y para eso serv\u00eda el castigo ejemplar. La culminaci\u00f3n llega cuando el Senado encarga el cierre definitivo del conflicto a Escipi\u00f3n Emiliano, que opta por un m\u00e9todo de control total: no tanto el asalto como el cerco y el desgaste. <\/span><\/span><\/p>\n<h3 class=\"western\" align=\"justify\"><span style=\"font-family: Cambria Math, serif;\">Resistencia y t\u00e9cnica del cerco: la forma material de la derrota<\/span><\/h3>\n<p align=\"justify\"><span style=\"font-family: Cambria Math, serif;\"><span style=\"font-size: large;\">La leyenda suele simplificar la guerra en una oposici\u00f3n moral (libertad frente a imperio), pero su punto decisivo es t\u00e9cnico y log\u00edstico. El cerco se plantea como un dispositivo continuo: campamentos, l\u00ednea de circunvalaci\u00f3n, control de pasos y recursos, vigilancia para impedir salidas y aprovisionamientos. La operaci\u00f3n \u2014que la tradici\u00f3n resume como un cierre \u201cherm\u00e9tico\u201d\u2014 convierte la ciudad en un espacio sin exterior: la resistencia queda condenada a una aritm\u00e9tica de hambre, enfermedad y agotamiento. Es ah\u00ed donde la derrota adquiere su forma: no por la falta de valor, sino por la clausura sistem\u00e1tica de toda alternativa. <\/span><\/span><\/p>\n<p align=\"justify\"><span style=\"font-family: Cambria Math, serif;\"><span style=\"font-size: large;\">Las fuentes antiguas insisten en el final como drama colectivo: destrucci\u00f3n, muertes, supervivientes vendidos. M\u00e1s all\u00e1 de los matices entre relatos, lo constante es la funci\u00f3n del episodio: Numancia no es solo una plaza tomada, sino un mensaje. En el mundo romano, la historia sirve para educar (a los propios y a los sometidos) y para reforzar reputaciones pol\u00edticas. El cerco, por tanto, no se agota en su eficacia militar: produce un \u201ccaso\u201d memorable. <\/span><\/span><\/p>\n<h3 class=\"western\" align=\"justify\"><span style=\"font-family: Cambria Math, serif;\">Propaganda romana y mito posterior: c\u00f3mo se fabrica un ejemplo<\/span><\/h3>\n<p align=\"justify\"><span style=\"font-family: Cambria Math, serif;\"><span style=\"font-size: large;\">Aqu\u00ed conviene distinguir dos capas. La primera es la romana: el episodio como confirmaci\u00f3n del orden imperial y de la disciplina que restaura el mando. Los autores antiguos (como Apiano o Floro) transmiten una Numancia que, precisamente por su obstinaci\u00f3n, realza la victoria del conquistador: si el enemigo era \u201ctenaz\u201d, el vencedor es m\u00e1s \u201cnecesario\u201d. Esa ret\u00f3rica permite convertir una guerra prolongada \u2014y por tanto inc\u00f3moda\u2014 en una culminaci\u00f3n heroica del lado romano. <\/span><\/span><\/p>\n<p align=\"justify\"><span style=\"font-family: Cambria Math, serif;\"><span style=\"font-size: large;\">La segunda capa es posterior y peninsular: Numancia como espejo donde cada \u00e9poca se mira. A partir de la Edad Moderna y, sobre todo, desde el siglo XIX, la palabra \u201cnumantino\u201d se carga de significados patri\u00f3ticos: unidad, sacrificio, resistencia ante el invasor. El mito se reactiva con fuerza desde 1808, en un clima que busca precedentes hist\u00f3ricos para legitimarse. Y en el siglo XX la apropiaci\u00f3n se vuelve m\u00e1s expl\u00edcita y competitiva: diferentes ideolog\u00edas reclaman la herencia numantina como capital simb\u00f3lico, hasta su instrumentalizaci\u00f3n por el nacionalcatolicismo y las reacciones posteriores que intentan desactivar ese monopolio. <\/span><\/span><\/p>\n<h3 class=\"western\" align=\"justify\"><span style=\"font-family: Cambria Math, serif;\">Memoria, arqueolog\u00eda y disputa: cuando el suelo discute con el relato<\/span><\/h3>\n<p align=\"justify\"><span style=\"font-family: Cambria Math, serif;\"><span style=\"font-size: large;\">El lugar no es un simple decorado: la arqueolog\u00eda ha sido parte de la construcci\u00f3n moderna del mito. Las campa\u00f1as de Adolf Schulten y el inter\u00e9s institucional de comienzos del siglo XX muestran c\u00f3mo el pasado antiguo puede convertirse en argumento contempor\u00e1neo: excavar es tambi\u00e9n ordenar un relato (qu\u00e9 se destaca, qu\u00e9 se interpreta, qu\u00e9 se exhibe). La existencia de dispositivos museogr\u00e1ficos y centros de interpretaci\u00f3n \u2014como el Museo Numantino y el centro del \u201cCerco de Numancia\u201d\u2014 no solo difunde conocimiento: fija una gram\u00e1tica p\u00fablica de la memoria (dos mundos enfrentados, una frontera, una decisi\u00f3n final). <\/span><\/span><\/p>\n<p align=\"justify\"><span style=\"font-family: Cambria Math, serif;\"><span style=\"font-size: large;\">En suma, Numancia es menos un \u201corigen\u201d que una matriz: un episodio hist\u00f3rico reescrito como repertorio moral. Su fuerza no proviene de la victoria, sino de la capacidad de una derrota para ser contada, apropiada y discutida durante siglos.<\/span><\/span><\/p>\n<h3 class=\"western\" align=\"justify\"><span style=\"font-family: Cambria Math, serif; font-size: 14px;\">Fuentes y referencias<\/span><\/h3>\n<ul>\n<li>\n<p align=\"justify\"><span style=\"font-family: Cambria Math, serif; font-size: 14px;\">Relatos y s\u00edntesis sobre el asedio y su desenlace (tradici\u00f3n cl\u00e1sica y panor\u00e1mica hist\u00f3rica). <\/span><\/p>\n<\/li>\n<li>\n<p align=\"justify\"><span style=\"font-family: Cambria Math, serif; font-size: 14px;\">Recursos divulgativos e hist\u00f3ricos sobre el cerco, su duraci\u00f3n y su interpretaci\u00f3n p\u00fablica. <\/span><\/p>\n<\/li>\n<li>\n<p align=\"justify\"><span style=\"font-family: Cambria Math, serif; font-size: 14px;\">Portales especializados sobre mito, usos pol\u00edticos y relecturas contempor\u00e1neas de Numancia. <\/span><\/p>\n<\/li>\n<li>\n<p align=\"justify\"><span style=\"font-family: Cambria Math, serif; font-size: 14px;\">Investigaci\u00f3n y memoria arqueol\u00f3gica (Schulten y recepci\u00f3n cient\u00edfica). <\/span><\/p>\n<\/li>\n<li>\n<p align=\"justify\"><span style=\"font-family: Cambria Math, serif;\"><span style=\"font-size: large;\"><span style=\"font-size: 14px;\">Estudio acad\u00e9mico sobre el mito numantino y su instrumentalizaci\u00f3n moderna.<\/span> <\/span><\/span><\/p>\n<\/li>\n<\/ul>\n<p><strong>Valent\u00edn Castro<\/strong><\/p>\n","protected":false},"excerpt":{"rendered":"<p>Hay derrotas que, al caer, ganan otra vida. La de Numancia es una de esas: un episodio de guerra en el siglo II a. C. convertido, por acumulaci\u00f3n de relatos, silencios y relecturas, en una leyenda \u00fatil. En su n\u00facleo late una resistencia extrema; alrededor, la maquinaria romana del ejemplo; despu\u00e9s, una memoria espa\u00f1ola que [&hellip;]<\/p>\n","protected":false},"author":62,"featured_media":26755,"comment_status":"open","ping_status":"closed","sticky":false,"template":"","format":"standard","meta":{"footnotes":""},"categories":[2580],"tags":[],"class_list":{"0":"post-26754","1":"post","2":"type-post","3":"status-publish","4":"format-standard","5":"has-post-thumbnail","7":"category-secuencias-historicas"},"yoast_head":"<!-- This site is optimized with the Yoast SEO plugin v27.4 - https:\/\/yoast.com\/product\/yoast-seo-wordpress\/ -->\n<title>Numancia: una derrota que funda una leyenda | SECUENCIAS HIST\u00d3RICAS | HOJAS SUELTAS Peri\u00f3dico Cultural<\/title>\n<meta name=\"description\" content=\"SECUENCIAS HIST\u00d3RICAS : Un episodio hist\u00f3rico reescrito como repertorio moral. Su fuerza no proviene de la victoria, sino de la capacidad de una derrota para ser contada, apropiada y discutida durante siglos.\" \/>\n<meta name=\"robots\" content=\"index, follow, max-snippet:-1, max-image-preview:large, max-video-preview:-1\" \/>\n<link rel=\"canonical\" href=\"https:\/\/hojassueltas.es\/?p=26754\" \/>\n<meta property=\"og:locale\" content=\"es_ES\" \/>\n<meta property=\"og:type\" content=\"article\" \/>\n<meta property=\"og:title\" content=\"Numancia: una derrota que funda una leyenda | SECUENCIAS HIST\u00d3RICAS | HOJAS SUELTAS Peri\u00f3dico Cultural\" \/>\n<meta property=\"og:description\" content=\"SECUENCIAS HIST\u00d3RICAS : Un episodio hist\u00f3rico reescrito como repertorio moral. Su fuerza no proviene de la victoria, sino de la capacidad de una derrota para ser contada, apropiada y discutida durante siglos.\" \/>\n<meta property=\"og:url\" content=\"https:\/\/hojassueltas.es\/?p=26754\" \/>\n<meta property=\"og:site_name\" content=\"HOJAS SUELTAS Peri\u00f3dico Cultural\" \/>\n<meta property=\"article:published_time\" content=\"2026-01-31T22:00:13+00:00\" \/>\n<meta property=\"article:modified_time\" content=\"2026-02-14T09:01:28+00:00\" \/>\n<meta property=\"og:image\" content=\"https:\/\/hojassueltas.es\/wp-content\/uploads\/2026\/01\/SH-02_HS-915x610.png\" \/>\n\t<meta property=\"og:image:width\" content=\"915\" \/>\n\t<meta property=\"og:image:height\" content=\"610\" \/>\n\t<meta property=\"og:image:type\" content=\"image\/png\" \/>\n<meta name=\"author\" content=\"Valent\u00edn Castro\" \/>\n<meta name=\"twitter:card\" content=\"summary_large_image\" \/>\n<meta name=\"twitter:creator\" content=\"@HOJASSUELTAS22\" \/>\n<meta name=\"twitter:site\" content=\"@HOJASSUELTAS22\" \/>\n<meta name=\"twitter:label1\" content=\"Escrito por\" \/>\n\t<meta name=\"twitter:data1\" content=\"Valent\u00edn Castro\" \/>\n\t<meta name=\"twitter:label2\" content=\"Tiempo de lectura\" \/>\n\t<meta name=\"twitter:data2\" content=\"4 minutos\" \/>\n<script type=\"application\/ld+json\" class=\"yoast-schema-graph\">{\"@context\":\"https:\\\/\\\/schema.org\",\"@graph\":[{\"@type\":[\"Article\",\"BlogPosting\"],\"@id\":\"https:\\\/\\\/hojassueltas.es\\\/?p=26754#article\",\"isPartOf\":{\"@id\":\"https:\\\/\\\/hojassueltas.es\\\/?p=26754\"},\"author\":{\"name\":\"Valent\u00edn Castro\",\"@id\":\"https:\\\/\\\/hojassueltas.es\\\/#\\\/schema\\\/person\\\/69b100dc9b45a00e61d055b63d4278e9\"},\"headline\":\"Numancia: una derrota que funda una leyenda\",\"datePublished\":\"2026-01-31T22:00:13+00:00\",\"dateModified\":\"2026-02-14T09:01:28+00:00\",\"mainEntityOfPage\":{\"@id\":\"https:\\\/\\\/hojassueltas.es\\\/?p=26754\"},\"wordCount\":818,\"commentCount\":0,\"publisher\":{\"@id\":\"https:\\\/\\\/hojassueltas.es\\\/#organization\"},\"image\":{\"@id\":\"https:\\\/\\\/hojassueltas.es\\\/?p=26754#primaryimage\"},\"thumbnailUrl\":\"https:\\\/\\\/hojassueltas.es\\\/wp-content\\\/uploads\\\/2026\\\/01\\\/SH-02_HS.png\",\"articleSection\":[\"SECUENCIAS HIST\u00d3RICAS\"],\"inLanguage\":\"es\",\"potentialAction\":[{\"@type\":\"CommentAction\",\"name\":\"Comment\",\"target\":[\"https:\\\/\\\/hojassueltas.es\\\/?p=26754#respond\"]}]},{\"@type\":\"WebPage\",\"@id\":\"https:\\\/\\\/hojassueltas.es\\\/?p=26754\",\"url\":\"https:\\\/\\\/hojassueltas.es\\\/?p=26754\",\"name\":\"Numancia: una derrota que funda una leyenda | SECUENCIAS HIST\u00d3RICAS | HOJAS SUELTAS Peri\u00f3dico Cultural\",\"isPartOf\":{\"@id\":\"https:\\\/\\\/hojassueltas.es\\\/#website\"},\"primaryImageOfPage\":{\"@id\":\"https:\\\/\\\/hojassueltas.es\\\/?p=26754#primaryimage\"},\"image\":{\"@id\":\"https:\\\/\\\/hojassueltas.es\\\/?p=26754#primaryimage\"},\"thumbnailUrl\":\"https:\\\/\\\/hojassueltas.es\\\/wp-content\\\/uploads\\\/2026\\\/01\\\/SH-02_HS.png\",\"datePublished\":\"2026-01-31T22:00:13+00:00\",\"dateModified\":\"2026-02-14T09:01:28+00:00\",\"description\":\"SECUENCIAS HIST\u00d3RICAS : Un episodio hist\u00f3rico reescrito como repertorio moral. Su fuerza no proviene de la victoria, sino de la capacidad de una derrota para ser contada, apropiada y discutida durante siglos.\",\"breadcrumb\":{\"@id\":\"https:\\\/\\\/hojassueltas.es\\\/?p=26754#breadcrumb\"},\"inLanguage\":\"es\",\"potentialAction\":[{\"@type\":\"ReadAction\",\"target\":[\"https:\\\/\\\/hojassueltas.es\\\/?p=26754\"]}]},{\"@type\":\"ImageObject\",\"inLanguage\":\"es\",\"@id\":\"https:\\\/\\\/hojassueltas.es\\\/?p=26754#primaryimage\",\"url\":\"https:\\\/\\\/hojassueltas.es\\\/wp-content\\\/uploads\\\/2026\\\/01\\\/SH-02_HS.png\",\"contentUrl\":\"https:\\\/\\\/hojassueltas.es\\\/wp-content\\\/uploads\\\/2026\\\/01\\\/SH-02_HS.png\",\"width\":1920,\"height\":1280},{\"@type\":\"BreadcrumbList\",\"@id\":\"https:\\\/\\\/hojassueltas.es\\\/?p=26754#breadcrumb\",\"itemListElement\":[{\"@type\":\"ListItem\",\"position\":1,\"name\":\"Portada\",\"item\":\"https:\\\/\\\/hojassueltas.es\\\/\"},{\"@type\":\"ListItem\",\"position\":2,\"name\":\"Numancia: una derrota que funda una leyenda\"}]},{\"@type\":\"WebSite\",\"@id\":\"https:\\\/\\\/hojassueltas.es\\\/#website\",\"url\":\"https:\\\/\\\/hojassueltas.es\\\/\",\"name\":\"HojasSueltas.es\",\"description\":\"GRANADA - Peri\u00f3dico Cultural\",\"publisher\":{\"@id\":\"https:\\\/\\\/hojassueltas.es\\\/#organization\"},\"alternateName\":\"H.S. Periodico Cultural\",\"potentialAction\":[{\"@type\":\"SearchAction\",\"target\":{\"@type\":\"EntryPoint\",\"urlTemplate\":\"https:\\\/\\\/hojassueltas.es\\\/?s={search_term_string}\"},\"query-input\":{\"@type\":\"PropertyValueSpecification\",\"valueRequired\":true,\"valueName\":\"search_term_string\"}}],\"inLanguage\":\"es\"},{\"@type\":\"Organization\",\"@id\":\"https:\\\/\\\/hojassueltas.es\\\/#organization\",\"name\":\"HOJAS SUELTAS - Peri\u00f3dico Cultural\",\"alternateName\":\"HS - HOJAS SUELTAS Peri\u00f3dico Cultural\",\"url\":\"https:\\\/\\\/hojassueltas.es\\\/\",\"logo\":{\"@type\":\"ImageObject\",\"inLanguage\":\"es\",\"@id\":\"https:\\\/\\\/hojassueltas.es\\\/#\\\/schema\\\/logo\\\/image\\\/\",\"url\":\"https:\\\/\\\/hojassueltas.es\\\/wp-content\\\/uploads\\\/2025\\\/08\\\/Icono-HS_2.png\",\"contentUrl\":\"https:\\\/\\\/hojassueltas.es\\\/wp-content\\\/uploads\\\/2025\\\/08\\\/Icono-HS_2.png\",\"width\":500,\"height\":500,\"caption\":\"HOJAS SUELTAS - Peri\u00f3dico Cultural\"},\"image\":{\"@id\":\"https:\\\/\\\/hojassueltas.es\\\/#\\\/schema\\\/logo\\\/image\\\/\"},\"sameAs\":[\"https:\\\/\\\/x.com\\\/HOJASSUELTAS22\"]},{\"@type\":\"Person\",\"@id\":\"https:\\\/\\\/hojassueltas.es\\\/#\\\/schema\\\/person\\\/69b100dc9b45a00e61d055b63d4278e9\",\"name\":\"Valent\u00edn Castro\",\"image\":{\"@type\":\"ImageObject\",\"inLanguage\":\"es\",\"@id\":\"https:\\\/\\\/hojassueltas.es\\\/wp-content\\\/uploads\\\/2025\\\/11\\\/Valentin-Castro-2025-96x96.png\",\"url\":\"https:\\\/\\\/hojassueltas.es\\\/wp-content\\\/uploads\\\/2025\\\/11\\\/Valentin-Castro-2025-96x96.png\",\"contentUrl\":\"https:\\\/\\\/hojassueltas.es\\\/wp-content\\\/uploads\\\/2025\\\/11\\\/Valentin-Castro-2025-96x96.png\",\"caption\":\"Valent\u00edn Castro\"},\"description\":\"Naci\u00f3 en una aldea de A Coru\u00f1a. Emigra con sus padres a M\u00e9jico. Licenciado en Comunicaci\u00f3n y Periodismo por la Universidad Nacional Aut\u00f3noma de M\u00e9xico. Licenciado en Geograf\u00eda e Historia por la Universidad Complutense de Madrid. Vive en Madrid, publica art\u00edculos y ensayos en diversos medios de comunicaci\u00f3n mejicanos y espa\u00f1oles bajo varios seud\u00f3nimos. Actualmente prepara una saga con personajes nacidos durante la ocupaci\u00f3n de M\u00e9xico por Hern\u00e1n Cort\u00e9s. Sus art\u00edculos y ensayos son efectistas, en ocasiones c\u00e1ustico, y muy cr\u00edtico. ES Redactor Jefe de Hojas Sueltas, dedicando su tiempo libre a escribir art\u00edculos con especial dedicaci\u00f3n a la literatura y la historia.\",\"url\":\"https:\\\/\\\/hojassueltas.es\\\/?author=62\"}]}<\/script>\n<!-- \/ Yoast SEO plugin. -->","yoast_head_json":{"title":"Numancia: una derrota que funda una leyenda | SECUENCIAS HIST\u00d3RICAS | HOJAS SUELTAS Peri\u00f3dico Cultural","description":"SECUENCIAS HIST\u00d3RICAS : Un episodio hist\u00f3rico reescrito como repertorio moral. Su fuerza no proviene de la victoria, sino de la capacidad de una derrota para ser contada, apropiada y discutida durante siglos.","robots":{"index":"index","follow":"follow","max-snippet":"max-snippet:-1","max-image-preview":"max-image-preview:large","max-video-preview":"max-video-preview:-1"},"canonical":"https:\/\/hojassueltas.es\/?p=26754","og_locale":"es_ES","og_type":"article","og_title":"Numancia: una derrota que funda una leyenda | SECUENCIAS HIST\u00d3RICAS | HOJAS SUELTAS Peri\u00f3dico Cultural","og_description":"SECUENCIAS HIST\u00d3RICAS : Un episodio hist\u00f3rico reescrito como repertorio moral. Su fuerza no proviene de la victoria, sino de la capacidad de una derrota para ser contada, apropiada y discutida durante siglos.","og_url":"https:\/\/hojassueltas.es\/?p=26754","og_site_name":"HOJAS SUELTAS Peri\u00f3dico Cultural","article_published_time":"2026-01-31T22:00:13+00:00","article_modified_time":"2026-02-14T09:01:28+00:00","og_image":[{"width":915,"height":610,"url":"https:\/\/hojassueltas.es\/wp-content\/uploads\/2026\/01\/SH-02_HS-915x610.png","type":"image\/png"}],"author":"Valent\u00edn Castro","twitter_card":"summary_large_image","twitter_creator":"@HOJASSUELTAS22","twitter_site":"@HOJASSUELTAS22","twitter_misc":{"Escrito por":"Valent\u00edn Castro","Tiempo de lectura":"4 minutos"},"schema":{"@context":"https:\/\/schema.org","@graph":[{"@type":["Article","BlogPosting"],"@id":"https:\/\/hojassueltas.es\/?p=26754#article","isPartOf":{"@id":"https:\/\/hojassueltas.es\/?p=26754"},"author":{"name":"Valent\u00edn Castro","@id":"https:\/\/hojassueltas.es\/#\/schema\/person\/69b100dc9b45a00e61d055b63d4278e9"},"headline":"Numancia: una derrota que funda una leyenda","datePublished":"2026-01-31T22:00:13+00:00","dateModified":"2026-02-14T09:01:28+00:00","mainEntityOfPage":{"@id":"https:\/\/hojassueltas.es\/?p=26754"},"wordCount":818,"commentCount":0,"publisher":{"@id":"https:\/\/hojassueltas.es\/#organization"},"image":{"@id":"https:\/\/hojassueltas.es\/?p=26754#primaryimage"},"thumbnailUrl":"https:\/\/hojassueltas.es\/wp-content\/uploads\/2026\/01\/SH-02_HS.png","articleSection":["SECUENCIAS HIST\u00d3RICAS"],"inLanguage":"es","potentialAction":[{"@type":"CommentAction","name":"Comment","target":["https:\/\/hojassueltas.es\/?p=26754#respond"]}]},{"@type":"WebPage","@id":"https:\/\/hojassueltas.es\/?p=26754","url":"https:\/\/hojassueltas.es\/?p=26754","name":"Numancia: una derrota que funda una leyenda | SECUENCIAS HIST\u00d3RICAS | HOJAS SUELTAS Peri\u00f3dico Cultural","isPartOf":{"@id":"https:\/\/hojassueltas.es\/#website"},"primaryImageOfPage":{"@id":"https:\/\/hojassueltas.es\/?p=26754#primaryimage"},"image":{"@id":"https:\/\/hojassueltas.es\/?p=26754#primaryimage"},"thumbnailUrl":"https:\/\/hojassueltas.es\/wp-content\/uploads\/2026\/01\/SH-02_HS.png","datePublished":"2026-01-31T22:00:13+00:00","dateModified":"2026-02-14T09:01:28+00:00","description":"SECUENCIAS HIST\u00d3RICAS : Un episodio hist\u00f3rico reescrito como repertorio moral. Su fuerza no proviene de la victoria, sino de la capacidad de una derrota para ser contada, apropiada y discutida durante siglos.","breadcrumb":{"@id":"https:\/\/hojassueltas.es\/?p=26754#breadcrumb"},"inLanguage":"es","potentialAction":[{"@type":"ReadAction","target":["https:\/\/hojassueltas.es\/?p=26754"]}]},{"@type":"ImageObject","inLanguage":"es","@id":"https:\/\/hojassueltas.es\/?p=26754#primaryimage","url":"https:\/\/hojassueltas.es\/wp-content\/uploads\/2026\/01\/SH-02_HS.png","contentUrl":"https:\/\/hojassueltas.es\/wp-content\/uploads\/2026\/01\/SH-02_HS.png","width":1920,"height":1280},{"@type":"BreadcrumbList","@id":"https:\/\/hojassueltas.es\/?p=26754#breadcrumb","itemListElement":[{"@type":"ListItem","position":1,"name":"Portada","item":"https:\/\/hojassueltas.es\/"},{"@type":"ListItem","position":2,"name":"Numancia: una derrota que funda una leyenda"}]},{"@type":"WebSite","@id":"https:\/\/hojassueltas.es\/#website","url":"https:\/\/hojassueltas.es\/","name":"HojasSueltas.es","description":"GRANADA - Peri\u00f3dico Cultural","publisher":{"@id":"https:\/\/hojassueltas.es\/#organization"},"alternateName":"H.S. Periodico Cultural","potentialAction":[{"@type":"SearchAction","target":{"@type":"EntryPoint","urlTemplate":"https:\/\/hojassueltas.es\/?s={search_term_string}"},"query-input":{"@type":"PropertyValueSpecification","valueRequired":true,"valueName":"search_term_string"}}],"inLanguage":"es"},{"@type":"Organization","@id":"https:\/\/hojassueltas.es\/#organization","name":"HOJAS SUELTAS - Peri\u00f3dico Cultural","alternateName":"HS - HOJAS SUELTAS Peri\u00f3dico Cultural","url":"https:\/\/hojassueltas.es\/","logo":{"@type":"ImageObject","inLanguage":"es","@id":"https:\/\/hojassueltas.es\/#\/schema\/logo\/image\/","url":"https:\/\/hojassueltas.es\/wp-content\/uploads\/2025\/08\/Icono-HS_2.png","contentUrl":"https:\/\/hojassueltas.es\/wp-content\/uploads\/2025\/08\/Icono-HS_2.png","width":500,"height":500,"caption":"HOJAS SUELTAS - Peri\u00f3dico Cultural"},"image":{"@id":"https:\/\/hojassueltas.es\/#\/schema\/logo\/image\/"},"sameAs":["https:\/\/x.com\/HOJASSUELTAS22"]},{"@type":"Person","@id":"https:\/\/hojassueltas.es\/#\/schema\/person\/69b100dc9b45a00e61d055b63d4278e9","name":"Valent\u00edn Castro","image":{"@type":"ImageObject","inLanguage":"es","@id":"https:\/\/hojassueltas.es\/wp-content\/uploads\/2025\/11\/Valentin-Castro-2025-96x96.png","url":"https:\/\/hojassueltas.es\/wp-content\/uploads\/2025\/11\/Valentin-Castro-2025-96x96.png","contentUrl":"https:\/\/hojassueltas.es\/wp-content\/uploads\/2025\/11\/Valentin-Castro-2025-96x96.png","caption":"Valent\u00edn Castro"},"description":"Naci\u00f3 en una aldea de A Coru\u00f1a. Emigra con sus padres a M\u00e9jico. Licenciado en Comunicaci\u00f3n y Periodismo por la Universidad Nacional Aut\u00f3noma de M\u00e9xico. Licenciado en Geograf\u00eda e Historia por la Universidad Complutense de Madrid. Vive en Madrid, publica art\u00edculos y ensayos en diversos medios de comunicaci\u00f3n mejicanos y espa\u00f1oles bajo varios seud\u00f3nimos. Actualmente prepara una saga con personajes nacidos durante la ocupaci\u00f3n de M\u00e9xico por Hern\u00e1n Cort\u00e9s. Sus art\u00edculos y ensayos son efectistas, en ocasiones c\u00e1ustico, y muy cr\u00edtico. ES Redactor Jefe de Hojas Sueltas, dedicando su tiempo libre a escribir art\u00edculos con especial dedicaci\u00f3n a la literatura y la historia.","url":"https:\/\/hojassueltas.es\/?author=62"}]}},"_links":{"self":[{"href":"https:\/\/hojassueltas.es\/index.php?rest_route=\/wp\/v2\/posts\/26754","targetHints":{"allow":["GET"]}}],"collection":[{"href":"https:\/\/hojassueltas.es\/index.php?rest_route=\/wp\/v2\/posts"}],"about":[{"href":"https:\/\/hojassueltas.es\/index.php?rest_route=\/wp\/v2\/types\/post"}],"author":[{"embeddable":true,"href":"https:\/\/hojassueltas.es\/index.php?rest_route=\/wp\/v2\/users\/62"}],"replies":[{"embeddable":true,"href":"https:\/\/hojassueltas.es\/index.php?rest_route=%2Fwp%2Fv2%2Fcomments&post=26754"}],"version-history":[{"count":1,"href":"https:\/\/hojassueltas.es\/index.php?rest_route=\/wp\/v2\/posts\/26754\/revisions"}],"predecessor-version":[{"id":26756,"href":"https:\/\/hojassueltas.es\/index.php?rest_route=\/wp\/v2\/posts\/26754\/revisions\/26756"}],"wp:featuredmedia":[{"embeddable":true,"href":"https:\/\/hojassueltas.es\/index.php?rest_route=\/wp\/v2\/media\/26755"}],"wp:attachment":[{"href":"https:\/\/hojassueltas.es\/index.php?rest_route=%2Fwp%2Fv2%2Fmedia&parent=26754"}],"wp:term":[{"taxonomy":"category","embeddable":true,"href":"https:\/\/hojassueltas.es\/index.php?rest_route=%2Fwp%2Fv2%2Fcategories&post=26754"},{"taxonomy":"post_tag","embeddable":true,"href":"https:\/\/hojassueltas.es\/index.php?rest_route=%2Fwp%2Fv2%2Ftags&post=26754"}],"curies":[{"name":"wp","href":"https:\/\/api.w.org\/{rel}","templated":true}]}}