{"id":26405,"date":"2026-01-23T00:00:11","date_gmt":"2026-01-22T22:00:11","guid":{"rendered":"https:\/\/hojassueltas.es\/?p=26405"},"modified":"2026-02-14T13:03:04","modified_gmt":"2026-02-14T11:03:04","slug":"clavicula-de-marta-sanz","status":"publish","type":"post","link":"https:\/\/hojassueltas.es\/?p=26405","title":{"rendered":"Clav\u00edcula, de Marta Sanz"},"content":{"rendered":"<p>ATLAS LITERARIO: LITERATURA DEL SILENCIO<\/p>\n<p align=\"justify\"><span style=\"font-family: Cambria Math, serif;\"><span style=\"font-size: large;\"><strong>El silencio como est\u00e9tica:\u00a0<\/strong><\/span><\/span><span style=\"font-family: Cambria Math, serif;\"><span style=\"font-size: large;\"><strong>Decir lo justo. Callar como forma de belleza<\/strong><\/span><\/span><\/p>\n<hr \/>\n<p align=\"justify\"><span style=\"font-family: Cambria Math, serif;\"><span style=\"font-size: large;\"><strong>Espa\u00f1a contempor\u00e1nea<\/strong>: <em>Clav\u00edcula<\/em> \u2013 Marta Sanz (Anagrama, 2017).<\/span><\/span><\/p>\n<p align=\"justify\"><span style=\"font-family: Cambria Math, serif;\"><span style=\"font-size: large;\">En <em>Clav\u00edcula<\/em>, Marta Sanz ensaya una forma de escritura que no busca representar el dolor, sino medirlo. Medirlo en el sentido m\u00e1s material: sopesar su peso espec\u00edfico, registrar sus oscilaciones, describir el modo en que se instala en el cuerpo y contamina la percepci\u00f3n del mundo. Esa operaci\u00f3n, aparentemente \u00edntima, est\u00e1 atravesada por una pregunta pol\u00edtica y moral: qu\u00e9 hacemos con aquello que no se ve, con lo que no encaja en el relato social de la productividad, con lo que no puede convertirse en haza\u00f1a ni en ejemplo. En el marco de unas \u201cliteraturas del silencio\u201d, el libro se sit\u00faa en un territorio inc\u00f3modo: el del malestar persistente que no se deja narrar con la \u00e9pica de la enfermedad ni con el consuelo de una causa clara. Lo callado aqu\u00ed no es vac\u00edo; es fricci\u00f3n constante entre lenguaje y experiencia.<\/span><\/span><\/p>\n<p align=\"justify\"><span style=\"font-family: Cambria Math, serif;\"><span style=\"font-size: large;\">La voz de Sanz se construye desde una primera persona que desconf\u00eda de su propia centralidad. No se instala en la confidencia ni en el desahogo; m\u00e1s bien trabaja con una autoconsciencia que vigila la tentaci\u00f3n del dramatismo. Esa vigilancia no es un rasgo temperamental, sino un procedimiento formal: la frase se afila para no \u201cdecorar\u201d el sufrimiento, para evitar que el dolor se convierta en espect\u00e1culo o coartada. El resultado es una voz que se permite la vulnerabilidad sin entregarse a la autocompasi\u00f3n: una vulnerabilidad cr\u00edtica, que sabe que el relato del cuerpo puede ser, en manos ajenas, materia de consumo o de moralina. En esa tensi\u00f3n se cifra una \u00e9tica de la contenci\u00f3n: hablar, s\u00ed, pero sin reclamar el monopolio del sentido; escribir, s\u00ed, pero sin convertir la experiencia en mercanc\u00eda sentimental.<\/span><\/span><\/p>\n<p align=\"justify\"><span style=\"font-family: Cambria Math, serif;\"><span style=\"font-size: large;\">El libro opera por fragmentos, acumulaciones, series y retornos. M\u00e1s que progresar hacia una resoluci\u00f3n, insiste. Esa estructura de insistencia reproduce el tiempo del dolor cr\u00f3nico: un tiempo sin cl\u00edmax, sin \u201caprendizaje\u201d lineal, que desgasta por repetici\u00f3n. Frente a la narraci\u00f3n que avanza, <em>Clav\u00edcula<\/em> se afirma como una escritura que vuelve sobre sus pasos y reformula; que se interrumpe, se corrige y se contradice. Esa forma no es un capricho experimental: es el modo de no mentir. Si el dolor cr\u00f3nico impone un presente denso \u2014un presente que invade y reorganiza la vida\u2014, la estructura fragmentaria impide la ilusi\u00f3n de continuidad. El texto no \u201cexplica\u201d el dolor; lo rodea, lo escucha, lo pone en relaci\u00f3n con otras zonas de experiencia y deja que su opacidad permanezca.<\/span><\/span><\/p>\n<p align=\"justify\"><span style=\"font-family: Cambria Math, serif;\"><span style=\"font-size: large;\">En el lenguaje hay una deliberada econom\u00eda de efectos. La prosa de Sanz, precisa y cortante, trabaja con una atenci\u00f3n casi cl\u00ednica a los matices, pero reh\u00faye la neutralidad: la exactitud no elimina la emoci\u00f3n, la vuelve m\u00e1s inc\u00f3moda. Lo que aparece es un estilo que alterna registros \u2014del an\u00e1lisis a la iron\u00eda, de la anotaci\u00f3n casi dom\u00e9stica a la reflexi\u00f3n cultural\u2014 sin buscar armon\u00eda, como si el texto asumiera que la conciencia, bajo el dolor, se vuelve discontinua. Esa discontinuidad produce un tipo particular de silencio: no el silencio como omisi\u00f3n, sino como corte. El corte entre lo que puede decirse y lo que s\u00f3lo se bordea; entre la palabra y el s\u00edntoma; entre el relato p\u00fablico y la vivencia que no encuentra comunidad inmediata.<\/span><\/span><\/p>\n<p align=\"justify\"><span style=\"font-family: Cambria Math, serif;\"><span style=\"font-size: large;\">En esa frontera del cuerpo \u2014cuerpo como l\u00edmite, como territorio de disputa\u2014 se juega gran parte del libro. La clav\u00edcula funciona menos como s\u00edmbolo cerrado que como punto de localizaci\u00f3n: un lugar donde el malestar se concentra y, al concentrarse, obliga a pensar. La anatom\u00eda aqu\u00ed no es decorado: es pol\u00edtica de lo sensible. Porque el dolor no se vive en abstracto; se vive en un cuerpo sexado, situado, atravesado por expectativas y por discursos. Sanz escribe desde una tradici\u00f3n feminista que ha cuestionado la distribuci\u00f3n de lo decible: qu\u00e9 cuerpos son escuchados, qu\u00e9 dolencias se toman en serio, qu\u00e9 quejas se interpretan como exceso. Sin proclamas, <em>Clav\u00edcula<\/em> expone c\u00f3mo el silencio social se fabrica: a base de sospechas sobre la credibilidad de quien habla, de exigencias de entereza, de la obligaci\u00f3n de \u201cno molestar\u201d.<\/span><\/span><\/p>\n<p align=\"justify\"><span style=\"font-family: Cambria Math, serif;\"><span style=\"font-size: large;\">En el contexto de la narrativa espa\u00f1ola contempor\u00e1nea, el libro dialoga con la autoficci\u00f3n y con la escritura del yo, pero se distancia de sus versiones m\u00e1s complacientes. No hay aqu\u00ed una promesa de autenticidad como valor en s\u00ed, ni un narcisismo de la experiencia. La primera persona funciona como instrumento de indagaci\u00f3n y como campo de batalla: se interroga a s\u00ed misma, se acusa de privilegios, se mira desde fuera. Ese desplazamiento impide que el texto se cierre en la confesi\u00f3n. Adem\u00e1s, <em>Clav\u00edcula<\/em> participa de una l\u00ednea ensay\u00edstica que ha ido ganando peso en nuestra literatura reciente: una escritura h\u00edbrida que mezcla relato, reflexi\u00f3n y comentario cultural para pensar la vida cotidiana como lugar de conflicto. Sin embargo, lo decisivo es c\u00f3mo esa hibridez se pone al servicio de una po\u00e9tica del l\u00edmite: cuando el dolor se vuelve constante, el pensamiento no se eleva; se encarna.<\/span><\/span><\/p>\n<p align=\"justify\"><span style=\"font-family: Cambria Math, serif;\"><span style=\"font-size: large;\">Desde una perspectiva \u00e9tica, el libro plantea una pregunta sobre el derecho a hablar del sufrimiento y sobre los modos de hacerlo sin traicionar su complejidad. En las \u201cliteraturas del silencio\u201d, el silencio puede ser protesta, herida o estilo. En <em>Clav\u00edcula<\/em> es, sobre todo, resistencia a las formas narrativas que piden sentido inmediato. El texto se niega a ofrecer la comodidad del diagn\u00f3stico moral: ni culpables ni redenciones. Y esa negativa es tambi\u00e9n un gesto pol\u00edtico: frente a la cultura que demanda explicaciones r\u00e1pidas \u2014la causa, la soluci\u00f3n, la moraleja\u2014, Sanz defiende la zona gris donde la vida se sostiene sin promesa. El lector, entonces, no recibe una lecci\u00f3n; recibe una obligaci\u00f3n: ajustar su escucha, aceptar la incompletud, reconocer que hay experiencias que no se dejan domesticar por el relato.<\/span><\/span><\/p>\n<p align=\"justify\"><span style=\"font-family: Cambria Math, serif;\"><span style=\"font-size: large;\">La potencia de <em>Clav\u00edcula<\/em> reside en esa est\u00e9tica de lo medido: medir para no mentir, para no exagerar, para no convertir el dolor en ret\u00f3rica. Pero medir tambi\u00e9n para mostrar c\u00f3mo lo \u00edntimo se conecta con lo colectivo: el cuerpo como frontera entre lo visible y lo silenciado no es una met\u00e1fora; es un r\u00e9gimen de percepci\u00f3n. El libro nos recuerda que el silencio no es neutral: puede ser el efecto de la verg\u00fcenza, del cansancio, de la incredulidad ajena; puede ser una forma de cuidado; puede ser una respuesta a la violencia de la interpretaci\u00f3n. Al escribir desde esa ambivalencia, Sanz convierte el silencio en un material literario: una tensi\u00f3n que no se resuelve, una grieta que sostiene el texto.<\/span><\/span><\/p>\n<p align=\"justify\"><span style=\"font-family: Cambria Math, serif;\"><span style=\"font-size: large;\">Hip\u00f3tesis abierta: <em>Clav\u00edcula<\/em> podr\u00eda leerse como una po\u00e9tica del \u201cno cierre\u201d \u2014una escritura que, al renunciar a la explicaci\u00f3n y a la \u00e9pica, ensaya una forma de comunidad basada no en compartir respuestas, sino en aprender a convivir con lo que permanece sin nombre y, aun as\u00ed, insiste.<\/span><\/span><\/p>\n<p align=\"justify\">REDACCI\u00d3N<\/p>\n","protected":false},"excerpt":{"rendered":"<p>ATLAS LITERARIO: LITERATURA DEL SILENCIO El silencio como est\u00e9tica:\u00a0Decir lo justo. Callar como forma de belleza Espa\u00f1a contempor\u00e1nea: Clav\u00edcula \u2013 Marta Sanz (Anagrama, 2017). En Clav\u00edcula, Marta Sanz ensaya una forma de escritura que no busca representar el dolor, sino medirlo. Medirlo en el sentido m\u00e1s material: sopesar su peso espec\u00edfico, registrar sus oscilaciones, describir [&hellip;]<\/p>\n","protected":false},"author":96,"featured_media":26406,"comment_status":"open","ping_status":"closed","sticky":false,"template":"","format":"standard","meta":{"footnotes":""},"categories":[2789],"tags":[10,392],"class_list":{"0":"post-26405","1":"post","2":"type-post","3":"status-publish","4":"format-standard","5":"has-post-thumbnail","7":"category-literatura-del-silencio","8":"tag-anagrama-editorial","9":"tag-marta-sanz"},"yoast_head":"<!-- This site is optimized with the Yoast SEO plugin v27.5 - https:\/\/yoast.com\/product\/yoast-seo-wordpress\/ -->\n<title>Clav\u00edcula, de Marta Sanz | LITERATURA DEL SILENCIO | HOJAS SUELTAS Peri\u00f3dico Cultural<\/title>\n<meta name=\"description\" content=\"ATLAS LITERARIO-LITERARURA DEL SILENCIO= Clav\u00edcula podr\u00eda leerse como una po\u00e9tica del \u201cno cierre\u201d \u2014una escritura que, al renunciar a la explicaci\u00f3n y a la \u00e9pica, ensaya una forma de comunidad basada...\" \/>\n<meta name=\"robots\" content=\"index, follow, max-snippet:-1, max-image-preview:large, max-video-preview:-1\" \/>\n<link rel=\"canonical\" href=\"https:\/\/hojassueltas.es\/?p=26405\" \/>\n<meta property=\"og:locale\" content=\"es_ES\" \/>\n<meta property=\"og:type\" content=\"article\" \/>\n<meta property=\"og:title\" content=\"Clav\u00edcula, de Marta Sanz | LITERATURA DEL SILENCIO | HOJAS SUELTAS Peri\u00f3dico Cultural\" \/>\n<meta property=\"og:description\" content=\"ATLAS LITERARIO-LITERARURA DEL SILENCIO= Clav\u00edcula podr\u00eda leerse como una po\u00e9tica del \u201cno cierre\u201d \u2014una escritura que, al renunciar a la explicaci\u00f3n y a la \u00e9pica, ensaya una forma de comunidad basada...\" \/>\n<meta property=\"og:url\" content=\"https:\/\/hojassueltas.es\/?p=26405\" \/>\n<meta property=\"og:site_name\" content=\"HOJAS SUELTAS Peri\u00f3dico Cultural\" \/>\n<meta property=\"article:published_time\" content=\"2026-01-22T22:00:11+00:00\" \/>\n<meta property=\"article:modified_time\" content=\"2026-02-14T11:03:04+00:00\" \/>\n<meta property=\"og:image\" content=\"https:\/\/hojassueltas.es\/wp-content\/uploads\/2026\/01\/Clavicula_H.S.png\" \/>\n\t<meta property=\"og:image:width\" content=\"1050\" \/>\n\t<meta property=\"og:image:height\" content=\"610\" \/>\n\t<meta property=\"og:image:type\" content=\"image\/png\" \/>\n<meta name=\"author\" content=\"Punto y Seguido - Susana Di\u00e9guez\" \/>\n<meta name=\"twitter:card\" content=\"summary_large_image\" \/>\n<meta name=\"twitter:creator\" content=\"@HOJASSUELTAS22\" \/>\n<meta name=\"twitter:site\" content=\"@HOJASSUELTAS22\" \/>\n<meta name=\"twitter:label1\" content=\"Escrito por\" \/>\n\t<meta name=\"twitter:data1\" content=\"Punto y Seguido - Susana Di\u00e9guez\" \/>\n\t<meta name=\"twitter:label2\" content=\"Tiempo de lectura\" \/>\n\t<meta name=\"twitter:data2\" content=\"6 minutos\" \/>\n<script type=\"application\/ld+json\" class=\"yoast-schema-graph\">{\"@context\":\"https:\\\/\\\/schema.org\",\"@graph\":[{\"@type\":[\"Article\",\"BlogPosting\"],\"@id\":\"https:\\\/\\\/hojassueltas.es\\\/?p=26405#article\",\"isPartOf\":{\"@id\":\"https:\\\/\\\/hojassueltas.es\\\/?p=26405\"},\"author\":{\"name\":\"Punto y Seguido - Susana Di\u00e9guez\",\"@id\":\"https:\\\/\\\/hojassueltas.es\\\/#\\\/schema\\\/person\\\/0cc721d1681d3b691885d6bdbe2ad009\"},\"headline\":\"Clav\u00edcula, de Marta Sanz\",\"datePublished\":\"2026-01-22T22:00:11+00:00\",\"dateModified\":\"2026-02-14T11:03:04+00:00\",\"mainEntityOfPage\":{\"@id\":\"https:\\\/\\\/hojassueltas.es\\\/?p=26405\"},\"wordCount\":1239,\"commentCount\":0,\"publisher\":{\"@id\":\"https:\\\/\\\/hojassueltas.es\\\/#organization\"},\"image\":{\"@id\":\"https:\\\/\\\/hojassueltas.es\\\/?p=26405#primaryimage\"},\"thumbnailUrl\":\"https:\\\/\\\/hojassueltas.es\\\/wp-content\\\/uploads\\\/2026\\\/01\\\/Clavicula_H.S.png\",\"keywords\":[\"Anagrama Editorial\",\"Marta Sanz\"],\"articleSection\":[\"LITERATURA DEL SILENCIO\"],\"inLanguage\":\"es\",\"potentialAction\":[{\"@type\":\"CommentAction\",\"name\":\"Comment\",\"target\":[\"https:\\\/\\\/hojassueltas.es\\\/?p=26405#respond\"]}]},{\"@type\":\"WebPage\",\"@id\":\"https:\\\/\\\/hojassueltas.es\\\/?p=26405\",\"url\":\"https:\\\/\\\/hojassueltas.es\\\/?p=26405\",\"name\":\"Clav\u00edcula, de Marta Sanz | LITERATURA DEL SILENCIO | HOJAS SUELTAS Peri\u00f3dico Cultural\",\"isPartOf\":{\"@id\":\"https:\\\/\\\/hojassueltas.es\\\/#website\"},\"primaryImageOfPage\":{\"@id\":\"https:\\\/\\\/hojassueltas.es\\\/?p=26405#primaryimage\"},\"image\":{\"@id\":\"https:\\\/\\\/hojassueltas.es\\\/?p=26405#primaryimage\"},\"thumbnailUrl\":\"https:\\\/\\\/hojassueltas.es\\\/wp-content\\\/uploads\\\/2026\\\/01\\\/Clavicula_H.S.png\",\"datePublished\":\"2026-01-22T22:00:11+00:00\",\"dateModified\":\"2026-02-14T11:03:04+00:00\",\"description\":\"ATLAS LITERARIO-LITERARURA DEL SILENCIO= Clav\u00edcula podr\u00eda leerse como una po\u00e9tica del \u201cno cierre\u201d \u2014una escritura que, al renunciar a la explicaci\u00f3n y a la \u00e9pica, ensaya una forma de comunidad basada...\",\"breadcrumb\":{\"@id\":\"https:\\\/\\\/hojassueltas.es\\\/?p=26405#breadcrumb\"},\"inLanguage\":\"es\",\"potentialAction\":[{\"@type\":\"ReadAction\",\"target\":[\"https:\\\/\\\/hojassueltas.es\\\/?p=26405\"]}]},{\"@type\":\"ImageObject\",\"inLanguage\":\"es\",\"@id\":\"https:\\\/\\\/hojassueltas.es\\\/?p=26405#primaryimage\",\"url\":\"https:\\\/\\\/hojassueltas.es\\\/wp-content\\\/uploads\\\/2026\\\/01\\\/Clavicula_H.S.png\",\"contentUrl\":\"https:\\\/\\\/hojassueltas.es\\\/wp-content\\\/uploads\\\/2026\\\/01\\\/Clavicula_H.S.png\",\"width\":1050,\"height\":610},{\"@type\":\"BreadcrumbList\",\"@id\":\"https:\\\/\\\/hojassueltas.es\\\/?p=26405#breadcrumb\",\"itemListElement\":[{\"@type\":\"ListItem\",\"position\":1,\"name\":\"Portada\",\"item\":\"https:\\\/\\\/hojassueltas.es\\\/\"},{\"@type\":\"ListItem\",\"position\":2,\"name\":\"Clav\u00edcula, de Marta Sanz\"}]},{\"@type\":\"WebSite\",\"@id\":\"https:\\\/\\\/hojassueltas.es\\\/#website\",\"url\":\"https:\\\/\\\/hojassueltas.es\\\/\",\"name\":\"HojasSueltas.es\",\"description\":\"GRANADA - Peri\u00f3dico Cultural\",\"publisher\":{\"@id\":\"https:\\\/\\\/hojassueltas.es\\\/#organization\"},\"alternateName\":\"H.S. Periodico Cultural\",\"potentialAction\":[{\"@type\":\"SearchAction\",\"target\":{\"@type\":\"EntryPoint\",\"urlTemplate\":\"https:\\\/\\\/hojassueltas.es\\\/?s={search_term_string}\"},\"query-input\":{\"@type\":\"PropertyValueSpecification\",\"valueRequired\":true,\"valueName\":\"search_term_string\"}}],\"inLanguage\":\"es\"},{\"@type\":\"Organization\",\"@id\":\"https:\\\/\\\/hojassueltas.es\\\/#organization\",\"name\":\"HOJAS SUELTAS - Peri\u00f3dico Cultural\",\"alternateName\":\"HS - HOJAS SUELTAS Peri\u00f3dico Cultural\",\"url\":\"https:\\\/\\\/hojassueltas.es\\\/\",\"logo\":{\"@type\":\"ImageObject\",\"inLanguage\":\"es\",\"@id\":\"https:\\\/\\\/hojassueltas.es\\\/#\\\/schema\\\/logo\\\/image\\\/\",\"url\":\"https:\\\/\\\/hojassueltas.es\\\/wp-content\\\/uploads\\\/2025\\\/08\\\/Icono-HS_2.png\",\"contentUrl\":\"https:\\\/\\\/hojassueltas.es\\\/wp-content\\\/uploads\\\/2025\\\/08\\\/Icono-HS_2.png\",\"width\":500,\"height\":500,\"caption\":\"HOJAS SUELTAS - Peri\u00f3dico Cultural\"},\"image\":{\"@id\":\"https:\\\/\\\/hojassueltas.es\\\/#\\\/schema\\\/logo\\\/image\\\/\"},\"sameAs\":[\"https:\\\/\\\/x.com\\\/HOJASSUELTAS22\"]},{\"@type\":\"Person\",\"@id\":\"https:\\\/\\\/hojassueltas.es\\\/#\\\/schema\\\/person\\\/0cc721d1681d3b691885d6bdbe2ad009\",\"name\":\"Punto y Seguido - Susana Di\u00e9guez\",\"image\":{\"@type\":\"ImageObject\",\"inLanguage\":\"es\",\"@id\":\"https:\\\/\\\/hojassueltas.es\\\/wp-content\\\/uploads\\\/2026\\\/02\\\/Retrato-familiar-en-casa-de-Susana-96x96.png\",\"url\":\"https:\\\/\\\/hojassueltas.es\\\/wp-content\\\/uploads\\\/2026\\\/02\\\/Retrato-familiar-en-casa-de-Susana-96x96.png\",\"contentUrl\":\"https:\\\/\\\/hojassueltas.es\\\/wp-content\\\/uploads\\\/2026\\\/02\\\/Retrato-familiar-en-casa-de-Susana-96x96.png\",\"caption\":\"Punto y Seguido - Susana Di\u00e9guez\"},\"url\":\"https:\\\/\\\/hojassueltas.es\\\/?author=96\"}]}<\/script>\n<!-- \/ Yoast SEO plugin. -->","yoast_head_json":{"title":"Clav\u00edcula, de Marta Sanz | LITERATURA DEL SILENCIO | HOJAS SUELTAS Peri\u00f3dico Cultural","description":"ATLAS LITERARIO-LITERARURA DEL SILENCIO= Clav\u00edcula podr\u00eda leerse como una po\u00e9tica del \u201cno cierre\u201d \u2014una escritura que, al renunciar a la explicaci\u00f3n y a la \u00e9pica, ensaya una forma de comunidad basada...","robots":{"index":"index","follow":"follow","max-snippet":"max-snippet:-1","max-image-preview":"max-image-preview:large","max-video-preview":"max-video-preview:-1"},"canonical":"https:\/\/hojassueltas.es\/?p=26405","og_locale":"es_ES","og_type":"article","og_title":"Clav\u00edcula, de Marta Sanz | LITERATURA DEL SILENCIO | HOJAS SUELTAS Peri\u00f3dico Cultural","og_description":"ATLAS LITERARIO-LITERARURA DEL SILENCIO= Clav\u00edcula podr\u00eda leerse como una po\u00e9tica del \u201cno cierre\u201d \u2014una escritura que, al renunciar a la explicaci\u00f3n y a la \u00e9pica, ensaya una forma de comunidad basada...","og_url":"https:\/\/hojassueltas.es\/?p=26405","og_site_name":"HOJAS SUELTAS Peri\u00f3dico Cultural","article_published_time":"2026-01-22T22:00:11+00:00","article_modified_time":"2026-02-14T11:03:04+00:00","og_image":[{"width":1050,"height":610,"url":"https:\/\/hojassueltas.es\/wp-content\/uploads\/2026\/01\/Clavicula_H.S.png","type":"image\/png"}],"author":"Punto y Seguido - Susana Di\u00e9guez","twitter_card":"summary_large_image","twitter_creator":"@HOJASSUELTAS22","twitter_site":"@HOJASSUELTAS22","twitter_misc":{"Escrito por":"Punto y Seguido - Susana Di\u00e9guez","Tiempo de lectura":"6 minutos"},"schema":{"@context":"https:\/\/schema.org","@graph":[{"@type":["Article","BlogPosting"],"@id":"https:\/\/hojassueltas.es\/?p=26405#article","isPartOf":{"@id":"https:\/\/hojassueltas.es\/?p=26405"},"author":{"name":"Punto y Seguido - Susana Di\u00e9guez","@id":"https:\/\/hojassueltas.es\/#\/schema\/person\/0cc721d1681d3b691885d6bdbe2ad009"},"headline":"Clav\u00edcula, de Marta Sanz","datePublished":"2026-01-22T22:00:11+00:00","dateModified":"2026-02-14T11:03:04+00:00","mainEntityOfPage":{"@id":"https:\/\/hojassueltas.es\/?p=26405"},"wordCount":1239,"commentCount":0,"publisher":{"@id":"https:\/\/hojassueltas.es\/#organization"},"image":{"@id":"https:\/\/hojassueltas.es\/?p=26405#primaryimage"},"thumbnailUrl":"https:\/\/hojassueltas.es\/wp-content\/uploads\/2026\/01\/Clavicula_H.S.png","keywords":["Anagrama Editorial","Marta Sanz"],"articleSection":["LITERATURA DEL SILENCIO"],"inLanguage":"es","potentialAction":[{"@type":"CommentAction","name":"Comment","target":["https:\/\/hojassueltas.es\/?p=26405#respond"]}]},{"@type":"WebPage","@id":"https:\/\/hojassueltas.es\/?p=26405","url":"https:\/\/hojassueltas.es\/?p=26405","name":"Clav\u00edcula, de Marta Sanz | LITERATURA DEL SILENCIO | HOJAS SUELTAS Peri\u00f3dico Cultural","isPartOf":{"@id":"https:\/\/hojassueltas.es\/#website"},"primaryImageOfPage":{"@id":"https:\/\/hojassueltas.es\/?p=26405#primaryimage"},"image":{"@id":"https:\/\/hojassueltas.es\/?p=26405#primaryimage"},"thumbnailUrl":"https:\/\/hojassueltas.es\/wp-content\/uploads\/2026\/01\/Clavicula_H.S.png","datePublished":"2026-01-22T22:00:11+00:00","dateModified":"2026-02-14T11:03:04+00:00","description":"ATLAS LITERARIO-LITERARURA DEL SILENCIO= Clav\u00edcula podr\u00eda leerse como una po\u00e9tica del \u201cno cierre\u201d \u2014una escritura que, al renunciar a la explicaci\u00f3n y a la \u00e9pica, ensaya una forma de comunidad basada...","breadcrumb":{"@id":"https:\/\/hojassueltas.es\/?p=26405#breadcrumb"},"inLanguage":"es","potentialAction":[{"@type":"ReadAction","target":["https:\/\/hojassueltas.es\/?p=26405"]}]},{"@type":"ImageObject","inLanguage":"es","@id":"https:\/\/hojassueltas.es\/?p=26405#primaryimage","url":"https:\/\/hojassueltas.es\/wp-content\/uploads\/2026\/01\/Clavicula_H.S.png","contentUrl":"https:\/\/hojassueltas.es\/wp-content\/uploads\/2026\/01\/Clavicula_H.S.png","width":1050,"height":610},{"@type":"BreadcrumbList","@id":"https:\/\/hojassueltas.es\/?p=26405#breadcrumb","itemListElement":[{"@type":"ListItem","position":1,"name":"Portada","item":"https:\/\/hojassueltas.es\/"},{"@type":"ListItem","position":2,"name":"Clav\u00edcula, de Marta Sanz"}]},{"@type":"WebSite","@id":"https:\/\/hojassueltas.es\/#website","url":"https:\/\/hojassueltas.es\/","name":"HojasSueltas.es","description":"GRANADA - Peri\u00f3dico Cultural","publisher":{"@id":"https:\/\/hojassueltas.es\/#organization"},"alternateName":"H.S. Periodico Cultural","potentialAction":[{"@type":"SearchAction","target":{"@type":"EntryPoint","urlTemplate":"https:\/\/hojassueltas.es\/?s={search_term_string}"},"query-input":{"@type":"PropertyValueSpecification","valueRequired":true,"valueName":"search_term_string"}}],"inLanguage":"es"},{"@type":"Organization","@id":"https:\/\/hojassueltas.es\/#organization","name":"HOJAS SUELTAS - Peri\u00f3dico Cultural","alternateName":"HS - HOJAS SUELTAS Peri\u00f3dico Cultural","url":"https:\/\/hojassueltas.es\/","logo":{"@type":"ImageObject","inLanguage":"es","@id":"https:\/\/hojassueltas.es\/#\/schema\/logo\/image\/","url":"https:\/\/hojassueltas.es\/wp-content\/uploads\/2025\/08\/Icono-HS_2.png","contentUrl":"https:\/\/hojassueltas.es\/wp-content\/uploads\/2025\/08\/Icono-HS_2.png","width":500,"height":500,"caption":"HOJAS SUELTAS - Peri\u00f3dico Cultural"},"image":{"@id":"https:\/\/hojassueltas.es\/#\/schema\/logo\/image\/"},"sameAs":["https:\/\/x.com\/HOJASSUELTAS22"]},{"@type":"Person","@id":"https:\/\/hojassueltas.es\/#\/schema\/person\/0cc721d1681d3b691885d6bdbe2ad009","name":"Punto y Seguido - Susana Di\u00e9guez","image":{"@type":"ImageObject","inLanguage":"es","@id":"https:\/\/hojassueltas.es\/wp-content\/uploads\/2026\/02\/Retrato-familiar-en-casa-de-Susana-96x96.png","url":"https:\/\/hojassueltas.es\/wp-content\/uploads\/2026\/02\/Retrato-familiar-en-casa-de-Susana-96x96.png","contentUrl":"https:\/\/hojassueltas.es\/wp-content\/uploads\/2026\/02\/Retrato-familiar-en-casa-de-Susana-96x96.png","caption":"Punto y Seguido - Susana Di\u00e9guez"},"url":"https:\/\/hojassueltas.es\/?author=96"}]}},"_links":{"self":[{"href":"https:\/\/hojassueltas.es\/index.php?rest_route=\/wp\/v2\/posts\/26405","targetHints":{"allow":["GET"]}}],"collection":[{"href":"https:\/\/hojassueltas.es\/index.php?rest_route=\/wp\/v2\/posts"}],"about":[{"href":"https:\/\/hojassueltas.es\/index.php?rest_route=\/wp\/v2\/types\/post"}],"author":[{"embeddable":true,"href":"https:\/\/hojassueltas.es\/index.php?rest_route=\/wp\/v2\/users\/96"}],"replies":[{"embeddable":true,"href":"https:\/\/hojassueltas.es\/index.php?rest_route=%2Fwp%2Fv2%2Fcomments&post=26405"}],"version-history":[{"count":2,"href":"https:\/\/hojassueltas.es\/index.php?rest_route=\/wp\/v2\/posts\/26405\/revisions"}],"predecessor-version":[{"id":26408,"href":"https:\/\/hojassueltas.es\/index.php?rest_route=\/wp\/v2\/posts\/26405\/revisions\/26408"}],"wp:featuredmedia":[{"embeddable":true,"href":"https:\/\/hojassueltas.es\/index.php?rest_route=\/wp\/v2\/media\/26406"}],"wp:attachment":[{"href":"https:\/\/hojassueltas.es\/index.php?rest_route=%2Fwp%2Fv2%2Fmedia&parent=26405"}],"wp:term":[{"taxonomy":"category","embeddable":true,"href":"https:\/\/hojassueltas.es\/index.php?rest_route=%2Fwp%2Fv2%2Fcategories&post=26405"},{"taxonomy":"post_tag","embeddable":true,"href":"https:\/\/hojassueltas.es\/index.php?rest_route=%2Fwp%2Fv2%2Ftags&post=26405"}],"curies":[{"name":"wp","href":"https:\/\/api.w.org\/{rel}","templated":true}]}}