{"id":26191,"date":"2026-01-18T00:00:43","date_gmt":"2026-01-17T22:00:43","guid":{"rendered":"https:\/\/hojassueltas.es\/?p=26191"},"modified":"2026-02-14T11:02:39","modified_gmt":"2026-02-14T09:02:39","slug":"el-regreso-de-los-exiliados-de-elisabeth-de-waal","status":"publish","type":"post","link":"https:\/\/hojassueltas.es\/?p=26191","title":{"rendered":"El regreso de los exiliados, de Elisabeth de Waal"},"content":{"rendered":"<p><strong>\u00a9 LIBROS DEL ASTEROIDE<\/strong><\/p>\n<p style=\"text-align: justify;\"><span style=\"font-size: 16px;\">A comienzos de los a\u00f1os cincuenta, Viena, una ciudad en ruinas tras la segunda guerra mundial, se ha convertido en un lugar extra\u00f1o en cuyas calles se cruzan personas que buscan recomponer los fragmentos de una existencia destrozada por la contienda con otras que no han salido tan mal paradas. A esta ciudad que se levanta penosamente de sus cenizas empiezan tambi\u00e9n a regresar los exiliados, como Kuno Adler, un cient\u00edfico jud\u00edo; el oportunista Theophil Kanakis; Marie-Theres, una melanc\u00f3lica adolescente, o Nina y Lorenzo Grein, dos hermanos arist\u00f3cratas arruinados. Con una precisi\u00f3n y sensibilidad exquisitas, De Waal construye una v\u00edvida historia de posguerra, y retrata una Viena degradada por la violencia que intenta recobrar su identidad. Fascinante y tr\u00e1gica, <i>El regreso de los exiliados <\/i>es un artefacto que captura un momento de la historia de forma tan n\u00edtida y atemporal como una fotograf\u00eda. <\/span><\/p>\n<p><span style=\"font-size: 16px;\">El hallazgo del manuscrito de esta novela y su publicaci\u00f3n en 2013, veintid\u00f3s a\u00f1os despu\u00e9s de la muerte de su autora, supuso una restituci\u00f3n necesaria: la de una voz literaria destinada a ocupar un lugar propio en la memoria de la posguerra europea, que hoy podemos disfrutar por primera vez en espa\u00f1ol.<\/span><\/p>\n<p><a href=\"https:\/\/librosdelasteroide.com\/autor\/elisabeth-de-waal\"><span style=\"color: #008000;\"><strong>&gt;&gt;Sobre la autora<\/strong><\/span><\/a><\/p>\n","protected":false},"excerpt":{"rendered":"<p>\u00a9 LIBROS DEL ASTEROIDE A comienzos de los a\u00f1os cincuenta, Viena, una ciudad en ruinas tras la segunda guerra mundial, se ha convertido en un lugar extra\u00f1o en cuyas calles se cruzan personas que buscan recomponer los fragmentos de una existencia destrozada por la contienda con otras que no han salido tan mal paradas. A [&hellip;]<\/p>\n","protected":false},"author":93,"featured_media":26192,"comment_status":"open","ping_status":"closed","sticky":false,"template":"","format":"standard","meta":{"footnotes":""},"categories":[2508],"tags":[2809,789],"class_list":{"0":"post-26191","1":"post","2":"type-post","3":"status-publish","4":"format-standard","5":"has-post-thumbnail","7":"category-novedad-editorial","8":"tag-elisabeth-de-waal","9":"tag-libros-del-asteroide"},"yoast_head":"<!-- This site is optimized with the Yoast SEO plugin v27.5 - https:\/\/yoast.com\/product\/yoast-seo-wordpress\/ -->\n<title>El regreso de los exiliados, de Elisabeth de Waal | HOJAS SUELTAS Peri\u00f3dico Cultural<\/title>\n<meta name=\"description\" content=\"NOVEDAD de LIBROS DEL ASTEROIDE = El descubrimiento internacional de una gran obra in\u00e9dita. Ambientada en la decadente Viena de posguerra, una novela sobre el desarraigo, la culpa y la identidad.\" \/>\n<meta name=\"robots\" content=\"index, follow, max-snippet:-1, max-image-preview:large, max-video-preview:-1\" \/>\n<link rel=\"canonical\" href=\"https:\/\/hojassueltas.es\/?p=26191\" \/>\n<meta property=\"og:locale\" content=\"es_ES\" \/>\n<meta property=\"og:type\" content=\"article\" \/>\n<meta property=\"og:title\" content=\"El regreso de los exiliados, de Elisabeth de Waal | HOJAS SUELTAS Peri\u00f3dico Cultural\" \/>\n<meta property=\"og:description\" content=\"NOVEDAD de LIBROS DEL ASTEROIDE = El descubrimiento internacional de una gran obra in\u00e9dita. Ambientada en la decadente Viena de posguerra, una novela sobre el desarraigo, la culpa y la identidad.\" \/>\n<meta property=\"og:url\" content=\"https:\/\/hojassueltas.es\/?p=26191\" \/>\n<meta property=\"og:site_name\" content=\"HOJAS SUELTAS Peri\u00f3dico Cultural\" \/>\n<meta property=\"article:published_time\" content=\"2026-01-17T22:00:43+00:00\" \/>\n<meta property=\"article:modified_time\" content=\"2026-02-14T09:02:39+00:00\" \/>\n<meta property=\"og:image\" content=\"https:\/\/hojassueltas.es\/wp-content\/uploads\/2026\/01\/El-regreso-de-los-exiliados_H.S.png\" \/>\n\t<meta property=\"og:image:width\" content=\"1920\" \/>\n\t<meta property=\"og:image:height\" content=\"1200\" \/>\n\t<meta property=\"og:image:type\" content=\"image\/png\" \/>\n<meta name=\"author\" content=\"Punto y Seguido - Beatriz Caso\" \/>\n<meta name=\"twitter:card\" content=\"summary_large_image\" \/>\n<meta name=\"twitter:creator\" content=\"@HOJASSUELTAS22\" \/>\n<meta name=\"twitter:site\" content=\"@HOJASSUELTAS22\" \/>\n<meta name=\"twitter:label1\" content=\"Escrito por\" \/>\n\t<meta name=\"twitter:data1\" content=\"Punto y Seguido - Beatriz Caso\" \/>\n\t<meta name=\"twitter:label2\" content=\"Tiempo de lectura\" \/>\n\t<meta name=\"twitter:data2\" content=\"2 minutos\" \/>\n<script type=\"application\/ld+json\" class=\"yoast-schema-graph\">{\"@context\":\"https:\\\/\\\/schema.org\",\"@graph\":[{\"@type\":[\"Article\",\"BlogPosting\"],\"@id\":\"https:\\\/\\\/hojassueltas.es\\\/?p=26191#article\",\"isPartOf\":{\"@id\":\"https:\\\/\\\/hojassueltas.es\\\/?p=26191\"},\"author\":{\"name\":\"Punto y Seguido - Beatriz Caso\",\"@id\":\"https:\\\/\\\/hojassueltas.es\\\/#\\\/schema\\\/person\\\/500f1cca52bc1720f164f55c1b4b616e\"},\"headline\":\"El regreso de los exiliados, de Elisabeth de Waal\",\"datePublished\":\"2026-01-17T22:00:43+00:00\",\"dateModified\":\"2026-02-14T09:02:39+00:00\",\"mainEntityOfPage\":{\"@id\":\"https:\\\/\\\/hojassueltas.es\\\/?p=26191\"},\"wordCount\":229,\"commentCount\":0,\"publisher\":{\"@id\":\"https:\\\/\\\/hojassueltas.es\\\/#organization\"},\"image\":{\"@id\":\"https:\\\/\\\/hojassueltas.es\\\/?p=26191#primaryimage\"},\"thumbnailUrl\":\"https:\\\/\\\/hojassueltas.es\\\/wp-content\\\/uploads\\\/2026\\\/01\\\/El-regreso-de-los-exiliados_H.S.png\",\"keywords\":[\"Elisabeth de Waal\",\"Libros del Asteroide\"],\"articleSection\":[\"NOVEDAD EDITORIAL\"],\"inLanguage\":\"es\",\"potentialAction\":[{\"@type\":\"CommentAction\",\"name\":\"Comment\",\"target\":[\"https:\\\/\\\/hojassueltas.es\\\/?p=26191#respond\"]}]},{\"@type\":\"WebPage\",\"@id\":\"https:\\\/\\\/hojassueltas.es\\\/?p=26191\",\"url\":\"https:\\\/\\\/hojassueltas.es\\\/?p=26191\",\"name\":\"El regreso de los exiliados, de Elisabeth de Waal | HOJAS SUELTAS Peri\u00f3dico Cultural\",\"isPartOf\":{\"@id\":\"https:\\\/\\\/hojassueltas.es\\\/#website\"},\"primaryImageOfPage\":{\"@id\":\"https:\\\/\\\/hojassueltas.es\\\/?p=26191#primaryimage\"},\"image\":{\"@id\":\"https:\\\/\\\/hojassueltas.es\\\/?p=26191#primaryimage\"},\"thumbnailUrl\":\"https:\\\/\\\/hojassueltas.es\\\/wp-content\\\/uploads\\\/2026\\\/01\\\/El-regreso-de-los-exiliados_H.S.png\",\"datePublished\":\"2026-01-17T22:00:43+00:00\",\"dateModified\":\"2026-02-14T09:02:39+00:00\",\"description\":\"NOVEDAD de LIBROS DEL ASTEROIDE = El descubrimiento internacional de una gran obra in\u00e9dita. Ambientada en la decadente Viena de posguerra, una novela sobre el desarraigo, la culpa y la identidad.\",\"breadcrumb\":{\"@id\":\"https:\\\/\\\/hojassueltas.es\\\/?p=26191#breadcrumb\"},\"inLanguage\":\"es\",\"potentialAction\":[{\"@type\":\"ReadAction\",\"target\":[\"https:\\\/\\\/hojassueltas.es\\\/?p=26191\"]}]},{\"@type\":\"ImageObject\",\"inLanguage\":\"es\",\"@id\":\"https:\\\/\\\/hojassueltas.es\\\/?p=26191#primaryimage\",\"url\":\"https:\\\/\\\/hojassueltas.es\\\/wp-content\\\/uploads\\\/2026\\\/01\\\/El-regreso-de-los-exiliados_H.S.png\",\"contentUrl\":\"https:\\\/\\\/hojassueltas.es\\\/wp-content\\\/uploads\\\/2026\\\/01\\\/El-regreso-de-los-exiliados_H.S.png\",\"width\":1920,\"height\":1200},{\"@type\":\"BreadcrumbList\",\"@id\":\"https:\\\/\\\/hojassueltas.es\\\/?p=26191#breadcrumb\",\"itemListElement\":[{\"@type\":\"ListItem\",\"position\":1,\"name\":\"Portada\",\"item\":\"https:\\\/\\\/hojassueltas.es\\\/\"},{\"@type\":\"ListItem\",\"position\":2,\"name\":\"El regreso de los exiliados, de Elisabeth de Waal\"}]},{\"@type\":\"WebSite\",\"@id\":\"https:\\\/\\\/hojassueltas.es\\\/#website\",\"url\":\"https:\\\/\\\/hojassueltas.es\\\/\",\"name\":\"HojasSueltas.es\",\"description\":\"GRANADA - Peri\u00f3dico Cultural\",\"publisher\":{\"@id\":\"https:\\\/\\\/hojassueltas.es\\\/#organization\"},\"alternateName\":\"H.S. Periodico Cultural\",\"potentialAction\":[{\"@type\":\"SearchAction\",\"target\":{\"@type\":\"EntryPoint\",\"urlTemplate\":\"https:\\\/\\\/hojassueltas.es\\\/?s={search_term_string}\"},\"query-input\":{\"@type\":\"PropertyValueSpecification\",\"valueRequired\":true,\"valueName\":\"search_term_string\"}}],\"inLanguage\":\"es\"},{\"@type\":\"Organization\",\"@id\":\"https:\\\/\\\/hojassueltas.es\\\/#organization\",\"name\":\"HOJAS SUELTAS - Peri\u00f3dico Cultural\",\"alternateName\":\"HS - HOJAS SUELTAS Peri\u00f3dico Cultural\",\"url\":\"https:\\\/\\\/hojassueltas.es\\\/\",\"logo\":{\"@type\":\"ImageObject\",\"inLanguage\":\"es\",\"@id\":\"https:\\\/\\\/hojassueltas.es\\\/#\\\/schema\\\/logo\\\/image\\\/\",\"url\":\"https:\\\/\\\/hojassueltas.es\\\/wp-content\\\/uploads\\\/2025\\\/08\\\/Icono-HS_2.png\",\"contentUrl\":\"https:\\\/\\\/hojassueltas.es\\\/wp-content\\\/uploads\\\/2025\\\/08\\\/Icono-HS_2.png\",\"width\":500,\"height\":500,\"caption\":\"HOJAS SUELTAS - Peri\u00f3dico Cultural\"},\"image\":{\"@id\":\"https:\\\/\\\/hojassueltas.es\\\/#\\\/schema\\\/logo\\\/image\\\/\"},\"sameAs\":[\"https:\\\/\\\/x.com\\\/HOJASSUELTAS22\"]},{\"@type\":\"Person\",\"@id\":\"https:\\\/\\\/hojassueltas.es\\\/#\\\/schema\\\/person\\\/500f1cca52bc1720f164f55c1b4b616e\",\"name\":\"Punto y Seguido - Beatriz Caso\",\"image\":{\"@type\":\"ImageObject\",\"inLanguage\":\"es\",\"@id\":\"https:\\\/\\\/hojassueltas.es\\\/wp-content\\\/uploads\\\/2026\\\/02\\\/Beatriz-Caso_2-96x96.png\",\"url\":\"https:\\\/\\\/hojassueltas.es\\\/wp-content\\\/uploads\\\/2026\\\/02\\\/Beatriz-Caso_2-96x96.png\",\"contentUrl\":\"https:\\\/\\\/hojassueltas.es\\\/wp-content\\\/uploads\\\/2026\\\/02\\\/Beatriz-Caso_2-96x96.png\",\"caption\":\"Punto y Seguido - Beatriz Caso\"},\"description\":\"Leonesa. Bibliotecaria. Master en Bibliotecoeconom\u00eda. Prefiere mantener oculta su dedicaci\u00f3n profesional actual, raz\u00f3n por la que usa el seud\u00f3nimo con que firma sus trabajos en Hojas Sueltas dentro del equipo Punto y Seguido.\",\"url\":\"https:\\\/\\\/hojassueltas.es\\\/?author=93\"}]}<\/script>\n<!-- \/ Yoast SEO plugin. -->","yoast_head_json":{"title":"El regreso de los exiliados, de Elisabeth de Waal | HOJAS SUELTAS Peri\u00f3dico Cultural","description":"NOVEDAD de LIBROS DEL ASTEROIDE = El descubrimiento internacional de una gran obra in\u00e9dita. Ambientada en la decadente Viena de posguerra, una novela sobre el desarraigo, la culpa y la identidad.","robots":{"index":"index","follow":"follow","max-snippet":"max-snippet:-1","max-image-preview":"max-image-preview:large","max-video-preview":"max-video-preview:-1"},"canonical":"https:\/\/hojassueltas.es\/?p=26191","og_locale":"es_ES","og_type":"article","og_title":"El regreso de los exiliados, de Elisabeth de Waal | HOJAS SUELTAS Peri\u00f3dico Cultural","og_description":"NOVEDAD de LIBROS DEL ASTEROIDE = El descubrimiento internacional de una gran obra in\u00e9dita. Ambientada en la decadente Viena de posguerra, una novela sobre el desarraigo, la culpa y la identidad.","og_url":"https:\/\/hojassueltas.es\/?p=26191","og_site_name":"HOJAS SUELTAS Peri\u00f3dico Cultural","article_published_time":"2026-01-17T22:00:43+00:00","article_modified_time":"2026-02-14T09:02:39+00:00","og_image":[{"width":1920,"height":1200,"url":"https:\/\/hojassueltas.es\/wp-content\/uploads\/2026\/01\/El-regreso-de-los-exiliados_H.S.png","type":"image\/png"}],"author":"Punto y Seguido - Beatriz Caso","twitter_card":"summary_large_image","twitter_creator":"@HOJASSUELTAS22","twitter_site":"@HOJASSUELTAS22","twitter_misc":{"Escrito por":"Punto y Seguido - Beatriz Caso","Tiempo de lectura":"2 minutos"},"schema":{"@context":"https:\/\/schema.org","@graph":[{"@type":["Article","BlogPosting"],"@id":"https:\/\/hojassueltas.es\/?p=26191#article","isPartOf":{"@id":"https:\/\/hojassueltas.es\/?p=26191"},"author":{"name":"Punto y Seguido - Beatriz Caso","@id":"https:\/\/hojassueltas.es\/#\/schema\/person\/500f1cca52bc1720f164f55c1b4b616e"},"headline":"El regreso de los exiliados, de Elisabeth de Waal","datePublished":"2026-01-17T22:00:43+00:00","dateModified":"2026-02-14T09:02:39+00:00","mainEntityOfPage":{"@id":"https:\/\/hojassueltas.es\/?p=26191"},"wordCount":229,"commentCount":0,"publisher":{"@id":"https:\/\/hojassueltas.es\/#organization"},"image":{"@id":"https:\/\/hojassueltas.es\/?p=26191#primaryimage"},"thumbnailUrl":"https:\/\/hojassueltas.es\/wp-content\/uploads\/2026\/01\/El-regreso-de-los-exiliados_H.S.png","keywords":["Elisabeth de Waal","Libros del Asteroide"],"articleSection":["NOVEDAD EDITORIAL"],"inLanguage":"es","potentialAction":[{"@type":"CommentAction","name":"Comment","target":["https:\/\/hojassueltas.es\/?p=26191#respond"]}]},{"@type":"WebPage","@id":"https:\/\/hojassueltas.es\/?p=26191","url":"https:\/\/hojassueltas.es\/?p=26191","name":"El regreso de los exiliados, de Elisabeth de Waal | HOJAS SUELTAS Peri\u00f3dico Cultural","isPartOf":{"@id":"https:\/\/hojassueltas.es\/#website"},"primaryImageOfPage":{"@id":"https:\/\/hojassueltas.es\/?p=26191#primaryimage"},"image":{"@id":"https:\/\/hojassueltas.es\/?p=26191#primaryimage"},"thumbnailUrl":"https:\/\/hojassueltas.es\/wp-content\/uploads\/2026\/01\/El-regreso-de-los-exiliados_H.S.png","datePublished":"2026-01-17T22:00:43+00:00","dateModified":"2026-02-14T09:02:39+00:00","description":"NOVEDAD de LIBROS DEL ASTEROIDE = El descubrimiento internacional de una gran obra in\u00e9dita. Ambientada en la decadente Viena de posguerra, una novela sobre el desarraigo, la culpa y la identidad.","breadcrumb":{"@id":"https:\/\/hojassueltas.es\/?p=26191#breadcrumb"},"inLanguage":"es","potentialAction":[{"@type":"ReadAction","target":["https:\/\/hojassueltas.es\/?p=26191"]}]},{"@type":"ImageObject","inLanguage":"es","@id":"https:\/\/hojassueltas.es\/?p=26191#primaryimage","url":"https:\/\/hojassueltas.es\/wp-content\/uploads\/2026\/01\/El-regreso-de-los-exiliados_H.S.png","contentUrl":"https:\/\/hojassueltas.es\/wp-content\/uploads\/2026\/01\/El-regreso-de-los-exiliados_H.S.png","width":1920,"height":1200},{"@type":"BreadcrumbList","@id":"https:\/\/hojassueltas.es\/?p=26191#breadcrumb","itemListElement":[{"@type":"ListItem","position":1,"name":"Portada","item":"https:\/\/hojassueltas.es\/"},{"@type":"ListItem","position":2,"name":"El regreso de los exiliados, de Elisabeth de Waal"}]},{"@type":"WebSite","@id":"https:\/\/hojassueltas.es\/#website","url":"https:\/\/hojassueltas.es\/","name":"HojasSueltas.es","description":"GRANADA - Peri\u00f3dico Cultural","publisher":{"@id":"https:\/\/hojassueltas.es\/#organization"},"alternateName":"H.S. Periodico Cultural","potentialAction":[{"@type":"SearchAction","target":{"@type":"EntryPoint","urlTemplate":"https:\/\/hojassueltas.es\/?s={search_term_string}"},"query-input":{"@type":"PropertyValueSpecification","valueRequired":true,"valueName":"search_term_string"}}],"inLanguage":"es"},{"@type":"Organization","@id":"https:\/\/hojassueltas.es\/#organization","name":"HOJAS SUELTAS - Peri\u00f3dico Cultural","alternateName":"HS - HOJAS SUELTAS Peri\u00f3dico Cultural","url":"https:\/\/hojassueltas.es\/","logo":{"@type":"ImageObject","inLanguage":"es","@id":"https:\/\/hojassueltas.es\/#\/schema\/logo\/image\/","url":"https:\/\/hojassueltas.es\/wp-content\/uploads\/2025\/08\/Icono-HS_2.png","contentUrl":"https:\/\/hojassueltas.es\/wp-content\/uploads\/2025\/08\/Icono-HS_2.png","width":500,"height":500,"caption":"HOJAS SUELTAS - Peri\u00f3dico Cultural"},"image":{"@id":"https:\/\/hojassueltas.es\/#\/schema\/logo\/image\/"},"sameAs":["https:\/\/x.com\/HOJASSUELTAS22"]},{"@type":"Person","@id":"https:\/\/hojassueltas.es\/#\/schema\/person\/500f1cca52bc1720f164f55c1b4b616e","name":"Punto y Seguido - Beatriz Caso","image":{"@type":"ImageObject","inLanguage":"es","@id":"https:\/\/hojassueltas.es\/wp-content\/uploads\/2026\/02\/Beatriz-Caso_2-96x96.png","url":"https:\/\/hojassueltas.es\/wp-content\/uploads\/2026\/02\/Beatriz-Caso_2-96x96.png","contentUrl":"https:\/\/hojassueltas.es\/wp-content\/uploads\/2026\/02\/Beatriz-Caso_2-96x96.png","caption":"Punto y Seguido - Beatriz Caso"},"description":"Leonesa. Bibliotecaria. Master en Bibliotecoeconom\u00eda. Prefiere mantener oculta su dedicaci\u00f3n profesional actual, raz\u00f3n por la que usa el seud\u00f3nimo con que firma sus trabajos en Hojas Sueltas dentro del equipo Punto y Seguido.","url":"https:\/\/hojassueltas.es\/?author=93"}]}},"_links":{"self":[{"href":"https:\/\/hojassueltas.es\/index.php?rest_route=\/wp\/v2\/posts\/26191","targetHints":{"allow":["GET"]}}],"collection":[{"href":"https:\/\/hojassueltas.es\/index.php?rest_route=\/wp\/v2\/posts"}],"about":[{"href":"https:\/\/hojassueltas.es\/index.php?rest_route=\/wp\/v2\/types\/post"}],"author":[{"embeddable":true,"href":"https:\/\/hojassueltas.es\/index.php?rest_route=\/wp\/v2\/users\/93"}],"replies":[{"embeddable":true,"href":"https:\/\/hojassueltas.es\/index.php?rest_route=%2Fwp%2Fv2%2Fcomments&post=26191"}],"version-history":[{"count":1,"href":"https:\/\/hojassueltas.es\/index.php?rest_route=\/wp\/v2\/posts\/26191\/revisions"}],"predecessor-version":[{"id":26193,"href":"https:\/\/hojassueltas.es\/index.php?rest_route=\/wp\/v2\/posts\/26191\/revisions\/26193"}],"wp:featuredmedia":[{"embeddable":true,"href":"https:\/\/hojassueltas.es\/index.php?rest_route=\/wp\/v2\/media\/26192"}],"wp:attachment":[{"href":"https:\/\/hojassueltas.es\/index.php?rest_route=%2Fwp%2Fv2%2Fmedia&parent=26191"}],"wp:term":[{"taxonomy":"category","embeddable":true,"href":"https:\/\/hojassueltas.es\/index.php?rest_route=%2Fwp%2Fv2%2Fcategories&post=26191"},{"taxonomy":"post_tag","embeddable":true,"href":"https:\/\/hojassueltas.es\/index.php?rest_route=%2Fwp%2Fv2%2Ftags&post=26191"}],"curies":[{"name":"wp","href":"https:\/\/api.w.org\/{rel}","templated":true}]}}