{"id":26079,"date":"2026-01-09T00:00:58","date_gmt":"2026-01-08T22:00:58","guid":{"rendered":"https:\/\/hojassueltas.es\/?p=26079"},"modified":"2026-01-08T10:00:10","modified_gmt":"2026-01-08T08:00:10","slug":"ariadna-y-barbazul-de-paul-dukas","status":"publish","type":"post","link":"https:\/\/hojassueltas.es\/?p=26079","title":{"rendered":"Ariadna y Barbazul, de Paul Dukas"},"content":{"rendered":"<p><strong>\u00a9 Teatro Real &#8211; Madrid<\/strong><\/p>\n<div class=\"wrap-text-free collapsible-mobile\">\n<p>El Teatro Real presenta, despu\u00e9s de 113 a\u00f1os, <em>Ariane et Barbe-Bleue<\/em>. La \u00f3pera del compositor impresionista Paul Dukas est\u00e1 basada en el c\u00e9lebre cuento de Charles Perrault \u2013al igual que <em>El castillo de Barbazul<\/em>&#8211; y contar\u00e1 con direcci\u00f3n esc\u00e9nica de \u00c0lex Oll\u00e9 (La Fura dels Baus). Una cautivadora producci\u00f3n que cuestiona las percepciones de la libertad y voluntad individual con talentos como Paula Murrihy o Silvia Tro Santaf\u00e9 en el reparto. Cuento musical en tres actos<\/p>\n<p><strong>M\u00fasica <\/strong>de\u00a0Paul Dukas (1865-1935)<\/p>\n<p><strong>Libreto<\/strong> de\u00a0Maurice Maeterlinck, basado en el cuento de <em>La Barbe bleu<\/em> (1697) de Charles Perrault<\/p>\n<p>Estrenada en la Op\u00e9ra-Comique de Paris el 10 de mayo de 1907<\/p>\n<p>Estrenada en el Teatro Real\u00a0el 15 de febrero de 1913<\/p>\n<p>Nueva producci\u00f3n del Teatro Real, en coproducci\u00f3n con la Op\u00e9ra national de Lyon<\/p>\n<p class=\"text-red\"><strong>Equipo art\u00edstico<\/strong><\/p>\n<p><strong>Direcci\u00f3n musical<\/strong>: Pinchas Steinberg<\/p>\n<p><strong>Direcci\u00f3n de escena<\/strong>: \u00c0lex Oll\u00e9<\/p>\n<p><strong>Escenograf\u00eda<\/strong>: Alfons Flores<\/p>\n<p><strong>Vestuario<\/strong>: Josep Abril Janer<\/p>\n<p><strong>Iluminaci\u00f3n<\/strong>: Urs Sch\u00f6nebaum<\/p>\n<p><strong>Direcci\u00f3n del coro<\/strong>: Jos\u00e9 Luis Basso<\/p>\n<p>&nbsp;<\/p>\n<p class=\"text-red\"><strong>Reparto\u00a0<\/strong><\/p>\n<p><strong>Barbazul:\u00a0<\/strong>Gianluca Buratto<\/p>\n<p><strong>Ariadna:\u00a0<\/strong>Paula Murrihy<\/p>\n<p><strong>El aya:\u00a0<\/strong>Silvia Tro Santaf\u00e9<\/p>\n<p><strong>S\u00e9lysette:\u00a0<\/strong>Aude Extr\u00e9mo<\/p>\n<p><strong>Ygraine:\u00a0<\/strong>Jaquelina Livieri<\/p>\n<p><strong>M\u00e9lisande:\u00a0<\/strong>Maria Mir\u00f3<\/p>\n<p><strong>Bellang\u00e8re:\u00a0<\/strong>Ren\u00e9e Rapier<\/p>\n<p><strong>Un campesino anciano:\u00a0<\/strong>Luis L\u00f3pez Navarro<\/p>\n<p><strong>Orquesta y Coro Titulares del Teatro Real<\/strong><\/p>\n<\/div>\n","protected":false},"excerpt":{"rendered":"<p>\u00a9 Teatro Real &#8211; Madrid El Teatro Real presenta, despu\u00e9s de 113 a\u00f1os, Ariane et Barbe-Bleue. La \u00f3pera del compositor impresionista Paul Dukas est\u00e1 basada en el c\u00e9lebre cuento de Charles Perrault \u2013al igual que El castillo de Barbazul&#8211; y contar\u00e1 con direcci\u00f3n esc\u00e9nica de \u00c0lex Oll\u00e9 (La Fura dels Baus). Una cautivadora producci\u00f3n que [&hellip;]<\/p>\n","protected":false},"author":1,"featured_media":26080,"comment_status":"open","ping_status":"closed","sticky":false,"template":"","format":"standard","meta":{"footnotes":""},"categories":[2619],"tags":[],"class_list":{"0":"post-26079","1":"post","2":"type-post","3":"status-publish","4":"format-standard","5":"has-post-thumbnail","7":"category-opera"},"yoast_head":"<!-- This site is optimized with the Yoast SEO plugin v27.4 - https:\/\/yoast.com\/product\/yoast-seo-wordpress\/ -->\n<title>Ariadna y Barbazul, de Paul Dukas | \u00d3pera | HOJAS SUELTAS Peri\u00f3dico Cultural<\/title>\n<meta name=\"description\" content=\"PANORAMA CULTURAL - \u00f3PERA (Teatro Real de Madrid) El Teatro Real presenta, despu\u00e9s de 113 a\u00f1os, Ariane et Barbe-Bleue. La \u00f3pera del compositor impresionista Paul Dukas est\u00e1 basada en el c\u00e9lebre cuento de Charles Perrault \u2013al igual que El castillo de Barbazul-\" \/>\n<meta name=\"robots\" content=\"index, follow, max-snippet:-1, max-image-preview:large, max-video-preview:-1\" \/>\n<link rel=\"canonical\" href=\"https:\/\/hojassueltas.es\/?p=26079\" \/>\n<meta property=\"og:locale\" content=\"es_ES\" \/>\n<meta property=\"og:type\" content=\"article\" \/>\n<meta property=\"og:title\" content=\"Ariadna y Barbazul, de Paul Dukas | \u00d3pera | HOJAS SUELTAS Peri\u00f3dico Cultural\" \/>\n<meta property=\"og:description\" content=\"PANORAMA CULTURAL - \u00f3PERA (Teatro Real de Madrid) El Teatro Real presenta, despu\u00e9s de 113 a\u00f1os, Ariane et Barbe-Bleue. La \u00f3pera del compositor impresionista Paul Dukas est\u00e1 basada en el c\u00e9lebre cuento de Charles Perrault \u2013al igual que El castillo de Barbazul-\" \/>\n<meta property=\"og:url\" content=\"https:\/\/hojassueltas.es\/?p=26079\" \/>\n<meta property=\"og:site_name\" content=\"HOJAS SUELTAS Peri\u00f3dico Cultural\" \/>\n<meta property=\"article:published_time\" content=\"2026-01-08T22:00:58+00:00\" \/>\n<meta property=\"og:image\" content=\"https:\/\/hojassueltas.es\/wp-content\/uploads\/2026\/01\/opera-madrid_HS-915x610.png\" \/>\n\t<meta property=\"og:image:width\" content=\"915\" \/>\n\t<meta property=\"og:image:height\" content=\"610\" \/>\n\t<meta property=\"og:image:type\" content=\"image\/png\" \/>\n<meta name=\"author\" content=\"Redacci\u00f3n\" \/>\n<meta name=\"twitter:card\" content=\"summary_large_image\" \/>\n<meta name=\"twitter:creator\" content=\"@HOJASSUELTAS22\" \/>\n<meta name=\"twitter:site\" content=\"@HOJASSUELTAS22\" \/>\n<meta name=\"twitter:label1\" content=\"Escrito por\" \/>\n\t<meta name=\"twitter:data1\" content=\"Redacci\u00f3n\" \/>\n\t<meta name=\"twitter:label2\" content=\"Tiempo de lectura\" \/>\n\t<meta name=\"twitter:data2\" content=\"2 minutos\" \/>\n<script type=\"application\/ld+json\" class=\"yoast-schema-graph\">{\"@context\":\"https:\\\/\\\/schema.org\",\"@graph\":[{\"@type\":[\"Article\",\"BlogPosting\"],\"@id\":\"https:\\\/\\\/hojassueltas.es\\\/?p=26079#article\",\"isPartOf\":{\"@id\":\"https:\\\/\\\/hojassueltas.es\\\/?p=26079\"},\"author\":{\"name\":\"Redacci\u00f3n\",\"@id\":\"https:\\\/\\\/hojassueltas.es\\\/#\\\/schema\\\/person\\\/f232bbdb834c61c90aff2245daa401c0\"},\"headline\":\"Ariadna y Barbazul, de Paul Dukas\",\"datePublished\":\"2026-01-08T22:00:58+00:00\",\"mainEntityOfPage\":{\"@id\":\"https:\\\/\\\/hojassueltas.es\\\/?p=26079\"},\"wordCount\":226,\"commentCount\":0,\"publisher\":{\"@id\":\"https:\\\/\\\/hojassueltas.es\\\/#organization\"},\"image\":{\"@id\":\"https:\\\/\\\/hojassueltas.es\\\/?p=26079#primaryimage\"},\"thumbnailUrl\":\"https:\\\/\\\/hojassueltas.es\\\/wp-content\\\/uploads\\\/2026\\\/01\\\/opera-madrid_HS.png\",\"articleSection\":[\"\u00d3pera\"],\"inLanguage\":\"es\",\"potentialAction\":[{\"@type\":\"CommentAction\",\"name\":\"Comment\",\"target\":[\"https:\\\/\\\/hojassueltas.es\\\/?p=26079#respond\"]}]},{\"@type\":\"WebPage\",\"@id\":\"https:\\\/\\\/hojassueltas.es\\\/?p=26079\",\"url\":\"https:\\\/\\\/hojassueltas.es\\\/?p=26079\",\"name\":\"Ariadna y Barbazul, de Paul Dukas | \u00d3pera | HOJAS SUELTAS Peri\u00f3dico Cultural\",\"isPartOf\":{\"@id\":\"https:\\\/\\\/hojassueltas.es\\\/#website\"},\"primaryImageOfPage\":{\"@id\":\"https:\\\/\\\/hojassueltas.es\\\/?p=26079#primaryimage\"},\"image\":{\"@id\":\"https:\\\/\\\/hojassueltas.es\\\/?p=26079#primaryimage\"},\"thumbnailUrl\":\"https:\\\/\\\/hojassueltas.es\\\/wp-content\\\/uploads\\\/2026\\\/01\\\/opera-madrid_HS.png\",\"datePublished\":\"2026-01-08T22:00:58+00:00\",\"description\":\"PANORAMA CULTURAL - \u00f3PERA (Teatro Real de Madrid) El Teatro Real presenta, despu\u00e9s de 113 a\u00f1os, Ariane et Barbe-Bleue. La \u00f3pera del compositor impresionista Paul Dukas est\u00e1 basada en el c\u00e9lebre cuento de Charles Perrault \u2013al igual que El castillo de Barbazul-\",\"breadcrumb\":{\"@id\":\"https:\\\/\\\/hojassueltas.es\\\/?p=26079#breadcrumb\"},\"inLanguage\":\"es\",\"potentialAction\":[{\"@type\":\"ReadAction\",\"target\":[\"https:\\\/\\\/hojassueltas.es\\\/?p=26079\"]}]},{\"@type\":\"ImageObject\",\"inLanguage\":\"es\",\"@id\":\"https:\\\/\\\/hojassueltas.es\\\/?p=26079#primaryimage\",\"url\":\"https:\\\/\\\/hojassueltas.es\\\/wp-content\\\/uploads\\\/2026\\\/01\\\/opera-madrid_HS.png\",\"contentUrl\":\"https:\\\/\\\/hojassueltas.es\\\/wp-content\\\/uploads\\\/2026\\\/01\\\/opera-madrid_HS.png\",\"width\":1920,\"height\":1280},{\"@type\":\"BreadcrumbList\",\"@id\":\"https:\\\/\\\/hojassueltas.es\\\/?p=26079#breadcrumb\",\"itemListElement\":[{\"@type\":\"ListItem\",\"position\":1,\"name\":\"Portada\",\"item\":\"https:\\\/\\\/hojassueltas.es\\\/\"},{\"@type\":\"ListItem\",\"position\":2,\"name\":\"Ariadna y Barbazul, de Paul Dukas\"}]},{\"@type\":\"WebSite\",\"@id\":\"https:\\\/\\\/hojassueltas.es\\\/#website\",\"url\":\"https:\\\/\\\/hojassueltas.es\\\/\",\"name\":\"HojasSueltas.es\",\"description\":\"GRANADA - Peri\u00f3dico Cultural\",\"publisher\":{\"@id\":\"https:\\\/\\\/hojassueltas.es\\\/#organization\"},\"alternateName\":\"H.S. Periodico Cultural\",\"potentialAction\":[{\"@type\":\"SearchAction\",\"target\":{\"@type\":\"EntryPoint\",\"urlTemplate\":\"https:\\\/\\\/hojassueltas.es\\\/?s={search_term_string}\"},\"query-input\":{\"@type\":\"PropertyValueSpecification\",\"valueRequired\":true,\"valueName\":\"search_term_string\"}}],\"inLanguage\":\"es\"},{\"@type\":\"Organization\",\"@id\":\"https:\\\/\\\/hojassueltas.es\\\/#organization\",\"name\":\"HOJAS SUELTAS - Peri\u00f3dico Cultural\",\"alternateName\":\"HS - HOJAS SUELTAS Peri\u00f3dico Cultural\",\"url\":\"https:\\\/\\\/hojassueltas.es\\\/\",\"logo\":{\"@type\":\"ImageObject\",\"inLanguage\":\"es\",\"@id\":\"https:\\\/\\\/hojassueltas.es\\\/#\\\/schema\\\/logo\\\/image\\\/\",\"url\":\"https:\\\/\\\/hojassueltas.es\\\/wp-content\\\/uploads\\\/2025\\\/08\\\/Icono-HS_2.png\",\"contentUrl\":\"https:\\\/\\\/hojassueltas.es\\\/wp-content\\\/uploads\\\/2025\\\/08\\\/Icono-HS_2.png\",\"width\":500,\"height\":500,\"caption\":\"HOJAS SUELTAS - Peri\u00f3dico Cultural\"},\"image\":{\"@id\":\"https:\\\/\\\/hojassueltas.es\\\/#\\\/schema\\\/logo\\\/image\\\/\"},\"sameAs\":[\"https:\\\/\\\/x.com\\\/HOJASSUELTAS22\"]},{\"@type\":\"Person\",\"@id\":\"https:\\\/\\\/hojassueltas.es\\\/#\\\/schema\\\/person\\\/f232bbdb834c61c90aff2245daa401c0\",\"name\":\"Redacci\u00f3n\",\"image\":{\"@type\":\"ImageObject\",\"inLanguage\":\"es\",\"@id\":\"https:\\\/\\\/hojassueltas.es\\\/wp-content\\\/uploads\\\/2026\\\/02\\\/Redaccion-2-96x96.png\",\"url\":\"https:\\\/\\\/hojassueltas.es\\\/wp-content\\\/uploads\\\/2026\\\/02\\\/Redaccion-2-96x96.png\",\"contentUrl\":\"https:\\\/\\\/hojassueltas.es\\\/wp-content\\\/uploads\\\/2026\\\/02\\\/Redaccion-2-96x96.png\",\"caption\":\"Redacci\u00f3n\"},\"description\":\"Redacci\u00f3n de HOJAS SUELTAS\",\"url\":\"https:\\\/\\\/hojassueltas.es\\\/?author=1\"}]}<\/script>\n<!-- \/ Yoast SEO plugin. -->","yoast_head_json":{"title":"Ariadna y Barbazul, de Paul Dukas | \u00d3pera | HOJAS SUELTAS Peri\u00f3dico Cultural","description":"PANORAMA CULTURAL - \u00f3PERA (Teatro Real de Madrid) El Teatro Real presenta, despu\u00e9s de 113 a\u00f1os, Ariane et Barbe-Bleue. La \u00f3pera del compositor impresionista Paul Dukas est\u00e1 basada en el c\u00e9lebre cuento de Charles Perrault \u2013al igual que El castillo de Barbazul-","robots":{"index":"index","follow":"follow","max-snippet":"max-snippet:-1","max-image-preview":"max-image-preview:large","max-video-preview":"max-video-preview:-1"},"canonical":"https:\/\/hojassueltas.es\/?p=26079","og_locale":"es_ES","og_type":"article","og_title":"Ariadna y Barbazul, de Paul Dukas | \u00d3pera | HOJAS SUELTAS Peri\u00f3dico Cultural","og_description":"PANORAMA CULTURAL - \u00f3PERA (Teatro Real de Madrid) El Teatro Real presenta, despu\u00e9s de 113 a\u00f1os, Ariane et Barbe-Bleue. La \u00f3pera del compositor impresionista Paul Dukas est\u00e1 basada en el c\u00e9lebre cuento de Charles Perrault \u2013al igual que El castillo de Barbazul-","og_url":"https:\/\/hojassueltas.es\/?p=26079","og_site_name":"HOJAS SUELTAS Peri\u00f3dico Cultural","article_published_time":"2026-01-08T22:00:58+00:00","og_image":[{"width":915,"height":610,"url":"https:\/\/hojassueltas.es\/wp-content\/uploads\/2026\/01\/opera-madrid_HS-915x610.png","type":"image\/png"}],"author":"Redacci\u00f3n","twitter_card":"summary_large_image","twitter_creator":"@HOJASSUELTAS22","twitter_site":"@HOJASSUELTAS22","twitter_misc":{"Escrito por":"Redacci\u00f3n","Tiempo de lectura":"2 minutos"},"schema":{"@context":"https:\/\/schema.org","@graph":[{"@type":["Article","BlogPosting"],"@id":"https:\/\/hojassueltas.es\/?p=26079#article","isPartOf":{"@id":"https:\/\/hojassueltas.es\/?p=26079"},"author":{"name":"Redacci\u00f3n","@id":"https:\/\/hojassueltas.es\/#\/schema\/person\/f232bbdb834c61c90aff2245daa401c0"},"headline":"Ariadna y Barbazul, de Paul Dukas","datePublished":"2026-01-08T22:00:58+00:00","mainEntityOfPage":{"@id":"https:\/\/hojassueltas.es\/?p=26079"},"wordCount":226,"commentCount":0,"publisher":{"@id":"https:\/\/hojassueltas.es\/#organization"},"image":{"@id":"https:\/\/hojassueltas.es\/?p=26079#primaryimage"},"thumbnailUrl":"https:\/\/hojassueltas.es\/wp-content\/uploads\/2026\/01\/opera-madrid_HS.png","articleSection":["\u00d3pera"],"inLanguage":"es","potentialAction":[{"@type":"CommentAction","name":"Comment","target":["https:\/\/hojassueltas.es\/?p=26079#respond"]}]},{"@type":"WebPage","@id":"https:\/\/hojassueltas.es\/?p=26079","url":"https:\/\/hojassueltas.es\/?p=26079","name":"Ariadna y Barbazul, de Paul Dukas | \u00d3pera | HOJAS SUELTAS Peri\u00f3dico Cultural","isPartOf":{"@id":"https:\/\/hojassueltas.es\/#website"},"primaryImageOfPage":{"@id":"https:\/\/hojassueltas.es\/?p=26079#primaryimage"},"image":{"@id":"https:\/\/hojassueltas.es\/?p=26079#primaryimage"},"thumbnailUrl":"https:\/\/hojassueltas.es\/wp-content\/uploads\/2026\/01\/opera-madrid_HS.png","datePublished":"2026-01-08T22:00:58+00:00","description":"PANORAMA CULTURAL - \u00f3PERA (Teatro Real de Madrid) El Teatro Real presenta, despu\u00e9s de 113 a\u00f1os, Ariane et Barbe-Bleue. La \u00f3pera del compositor impresionista Paul Dukas est\u00e1 basada en el c\u00e9lebre cuento de Charles Perrault \u2013al igual que El castillo de Barbazul-","breadcrumb":{"@id":"https:\/\/hojassueltas.es\/?p=26079#breadcrumb"},"inLanguage":"es","potentialAction":[{"@type":"ReadAction","target":["https:\/\/hojassueltas.es\/?p=26079"]}]},{"@type":"ImageObject","inLanguage":"es","@id":"https:\/\/hojassueltas.es\/?p=26079#primaryimage","url":"https:\/\/hojassueltas.es\/wp-content\/uploads\/2026\/01\/opera-madrid_HS.png","contentUrl":"https:\/\/hojassueltas.es\/wp-content\/uploads\/2026\/01\/opera-madrid_HS.png","width":1920,"height":1280},{"@type":"BreadcrumbList","@id":"https:\/\/hojassueltas.es\/?p=26079#breadcrumb","itemListElement":[{"@type":"ListItem","position":1,"name":"Portada","item":"https:\/\/hojassueltas.es\/"},{"@type":"ListItem","position":2,"name":"Ariadna y Barbazul, de Paul Dukas"}]},{"@type":"WebSite","@id":"https:\/\/hojassueltas.es\/#website","url":"https:\/\/hojassueltas.es\/","name":"HojasSueltas.es","description":"GRANADA - Peri\u00f3dico Cultural","publisher":{"@id":"https:\/\/hojassueltas.es\/#organization"},"alternateName":"H.S. Periodico Cultural","potentialAction":[{"@type":"SearchAction","target":{"@type":"EntryPoint","urlTemplate":"https:\/\/hojassueltas.es\/?s={search_term_string}"},"query-input":{"@type":"PropertyValueSpecification","valueRequired":true,"valueName":"search_term_string"}}],"inLanguage":"es"},{"@type":"Organization","@id":"https:\/\/hojassueltas.es\/#organization","name":"HOJAS SUELTAS - Peri\u00f3dico Cultural","alternateName":"HS - HOJAS SUELTAS Peri\u00f3dico Cultural","url":"https:\/\/hojassueltas.es\/","logo":{"@type":"ImageObject","inLanguage":"es","@id":"https:\/\/hojassueltas.es\/#\/schema\/logo\/image\/","url":"https:\/\/hojassueltas.es\/wp-content\/uploads\/2025\/08\/Icono-HS_2.png","contentUrl":"https:\/\/hojassueltas.es\/wp-content\/uploads\/2025\/08\/Icono-HS_2.png","width":500,"height":500,"caption":"HOJAS SUELTAS - Peri\u00f3dico Cultural"},"image":{"@id":"https:\/\/hojassueltas.es\/#\/schema\/logo\/image\/"},"sameAs":["https:\/\/x.com\/HOJASSUELTAS22"]},{"@type":"Person","@id":"https:\/\/hojassueltas.es\/#\/schema\/person\/f232bbdb834c61c90aff2245daa401c0","name":"Redacci\u00f3n","image":{"@type":"ImageObject","inLanguage":"es","@id":"https:\/\/hojassueltas.es\/wp-content\/uploads\/2026\/02\/Redaccion-2-96x96.png","url":"https:\/\/hojassueltas.es\/wp-content\/uploads\/2026\/02\/Redaccion-2-96x96.png","contentUrl":"https:\/\/hojassueltas.es\/wp-content\/uploads\/2026\/02\/Redaccion-2-96x96.png","caption":"Redacci\u00f3n"},"description":"Redacci\u00f3n de HOJAS SUELTAS","url":"https:\/\/hojassueltas.es\/?author=1"}]}},"_links":{"self":[{"href":"https:\/\/hojassueltas.es\/index.php?rest_route=\/wp\/v2\/posts\/26079","targetHints":{"allow":["GET"]}}],"collection":[{"href":"https:\/\/hojassueltas.es\/index.php?rest_route=\/wp\/v2\/posts"}],"about":[{"href":"https:\/\/hojassueltas.es\/index.php?rest_route=\/wp\/v2\/types\/post"}],"author":[{"embeddable":true,"href":"https:\/\/hojassueltas.es\/index.php?rest_route=\/wp\/v2\/users\/1"}],"replies":[{"embeddable":true,"href":"https:\/\/hojassueltas.es\/index.php?rest_route=%2Fwp%2Fv2%2Fcomments&post=26079"}],"version-history":[{"count":1,"href":"https:\/\/hojassueltas.es\/index.php?rest_route=\/wp\/v2\/posts\/26079\/revisions"}],"predecessor-version":[{"id":26081,"href":"https:\/\/hojassueltas.es\/index.php?rest_route=\/wp\/v2\/posts\/26079\/revisions\/26081"}],"wp:featuredmedia":[{"embeddable":true,"href":"https:\/\/hojassueltas.es\/index.php?rest_route=\/wp\/v2\/media\/26080"}],"wp:attachment":[{"href":"https:\/\/hojassueltas.es\/index.php?rest_route=%2Fwp%2Fv2%2Fmedia&parent=26079"}],"wp:term":[{"taxonomy":"category","embeddable":true,"href":"https:\/\/hojassueltas.es\/index.php?rest_route=%2Fwp%2Fv2%2Fcategories&post=26079"},{"taxonomy":"post_tag","embeddable":true,"href":"https:\/\/hojassueltas.es\/index.php?rest_route=%2Fwp%2Fv2%2Ftags&post=26079"}],"curies":[{"name":"wp","href":"https:\/\/api.w.org\/{rel}","templated":true}]}}