{"id":25573,"date":"2025-12-12T00:00:48","date_gmt":"2025-12-11T22:00:48","guid":{"rendered":"https:\/\/hojassueltas.es\/?p=25573"},"modified":"2025-12-12T16:37:56","modified_gmt":"2025-12-12T14:37:56","slug":"ojala-mi-corazon-fuese-de-piedra-capitulo-25","status":"publish","type":"post","link":"https:\/\/hojassueltas.es\/?p=25573","title":{"rendered":"Ojal\u00e1 mi coraz\u00f3n fuese de piedra &#8211; Cap\u00edtulo 25"},"content":{"rendered":"<p align=\"justify\"><span style=\"font-family: Cambria Math, serif;\"><span style=\"font-size: large;\">Antes de familiarizarse con los muertos haciendo gala de esa naturalidad innata, se esforz\u00f3 en hacerlo con los vivos, sabedor desde el principio de que pr\u00e1cticamente afrontaba un imposible; de que toda vida, incluida la suya, no era m\u00e1s que un tr\u00e1mite, un accidentado tr\u00e1nsito hacia la muerte.<\/span><\/span><\/p>\n<p align=\"justify\"><span style=\"font-family: Cambria Math, serif;\"><span style=\"font-size: large;\">La misma casa junto a la plaza de toros \u2014el muchacho saliendo nervioso con sus amplias zancadas, yendo al encuentro de algo o alguien que desconoce, como mucho intuye, anhela, desea y teme al mismo tiempo\u2014. Hace a\u00f1os el muchacho era \u00e9l. Se hab\u00eda colado en la casa vac\u00eda, hab\u00eda terminado escondido debajo de una cama en el dormitorio de sus t\u00edos despu\u00e9s de bajar la guardia, distra\u00eddo, fascinado por una langosta enorme a pocos cent\u00edmetros de su cara.<\/span><\/span><\/p>\n<p align=\"justify\"><span style=\"font-family: Cambria Math, serif;\"><span style=\"font-size: large;\">Recuerda su espera frente a la langosta y el sonido de los pasos de su t\u00edo en aquella habitaci\u00f3n. El muchacho se detiene en seco sorprendido por la aparici\u00f3n de un guardia civil. El nerviosismo de sus gestos va en aumento, y contrasta con la tranquilidad del guardia marc\u00e1ndole el camino con un movimiento del fusil.<\/span><\/span><\/p>\n<p align=\"justify\"><span style=\"font-family: Cambria Math, serif;\"><span style=\"font-size: large;\">Recuerda que sali\u00f3 como hab\u00eda entrado, sin ser visto. Aquel impulso de espiar a su familia obedeci\u00f3 a la necesidad de averiguar algo sobre ellos, es decir, sobre s\u00ed mismo. No descubri\u00f3 gran cosa: como mucho, que le irritaba la posibilidad de reconocerse en el comportamiento de su t\u00edo o de su primo, como le irritaba la existencia de rasgos comunes entre sus padres y \u00e9l mismo. Esos rasgos comunes, si exist\u00edan, eran elementos gen\u00e9ticos olvidados que dejaron de importarle. <\/span><\/span><\/p>\n<p align=\"justify\"><span style=\"font-family: Cambria Math, serif;\"><span style=\"font-size: large;\">Sabe que el cabo Romero conducir\u00e1 al muchacho hasta el cuartelillo y tambi\u00e9n sabe, o imagina, lo que ocurrir\u00e1 despu\u00e9s. Tambi\u00e9n sabe que si vuelve a entrar en la casa descubrir\u00e1 que sigue siendo la misma por dentro igual que por fuera; encontrar\u00e1 a la mujer de Faustino, la madre del muchacho (la madre de Soledad), su miedo y su desconfianza primero, la remota pero evidente familiaridad despu\u00e9s, y se acercar\u00e1 a ella despacio, sin pronunciar palabra, ni escucharla. La puerta, como entonces, est\u00e1 abierta. Entra y se dirige de memoria al dormitorio principal. Esta vez no se esconder\u00e1 bajo la cama: no ser\u00e1 necesario. Tampoco ser\u00eda posible, desde luego. No cabr\u00eda.<\/span><\/span><\/p>\n<p align=\"justify\"><strong>\u00a9\u00c1ngel Calvo Pose\u00a0<\/strong><\/p>\n","protected":false},"excerpt":{"rendered":"<p>Antes de familiarizarse con los muertos haciendo gala de esa naturalidad innata, se esforz\u00f3 en hacerlo con los vivos, sabedor desde el principio de que pr\u00e1cticamente afrontaba un imposible; de que toda vida, incluida la suya, no era m\u00e1s que un tr\u00e1mite, un accidentado tr\u00e1nsito hacia la muerte. La misma casa junto a la plaza [&hellip;]<\/p>\n","protected":false},"author":73,"featured_media":25576,"comment_status":"open","ping_status":"closed","sticky":false,"template":"","format":"standard","meta":{"footnotes":""},"categories":[2100],"tags":[],"class_list":{"0":"post-25573","1":"post","2":"type-post","3":"status-publish","4":"format-standard","5":"has-post-thumbnail","7":"category-ojala-mi-corazon-fuese-de-piedra"},"yoast_head":"<!-- This site is optimized with the Yoast SEO plugin v27.5 - https:\/\/yoast.com\/product\/yoast-seo-wordpress\/ -->\n<title>Ojal\u00e1 mi coraz\u00f3n fuese de piedra - Cap\u00edtulo 25 | HOJAS SUELTAS Peri\u00f3dico Cultural<\/title>\n<meta name=\"description\" content=\"NOVELAS POR ENTREGAS.. por \u00c1ngel Calvo Pose || Antes de familiarizarse con los muertos haciendo gala de esa naturalidad innata, se esforz\u00f3 en hacerlo con los vivos, sabedor desde el principio de que pr\u00e1cticamente afrontaba un imposible\" \/>\n<meta name=\"robots\" content=\"index, follow, max-snippet:-1, max-image-preview:large, max-video-preview:-1\" \/>\n<link rel=\"canonical\" href=\"https:\/\/hojassueltas.es\/?p=25573\" \/>\n<meta property=\"og:locale\" content=\"es_ES\" \/>\n<meta property=\"og:type\" content=\"article\" \/>\n<meta property=\"og:title\" content=\"Ojal\u00e1 mi coraz\u00f3n fuese de piedra - Cap\u00edtulo 25 | HOJAS SUELTAS Peri\u00f3dico Cultural\" \/>\n<meta property=\"og:description\" content=\"NOVELAS POR ENTREGAS.. por \u00c1ngel Calvo Pose || Antes de familiarizarse con los muertos haciendo gala de esa naturalidad innata, se esforz\u00f3 en hacerlo con los vivos, sabedor desde el principio de que pr\u00e1cticamente afrontaba un imposible\" \/>\n<meta property=\"og:url\" content=\"https:\/\/hojassueltas.es\/?p=25573\" \/>\n<meta property=\"og:site_name\" content=\"HOJAS SUELTAS Peri\u00f3dico Cultural\" \/>\n<meta property=\"article:published_time\" content=\"2025-12-11T22:00:48+00:00\" \/>\n<meta property=\"article:modified_time\" content=\"2025-12-12T14:37:56+00:00\" \/>\n<meta property=\"og:image\" content=\"https:\/\/hojassueltas.es\/wp-content\/uploads\/2025\/12\/Capitulo-25_HS-915x610.png\" \/>\n\t<meta property=\"og:image:width\" content=\"915\" \/>\n\t<meta property=\"og:image:height\" content=\"610\" \/>\n\t<meta property=\"og:image:type\" content=\"image\/png\" \/>\n<meta name=\"author\" content=\"\u00c1ngel Calvo Pose\" \/>\n<meta name=\"twitter:card\" content=\"summary_large_image\" \/>\n<meta name=\"twitter:creator\" content=\"@HOJASSUELTAS22\" \/>\n<meta name=\"twitter:site\" content=\"@HOJASSUELTAS22\" \/>\n<meta name=\"twitter:label1\" content=\"Escrito por\" \/>\n\t<meta name=\"twitter:data1\" content=\"\u00c1ngel Calvo Pose\" \/>\n\t<meta name=\"twitter:label2\" content=\"Tiempo de lectura\" \/>\n\t<meta name=\"twitter:data2\" content=\"2 minutos\" \/>\n<script type=\"application\/ld+json\" class=\"yoast-schema-graph\">{\"@context\":\"https:\\\/\\\/schema.org\",\"@graph\":[{\"@type\":[\"Article\",\"BlogPosting\"],\"@id\":\"https:\\\/\\\/hojassueltas.es\\\/?p=25573#article\",\"isPartOf\":{\"@id\":\"https:\\\/\\\/hojassueltas.es\\\/?p=25573\"},\"author\":{\"name\":\"\u00c1ngel Calvo Pose\",\"@id\":\"https:\\\/\\\/hojassueltas.es\\\/#\\\/schema\\\/person\\\/ef0dc208dac3a297cb3c3e4744d35b5f\"},\"headline\":\"Ojal\u00e1 mi coraz\u00f3n fuese de piedra &#8211; Cap\u00edtulo 25\",\"datePublished\":\"2025-12-11T22:00:48+00:00\",\"dateModified\":\"2025-12-12T14:37:56+00:00\",\"mainEntityOfPage\":{\"@id\":\"https:\\\/\\\/hojassueltas.es\\\/?p=25573\"},\"wordCount\":414,\"commentCount\":2,\"publisher\":{\"@id\":\"https:\\\/\\\/hojassueltas.es\\\/#organization\"},\"image\":{\"@id\":\"https:\\\/\\\/hojassueltas.es\\\/?p=25573#primaryimage\"},\"thumbnailUrl\":\"https:\\\/\\\/hojassueltas.es\\\/wp-content\\\/uploads\\\/2025\\\/12\\\/Capitulo-25_HS.png\",\"articleSection\":[\"Ojal\u00e1 mi coraz\u00f3n fuese de piedra\"],\"inLanguage\":\"es\",\"potentialAction\":[{\"@type\":\"CommentAction\",\"name\":\"Comment\",\"target\":[\"https:\\\/\\\/hojassueltas.es\\\/?p=25573#respond\"]}]},{\"@type\":\"WebPage\",\"@id\":\"https:\\\/\\\/hojassueltas.es\\\/?p=25573\",\"url\":\"https:\\\/\\\/hojassueltas.es\\\/?p=25573\",\"name\":\"Ojal\u00e1 mi coraz\u00f3n fuese de piedra - Cap\u00edtulo 25 | HOJAS SUELTAS Peri\u00f3dico Cultural\",\"isPartOf\":{\"@id\":\"https:\\\/\\\/hojassueltas.es\\\/#website\"},\"primaryImageOfPage\":{\"@id\":\"https:\\\/\\\/hojassueltas.es\\\/?p=25573#primaryimage\"},\"image\":{\"@id\":\"https:\\\/\\\/hojassueltas.es\\\/?p=25573#primaryimage\"},\"thumbnailUrl\":\"https:\\\/\\\/hojassueltas.es\\\/wp-content\\\/uploads\\\/2025\\\/12\\\/Capitulo-25_HS.png\",\"datePublished\":\"2025-12-11T22:00:48+00:00\",\"dateModified\":\"2025-12-12T14:37:56+00:00\",\"description\":\"NOVELAS POR ENTREGAS.. por \u00c1ngel Calvo Pose || Antes de familiarizarse con los muertos haciendo gala de esa naturalidad innata, se esforz\u00f3 en hacerlo con los vivos, sabedor desde el principio de que pr\u00e1cticamente afrontaba un imposible\",\"breadcrumb\":{\"@id\":\"https:\\\/\\\/hojassueltas.es\\\/?p=25573#breadcrumb\"},\"inLanguage\":\"es\",\"potentialAction\":[{\"@type\":\"ReadAction\",\"target\":[\"https:\\\/\\\/hojassueltas.es\\\/?p=25573\"]}]},{\"@type\":\"ImageObject\",\"inLanguage\":\"es\",\"@id\":\"https:\\\/\\\/hojassueltas.es\\\/?p=25573#primaryimage\",\"url\":\"https:\\\/\\\/hojassueltas.es\\\/wp-content\\\/uploads\\\/2025\\\/12\\\/Capitulo-25_HS.png\",\"contentUrl\":\"https:\\\/\\\/hojassueltas.es\\\/wp-content\\\/uploads\\\/2025\\\/12\\\/Capitulo-25_HS.png\",\"width\":1920,\"height\":1280},{\"@type\":\"BreadcrumbList\",\"@id\":\"https:\\\/\\\/hojassueltas.es\\\/?p=25573#breadcrumb\",\"itemListElement\":[{\"@type\":\"ListItem\",\"position\":1,\"name\":\"Portada\",\"item\":\"https:\\\/\\\/hojassueltas.es\\\/\"},{\"@type\":\"ListItem\",\"position\":2,\"name\":\"Ojal\u00e1 mi coraz\u00f3n fuese de piedra &#8211; Cap\u00edtulo 25\"}]},{\"@type\":\"WebSite\",\"@id\":\"https:\\\/\\\/hojassueltas.es\\\/#website\",\"url\":\"https:\\\/\\\/hojassueltas.es\\\/\",\"name\":\"HojasSueltas.es\",\"description\":\"GRANADA - Peri\u00f3dico Cultural\",\"publisher\":{\"@id\":\"https:\\\/\\\/hojassueltas.es\\\/#organization\"},\"alternateName\":\"H.S. Periodico Cultural\",\"potentialAction\":[{\"@type\":\"SearchAction\",\"target\":{\"@type\":\"EntryPoint\",\"urlTemplate\":\"https:\\\/\\\/hojassueltas.es\\\/?s={search_term_string}\"},\"query-input\":{\"@type\":\"PropertyValueSpecification\",\"valueRequired\":true,\"valueName\":\"search_term_string\"}}],\"inLanguage\":\"es\"},{\"@type\":\"Organization\",\"@id\":\"https:\\\/\\\/hojassueltas.es\\\/#organization\",\"name\":\"HOJAS SUELTAS - Peri\u00f3dico Cultural\",\"alternateName\":\"HS - HOJAS SUELTAS Peri\u00f3dico Cultural\",\"url\":\"https:\\\/\\\/hojassueltas.es\\\/\",\"logo\":{\"@type\":\"ImageObject\",\"inLanguage\":\"es\",\"@id\":\"https:\\\/\\\/hojassueltas.es\\\/#\\\/schema\\\/logo\\\/image\\\/\",\"url\":\"https:\\\/\\\/hojassueltas.es\\\/wp-content\\\/uploads\\\/2025\\\/08\\\/Icono-HS_2.png\",\"contentUrl\":\"https:\\\/\\\/hojassueltas.es\\\/wp-content\\\/uploads\\\/2025\\\/08\\\/Icono-HS_2.png\",\"width\":500,\"height\":500,\"caption\":\"HOJAS SUELTAS - Peri\u00f3dico Cultural\"},\"image\":{\"@id\":\"https:\\\/\\\/hojassueltas.es\\\/#\\\/schema\\\/logo\\\/image\\\/\"},\"sameAs\":[\"https:\\\/\\\/x.com\\\/HOJASSUELTAS22\"]},{\"@type\":\"Person\",\"@id\":\"https:\\\/\\\/hojassueltas.es\\\/#\\\/schema\\\/person\\\/ef0dc208dac3a297cb3c3e4744d35b5f\",\"name\":\"\u00c1ngel Calvo Pose\",\"image\":{\"@type\":\"ImageObject\",\"inLanguage\":\"es\",\"@id\":\"https:\\\/\\\/hojassueltas.es\\\/wp-content\\\/uploads\\\/2024\\\/09\\\/Angel-Calvo-Pose_500-96x96.jpg\",\"url\":\"https:\\\/\\\/hojassueltas.es\\\/wp-content\\\/uploads\\\/2024\\\/09\\\/Angel-Calvo-Pose_500-96x96.jpg\",\"contentUrl\":\"https:\\\/\\\/hojassueltas.es\\\/wp-content\\\/uploads\\\/2024\\\/09\\\/Angel-Calvo-Pose_500-96x96.jpg\",\"caption\":\"\u00c1ngel Calvo Pose\"},\"description\":\"Madrid 1969. Public\u00f3 su primer poema en 1993, un alegato en contra del servicio militar obligatorio para celebrar su condici\u00f3n de insumiso. A partir de entonces colabor\u00f3 y public\u00f3 relatos y poemas en diversas revistas literarias. Estudi\u00f3 Filolog\u00eda inglesa y Psicolog\u00eda en la Universidad Complutense de Madrid. Residi\u00f3 en Madrid, La Habana y Alicante, se dedic\u00f3 a escribir guiones cinematogr\u00e1ficos. Actualmente reside en Galicia, en una aldea al norte de Lugo, con vistas (si no hay niebla) al Cant\u00e1brico.\",\"url\":\"https:\\\/\\\/hojassueltas.es\\\/?author=73\"}]}<\/script>\n<!-- \/ Yoast SEO plugin. -->","yoast_head_json":{"title":"Ojal\u00e1 mi coraz\u00f3n fuese de piedra - Cap\u00edtulo 25 | HOJAS SUELTAS Peri\u00f3dico Cultural","description":"NOVELAS POR ENTREGAS.. por \u00c1ngel Calvo Pose || Antes de familiarizarse con los muertos haciendo gala de esa naturalidad innata, se esforz\u00f3 en hacerlo con los vivos, sabedor desde el principio de que pr\u00e1cticamente afrontaba un imposible","robots":{"index":"index","follow":"follow","max-snippet":"max-snippet:-1","max-image-preview":"max-image-preview:large","max-video-preview":"max-video-preview:-1"},"canonical":"https:\/\/hojassueltas.es\/?p=25573","og_locale":"es_ES","og_type":"article","og_title":"Ojal\u00e1 mi coraz\u00f3n fuese de piedra - Cap\u00edtulo 25 | HOJAS SUELTAS Peri\u00f3dico Cultural","og_description":"NOVELAS POR ENTREGAS.. por \u00c1ngel Calvo Pose || Antes de familiarizarse con los muertos haciendo gala de esa naturalidad innata, se esforz\u00f3 en hacerlo con los vivos, sabedor desde el principio de que pr\u00e1cticamente afrontaba un imposible","og_url":"https:\/\/hojassueltas.es\/?p=25573","og_site_name":"HOJAS SUELTAS Peri\u00f3dico Cultural","article_published_time":"2025-12-11T22:00:48+00:00","article_modified_time":"2025-12-12T14:37:56+00:00","og_image":[{"width":915,"height":610,"url":"https:\/\/hojassueltas.es\/wp-content\/uploads\/2025\/12\/Capitulo-25_HS-915x610.png","type":"image\/png"}],"author":"\u00c1ngel Calvo Pose","twitter_card":"summary_large_image","twitter_creator":"@HOJASSUELTAS22","twitter_site":"@HOJASSUELTAS22","twitter_misc":{"Escrito por":"\u00c1ngel Calvo Pose","Tiempo de lectura":"2 minutos"},"schema":{"@context":"https:\/\/schema.org","@graph":[{"@type":["Article","BlogPosting"],"@id":"https:\/\/hojassueltas.es\/?p=25573#article","isPartOf":{"@id":"https:\/\/hojassueltas.es\/?p=25573"},"author":{"name":"\u00c1ngel Calvo Pose","@id":"https:\/\/hojassueltas.es\/#\/schema\/person\/ef0dc208dac3a297cb3c3e4744d35b5f"},"headline":"Ojal\u00e1 mi coraz\u00f3n fuese de piedra &#8211; Cap\u00edtulo 25","datePublished":"2025-12-11T22:00:48+00:00","dateModified":"2025-12-12T14:37:56+00:00","mainEntityOfPage":{"@id":"https:\/\/hojassueltas.es\/?p=25573"},"wordCount":414,"commentCount":2,"publisher":{"@id":"https:\/\/hojassueltas.es\/#organization"},"image":{"@id":"https:\/\/hojassueltas.es\/?p=25573#primaryimage"},"thumbnailUrl":"https:\/\/hojassueltas.es\/wp-content\/uploads\/2025\/12\/Capitulo-25_HS.png","articleSection":["Ojal\u00e1 mi coraz\u00f3n fuese de piedra"],"inLanguage":"es","potentialAction":[{"@type":"CommentAction","name":"Comment","target":["https:\/\/hojassueltas.es\/?p=25573#respond"]}]},{"@type":"WebPage","@id":"https:\/\/hojassueltas.es\/?p=25573","url":"https:\/\/hojassueltas.es\/?p=25573","name":"Ojal\u00e1 mi coraz\u00f3n fuese de piedra - Cap\u00edtulo 25 | HOJAS SUELTAS Peri\u00f3dico Cultural","isPartOf":{"@id":"https:\/\/hojassueltas.es\/#website"},"primaryImageOfPage":{"@id":"https:\/\/hojassueltas.es\/?p=25573#primaryimage"},"image":{"@id":"https:\/\/hojassueltas.es\/?p=25573#primaryimage"},"thumbnailUrl":"https:\/\/hojassueltas.es\/wp-content\/uploads\/2025\/12\/Capitulo-25_HS.png","datePublished":"2025-12-11T22:00:48+00:00","dateModified":"2025-12-12T14:37:56+00:00","description":"NOVELAS POR ENTREGAS.. por \u00c1ngel Calvo Pose || Antes de familiarizarse con los muertos haciendo gala de esa naturalidad innata, se esforz\u00f3 en hacerlo con los vivos, sabedor desde el principio de que pr\u00e1cticamente afrontaba un imposible","breadcrumb":{"@id":"https:\/\/hojassueltas.es\/?p=25573#breadcrumb"},"inLanguage":"es","potentialAction":[{"@type":"ReadAction","target":["https:\/\/hojassueltas.es\/?p=25573"]}]},{"@type":"ImageObject","inLanguage":"es","@id":"https:\/\/hojassueltas.es\/?p=25573#primaryimage","url":"https:\/\/hojassueltas.es\/wp-content\/uploads\/2025\/12\/Capitulo-25_HS.png","contentUrl":"https:\/\/hojassueltas.es\/wp-content\/uploads\/2025\/12\/Capitulo-25_HS.png","width":1920,"height":1280},{"@type":"BreadcrumbList","@id":"https:\/\/hojassueltas.es\/?p=25573#breadcrumb","itemListElement":[{"@type":"ListItem","position":1,"name":"Portada","item":"https:\/\/hojassueltas.es\/"},{"@type":"ListItem","position":2,"name":"Ojal\u00e1 mi coraz\u00f3n fuese de piedra &#8211; Cap\u00edtulo 25"}]},{"@type":"WebSite","@id":"https:\/\/hojassueltas.es\/#website","url":"https:\/\/hojassueltas.es\/","name":"HojasSueltas.es","description":"GRANADA - Peri\u00f3dico Cultural","publisher":{"@id":"https:\/\/hojassueltas.es\/#organization"},"alternateName":"H.S. Periodico Cultural","potentialAction":[{"@type":"SearchAction","target":{"@type":"EntryPoint","urlTemplate":"https:\/\/hojassueltas.es\/?s={search_term_string}"},"query-input":{"@type":"PropertyValueSpecification","valueRequired":true,"valueName":"search_term_string"}}],"inLanguage":"es"},{"@type":"Organization","@id":"https:\/\/hojassueltas.es\/#organization","name":"HOJAS SUELTAS - Peri\u00f3dico Cultural","alternateName":"HS - HOJAS SUELTAS Peri\u00f3dico Cultural","url":"https:\/\/hojassueltas.es\/","logo":{"@type":"ImageObject","inLanguage":"es","@id":"https:\/\/hojassueltas.es\/#\/schema\/logo\/image\/","url":"https:\/\/hojassueltas.es\/wp-content\/uploads\/2025\/08\/Icono-HS_2.png","contentUrl":"https:\/\/hojassueltas.es\/wp-content\/uploads\/2025\/08\/Icono-HS_2.png","width":500,"height":500,"caption":"HOJAS SUELTAS - Peri\u00f3dico Cultural"},"image":{"@id":"https:\/\/hojassueltas.es\/#\/schema\/logo\/image\/"},"sameAs":["https:\/\/x.com\/HOJASSUELTAS22"]},{"@type":"Person","@id":"https:\/\/hojassueltas.es\/#\/schema\/person\/ef0dc208dac3a297cb3c3e4744d35b5f","name":"\u00c1ngel Calvo Pose","image":{"@type":"ImageObject","inLanguage":"es","@id":"https:\/\/hojassueltas.es\/wp-content\/uploads\/2024\/09\/Angel-Calvo-Pose_500-96x96.jpg","url":"https:\/\/hojassueltas.es\/wp-content\/uploads\/2024\/09\/Angel-Calvo-Pose_500-96x96.jpg","contentUrl":"https:\/\/hojassueltas.es\/wp-content\/uploads\/2024\/09\/Angel-Calvo-Pose_500-96x96.jpg","caption":"\u00c1ngel Calvo Pose"},"description":"Madrid 1969. Public\u00f3 su primer poema en 1993, un alegato en contra del servicio militar obligatorio para celebrar su condici\u00f3n de insumiso. A partir de entonces colabor\u00f3 y public\u00f3 relatos y poemas en diversas revistas literarias. Estudi\u00f3 Filolog\u00eda inglesa y Psicolog\u00eda en la Universidad Complutense de Madrid. Residi\u00f3 en Madrid, La Habana y Alicante, se dedic\u00f3 a escribir guiones cinematogr\u00e1ficos. Actualmente reside en Galicia, en una aldea al norte de Lugo, con vistas (si no hay niebla) al Cant\u00e1brico.","url":"https:\/\/hojassueltas.es\/?author=73"}]}},"_links":{"self":[{"href":"https:\/\/hojassueltas.es\/index.php?rest_route=\/wp\/v2\/posts\/25573","targetHints":{"allow":["GET"]}}],"collection":[{"href":"https:\/\/hojassueltas.es\/index.php?rest_route=\/wp\/v2\/posts"}],"about":[{"href":"https:\/\/hojassueltas.es\/index.php?rest_route=\/wp\/v2\/types\/post"}],"author":[{"embeddable":true,"href":"https:\/\/hojassueltas.es\/index.php?rest_route=\/wp\/v2\/users\/73"}],"replies":[{"embeddable":true,"href":"https:\/\/hojassueltas.es\/index.php?rest_route=%2Fwp%2Fv2%2Fcomments&post=25573"}],"version-history":[{"count":1,"href":"https:\/\/hojassueltas.es\/index.php?rest_route=\/wp\/v2\/posts\/25573\/revisions"}],"predecessor-version":[{"id":25577,"href":"https:\/\/hojassueltas.es\/index.php?rest_route=\/wp\/v2\/posts\/25573\/revisions\/25577"}],"wp:featuredmedia":[{"embeddable":true,"href":"https:\/\/hojassueltas.es\/index.php?rest_route=\/wp\/v2\/media\/25576"}],"wp:attachment":[{"href":"https:\/\/hojassueltas.es\/index.php?rest_route=%2Fwp%2Fv2%2Fmedia&parent=25573"}],"wp:term":[{"taxonomy":"category","embeddable":true,"href":"https:\/\/hojassueltas.es\/index.php?rest_route=%2Fwp%2Fv2%2Fcategories&post=25573"},{"taxonomy":"post_tag","embeddable":true,"href":"https:\/\/hojassueltas.es\/index.php?rest_route=%2Fwp%2Fv2%2Ftags&post=25573"}],"curies":[{"name":"wp","href":"https:\/\/api.w.org\/{rel}","templated":true}]}}