{"id":25556,"date":"2025-12-08T00:00:50","date_gmt":"2025-12-07T22:00:50","guid":{"rendered":"https:\/\/hojassueltas.es\/?p=25556"},"modified":"2025-12-12T16:37:57","modified_gmt":"2025-12-12T14:37:57","slug":"voces-que-nos-piensan","status":"publish","type":"post","link":"https:\/\/hojassueltas.es\/?p=25556","title":{"rendered":"Voces que nos piensan"},"content":{"rendered":"<p style=\"text-align: justify;\" align=\"left\"><span style=\"font-size: medium;\">No todas las palabras son iguales. Hay voces que nos acompa\u00f1an, que nos explican, que nos atraviesan sin que lo notemos. Leer tambi\u00e9n es dejar que otras mentes trabajen dentro de la nuestra.<br \/>\nEste n\u00famero re\u00fane textos que no solo informan o entretienen: piensan. Y nos hacen pensar. Ensayos que abren nuevas perspectivas, narrativas que interrogan, fragmentos que nos siguen hablando mucho despu\u00e9s de haberlos le\u00eddo.<br \/>\nEn un presente donde abundan las frases hechas y los juicios r\u00e1pidos, detenerse en una idea bien formulada puede ser una forma de resistencia.<br \/>\n<em>Hojas Sueltas<\/em> busca esas voces que nos piensan con generosidad, con rigor, con sensibilidad. Porque no basta con opinar: es necesario comprender. Y porque hay lecturas que no se olvidan, no por lo que dicen, sino por c\u00f3mo nos transforman.<\/span><\/p>\n<p align=\"left\"><strong>REDACCI\u00d3N. Valent\u00edn Castro. Redactor Jefe<\/strong><\/p>\n","protected":false},"excerpt":{"rendered":"<p>No todas las palabras son iguales. Hay voces que nos acompa\u00f1an, que nos explican, que nos atraviesan sin que lo notemos. Leer tambi\u00e9n es dejar que otras mentes trabajen dentro de la nuestra. Este n\u00famero re\u00fane textos que no solo informan o entretienen: piensan. Y nos hacen pensar. Ensayos que abren nuevas perspectivas, narrativas que [&hellip;]<\/p>\n","protected":false},"author":62,"featured_media":0,"comment_status":"open","ping_status":"closed","sticky":false,"template":"","format":"standard","meta":{"footnotes":""},"categories":[2743],"tags":[],"class_list":{"0":"post-25556","1":"post","2":"type-post","3":"status-publish","4":"format-standard","6":"category-7-dias"},"yoast_head":"<!-- This site is optimized with the Yoast SEO plugin v27.4 - https:\/\/yoast.com\/product\/yoast-seo-wordpress\/ -->\n<title>Voces que nos piensan | 7 D\u00cdAS | HOJAS SUELTAS Peri\u00f3dico Cultural<\/title>\n<meta name=\"description\" content=\"EDITORIAL de SIETE DIAS\" \/>\n<meta name=\"robots\" content=\"index, follow, max-snippet:-1, max-image-preview:large, max-video-preview:-1\" \/>\n<link rel=\"canonical\" href=\"https:\/\/hojassueltas.es\/?p=25556\" \/>\n<meta property=\"og:locale\" content=\"es_ES\" \/>\n<meta property=\"og:type\" content=\"article\" \/>\n<meta property=\"og:title\" content=\"Voces que nos piensan | 7 D\u00cdAS | HOJAS SUELTAS Peri\u00f3dico Cultural\" \/>\n<meta property=\"og:description\" content=\"EDITORIAL de SIETE DIAS\" \/>\n<meta property=\"og:url\" content=\"https:\/\/hojassueltas.es\/?p=25556\" \/>\n<meta property=\"og:site_name\" content=\"HOJAS SUELTAS Peri\u00f3dico Cultural\" \/>\n<meta property=\"article:published_time\" content=\"2025-12-07T22:00:50+00:00\" \/>\n<meta property=\"article:modified_time\" content=\"2025-12-12T14:37:57+00:00\" \/>\n<meta property=\"og:image\" content=\"https:\/\/hojassueltas.es\/wp-content\/uploads\/2025\/09\/Hojas-Sueltas_Logo-III_trans.png\" \/>\n\t<meta property=\"og:image:width\" content=\"485\" \/>\n\t<meta property=\"og:image:height\" content=\"80\" \/>\n\t<meta property=\"og:image:type\" content=\"image\/png\" \/>\n<meta name=\"author\" content=\"Valent\u00edn Castro\" \/>\n<meta name=\"twitter:card\" content=\"summary_large_image\" \/>\n<meta name=\"twitter:creator\" content=\"@HOJASSUELTAS22\" \/>\n<meta name=\"twitter:site\" content=\"@HOJASSUELTAS22\" \/>\n<meta name=\"twitter:label1\" content=\"Escrito por\" \/>\n\t<meta name=\"twitter:data1\" content=\"Valent\u00edn Castro\" \/>\n\t<meta name=\"twitter:label2\" content=\"Tiempo de lectura\" \/>\n\t<meta name=\"twitter:data2\" content=\"1 minuto\" \/>\n<script type=\"application\/ld+json\" class=\"yoast-schema-graph\">{\"@context\":\"https:\\\/\\\/schema.org\",\"@graph\":[{\"@type\":[\"Article\",\"BlogPosting\"],\"@id\":\"https:\\\/\\\/hojassueltas.es\\\/?p=25556#article\",\"isPartOf\":{\"@id\":\"https:\\\/\\\/hojassueltas.es\\\/?p=25556\"},\"author\":{\"name\":\"Valent\u00edn Castro\",\"@id\":\"https:\\\/\\\/hojassueltas.es\\\/#\\\/schema\\\/person\\\/69b100dc9b45a00e61d055b63d4278e9\"},\"headline\":\"Voces que nos piensan\",\"datePublished\":\"2025-12-07T22:00:50+00:00\",\"dateModified\":\"2025-12-12T14:37:57+00:00\",\"mainEntityOfPage\":{\"@id\":\"https:\\\/\\\/hojassueltas.es\\\/?p=25556\"},\"wordCount\":149,\"commentCount\":0,\"publisher\":{\"@id\":\"https:\\\/\\\/hojassueltas.es\\\/#organization\"},\"articleSection\":[\"7 D\u00cdAS\"],\"inLanguage\":\"es\",\"potentialAction\":[{\"@type\":\"CommentAction\",\"name\":\"Comment\",\"target\":[\"https:\\\/\\\/hojassueltas.es\\\/?p=25556#respond\"]}]},{\"@type\":\"WebPage\",\"@id\":\"https:\\\/\\\/hojassueltas.es\\\/?p=25556\",\"url\":\"https:\\\/\\\/hojassueltas.es\\\/?p=25556\",\"name\":\"Voces que nos piensan | 7 D\u00cdAS | HOJAS SUELTAS Peri\u00f3dico Cultural\",\"isPartOf\":{\"@id\":\"https:\\\/\\\/hojassueltas.es\\\/#website\"},\"datePublished\":\"2025-12-07T22:00:50+00:00\",\"dateModified\":\"2025-12-12T14:37:57+00:00\",\"description\":\"EDITORIAL de SIETE DIAS\",\"breadcrumb\":{\"@id\":\"https:\\\/\\\/hojassueltas.es\\\/?p=25556#breadcrumb\"},\"inLanguage\":\"es\",\"potentialAction\":[{\"@type\":\"ReadAction\",\"target\":[\"https:\\\/\\\/hojassueltas.es\\\/?p=25556\"]}]},{\"@type\":\"BreadcrumbList\",\"@id\":\"https:\\\/\\\/hojassueltas.es\\\/?p=25556#breadcrumb\",\"itemListElement\":[{\"@type\":\"ListItem\",\"position\":1,\"name\":\"Portada\",\"item\":\"https:\\\/\\\/hojassueltas.es\\\/\"},{\"@type\":\"ListItem\",\"position\":2,\"name\":\"Voces que nos piensan\"}]},{\"@type\":\"WebSite\",\"@id\":\"https:\\\/\\\/hojassueltas.es\\\/#website\",\"url\":\"https:\\\/\\\/hojassueltas.es\\\/\",\"name\":\"HojasSueltas.es\",\"description\":\"GRANADA - Peri\u00f3dico Cultural\",\"publisher\":{\"@id\":\"https:\\\/\\\/hojassueltas.es\\\/#organization\"},\"alternateName\":\"H.S. Periodico Cultural\",\"potentialAction\":[{\"@type\":\"SearchAction\",\"target\":{\"@type\":\"EntryPoint\",\"urlTemplate\":\"https:\\\/\\\/hojassueltas.es\\\/?s={search_term_string}\"},\"query-input\":{\"@type\":\"PropertyValueSpecification\",\"valueRequired\":true,\"valueName\":\"search_term_string\"}}],\"inLanguage\":\"es\"},{\"@type\":\"Organization\",\"@id\":\"https:\\\/\\\/hojassueltas.es\\\/#organization\",\"name\":\"HOJAS SUELTAS - Peri\u00f3dico Cultural\",\"alternateName\":\"HS - HOJAS SUELTAS Peri\u00f3dico Cultural\",\"url\":\"https:\\\/\\\/hojassueltas.es\\\/\",\"logo\":{\"@type\":\"ImageObject\",\"inLanguage\":\"es\",\"@id\":\"https:\\\/\\\/hojassueltas.es\\\/#\\\/schema\\\/logo\\\/image\\\/\",\"url\":\"https:\\\/\\\/hojassueltas.es\\\/wp-content\\\/uploads\\\/2025\\\/08\\\/Icono-HS_2.png\",\"contentUrl\":\"https:\\\/\\\/hojassueltas.es\\\/wp-content\\\/uploads\\\/2025\\\/08\\\/Icono-HS_2.png\",\"width\":500,\"height\":500,\"caption\":\"HOJAS SUELTAS - Peri\u00f3dico Cultural\"},\"image\":{\"@id\":\"https:\\\/\\\/hojassueltas.es\\\/#\\\/schema\\\/logo\\\/image\\\/\"},\"sameAs\":[\"https:\\\/\\\/x.com\\\/HOJASSUELTAS22\"]},{\"@type\":\"Person\",\"@id\":\"https:\\\/\\\/hojassueltas.es\\\/#\\\/schema\\\/person\\\/69b100dc9b45a00e61d055b63d4278e9\",\"name\":\"Valent\u00edn Castro\",\"image\":{\"@type\":\"ImageObject\",\"inLanguage\":\"es\",\"@id\":\"https:\\\/\\\/hojassueltas.es\\\/wp-content\\\/uploads\\\/2025\\\/11\\\/Valentin-Castro-2025-96x96.png\",\"url\":\"https:\\\/\\\/hojassueltas.es\\\/wp-content\\\/uploads\\\/2025\\\/11\\\/Valentin-Castro-2025-96x96.png\",\"contentUrl\":\"https:\\\/\\\/hojassueltas.es\\\/wp-content\\\/uploads\\\/2025\\\/11\\\/Valentin-Castro-2025-96x96.png\",\"caption\":\"Valent\u00edn Castro\"},\"description\":\"Naci\u00f3 en una aldea de A Coru\u00f1a. Emigra con sus padres a M\u00e9jico. Licenciado en Comunicaci\u00f3n y Periodismo por la Universidad Nacional Aut\u00f3noma de M\u00e9xico. Licenciado en Geograf\u00eda e Historia por la Universidad Complutense de Madrid. Vive en Madrid, publica art\u00edculos y ensayos en diversos medios de comunicaci\u00f3n mejicanos y espa\u00f1oles bajo varios seud\u00f3nimos. Actualmente prepara una saga con personajes nacidos durante la ocupaci\u00f3n de M\u00e9xico por Hern\u00e1n Cort\u00e9s. Sus art\u00edculos y ensayos son efectistas, en ocasiones c\u00e1ustico, y muy cr\u00edtico. ES Redactor Jefe de Hojas Sueltas, dedicando su tiempo libre a escribir art\u00edculos con especial dedicaci\u00f3n a la literatura y la historia.\",\"url\":\"https:\\\/\\\/hojassueltas.es\\\/?author=62\"}]}<\/script>\n<!-- \/ Yoast SEO plugin. -->","yoast_head_json":{"title":"Voces que nos piensan | 7 D\u00cdAS | HOJAS SUELTAS Peri\u00f3dico Cultural","description":"EDITORIAL de SIETE DIAS","robots":{"index":"index","follow":"follow","max-snippet":"max-snippet:-1","max-image-preview":"max-image-preview:large","max-video-preview":"max-video-preview:-1"},"canonical":"https:\/\/hojassueltas.es\/?p=25556","og_locale":"es_ES","og_type":"article","og_title":"Voces que nos piensan | 7 D\u00cdAS | HOJAS SUELTAS Peri\u00f3dico Cultural","og_description":"EDITORIAL de SIETE DIAS","og_url":"https:\/\/hojassueltas.es\/?p=25556","og_site_name":"HOJAS SUELTAS Peri\u00f3dico Cultural","article_published_time":"2025-12-07T22:00:50+00:00","article_modified_time":"2025-12-12T14:37:57+00:00","og_image":[{"width":485,"height":80,"url":"https:\/\/hojassueltas.es\/wp-content\/uploads\/2025\/09\/Hojas-Sueltas_Logo-III_trans.png","type":"image\/png"}],"author":"Valent\u00edn Castro","twitter_card":"summary_large_image","twitter_creator":"@HOJASSUELTAS22","twitter_site":"@HOJASSUELTAS22","twitter_misc":{"Escrito por":"Valent\u00edn Castro","Tiempo de lectura":"1 minuto"},"schema":{"@context":"https:\/\/schema.org","@graph":[{"@type":["Article","BlogPosting"],"@id":"https:\/\/hojassueltas.es\/?p=25556#article","isPartOf":{"@id":"https:\/\/hojassueltas.es\/?p=25556"},"author":{"name":"Valent\u00edn Castro","@id":"https:\/\/hojassueltas.es\/#\/schema\/person\/69b100dc9b45a00e61d055b63d4278e9"},"headline":"Voces que nos piensan","datePublished":"2025-12-07T22:00:50+00:00","dateModified":"2025-12-12T14:37:57+00:00","mainEntityOfPage":{"@id":"https:\/\/hojassueltas.es\/?p=25556"},"wordCount":149,"commentCount":0,"publisher":{"@id":"https:\/\/hojassueltas.es\/#organization"},"articleSection":["7 D\u00cdAS"],"inLanguage":"es","potentialAction":[{"@type":"CommentAction","name":"Comment","target":["https:\/\/hojassueltas.es\/?p=25556#respond"]}]},{"@type":"WebPage","@id":"https:\/\/hojassueltas.es\/?p=25556","url":"https:\/\/hojassueltas.es\/?p=25556","name":"Voces que nos piensan | 7 D\u00cdAS | HOJAS SUELTAS Peri\u00f3dico Cultural","isPartOf":{"@id":"https:\/\/hojassueltas.es\/#website"},"datePublished":"2025-12-07T22:00:50+00:00","dateModified":"2025-12-12T14:37:57+00:00","description":"EDITORIAL de SIETE DIAS","breadcrumb":{"@id":"https:\/\/hojassueltas.es\/?p=25556#breadcrumb"},"inLanguage":"es","potentialAction":[{"@type":"ReadAction","target":["https:\/\/hojassueltas.es\/?p=25556"]}]},{"@type":"BreadcrumbList","@id":"https:\/\/hojassueltas.es\/?p=25556#breadcrumb","itemListElement":[{"@type":"ListItem","position":1,"name":"Portada","item":"https:\/\/hojassueltas.es\/"},{"@type":"ListItem","position":2,"name":"Voces que nos piensan"}]},{"@type":"WebSite","@id":"https:\/\/hojassueltas.es\/#website","url":"https:\/\/hojassueltas.es\/","name":"HojasSueltas.es","description":"GRANADA - Peri\u00f3dico Cultural","publisher":{"@id":"https:\/\/hojassueltas.es\/#organization"},"alternateName":"H.S. Periodico Cultural","potentialAction":[{"@type":"SearchAction","target":{"@type":"EntryPoint","urlTemplate":"https:\/\/hojassueltas.es\/?s={search_term_string}"},"query-input":{"@type":"PropertyValueSpecification","valueRequired":true,"valueName":"search_term_string"}}],"inLanguage":"es"},{"@type":"Organization","@id":"https:\/\/hojassueltas.es\/#organization","name":"HOJAS SUELTAS - Peri\u00f3dico Cultural","alternateName":"HS - HOJAS SUELTAS Peri\u00f3dico Cultural","url":"https:\/\/hojassueltas.es\/","logo":{"@type":"ImageObject","inLanguage":"es","@id":"https:\/\/hojassueltas.es\/#\/schema\/logo\/image\/","url":"https:\/\/hojassueltas.es\/wp-content\/uploads\/2025\/08\/Icono-HS_2.png","contentUrl":"https:\/\/hojassueltas.es\/wp-content\/uploads\/2025\/08\/Icono-HS_2.png","width":500,"height":500,"caption":"HOJAS SUELTAS - Peri\u00f3dico Cultural"},"image":{"@id":"https:\/\/hojassueltas.es\/#\/schema\/logo\/image\/"},"sameAs":["https:\/\/x.com\/HOJASSUELTAS22"]},{"@type":"Person","@id":"https:\/\/hojassueltas.es\/#\/schema\/person\/69b100dc9b45a00e61d055b63d4278e9","name":"Valent\u00edn Castro","image":{"@type":"ImageObject","inLanguage":"es","@id":"https:\/\/hojassueltas.es\/wp-content\/uploads\/2025\/11\/Valentin-Castro-2025-96x96.png","url":"https:\/\/hojassueltas.es\/wp-content\/uploads\/2025\/11\/Valentin-Castro-2025-96x96.png","contentUrl":"https:\/\/hojassueltas.es\/wp-content\/uploads\/2025\/11\/Valentin-Castro-2025-96x96.png","caption":"Valent\u00edn Castro"},"description":"Naci\u00f3 en una aldea de A Coru\u00f1a. Emigra con sus padres a M\u00e9jico. Licenciado en Comunicaci\u00f3n y Periodismo por la Universidad Nacional Aut\u00f3noma de M\u00e9xico. Licenciado en Geograf\u00eda e Historia por la Universidad Complutense de Madrid. Vive en Madrid, publica art\u00edculos y ensayos en diversos medios de comunicaci\u00f3n mejicanos y espa\u00f1oles bajo varios seud\u00f3nimos. Actualmente prepara una saga con personajes nacidos durante la ocupaci\u00f3n de M\u00e9xico por Hern\u00e1n Cort\u00e9s. Sus art\u00edculos y ensayos son efectistas, en ocasiones c\u00e1ustico, y muy cr\u00edtico. ES Redactor Jefe de Hojas Sueltas, dedicando su tiempo libre a escribir art\u00edculos con especial dedicaci\u00f3n a la literatura y la historia.","url":"https:\/\/hojassueltas.es\/?author=62"}]}},"_links":{"self":[{"href":"https:\/\/hojassueltas.es\/index.php?rest_route=\/wp\/v2\/posts\/25556","targetHints":{"allow":["GET"]}}],"collection":[{"href":"https:\/\/hojassueltas.es\/index.php?rest_route=\/wp\/v2\/posts"}],"about":[{"href":"https:\/\/hojassueltas.es\/index.php?rest_route=\/wp\/v2\/types\/post"}],"author":[{"embeddable":true,"href":"https:\/\/hojassueltas.es\/index.php?rest_route=\/wp\/v2\/users\/62"}],"replies":[{"embeddable":true,"href":"https:\/\/hojassueltas.es\/index.php?rest_route=%2Fwp%2Fv2%2Fcomments&post=25556"}],"version-history":[{"count":1,"href":"https:\/\/hojassueltas.es\/index.php?rest_route=\/wp\/v2\/posts\/25556\/revisions"}],"predecessor-version":[{"id":25557,"href":"https:\/\/hojassueltas.es\/index.php?rest_route=\/wp\/v2\/posts\/25556\/revisions\/25557"}],"wp:attachment":[{"href":"https:\/\/hojassueltas.es\/index.php?rest_route=%2Fwp%2Fv2%2Fmedia&parent=25556"}],"wp:term":[{"taxonomy":"category","embeddable":true,"href":"https:\/\/hojassueltas.es\/index.php?rest_route=%2Fwp%2Fv2%2Fcategories&post=25556"},{"taxonomy":"post_tag","embeddable":true,"href":"https:\/\/hojassueltas.es\/index.php?rest_route=%2Fwp%2Fv2%2Ftags&post=25556"}],"curies":[{"name":"wp","href":"https:\/\/api.w.org\/{rel}","templated":true}]}}