{"id":2546,"date":"2023-08-12T00:01:18","date_gmt":"2023-08-11T22:01:18","guid":{"rendered":"https:\/\/hojassueltas.es\/?p=2546"},"modified":"2025-12-11T17:06:11","modified_gmt":"2025-12-11T15:06:11","slug":"elciervo-y-la-sombra","status":"publish","type":"post","link":"https:\/\/hojassueltas.es\/?p=2546","title":{"rendered":"El ciervo y la sombra"},"content":{"rendered":"<h1><strong>EL\u00a0 CIERVO Y LA SOMBRA<\/strong><\/h1>\n<p>\u2014 <span style=\"font-family: impact, sans-serif; font-size: 20px;\">Diego Ameixeiras<\/span><\/p>\n<p style=\"text-align: justify;\">Mateo, el protagonista de esta vibrante y conmovedora novela intenta salir adelante vendiendo coca\u00edna y dej\u00e1ndose enredar por los extra\u00f1os negocios que le ofrece Silvio, su mejor cliente y un viejo amigo con el que se siente en deuda. Al mismo tiempo, mientras se esfuerza en superar la muerte de sus padres en un accidente de tr\u00e1fico, se ocupa de atender a Eulalia, una maestra jubilada que ya no puede llevarle flores a su hermano muerto. En la lucha por superar la orfandad y no rendirse ante las circunstancias, Mateo busca el apoyo de Andr\u00e9s, un viejo sacerdote que a\u00f1os atr\u00e1s ya lo ayud\u00f3 a desintoxicarse y que ahora insiste en solucionarle las dudas de fe.<\/p>\n<p style=\"text-align: justify;\">La inesperada aparici\u00f3n de Irene en la ciudad, una relaci\u00f3n que lo marc\u00f3 para siempre, y el descubrimiento de la Barronka, un edificio rehabilitado por un grupo de anarquistas, prenden en Mateo una llama de esperanza para seguir viviendo. Pero sus temores no est\u00e1n dispuestos a abandonarlo. Todo es un recuerdo. El recuerdo ba\u00f1ado en sangre del gran misterio de su vida.<\/p>\n<p style=\"text-align: justify;\">Autor:\u00a0\u00a0<strong>Diego Ameixeiras.\u00a0\u00a0<\/strong>Editorial: Editorial\u00a0<strong>Alrev\u00e9s.\u00a0<\/strong>Tapa blanda.\u00a0<strong>184 p\u00e1ginas<\/strong>.\u00a0A\u00f1o de publicaci\u00f3n:\u00a0<strong>2022<\/strong>.\u00a0ISBN:<strong>\u00a0978-84-18584-79-4<\/strong><\/p>\n<hr \/>\n<p style=\"text-align: justify;\">Sobre el Autor:<\/p>\n<p style=\"text-align: justify;\"><strong>Diego Ameixeiras\u00a0<\/strong>(Lausana, Suiza, 1971). Periodista por formaci\u00f3n y guionista por dedicaci\u00f3n, Ameixeiras ha cultivado con asiduidad el g\u00e9nero negro, donde, como todo autor que se precie, tambi\u00e9n ha creado su particular versi\u00f3n del detective sagaz en la persona de Horacio Dopico. A pesar de ser nacido en Suiza, se crio en Ourense, ciudad que ha rebautizado en sus narraciones como Oreg\u00f3n.<\/p>\n<p style=\"text-align: justify;\">Como narrador se estren\u00f3 con\u00a0<em>Baixo m\u00ednimos<\/em>\u00a0(2004), a la que sigui\u00f3\u00a0<em>O cidad\u00e1n do mes<\/em>\u00a0(2006). Tras ellas vinieron la divertida\u00a0<em>Tres segundos de memoria<\/em>\u00a0(2006) \u2015Premio Xerais\u2015, la dura\u00a0<em>Dime algo sucio<\/em>\u00a0(2009) \u2015Premio Especial del Director de la Semana Negra de Gij\u00f3n\u2015, la ficci\u00f3n pol\u00edtica\u00a0<em>Asasinato no Consello Nacional<\/em>\u00a0(2010) \u2015Premio Irmandade do Libro\u2015, la convulsa\u00a0<em>Historias de Oreg\u00f3n<\/em>\u00a0(2011) \u2015Premio Novela por entregas La Voz de Galicia\u2015, la historia de inspiraci\u00f3n real recreada en\u00a0<em>Todo OK<\/em>\u00a0(2012), el enojoso mundo de los tiburones bancarios de\u00a0<em>Matarte lentamente<\/em>\u00a0(2013), el retrato de precariedad de\u00a0<em>Conduce r\u00e1pido<\/em>\u00a0(2014) \u2015Premio Ant\u00f3n Losada Di\u00e9guez\u2015, la metaliteraria\u00a0<em>A noite en enriba<\/em>\u00a0(2015), que homenajea a David Goodis y\u00a0<em>A crueldade de abril<\/em>\u00a0(2018).<\/p>\n<hr \/>\n<p style=\"text-align: justify;\">Rese\u00f1a:<\/p>\n<p style=\"text-align: justify;\">Si algo es esta novela, adem\u00e1s de una bofetada de realidad en toda la cara, es una obra de g\u00e9nero negro puro. Sin medias tintas, como ocurre en pr\u00e1cticamente toda la obra del autor gallego.<\/p>\n<p style=\"text-align: justify;\">Las atm\u00f3sferas a veces agobiantes para el lector, esas por las que deambulan los personajes desheredados, son marca de la casa. Los perdedores de barrio que se nos presentan en\u00a0<em>El ciervo y la sombra<\/em>\u00a0son muy reales, tanto que todos los conocemos. Nos cruzamos en la calle con ellos a diario, algunos eran incluso nuestros compa\u00f1eros de colegio. Nuestros amigos en las primeras andanzas juveniles en los billares, en los recreativos o en los bancos del parque de nuestra calle, hasta que la suerte y la desgracia repartieron las cartas y cada uno quedamos a un lado de la l\u00ednea.<\/p>\n<p style=\"text-align: justify;\">Ameixeiras utiliza el complicado submundo de Ourense, una ciudad que conoce a la perfecci\u00f3n, para dar cabida a Mateo: un personaje que, a pesar de haber intentado una y otra vez salir de ese pozo oscuro en el que el destino se empe\u00f1a en dejarle caer, no consigue abandonar una vida que lo trata de una manera extremadamente dura. Ese perdedor honroso, vapuleado por los acontecimientos que tan bien construye el autor y que como al resto de personajes principales \u2015Irene, Silvio, el cura, o la maestra jubilada\u2015 est\u00e1n creados desde la autenticidad m\u00e1s absoluta. Otra marca de la casa Ameixeiras.<\/p>\n<p style=\"text-align: justify;\">Este realismo se atisba desde las primeras p\u00e1ginas, pues el autor lo pone al servicio de una trama en la que la drogodependencia, de la que Mateo logr\u00f3 huir al menos en parte, lo ba\u00f1a todo. Dejando, eso s\u00ed, un resquicio para el optimismo en forma de amor. Un amor representado por Irene. Una bocanada de esperanza y de futuro para Mateo, que ve en la posibilidad de retomar una vieja relaci\u00f3n fracasada con la joven su \u00faltima oportunidad de enderezar una vida que hace tiempo que dej\u00f3 de controlar.<\/p>\n<p style=\"text-align: justify;\">Di\u00e1logos \u00e1cidos, directos, peligrosos, como los personajes que los protagonizan y una narraci\u00f3n en primera persona que sirve como acelerante de una trama que es un testimonio directo de algunos de los problemas m\u00e1s evidentes que nos rodean como sociedad, y que no todos estamos dispuestos a mirar a los ojos.<\/p>\n<p style=\"text-align: justify;\">\u00a9Eduardo Fern\u00e1n-L\u00f3pez Malatesta. Agosto 2023. Todos los derechos reservados.<\/p>\n","protected":false},"excerpt":{"rendered":"<p>EL\u00a0 CIERVO Y LA SOMBRA \u2014 Diego Ameixeiras Mateo, el protagonista de esta vibrante y conmovedora novela intenta salir adelante vendiendo coca\u00edna y dej\u00e1ndose enredar por los extra\u00f1os negocios que le ofrece Silvio, su mejor cliente y un viejo amigo con el que se siente en deuda. Al mismo tiempo, mientras se esfuerza en superar [&hellip;]<\/p>\n","protected":false},"author":16,"featured_media":5847,"comment_status":"open","ping_status":"closed","sticky":false,"template":"","format":"standard","meta":{"footnotes":""},"categories":[74],"tags":[249,585,268],"class_list":{"0":"post-2546","1":"post","2":"type-post","3":"status-publish","4":"format-standard","5":"has-post-thumbnail","7":"category-resenas","8":"tag-alreves-editorial","9":"tag-diego-ameixeiras","10":"tag-eduardo-fernan-lopez"},"yoast_head":"<!-- This site is optimized with the Yoast SEO plugin v27.5 - https:\/\/yoast.com\/product\/yoast-seo-wordpress\/ -->\n<title>El ciervo y la sombra | HOJAS SUELTAS Peri\u00f3dico Cultural<\/title>\n<meta name=\"robots\" content=\"index, follow, max-snippet:-1, max-image-preview:large, max-video-preview:-1\" \/>\n<link rel=\"canonical\" href=\"https:\/\/hojassueltas.es\/?p=2546\" \/>\n<meta property=\"og:locale\" content=\"es_ES\" \/>\n<meta property=\"og:type\" content=\"article\" \/>\n<meta property=\"og:title\" content=\"El ciervo y la sombra | HOJAS SUELTAS Peri\u00f3dico Cultural\" \/>\n<meta property=\"og:description\" content=\"EL\u00a0 CIERVO Y LA SOMBRA \u2014 Diego Ameixeiras Mateo, el protagonista de esta vibrante y conmovedora novela intenta salir adelante vendiendo coca\u00edna y dej\u00e1ndose enredar por los extra\u00f1os negocios que le ofrece Silvio, su mejor cliente y un viejo amigo con el que se siente en deuda. Al mismo tiempo, mientras se esfuerza en superar [&hellip;]\" \/>\n<meta property=\"og:url\" content=\"https:\/\/hojassueltas.es\/?p=2546\" \/>\n<meta property=\"og:site_name\" content=\"HOJAS SUELTAS Peri\u00f3dico Cultural\" \/>\n<meta property=\"article:published_time\" content=\"2023-08-11T22:01:18+00:00\" \/>\n<meta property=\"article:modified_time\" content=\"2025-12-11T15:06:11+00:00\" \/>\n<meta property=\"og:image\" content=\"https:\/\/hojassueltas.es\/wp-content\/uploads\/2023\/08\/El-ciervo-y-la-sombra_web.png\" \/>\n\t<meta property=\"og:image:width\" content=\"1050\" \/>\n\t<meta property=\"og:image:height\" content=\"610\" \/>\n\t<meta property=\"og:image:type\" content=\"image\/png\" \/>\n<meta name=\"author\" content=\"Eduardo Fern\u00e1n-L\u00f3pez Malatesta\" \/>\n<meta name=\"twitter:card\" content=\"summary_large_image\" \/>\n<meta name=\"twitter:creator\" content=\"@HOJASSUELTAS22\" \/>\n<meta name=\"twitter:site\" content=\"@HOJASSUELTAS22\" \/>\n<meta name=\"twitter:label1\" content=\"Escrito por\" \/>\n\t<meta name=\"twitter:data1\" content=\"Eduardo Fern\u00e1n-L\u00f3pez Malatesta\" \/>\n\t<meta name=\"twitter:label2\" content=\"Tiempo de lectura\" \/>\n\t<meta name=\"twitter:data2\" content=\"4 minutos\" \/>\n<script type=\"application\/ld+json\" class=\"yoast-schema-graph\">{\"@context\":\"https:\\\/\\\/schema.org\",\"@graph\":[{\"@type\":[\"Article\",\"BlogPosting\"],\"@id\":\"https:\\\/\\\/hojassueltas.es\\\/?p=2546#article\",\"isPartOf\":{\"@id\":\"https:\\\/\\\/hojassueltas.es\\\/?p=2546\"},\"author\":{\"name\":\"Eduardo Fern\u00e1n-L\u00f3pez Malatesta\",\"@id\":\"https:\\\/\\\/hojassueltas.es\\\/#\\\/schema\\\/person\\\/a5d3e606bd30a7c60de59cc024ba3589\"},\"headline\":\"El ciervo y la sombra\",\"datePublished\":\"2023-08-11T22:01:18+00:00\",\"dateModified\":\"2025-12-11T15:06:11+00:00\",\"mainEntityOfPage\":{\"@id\":\"https:\\\/\\\/hojassueltas.es\\\/?p=2546\"},\"wordCount\":819,\"commentCount\":0,\"publisher\":{\"@id\":\"https:\\\/\\\/hojassueltas.es\\\/#organization\"},\"image\":{\"@id\":\"https:\\\/\\\/hojassueltas.es\\\/?p=2546#primaryimage\"},\"thumbnailUrl\":\"https:\\\/\\\/hojassueltas.es\\\/wp-content\\\/uploads\\\/2023\\\/08\\\/El-ciervo-y-la-sombra_web.png\",\"keywords\":[\"Alrev\u00e9s Editorial\",\"Diego Ameixeiras\",\"Eduardo Fern\u00e1n-L\u00f3pez\"],\"articleSection\":[\"RESE\u00d1AS\"],\"inLanguage\":\"es\",\"potentialAction\":[{\"@type\":\"CommentAction\",\"name\":\"Comment\",\"target\":[\"https:\\\/\\\/hojassueltas.es\\\/?p=2546#respond\"]}]},{\"@type\":\"WebPage\",\"@id\":\"https:\\\/\\\/hojassueltas.es\\\/?p=2546\",\"url\":\"https:\\\/\\\/hojassueltas.es\\\/?p=2546\",\"name\":\"El ciervo y la sombra | HOJAS SUELTAS Peri\u00f3dico Cultural\",\"isPartOf\":{\"@id\":\"https:\\\/\\\/hojassueltas.es\\\/#website\"},\"primaryImageOfPage\":{\"@id\":\"https:\\\/\\\/hojassueltas.es\\\/?p=2546#primaryimage\"},\"image\":{\"@id\":\"https:\\\/\\\/hojassueltas.es\\\/?p=2546#primaryimage\"},\"thumbnailUrl\":\"https:\\\/\\\/hojassueltas.es\\\/wp-content\\\/uploads\\\/2023\\\/08\\\/El-ciervo-y-la-sombra_web.png\",\"datePublished\":\"2023-08-11T22:01:18+00:00\",\"dateModified\":\"2025-12-11T15:06:11+00:00\",\"breadcrumb\":{\"@id\":\"https:\\\/\\\/hojassueltas.es\\\/?p=2546#breadcrumb\"},\"inLanguage\":\"es\",\"potentialAction\":[{\"@type\":\"ReadAction\",\"target\":[\"https:\\\/\\\/hojassueltas.es\\\/?p=2546\"]}]},{\"@type\":\"ImageObject\",\"inLanguage\":\"es\",\"@id\":\"https:\\\/\\\/hojassueltas.es\\\/?p=2546#primaryimage\",\"url\":\"https:\\\/\\\/hojassueltas.es\\\/wp-content\\\/uploads\\\/2023\\\/08\\\/El-ciervo-y-la-sombra_web.png\",\"contentUrl\":\"https:\\\/\\\/hojassueltas.es\\\/wp-content\\\/uploads\\\/2023\\\/08\\\/El-ciervo-y-la-sombra_web.png\",\"width\":1050,\"height\":610},{\"@type\":\"BreadcrumbList\",\"@id\":\"https:\\\/\\\/hojassueltas.es\\\/?p=2546#breadcrumb\",\"itemListElement\":[{\"@type\":\"ListItem\",\"position\":1,\"name\":\"Portada\",\"item\":\"https:\\\/\\\/hojassueltas.es\\\/\"},{\"@type\":\"ListItem\",\"position\":2,\"name\":\"El ciervo y la sombra\"}]},{\"@type\":\"WebSite\",\"@id\":\"https:\\\/\\\/hojassueltas.es\\\/#website\",\"url\":\"https:\\\/\\\/hojassueltas.es\\\/\",\"name\":\"HojasSueltas.es\",\"description\":\"GRANADA - Peri\u00f3dico Cultural\",\"publisher\":{\"@id\":\"https:\\\/\\\/hojassueltas.es\\\/#organization\"},\"alternateName\":\"H.S. Periodico Cultural\",\"potentialAction\":[{\"@type\":\"SearchAction\",\"target\":{\"@type\":\"EntryPoint\",\"urlTemplate\":\"https:\\\/\\\/hojassueltas.es\\\/?s={search_term_string}\"},\"query-input\":{\"@type\":\"PropertyValueSpecification\",\"valueRequired\":true,\"valueName\":\"search_term_string\"}}],\"inLanguage\":\"es\"},{\"@type\":\"Organization\",\"@id\":\"https:\\\/\\\/hojassueltas.es\\\/#organization\",\"name\":\"HOJAS SUELTAS - Peri\u00f3dico Cultural\",\"alternateName\":\"HS - HOJAS SUELTAS Peri\u00f3dico Cultural\",\"url\":\"https:\\\/\\\/hojassueltas.es\\\/\",\"logo\":{\"@type\":\"ImageObject\",\"inLanguage\":\"es\",\"@id\":\"https:\\\/\\\/hojassueltas.es\\\/#\\\/schema\\\/logo\\\/image\\\/\",\"url\":\"https:\\\/\\\/hojassueltas.es\\\/wp-content\\\/uploads\\\/2025\\\/08\\\/Icono-HS_2.png\",\"contentUrl\":\"https:\\\/\\\/hojassueltas.es\\\/wp-content\\\/uploads\\\/2025\\\/08\\\/Icono-HS_2.png\",\"width\":500,\"height\":500,\"caption\":\"HOJAS SUELTAS - Peri\u00f3dico Cultural\"},\"image\":{\"@id\":\"https:\\\/\\\/hojassueltas.es\\\/#\\\/schema\\\/logo\\\/image\\\/\"},\"sameAs\":[\"https:\\\/\\\/x.com\\\/HOJASSUELTAS22\"]},{\"@type\":\"Person\",\"@id\":\"https:\\\/\\\/hojassueltas.es\\\/#\\\/schema\\\/person\\\/a5d3e606bd30a7c60de59cc024ba3589\",\"name\":\"Eduardo Fern\u00e1n-L\u00f3pez Malatesta\",\"image\":{\"@type\":\"ImageObject\",\"inLanguage\":\"es\",\"@id\":\"https:\\\/\\\/hojassueltas.es\\\/wp-content\\\/uploads\\\/2023\\\/02\\\/Eduardo-Fernan_web-trans-96x96.png\",\"url\":\"https:\\\/\\\/hojassueltas.es\\\/wp-content\\\/uploads\\\/2023\\\/02\\\/Eduardo-Fernan_web-trans-96x96.png\",\"contentUrl\":\"https:\\\/\\\/hojassueltas.es\\\/wp-content\\\/uploads\\\/2023\\\/02\\\/Eduardo-Fernan_web-trans-96x96.png\",\"caption\":\"Eduardo Fern\u00e1n-L\u00f3pez Malatesta\"},\"description\":\"Doctor en Historia Contempor\u00e1nea y licenciado en Historia del Arte. Trabaja como gestor cultural y en los \u00faltimos a\u00f1os ha participado como ponente en diversos congresos y festivales de novela negra (Salamanca, Tenerife, Buenos Aires). La dentellada es su primera novela.\",\"url\":\"https:\\\/\\\/hojassueltas.es\\\/?author=16\"}]}<\/script>\n<!-- \/ Yoast SEO plugin. -->","yoast_head_json":{"title":"El ciervo y la sombra | HOJAS SUELTAS Peri\u00f3dico Cultural","robots":{"index":"index","follow":"follow","max-snippet":"max-snippet:-1","max-image-preview":"max-image-preview:large","max-video-preview":"max-video-preview:-1"},"canonical":"https:\/\/hojassueltas.es\/?p=2546","og_locale":"es_ES","og_type":"article","og_title":"El ciervo y la sombra | HOJAS SUELTAS Peri\u00f3dico Cultural","og_description":"EL\u00a0 CIERVO Y LA SOMBRA \u2014 Diego Ameixeiras Mateo, el protagonista de esta vibrante y conmovedora novela intenta salir adelante vendiendo coca\u00edna y dej\u00e1ndose enredar por los extra\u00f1os negocios que le ofrece Silvio, su mejor cliente y un viejo amigo con el que se siente en deuda. Al mismo tiempo, mientras se esfuerza en superar [&hellip;]","og_url":"https:\/\/hojassueltas.es\/?p=2546","og_site_name":"HOJAS SUELTAS Peri\u00f3dico Cultural","article_published_time":"2023-08-11T22:01:18+00:00","article_modified_time":"2025-12-11T15:06:11+00:00","og_image":[{"width":1050,"height":610,"url":"https:\/\/hojassueltas.es\/wp-content\/uploads\/2023\/08\/El-ciervo-y-la-sombra_web.png","type":"image\/png"}],"author":"Eduardo Fern\u00e1n-L\u00f3pez Malatesta","twitter_card":"summary_large_image","twitter_creator":"@HOJASSUELTAS22","twitter_site":"@HOJASSUELTAS22","twitter_misc":{"Escrito por":"Eduardo Fern\u00e1n-L\u00f3pez Malatesta","Tiempo de lectura":"4 minutos"},"schema":{"@context":"https:\/\/schema.org","@graph":[{"@type":["Article","BlogPosting"],"@id":"https:\/\/hojassueltas.es\/?p=2546#article","isPartOf":{"@id":"https:\/\/hojassueltas.es\/?p=2546"},"author":{"name":"Eduardo Fern\u00e1n-L\u00f3pez Malatesta","@id":"https:\/\/hojassueltas.es\/#\/schema\/person\/a5d3e606bd30a7c60de59cc024ba3589"},"headline":"El ciervo y la sombra","datePublished":"2023-08-11T22:01:18+00:00","dateModified":"2025-12-11T15:06:11+00:00","mainEntityOfPage":{"@id":"https:\/\/hojassueltas.es\/?p=2546"},"wordCount":819,"commentCount":0,"publisher":{"@id":"https:\/\/hojassueltas.es\/#organization"},"image":{"@id":"https:\/\/hojassueltas.es\/?p=2546#primaryimage"},"thumbnailUrl":"https:\/\/hojassueltas.es\/wp-content\/uploads\/2023\/08\/El-ciervo-y-la-sombra_web.png","keywords":["Alrev\u00e9s Editorial","Diego Ameixeiras","Eduardo Fern\u00e1n-L\u00f3pez"],"articleSection":["RESE\u00d1AS"],"inLanguage":"es","potentialAction":[{"@type":"CommentAction","name":"Comment","target":["https:\/\/hojassueltas.es\/?p=2546#respond"]}]},{"@type":"WebPage","@id":"https:\/\/hojassueltas.es\/?p=2546","url":"https:\/\/hojassueltas.es\/?p=2546","name":"El ciervo y la sombra | HOJAS SUELTAS Peri\u00f3dico Cultural","isPartOf":{"@id":"https:\/\/hojassueltas.es\/#website"},"primaryImageOfPage":{"@id":"https:\/\/hojassueltas.es\/?p=2546#primaryimage"},"image":{"@id":"https:\/\/hojassueltas.es\/?p=2546#primaryimage"},"thumbnailUrl":"https:\/\/hojassueltas.es\/wp-content\/uploads\/2023\/08\/El-ciervo-y-la-sombra_web.png","datePublished":"2023-08-11T22:01:18+00:00","dateModified":"2025-12-11T15:06:11+00:00","breadcrumb":{"@id":"https:\/\/hojassueltas.es\/?p=2546#breadcrumb"},"inLanguage":"es","potentialAction":[{"@type":"ReadAction","target":["https:\/\/hojassueltas.es\/?p=2546"]}]},{"@type":"ImageObject","inLanguage":"es","@id":"https:\/\/hojassueltas.es\/?p=2546#primaryimage","url":"https:\/\/hojassueltas.es\/wp-content\/uploads\/2023\/08\/El-ciervo-y-la-sombra_web.png","contentUrl":"https:\/\/hojassueltas.es\/wp-content\/uploads\/2023\/08\/El-ciervo-y-la-sombra_web.png","width":1050,"height":610},{"@type":"BreadcrumbList","@id":"https:\/\/hojassueltas.es\/?p=2546#breadcrumb","itemListElement":[{"@type":"ListItem","position":1,"name":"Portada","item":"https:\/\/hojassueltas.es\/"},{"@type":"ListItem","position":2,"name":"El ciervo y la sombra"}]},{"@type":"WebSite","@id":"https:\/\/hojassueltas.es\/#website","url":"https:\/\/hojassueltas.es\/","name":"HojasSueltas.es","description":"GRANADA - Peri\u00f3dico Cultural","publisher":{"@id":"https:\/\/hojassueltas.es\/#organization"},"alternateName":"H.S. Periodico Cultural","potentialAction":[{"@type":"SearchAction","target":{"@type":"EntryPoint","urlTemplate":"https:\/\/hojassueltas.es\/?s={search_term_string}"},"query-input":{"@type":"PropertyValueSpecification","valueRequired":true,"valueName":"search_term_string"}}],"inLanguage":"es"},{"@type":"Organization","@id":"https:\/\/hojassueltas.es\/#organization","name":"HOJAS SUELTAS - Peri\u00f3dico Cultural","alternateName":"HS - HOJAS SUELTAS Peri\u00f3dico Cultural","url":"https:\/\/hojassueltas.es\/","logo":{"@type":"ImageObject","inLanguage":"es","@id":"https:\/\/hojassueltas.es\/#\/schema\/logo\/image\/","url":"https:\/\/hojassueltas.es\/wp-content\/uploads\/2025\/08\/Icono-HS_2.png","contentUrl":"https:\/\/hojassueltas.es\/wp-content\/uploads\/2025\/08\/Icono-HS_2.png","width":500,"height":500,"caption":"HOJAS SUELTAS - Peri\u00f3dico Cultural"},"image":{"@id":"https:\/\/hojassueltas.es\/#\/schema\/logo\/image\/"},"sameAs":["https:\/\/x.com\/HOJASSUELTAS22"]},{"@type":"Person","@id":"https:\/\/hojassueltas.es\/#\/schema\/person\/a5d3e606bd30a7c60de59cc024ba3589","name":"Eduardo Fern\u00e1n-L\u00f3pez Malatesta","image":{"@type":"ImageObject","inLanguage":"es","@id":"https:\/\/hojassueltas.es\/wp-content\/uploads\/2023\/02\/Eduardo-Fernan_web-trans-96x96.png","url":"https:\/\/hojassueltas.es\/wp-content\/uploads\/2023\/02\/Eduardo-Fernan_web-trans-96x96.png","contentUrl":"https:\/\/hojassueltas.es\/wp-content\/uploads\/2023\/02\/Eduardo-Fernan_web-trans-96x96.png","caption":"Eduardo Fern\u00e1n-L\u00f3pez Malatesta"},"description":"Doctor en Historia Contempor\u00e1nea y licenciado en Historia del Arte. Trabaja como gestor cultural y en los \u00faltimos a\u00f1os ha participado como ponente en diversos congresos y festivales de novela negra (Salamanca, Tenerife, Buenos Aires). La dentellada es su primera novela.","url":"https:\/\/hojassueltas.es\/?author=16"}]}},"_links":{"self":[{"href":"https:\/\/hojassueltas.es\/index.php?rest_route=\/wp\/v2\/posts\/2546","targetHints":{"allow":["GET"]}}],"collection":[{"href":"https:\/\/hojassueltas.es\/index.php?rest_route=\/wp\/v2\/posts"}],"about":[{"href":"https:\/\/hojassueltas.es\/index.php?rest_route=\/wp\/v2\/types\/post"}],"author":[{"embeddable":true,"href":"https:\/\/hojassueltas.es\/index.php?rest_route=\/wp\/v2\/users\/16"}],"replies":[{"embeddable":true,"href":"https:\/\/hojassueltas.es\/index.php?rest_route=%2Fwp%2Fv2%2Fcomments&post=2546"}],"version-history":[{"count":4,"href":"https:\/\/hojassueltas.es\/index.php?rest_route=\/wp\/v2\/posts\/2546\/revisions"}],"predecessor-version":[{"id":5626,"href":"https:\/\/hojassueltas.es\/index.php?rest_route=\/wp\/v2\/posts\/2546\/revisions\/5626"}],"wp:featuredmedia":[{"embeddable":true,"href":"https:\/\/hojassueltas.es\/index.php?rest_route=\/wp\/v2\/media\/5847"}],"wp:attachment":[{"href":"https:\/\/hojassueltas.es\/index.php?rest_route=%2Fwp%2Fv2%2Fmedia&parent=2546"}],"wp:term":[{"taxonomy":"category","embeddable":true,"href":"https:\/\/hojassueltas.es\/index.php?rest_route=%2Fwp%2Fv2%2Fcategories&post=2546"},{"taxonomy":"post_tag","embeddable":true,"href":"https:\/\/hojassueltas.es\/index.php?rest_route=%2Fwp%2Fv2%2Ftags&post=2546"}],"curies":[{"name":"wp","href":"https:\/\/api.w.org\/{rel}","templated":true}]}}