{"id":2534,"date":"2023-04-01T00:05:10","date_gmt":"2023-03-31T22:05:10","guid":{"rendered":"https:\/\/hojassueltas.es\/?p=2534"},"modified":"2025-12-11T17:06:11","modified_gmt":"2025-12-11T15:06:11","slug":"pisto-a-la-bilbaina","status":"publish","type":"post","link":"https:\/\/hojassueltas.es\/?p=2534","title":{"rendered":"Pisto a la bilbaina"},"content":{"rendered":"<h2>PISTO A LA BILBAINA<\/h2>\n<p><strong>\u00a0Jos\u00e9 Francisco Alonso.<\/strong><\/p>\n<hr \/>\n<p>Editorial: Cosecha Negra. Tapa blanda. 299 p\u00e1ginas. ISBN: 978-8409347438<\/p>\n<p><a href=\"https:\/\/paginasnegras.es\/producto\/pisto-a-la-bilbaina\/\" target=\"_blank\" rel=\"noopener\"><img loading=\"lazy\" decoding=\"async\" class=\"size-full wp-image-1030 alignleft\" src=\"https:\/\/hojassueltas.es\/wp-content\/uploads\/2023\/01\/PULSAR-AQUI_250_transp.png\" alt=\"\" width=\"250\" height=\"86\" \/><\/a><\/p>\n<p style=\"text-align: justify;\"><strong>Jos\u00e9 Francisco Alonso Bilbao<\/strong>\u00a0(1968). Licenciado en Filosof\u00eda y Ciencias de la Educaci\u00f3n por la Universidad de Deusto. Trabaja como profesor de Filosof\u00eda en la ciudad de Valladolid. Amante de la buena mesa y la mejor conversaci\u00f3n, preocupado por el devenir del mundo actual y cr\u00edtico por deformaci\u00f3n. Necesitado de contar historias. Admira la novela negra mediterr\u00e1nea de Andrea Camilleri y Petros M\u00e1rkaris. \u201cPisto a la bilba\u00edna\u201d es su primera novela publicada y ha sido finalista del IV premio Icue Negro de Cartagena Negra en 2022.<\/p>\n<p><strong>Sinopsis<\/strong>:<\/p>\n<p style=\"text-align: justify;\">Bego\u00f1a Letxea despierta secuestrada en un cuarto de un edificio cualquiera de Bilbao. Su marido, un importante arquitecto de la ciudad, recibe una llamada; tres millones de euros por la libertad de su esposa con una \u00fanica condici\u00f3n, no puede intervenir la polic\u00eda. Rom\u00e1n, subinspector de la Ertzaintza acude a su amigo, el profesor Loizaga, para que lo ayude en la investigaci\u00f3n. Pero el marido descubre que Bego\u00f1a tiene un amante. \u00bfPagar\u00e1 el arquitecto el dinero para liberar a su esposa?<\/p>\n<p style=\"text-align: justify;\">El profesor hace un recorrido por las calles, tabernas y lugares m\u00e1s emblem\u00e1ticos de la ciudad bilba\u00edna, donde intentar\u00e1 poner nombre y rostro a la persona que se esconde tras el secuestro de Bego\u00f1a Letxea y tras la misteriosa muerte del hombre hallado junto al puente del Arenal.<\/p>\n<hr \/>\n<p style=\"text-align: justify;\"><strong>Rese\u00f1a<\/strong>:<\/p>\n<p style=\"text-align: justify;\">La primera vez que escuch\u00e9 a Jos\u00e9 Francisco Alonso fue en un aula de la Universidad de Salamanca dentro del Congreso anual de novela negra. En la comunicaci\u00f3n que nos present\u00f3 hizo un an\u00e1lisis profundo y detallado de lo que \u00e9l denomino como\u00a0<em>Gastro Noir<\/em>, una ramificaci\u00f3n del g\u00e9nero negro que, evidentemente si nos atenemos al t\u00edtulo de su primera novela, maneja a la perfecci\u00f3n.<\/p>\n<p style=\"text-align: justify;\">No les estropeo nada si les digo que la novela habla de un secuestro, aparece en la contraportada, ni que la obra transcurre en Bilbao y que en ella la gastronom\u00eda tiene un peso muy espec\u00edfico. Pero s\u00ed les adelanto, que lo que le da ese punto novedoso es la capacidad que tiene el autor de presentarnos la iron\u00eda, el humor y la filosof\u00eda en las proporciones justas para que la historia detectivesca no se detenga ni un \u00e1pice.<\/p>\n<p style=\"text-align: justify;\">El hecho de que su protagonista sea un profesor de instituto, de filosof\u00eda para m\u00e1s detalle, hace que Loizaga sea un personaje sugestivo y atrayente desde el primer momento. Un soplo de aire fresco dentro de un g\u00e9nero donde todo parece ya contado. De ah\u00ed que la primera historia de Loizaga en Bilbao nos sumerja en una realidad cercana y reconfortante pues, m\u00e1s all\u00e1 del caso que deber\u00e1 ayudar a resolver, su devenir literario nos abrir\u00e1 la puerta a esa literatura\u00a0<em>Gastro Noir<\/em>\u00a0que no podr\u00eda tener mejor lugar de expresi\u00f3n que la ciudad de Bilbao.<\/p>\n<p style=\"text-align: justify;\">El asunto es que Loizaga porta una voz muy especial, tanto en su relaci\u00f3n directa con los alumnos del instituto en que trabaja, como con el resto de protagonistas de la que pronto ser\u00e1 una serie de obras protagonizadas por \u00e9l mismo. Pensamientos filos\u00f3ficos, sentimientos profundos y amistad a raudales, al estilo norte\u00f1o por supuesto, se ver\u00e1n libres de cortapisas cuando est\u00e9 junto a su compa\u00f1ero de investigaci\u00f3n. Su Sancho Panza particular se llama Rom\u00e1n y es, como no pod\u00eda ser de otra manera, subinspector de la Ertzaintza.<\/p>\n<p style=\"text-align: justify;\">Los roles de los personajes no se salen de sus caminos trazados, lo cu\u00e1l nos los muestra mucho m\u00e1s cercanos y reales, a la vez que el lenguaje espec\u00edfico de todos los personajes que aparecen en ella ofrecen una presencia fresca, cargada de desparpajo y son capaces de reflejar los diferentes momentos dram\u00e1ticos que Jos\u00e9 Francisco Alonso nos presenta en su primera obra, ya tengan como centro de la escena a un jesuita con retranca, un obrero ahogado por sus vicios y las deudas apremiantes, una mujer secuestrada, un ertzaina amante de salir de potes con los amigos por el centro de Bilbao o un empresario pillado a contra pie y noqueado por una realidad que se le escapa.<\/p>\n<p style=\"text-align: justify;\">Una primera novela m\u00e1s que aconsejable y que en breve, en noviembre de 2022, tendr\u00e1 continuidad con otro t\u00edtulo m\u00e1s que sugestivo: \u201cMilhojas de jam\u00f3n\u201d.<\/p>\n<p><strong>\u00a9 Eduardo Fern\u00e1n-L\u00f3pez. Abril 2023. Todos los derechos reservados.<\/strong><\/p>\n<p><img loading=\"lazy\" decoding=\"async\" class=\"alignnone wp-image-3012 size-full\" src=\"https:\/\/hojassueltas.es\/wp-content\/uploads\/2023\/06\/Comentario_2_web-1_trans.png\" alt=\"\" width=\"400\" height=\"80\" \/><\/p>\n","protected":false},"excerpt":{"rendered":"<p>PISTO A LA BILBAINA \u00a0Jos\u00e9 Francisco Alonso. Editorial: Cosecha Negra. Tapa blanda. 299 p\u00e1ginas. ISBN: 978-8409347438 Jos\u00e9 Francisco Alonso Bilbao\u00a0(1968). Licenciado en Filosof\u00eda y Ciencias de la Educaci\u00f3n por la Universidad de Deusto. Trabaja como profesor de Filosof\u00eda en la ciudad de Valladolid. Amante de la buena mesa y la mejor conversaci\u00f3n, preocupado por el [&hellip;]<\/p>\n","protected":false},"author":16,"featured_media":2803,"comment_status":"open","ping_status":"closed","sticky":false,"template":"","format":"standard","meta":{"footnotes":""},"categories":[74],"tags":[358,268,357],"class_list":{"0":"post-2534","1":"post","2":"type-post","3":"status-publish","4":"format-standard","5":"has-post-thumbnail","7":"category-resenas","8":"tag-cosecha-negra-editorial","9":"tag-eduardo-fernan-lopez","10":"tag-jose-francisco-alonso"},"yoast_head":"<!-- This site is optimized with the Yoast SEO plugin v27.5 - https:\/\/yoast.com\/product\/yoast-seo-wordpress\/ -->\n<title>Pisto a la bilbaina | HOJAS SUELTAS Peri\u00f3dico Cultural<\/title>\n<meta name=\"robots\" content=\"index, follow, max-snippet:-1, max-image-preview:large, max-video-preview:-1\" \/>\n<link rel=\"canonical\" href=\"https:\/\/hojassueltas.es\/?p=2534\" \/>\n<meta property=\"og:locale\" content=\"es_ES\" \/>\n<meta property=\"og:type\" content=\"article\" \/>\n<meta property=\"og:title\" content=\"Pisto a la bilbaina | HOJAS SUELTAS Peri\u00f3dico Cultural\" \/>\n<meta property=\"og:description\" content=\"PISTO A LA BILBAINA \u00a0Jos\u00e9 Francisco Alonso. Editorial: Cosecha Negra. Tapa blanda. 299 p\u00e1ginas. ISBN: 978-8409347438 Jos\u00e9 Francisco Alonso Bilbao\u00a0(1968). Licenciado en Filosof\u00eda y Ciencias de la Educaci\u00f3n por la Universidad de Deusto. Trabaja como profesor de Filosof\u00eda en la ciudad de Valladolid. Amante de la buena mesa y la mejor conversaci\u00f3n, preocupado por el [&hellip;]\" \/>\n<meta property=\"og:url\" content=\"https:\/\/hojassueltas.es\/?p=2534\" \/>\n<meta property=\"og:site_name\" content=\"HOJAS SUELTAS Peri\u00f3dico Cultural\" \/>\n<meta property=\"article:published_time\" content=\"2023-03-31T22:05:10+00:00\" \/>\n<meta property=\"article:modified_time\" content=\"2025-12-11T15:06:11+00:00\" \/>\n<meta property=\"og:image\" content=\"https:\/\/hojassueltas.es\/wp-content\/uploads\/2023\/03\/Pisto-a-la-Bilbaina_web-1.png\" \/>\n\t<meta property=\"og:image:width\" content=\"1050\" \/>\n\t<meta property=\"og:image:height\" content=\"610\" \/>\n\t<meta property=\"og:image:type\" content=\"image\/png\" \/>\n<meta name=\"author\" content=\"Eduardo Fern\u00e1n-L\u00f3pez Malatesta\" \/>\n<meta name=\"twitter:card\" content=\"summary_large_image\" \/>\n<meta name=\"twitter:creator\" content=\"@HOJASSUELTAS22\" \/>\n<meta name=\"twitter:site\" content=\"@HOJASSUELTAS22\" \/>\n<meta name=\"twitter:label1\" content=\"Escrito por\" \/>\n\t<meta name=\"twitter:data1\" content=\"Eduardo Fern\u00e1n-L\u00f3pez Malatesta\" \/>\n\t<meta name=\"twitter:label2\" content=\"Tiempo de lectura\" \/>\n\t<meta name=\"twitter:data2\" content=\"4 minutos\" \/>\n<script type=\"application\/ld+json\" class=\"yoast-schema-graph\">{\"@context\":\"https:\\\/\\\/schema.org\",\"@graph\":[{\"@type\":[\"Article\",\"BlogPosting\"],\"@id\":\"https:\\\/\\\/hojassueltas.es\\\/?p=2534#article\",\"isPartOf\":{\"@id\":\"https:\\\/\\\/hojassueltas.es\\\/?p=2534\"},\"author\":{\"name\":\"Eduardo Fern\u00e1n-L\u00f3pez Malatesta\",\"@id\":\"https:\\\/\\\/hojassueltas.es\\\/#\\\/schema\\\/person\\\/a5d3e606bd30a7c60de59cc024ba3589\"},\"headline\":\"Pisto a la bilbaina\",\"datePublished\":\"2023-03-31T22:05:10+00:00\",\"dateModified\":\"2025-12-11T15:06:11+00:00\",\"mainEntityOfPage\":{\"@id\":\"https:\\\/\\\/hojassueltas.es\\\/?p=2534\"},\"wordCount\":767,\"commentCount\":0,\"publisher\":{\"@id\":\"https:\\\/\\\/hojassueltas.es\\\/#organization\"},\"image\":{\"@id\":\"https:\\\/\\\/hojassueltas.es\\\/?p=2534#primaryimage\"},\"thumbnailUrl\":\"https:\\\/\\\/hojassueltas.es\\\/wp-content\\\/uploads\\\/2023\\\/03\\\/Pisto-a-la-Bilbaina_web-1.png\",\"keywords\":[\"Cosecha Negra Editorial\",\"Eduardo Fern\u00e1n-L\u00f3pez\",\"Jos\u00e9 Francisco Alonso\"],\"articleSection\":[\"RESE\u00d1AS\"],\"inLanguage\":\"es\",\"potentialAction\":[{\"@type\":\"CommentAction\",\"name\":\"Comment\",\"target\":[\"https:\\\/\\\/hojassueltas.es\\\/?p=2534#respond\"]}]},{\"@type\":\"WebPage\",\"@id\":\"https:\\\/\\\/hojassueltas.es\\\/?p=2534\",\"url\":\"https:\\\/\\\/hojassueltas.es\\\/?p=2534\",\"name\":\"Pisto a la bilbaina | HOJAS SUELTAS Peri\u00f3dico Cultural\",\"isPartOf\":{\"@id\":\"https:\\\/\\\/hojassueltas.es\\\/#website\"},\"primaryImageOfPage\":{\"@id\":\"https:\\\/\\\/hojassueltas.es\\\/?p=2534#primaryimage\"},\"image\":{\"@id\":\"https:\\\/\\\/hojassueltas.es\\\/?p=2534#primaryimage\"},\"thumbnailUrl\":\"https:\\\/\\\/hojassueltas.es\\\/wp-content\\\/uploads\\\/2023\\\/03\\\/Pisto-a-la-Bilbaina_web-1.png\",\"datePublished\":\"2023-03-31T22:05:10+00:00\",\"dateModified\":\"2025-12-11T15:06:11+00:00\",\"breadcrumb\":{\"@id\":\"https:\\\/\\\/hojassueltas.es\\\/?p=2534#breadcrumb\"},\"inLanguage\":\"es\",\"potentialAction\":[{\"@type\":\"ReadAction\",\"target\":[\"https:\\\/\\\/hojassueltas.es\\\/?p=2534\"]}]},{\"@type\":\"ImageObject\",\"inLanguage\":\"es\",\"@id\":\"https:\\\/\\\/hojassueltas.es\\\/?p=2534#primaryimage\",\"url\":\"https:\\\/\\\/hojassueltas.es\\\/wp-content\\\/uploads\\\/2023\\\/03\\\/Pisto-a-la-Bilbaina_web-1.png\",\"contentUrl\":\"https:\\\/\\\/hojassueltas.es\\\/wp-content\\\/uploads\\\/2023\\\/03\\\/Pisto-a-la-Bilbaina_web-1.png\",\"width\":1050,\"height\":610},{\"@type\":\"BreadcrumbList\",\"@id\":\"https:\\\/\\\/hojassueltas.es\\\/?p=2534#breadcrumb\",\"itemListElement\":[{\"@type\":\"ListItem\",\"position\":1,\"name\":\"Portada\",\"item\":\"https:\\\/\\\/hojassueltas.es\\\/\"},{\"@type\":\"ListItem\",\"position\":2,\"name\":\"Pisto a la bilbaina\"}]},{\"@type\":\"WebSite\",\"@id\":\"https:\\\/\\\/hojassueltas.es\\\/#website\",\"url\":\"https:\\\/\\\/hojassueltas.es\\\/\",\"name\":\"HojasSueltas.es\",\"description\":\"GRANADA - Peri\u00f3dico Cultural\",\"publisher\":{\"@id\":\"https:\\\/\\\/hojassueltas.es\\\/#organization\"},\"alternateName\":\"H.S. Periodico Cultural\",\"potentialAction\":[{\"@type\":\"SearchAction\",\"target\":{\"@type\":\"EntryPoint\",\"urlTemplate\":\"https:\\\/\\\/hojassueltas.es\\\/?s={search_term_string}\"},\"query-input\":{\"@type\":\"PropertyValueSpecification\",\"valueRequired\":true,\"valueName\":\"search_term_string\"}}],\"inLanguage\":\"es\"},{\"@type\":\"Organization\",\"@id\":\"https:\\\/\\\/hojassueltas.es\\\/#organization\",\"name\":\"HOJAS SUELTAS - Peri\u00f3dico Cultural\",\"alternateName\":\"HS - HOJAS SUELTAS Peri\u00f3dico Cultural\",\"url\":\"https:\\\/\\\/hojassueltas.es\\\/\",\"logo\":{\"@type\":\"ImageObject\",\"inLanguage\":\"es\",\"@id\":\"https:\\\/\\\/hojassueltas.es\\\/#\\\/schema\\\/logo\\\/image\\\/\",\"url\":\"https:\\\/\\\/hojassueltas.es\\\/wp-content\\\/uploads\\\/2025\\\/08\\\/Icono-HS_2.png\",\"contentUrl\":\"https:\\\/\\\/hojassueltas.es\\\/wp-content\\\/uploads\\\/2025\\\/08\\\/Icono-HS_2.png\",\"width\":500,\"height\":500,\"caption\":\"HOJAS SUELTAS - Peri\u00f3dico Cultural\"},\"image\":{\"@id\":\"https:\\\/\\\/hojassueltas.es\\\/#\\\/schema\\\/logo\\\/image\\\/\"},\"sameAs\":[\"https:\\\/\\\/x.com\\\/HOJASSUELTAS22\"]},{\"@type\":\"Person\",\"@id\":\"https:\\\/\\\/hojassueltas.es\\\/#\\\/schema\\\/person\\\/a5d3e606bd30a7c60de59cc024ba3589\",\"name\":\"Eduardo Fern\u00e1n-L\u00f3pez Malatesta\",\"image\":{\"@type\":\"ImageObject\",\"inLanguage\":\"es\",\"@id\":\"https:\\\/\\\/hojassueltas.es\\\/wp-content\\\/uploads\\\/2023\\\/02\\\/Eduardo-Fernan_web-trans-96x96.png\",\"url\":\"https:\\\/\\\/hojassueltas.es\\\/wp-content\\\/uploads\\\/2023\\\/02\\\/Eduardo-Fernan_web-trans-96x96.png\",\"contentUrl\":\"https:\\\/\\\/hojassueltas.es\\\/wp-content\\\/uploads\\\/2023\\\/02\\\/Eduardo-Fernan_web-trans-96x96.png\",\"caption\":\"Eduardo Fern\u00e1n-L\u00f3pez Malatesta\"},\"description\":\"Doctor en Historia Contempor\u00e1nea y licenciado en Historia del Arte. Trabaja como gestor cultural y en los \u00faltimos a\u00f1os ha participado como ponente en diversos congresos y festivales de novela negra (Salamanca, Tenerife, Buenos Aires). La dentellada es su primera novela.\",\"url\":\"https:\\\/\\\/hojassueltas.es\\\/?author=16\"}]}<\/script>\n<!-- \/ Yoast SEO plugin. -->","yoast_head_json":{"title":"Pisto a la bilbaina | HOJAS SUELTAS Peri\u00f3dico Cultural","robots":{"index":"index","follow":"follow","max-snippet":"max-snippet:-1","max-image-preview":"max-image-preview:large","max-video-preview":"max-video-preview:-1"},"canonical":"https:\/\/hojassueltas.es\/?p=2534","og_locale":"es_ES","og_type":"article","og_title":"Pisto a la bilbaina | HOJAS SUELTAS Peri\u00f3dico Cultural","og_description":"PISTO A LA BILBAINA \u00a0Jos\u00e9 Francisco Alonso. Editorial: Cosecha Negra. Tapa blanda. 299 p\u00e1ginas. ISBN: 978-8409347438 Jos\u00e9 Francisco Alonso Bilbao\u00a0(1968). Licenciado en Filosof\u00eda y Ciencias de la Educaci\u00f3n por la Universidad de Deusto. Trabaja como profesor de Filosof\u00eda en la ciudad de Valladolid. Amante de la buena mesa y la mejor conversaci\u00f3n, preocupado por el [&hellip;]","og_url":"https:\/\/hojassueltas.es\/?p=2534","og_site_name":"HOJAS SUELTAS Peri\u00f3dico Cultural","article_published_time":"2023-03-31T22:05:10+00:00","article_modified_time":"2025-12-11T15:06:11+00:00","og_image":[{"width":1050,"height":610,"url":"https:\/\/hojassueltas.es\/wp-content\/uploads\/2023\/03\/Pisto-a-la-Bilbaina_web-1.png","type":"image\/png"}],"author":"Eduardo Fern\u00e1n-L\u00f3pez Malatesta","twitter_card":"summary_large_image","twitter_creator":"@HOJASSUELTAS22","twitter_site":"@HOJASSUELTAS22","twitter_misc":{"Escrito por":"Eduardo Fern\u00e1n-L\u00f3pez Malatesta","Tiempo de lectura":"4 minutos"},"schema":{"@context":"https:\/\/schema.org","@graph":[{"@type":["Article","BlogPosting"],"@id":"https:\/\/hojassueltas.es\/?p=2534#article","isPartOf":{"@id":"https:\/\/hojassueltas.es\/?p=2534"},"author":{"name":"Eduardo Fern\u00e1n-L\u00f3pez Malatesta","@id":"https:\/\/hojassueltas.es\/#\/schema\/person\/a5d3e606bd30a7c60de59cc024ba3589"},"headline":"Pisto a la bilbaina","datePublished":"2023-03-31T22:05:10+00:00","dateModified":"2025-12-11T15:06:11+00:00","mainEntityOfPage":{"@id":"https:\/\/hojassueltas.es\/?p=2534"},"wordCount":767,"commentCount":0,"publisher":{"@id":"https:\/\/hojassueltas.es\/#organization"},"image":{"@id":"https:\/\/hojassueltas.es\/?p=2534#primaryimage"},"thumbnailUrl":"https:\/\/hojassueltas.es\/wp-content\/uploads\/2023\/03\/Pisto-a-la-Bilbaina_web-1.png","keywords":["Cosecha Negra Editorial","Eduardo Fern\u00e1n-L\u00f3pez","Jos\u00e9 Francisco Alonso"],"articleSection":["RESE\u00d1AS"],"inLanguage":"es","potentialAction":[{"@type":"CommentAction","name":"Comment","target":["https:\/\/hojassueltas.es\/?p=2534#respond"]}]},{"@type":"WebPage","@id":"https:\/\/hojassueltas.es\/?p=2534","url":"https:\/\/hojassueltas.es\/?p=2534","name":"Pisto a la bilbaina | HOJAS SUELTAS Peri\u00f3dico Cultural","isPartOf":{"@id":"https:\/\/hojassueltas.es\/#website"},"primaryImageOfPage":{"@id":"https:\/\/hojassueltas.es\/?p=2534#primaryimage"},"image":{"@id":"https:\/\/hojassueltas.es\/?p=2534#primaryimage"},"thumbnailUrl":"https:\/\/hojassueltas.es\/wp-content\/uploads\/2023\/03\/Pisto-a-la-Bilbaina_web-1.png","datePublished":"2023-03-31T22:05:10+00:00","dateModified":"2025-12-11T15:06:11+00:00","breadcrumb":{"@id":"https:\/\/hojassueltas.es\/?p=2534#breadcrumb"},"inLanguage":"es","potentialAction":[{"@type":"ReadAction","target":["https:\/\/hojassueltas.es\/?p=2534"]}]},{"@type":"ImageObject","inLanguage":"es","@id":"https:\/\/hojassueltas.es\/?p=2534#primaryimage","url":"https:\/\/hojassueltas.es\/wp-content\/uploads\/2023\/03\/Pisto-a-la-Bilbaina_web-1.png","contentUrl":"https:\/\/hojassueltas.es\/wp-content\/uploads\/2023\/03\/Pisto-a-la-Bilbaina_web-1.png","width":1050,"height":610},{"@type":"BreadcrumbList","@id":"https:\/\/hojassueltas.es\/?p=2534#breadcrumb","itemListElement":[{"@type":"ListItem","position":1,"name":"Portada","item":"https:\/\/hojassueltas.es\/"},{"@type":"ListItem","position":2,"name":"Pisto a la bilbaina"}]},{"@type":"WebSite","@id":"https:\/\/hojassueltas.es\/#website","url":"https:\/\/hojassueltas.es\/","name":"HojasSueltas.es","description":"GRANADA - Peri\u00f3dico Cultural","publisher":{"@id":"https:\/\/hojassueltas.es\/#organization"},"alternateName":"H.S. Periodico Cultural","potentialAction":[{"@type":"SearchAction","target":{"@type":"EntryPoint","urlTemplate":"https:\/\/hojassueltas.es\/?s={search_term_string}"},"query-input":{"@type":"PropertyValueSpecification","valueRequired":true,"valueName":"search_term_string"}}],"inLanguage":"es"},{"@type":"Organization","@id":"https:\/\/hojassueltas.es\/#organization","name":"HOJAS SUELTAS - Peri\u00f3dico Cultural","alternateName":"HS - HOJAS SUELTAS Peri\u00f3dico Cultural","url":"https:\/\/hojassueltas.es\/","logo":{"@type":"ImageObject","inLanguage":"es","@id":"https:\/\/hojassueltas.es\/#\/schema\/logo\/image\/","url":"https:\/\/hojassueltas.es\/wp-content\/uploads\/2025\/08\/Icono-HS_2.png","contentUrl":"https:\/\/hojassueltas.es\/wp-content\/uploads\/2025\/08\/Icono-HS_2.png","width":500,"height":500,"caption":"HOJAS SUELTAS - Peri\u00f3dico Cultural"},"image":{"@id":"https:\/\/hojassueltas.es\/#\/schema\/logo\/image\/"},"sameAs":["https:\/\/x.com\/HOJASSUELTAS22"]},{"@type":"Person","@id":"https:\/\/hojassueltas.es\/#\/schema\/person\/a5d3e606bd30a7c60de59cc024ba3589","name":"Eduardo Fern\u00e1n-L\u00f3pez Malatesta","image":{"@type":"ImageObject","inLanguage":"es","@id":"https:\/\/hojassueltas.es\/wp-content\/uploads\/2023\/02\/Eduardo-Fernan_web-trans-96x96.png","url":"https:\/\/hojassueltas.es\/wp-content\/uploads\/2023\/02\/Eduardo-Fernan_web-trans-96x96.png","contentUrl":"https:\/\/hojassueltas.es\/wp-content\/uploads\/2023\/02\/Eduardo-Fernan_web-trans-96x96.png","caption":"Eduardo Fern\u00e1n-L\u00f3pez Malatesta"},"description":"Doctor en Historia Contempor\u00e1nea y licenciado en Historia del Arte. Trabaja como gestor cultural y en los \u00faltimos a\u00f1os ha participado como ponente en diversos congresos y festivales de novela negra (Salamanca, Tenerife, Buenos Aires). La dentellada es su primera novela.","url":"https:\/\/hojassueltas.es\/?author=16"}]}},"_links":{"self":[{"href":"https:\/\/hojassueltas.es\/index.php?rest_route=\/wp\/v2\/posts\/2534","targetHints":{"allow":["GET"]}}],"collection":[{"href":"https:\/\/hojassueltas.es\/index.php?rest_route=\/wp\/v2\/posts"}],"about":[{"href":"https:\/\/hojassueltas.es\/index.php?rest_route=\/wp\/v2\/types\/post"}],"author":[{"embeddable":true,"href":"https:\/\/hojassueltas.es\/index.php?rest_route=\/wp\/v2\/users\/16"}],"replies":[{"embeddable":true,"href":"https:\/\/hojassueltas.es\/index.php?rest_route=%2Fwp%2Fv2%2Fcomments&post=2534"}],"version-history":[{"count":5,"href":"https:\/\/hojassueltas.es\/index.php?rest_route=\/wp\/v2\/posts\/2534\/revisions"}],"predecessor-version":[{"id":3072,"href":"https:\/\/hojassueltas.es\/index.php?rest_route=\/wp\/v2\/posts\/2534\/revisions\/3072"}],"wp:featuredmedia":[{"embeddable":true,"href":"https:\/\/hojassueltas.es\/index.php?rest_route=\/wp\/v2\/media\/2803"}],"wp:attachment":[{"href":"https:\/\/hojassueltas.es\/index.php?rest_route=%2Fwp%2Fv2%2Fmedia&parent=2534"}],"wp:term":[{"taxonomy":"category","embeddable":true,"href":"https:\/\/hojassueltas.es\/index.php?rest_route=%2Fwp%2Fv2%2Fcategories&post=2534"},{"taxonomy":"post_tag","embeddable":true,"href":"https:\/\/hojassueltas.es\/index.php?rest_route=%2Fwp%2Fv2%2Ftags&post=2534"}],"curies":[{"name":"wp","href":"https:\/\/api.w.org\/{rel}","templated":true}]}}