{"id":25243,"date":"2025-11-25T00:00:10","date_gmt":"2025-11-24T22:00:10","guid":{"rendered":"https:\/\/hojassueltas.es\/?p=25243"},"modified":"2025-12-12T16:37:58","modified_gmt":"2025-12-12T14:37:58","slug":"tiempo-de-pausa-y-celebracion","status":"publish","type":"post","link":"https:\/\/hojassueltas.es\/?p=25243","title":{"rendered":"Tiempo de pausa y celebraci\u00f3n"},"content":{"rendered":"<p><strong>Por Redactor Jefe\u00a0<\/strong><\/p>\n<hr \/>\n<p align=\"justify\"><span style=\"font-family: Cambria Math, serif;\"><span style=\"font-size: large;\">EDITORIAL<\/span><\/span><\/p>\n<p align=\"justify\"><span style=\"font-family: Cambria Math, serif;\"><span style=\"font-size: large;\">Con la llegada de los \u00faltimos d\u00edas de noviembre e inicio de diciembre, se despliega ante nosotros un tiempo particular del a\u00f1o: las luces se encienden m\u00e1s temprano, las agendas se entrecruzan con encuentros, y el ritmo habitual \u2014el de los d\u00edas de trabajo, los proyectos en marcha, los compromisos editoriales\u2014 se ve dulcemente interrumpido por las celebraciones, las despedidas y la necesaria pausa.<\/span><\/span><\/p>\n<p align=\"justify\"><span style=\"font-family: Cambria Math, serif;\"><span style=\"font-size: large;\">Tambi\u00e9n en <\/span><\/span><em><span style=\"font-family: Cambria Math, serif;\"><span style=\"font-size: large;\">Hojas Sueltas<\/span><\/span><\/em><span style=\"font-family: Cambria Math, serif;\"><span style=\"font-size: large;\"> entramos en esa cadencia distinta. Como cada temporada, la redacci\u00f3n se ve atravesada por un aire m\u00e1s templado: la cercan\u00eda de las fiestas, las reuniones familiares, las compras apuradas, los brindis, comidas y cenas en restaurantes y bares, repletos de conversaciones y la inminente llegada de unos d\u00edas de descanso. Nuestro director tamben suele tomar sus vacaciones, y con ello se abre un par\u00e9ntesis que nos invita a flexibilizar nuestros ritmos, a dejar un espacio para el recogimiento y para el silencio que tambi\u00e9n forma parte de la vida cultural.<\/span><\/span><\/p>\n<p align=\"justify\"><span style=\"font-family: Cambria Math, serif;\"><span style=\"font-size: large;\">Desde ahora, durante diciembre y mediados de enero, reduciremos ligeramente el n\u00famero de publicaciones, sin dejar por ello de estar atentos al pulso de la actualidad cultural. Seguiremos compartiendo lecturas, rese\u00f1as y reflexiones que acompa\u00f1en a nuestros lectores en estas fechas, sin renunciar al compromiso que nos define. Y, por supuesto, continuaremos recibiendo con gratitud las aportaciones de nuestros colaboradores, cuyo entusiasmo y generosidad hacen posible este proyecto cada d\u00eda.<\/span><\/span><\/p>\n<p align=\"justify\"><span style=\"font-family: Cambria Math, serif;\"><span style=\"font-size: large;\">La cultura no se detiene, aunque su forma de manifestarse \u2014como todo en esta \u00e9poca\u2014 adquiera otro ritmo, m\u00e1s introspectivo quiz\u00e1, m\u00e1s ligado a lo \u00edntimo y lo compartido. Nos lo recuerda la m\u00fasica en la calle, la vuelta a los libros que esperan en la estanter\u00eda, los teatros que mantienen su cartelera encendida incluso en los d\u00edas m\u00e1s fr\u00edos, los museos que ofrecen cobijo, y el cine, que tantas veces nos ha ense\u00f1ado a mirar mejor el mundo.<\/span><\/span><\/p>\n<p align=\"justify\"><span style=\"font-family: Cambria Math, serif;\"><span style=\"font-size: large;\">As\u00ed pues, en estas fechas <\/span><\/span><em><span style=\"font-family: Cambria Math, serif;\"><span style=\"font-size: large;\">Hojas Sueltas<\/span><\/span><\/em><span style=\"font-family: Cambria Math, serif;\"><span style=\"font-size: large;\"> se toma un respiro activo. Con menos publicaciones, pero no con menos atenci\u00f3n ni cuidado. Y con la misma vocaci\u00f3n de siempre: ser un lugar de pensamiento, de creaci\u00f3n y de compa\u00f1\u00eda.<\/span><\/span><\/p>\n<p align=\"justify\"><span style=\"font-family: Cambria Math, serif;\"><span style=\"font-size: large;\">Felices fiestas que ahora se inician.<\/span><\/span><\/p>\n<p align=\"justify\">En nombre de Hojas sueltas<\/p>\n<p align=\"justify\"><strong>Valet\u00edn Castro<\/strong><\/p>\n","protected":false},"excerpt":{"rendered":"<p>Por Redactor Jefe\u00a0 EDITORIAL Con la llegada de los \u00faltimos d\u00edas de noviembre e inicio de diciembre, se despliega ante nosotros un tiempo particular del a\u00f1o: las luces se encienden m\u00e1s temprano, las agendas se entrecruzan con encuentros, y el ritmo habitual \u2014el de los d\u00edas de trabajo, los proyectos en marcha, los compromisos editoriales\u2014 [&hellip;]<\/p>\n","protected":false},"author":62,"featured_media":25244,"comment_status":"open","ping_status":"closed","sticky":false,"template":"","format":"standard","meta":{"footnotes":""},"categories":[2223],"tags":[],"class_list":{"0":"post-25243","1":"post","2":"type-post","3":"status-publish","4":"format-standard","5":"has-post-thumbnail","7":"category-editorial"},"yoast_head":"<!-- This site is optimized with the Yoast SEO plugin v27.5 - https:\/\/yoast.com\/product\/yoast-seo-wordpress\/ -->\n<title>Tiempo de pausa y celebraci\u00f3n | EDITORIAL | HOJAS SUELTAS Peri\u00f3dico Cultural<\/title>\n<meta name=\"description\" content=\"EDITORIAL Hojas Sueltas se toma un respiro activo. Con menos publicaciones, pero no con menos atenci\u00f3n ni cuidado. Y con la misma vocaci\u00f3n de siempre: ser un lugar de pensamiento, de creaci\u00f3n y de compa\u00f1\u00eda.\" \/>\n<meta name=\"robots\" content=\"index, follow, max-snippet:-1, max-image-preview:large, max-video-preview:-1\" \/>\n<link rel=\"canonical\" href=\"https:\/\/hojassueltas.es\/?p=25243\" \/>\n<meta property=\"og:locale\" content=\"es_ES\" \/>\n<meta property=\"og:type\" content=\"article\" \/>\n<meta property=\"og:title\" content=\"Tiempo de pausa y celebraci\u00f3n | EDITORIAL | HOJAS SUELTAS Peri\u00f3dico Cultural\" \/>\n<meta property=\"og:description\" content=\"EDITORIAL Hojas Sueltas se toma un respiro activo. Con menos publicaciones, pero no con menos atenci\u00f3n ni cuidado. Y con la misma vocaci\u00f3n de siempre: ser un lugar de pensamiento, de creaci\u00f3n y de compa\u00f1\u00eda.\" \/>\n<meta property=\"og:url\" content=\"https:\/\/hojassueltas.es\/?p=25243\" \/>\n<meta property=\"og:site_name\" content=\"HOJAS SUELTAS Peri\u00f3dico Cultural\" \/>\n<meta property=\"article:published_time\" content=\"2025-11-24T22:00:10+00:00\" \/>\n<meta property=\"article:modified_time\" content=\"2025-12-12T14:37:58+00:00\" \/>\n<meta property=\"og:image\" content=\"https:\/\/hojassueltas.es\/wp-content\/uploads\/2025\/11\/Editorial_-H.S-976x610.png\" \/>\n\t<meta property=\"og:image:width\" content=\"976\" \/>\n\t<meta property=\"og:image:height\" content=\"610\" \/>\n\t<meta property=\"og:image:type\" content=\"image\/png\" \/>\n<meta name=\"author\" content=\"Valent\u00edn Castro\" \/>\n<meta name=\"twitter:card\" content=\"summary_large_image\" \/>\n<meta name=\"twitter:creator\" content=\"@HOJASSUELTAS22\" \/>\n<meta name=\"twitter:site\" content=\"@HOJASSUELTAS22\" \/>\n<meta name=\"twitter:label1\" content=\"Escrito por\" \/>\n\t<meta name=\"twitter:data1\" content=\"Valent\u00edn Castro\" \/>\n\t<meta name=\"twitter:label2\" content=\"Tiempo de lectura\" \/>\n\t<meta name=\"twitter:data2\" content=\"2 minutos\" \/>\n<script type=\"application\/ld+json\" class=\"yoast-schema-graph\">{\"@context\":\"https:\\\/\\\/schema.org\",\"@graph\":[{\"@type\":[\"Article\",\"BlogPosting\"],\"@id\":\"https:\\\/\\\/hojassueltas.es\\\/?p=25243#article\",\"isPartOf\":{\"@id\":\"https:\\\/\\\/hojassueltas.es\\\/?p=25243\"},\"author\":{\"name\":\"Valent\u00edn Castro\",\"@id\":\"https:\\\/\\\/hojassueltas.es\\\/#\\\/schema\\\/person\\\/69b100dc9b45a00e61d055b63d4278e9\"},\"headline\":\"Tiempo de pausa y celebraci\u00f3n\",\"datePublished\":\"2025-11-24T22:00:10+00:00\",\"dateModified\":\"2025-12-12T14:37:58+00:00\",\"mainEntityOfPage\":{\"@id\":\"https:\\\/\\\/hojassueltas.es\\\/?p=25243\"},\"wordCount\":397,\"commentCount\":0,\"publisher\":{\"@id\":\"https:\\\/\\\/hojassueltas.es\\\/#organization\"},\"image\":{\"@id\":\"https:\\\/\\\/hojassueltas.es\\\/?p=25243#primaryimage\"},\"thumbnailUrl\":\"https:\\\/\\\/hojassueltas.es\\\/wp-content\\\/uploads\\\/2025\\\/11\\\/Editorial_-H.S.png\",\"articleSection\":[\"EDITORIAL\"],\"inLanguage\":\"es\",\"potentialAction\":[{\"@type\":\"CommentAction\",\"name\":\"Comment\",\"target\":[\"https:\\\/\\\/hojassueltas.es\\\/?p=25243#respond\"]}]},{\"@type\":\"WebPage\",\"@id\":\"https:\\\/\\\/hojassueltas.es\\\/?p=25243\",\"url\":\"https:\\\/\\\/hojassueltas.es\\\/?p=25243\",\"name\":\"Tiempo de pausa y celebraci\u00f3n | EDITORIAL | HOJAS SUELTAS Peri\u00f3dico Cultural\",\"isPartOf\":{\"@id\":\"https:\\\/\\\/hojassueltas.es\\\/#website\"},\"primaryImageOfPage\":{\"@id\":\"https:\\\/\\\/hojassueltas.es\\\/?p=25243#primaryimage\"},\"image\":{\"@id\":\"https:\\\/\\\/hojassueltas.es\\\/?p=25243#primaryimage\"},\"thumbnailUrl\":\"https:\\\/\\\/hojassueltas.es\\\/wp-content\\\/uploads\\\/2025\\\/11\\\/Editorial_-H.S.png\",\"datePublished\":\"2025-11-24T22:00:10+00:00\",\"dateModified\":\"2025-12-12T14:37:58+00:00\",\"description\":\"EDITORIAL Hojas Sueltas se toma un respiro activo. Con menos publicaciones, pero no con menos atenci\u00f3n ni cuidado. Y con la misma vocaci\u00f3n de siempre: ser un lugar de pensamiento, de creaci\u00f3n y de compa\u00f1\u00eda.\",\"breadcrumb\":{\"@id\":\"https:\\\/\\\/hojassueltas.es\\\/?p=25243#breadcrumb\"},\"inLanguage\":\"es\",\"potentialAction\":[{\"@type\":\"ReadAction\",\"target\":[\"https:\\\/\\\/hojassueltas.es\\\/?p=25243\"]}]},{\"@type\":\"ImageObject\",\"inLanguage\":\"es\",\"@id\":\"https:\\\/\\\/hojassueltas.es\\\/?p=25243#primaryimage\",\"url\":\"https:\\\/\\\/hojassueltas.es\\\/wp-content\\\/uploads\\\/2025\\\/11\\\/Editorial_-H.S.png\",\"contentUrl\":\"https:\\\/\\\/hojassueltas.es\\\/wp-content\\\/uploads\\\/2025\\\/11\\\/Editorial_-H.S.png\",\"width\":1920,\"height\":1200},{\"@type\":\"BreadcrumbList\",\"@id\":\"https:\\\/\\\/hojassueltas.es\\\/?p=25243#breadcrumb\",\"itemListElement\":[{\"@type\":\"ListItem\",\"position\":1,\"name\":\"Portada\",\"item\":\"https:\\\/\\\/hojassueltas.es\\\/\"},{\"@type\":\"ListItem\",\"position\":2,\"name\":\"Tiempo de pausa y celebraci\u00f3n\"}]},{\"@type\":\"WebSite\",\"@id\":\"https:\\\/\\\/hojassueltas.es\\\/#website\",\"url\":\"https:\\\/\\\/hojassueltas.es\\\/\",\"name\":\"HojasSueltas.es\",\"description\":\"GRANADA - Peri\u00f3dico Cultural\",\"publisher\":{\"@id\":\"https:\\\/\\\/hojassueltas.es\\\/#organization\"},\"alternateName\":\"H.S. Periodico Cultural\",\"potentialAction\":[{\"@type\":\"SearchAction\",\"target\":{\"@type\":\"EntryPoint\",\"urlTemplate\":\"https:\\\/\\\/hojassueltas.es\\\/?s={search_term_string}\"},\"query-input\":{\"@type\":\"PropertyValueSpecification\",\"valueRequired\":true,\"valueName\":\"search_term_string\"}}],\"inLanguage\":\"es\"},{\"@type\":\"Organization\",\"@id\":\"https:\\\/\\\/hojassueltas.es\\\/#organization\",\"name\":\"HOJAS SUELTAS - Peri\u00f3dico Cultural\",\"alternateName\":\"HS - HOJAS SUELTAS Peri\u00f3dico Cultural\",\"url\":\"https:\\\/\\\/hojassueltas.es\\\/\",\"logo\":{\"@type\":\"ImageObject\",\"inLanguage\":\"es\",\"@id\":\"https:\\\/\\\/hojassueltas.es\\\/#\\\/schema\\\/logo\\\/image\\\/\",\"url\":\"https:\\\/\\\/hojassueltas.es\\\/wp-content\\\/uploads\\\/2025\\\/08\\\/Icono-HS_2.png\",\"contentUrl\":\"https:\\\/\\\/hojassueltas.es\\\/wp-content\\\/uploads\\\/2025\\\/08\\\/Icono-HS_2.png\",\"width\":500,\"height\":500,\"caption\":\"HOJAS SUELTAS - Peri\u00f3dico Cultural\"},\"image\":{\"@id\":\"https:\\\/\\\/hojassueltas.es\\\/#\\\/schema\\\/logo\\\/image\\\/\"},\"sameAs\":[\"https:\\\/\\\/x.com\\\/HOJASSUELTAS22\"]},{\"@type\":\"Person\",\"@id\":\"https:\\\/\\\/hojassueltas.es\\\/#\\\/schema\\\/person\\\/69b100dc9b45a00e61d055b63d4278e9\",\"name\":\"Valent\u00edn Castro\",\"image\":{\"@type\":\"ImageObject\",\"inLanguage\":\"es\",\"@id\":\"https:\\\/\\\/hojassueltas.es\\\/wp-content\\\/uploads\\\/2025\\\/11\\\/Valentin-Castro-2025-96x96.png\",\"url\":\"https:\\\/\\\/hojassueltas.es\\\/wp-content\\\/uploads\\\/2025\\\/11\\\/Valentin-Castro-2025-96x96.png\",\"contentUrl\":\"https:\\\/\\\/hojassueltas.es\\\/wp-content\\\/uploads\\\/2025\\\/11\\\/Valentin-Castro-2025-96x96.png\",\"caption\":\"Valent\u00edn Castro\"},\"description\":\"Naci\u00f3 en una aldea de A Coru\u00f1a. Emigra con sus padres a M\u00e9jico. Licenciado en Comunicaci\u00f3n y Periodismo por la Universidad Nacional Aut\u00f3noma de M\u00e9xico. Licenciado en Geograf\u00eda e Historia por la Universidad Complutense de Madrid. Vive en Madrid, publica art\u00edculos y ensayos en diversos medios de comunicaci\u00f3n mejicanos y espa\u00f1oles bajo varios seud\u00f3nimos. Actualmente prepara una saga con personajes nacidos durante la ocupaci\u00f3n de M\u00e9xico por Hern\u00e1n Cort\u00e9s. Sus art\u00edculos y ensayos son efectistas, en ocasiones c\u00e1ustico, y muy cr\u00edtico. ES Redactor Jefe de Hojas Sueltas, dedicando su tiempo libre a escribir art\u00edculos con especial dedicaci\u00f3n a la literatura y la historia.\",\"url\":\"https:\\\/\\\/hojassueltas.es\\\/?author=62\"}]}<\/script>\n<!-- \/ Yoast SEO plugin. -->","yoast_head_json":{"title":"Tiempo de pausa y celebraci\u00f3n | EDITORIAL | HOJAS SUELTAS Peri\u00f3dico Cultural","description":"EDITORIAL Hojas Sueltas se toma un respiro activo. Con menos publicaciones, pero no con menos atenci\u00f3n ni cuidado. Y con la misma vocaci\u00f3n de siempre: ser un lugar de pensamiento, de creaci\u00f3n y de compa\u00f1\u00eda.","robots":{"index":"index","follow":"follow","max-snippet":"max-snippet:-1","max-image-preview":"max-image-preview:large","max-video-preview":"max-video-preview:-1"},"canonical":"https:\/\/hojassueltas.es\/?p=25243","og_locale":"es_ES","og_type":"article","og_title":"Tiempo de pausa y celebraci\u00f3n | EDITORIAL | HOJAS SUELTAS Peri\u00f3dico Cultural","og_description":"EDITORIAL Hojas Sueltas se toma un respiro activo. Con menos publicaciones, pero no con menos atenci\u00f3n ni cuidado. Y con la misma vocaci\u00f3n de siempre: ser un lugar de pensamiento, de creaci\u00f3n y de compa\u00f1\u00eda.","og_url":"https:\/\/hojassueltas.es\/?p=25243","og_site_name":"HOJAS SUELTAS Peri\u00f3dico Cultural","article_published_time":"2025-11-24T22:00:10+00:00","article_modified_time":"2025-12-12T14:37:58+00:00","og_image":[{"width":976,"height":610,"url":"https:\/\/hojassueltas.es\/wp-content\/uploads\/2025\/11\/Editorial_-H.S-976x610.png","type":"image\/png"}],"author":"Valent\u00edn Castro","twitter_card":"summary_large_image","twitter_creator":"@HOJASSUELTAS22","twitter_site":"@HOJASSUELTAS22","twitter_misc":{"Escrito por":"Valent\u00edn Castro","Tiempo de lectura":"2 minutos"},"schema":{"@context":"https:\/\/schema.org","@graph":[{"@type":["Article","BlogPosting"],"@id":"https:\/\/hojassueltas.es\/?p=25243#article","isPartOf":{"@id":"https:\/\/hojassueltas.es\/?p=25243"},"author":{"name":"Valent\u00edn Castro","@id":"https:\/\/hojassueltas.es\/#\/schema\/person\/69b100dc9b45a00e61d055b63d4278e9"},"headline":"Tiempo de pausa y celebraci\u00f3n","datePublished":"2025-11-24T22:00:10+00:00","dateModified":"2025-12-12T14:37:58+00:00","mainEntityOfPage":{"@id":"https:\/\/hojassueltas.es\/?p=25243"},"wordCount":397,"commentCount":0,"publisher":{"@id":"https:\/\/hojassueltas.es\/#organization"},"image":{"@id":"https:\/\/hojassueltas.es\/?p=25243#primaryimage"},"thumbnailUrl":"https:\/\/hojassueltas.es\/wp-content\/uploads\/2025\/11\/Editorial_-H.S.png","articleSection":["EDITORIAL"],"inLanguage":"es","potentialAction":[{"@type":"CommentAction","name":"Comment","target":["https:\/\/hojassueltas.es\/?p=25243#respond"]}]},{"@type":"WebPage","@id":"https:\/\/hojassueltas.es\/?p=25243","url":"https:\/\/hojassueltas.es\/?p=25243","name":"Tiempo de pausa y celebraci\u00f3n | EDITORIAL | HOJAS SUELTAS Peri\u00f3dico Cultural","isPartOf":{"@id":"https:\/\/hojassueltas.es\/#website"},"primaryImageOfPage":{"@id":"https:\/\/hojassueltas.es\/?p=25243#primaryimage"},"image":{"@id":"https:\/\/hojassueltas.es\/?p=25243#primaryimage"},"thumbnailUrl":"https:\/\/hojassueltas.es\/wp-content\/uploads\/2025\/11\/Editorial_-H.S.png","datePublished":"2025-11-24T22:00:10+00:00","dateModified":"2025-12-12T14:37:58+00:00","description":"EDITORIAL Hojas Sueltas se toma un respiro activo. Con menos publicaciones, pero no con menos atenci\u00f3n ni cuidado. Y con la misma vocaci\u00f3n de siempre: ser un lugar de pensamiento, de creaci\u00f3n y de compa\u00f1\u00eda.","breadcrumb":{"@id":"https:\/\/hojassueltas.es\/?p=25243#breadcrumb"},"inLanguage":"es","potentialAction":[{"@type":"ReadAction","target":["https:\/\/hojassueltas.es\/?p=25243"]}]},{"@type":"ImageObject","inLanguage":"es","@id":"https:\/\/hojassueltas.es\/?p=25243#primaryimage","url":"https:\/\/hojassueltas.es\/wp-content\/uploads\/2025\/11\/Editorial_-H.S.png","contentUrl":"https:\/\/hojassueltas.es\/wp-content\/uploads\/2025\/11\/Editorial_-H.S.png","width":1920,"height":1200},{"@type":"BreadcrumbList","@id":"https:\/\/hojassueltas.es\/?p=25243#breadcrumb","itemListElement":[{"@type":"ListItem","position":1,"name":"Portada","item":"https:\/\/hojassueltas.es\/"},{"@type":"ListItem","position":2,"name":"Tiempo de pausa y celebraci\u00f3n"}]},{"@type":"WebSite","@id":"https:\/\/hojassueltas.es\/#website","url":"https:\/\/hojassueltas.es\/","name":"HojasSueltas.es","description":"GRANADA - Peri\u00f3dico Cultural","publisher":{"@id":"https:\/\/hojassueltas.es\/#organization"},"alternateName":"H.S. Periodico Cultural","potentialAction":[{"@type":"SearchAction","target":{"@type":"EntryPoint","urlTemplate":"https:\/\/hojassueltas.es\/?s={search_term_string}"},"query-input":{"@type":"PropertyValueSpecification","valueRequired":true,"valueName":"search_term_string"}}],"inLanguage":"es"},{"@type":"Organization","@id":"https:\/\/hojassueltas.es\/#organization","name":"HOJAS SUELTAS - Peri\u00f3dico Cultural","alternateName":"HS - HOJAS SUELTAS Peri\u00f3dico Cultural","url":"https:\/\/hojassueltas.es\/","logo":{"@type":"ImageObject","inLanguage":"es","@id":"https:\/\/hojassueltas.es\/#\/schema\/logo\/image\/","url":"https:\/\/hojassueltas.es\/wp-content\/uploads\/2025\/08\/Icono-HS_2.png","contentUrl":"https:\/\/hojassueltas.es\/wp-content\/uploads\/2025\/08\/Icono-HS_2.png","width":500,"height":500,"caption":"HOJAS SUELTAS - Peri\u00f3dico Cultural"},"image":{"@id":"https:\/\/hojassueltas.es\/#\/schema\/logo\/image\/"},"sameAs":["https:\/\/x.com\/HOJASSUELTAS22"]},{"@type":"Person","@id":"https:\/\/hojassueltas.es\/#\/schema\/person\/69b100dc9b45a00e61d055b63d4278e9","name":"Valent\u00edn Castro","image":{"@type":"ImageObject","inLanguage":"es","@id":"https:\/\/hojassueltas.es\/wp-content\/uploads\/2025\/11\/Valentin-Castro-2025-96x96.png","url":"https:\/\/hojassueltas.es\/wp-content\/uploads\/2025\/11\/Valentin-Castro-2025-96x96.png","contentUrl":"https:\/\/hojassueltas.es\/wp-content\/uploads\/2025\/11\/Valentin-Castro-2025-96x96.png","caption":"Valent\u00edn Castro"},"description":"Naci\u00f3 en una aldea de A Coru\u00f1a. Emigra con sus padres a M\u00e9jico. Licenciado en Comunicaci\u00f3n y Periodismo por la Universidad Nacional Aut\u00f3noma de M\u00e9xico. Licenciado en Geograf\u00eda e Historia por la Universidad Complutense de Madrid. Vive en Madrid, publica art\u00edculos y ensayos en diversos medios de comunicaci\u00f3n mejicanos y espa\u00f1oles bajo varios seud\u00f3nimos. Actualmente prepara una saga con personajes nacidos durante la ocupaci\u00f3n de M\u00e9xico por Hern\u00e1n Cort\u00e9s. Sus art\u00edculos y ensayos son efectistas, en ocasiones c\u00e1ustico, y muy cr\u00edtico. ES Redactor Jefe de Hojas Sueltas, dedicando su tiempo libre a escribir art\u00edculos con especial dedicaci\u00f3n a la literatura y la historia.","url":"https:\/\/hojassueltas.es\/?author=62"}]}},"_links":{"self":[{"href":"https:\/\/hojassueltas.es\/index.php?rest_route=\/wp\/v2\/posts\/25243","targetHints":{"allow":["GET"]}}],"collection":[{"href":"https:\/\/hojassueltas.es\/index.php?rest_route=\/wp\/v2\/posts"}],"about":[{"href":"https:\/\/hojassueltas.es\/index.php?rest_route=\/wp\/v2\/types\/post"}],"author":[{"embeddable":true,"href":"https:\/\/hojassueltas.es\/index.php?rest_route=\/wp\/v2\/users\/62"}],"replies":[{"embeddable":true,"href":"https:\/\/hojassueltas.es\/index.php?rest_route=%2Fwp%2Fv2%2Fcomments&post=25243"}],"version-history":[{"count":1,"href":"https:\/\/hojassueltas.es\/index.php?rest_route=\/wp\/v2\/posts\/25243\/revisions"}],"predecessor-version":[{"id":25245,"href":"https:\/\/hojassueltas.es\/index.php?rest_route=\/wp\/v2\/posts\/25243\/revisions\/25245"}],"wp:featuredmedia":[{"embeddable":true,"href":"https:\/\/hojassueltas.es\/index.php?rest_route=\/wp\/v2\/media\/25244"}],"wp:attachment":[{"href":"https:\/\/hojassueltas.es\/index.php?rest_route=%2Fwp%2Fv2%2Fmedia&parent=25243"}],"wp:term":[{"taxonomy":"category","embeddable":true,"href":"https:\/\/hojassueltas.es\/index.php?rest_route=%2Fwp%2Fv2%2Fcategories&post=25243"},{"taxonomy":"post_tag","embeddable":true,"href":"https:\/\/hojassueltas.es\/index.php?rest_route=%2Fwp%2Fv2%2Ftags&post=25243"}],"curies":[{"name":"wp","href":"https:\/\/api.w.org\/{rel}","templated":true}]}}