{"id":24892,"date":"2025-11-09T00:00:58","date_gmt":"2025-11-08T22:00:58","guid":{"rendered":"https:\/\/hojassueltas.es\/?p=24892"},"modified":"2026-02-14T11:01:28","modified_gmt":"2026-02-14T09:01:28","slug":"el-siglo-de-oro-mas-alla-del-arte-poder-religion-y-propaganda","status":"publish","type":"post","link":"https:\/\/hojassueltas.es\/?p=24892","title":{"rendered":"El Siglo de Oro m\u00e1s all\u00e1 del arte: poder, religi\u00f3n y propaganda"},"content":{"rendered":"<p align=\"justify\"><span style=\"font-family: Cambria Math, serif;\"><span style=\"font-size: large;\">El Siglo de Oro espa\u00f1ol \u2014aquella fecunda etapa comprendida, grosso modo, entre los siglos XVI y XVII\u2014 suele evocarse como un periodo de excelsa creaci\u00f3n art\u00edstica y literaria. A menudo, al mencionar esta edad dorada, pensamos en las obras de Cervantes, Lope de Vega, Vel\u00e1zquez o Zurbar\u00e1n, en el esplendor barroco, en el teatro popular y en la pintura m\u00edstica. Pero m\u00e1s all\u00e1 de esta superficie de belleza y creatividad, el Siglo de Oro fue tambi\u00e9n una \u00e9poca de intensos conflictos ideol\u00f3gicos, expansi\u00f3n imperial, tensiones religiosas y sofisticados mecanismos de propaganda que sosten\u00edan un orden pol\u00edtico y social marcado por el absolutismo, la ortodoxia cat\u00f3lica y una visi\u00f3n teocr\u00e1tica del mundo. Comprender este periodo exige, por tanto, mirar m\u00e1s all\u00e1 del arte para descubrir los entresijos del poder, las estrategias de legitimaci\u00f3n religiosa y las formas de control ideol\u00f3gico ejercidas por la Monarqu\u00eda Hisp\u00e1nica.<\/span><\/span><\/p>\n<h3 class=\"western\" align=\"justify\"><span style=\"font-family: Cambria Math, serif;\">El poder como espect\u00e1culo: la maquinaria imperial de los Austrias<\/span><\/h3>\n<p align=\"justify\"><span style=\"font-family: Cambria Math, serif;\"><span style=\"font-size: large;\">Con la llegada al trono de Carlos I en 1516 (que ser\u00e1 Carlos V en su papel imperial), la Monarqu\u00eda Hisp\u00e1nica se convierte en una potencia hegem\u00f3nica de dimensi\u00f3n planetaria. A sus dominios europeos se sumaban vastos territorios en Am\u00e9rica, lo que plante\u00f3 un nuevo modelo de gobernanza imperial basado en una combinaci\u00f3n de centralismo din\u00e1stico y m\u00faltiples formas de administraci\u00f3n local. La idea de imperio cat\u00f3lico se consolid\u00f3 como eje legitimador del poder, y la figura del monarca se proyect\u00f3 como vicario de Dios en la Tierra. El absolutismo de los Austrias no era solo un modelo pol\u00edtico, sino una puesta en escena continua: entradas reales, autos de fe, fastos cortesanos, celebraciones religiosas y urbanismo propagand\u00edstico transformaron el espacio p\u00fablico en un gran teatro del poder. Este uso esc\u00e9nico del Estado se intensific\u00f3 durante el reinado de Felipe II, cuya corte en El Escorial no solo simbolizaba la centralidad del poder, sino tambi\u00e9n su conexi\u00f3n con lo divino. La arquitectura del monasterio-palacio encarnaba, en piedra, el ideal del rey piadoso y sabio, del soberano contemplativo al servicio de la fe.<\/span><\/span><\/p>\n<p align=\"justify\"><span style=\"font-family: Cambria Math, serif;\"><span style=\"font-size: large;\">Adem\u00e1s, el Imperio utiliz\u00f3 todas las formas disponibles de comunicaci\u00f3n para proyectar su imagen: cr\u00f3nicas oficiales, retratos regios, monedas, medallas conmemorativas, y sobre todo, la literatura al servicio del Estado. La historia fue reescrita como una epopeya din\u00e1stica, donde la genealog\u00eda real se entrelazaba con el destino del cristianismo y del orbe entero.<\/span><\/span><\/p>\n<h3 class=\"western\" align=\"justify\"><span style=\"font-family: Cambria Math, serif;\">Religi\u00f3n y control: la Iglesia como pilar del orden<\/span><\/h3>\n<p align=\"justify\"><span style=\"font-family: Cambria Math, serif;\"><span style=\"font-size: large;\">La religi\u00f3n, en el Siglo de Oro, fue mucho m\u00e1s que una dimensi\u00f3n espiritual: constituy\u00f3 el eje estructural del orden pol\u00edtico y social. La unidad cat\u00f3lica se convirti\u00f3 en fundamento identitario de la Monarqu\u00eda Hisp\u00e1nica, tras la expulsi\u00f3n de jud\u00edos (1492) y moriscos (1609), y la implantaci\u00f3n de la Inquisici\u00f3n como garante de la ortodoxia. El Concilio de Trento (1545-1563) y la Contrarreforma cat\u00f3lica marcaron profundamente la espiritualidad barroca, centrada en la exaltaci\u00f3n de los santos, el culto a la Virgen, la m\u00edstica interior y la sumisi\u00f3n a la jerarqu\u00eda eclesi\u00e1stica. Este modelo fue activamente promovido desde las instituciones: las \u00f3rdenes religiosas, como los jesuitas, jugaron un papel clave en la educaci\u00f3n, la predicaci\u00f3n y la extensi\u00f3n de la ideolog\u00eda contrarreformista.<\/span><\/span><\/p>\n<p align=\"justify\"><span style=\"font-family: Cambria Math, serif;\"><span style=\"font-size: large;\">La censura eclesi\u00e1stica y la vigilancia inquisitorial marcaron profundamente la vida intelectual. Escritores, te\u00f3logos y pensadores eran conscientes del estrecho margen que ofrec\u00eda la libertad de expresi\u00f3n, lo que dio lugar a una literatura de met\u00e1foras, s\u00edmbolos y dobles sentidos. La obra de Teresa de Jes\u00fas, por ejemplo, tuvo que sortear numerosos obst\u00e1culos doctrinales, al igual que la de fray Luis de Le\u00f3n. La sospecha de heterodoxia pesaba sobre cualquier forma de pensamiento que no se ajustara al molde oficial. El arte sacro se convirti\u00f3 en uno de los veh\u00edculos m\u00e1s poderosos de adoctrinamiento emocional. Pintores como El Greco o Zurbar\u00e1n transmit\u00edan, a trav\u00e9s de sus composiciones, no solo fervor religioso, sino tambi\u00e9n valores morales y pol\u00edticos asociados a la obediencia, la humildad y la gloria del martirio. La teatralidad barroca, con su juego de luces, escorzos y dramatismo, estaba al servicio de una pedagog\u00eda visual: conmover al espectador, elevarlo hacia Dios y recordarle su lugar en el orden c\u00f3smico.<\/span><\/span><\/p>\n<h3 class=\"western\" align=\"justify\"><span style=\"font-family: Cambria Math, serif;\">La propaganda: entre la pluma y la espada<\/span><\/h3>\n<p align=\"justify\"><span style=\"font-family: Cambria Math, serif;\"><span style=\"font-size: large;\">En una \u00e9poca en la que los medios de comunicaci\u00f3n eran limitados, la palabra escrita y hablada ten\u00eda un poder enorme. La literatura del Siglo de Oro, lejos de ser solo expresi\u00f3n est\u00e9tica, se convirti\u00f3 muchas veces en instrumento de propaganda pol\u00edtica y religiosa. La epopeya, el teatro y hasta la poes\u00eda amorosa pod\u00edan contener mensajes velados de exaltaci\u00f3n del orden establecido. Autores como Lope de Vega, Calder\u00f3n de la Barca o Quevedo sirvieron \u2014con mayor o menor convicci\u00f3n\u2014 al ideario oficial. En las comedias de capa y espada, el rey aparece como dispensador de justicia suprema, y los valores de honor, lealtad y servicio al monarca son reforzados una y otra vez. Calder\u00f3n llev\u00f3 esta visi\u00f3n al extremo en obras como <em>El gran teatro del mundo<\/em>, donde el mundo es concebido como una obra divina, y cada persona, como un actor que debe representar dignamente el papel que Dios le ha asignado. La s\u00e1tira tambi\u00e9n sirvi\u00f3 como arma ideol\u00f3gica. Quevedo, con su pluma afilada, ridiculiz\u00f3 a enemigos internos y externos del orden imperial: herejes, moriscos, portugueses, franceses, banqueros jud\u00edos, mujeres liberadas, poetas afeminados&#8230; Todo pod\u00eda ser objeto de burla, siempre en defensa del ideal espa\u00f1ol cat\u00f3lico y viril.<\/span><\/span><\/p>\n<p align=\"justify\"><span style=\"font-family: Cambria Math, serif;\"><span style=\"font-size: large;\">Junto a esta propaganda literaria, la Monarqu\u00eda utiliz\u00f3 ampliamente los impresos oficiales: bandos, sermones, paneg\u00edricos, relaciones de sucesos, hojas volanderas. Durante la guerra de los Ochenta A\u00f1os o en la rebeli\u00f3n de Catalu\u00f1a, por ejemplo, se publicaron textos justificando las acciones del rey y deslegitimando a los enemigos del imperio. La imagen del monarca como defensor de la fe, palad\u00edn contra el protestantismo y protector de la civilizaci\u00f3n frente a la barbarie fue una constante en estas publicaciones.<\/span><\/span><\/p>\n<h3 class=\"western\" align=\"justify\"><span style=\"font-family: Cambria Math, serif;\">Las sombras del esplendor: crisis, decadencia y disidencia<\/span><\/h3>\n<p align=\"justify\"><span style=\"font-family: Cambria Math, serif;\"><span style=\"font-size: large;\">Aunque el Siglo de Oro se presenta como un momento culminante de la cultura espa\u00f1ola, tambi\u00e9n fue una \u00e9poca de crisis econ\u00f3mica, decadencia institucional y creciente desigualdad social. La bancarrota del Estado, las guerras constantes, la presi\u00f3n fiscal y la concentraci\u00f3n de riqueza en manos de una \u00e9lite ociosa contribuyeron al deterioro del tejido social. En este contexto, emergieron voces cr\u00edticas, a menudo camufladas bajo una aparente ortodoxia. La <em>picaresca<\/em>, por ejemplo, introdujo una visi\u00f3n \u00e1cida de la sociedad, desmitificando los valores de nobleza y honor. El <em>Lazarillo de Tormes<\/em> (1554) inaugur\u00f3 esta corriente, mostrando desde abajo la corrupci\u00f3n del clero, la hipocres\u00eda social y la precariedad del pueblo llano.<\/span><\/span><\/p>\n<p align=\"justify\"><span style=\"font-family: Cambria Math, serif;\"><span style=\"font-size: large;\">Igualmente, la obra de Cervantes, pese a su apariencia amable, contiene m\u00faltiples capas de cr\u00edtica al orden imperante: la visi\u00f3n desencantada del ideal caballeresco, la denuncia del fanatismo religioso, la marginalidad de ciertos personajes y el cuestionamiento del poder arbitrario. En <em>El Quijote<\/em>, la locura del protagonista act\u00faa como espejo deformante, revelando las grietas de una sociedad construida sobre apariencias.<\/span><\/span><\/p>\n<h3 class=\"western\" align=\"justify\"><span style=\"font-family: Cambria Math, serif;\">Una cultura al servicio del orden<\/span><\/h3>\n<p align=\"justify\"><span style=\"font-family: Cambria Math, serif;\"><span style=\"font-size: large;\">El Siglo de Oro no puede entenderse \u00fanicamente desde sus logros art\u00edsticos. Fue tambi\u00e9n un periodo de consolidaci\u00f3n de un modelo de poder totalizante, en el que el arte, la religi\u00f3n y la palabra estaban al servicio del orden. La Monarqu\u00eda Hisp\u00e1nica utiliz\u00f3 todos los recursos simb\u00f3licos a su alcance para legitimar su dominio, desde la iconograf\u00eda sagrada hasta las comedias populares. El resultado fue una cultura profundamente barroca: brillante en su forma, compleja en sus significados, ambigua en sus mensajes, y casi siempre ligada a los mecanismos de control ideol\u00f3gico. Pero dentro de esa misma cultura, a veces incluso en sus obras m\u00e1s ortodoxas, vibraba tambi\u00e9n una tensi\u00f3n subterr\u00e1nea: la lucha entre el orden y el caos, entre la fe y la duda, entre la obediencia y la libertad. Esa ambig\u00fcedad, ese juego de luces y sombras, es precisamente lo que hace del Siglo de Oro una \u00e9poca tan fascinante y tan actual.\u00a0<\/span><\/span><\/p>\n<p align=\"justify\"><span style=\"font-family: Cambria Math, serif; font-size: 14px;\"><strong>Referencias bibliogr\u00e1ficas<\/strong><\/span><\/p>\n<ul>\n<li>\n<p align=\"justify\"><span style=\"font-family: Cambria Math, serif; font-size: 14px;\">Maravall, Jos\u00e9 Antonio. <em>La cultura del Barroco: an\u00e1lisis de una estructura hist\u00f3rica<\/em>. Ariel, 1975.<\/span><\/p>\n<\/li>\n<li>\n<p align=\"justify\"><span style=\"font-family: Cambria Math, serif; font-size: 14px;\">Kamen, Henry. <em>Imperio: el auge y la ca\u00edda del imperio espa\u00f1ol<\/em>. Ediciones B, 2003.<\/span><\/p>\n<\/li>\n<li>\n<p align=\"justify\"><span style=\"font-family: Cambria Math, serif; font-size: 14px;\">Parker, Geoffrey. <em>La revoluci\u00f3n militar: la guerra y el mundo, 1500\u20131800<\/em>. Siglo XXI, 1990.<\/span><\/p>\n<\/li>\n<li>\n<p align=\"justify\"><span style=\"font-family: Cambria Math, serif; font-size: 14px;\">Bouza \u00c1lvarez, Fernando. <em>Palabra e imagen en la corte: cultura oral y visual de la nobleza en el Siglo de Oro<\/em>. Taurus, 2003.<\/span><\/p>\n<\/li>\n<li>\n<p align=\"justify\"><span style=\"font-family: Cambria Math, serif; font-size: 14px;\">Dom\u00ednguez Ortiz, Antonio. <em>La sociedad espa\u00f1ola en el Siglo de Oro<\/em>. Alianza Editorial, 1983.<\/span><\/p>\n<\/li>\n<li>\n<p align=\"justify\"><span style=\"font-family: Cambria Math, serif; font-size: 14px;\">Rodr\u00edguez de la Flor, Fernando. <em>Barroco: representaci\u00f3n e ideolog\u00eda en el mundo hisp\u00e1nico<\/em>. C\u00e1tedra, 2002.<\/span><\/p>\n<\/li>\n<li>\n<p align=\"justify\"><span style=\"font-family: Cambria Math, serif; font-size: 14px;\">Bataillon, Marcel. <em>Erasmo y Espa\u00f1a<\/em>. Fondo de Cultura Econ\u00f3mica, 1950.<\/span><\/p>\n<\/li>\n<\/ul>\n<p><strong>\u00a9 Valent\u00edn Castro. Todos los derechos reservados<\/strong><\/p>\n","protected":false},"excerpt":{"rendered":"<p>El Siglo de Oro espa\u00f1ol \u2014aquella fecunda etapa comprendida, grosso modo, entre los siglos XVI y XVII\u2014 suele evocarse como un periodo de excelsa creaci\u00f3n art\u00edstica y literaria. A menudo, al mencionar esta edad dorada, pensamos en las obras de Cervantes, Lope de Vega, Vel\u00e1zquez o Zurbar\u00e1n, en el esplendor barroco, en el teatro popular [&hellip;]<\/p>\n","protected":false},"author":62,"featured_media":24893,"comment_status":"open","ping_status":"closed","sticky":false,"template":"","format":"standard","meta":{"footnotes":""},"categories":[2580],"tags":[],"class_list":{"0":"post-24892","1":"post","2":"type-post","3":"status-publish","4":"format-standard","5":"has-post-thumbnail","7":"category-secuencias-historicas"},"yoast_head":"<!-- This site is optimized with the Yoast SEO plugin v27.4 - https:\/\/yoast.com\/product\/yoast-seo-wordpress\/ -->\n<title>El Siglo de Oro m\u00e1s all\u00e1 del arte: poder, religi\u00f3n y propaganda | SECUENCIAS HIST\u00d3RICAS | HOJAS SUELTAS Peri\u00f3dico Cultural<\/title>\n<meta name=\"description\" content=\"SECUENCIAS HIST\u00d3RICAS = El Siglo de Oro no puede entenderse \u00fanicamente desde sus logros art\u00edsticos. Fue tambi\u00e9n un periodo de consolidaci\u00f3n de un modelo de poder totalizante, en el que el arte, la religi\u00f3n y la palabra estaban al servicio del orden.\" \/>\n<meta name=\"robots\" content=\"index, follow, max-snippet:-1, max-image-preview:large, max-video-preview:-1\" \/>\n<link rel=\"canonical\" href=\"https:\/\/hojassueltas.es\/?p=24892\" \/>\n<meta property=\"og:locale\" content=\"es_ES\" \/>\n<meta property=\"og:type\" content=\"article\" \/>\n<meta property=\"og:title\" content=\"El Siglo de Oro m\u00e1s all\u00e1 del arte: poder, religi\u00f3n y propaganda | SECUENCIAS HIST\u00d3RICAS | HOJAS SUELTAS Peri\u00f3dico Cultural\" \/>\n<meta property=\"og:description\" content=\"SECUENCIAS HIST\u00d3RICAS = El Siglo de Oro no puede entenderse \u00fanicamente desde sus logros art\u00edsticos. Fue tambi\u00e9n un periodo de consolidaci\u00f3n de un modelo de poder totalizante, en el que el arte, la religi\u00f3n y la palabra estaban al servicio del orden.\" \/>\n<meta property=\"og:url\" content=\"https:\/\/hojassueltas.es\/?p=24892\" \/>\n<meta property=\"og:site_name\" content=\"HOJAS SUELTAS Peri\u00f3dico Cultural\" \/>\n<meta property=\"article:published_time\" content=\"2025-11-08T22:00:58+00:00\" \/>\n<meta property=\"article:modified_time\" content=\"2026-02-14T09:01:28+00:00\" \/>\n<meta property=\"og:image\" content=\"https:\/\/hojassueltas.es\/wp-content\/uploads\/2025\/11\/SH_02_Siglo-de-Oro_-H.S-915x610.png\" \/>\n\t<meta property=\"og:image:width\" content=\"915\" \/>\n\t<meta property=\"og:image:height\" content=\"610\" \/>\n\t<meta property=\"og:image:type\" content=\"image\/png\" \/>\n<meta name=\"author\" content=\"Valent\u00edn Castro\" \/>\n<meta name=\"twitter:card\" content=\"summary_large_image\" \/>\n<meta name=\"twitter:creator\" content=\"@HOJASSUELTAS22\" \/>\n<meta name=\"twitter:site\" content=\"@HOJASSUELTAS22\" \/>\n<meta name=\"twitter:label1\" content=\"Escrito por\" \/>\n\t<meta name=\"twitter:data1\" content=\"Valent\u00edn Castro\" \/>\n\t<meta name=\"twitter:label2\" content=\"Tiempo de lectura\" \/>\n\t<meta name=\"twitter:data2\" content=\"7 minutos\" \/>\n<script type=\"application\/ld+json\" class=\"yoast-schema-graph\">{\"@context\":\"https:\\\/\\\/schema.org\",\"@graph\":[{\"@type\":[\"Article\",\"BlogPosting\"],\"@id\":\"https:\\\/\\\/hojassueltas.es\\\/?p=24892#article\",\"isPartOf\":{\"@id\":\"https:\\\/\\\/hojassueltas.es\\\/?p=24892\"},\"author\":{\"name\":\"Valent\u00edn Castro\",\"@id\":\"https:\\\/\\\/hojassueltas.es\\\/#\\\/schema\\\/person\\\/69b100dc9b45a00e61d055b63d4278e9\"},\"headline\":\"El Siglo de Oro m\u00e1s all\u00e1 del arte: poder, religi\u00f3n y propaganda\",\"datePublished\":\"2025-11-08T22:00:58+00:00\",\"dateModified\":\"2026-02-14T09:01:28+00:00\",\"mainEntityOfPage\":{\"@id\":\"https:\\\/\\\/hojassueltas.es\\\/?p=24892\"},\"wordCount\":1566,\"commentCount\":0,\"publisher\":{\"@id\":\"https:\\\/\\\/hojassueltas.es\\\/#organization\"},\"image\":{\"@id\":\"https:\\\/\\\/hojassueltas.es\\\/?p=24892#primaryimage\"},\"thumbnailUrl\":\"https:\\\/\\\/hojassueltas.es\\\/wp-content\\\/uploads\\\/2025\\\/11\\\/SH_02_Siglo-de-Oro_-H.S.png\",\"articleSection\":[\"SECUENCIAS HIST\u00d3RICAS\"],\"inLanguage\":\"es\",\"potentialAction\":[{\"@type\":\"CommentAction\",\"name\":\"Comment\",\"target\":[\"https:\\\/\\\/hojassueltas.es\\\/?p=24892#respond\"]}]},{\"@type\":\"WebPage\",\"@id\":\"https:\\\/\\\/hojassueltas.es\\\/?p=24892\",\"url\":\"https:\\\/\\\/hojassueltas.es\\\/?p=24892\",\"name\":\"El Siglo de Oro m\u00e1s all\u00e1 del arte: poder, religi\u00f3n y propaganda | SECUENCIAS HIST\u00d3RICAS | HOJAS SUELTAS Peri\u00f3dico Cultural\",\"isPartOf\":{\"@id\":\"https:\\\/\\\/hojassueltas.es\\\/#website\"},\"primaryImageOfPage\":{\"@id\":\"https:\\\/\\\/hojassueltas.es\\\/?p=24892#primaryimage\"},\"image\":{\"@id\":\"https:\\\/\\\/hojassueltas.es\\\/?p=24892#primaryimage\"},\"thumbnailUrl\":\"https:\\\/\\\/hojassueltas.es\\\/wp-content\\\/uploads\\\/2025\\\/11\\\/SH_02_Siglo-de-Oro_-H.S.png\",\"datePublished\":\"2025-11-08T22:00:58+00:00\",\"dateModified\":\"2026-02-14T09:01:28+00:00\",\"description\":\"SECUENCIAS HIST\u00d3RICAS = El Siglo de Oro no puede entenderse \u00fanicamente desde sus logros art\u00edsticos. Fue tambi\u00e9n un periodo de consolidaci\u00f3n de un modelo de poder totalizante, en el que el arte, la religi\u00f3n y la palabra estaban al servicio del orden.\",\"breadcrumb\":{\"@id\":\"https:\\\/\\\/hojassueltas.es\\\/?p=24892#breadcrumb\"},\"inLanguage\":\"es\",\"potentialAction\":[{\"@type\":\"ReadAction\",\"target\":[\"https:\\\/\\\/hojassueltas.es\\\/?p=24892\"]}]},{\"@type\":\"ImageObject\",\"inLanguage\":\"es\",\"@id\":\"https:\\\/\\\/hojassueltas.es\\\/?p=24892#primaryimage\",\"url\":\"https:\\\/\\\/hojassueltas.es\\\/wp-content\\\/uploads\\\/2025\\\/11\\\/SH_02_Siglo-de-Oro_-H.S.png\",\"contentUrl\":\"https:\\\/\\\/hojassueltas.es\\\/wp-content\\\/uploads\\\/2025\\\/11\\\/SH_02_Siglo-de-Oro_-H.S.png\",\"width\":1920,\"height\":1280},{\"@type\":\"BreadcrumbList\",\"@id\":\"https:\\\/\\\/hojassueltas.es\\\/?p=24892#breadcrumb\",\"itemListElement\":[{\"@type\":\"ListItem\",\"position\":1,\"name\":\"Portada\",\"item\":\"https:\\\/\\\/hojassueltas.es\\\/\"},{\"@type\":\"ListItem\",\"position\":2,\"name\":\"El Siglo de Oro m\u00e1s all\u00e1 del arte: poder, religi\u00f3n y propaganda\"}]},{\"@type\":\"WebSite\",\"@id\":\"https:\\\/\\\/hojassueltas.es\\\/#website\",\"url\":\"https:\\\/\\\/hojassueltas.es\\\/\",\"name\":\"HojasSueltas.es\",\"description\":\"GRANADA - Peri\u00f3dico Cultural\",\"publisher\":{\"@id\":\"https:\\\/\\\/hojassueltas.es\\\/#organization\"},\"alternateName\":\"H.S. Periodico Cultural\",\"potentialAction\":[{\"@type\":\"SearchAction\",\"target\":{\"@type\":\"EntryPoint\",\"urlTemplate\":\"https:\\\/\\\/hojassueltas.es\\\/?s={search_term_string}\"},\"query-input\":{\"@type\":\"PropertyValueSpecification\",\"valueRequired\":true,\"valueName\":\"search_term_string\"}}],\"inLanguage\":\"es\"},{\"@type\":\"Organization\",\"@id\":\"https:\\\/\\\/hojassueltas.es\\\/#organization\",\"name\":\"HOJAS SUELTAS - Peri\u00f3dico Cultural\",\"alternateName\":\"HS - HOJAS SUELTAS Peri\u00f3dico Cultural\",\"url\":\"https:\\\/\\\/hojassueltas.es\\\/\",\"logo\":{\"@type\":\"ImageObject\",\"inLanguage\":\"es\",\"@id\":\"https:\\\/\\\/hojassueltas.es\\\/#\\\/schema\\\/logo\\\/image\\\/\",\"url\":\"https:\\\/\\\/hojassueltas.es\\\/wp-content\\\/uploads\\\/2025\\\/08\\\/Icono-HS_2.png\",\"contentUrl\":\"https:\\\/\\\/hojassueltas.es\\\/wp-content\\\/uploads\\\/2025\\\/08\\\/Icono-HS_2.png\",\"width\":500,\"height\":500,\"caption\":\"HOJAS SUELTAS - Peri\u00f3dico Cultural\"},\"image\":{\"@id\":\"https:\\\/\\\/hojassueltas.es\\\/#\\\/schema\\\/logo\\\/image\\\/\"},\"sameAs\":[\"https:\\\/\\\/x.com\\\/HOJASSUELTAS22\"]},{\"@type\":\"Person\",\"@id\":\"https:\\\/\\\/hojassueltas.es\\\/#\\\/schema\\\/person\\\/69b100dc9b45a00e61d055b63d4278e9\",\"name\":\"Valent\u00edn Castro\",\"image\":{\"@type\":\"ImageObject\",\"inLanguage\":\"es\",\"@id\":\"https:\\\/\\\/hojassueltas.es\\\/wp-content\\\/uploads\\\/2025\\\/11\\\/Valentin-Castro-2025-96x96.png\",\"url\":\"https:\\\/\\\/hojassueltas.es\\\/wp-content\\\/uploads\\\/2025\\\/11\\\/Valentin-Castro-2025-96x96.png\",\"contentUrl\":\"https:\\\/\\\/hojassueltas.es\\\/wp-content\\\/uploads\\\/2025\\\/11\\\/Valentin-Castro-2025-96x96.png\",\"caption\":\"Valent\u00edn Castro\"},\"description\":\"Naci\u00f3 en una aldea de A Coru\u00f1a. Emigra con sus padres a M\u00e9jico. Licenciado en Comunicaci\u00f3n y Periodismo por la Universidad Nacional Aut\u00f3noma de M\u00e9xico. Licenciado en Geograf\u00eda e Historia por la Universidad Complutense de Madrid. Vive en Madrid, publica art\u00edculos y ensayos en diversos medios de comunicaci\u00f3n mejicanos y espa\u00f1oles bajo varios seud\u00f3nimos. Actualmente prepara una saga con personajes nacidos durante la ocupaci\u00f3n de M\u00e9xico por Hern\u00e1n Cort\u00e9s. Sus art\u00edculos y ensayos son efectistas, en ocasiones c\u00e1ustico, y muy cr\u00edtico. ES Redactor Jefe de Hojas Sueltas, dedicando su tiempo libre a escribir art\u00edculos con especial dedicaci\u00f3n a la literatura y la historia.\",\"url\":\"https:\\\/\\\/hojassueltas.es\\\/?author=62\"}]}<\/script>\n<!-- \/ Yoast SEO plugin. -->","yoast_head_json":{"title":"El Siglo de Oro m\u00e1s all\u00e1 del arte: poder, religi\u00f3n y propaganda | SECUENCIAS HIST\u00d3RICAS | HOJAS SUELTAS Peri\u00f3dico Cultural","description":"SECUENCIAS HIST\u00d3RICAS = El Siglo de Oro no puede entenderse \u00fanicamente desde sus logros art\u00edsticos. Fue tambi\u00e9n un periodo de consolidaci\u00f3n de un modelo de poder totalizante, en el que el arte, la religi\u00f3n y la palabra estaban al servicio del orden.","robots":{"index":"index","follow":"follow","max-snippet":"max-snippet:-1","max-image-preview":"max-image-preview:large","max-video-preview":"max-video-preview:-1"},"canonical":"https:\/\/hojassueltas.es\/?p=24892","og_locale":"es_ES","og_type":"article","og_title":"El Siglo de Oro m\u00e1s all\u00e1 del arte: poder, religi\u00f3n y propaganda | SECUENCIAS HIST\u00d3RICAS | HOJAS SUELTAS Peri\u00f3dico Cultural","og_description":"SECUENCIAS HIST\u00d3RICAS = El Siglo de Oro no puede entenderse \u00fanicamente desde sus logros art\u00edsticos. Fue tambi\u00e9n un periodo de consolidaci\u00f3n de un modelo de poder totalizante, en el que el arte, la religi\u00f3n y la palabra estaban al servicio del orden.","og_url":"https:\/\/hojassueltas.es\/?p=24892","og_site_name":"HOJAS SUELTAS Peri\u00f3dico Cultural","article_published_time":"2025-11-08T22:00:58+00:00","article_modified_time":"2026-02-14T09:01:28+00:00","og_image":[{"width":915,"height":610,"url":"https:\/\/hojassueltas.es\/wp-content\/uploads\/2025\/11\/SH_02_Siglo-de-Oro_-H.S-915x610.png","type":"image\/png"}],"author":"Valent\u00edn Castro","twitter_card":"summary_large_image","twitter_creator":"@HOJASSUELTAS22","twitter_site":"@HOJASSUELTAS22","twitter_misc":{"Escrito por":"Valent\u00edn Castro","Tiempo de lectura":"7 minutos"},"schema":{"@context":"https:\/\/schema.org","@graph":[{"@type":["Article","BlogPosting"],"@id":"https:\/\/hojassueltas.es\/?p=24892#article","isPartOf":{"@id":"https:\/\/hojassueltas.es\/?p=24892"},"author":{"name":"Valent\u00edn Castro","@id":"https:\/\/hojassueltas.es\/#\/schema\/person\/69b100dc9b45a00e61d055b63d4278e9"},"headline":"El Siglo de Oro m\u00e1s all\u00e1 del arte: poder, religi\u00f3n y propaganda","datePublished":"2025-11-08T22:00:58+00:00","dateModified":"2026-02-14T09:01:28+00:00","mainEntityOfPage":{"@id":"https:\/\/hojassueltas.es\/?p=24892"},"wordCount":1566,"commentCount":0,"publisher":{"@id":"https:\/\/hojassueltas.es\/#organization"},"image":{"@id":"https:\/\/hojassueltas.es\/?p=24892#primaryimage"},"thumbnailUrl":"https:\/\/hojassueltas.es\/wp-content\/uploads\/2025\/11\/SH_02_Siglo-de-Oro_-H.S.png","articleSection":["SECUENCIAS HIST\u00d3RICAS"],"inLanguage":"es","potentialAction":[{"@type":"CommentAction","name":"Comment","target":["https:\/\/hojassueltas.es\/?p=24892#respond"]}]},{"@type":"WebPage","@id":"https:\/\/hojassueltas.es\/?p=24892","url":"https:\/\/hojassueltas.es\/?p=24892","name":"El Siglo de Oro m\u00e1s all\u00e1 del arte: poder, religi\u00f3n y propaganda | SECUENCIAS HIST\u00d3RICAS | HOJAS SUELTAS Peri\u00f3dico Cultural","isPartOf":{"@id":"https:\/\/hojassueltas.es\/#website"},"primaryImageOfPage":{"@id":"https:\/\/hojassueltas.es\/?p=24892#primaryimage"},"image":{"@id":"https:\/\/hojassueltas.es\/?p=24892#primaryimage"},"thumbnailUrl":"https:\/\/hojassueltas.es\/wp-content\/uploads\/2025\/11\/SH_02_Siglo-de-Oro_-H.S.png","datePublished":"2025-11-08T22:00:58+00:00","dateModified":"2026-02-14T09:01:28+00:00","description":"SECUENCIAS HIST\u00d3RICAS = El Siglo de Oro no puede entenderse \u00fanicamente desde sus logros art\u00edsticos. Fue tambi\u00e9n un periodo de consolidaci\u00f3n de un modelo de poder totalizante, en el que el arte, la religi\u00f3n y la palabra estaban al servicio del orden.","breadcrumb":{"@id":"https:\/\/hojassueltas.es\/?p=24892#breadcrumb"},"inLanguage":"es","potentialAction":[{"@type":"ReadAction","target":["https:\/\/hojassueltas.es\/?p=24892"]}]},{"@type":"ImageObject","inLanguage":"es","@id":"https:\/\/hojassueltas.es\/?p=24892#primaryimage","url":"https:\/\/hojassueltas.es\/wp-content\/uploads\/2025\/11\/SH_02_Siglo-de-Oro_-H.S.png","contentUrl":"https:\/\/hojassueltas.es\/wp-content\/uploads\/2025\/11\/SH_02_Siglo-de-Oro_-H.S.png","width":1920,"height":1280},{"@type":"BreadcrumbList","@id":"https:\/\/hojassueltas.es\/?p=24892#breadcrumb","itemListElement":[{"@type":"ListItem","position":1,"name":"Portada","item":"https:\/\/hojassueltas.es\/"},{"@type":"ListItem","position":2,"name":"El Siglo de Oro m\u00e1s all\u00e1 del arte: poder, religi\u00f3n y propaganda"}]},{"@type":"WebSite","@id":"https:\/\/hojassueltas.es\/#website","url":"https:\/\/hojassueltas.es\/","name":"HojasSueltas.es","description":"GRANADA - Peri\u00f3dico Cultural","publisher":{"@id":"https:\/\/hojassueltas.es\/#organization"},"alternateName":"H.S. Periodico Cultural","potentialAction":[{"@type":"SearchAction","target":{"@type":"EntryPoint","urlTemplate":"https:\/\/hojassueltas.es\/?s={search_term_string}"},"query-input":{"@type":"PropertyValueSpecification","valueRequired":true,"valueName":"search_term_string"}}],"inLanguage":"es"},{"@type":"Organization","@id":"https:\/\/hojassueltas.es\/#organization","name":"HOJAS SUELTAS - Peri\u00f3dico Cultural","alternateName":"HS - HOJAS SUELTAS Peri\u00f3dico Cultural","url":"https:\/\/hojassueltas.es\/","logo":{"@type":"ImageObject","inLanguage":"es","@id":"https:\/\/hojassueltas.es\/#\/schema\/logo\/image\/","url":"https:\/\/hojassueltas.es\/wp-content\/uploads\/2025\/08\/Icono-HS_2.png","contentUrl":"https:\/\/hojassueltas.es\/wp-content\/uploads\/2025\/08\/Icono-HS_2.png","width":500,"height":500,"caption":"HOJAS SUELTAS - Peri\u00f3dico Cultural"},"image":{"@id":"https:\/\/hojassueltas.es\/#\/schema\/logo\/image\/"},"sameAs":["https:\/\/x.com\/HOJASSUELTAS22"]},{"@type":"Person","@id":"https:\/\/hojassueltas.es\/#\/schema\/person\/69b100dc9b45a00e61d055b63d4278e9","name":"Valent\u00edn Castro","image":{"@type":"ImageObject","inLanguage":"es","@id":"https:\/\/hojassueltas.es\/wp-content\/uploads\/2025\/11\/Valentin-Castro-2025-96x96.png","url":"https:\/\/hojassueltas.es\/wp-content\/uploads\/2025\/11\/Valentin-Castro-2025-96x96.png","contentUrl":"https:\/\/hojassueltas.es\/wp-content\/uploads\/2025\/11\/Valentin-Castro-2025-96x96.png","caption":"Valent\u00edn Castro"},"description":"Naci\u00f3 en una aldea de A Coru\u00f1a. Emigra con sus padres a M\u00e9jico. Licenciado en Comunicaci\u00f3n y Periodismo por la Universidad Nacional Aut\u00f3noma de M\u00e9xico. Licenciado en Geograf\u00eda e Historia por la Universidad Complutense de Madrid. Vive en Madrid, publica art\u00edculos y ensayos en diversos medios de comunicaci\u00f3n mejicanos y espa\u00f1oles bajo varios seud\u00f3nimos. Actualmente prepara una saga con personajes nacidos durante la ocupaci\u00f3n de M\u00e9xico por Hern\u00e1n Cort\u00e9s. Sus art\u00edculos y ensayos son efectistas, en ocasiones c\u00e1ustico, y muy cr\u00edtico. ES Redactor Jefe de Hojas Sueltas, dedicando su tiempo libre a escribir art\u00edculos con especial dedicaci\u00f3n a la literatura y la historia.","url":"https:\/\/hojassueltas.es\/?author=62"}]}},"_links":{"self":[{"href":"https:\/\/hojassueltas.es\/index.php?rest_route=\/wp\/v2\/posts\/24892","targetHints":{"allow":["GET"]}}],"collection":[{"href":"https:\/\/hojassueltas.es\/index.php?rest_route=\/wp\/v2\/posts"}],"about":[{"href":"https:\/\/hojassueltas.es\/index.php?rest_route=\/wp\/v2\/types\/post"}],"author":[{"embeddable":true,"href":"https:\/\/hojassueltas.es\/index.php?rest_route=\/wp\/v2\/users\/62"}],"replies":[{"embeddable":true,"href":"https:\/\/hojassueltas.es\/index.php?rest_route=%2Fwp%2Fv2%2Fcomments&post=24892"}],"version-history":[{"count":1,"href":"https:\/\/hojassueltas.es\/index.php?rest_route=\/wp\/v2\/posts\/24892\/revisions"}],"predecessor-version":[{"id":24894,"href":"https:\/\/hojassueltas.es\/index.php?rest_route=\/wp\/v2\/posts\/24892\/revisions\/24894"}],"wp:featuredmedia":[{"embeddable":true,"href":"https:\/\/hojassueltas.es\/index.php?rest_route=\/wp\/v2\/media\/24893"}],"wp:attachment":[{"href":"https:\/\/hojassueltas.es\/index.php?rest_route=%2Fwp%2Fv2%2Fmedia&parent=24892"}],"wp:term":[{"taxonomy":"category","embeddable":true,"href":"https:\/\/hojassueltas.es\/index.php?rest_route=%2Fwp%2Fv2%2Fcategories&post=24892"},{"taxonomy":"post_tag","embeddable":true,"href":"https:\/\/hojassueltas.es\/index.php?rest_route=%2Fwp%2Fv2%2Ftags&post=24892"}],"curies":[{"name":"wp","href":"https:\/\/api.w.org\/{rel}","templated":true}]}}