{"id":24623,"date":"2025-11-01T00:00:53","date_gmt":"2025-10-31T22:00:53","guid":{"rendered":"https:\/\/hojassueltas.es\/?p=24623"},"modified":"2025-11-01T08:01:18","modified_gmt":"2025-11-01T06:01:18","slug":"ylia-marta-pang","status":"publish","type":"post","link":"https:\/\/hojassueltas.es\/?p=24623","title":{"rendered":"Ylia &#038; Marta Pang"},"content":{"rendered":"<h2><span style=\"font-size: 16px;\">\u00a9 Museo Nacional Centro de Arte Reina Sosf\u00eda<\/span><\/h2>\n<h2>Ciclo de m\u00fasica experimental<\/h2>\n<p style=\"text-align: justify;\">El encuentro entre la productora y DJ espa\u00f1ola <b class=\"HtmlParser-module--bold--ZIBHq\">Ylia<\/b> y la artista visual <b class=\"HtmlParser-module--bold--ZIBHq\">Marta Pang<\/b> se presenta como un estreno en el Museo Reina Sof\u00eda. Ambas creadoras llegan desde trayectorias distintas para dar forma a un proyecto nuevo concebido espec\u00edficamente para este ciclo. Ciclo que tiene como objetivo crear nuevos proyectos esc\u00e9nicos a partir de la fricci\u00f3n entre artistas y el di\u00e1logo entre disciplinas.<\/p>\n<section id=\"participants\" class=\"ActivityCommonContent-module--section--ScIHG\">\n<h2 class=\"ActivityCommonContent-module--sectionTitle--osAJH\">Participantes<\/h2>\n<div>\n<p class=\"HtmlParser-module--paragraph--HoTN-\" style=\"text-align: justify;\"><b class=\"HtmlParser-module--bold--ZIBHq\">Ylia<\/b>, creadora espa\u00f1ola cuya trayectoria atraviesa m\u00faltiples territorios de la m\u00fasica electr\u00f3nica, es una de las voces m\u00e1s singulares y prol\u00edficas de la electr\u00f3nica espa\u00f1ola contempor\u00e1nea. Despliega un imaginario sonoro que va de la sutileza ambiental a la intensidad r\u00edtmica, siempre con una sensibilidad especial para la colaboraci\u00f3n y la escucha. Con un recorrido art\u00edstico que transita entre la experimentaci\u00f3n electr\u00f3nica, la composici\u00f3n contempor\u00e1nea y la cultura de club, ha llevado su m\u00fasica a festivales de referencia como S\u00f3nar, Primavera Sound, Mutek o MIRA, adem\u00e1s de firmar proyectos multidisciplinares para el teatro y la danza o la creaci\u00f3n de bandas sonoras para cine.<\/p>\n<p class=\"HtmlParser-module--paragraph--HoTN-\" style=\"text-align: justify;\"><b class=\"HtmlParser-module--bold--ZIBHq\">Marta Pang<\/b>, artista visual nacida en Hong Kong y residente en Berl\u00edn, aporta una mirada escenogr\u00e1fica y generativa que dialoga con lo sonoro a trav\u00e9s de im\u00e1genes vivas, texturas digitales y composiciones que ampl\u00edan el espacio perceptivo. Su universo visual bebe de las tecnolog\u00edas creativas y la generaci\u00f3n algor\u00edtmica. Especializada en visuales generativos y piezas audiovisuales reactivas al sonido, Pang ha mostrado su trabajo tanto en la escena m\u00e1s <em>underground<\/em>, con artistas como Om Unit, como en escenarios internacionales de gran alcance, acompa\u00f1ando las giras de Post Malone o Travis Scott. Sus obras tambi\u00e9n se pueden disfrutar\u00a0en festivales y galer\u00edas de arte digital como Beyond Basel, Bideotikan o Art in Space Gallery (Dub\u00e1i).<\/p>\n<p class=\"HtmlParser-module--paragraph--HoTN-\" style=\"text-align: justify;\"><b class=\"HtmlParser-module--bold--ZIBHq\">Pedro Portellano\u00a0<\/b>es comisario y gestor cultural madrile\u00f1o y trabaja en la intersecci\u00f3n entre la m\u00fasica y las artes visuales. En su faceta de programador musical ha formado parte del equipo de la Red Bull Music Academy de Madrid y ha desarrollado ciclos como <em>Espacio ac\u00fastico<\/em> en el Museo Reina Sof\u00eda o el Festival PIEL en Matadero Madrid. Como comisario asociado, promueve un contexto para la m\u00fasica en el Centro de Cultura Contempor\u00e1nea Condeduque a trav\u00e9s de la programaci\u00f3n regular de conciertos, talleres y clases magistrales.<\/p>\n<p>Redacci\u00f3n<\/p>\n<\/div>\n<\/section>\n","protected":false},"excerpt":{"rendered":"<p>\u00a9 Museo Nacional Centro de Arte Reina Sosf\u00eda Ciclo de m\u00fasica experimental El encuentro entre la productora y DJ espa\u00f1ola Ylia y la artista visual Marta Pang se presenta como un estreno en el Museo Reina Sof\u00eda. Ambas creadoras llegan desde trayectorias distintas para dar forma a un proyecto nuevo concebido espec\u00edficamente para este ciclo. [&hellip;]<\/p>\n","protected":false},"author":1,"featured_media":24642,"comment_status":"open","ping_status":"closed","sticky":false,"template":"","format":"standard","meta":{"footnotes":""},"categories":[2613],"tags":[],"class_list":{"0":"post-24623","1":"post","2":"type-post","3":"status-publish","4":"format-standard","5":"has-post-thumbnail","7":"category-musica-y-danza"},"yoast_head":"<!-- This site is optimized with the Yoast SEO plugin v27.4 - https:\/\/yoast.com\/product\/yoast-seo-wordpress\/ -->\n<title>Ylia &amp; Marta Pang | HOJAS SUELTAS Peri\u00f3dico Cultural<\/title>\n<meta name=\"description\" content=\"PANORAMA CULTURAL- Ciclo de m\u00fasica experimental - El encuentro entre la productora y DJ espa\u00f1ola Ylia y la artista visual Marta Pang se presenta como un estreno en el Museo Reina Sof\u00eda\" \/>\n<meta name=\"robots\" content=\"index, follow, max-snippet:-1, max-image-preview:large, max-video-preview:-1\" \/>\n<link rel=\"canonical\" href=\"https:\/\/hojassueltas.es\/?p=24623\" \/>\n<meta property=\"og:locale\" content=\"es_ES\" \/>\n<meta property=\"og:type\" content=\"article\" \/>\n<meta property=\"og:title\" content=\"Ylia &amp; Marta Pang | HOJAS SUELTAS Peri\u00f3dico Cultural\" \/>\n<meta property=\"og:description\" content=\"PANORAMA CULTURAL- Ciclo de m\u00fasica experimental - El encuentro entre la productora y DJ espa\u00f1ola Ylia y la artista visual Marta Pang se presenta como un estreno en el Museo Reina Sof\u00eda\" \/>\n<meta property=\"og:url\" content=\"https:\/\/hojassueltas.es\/?p=24623\" \/>\n<meta property=\"og:site_name\" content=\"HOJAS SUELTAS Peri\u00f3dico Cultural\" \/>\n<meta property=\"article:published_time\" content=\"2025-10-31T22:00:53+00:00\" \/>\n<meta property=\"article:modified_time\" content=\"2025-11-01T06:01:18+00:00\" \/>\n<meta property=\"og:image\" content=\"https:\/\/hojassueltas.es\/wp-content\/uploads\/2025\/11\/Ylia-2_H.S.png\" \/>\n\t<meta property=\"og:image:width\" content=\"1920\" \/>\n\t<meta property=\"og:image:height\" content=\"1280\" \/>\n\t<meta property=\"og:image:type\" content=\"image\/png\" \/>\n<meta name=\"author\" content=\"Redacci\u00f3n\" \/>\n<meta name=\"twitter:card\" content=\"summary_large_image\" \/>\n<meta name=\"twitter:creator\" content=\"@HOJASSUELTAS22\" \/>\n<meta name=\"twitter:site\" content=\"@HOJASSUELTAS22\" \/>\n<meta name=\"twitter:label1\" content=\"Escrito por\" \/>\n\t<meta name=\"twitter:data1\" content=\"Redacci\u00f3n\" \/>\n\t<meta name=\"twitter:label2\" content=\"Tiempo de lectura\" \/>\n\t<meta name=\"twitter:data2\" content=\"2 minutos\" \/>\n<script type=\"application\/ld+json\" class=\"yoast-schema-graph\">{\"@context\":\"https:\\\/\\\/schema.org\",\"@graph\":[{\"@type\":[\"Article\",\"BlogPosting\"],\"@id\":\"https:\\\/\\\/hojassueltas.es\\\/?p=24623#article\",\"isPartOf\":{\"@id\":\"https:\\\/\\\/hojassueltas.es\\\/?p=24623\"},\"author\":{\"name\":\"Redacci\u00f3n\",\"@id\":\"https:\\\/\\\/hojassueltas.es\\\/#\\\/schema\\\/person\\\/f232bbdb834c61c90aff2245daa401c0\"},\"headline\":\"Ylia &#038; Marta Pang\",\"datePublished\":\"2025-10-31T22:00:53+00:00\",\"dateModified\":\"2025-11-01T06:01:18+00:00\",\"mainEntityOfPage\":{\"@id\":\"https:\\\/\\\/hojassueltas.es\\\/?p=24623\"},\"wordCount\":434,\"commentCount\":0,\"publisher\":{\"@id\":\"https:\\\/\\\/hojassueltas.es\\\/#organization\"},\"image\":{\"@id\":\"https:\\\/\\\/hojassueltas.es\\\/?p=24623#primaryimage\"},\"thumbnailUrl\":\"https:\\\/\\\/hojassueltas.es\\\/wp-content\\\/uploads\\\/2025\\\/11\\\/Ylia-2_H.S.png\",\"articleSection\":[\"M\u00fasica y Danza\"],\"inLanguage\":\"es\",\"potentialAction\":[{\"@type\":\"CommentAction\",\"name\":\"Comment\",\"target\":[\"https:\\\/\\\/hojassueltas.es\\\/?p=24623#respond\"]}]},{\"@type\":\"WebPage\",\"@id\":\"https:\\\/\\\/hojassueltas.es\\\/?p=24623\",\"url\":\"https:\\\/\\\/hojassueltas.es\\\/?p=24623\",\"name\":\"Ylia & Marta Pang | HOJAS SUELTAS Peri\u00f3dico Cultural\",\"isPartOf\":{\"@id\":\"https:\\\/\\\/hojassueltas.es\\\/#website\"},\"primaryImageOfPage\":{\"@id\":\"https:\\\/\\\/hojassueltas.es\\\/?p=24623#primaryimage\"},\"image\":{\"@id\":\"https:\\\/\\\/hojassueltas.es\\\/?p=24623#primaryimage\"},\"thumbnailUrl\":\"https:\\\/\\\/hojassueltas.es\\\/wp-content\\\/uploads\\\/2025\\\/11\\\/Ylia-2_H.S.png\",\"datePublished\":\"2025-10-31T22:00:53+00:00\",\"dateModified\":\"2025-11-01T06:01:18+00:00\",\"description\":\"PANORAMA CULTURAL- Ciclo de m\u00fasica experimental - El encuentro entre la productora y DJ espa\u00f1ola Ylia y la artista visual Marta Pang se presenta como un estreno en el Museo Reina Sof\u00eda\",\"breadcrumb\":{\"@id\":\"https:\\\/\\\/hojassueltas.es\\\/?p=24623#breadcrumb\"},\"inLanguage\":\"es\",\"potentialAction\":[{\"@type\":\"ReadAction\",\"target\":[\"https:\\\/\\\/hojassueltas.es\\\/?p=24623\"]}]},{\"@type\":\"ImageObject\",\"inLanguage\":\"es\",\"@id\":\"https:\\\/\\\/hojassueltas.es\\\/?p=24623#primaryimage\",\"url\":\"https:\\\/\\\/hojassueltas.es\\\/wp-content\\\/uploads\\\/2025\\\/11\\\/Ylia-2_H.S.png\",\"contentUrl\":\"https:\\\/\\\/hojassueltas.es\\\/wp-content\\\/uploads\\\/2025\\\/11\\\/Ylia-2_H.S.png\",\"width\":1920,\"height\":1280},{\"@type\":\"BreadcrumbList\",\"@id\":\"https:\\\/\\\/hojassueltas.es\\\/?p=24623#breadcrumb\",\"itemListElement\":[{\"@type\":\"ListItem\",\"position\":1,\"name\":\"Portada\",\"item\":\"https:\\\/\\\/hojassueltas.es\\\/\"},{\"@type\":\"ListItem\",\"position\":2,\"name\":\"Ylia &#038; Marta Pang\"}]},{\"@type\":\"WebSite\",\"@id\":\"https:\\\/\\\/hojassueltas.es\\\/#website\",\"url\":\"https:\\\/\\\/hojassueltas.es\\\/\",\"name\":\"HojasSueltas.es\",\"description\":\"GRANADA - Peri\u00f3dico Cultural\",\"publisher\":{\"@id\":\"https:\\\/\\\/hojassueltas.es\\\/#organization\"},\"alternateName\":\"H.S. Periodico Cultural\",\"potentialAction\":[{\"@type\":\"SearchAction\",\"target\":{\"@type\":\"EntryPoint\",\"urlTemplate\":\"https:\\\/\\\/hojassueltas.es\\\/?s={search_term_string}\"},\"query-input\":{\"@type\":\"PropertyValueSpecification\",\"valueRequired\":true,\"valueName\":\"search_term_string\"}}],\"inLanguage\":\"es\"},{\"@type\":\"Organization\",\"@id\":\"https:\\\/\\\/hojassueltas.es\\\/#organization\",\"name\":\"HOJAS SUELTAS - Peri\u00f3dico Cultural\",\"alternateName\":\"HS - HOJAS SUELTAS Peri\u00f3dico Cultural\",\"url\":\"https:\\\/\\\/hojassueltas.es\\\/\",\"logo\":{\"@type\":\"ImageObject\",\"inLanguage\":\"es\",\"@id\":\"https:\\\/\\\/hojassueltas.es\\\/#\\\/schema\\\/logo\\\/image\\\/\",\"url\":\"https:\\\/\\\/hojassueltas.es\\\/wp-content\\\/uploads\\\/2025\\\/08\\\/Icono-HS_2.png\",\"contentUrl\":\"https:\\\/\\\/hojassueltas.es\\\/wp-content\\\/uploads\\\/2025\\\/08\\\/Icono-HS_2.png\",\"width\":500,\"height\":500,\"caption\":\"HOJAS SUELTAS - Peri\u00f3dico Cultural\"},\"image\":{\"@id\":\"https:\\\/\\\/hojassueltas.es\\\/#\\\/schema\\\/logo\\\/image\\\/\"},\"sameAs\":[\"https:\\\/\\\/x.com\\\/HOJASSUELTAS22\"]},{\"@type\":\"Person\",\"@id\":\"https:\\\/\\\/hojassueltas.es\\\/#\\\/schema\\\/person\\\/f232bbdb834c61c90aff2245daa401c0\",\"name\":\"Redacci\u00f3n\",\"image\":{\"@type\":\"ImageObject\",\"inLanguage\":\"es\",\"@id\":\"https:\\\/\\\/hojassueltas.es\\\/wp-content\\\/uploads\\\/2026\\\/02\\\/Redaccion-2-96x96.png\",\"url\":\"https:\\\/\\\/hojassueltas.es\\\/wp-content\\\/uploads\\\/2026\\\/02\\\/Redaccion-2-96x96.png\",\"contentUrl\":\"https:\\\/\\\/hojassueltas.es\\\/wp-content\\\/uploads\\\/2026\\\/02\\\/Redaccion-2-96x96.png\",\"caption\":\"Redacci\u00f3n\"},\"description\":\"Redacci\u00f3n de HOJAS SUELTAS\",\"url\":\"https:\\\/\\\/hojassueltas.es\\\/?author=1\"}]}<\/script>\n<!-- \/ Yoast SEO plugin. -->","yoast_head_json":{"title":"Ylia & Marta Pang | HOJAS SUELTAS Peri\u00f3dico Cultural","description":"PANORAMA CULTURAL- Ciclo de m\u00fasica experimental - El encuentro entre la productora y DJ espa\u00f1ola Ylia y la artista visual Marta Pang se presenta como un estreno en el Museo Reina Sof\u00eda","robots":{"index":"index","follow":"follow","max-snippet":"max-snippet:-1","max-image-preview":"max-image-preview:large","max-video-preview":"max-video-preview:-1"},"canonical":"https:\/\/hojassueltas.es\/?p=24623","og_locale":"es_ES","og_type":"article","og_title":"Ylia & Marta Pang | HOJAS SUELTAS Peri\u00f3dico Cultural","og_description":"PANORAMA CULTURAL- Ciclo de m\u00fasica experimental - El encuentro entre la productora y DJ espa\u00f1ola Ylia y la artista visual Marta Pang se presenta como un estreno en el Museo Reina Sof\u00eda","og_url":"https:\/\/hojassueltas.es\/?p=24623","og_site_name":"HOJAS SUELTAS Peri\u00f3dico Cultural","article_published_time":"2025-10-31T22:00:53+00:00","article_modified_time":"2025-11-01T06:01:18+00:00","og_image":[{"width":1920,"height":1280,"url":"https:\/\/hojassueltas.es\/wp-content\/uploads\/2025\/11\/Ylia-2_H.S.png","type":"image\/png"}],"author":"Redacci\u00f3n","twitter_card":"summary_large_image","twitter_creator":"@HOJASSUELTAS22","twitter_site":"@HOJASSUELTAS22","twitter_misc":{"Escrito por":"Redacci\u00f3n","Tiempo de lectura":"2 minutos"},"schema":{"@context":"https:\/\/schema.org","@graph":[{"@type":["Article","BlogPosting"],"@id":"https:\/\/hojassueltas.es\/?p=24623#article","isPartOf":{"@id":"https:\/\/hojassueltas.es\/?p=24623"},"author":{"name":"Redacci\u00f3n","@id":"https:\/\/hojassueltas.es\/#\/schema\/person\/f232bbdb834c61c90aff2245daa401c0"},"headline":"Ylia &#038; Marta Pang","datePublished":"2025-10-31T22:00:53+00:00","dateModified":"2025-11-01T06:01:18+00:00","mainEntityOfPage":{"@id":"https:\/\/hojassueltas.es\/?p=24623"},"wordCount":434,"commentCount":0,"publisher":{"@id":"https:\/\/hojassueltas.es\/#organization"},"image":{"@id":"https:\/\/hojassueltas.es\/?p=24623#primaryimage"},"thumbnailUrl":"https:\/\/hojassueltas.es\/wp-content\/uploads\/2025\/11\/Ylia-2_H.S.png","articleSection":["M\u00fasica y Danza"],"inLanguage":"es","potentialAction":[{"@type":"CommentAction","name":"Comment","target":["https:\/\/hojassueltas.es\/?p=24623#respond"]}]},{"@type":"WebPage","@id":"https:\/\/hojassueltas.es\/?p=24623","url":"https:\/\/hojassueltas.es\/?p=24623","name":"Ylia & Marta Pang | HOJAS SUELTAS Peri\u00f3dico Cultural","isPartOf":{"@id":"https:\/\/hojassueltas.es\/#website"},"primaryImageOfPage":{"@id":"https:\/\/hojassueltas.es\/?p=24623#primaryimage"},"image":{"@id":"https:\/\/hojassueltas.es\/?p=24623#primaryimage"},"thumbnailUrl":"https:\/\/hojassueltas.es\/wp-content\/uploads\/2025\/11\/Ylia-2_H.S.png","datePublished":"2025-10-31T22:00:53+00:00","dateModified":"2025-11-01T06:01:18+00:00","description":"PANORAMA CULTURAL- Ciclo de m\u00fasica experimental - El encuentro entre la productora y DJ espa\u00f1ola Ylia y la artista visual Marta Pang se presenta como un estreno en el Museo Reina Sof\u00eda","breadcrumb":{"@id":"https:\/\/hojassueltas.es\/?p=24623#breadcrumb"},"inLanguage":"es","potentialAction":[{"@type":"ReadAction","target":["https:\/\/hojassueltas.es\/?p=24623"]}]},{"@type":"ImageObject","inLanguage":"es","@id":"https:\/\/hojassueltas.es\/?p=24623#primaryimage","url":"https:\/\/hojassueltas.es\/wp-content\/uploads\/2025\/11\/Ylia-2_H.S.png","contentUrl":"https:\/\/hojassueltas.es\/wp-content\/uploads\/2025\/11\/Ylia-2_H.S.png","width":1920,"height":1280},{"@type":"BreadcrumbList","@id":"https:\/\/hojassueltas.es\/?p=24623#breadcrumb","itemListElement":[{"@type":"ListItem","position":1,"name":"Portada","item":"https:\/\/hojassueltas.es\/"},{"@type":"ListItem","position":2,"name":"Ylia &#038; Marta Pang"}]},{"@type":"WebSite","@id":"https:\/\/hojassueltas.es\/#website","url":"https:\/\/hojassueltas.es\/","name":"HojasSueltas.es","description":"GRANADA - Peri\u00f3dico Cultural","publisher":{"@id":"https:\/\/hojassueltas.es\/#organization"},"alternateName":"H.S. Periodico Cultural","potentialAction":[{"@type":"SearchAction","target":{"@type":"EntryPoint","urlTemplate":"https:\/\/hojassueltas.es\/?s={search_term_string}"},"query-input":{"@type":"PropertyValueSpecification","valueRequired":true,"valueName":"search_term_string"}}],"inLanguage":"es"},{"@type":"Organization","@id":"https:\/\/hojassueltas.es\/#organization","name":"HOJAS SUELTAS - Peri\u00f3dico Cultural","alternateName":"HS - HOJAS SUELTAS Peri\u00f3dico Cultural","url":"https:\/\/hojassueltas.es\/","logo":{"@type":"ImageObject","inLanguage":"es","@id":"https:\/\/hojassueltas.es\/#\/schema\/logo\/image\/","url":"https:\/\/hojassueltas.es\/wp-content\/uploads\/2025\/08\/Icono-HS_2.png","contentUrl":"https:\/\/hojassueltas.es\/wp-content\/uploads\/2025\/08\/Icono-HS_2.png","width":500,"height":500,"caption":"HOJAS SUELTAS - Peri\u00f3dico Cultural"},"image":{"@id":"https:\/\/hojassueltas.es\/#\/schema\/logo\/image\/"},"sameAs":["https:\/\/x.com\/HOJASSUELTAS22"]},{"@type":"Person","@id":"https:\/\/hojassueltas.es\/#\/schema\/person\/f232bbdb834c61c90aff2245daa401c0","name":"Redacci\u00f3n","image":{"@type":"ImageObject","inLanguage":"es","@id":"https:\/\/hojassueltas.es\/wp-content\/uploads\/2026\/02\/Redaccion-2-96x96.png","url":"https:\/\/hojassueltas.es\/wp-content\/uploads\/2026\/02\/Redaccion-2-96x96.png","contentUrl":"https:\/\/hojassueltas.es\/wp-content\/uploads\/2026\/02\/Redaccion-2-96x96.png","caption":"Redacci\u00f3n"},"description":"Redacci\u00f3n de HOJAS SUELTAS","url":"https:\/\/hojassueltas.es\/?author=1"}]}},"_links":{"self":[{"href":"https:\/\/hojassueltas.es\/index.php?rest_route=\/wp\/v2\/posts\/24623","targetHints":{"allow":["GET"]}}],"collection":[{"href":"https:\/\/hojassueltas.es\/index.php?rest_route=\/wp\/v2\/posts"}],"about":[{"href":"https:\/\/hojassueltas.es\/index.php?rest_route=\/wp\/v2\/types\/post"}],"author":[{"embeddable":true,"href":"https:\/\/hojassueltas.es\/index.php?rest_route=\/wp\/v2\/users\/1"}],"replies":[{"embeddable":true,"href":"https:\/\/hojassueltas.es\/index.php?rest_route=%2Fwp%2Fv2%2Fcomments&post=24623"}],"version-history":[{"count":1,"href":"https:\/\/hojassueltas.es\/index.php?rest_route=\/wp\/v2\/posts\/24623\/revisions"}],"predecessor-version":[{"id":24625,"href":"https:\/\/hojassueltas.es\/index.php?rest_route=\/wp\/v2\/posts\/24623\/revisions\/24625"}],"wp:featuredmedia":[{"embeddable":true,"href":"https:\/\/hojassueltas.es\/index.php?rest_route=\/wp\/v2\/media\/24642"}],"wp:attachment":[{"href":"https:\/\/hojassueltas.es\/index.php?rest_route=%2Fwp%2Fv2%2Fmedia&parent=24623"}],"wp:term":[{"taxonomy":"category","embeddable":true,"href":"https:\/\/hojassueltas.es\/index.php?rest_route=%2Fwp%2Fv2%2Fcategories&post=24623"},{"taxonomy":"post_tag","embeddable":true,"href":"https:\/\/hojassueltas.es\/index.php?rest_route=%2Fwp%2Fv2%2Ftags&post=24623"}],"curies":[{"name":"wp","href":"https:\/\/api.w.org\/{rel}","templated":true}]}}