{"id":24604,"date":"2025-10-31T00:00:30","date_gmt":"2025-10-30T22:00:30","guid":{"rendered":"https:\/\/hojassueltas.es\/?p=24604"},"modified":"2026-02-14T11:45:12","modified_gmt":"2026-02-14T09:45:12","slug":"el-primer-museo-de-arte-contemporaneo-en-europa-fue-espanol","status":"publish","type":"post","link":"https:\/\/hojassueltas.es\/?p=24604","title":{"rendered":"El primer museo de arte contempor\u00e1neo en Europa fue espa\u00f1ol"},"content":{"rendered":"<p align=\"justify\"><span style=\"font-size: large;\">Cuando se habla de museos dedicados al arte contempor\u00e1neo, el imaginario colectivo suele desplazarse con rapidez hacia nombres como el MoMA de Nueva York o el Centre Pompidou de Par\u00eds. Sin embargo, pocos saben que Europa acogi\u00f3 su primer museo especializado en arte moderno y contempor\u00e1neo mucho antes de que estos referentes existieran, y lo hizo en Madrid. Hablamos del Museo de Arte Moderno, fundado en 1894, una instituci\u00f3n pionera no solo en Espa\u00f1a, sino en todo el continente.<\/span><\/p>\n<p align=\"justify\"><span style=\"font-size: large;\">En plena Restauraci\u00f3n borb\u00f3nica, con la ciudad de Madrid inmersa en procesos de modernizaci\u00f3n urbana, el Estado decidi\u00f3 crear un espacio espec\u00edfico para albergar y dar visibilidad al arte de su tiempo. Hasta entonces, los museos nacionales, como el Prado, estaban dedicados casi exclusivamente a las escuelas cl\u00e1sicas, con un enfoque historicista que dejaba escaso margen para las expresiones art\u00edsticas contempor\u00e1neas. El nuevo museo vino a cubrir ese vac\u00edo: su misi\u00f3n era reunir, conservar y exhibir obras de artistas vivos o recientemente fallecidos, una apuesta sorprendentemente audaz para la \u00e9poca.<\/span><\/p>\n<p align=\"justify\"><span style=\"font-size: large;\">El Museo de Arte Moderno fue concebido como un organismo independiente, aunque vinculado a la Administraci\u00f3n central, y desde sus inicios recogi\u00f3 la producci\u00f3n de artistas espa\u00f1oles del siglo XIX, incluyendo nombres como Mariano Fortuny, Joaqu\u00edn Sorolla, Aureliano de Beruete o Ignacio Zuloaga. No se trataba solo de una galer\u00eda de pintura, sino de un museo que aspiraba a ser testigo activo de la evoluci\u00f3n del arte nacional, incluyendo escultura, dibujo y, m\u00e1s adelante, incluso artes decorativas.<\/span><\/p>\n<p align=\"justify\"><span style=\"font-size: large;\">Instalado en el Palacio de Bibliotecas y Museos, junto al actual Museo Arqueol\u00f3gico Nacional, el museo se mantuvo en funcionamiento durante m\u00e1s de siete d\u00e9cadas. En 1971 fue finalmente desmantelado como instituci\u00f3n independiente, y sus fondos fueron repartidos entre el Museo del Prado y el reci\u00e9n creado Museo Espa\u00f1ol de Arte Contempor\u00e1neo (MEAC), germen del actual Museo Reina Sof\u00eda.<\/span><\/p>\n<p align=\"justify\"><span style=\"font-size: large;\">La historia del Museo de Arte Moderno de Madrid es, en cierto modo, la historia de un pa\u00eds que trataba de encontrar su lugar en las vanguardias europeas sin renunciar a su identidad art\u00edstica. Fue tambi\u00e9n un ejemplo de pol\u00edtica cultural anticipada, en un contexto donde el concepto de \u201carte contempor\u00e1neo\u201d apenas comenzaba a definirse. As\u00ed, mientras ciudades como Nueva York o Par\u00eds tardar\u00edan a\u00fan d\u00e9cadas en institucionalizar lo moderno, Espa\u00f1a ya hab\u00eda dado ese paso \u2014aunque sin el reconocimiento internacional que tendr\u00eda despu\u00e9s.<\/span><\/p>\n<p align=\"justify\"><span style=\"font-size: large;\">Recordar esta iniciativa pionera no solo es un ejercicio de justicia hist\u00f3rica, sino una manera de subrayar el papel que jug\u00f3 la cultura espa\u00f1ola en los albores de la modernidad art\u00edstica europea. Un museo que, con m\u00e1s visi\u00f3n que medios, abri\u00f3 la puerta a una nueva forma de mirar el arte: como reflejo del presente.<\/span><\/p>\n<p align=\"justify\">REDACCI\u00d3N<\/p>\n","protected":false},"excerpt":{"rendered":"<p>Cuando se habla de museos dedicados al arte contempor\u00e1neo, el imaginario colectivo suele desplazarse con rapidez hacia nombres como el MoMA de Nueva York o el Centre Pompidou de Par\u00eds. Sin embargo, pocos saben que Europa acogi\u00f3 su primer museo especializado en arte moderno y contempor\u00e1neo mucho antes de que estos referentes existieran, y lo [&hellip;]<\/p>\n","protected":false},"author":92,"featured_media":24605,"comment_status":"open","ping_status":"closed","sticky":false,"template":"","format":"standard","meta":{"footnotes":""},"categories":[2618],"tags":[],"class_list":{"0":"post-24604","1":"post","2":"type-post","3":"status-publish","4":"format-standard","5":"has-post-thumbnail","7":"category-curiosidades"},"yoast_head":"<!-- This site is optimized with the Yoast SEO plugin v27.5 - https:\/\/yoast.com\/product\/yoast-seo-wordpress\/ -->\n<title>El primer museo de arte contempor\u00e1neo en Europa fue espa\u00f1ol | Curiosidades | HOJAS SUELTAS Peri\u00f3dico Cultural<\/title>\n<meta name=\"description\" content=\"CURIOSIDADES CULTURALES= En plena Restauraci\u00f3n borb\u00f3nica, con la ciudad de Madrid inmersa en procesos de modernizaci\u00f3n urbana, el Estado decidi\u00f3 crear un espacio espec\u00edfico para albergar y dar visibilidad al arte de su tiempo. Hasta entonces, los museos nacionales, como el Prado\" \/>\n<meta name=\"robots\" content=\"index, follow, max-snippet:-1, max-image-preview:large, max-video-preview:-1\" \/>\n<link rel=\"canonical\" href=\"https:\/\/hojassueltas.es\/?p=24604\" \/>\n<meta property=\"og:locale\" content=\"es_ES\" \/>\n<meta property=\"og:type\" content=\"article\" \/>\n<meta property=\"og:title\" content=\"El primer museo de arte contempor\u00e1neo en Europa fue espa\u00f1ol | Curiosidades | HOJAS SUELTAS Peri\u00f3dico Cultural\" \/>\n<meta property=\"og:description\" content=\"CURIOSIDADES CULTURALES= En plena Restauraci\u00f3n borb\u00f3nica, con la ciudad de Madrid inmersa en procesos de modernizaci\u00f3n urbana, el Estado decidi\u00f3 crear un espacio espec\u00edfico para albergar y dar visibilidad al arte de su tiempo. Hasta entonces, los museos nacionales, como el Prado\" \/>\n<meta property=\"og:url\" content=\"https:\/\/hojassueltas.es\/?p=24604\" \/>\n<meta property=\"og:site_name\" content=\"HOJAS SUELTAS Peri\u00f3dico Cultural\" \/>\n<meta property=\"article:published_time\" content=\"2025-10-30T22:00:30+00:00\" \/>\n<meta property=\"article:modified_time\" content=\"2026-02-14T09:45:12+00:00\" \/>\n<meta property=\"og:image\" content=\"https:\/\/hojassueltas.es\/wp-content\/uploads\/2025\/10\/CUR_55_H.S-976x610.png\" \/>\n\t<meta property=\"og:image:width\" content=\"976\" \/>\n\t<meta property=\"og:image:height\" content=\"610\" \/>\n\t<meta property=\"og:image:type\" content=\"image\/png\" \/>\n<meta name=\"author\" content=\"Punto y Seguido - Andr\u00e9s L\u00f3pez\" \/>\n<meta name=\"twitter:card\" content=\"summary_large_image\" \/>\n<meta name=\"twitter:creator\" content=\"@HOJASSUELTAS22\" \/>\n<meta name=\"twitter:site\" content=\"@HOJASSUELTAS22\" \/>\n<meta name=\"twitter:label1\" content=\"Escrito por\" \/>\n\t<meta name=\"twitter:data1\" content=\"Punto y Seguido - Andr\u00e9s L\u00f3pez\" \/>\n\t<meta name=\"twitter:label2\" content=\"Tiempo de lectura\" \/>\n\t<meta name=\"twitter:data2\" content=\"3 minutos\" \/>\n<script type=\"application\/ld+json\" class=\"yoast-schema-graph\">{\"@context\":\"https:\\\/\\\/schema.org\",\"@graph\":[{\"@type\":[\"Article\",\"BlogPosting\"],\"@id\":\"https:\\\/\\\/hojassueltas.es\\\/?p=24604#article\",\"isPartOf\":{\"@id\":\"https:\\\/\\\/hojassueltas.es\\\/?p=24604\"},\"author\":{\"name\":\"Punto y Seguido - Andr\u00e9s L\u00f3pez\",\"@id\":\"https:\\\/\\\/hojassueltas.es\\\/#\\\/schema\\\/person\\\/ac1996cc775b56daf7c72c58f4cb880a\"},\"headline\":\"El primer museo de arte contempor\u00e1neo en Europa fue espa\u00f1ol\",\"datePublished\":\"2025-10-30T22:00:30+00:00\",\"dateModified\":\"2026-02-14T09:45:12+00:00\",\"mainEntityOfPage\":{\"@id\":\"https:\\\/\\\/hojassueltas.es\\\/?p=24604\"},\"wordCount\":503,\"commentCount\":0,\"publisher\":{\"@id\":\"https:\\\/\\\/hojassueltas.es\\\/#organization\"},\"image\":{\"@id\":\"https:\\\/\\\/hojassueltas.es\\\/?p=24604#primaryimage\"},\"thumbnailUrl\":\"https:\\\/\\\/hojassueltas.es\\\/wp-content\\\/uploads\\\/2025\\\/10\\\/CUR_55_H.S.png\",\"articleSection\":[\"Curiosidades\"],\"inLanguage\":\"es\",\"potentialAction\":[{\"@type\":\"CommentAction\",\"name\":\"Comment\",\"target\":[\"https:\\\/\\\/hojassueltas.es\\\/?p=24604#respond\"]}]},{\"@type\":\"WebPage\",\"@id\":\"https:\\\/\\\/hojassueltas.es\\\/?p=24604\",\"url\":\"https:\\\/\\\/hojassueltas.es\\\/?p=24604\",\"name\":\"El primer museo de arte contempor\u00e1neo en Europa fue espa\u00f1ol | Curiosidades | HOJAS SUELTAS Peri\u00f3dico Cultural\",\"isPartOf\":{\"@id\":\"https:\\\/\\\/hojassueltas.es\\\/#website\"},\"primaryImageOfPage\":{\"@id\":\"https:\\\/\\\/hojassueltas.es\\\/?p=24604#primaryimage\"},\"image\":{\"@id\":\"https:\\\/\\\/hojassueltas.es\\\/?p=24604#primaryimage\"},\"thumbnailUrl\":\"https:\\\/\\\/hojassueltas.es\\\/wp-content\\\/uploads\\\/2025\\\/10\\\/CUR_55_H.S.png\",\"datePublished\":\"2025-10-30T22:00:30+00:00\",\"dateModified\":\"2026-02-14T09:45:12+00:00\",\"description\":\"CURIOSIDADES CULTURALES= En plena Restauraci\u00f3n borb\u00f3nica, con la ciudad de Madrid inmersa en procesos de modernizaci\u00f3n urbana, el Estado decidi\u00f3 crear un espacio espec\u00edfico para albergar y dar visibilidad al arte de su tiempo. Hasta entonces, los museos nacionales, como el Prado\",\"breadcrumb\":{\"@id\":\"https:\\\/\\\/hojassueltas.es\\\/?p=24604#breadcrumb\"},\"inLanguage\":\"es\",\"potentialAction\":[{\"@type\":\"ReadAction\",\"target\":[\"https:\\\/\\\/hojassueltas.es\\\/?p=24604\"]}]},{\"@type\":\"ImageObject\",\"inLanguage\":\"es\",\"@id\":\"https:\\\/\\\/hojassueltas.es\\\/?p=24604#primaryimage\",\"url\":\"https:\\\/\\\/hojassueltas.es\\\/wp-content\\\/uploads\\\/2025\\\/10\\\/CUR_55_H.S.png\",\"contentUrl\":\"https:\\\/\\\/hojassueltas.es\\\/wp-content\\\/uploads\\\/2025\\\/10\\\/CUR_55_H.S.png\",\"width\":1920,\"height\":1200},{\"@type\":\"BreadcrumbList\",\"@id\":\"https:\\\/\\\/hojassueltas.es\\\/?p=24604#breadcrumb\",\"itemListElement\":[{\"@type\":\"ListItem\",\"position\":1,\"name\":\"Portada\",\"item\":\"https:\\\/\\\/hojassueltas.es\\\/\"},{\"@type\":\"ListItem\",\"position\":2,\"name\":\"El primer museo de arte contempor\u00e1neo en Europa fue espa\u00f1ol\"}]},{\"@type\":\"WebSite\",\"@id\":\"https:\\\/\\\/hojassueltas.es\\\/#website\",\"url\":\"https:\\\/\\\/hojassueltas.es\\\/\",\"name\":\"HojasSueltas.es\",\"description\":\"GRANADA - Peri\u00f3dico Cultural\",\"publisher\":{\"@id\":\"https:\\\/\\\/hojassueltas.es\\\/#organization\"},\"alternateName\":\"H.S. Periodico Cultural\",\"potentialAction\":[{\"@type\":\"SearchAction\",\"target\":{\"@type\":\"EntryPoint\",\"urlTemplate\":\"https:\\\/\\\/hojassueltas.es\\\/?s={search_term_string}\"},\"query-input\":{\"@type\":\"PropertyValueSpecification\",\"valueRequired\":true,\"valueName\":\"search_term_string\"}}],\"inLanguage\":\"es\"},{\"@type\":\"Organization\",\"@id\":\"https:\\\/\\\/hojassueltas.es\\\/#organization\",\"name\":\"HOJAS SUELTAS - Peri\u00f3dico Cultural\",\"alternateName\":\"HS - HOJAS SUELTAS Peri\u00f3dico Cultural\",\"url\":\"https:\\\/\\\/hojassueltas.es\\\/\",\"logo\":{\"@type\":\"ImageObject\",\"inLanguage\":\"es\",\"@id\":\"https:\\\/\\\/hojassueltas.es\\\/#\\\/schema\\\/logo\\\/image\\\/\",\"url\":\"https:\\\/\\\/hojassueltas.es\\\/wp-content\\\/uploads\\\/2025\\\/08\\\/Icono-HS_2.png\",\"contentUrl\":\"https:\\\/\\\/hojassueltas.es\\\/wp-content\\\/uploads\\\/2025\\\/08\\\/Icono-HS_2.png\",\"width\":500,\"height\":500,\"caption\":\"HOJAS SUELTAS - Peri\u00f3dico Cultural\"},\"image\":{\"@id\":\"https:\\\/\\\/hojassueltas.es\\\/#\\\/schema\\\/logo\\\/image\\\/\"},\"sameAs\":[\"https:\\\/\\\/x.com\\\/HOJASSUELTAS22\"]},{\"@type\":\"Person\",\"@id\":\"https:\\\/\\\/hojassueltas.es\\\/#\\\/schema\\\/person\\\/ac1996cc775b56daf7c72c58f4cb880a\",\"name\":\"Punto y Seguido - Andr\u00e9s L\u00f3pez\",\"image\":{\"@type\":\"ImageObject\",\"inLanguage\":\"es\",\"@id\":\"https:\\\/\\\/hojassueltas.es\\\/wp-content\\\/uploads\\\/2026\\\/02\\\/Hombre-jugando-con-su-perro-96x96.png\",\"url\":\"https:\\\/\\\/hojassueltas.es\\\/wp-content\\\/uploads\\\/2026\\\/02\\\/Hombre-jugando-con-su-perro-96x96.png\",\"contentUrl\":\"https:\\\/\\\/hojassueltas.es\\\/wp-content\\\/uploads\\\/2026\\\/02\\\/Hombre-jugando-con-su-perro-96x96.png\",\"caption\":\"Punto y Seguido - Andr\u00e9s L\u00f3pez\"},\"description\":\"Andr\u00e9s L\u00f3pez Carrascosa, 63 a\u00f1os. Madrile\u00f1o. Periodista investigador. Especializado en historia contempor\u00e1nea. Suele dar conferencias a grupos de lectura. Actualmente vive alejado de la gran ciudad en una poblaci\u00f3n cercana a Madrid capital. Su tiempo libre lo dedica a la lectura, aunque sigue investigando libremente. Es seguidor de Nieves Concostrina a quien escucha con deleite sus cr\u00f3nicas en una cadena de radio. Forma parte del equipo redactor Punto y Seguido en Hojas Sueltas\",\"url\":\"https:\\\/\\\/hojassueltas.es\\\/?author=92\"}]}<\/script>\n<!-- \/ Yoast SEO plugin. -->","yoast_head_json":{"title":"El primer museo de arte contempor\u00e1neo en Europa fue espa\u00f1ol | Curiosidades | HOJAS SUELTAS Peri\u00f3dico Cultural","description":"CURIOSIDADES CULTURALES= En plena Restauraci\u00f3n borb\u00f3nica, con la ciudad de Madrid inmersa en procesos de modernizaci\u00f3n urbana, el Estado decidi\u00f3 crear un espacio espec\u00edfico para albergar y dar visibilidad al arte de su tiempo. Hasta entonces, los museos nacionales, como el Prado","robots":{"index":"index","follow":"follow","max-snippet":"max-snippet:-1","max-image-preview":"max-image-preview:large","max-video-preview":"max-video-preview:-1"},"canonical":"https:\/\/hojassueltas.es\/?p=24604","og_locale":"es_ES","og_type":"article","og_title":"El primer museo de arte contempor\u00e1neo en Europa fue espa\u00f1ol | Curiosidades | HOJAS SUELTAS Peri\u00f3dico Cultural","og_description":"CURIOSIDADES CULTURALES= En plena Restauraci\u00f3n borb\u00f3nica, con la ciudad de Madrid inmersa en procesos de modernizaci\u00f3n urbana, el Estado decidi\u00f3 crear un espacio espec\u00edfico para albergar y dar visibilidad al arte de su tiempo. Hasta entonces, los museos nacionales, como el Prado","og_url":"https:\/\/hojassueltas.es\/?p=24604","og_site_name":"HOJAS SUELTAS Peri\u00f3dico Cultural","article_published_time":"2025-10-30T22:00:30+00:00","article_modified_time":"2026-02-14T09:45:12+00:00","og_image":[{"width":976,"height":610,"url":"https:\/\/hojassueltas.es\/wp-content\/uploads\/2025\/10\/CUR_55_H.S-976x610.png","type":"image\/png"}],"author":"Punto y Seguido - Andr\u00e9s L\u00f3pez","twitter_card":"summary_large_image","twitter_creator":"@HOJASSUELTAS22","twitter_site":"@HOJASSUELTAS22","twitter_misc":{"Escrito por":"Punto y Seguido - Andr\u00e9s L\u00f3pez","Tiempo de lectura":"3 minutos"},"schema":{"@context":"https:\/\/schema.org","@graph":[{"@type":["Article","BlogPosting"],"@id":"https:\/\/hojassueltas.es\/?p=24604#article","isPartOf":{"@id":"https:\/\/hojassueltas.es\/?p=24604"},"author":{"name":"Punto y Seguido - Andr\u00e9s L\u00f3pez","@id":"https:\/\/hojassueltas.es\/#\/schema\/person\/ac1996cc775b56daf7c72c58f4cb880a"},"headline":"El primer museo de arte contempor\u00e1neo en Europa fue espa\u00f1ol","datePublished":"2025-10-30T22:00:30+00:00","dateModified":"2026-02-14T09:45:12+00:00","mainEntityOfPage":{"@id":"https:\/\/hojassueltas.es\/?p=24604"},"wordCount":503,"commentCount":0,"publisher":{"@id":"https:\/\/hojassueltas.es\/#organization"},"image":{"@id":"https:\/\/hojassueltas.es\/?p=24604#primaryimage"},"thumbnailUrl":"https:\/\/hojassueltas.es\/wp-content\/uploads\/2025\/10\/CUR_55_H.S.png","articleSection":["Curiosidades"],"inLanguage":"es","potentialAction":[{"@type":"CommentAction","name":"Comment","target":["https:\/\/hojassueltas.es\/?p=24604#respond"]}]},{"@type":"WebPage","@id":"https:\/\/hojassueltas.es\/?p=24604","url":"https:\/\/hojassueltas.es\/?p=24604","name":"El primer museo de arte contempor\u00e1neo en Europa fue espa\u00f1ol | Curiosidades | HOJAS SUELTAS Peri\u00f3dico Cultural","isPartOf":{"@id":"https:\/\/hojassueltas.es\/#website"},"primaryImageOfPage":{"@id":"https:\/\/hojassueltas.es\/?p=24604#primaryimage"},"image":{"@id":"https:\/\/hojassueltas.es\/?p=24604#primaryimage"},"thumbnailUrl":"https:\/\/hojassueltas.es\/wp-content\/uploads\/2025\/10\/CUR_55_H.S.png","datePublished":"2025-10-30T22:00:30+00:00","dateModified":"2026-02-14T09:45:12+00:00","description":"CURIOSIDADES CULTURALES= En plena Restauraci\u00f3n borb\u00f3nica, con la ciudad de Madrid inmersa en procesos de modernizaci\u00f3n urbana, el Estado decidi\u00f3 crear un espacio espec\u00edfico para albergar y dar visibilidad al arte de su tiempo. Hasta entonces, los museos nacionales, como el Prado","breadcrumb":{"@id":"https:\/\/hojassueltas.es\/?p=24604#breadcrumb"},"inLanguage":"es","potentialAction":[{"@type":"ReadAction","target":["https:\/\/hojassueltas.es\/?p=24604"]}]},{"@type":"ImageObject","inLanguage":"es","@id":"https:\/\/hojassueltas.es\/?p=24604#primaryimage","url":"https:\/\/hojassueltas.es\/wp-content\/uploads\/2025\/10\/CUR_55_H.S.png","contentUrl":"https:\/\/hojassueltas.es\/wp-content\/uploads\/2025\/10\/CUR_55_H.S.png","width":1920,"height":1200},{"@type":"BreadcrumbList","@id":"https:\/\/hojassueltas.es\/?p=24604#breadcrumb","itemListElement":[{"@type":"ListItem","position":1,"name":"Portada","item":"https:\/\/hojassueltas.es\/"},{"@type":"ListItem","position":2,"name":"El primer museo de arte contempor\u00e1neo en Europa fue espa\u00f1ol"}]},{"@type":"WebSite","@id":"https:\/\/hojassueltas.es\/#website","url":"https:\/\/hojassueltas.es\/","name":"HojasSueltas.es","description":"GRANADA - Peri\u00f3dico Cultural","publisher":{"@id":"https:\/\/hojassueltas.es\/#organization"},"alternateName":"H.S. Periodico Cultural","potentialAction":[{"@type":"SearchAction","target":{"@type":"EntryPoint","urlTemplate":"https:\/\/hojassueltas.es\/?s={search_term_string}"},"query-input":{"@type":"PropertyValueSpecification","valueRequired":true,"valueName":"search_term_string"}}],"inLanguage":"es"},{"@type":"Organization","@id":"https:\/\/hojassueltas.es\/#organization","name":"HOJAS SUELTAS - Peri\u00f3dico Cultural","alternateName":"HS - HOJAS SUELTAS Peri\u00f3dico Cultural","url":"https:\/\/hojassueltas.es\/","logo":{"@type":"ImageObject","inLanguage":"es","@id":"https:\/\/hojassueltas.es\/#\/schema\/logo\/image\/","url":"https:\/\/hojassueltas.es\/wp-content\/uploads\/2025\/08\/Icono-HS_2.png","contentUrl":"https:\/\/hojassueltas.es\/wp-content\/uploads\/2025\/08\/Icono-HS_2.png","width":500,"height":500,"caption":"HOJAS SUELTAS - Peri\u00f3dico Cultural"},"image":{"@id":"https:\/\/hojassueltas.es\/#\/schema\/logo\/image\/"},"sameAs":["https:\/\/x.com\/HOJASSUELTAS22"]},{"@type":"Person","@id":"https:\/\/hojassueltas.es\/#\/schema\/person\/ac1996cc775b56daf7c72c58f4cb880a","name":"Punto y Seguido - Andr\u00e9s L\u00f3pez","image":{"@type":"ImageObject","inLanguage":"es","@id":"https:\/\/hojassueltas.es\/wp-content\/uploads\/2026\/02\/Hombre-jugando-con-su-perro-96x96.png","url":"https:\/\/hojassueltas.es\/wp-content\/uploads\/2026\/02\/Hombre-jugando-con-su-perro-96x96.png","contentUrl":"https:\/\/hojassueltas.es\/wp-content\/uploads\/2026\/02\/Hombre-jugando-con-su-perro-96x96.png","caption":"Punto y Seguido - Andr\u00e9s L\u00f3pez"},"description":"Andr\u00e9s L\u00f3pez Carrascosa, 63 a\u00f1os. Madrile\u00f1o. Periodista investigador. Especializado en historia contempor\u00e1nea. Suele dar conferencias a grupos de lectura. Actualmente vive alejado de la gran ciudad en una poblaci\u00f3n cercana a Madrid capital. Su tiempo libre lo dedica a la lectura, aunque sigue investigando libremente. Es seguidor de Nieves Concostrina a quien escucha con deleite sus cr\u00f3nicas en una cadena de radio. Forma parte del equipo redactor Punto y Seguido en Hojas Sueltas","url":"https:\/\/hojassueltas.es\/?author=92"}]}},"_links":{"self":[{"href":"https:\/\/hojassueltas.es\/index.php?rest_route=\/wp\/v2\/posts\/24604","targetHints":{"allow":["GET"]}}],"collection":[{"href":"https:\/\/hojassueltas.es\/index.php?rest_route=\/wp\/v2\/posts"}],"about":[{"href":"https:\/\/hojassueltas.es\/index.php?rest_route=\/wp\/v2\/types\/post"}],"author":[{"embeddable":true,"href":"https:\/\/hojassueltas.es\/index.php?rest_route=\/wp\/v2\/users\/92"}],"replies":[{"embeddable":true,"href":"https:\/\/hojassueltas.es\/index.php?rest_route=%2Fwp%2Fv2%2Fcomments&post=24604"}],"version-history":[{"count":1,"href":"https:\/\/hojassueltas.es\/index.php?rest_route=\/wp\/v2\/posts\/24604\/revisions"}],"predecessor-version":[{"id":24606,"href":"https:\/\/hojassueltas.es\/index.php?rest_route=\/wp\/v2\/posts\/24604\/revisions\/24606"}],"wp:featuredmedia":[{"embeddable":true,"href":"https:\/\/hojassueltas.es\/index.php?rest_route=\/wp\/v2\/media\/24605"}],"wp:attachment":[{"href":"https:\/\/hojassueltas.es\/index.php?rest_route=%2Fwp%2Fv2%2Fmedia&parent=24604"}],"wp:term":[{"taxonomy":"category","embeddable":true,"href":"https:\/\/hojassueltas.es\/index.php?rest_route=%2Fwp%2Fv2%2Fcategories&post=24604"},{"taxonomy":"post_tag","embeddable":true,"href":"https:\/\/hojassueltas.es\/index.php?rest_route=%2Fwp%2Fv2%2Ftags&post=24604"}],"curies":[{"name":"wp","href":"https:\/\/api.w.org\/{rel}","templated":true}]}}