{"id":24571,"date":"2025-10-29T00:00:31","date_gmt":"2025-10-28T22:00:31","guid":{"rendered":"https:\/\/hojassueltas.es\/?p=24571"},"modified":"2025-10-30T08:56:11","modified_gmt":"2025-10-30T06:56:11","slug":"cinco-cartas-portuguesas-de-tula-fernandez","status":"publish","type":"post","link":"https:\/\/hojassueltas.es\/?p=24571","title":{"rendered":"Cinco cartas portuguesas, de Tula Fern\u00e1ndez"},"content":{"rendered":"<p align=\"justify\"><span style=\"font-family: Arial, Helvetica, sans-serif;\"><span style=\"font-size: large;\"><b>Amor, memoria y un pa\u00eds que despierta<\/b><\/span><\/span><\/p>\n<p align=\"justify\"><span style=\"font-family: Arial, Helvetica, sans-serif;\"><span style=\"font-size: large;\">Hay novelas que entran a empujones y otras que se te instalan con naturalidad.\u00a0<i><b>Cinco cartas portuguesas<\/b><\/i><b>\u00a0<\/b>pertenece a las segundas. Abre en Lisboa, 25 de abril de 1974, el d\u00eda de los claveles. Un escritor ya mayor, Pedro Araujo, ve la televisi\u00f3n y, entre la multitud, reconoce a la mujer que dividi\u00f3 su vida en dos: Mar\u00eda Paula. No hay alarde ni pirotecnia; hay una imagen limpia que fija el pulso del libro: la Historia como tel\u00f3n de fondo de un amor que no se resigna.<\/span><\/span><\/p>\n<p align=\"justify\"><span style=\"font-family: Arial, Helvetica, sans-serif;\"><span style=\"font-size: large;\">La estructura epistolar \u2014cinco cartas que act\u00faan como v\u00e9rtebra y br\u00fajula\u2014 le da un ritmo muy agradecido al lector contempor\u00e1neo: cap\u00edtulos breves, escenas precisas, saltos temporales que no desorientan. Cada carta abre una puerta a una etapa distinta, y el conjunto avanza con la tensi\u00f3n de un thriller emocional: sabemos lo esencial desde el principio (que hubo un amor fuerte y que el tiempo hizo lo suyo), pero lo que buscamos es c\u00f3mo, por qu\u00e9 y a qu\u00e9 precio.<\/span><\/span><\/p>\n<p align=\"justify\"><span style=\"font-family: Arial, Helvetica, sans-serif;\"><span style=\"font-size: large;\">Uno de los aciertos del libro es el equilibrio entre lo \u00edntimo y lo hist\u00f3rico. La dictadura salazarista, la clandestinidad, la censura y la Revoluci\u00f3n de los Claveles est\u00e1n presentes sin convertirse en lecci\u00f3n. Son contexto vivo. La autora los hace aparecer a trav\u00e9s de gestos, miedos, conversaciones a media voz y peque\u00f1as decisiones cotidianas que, con el paso de las p\u00e1ginas, revelan su peso real. Nada de discursos; escenas.<\/span><\/span><\/p>\n<p align=\"justify\"><span style=\"font-family: Arial, Helvetica, sans-serif;\"><span style=\"font-size: large;\">La pareja protagonista est\u00e1 bien perfilada y evita los dos extremos habituales: ni poetas sufrientes ni h\u00e9roes de cart\u00f3n. Pedro, con su edad y su deseo de entender lo que fue verdad y lo que fue relato, se sostiene sin paternalismo. Mar\u00eda Paula no es figura decorativa ni pretexto: empuja la trama y la sostiene con decisi\u00f3n. En torno a ellos aparecen amistades, lealtades y traiciones que ampl\u00edan el mapa moral de la novela sin robarle foco.<\/span><\/span><\/p>\n<p align=\"justify\"><span style=\"font-family: Arial, Helvetica, sans-serif;\"><span style=\"font-size: large;\">Hay, adem\u00e1s, un tramo africano que abre la mirada y ensancha el registro sensorial del libro: olores, luz, texturas y una forma diferente de nombrar el destino. No es un \u201cexotismo\u201d de postal, sino la constataci\u00f3n de que la historia de Portugal no se entiende sin su relaci\u00f3n con \u00c1frica y que esa experiencia deja huellas en los personajes. Se agradece la contenci\u00f3n: todo est\u00e1 donde debe, sin sobrecargar.<\/span><\/span><\/p>\n<p align=\"justify\"><span style=\"font-family: Arial, Helvetica, sans-serif;\"><span style=\"font-size: large;\">La prosa es limpia, sin barroquismo ni consignas. Tula Fern\u00e1ndez escribe con im\u00e1genes n\u00edtidas y econom\u00eda de adjetivos. Sabe cortar y montar: pasar del bullicio de una plaza a la intimidad de una habitaci\u00f3n, del recuerdo a la decisi\u00f3n presente, sin perder el hilo. Esa claridad narrativa es la que permite que la emoci\u00f3n llegue sin az\u00facar. Cuando la novela golpea, lo hace por acumulaci\u00f3n de sentido, no por truco.<\/span><\/span><\/p>\n<p align=\"justify\"><span style=\"font-family: Arial, Helvetica, sans-serif;\"><span style=\"font-size: large;\">\u00bfPara qui\u00e9n es este libro? Para lectores que busquen una historia de amor adulta, sin edulcorante, y que no quieran renunciar al contexto hist\u00f3rico; para quien disfrute de la memoria contada desde la experiencia y no desde el panfleto; para clubes de lectura que valoran temas que dan conversaci\u00f3n: lealtad, culpa, resistencia, el precio de las decisiones, la identidad a trav\u00e9s del tiempo.<\/span><\/span><\/p>\n<p align=\"justify\"><span style=\"font-family: Arial, Helvetica, sans-serif;\"><span style=\"font-size: large;\">Lo mejor: su inicio poderoso, la arquitectura de las cinco cartas, la construcci\u00f3n de Mar\u00eda Paula y ese final sobrio que no se olvida. Lo discutible \u2014y por tanto interesante\u2014: la forma en que el libro entiende el sacrificio y la verdad \u00edntima frente al relato p\u00fablico. Materia perfecta para debatir despu\u00e9s de la lectura.<\/span><\/span><\/p>\n<p align=\"justify\"><span style=\"font-family: Arial, Helvetica, sans-serif;\"><span style=\"font-size: large;\"><i>Cinco cartas portuguesas<\/i>\u00a0se lee con fluidez y deja poso. Llega por la Historia y se queda por la voz. Es de esas novelas que no necesitan gritar para escucharse claro.<\/span><\/span><\/p>\n<p align=\"justify\">Sobre la Autora:<\/p>\n<figure id=\"attachment_24572\" aria-describedby=\"caption-attachment-24572\" style=\"width: 300px\" class=\"wp-caption alignleft\"><img loading=\"lazy\" decoding=\"async\" class=\"wp-image-24572 size-medium\" src=\"https:\/\/hojassueltas.es\/wp-content\/uploads\/2025\/10\/Tula-Fernandez-300x300.jpg\" alt=\"\" width=\"300\" height=\"300\" srcset=\"https:\/\/hojassueltas.es\/wp-content\/uploads\/2025\/10\/Tula-Fernandez-300x300.jpg 300w, https:\/\/hojassueltas.es\/wp-content\/uploads\/2025\/10\/Tula-Fernandez-610x610.jpg 610w, https:\/\/hojassueltas.es\/wp-content\/uploads\/2025\/10\/Tula-Fernandez-150x150.jpg 150w, https:\/\/hojassueltas.es\/wp-content\/uploads\/2025\/10\/Tula-Fernandez-768x768.jpg 768w, https:\/\/hojassueltas.es\/wp-content\/uploads\/2025\/10\/Tula-Fernandez-696x696.jpg 696w, https:\/\/hojassueltas.es\/wp-content\/uploads\/2025\/10\/Tula-Fernandez-1068x1068.jpg 1068w, https:\/\/hojassueltas.es\/wp-content\/uploads\/2025\/10\/Tula-Fernandez-24x24.jpg 24w, https:\/\/hojassueltas.es\/wp-content\/uploads\/2025\/10\/Tula-Fernandez-48x48.jpg 48w, https:\/\/hojassueltas.es\/wp-content\/uploads\/2025\/10\/Tula-Fernandez-96x96.jpg 96w, https:\/\/hojassueltas.es\/wp-content\/uploads\/2025\/10\/Tula-Fernandez.jpg 1440w\" sizes=\"auto, (max-width: 300px) 100vw, 300px\" \/><figcaption id=\"caption-attachment-24572\" class=\"wp-caption-text\">(c) Imagen de la Autora<\/figcaption><\/figure>\n<p align=\"justify\"><b>Mar\u00eda Jos\u00e9 Fern\u00e1ndez Maqueira<\/b> (C\u00e1diz, 1965), m\u00e1s conocida como Tula Fern\u00e1ndez, es profesora de lenguas cl\u00e1sicas y escritora.<\/p>\n<p style=\"text-align: justify;\">Se licenci\u00f3 en Filolog\u00eda Hisp\u00e1nica y Cl\u00e1sicas por la Universidad de Sevilla y en 2017 se doctor\u00f3 en Ciencias de la Educaci\u00f3n por la Universidad de Granada gracias a la tesis <i>Actitudes del profesorado ante la implementaci\u00f3n de proyectos innovadores en los centros educativos de Ceuta<\/i>.<\/p>\n<p style=\"text-align: justify;\">Especialista en Lat\u00edn y Lengua y Literatura Espa\u00f1ola, ha trabajado en diferentes centros educativos, entre ellos el IES Clara Campoamor de Ceuta, donde fue jefa de estudios. Compagina la ense\u00f1anza de las lenguas cl\u00e1sicas con el \u00e1rea de Ciencias Sociales en el programa biling\u00fce British Council\/MEC.<\/p>\n<p>Publicaciones: <i>La boca de los cien besos (2018) &#8211; <\/i><i>La inocencia de los sublimes (2021)<\/i><\/p>\n<p align=\"justify\"><strong>\u00a9 Francisco Concepci\u00f3n<\/strong><\/p>\n","protected":false},"excerpt":{"rendered":"<p>Amor, memoria y un pa\u00eds que despierta Hay novelas que entran a empujones y otras que se te instalan con naturalidad.\u00a0Cinco cartas portuguesas\u00a0pertenece a las segundas. Abre en Lisboa, 25 de abril de 1974, el d\u00eda de los claveles. Un escritor ya mayor, Pedro Araujo, ve la televisi\u00f3n y, entre la multitud, reconoce a la [&hellip;]<\/p>\n","protected":false},"author":21,"featured_media":24573,"comment_status":"open","ping_status":"closed","sticky":false,"template":"","format":"standard","meta":{"footnotes":""},"categories":[74],"tags":[2720,2719],"class_list":{"0":"post-24571","1":"post","2":"type-post","3":"status-publish","4":"format-standard","5":"has-post-thumbnail","7":"category-resenas","8":"tag-estrella-del-norte-editorial","9":"tag-tula-fernandez"},"yoast_head":"<!-- This site is optimized with the Yoast SEO plugin v27.5 - https:\/\/yoast.com\/product\/yoast-seo-wordpress\/ -->\n<title>Cinco cartas portuguesas, de Tula Fern\u00e1ndez | RESE\u00d1AS | HOJAS SUELTAS Peri\u00f3dico Cultural<\/title>\n<meta name=\"description\" content=\"RESE\u00d1A de Francisco Concepcion: Cinco cartas portuguesas\u00a0se lee con fluidez y deja poso. Llega por la Historia y se queda por la voz. Es de esas novelas que no necesitan gritar para escucharse claro.\" \/>\n<meta name=\"robots\" content=\"index, follow, max-snippet:-1, max-image-preview:large, max-video-preview:-1\" \/>\n<link rel=\"canonical\" href=\"https:\/\/hojassueltas.es\/?p=24571\" \/>\n<meta property=\"og:locale\" content=\"es_ES\" \/>\n<meta property=\"og:type\" content=\"article\" \/>\n<meta property=\"og:title\" content=\"Cinco cartas portuguesas, de Tula Fern\u00e1ndez | RESE\u00d1AS | HOJAS SUELTAS Peri\u00f3dico Cultural\" \/>\n<meta property=\"og:description\" content=\"RESE\u00d1A de Francisco Concepcion: Cinco cartas portuguesas\u00a0se lee con fluidez y deja poso. Llega por la Historia y se queda por la voz. Es de esas novelas que no necesitan gritar para escucharse claro.\" \/>\n<meta property=\"og:url\" content=\"https:\/\/hojassueltas.es\/?p=24571\" \/>\n<meta property=\"og:site_name\" content=\"HOJAS SUELTAS Peri\u00f3dico Cultural\" \/>\n<meta property=\"article:published_time\" content=\"2025-10-28T22:00:31+00:00\" \/>\n<meta property=\"article:modified_time\" content=\"2025-10-30T06:56:11+00:00\" \/>\n<meta property=\"og:image\" content=\"https:\/\/hojassueltas.es\/wp-content\/uploads\/2025\/10\/Cinco-cartas-portuguesas_H.S.png\" \/>\n\t<meta property=\"og:image:width\" content=\"1920\" \/>\n\t<meta property=\"og:image:height\" content=\"1280\" \/>\n\t<meta property=\"og:image:type\" content=\"image\/png\" \/>\n<meta name=\"author\" content=\"Francisco Concepci\u00f3n\" \/>\n<meta name=\"twitter:card\" content=\"summary_large_image\" \/>\n<meta name=\"twitter:creator\" content=\"@SoyFranCCo\" \/>\n<meta name=\"twitter:site\" content=\"@HOJASSUELTAS22\" \/>\n<meta name=\"twitter:label1\" content=\"Escrito por\" \/>\n\t<meta name=\"twitter:data1\" content=\"Francisco Concepci\u00f3n\" \/>\n\t<meta name=\"twitter:label2\" content=\"Tiempo de lectura\" \/>\n\t<meta name=\"twitter:data2\" content=\"4 minutos\" \/>\n<script type=\"application\/ld+json\" class=\"yoast-schema-graph\">{\"@context\":\"https:\\\/\\\/schema.org\",\"@graph\":[{\"@type\":[\"Article\",\"BlogPosting\"],\"@id\":\"https:\\\/\\\/hojassueltas.es\\\/?p=24571#article\",\"isPartOf\":{\"@id\":\"https:\\\/\\\/hojassueltas.es\\\/?p=24571\"},\"author\":{\"name\":\"Francisco Concepci\u00f3n\",\"@id\":\"https:\\\/\\\/hojassueltas.es\\\/#\\\/schema\\\/person\\\/50bfe8f77728625221f66c37ba7c222d\"},\"headline\":\"Cinco cartas portuguesas, de Tula Fern\u00e1ndez\",\"datePublished\":\"2025-10-28T22:00:31+00:00\",\"dateModified\":\"2025-10-30T06:56:11+00:00\",\"mainEntityOfPage\":{\"@id\":\"https:\\\/\\\/hojassueltas.es\\\/?p=24571\"},\"wordCount\":814,\"commentCount\":0,\"publisher\":{\"@id\":\"https:\\\/\\\/hojassueltas.es\\\/#organization\"},\"image\":{\"@id\":\"https:\\\/\\\/hojassueltas.es\\\/?p=24571#primaryimage\"},\"thumbnailUrl\":\"https:\\\/\\\/hojassueltas.es\\\/wp-content\\\/uploads\\\/2025\\\/10\\\/Cinco-cartas-portuguesas_H.S.png\",\"keywords\":[\"Estrella del Norte Editorial\",\"Tula Fern\u00e1ndez\"],\"articleSection\":[\"RESE\u00d1AS\"],\"inLanguage\":\"es\",\"potentialAction\":[{\"@type\":\"CommentAction\",\"name\":\"Comment\",\"target\":[\"https:\\\/\\\/hojassueltas.es\\\/?p=24571#respond\"]}]},{\"@type\":\"WebPage\",\"@id\":\"https:\\\/\\\/hojassueltas.es\\\/?p=24571\",\"url\":\"https:\\\/\\\/hojassueltas.es\\\/?p=24571\",\"name\":\"Cinco cartas portuguesas, de Tula Fern\u00e1ndez | RESE\u00d1AS | HOJAS SUELTAS Peri\u00f3dico Cultural\",\"isPartOf\":{\"@id\":\"https:\\\/\\\/hojassueltas.es\\\/#website\"},\"primaryImageOfPage\":{\"@id\":\"https:\\\/\\\/hojassueltas.es\\\/?p=24571#primaryimage\"},\"image\":{\"@id\":\"https:\\\/\\\/hojassueltas.es\\\/?p=24571#primaryimage\"},\"thumbnailUrl\":\"https:\\\/\\\/hojassueltas.es\\\/wp-content\\\/uploads\\\/2025\\\/10\\\/Cinco-cartas-portuguesas_H.S.png\",\"datePublished\":\"2025-10-28T22:00:31+00:00\",\"dateModified\":\"2025-10-30T06:56:11+00:00\",\"description\":\"RESE\u00d1A de Francisco Concepcion: Cinco cartas portuguesas\u00a0se lee con fluidez y deja poso. Llega por la Historia y se queda por la voz. Es de esas novelas que no necesitan gritar para escucharse claro.\",\"breadcrumb\":{\"@id\":\"https:\\\/\\\/hojassueltas.es\\\/?p=24571#breadcrumb\"},\"inLanguage\":\"es\",\"potentialAction\":[{\"@type\":\"ReadAction\",\"target\":[\"https:\\\/\\\/hojassueltas.es\\\/?p=24571\"]}]},{\"@type\":\"ImageObject\",\"inLanguage\":\"es\",\"@id\":\"https:\\\/\\\/hojassueltas.es\\\/?p=24571#primaryimage\",\"url\":\"https:\\\/\\\/hojassueltas.es\\\/wp-content\\\/uploads\\\/2025\\\/10\\\/Cinco-cartas-portuguesas_H.S.png\",\"contentUrl\":\"https:\\\/\\\/hojassueltas.es\\\/wp-content\\\/uploads\\\/2025\\\/10\\\/Cinco-cartas-portuguesas_H.S.png\",\"width\":1920,\"height\":1280},{\"@type\":\"BreadcrumbList\",\"@id\":\"https:\\\/\\\/hojassueltas.es\\\/?p=24571#breadcrumb\",\"itemListElement\":[{\"@type\":\"ListItem\",\"position\":1,\"name\":\"Portada\",\"item\":\"https:\\\/\\\/hojassueltas.es\\\/\"},{\"@type\":\"ListItem\",\"position\":2,\"name\":\"Cinco cartas portuguesas, de Tula Fern\u00e1ndez\"}]},{\"@type\":\"WebSite\",\"@id\":\"https:\\\/\\\/hojassueltas.es\\\/#website\",\"url\":\"https:\\\/\\\/hojassueltas.es\\\/\",\"name\":\"HojasSueltas.es\",\"description\":\"GRANADA - Peri\u00f3dico Cultural\",\"publisher\":{\"@id\":\"https:\\\/\\\/hojassueltas.es\\\/#organization\"},\"alternateName\":\"H.S. Periodico Cultural\",\"potentialAction\":[{\"@type\":\"SearchAction\",\"target\":{\"@type\":\"EntryPoint\",\"urlTemplate\":\"https:\\\/\\\/hojassueltas.es\\\/?s={search_term_string}\"},\"query-input\":{\"@type\":\"PropertyValueSpecification\",\"valueRequired\":true,\"valueName\":\"search_term_string\"}}],\"inLanguage\":\"es\"},{\"@type\":\"Organization\",\"@id\":\"https:\\\/\\\/hojassueltas.es\\\/#organization\",\"name\":\"HOJAS SUELTAS - Peri\u00f3dico Cultural\",\"alternateName\":\"HS - HOJAS SUELTAS Peri\u00f3dico Cultural\",\"url\":\"https:\\\/\\\/hojassueltas.es\\\/\",\"logo\":{\"@type\":\"ImageObject\",\"inLanguage\":\"es\",\"@id\":\"https:\\\/\\\/hojassueltas.es\\\/#\\\/schema\\\/logo\\\/image\\\/\",\"url\":\"https:\\\/\\\/hojassueltas.es\\\/wp-content\\\/uploads\\\/2025\\\/08\\\/Icono-HS_2.png\",\"contentUrl\":\"https:\\\/\\\/hojassueltas.es\\\/wp-content\\\/uploads\\\/2025\\\/08\\\/Icono-HS_2.png\",\"width\":500,\"height\":500,\"caption\":\"HOJAS SUELTAS - Peri\u00f3dico Cultural\"},\"image\":{\"@id\":\"https:\\\/\\\/hojassueltas.es\\\/#\\\/schema\\\/logo\\\/image\\\/\"},\"sameAs\":[\"https:\\\/\\\/x.com\\\/HOJASSUELTAS22\"]},{\"@type\":\"Person\",\"@id\":\"https:\\\/\\\/hojassueltas.es\\\/#\\\/schema\\\/person\\\/50bfe8f77728625221f66c37ba7c222d\",\"name\":\"Francisco Concepci\u00f3n\",\"image\":{\"@type\":\"ImageObject\",\"inLanguage\":\"es\",\"@id\":\"https:\\\/\\\/hojassueltas.es\\\/wp-content\\\/uploads\\\/2023\\\/03\\\/Fransico-oncepcion_Rev-ES-300-96x96.jpg\",\"url\":\"https:\\\/\\\/hojassueltas.es\\\/wp-content\\\/uploads\\\/2023\\\/03\\\/Fransico-oncepcion_Rev-ES-300-96x96.jpg\",\"contentUrl\":\"https:\\\/\\\/hojassueltas.es\\\/wp-content\\\/uploads\\\/2023\\\/03\\\/Fransico-oncepcion_Rev-ES-300-96x96.jpg\",\"caption\":\"Francisco Concepci\u00f3n\"},\"description\":\"Escritor, guionista y editor. Impulsor de ideas. En una vida pasada empresario.\",\"sameAs\":[\"francisco_concepcion_\",\"https:\\\/\\\/x.com\\\/@SoyFranCCo\"],\"url\":\"https:\\\/\\\/hojassueltas.es\\\/?author=21\"}]}<\/script>\n<!-- \/ Yoast SEO plugin. -->","yoast_head_json":{"title":"Cinco cartas portuguesas, de Tula Fern\u00e1ndez | RESE\u00d1AS | HOJAS SUELTAS Peri\u00f3dico Cultural","description":"RESE\u00d1A de Francisco Concepcion: Cinco cartas portuguesas\u00a0se lee con fluidez y deja poso. Llega por la Historia y se queda por la voz. Es de esas novelas que no necesitan gritar para escucharse claro.","robots":{"index":"index","follow":"follow","max-snippet":"max-snippet:-1","max-image-preview":"max-image-preview:large","max-video-preview":"max-video-preview:-1"},"canonical":"https:\/\/hojassueltas.es\/?p=24571","og_locale":"es_ES","og_type":"article","og_title":"Cinco cartas portuguesas, de Tula Fern\u00e1ndez | RESE\u00d1AS | HOJAS SUELTAS Peri\u00f3dico Cultural","og_description":"RESE\u00d1A de Francisco Concepcion: Cinco cartas portuguesas\u00a0se lee con fluidez y deja poso. Llega por la Historia y se queda por la voz. Es de esas novelas que no necesitan gritar para escucharse claro.","og_url":"https:\/\/hojassueltas.es\/?p=24571","og_site_name":"HOJAS SUELTAS Peri\u00f3dico Cultural","article_published_time":"2025-10-28T22:00:31+00:00","article_modified_time":"2025-10-30T06:56:11+00:00","og_image":[{"width":1920,"height":1280,"url":"https:\/\/hojassueltas.es\/wp-content\/uploads\/2025\/10\/Cinco-cartas-portuguesas_H.S.png","type":"image\/png"}],"author":"Francisco Concepci\u00f3n","twitter_card":"summary_large_image","twitter_creator":"@SoyFranCCo","twitter_site":"@HOJASSUELTAS22","twitter_misc":{"Escrito por":"Francisco Concepci\u00f3n","Tiempo de lectura":"4 minutos"},"schema":{"@context":"https:\/\/schema.org","@graph":[{"@type":["Article","BlogPosting"],"@id":"https:\/\/hojassueltas.es\/?p=24571#article","isPartOf":{"@id":"https:\/\/hojassueltas.es\/?p=24571"},"author":{"name":"Francisco Concepci\u00f3n","@id":"https:\/\/hojassueltas.es\/#\/schema\/person\/50bfe8f77728625221f66c37ba7c222d"},"headline":"Cinco cartas portuguesas, de Tula Fern\u00e1ndez","datePublished":"2025-10-28T22:00:31+00:00","dateModified":"2025-10-30T06:56:11+00:00","mainEntityOfPage":{"@id":"https:\/\/hojassueltas.es\/?p=24571"},"wordCount":814,"commentCount":0,"publisher":{"@id":"https:\/\/hojassueltas.es\/#organization"},"image":{"@id":"https:\/\/hojassueltas.es\/?p=24571#primaryimage"},"thumbnailUrl":"https:\/\/hojassueltas.es\/wp-content\/uploads\/2025\/10\/Cinco-cartas-portuguesas_H.S.png","keywords":["Estrella del Norte Editorial","Tula Fern\u00e1ndez"],"articleSection":["RESE\u00d1AS"],"inLanguage":"es","potentialAction":[{"@type":"CommentAction","name":"Comment","target":["https:\/\/hojassueltas.es\/?p=24571#respond"]}]},{"@type":"WebPage","@id":"https:\/\/hojassueltas.es\/?p=24571","url":"https:\/\/hojassueltas.es\/?p=24571","name":"Cinco cartas portuguesas, de Tula Fern\u00e1ndez | RESE\u00d1AS | HOJAS SUELTAS Peri\u00f3dico Cultural","isPartOf":{"@id":"https:\/\/hojassueltas.es\/#website"},"primaryImageOfPage":{"@id":"https:\/\/hojassueltas.es\/?p=24571#primaryimage"},"image":{"@id":"https:\/\/hojassueltas.es\/?p=24571#primaryimage"},"thumbnailUrl":"https:\/\/hojassueltas.es\/wp-content\/uploads\/2025\/10\/Cinco-cartas-portuguesas_H.S.png","datePublished":"2025-10-28T22:00:31+00:00","dateModified":"2025-10-30T06:56:11+00:00","description":"RESE\u00d1A de Francisco Concepcion: Cinco cartas portuguesas\u00a0se lee con fluidez y deja poso. Llega por la Historia y se queda por la voz. Es de esas novelas que no necesitan gritar para escucharse claro.","breadcrumb":{"@id":"https:\/\/hojassueltas.es\/?p=24571#breadcrumb"},"inLanguage":"es","potentialAction":[{"@type":"ReadAction","target":["https:\/\/hojassueltas.es\/?p=24571"]}]},{"@type":"ImageObject","inLanguage":"es","@id":"https:\/\/hojassueltas.es\/?p=24571#primaryimage","url":"https:\/\/hojassueltas.es\/wp-content\/uploads\/2025\/10\/Cinco-cartas-portuguesas_H.S.png","contentUrl":"https:\/\/hojassueltas.es\/wp-content\/uploads\/2025\/10\/Cinco-cartas-portuguesas_H.S.png","width":1920,"height":1280},{"@type":"BreadcrumbList","@id":"https:\/\/hojassueltas.es\/?p=24571#breadcrumb","itemListElement":[{"@type":"ListItem","position":1,"name":"Portada","item":"https:\/\/hojassueltas.es\/"},{"@type":"ListItem","position":2,"name":"Cinco cartas portuguesas, de Tula Fern\u00e1ndez"}]},{"@type":"WebSite","@id":"https:\/\/hojassueltas.es\/#website","url":"https:\/\/hojassueltas.es\/","name":"HojasSueltas.es","description":"GRANADA - Peri\u00f3dico Cultural","publisher":{"@id":"https:\/\/hojassueltas.es\/#organization"},"alternateName":"H.S. Periodico Cultural","potentialAction":[{"@type":"SearchAction","target":{"@type":"EntryPoint","urlTemplate":"https:\/\/hojassueltas.es\/?s={search_term_string}"},"query-input":{"@type":"PropertyValueSpecification","valueRequired":true,"valueName":"search_term_string"}}],"inLanguage":"es"},{"@type":"Organization","@id":"https:\/\/hojassueltas.es\/#organization","name":"HOJAS SUELTAS - Peri\u00f3dico Cultural","alternateName":"HS - HOJAS SUELTAS Peri\u00f3dico Cultural","url":"https:\/\/hojassueltas.es\/","logo":{"@type":"ImageObject","inLanguage":"es","@id":"https:\/\/hojassueltas.es\/#\/schema\/logo\/image\/","url":"https:\/\/hojassueltas.es\/wp-content\/uploads\/2025\/08\/Icono-HS_2.png","contentUrl":"https:\/\/hojassueltas.es\/wp-content\/uploads\/2025\/08\/Icono-HS_2.png","width":500,"height":500,"caption":"HOJAS SUELTAS - Peri\u00f3dico Cultural"},"image":{"@id":"https:\/\/hojassueltas.es\/#\/schema\/logo\/image\/"},"sameAs":["https:\/\/x.com\/HOJASSUELTAS22"]},{"@type":"Person","@id":"https:\/\/hojassueltas.es\/#\/schema\/person\/50bfe8f77728625221f66c37ba7c222d","name":"Francisco Concepci\u00f3n","image":{"@type":"ImageObject","inLanguage":"es","@id":"https:\/\/hojassueltas.es\/wp-content\/uploads\/2023\/03\/Fransico-oncepcion_Rev-ES-300-96x96.jpg","url":"https:\/\/hojassueltas.es\/wp-content\/uploads\/2023\/03\/Fransico-oncepcion_Rev-ES-300-96x96.jpg","contentUrl":"https:\/\/hojassueltas.es\/wp-content\/uploads\/2023\/03\/Fransico-oncepcion_Rev-ES-300-96x96.jpg","caption":"Francisco Concepci\u00f3n"},"description":"Escritor, guionista y editor. Impulsor de ideas. En una vida pasada empresario.","sameAs":["francisco_concepcion_","https:\/\/x.com\/@SoyFranCCo"],"url":"https:\/\/hojassueltas.es\/?author=21"}]}},"_links":{"self":[{"href":"https:\/\/hojassueltas.es\/index.php?rest_route=\/wp\/v2\/posts\/24571","targetHints":{"allow":["GET"]}}],"collection":[{"href":"https:\/\/hojassueltas.es\/index.php?rest_route=\/wp\/v2\/posts"}],"about":[{"href":"https:\/\/hojassueltas.es\/index.php?rest_route=\/wp\/v2\/types\/post"}],"author":[{"embeddable":true,"href":"https:\/\/hojassueltas.es\/index.php?rest_route=\/wp\/v2\/users\/21"}],"replies":[{"embeddable":true,"href":"https:\/\/hojassueltas.es\/index.php?rest_route=%2Fwp%2Fv2%2Fcomments&post=24571"}],"version-history":[{"count":1,"href":"https:\/\/hojassueltas.es\/index.php?rest_route=\/wp\/v2\/posts\/24571\/revisions"}],"predecessor-version":[{"id":24574,"href":"https:\/\/hojassueltas.es\/index.php?rest_route=\/wp\/v2\/posts\/24571\/revisions\/24574"}],"wp:featuredmedia":[{"embeddable":true,"href":"https:\/\/hojassueltas.es\/index.php?rest_route=\/wp\/v2\/media\/24573"}],"wp:attachment":[{"href":"https:\/\/hojassueltas.es\/index.php?rest_route=%2Fwp%2Fv2%2Fmedia&parent=24571"}],"wp:term":[{"taxonomy":"category","embeddable":true,"href":"https:\/\/hojassueltas.es\/index.php?rest_route=%2Fwp%2Fv2%2Fcategories&post=24571"},{"taxonomy":"post_tag","embeddable":true,"href":"https:\/\/hojassueltas.es\/index.php?rest_route=%2Fwp%2Fv2%2Ftags&post=24571"}],"curies":[{"name":"wp","href":"https:\/\/api.w.org\/{rel}","templated":true}]}}