{"id":24539,"date":"2025-10-28T00:00:20","date_gmt":"2025-10-27T22:00:20","guid":{"rendered":"https:\/\/hojassueltas.es\/?p=24539"},"modified":"2026-03-07T18:46:49","modified_gmt":"2026-03-07T16:46:49","slug":"asesinato-en-el-comite-central-de-manuel-vazquez-montalban","status":"publish","type":"post","link":"https:\/\/hojassueltas.es\/?p=24539","title":{"rendered":"Asesinato en el Comit\u00e9 Central, de Manuel V\u00e1zquez Montalban"},"content":{"rendered":"<h2 class=\"western\" align=\"justify\"><span style=\"font-size: 24px;\">Entre el crimen y la cr\u00f3nica: el ojo de Carvalho en la Espa\u00f1a de la Transici\u00f3n<\/span><\/h2>\n<p align=\"justify\"><span style=\"font-size: medium;\">En <\/span><em><span style=\"font-size: medium;\">Asesinato en el Comit\u00e9 Central<\/span><\/em><span style=\"font-size: medium;\"> (1981), Manuel V\u00e1zquez Montalb\u00e1n ofrece uno de los retratos m\u00e1s incisivos, l\u00facidos e ir\u00f3nicos de la Espa\u00f1a de la Transici\u00f3n, y lo hace desde el g\u00e9nero negro, con su habitual e inimitable protagonista, el detective Pepe Carvalho. Pero esta novela, s\u00e9ptima de la serie, desborda los m\u00e1rgenes del policiaco para convertirse en una compleja radiograf\u00eda ideol\u00f3gica, pol\u00edtica y emocional de un pa\u00eds a\u00fan tambaleante tras la dictadura, asomado a los abismos de su pasado reciente y a las incertidumbres del porvenir.<\/span><\/p>\n<h3 class=\"western\" align=\"justify\"><span style=\"font-size: medium;\">Un crimen en el coraz\u00f3n de la izquierda<\/span><\/h3>\n<p align=\"justify\"><span style=\"font-size: medium;\">La trama arranca con un crimen que no podr\u00eda ser m\u00e1s simb\u00f3lico ni m\u00e1s pol\u00edtico: el asesinato del secretario general del Partido Comunista de Espa\u00f1a, Fernando Garrido, durante una reuni\u00f3n del Comit\u00e9 Central. La escena inicial \u2014la oscuridad s\u00fabita en una sala cerrada, el disparo, el cuerpo abatido sobre la mesa\u2014 est\u00e1 construida con una eficacia esc\u00e9nica notable, digna de una pieza teatral de intriga. Pero lo que podr\u00eda haberse quedado en una an\u00e9cdota de manual sobre \u00abqui\u00e9n mat\u00f3 a qui\u00e9n y por qu\u00e9\u00bb, se transforma en las manos de Montalb\u00e1n en un mecanismo mucho m\u00e1s amplio, donde el crimen es solo el disparador de un an\u00e1lisis sobre el poder, la traici\u00f3n, el desencanto ideol\u00f3gico y la erosi\u00f3n del compromiso. A petici\u00f3n del propio Partido Comunista, el detective Pepe Carvalho es contratado para esclarecer el caso, en paralelo a la investigaci\u00f3n oficial del comisario Fonseca, representante del aparato del Estado. Esta doble v\u00eda investigadora no solo genera una tensi\u00f3n narrativa eficaz \u2014con sus choques, recelos y diferencias de enfoque\u2014 sino que introduce desde el principio uno de los ejes fundamentales del libro: la desconfianza entre los antiguos enemigos, ahora obligados a convivir en una democracia a\u00fan en fase de construcci\u00f3n.<\/span><\/p>\n<h3 class=\"western\" align=\"justify\"><span style=\"font-size: medium;\">Carvalho: el detective como testigo de la Historia<\/span><\/h3>\n<p align=\"justify\"><span style=\"font-size: medium;\">Como en toda la serie, Carvalho no es simplemente un investigador: es un observador privilegiado del devenir de su tiempo, un personaje de carne y hueso que mezcla la melancol\u00eda del desencanto con una lucidez feroz, sin dejar de lado la iron\u00eda ni su hedonismo particular \u2014sobre todo, el culinario, que en esta novela, como en las dem\u00e1s, se convierte en una suerte de trinchera privada desde la que resistir a la vulgaridad del presente. Pero si en otras entregas Carvalho actuaba desde una cierta distancia ir\u00f3nica con respecto al mundo que investigaba, en <\/span><em><span style=\"font-size: medium;\">Asesinato en el Comit\u00e9 Central<\/span><\/em><span style=\"font-size: medium;\"> la implicaci\u00f3n es m\u00e1s personal. La investigaci\u00f3n lo enfrenta directamente a su pasado militante, a viejos camaradas, a traiciones pol\u00edticas que en su d\u00eda se disfrazaron de ortodoxia revolucionaria. Este retorno al entorno del PCE \u2014al que Carvalho perteneci\u00f3 antes de su expulsi\u00f3n\u2014 convierte el caso en algo m\u00e1s que profesional: es una suerte de ajuste de cuentas con una parte de su propia biograf\u00eda. Y esto tiene un reflejo constante en el tono del libro. La novela destila un escepticismo profundo, no solo hacia las estructuras de poder, sino tambi\u00e9n hacia las propias utop\u00edas que las alimentaron. El asesinato de Garrido, m\u00e1s que un acto puntual, es presentado como el s\u00edmbolo de una implosi\u00f3n ideol\u00f3gica, la prueba tangible de que los ideales tambi\u00e9n pueden ser v\u00edctimas de su propia corrupci\u00f3n interna.<\/span><\/p>\n<h3 class=\"western\" align=\"justify\"><span style=\"font-size: medium;\">Una Espa\u00f1a que busca su voz (y su silencio)<\/span><\/h3>\n<p align=\"justify\"><span style=\"font-size: medium;\">Uno de los mayores logros de V\u00e1zquez Montalb\u00e1n en esta novela es su capacidad para convertir el caso policial en un mapa emocional y pol\u00edtico de la Espa\u00f1a de principios de los ochenta. La ciudad de Madrid \u2014a\u00fan marcada por los ecos del franquismo, pero ya transform\u00e1ndose bajo los vientos de libertad que la democracia promete\u2014 se presenta como un escenario en tensi\u00f3n constante. La atm\u00f3sfera de la novela est\u00e1 impregnada de una extra\u00f1a mezcla de cansancio y agitaci\u00f3n, de ilusi\u00f3n frustrada y de miedo latente.El asesinato de un l\u00edder comunista no es solo un atentado contra una persona, sino un gesto cargado de ambig\u00fcedad que todos los personajes intentan interpretar desde su lugar: \u00bfha sido un ajuste interno del partido? \u00bfuna provocaci\u00f3n externa? \u00bfuna met\u00e1fora m\u00e1s de la p\u00e9rdida de rumbo de la izquierda? La novela no ofrece respuestas cerradas, y esa es una de sus virtudes. El crimen es, en cierto modo, irresoluble en t\u00e9rminos morales, aunque se esclarezca en t\u00e9rminos narrativos.<\/span><\/p>\n<p align=\"justify\"><span style=\"font-size: medium;\">El paisaje social que acompa\u00f1a la investigaci\u00f3n est\u00e1 dibujado con una minuciosidad que combina lo period\u00edstico y lo literario. V\u00e1zquez Montalb\u00e1n despliega su capacidad como cronista sin caer en el panfleto. As\u00ed, los di\u00e1logos entre militantes del partido, las disputas ideol\u00f3gicas, los caf\u00e9s de madrugada, las cenas opulentas o las peque\u00f1as miserias de las vidas cruzadas componen una sinfon\u00eda de voces que dibujan el retrato coral de un pa\u00eds dividido entre la nostalgia del compromiso y la fatiga del presente.<\/span><\/p>\n<h3 class=\"western\" align=\"justify\"><span style=\"font-size: medium;\">Estilo y recursos narrativos: una escritura afilada<\/span><\/h3>\n<p align=\"justify\"><span style=\"font-size: medium;\">Uno de los elementos m\u00e1s destacables de la novela es, sin duda, el estilo narrativo. Montalb\u00e1n escribe con una prosa precisa, rica en matices, cargada de referencias culturales y con una mirada que equilibra la agudeza cr\u00edtica con una sensibilidad literaria de fondo. La voz de Carvalho, impregnada de cinismo y ternura, es uno de los aciertos m\u00e1s duraderos de la literatura espa\u00f1ola de finales del siglo XX. En <\/span><em><span style=\"font-size: medium;\">Asesinato en el Comit\u00e9 Central<\/span><\/em><span style=\"font-size: medium;\">, el autor utiliza numerosos registros: el di\u00e1logo ideol\u00f3gico, la descripci\u00f3n costumbrista, la introspecci\u00f3n, incluso el humor sutil, que aparece en momentos inesperados como una forma de defensa frente al absurdo. Hay tambi\u00e9n pasajes de una belleza inesperada, donde el lenguaje se detiene en los peque\u00f1os detalles de lo cotidiano \u2014un plato cocinado, una calle al amanecer, un gesto huidizo\u2014 para recordarnos que, m\u00e1s all\u00e1 del discurso pol\u00edtico, la vida sigue latiendo.<\/span><\/p>\n<p align=\"justify\"><span style=\"font-size: medium;\">La estructura de la novela es \u00e1gil, con un ritmo sostenido que combina la acci\u00f3n detectivesca con las digresiones filos\u00f3ficas y personales del protagonista. Esta alternancia evita el encorsetamiento del g\u00e9nero y convierte cada cap\u00edtulo en una pieza aut\u00f3noma pero conectada, como una serie de vi\u00f1etas que van componiendo un mural m\u00e1s amplio y complejo.<\/span><\/p>\n<h3 class=\"western\" align=\"justify\"><span style=\"font-size: medium;\">Ideolog\u00eda y desencanto: una cr\u00edtica desde dentro<\/span><\/h3>\n<p align=\"justify\"><span style=\"font-size: medium;\">Uno de los aspectos m\u00e1s valientes de la novela es su cr\u00edtica implacable a la izquierda espa\u00f1ola desde una posici\u00f3n interna. Montalb\u00e1n, comunista convencido y militante comprometido, no duda en poner el dedo en la llaga de las contradicciones, los errores estrat\u00e9gicos, las miserias personales y los discursos anquilosados que han convertido a un partido de masas en una estructura burocr\u00e1tica, m\u00e1s preocupada por su supervivencia que por la transformaci\u00f3n social. A trav\u00e9s de Carvalho, la novela pone en cuesti\u00f3n la capacidad de la pol\u00edtica para dar respuestas reales a las inquietudes del individuo. Los personajes secundarios que pueblan el libro \u2014viejos militantes, j\u00f3venes desencantados, bur\u00f3cratas sin alma\u2014 representan las distintas formas de enfrentarse a ese desencanto: la resignaci\u00f3n, la traici\u00f3n, el cinismo, o simplemente el olvido. Pero esta cr\u00edtica no se dirige solo a la izquierda. La presencia del comisario Fonseca, representante del nuevo aparato democr\u00e1tico, sirve para mostrar que las estructuras del Estado, aunque renovadas en su forma, siguen reproduciendo mecanismos de control, censura e hipocres\u00eda. El poder, en cualquiera de sus formas, aparece como una maquinaria impersonal que devora a los individuos, incluso a aquellos que lo sostienen.<\/span><\/p>\n<h3 class=\"western\" align=\"justify\"><span style=\"font-size: medium;\">Una novela vigente<\/span><\/h3>\n<p align=\"justify\"><span style=\"font-size: medium;\">A m\u00e1s de cuarenta a\u00f1os de su publicaci\u00f3n, <\/span><em><span style=\"font-size: medium;\">Asesinato en el Comit\u00e9 Central<\/span><\/em><span style=\"font-size: medium;\"> sigue siendo una obra de enorme actualidad. No solo por su retrato de una \u00e9poca clave \u2014que ayuda a entender muchas de las fracturas que a\u00fan marcan la sociedad espa\u00f1ola\u2014, sino tambi\u00e9n por su reflexi\u00f3n sobre el papel del individuo frente a las ideolog\u00edas, por su desconfianza hacia los relatos hegem\u00f3nicos y su defensa de una mirada cr\u00edtica, compleja y comprometida con la realidad. En un momento en que las polarizaciones ideol\u00f3gicas resurgen con fuerza, y en el que la memoria hist\u00f3rica se convierte en campo de batalla, la novela de V\u00e1zquez Montalb\u00e1n ofrece una lecci\u00f3n de honestidad intelectual y de profundidad literaria. Su mirada no es neutral, pero s\u00ed radicalmente \u00e9tica: denuncia sin simplificar, comprende sin justificar, y sobre todo, obliga al lector a posicionarse, no desde el dogma, sino desde la conciencia.<\/span><\/p>\n<h3 class=\"western\" align=\"justify\"><span style=\"font-size: medium;\">La literatura como resistencia<\/span><\/h3>\n<p align=\"justify\"><em><span style=\"font-size: medium;\">El asesinato en el Comit\u00e9 Central<\/span><\/em><span style=\"font-size: medium;\"> es mucho m\u00e1s que una novela policiaca. Es una indagaci\u00f3n sobre la memoria, una cr\u00edtica feroz a la institucionalizaci\u00f3n de las ideas, un testimonio del desencanto postrevolucionario y, en \u00faltima instancia, una celebraci\u00f3n de la inteligencia cr\u00edtica. A trav\u00e9s de Pepe Carvalho, V\u00e1zquez Montalb\u00e1n construye no solo un personaje ic\u00f3nico, sino una forma de estar en el mundo: ir\u00f3nica, culta, sensible, l\u00facida, siempre alerta frente a la banalizaci\u00f3n del poder y del pensamiento. Esta novela, como toda la serie de Carvalho, recuerda que la literatura puede ser tambi\u00e9n una forma de resistencia. No una resistencia grandilocuente ni heroica, sino \u00edntima, cotidiana, hecha de palabras precisas, de observaciones certeras, de gestos que se niegan a ceder ante la mediocridad del discurso dominante. En tiempos donde lo inmediato parece imponerse a lo complejo, leer a V\u00e1zquez Montalb\u00e1n es recuperar la fe en una literatura que piensa, que molesta, que incomoda. Y, sobre todo, que no olvida. Porque como bien sab\u00eda Carvalho, la verdad rara vez est\u00e1 en los informes oficiales. Pero a veces, con suerte y con algo de inteligencia, puede encontrarse entre las p\u00e1ginas de una buena novela.<\/span><\/p>\n<p align=\"justify\"><strong>REDACCI\u00d3N. Equipo Punto y Seguido<\/strong><\/p>\n","protected":false},"excerpt":{"rendered":"<p>Entre el crimen y la cr\u00f3nica: el ojo de Carvalho en la Espa\u00f1a de la Transici\u00f3n En Asesinato en el Comit\u00e9 Central (1981), Manuel V\u00e1zquez Montalb\u00e1n ofrece uno de los retratos m\u00e1s incisivos, l\u00facidos e ir\u00f3nicos de la Espa\u00f1a de la Transici\u00f3n, y lo hace desde el g\u00e9nero negro, con su habitual e inimitable protagonista, [&hellip;]<\/p>\n","protected":false},"author":94,"featured_media":24540,"comment_status":"open","ping_status":"closed","sticky":false,"template":"","format":"standard","meta":{"footnotes":""},"categories":[2205],"tags":[264,2911],"class_list":{"0":"post-24539","1":"post","2":"type-post","3":"status-publish","4":"format-standard","5":"has-post-thumbnail","7":"category-manuel-vazquez-montalban","8":"tag-manuel-vazquez-montalban","9":"tag-novela-negra"},"yoast_head":"<!-- This site is optimized with the Yoast SEO plugin v27.4 - https:\/\/yoast.com\/product\/yoast-seo-wordpress\/ -->\n<title>Asesinato en el Comit\u00e9 Central, de Manuel V\u00e1zquez Montalban | Manuel V\u00e1zquez Montalb\u00e1n | HOJAS SUELTAS Peri\u00f3dico Cultural<\/title>\n<meta name=\"description\" content=\"MAESTROS DE LA NOVELA NEGRA = El asesinato en el Comit\u00e9 Central es mucho m\u00e1s que una novela policiaca. Es una indagaci\u00f3n sobre la memoria, una cr\u00edtica feroz a la institucionalizaci\u00f3n de las ideas, un testimonio del desencanto postrevolucionario\" \/>\n<meta name=\"robots\" content=\"index, follow, max-snippet:-1, max-image-preview:large, max-video-preview:-1\" \/>\n<link rel=\"canonical\" href=\"https:\/\/hojassueltas.es\/?p=24539\" \/>\n<meta property=\"og:locale\" content=\"es_ES\" \/>\n<meta property=\"og:type\" content=\"article\" \/>\n<meta property=\"og:title\" content=\"Asesinato en el Comit\u00e9 Central, de Manuel V\u00e1zquez Montalban | Manuel V\u00e1zquez Montalb\u00e1n | HOJAS SUELTAS Peri\u00f3dico Cultural\" \/>\n<meta property=\"og:description\" content=\"MAESTROS DE LA NOVELA NEGRA = El asesinato en el Comit\u00e9 Central es mucho m\u00e1s que una novela policiaca. Es una indagaci\u00f3n sobre la memoria, una cr\u00edtica feroz a la institucionalizaci\u00f3n de las ideas, un testimonio del desencanto postrevolucionario\" \/>\n<meta property=\"og:url\" content=\"https:\/\/hojassueltas.es\/?p=24539\" \/>\n<meta property=\"og:site_name\" content=\"HOJAS SUELTAS Peri\u00f3dico Cultural\" \/>\n<meta property=\"article:published_time\" content=\"2025-10-27T22:00:20+00:00\" \/>\n<meta property=\"article:modified_time\" content=\"2026-03-07T16:46:49+00:00\" \/>\n<meta property=\"og:image\" content=\"https:\/\/hojassueltas.es\/wp-content\/uploads\/2025\/10\/05_Asesinato-en-el-Comite-Central_H.S.png\" \/>\n\t<meta property=\"og:image:width\" content=\"1920\" \/>\n\t<meta property=\"og:image:height\" content=\"1280\" \/>\n\t<meta property=\"og:image:type\" content=\"image\/png\" \/>\n<meta name=\"author\" content=\"Punto y Seguido - Marcos G\u00f3mez-Puertas\" \/>\n<meta name=\"twitter:card\" content=\"summary_large_image\" \/>\n<meta name=\"twitter:creator\" content=\"@HOJASSUELTAS22\" \/>\n<meta name=\"twitter:site\" content=\"@HOJASSUELTAS22\" \/>\n<meta name=\"twitter:label1\" content=\"Escrito por\" \/>\n\t<meta name=\"twitter:data1\" content=\"Punto y Seguido - Marcos G\u00f3mez-Puertas\" \/>\n\t<meta name=\"twitter:label2\" content=\"Tiempo de lectura\" \/>\n\t<meta name=\"twitter:data2\" content=\"8 minutos\" \/>\n<script type=\"application\/ld+json\" class=\"yoast-schema-graph\">{\"@context\":\"https:\\\/\\\/schema.org\",\"@graph\":[{\"@type\":[\"Article\",\"BlogPosting\"],\"@id\":\"https:\\\/\\\/hojassueltas.es\\\/?p=24539#article\",\"isPartOf\":{\"@id\":\"https:\\\/\\\/hojassueltas.es\\\/?p=24539\"},\"author\":{\"name\":\"Punto y Seguido - Marcos G\u00f3mez-Puertas\",\"@id\":\"https:\\\/\\\/hojassueltas.es\\\/#\\\/schema\\\/person\\\/74898c937e096a898bdf112cf2f94879\"},\"headline\":\"Asesinato en el Comit\u00e9 Central, de Manuel V\u00e1zquez Montalban\",\"datePublished\":\"2025-10-27T22:00:20+00:00\",\"dateModified\":\"2026-03-07T16:46:49+00:00\",\"mainEntityOfPage\":{\"@id\":\"https:\\\/\\\/hojassueltas.es\\\/?p=24539\"},\"wordCount\":1741,\"commentCount\":0,\"publisher\":{\"@id\":\"https:\\\/\\\/hojassueltas.es\\\/#organization\"},\"image\":{\"@id\":\"https:\\\/\\\/hojassueltas.es\\\/?p=24539#primaryimage\"},\"thumbnailUrl\":\"https:\\\/\\\/hojassueltas.es\\\/wp-content\\\/uploads\\\/2025\\\/10\\\/05_Asesinato-en-el-Comite-Central_H.S.png\",\"keywords\":[\"Manuel Vazquez Montalb\u00e1n\",\"Novela Negra\"],\"articleSection\":[\"Manuel V\u00e1zquez Montalb\u00e1n\"],\"inLanguage\":\"es\",\"potentialAction\":[{\"@type\":\"CommentAction\",\"name\":\"Comment\",\"target\":[\"https:\\\/\\\/hojassueltas.es\\\/?p=24539#respond\"]}]},{\"@type\":\"WebPage\",\"@id\":\"https:\\\/\\\/hojassueltas.es\\\/?p=24539\",\"url\":\"https:\\\/\\\/hojassueltas.es\\\/?p=24539\",\"name\":\"Asesinato en el Comit\u00e9 Central, de Manuel V\u00e1zquez Montalban | Manuel V\u00e1zquez Montalb\u00e1n | HOJAS SUELTAS Peri\u00f3dico Cultural\",\"isPartOf\":{\"@id\":\"https:\\\/\\\/hojassueltas.es\\\/#website\"},\"primaryImageOfPage\":{\"@id\":\"https:\\\/\\\/hojassueltas.es\\\/?p=24539#primaryimage\"},\"image\":{\"@id\":\"https:\\\/\\\/hojassueltas.es\\\/?p=24539#primaryimage\"},\"thumbnailUrl\":\"https:\\\/\\\/hojassueltas.es\\\/wp-content\\\/uploads\\\/2025\\\/10\\\/05_Asesinato-en-el-Comite-Central_H.S.png\",\"datePublished\":\"2025-10-27T22:00:20+00:00\",\"dateModified\":\"2026-03-07T16:46:49+00:00\",\"description\":\"MAESTROS DE LA NOVELA NEGRA = El asesinato en el Comit\u00e9 Central es mucho m\u00e1s que una novela policiaca. Es una indagaci\u00f3n sobre la memoria, una cr\u00edtica feroz a la institucionalizaci\u00f3n de las ideas, un testimonio del desencanto postrevolucionario\",\"breadcrumb\":{\"@id\":\"https:\\\/\\\/hojassueltas.es\\\/?p=24539#breadcrumb\"},\"inLanguage\":\"es\",\"potentialAction\":[{\"@type\":\"ReadAction\",\"target\":[\"https:\\\/\\\/hojassueltas.es\\\/?p=24539\"]}]},{\"@type\":\"ImageObject\",\"inLanguage\":\"es\",\"@id\":\"https:\\\/\\\/hojassueltas.es\\\/?p=24539#primaryimage\",\"url\":\"https:\\\/\\\/hojassueltas.es\\\/wp-content\\\/uploads\\\/2025\\\/10\\\/05_Asesinato-en-el-Comite-Central_H.S.png\",\"contentUrl\":\"https:\\\/\\\/hojassueltas.es\\\/wp-content\\\/uploads\\\/2025\\\/10\\\/05_Asesinato-en-el-Comite-Central_H.S.png\",\"width\":1920,\"height\":1280},{\"@type\":\"BreadcrumbList\",\"@id\":\"https:\\\/\\\/hojassueltas.es\\\/?p=24539#breadcrumb\",\"itemListElement\":[{\"@type\":\"ListItem\",\"position\":1,\"name\":\"Portada\",\"item\":\"https:\\\/\\\/hojassueltas.es\\\/\"},{\"@type\":\"ListItem\",\"position\":2,\"name\":\"Asesinato en el Comit\u00e9 Central, de Manuel V\u00e1zquez Montalban\"}]},{\"@type\":\"WebSite\",\"@id\":\"https:\\\/\\\/hojassueltas.es\\\/#website\",\"url\":\"https:\\\/\\\/hojassueltas.es\\\/\",\"name\":\"HojasSueltas.es\",\"description\":\"GRANADA - Peri\u00f3dico Cultural\",\"publisher\":{\"@id\":\"https:\\\/\\\/hojassueltas.es\\\/#organization\"},\"alternateName\":\"H.S. Periodico Cultural\",\"potentialAction\":[{\"@type\":\"SearchAction\",\"target\":{\"@type\":\"EntryPoint\",\"urlTemplate\":\"https:\\\/\\\/hojassueltas.es\\\/?s={search_term_string}\"},\"query-input\":{\"@type\":\"PropertyValueSpecification\",\"valueRequired\":true,\"valueName\":\"search_term_string\"}}],\"inLanguage\":\"es\"},{\"@type\":\"Organization\",\"@id\":\"https:\\\/\\\/hojassueltas.es\\\/#organization\",\"name\":\"HOJAS SUELTAS - Peri\u00f3dico Cultural\",\"alternateName\":\"HS - HOJAS SUELTAS Peri\u00f3dico Cultural\",\"url\":\"https:\\\/\\\/hojassueltas.es\\\/\",\"logo\":{\"@type\":\"ImageObject\",\"inLanguage\":\"es\",\"@id\":\"https:\\\/\\\/hojassueltas.es\\\/#\\\/schema\\\/logo\\\/image\\\/\",\"url\":\"https:\\\/\\\/hojassueltas.es\\\/wp-content\\\/uploads\\\/2025\\\/08\\\/Icono-HS_2.png\",\"contentUrl\":\"https:\\\/\\\/hojassueltas.es\\\/wp-content\\\/uploads\\\/2025\\\/08\\\/Icono-HS_2.png\",\"width\":500,\"height\":500,\"caption\":\"HOJAS SUELTAS - Peri\u00f3dico Cultural\"},\"image\":{\"@id\":\"https:\\\/\\\/hojassueltas.es\\\/#\\\/schema\\\/logo\\\/image\\\/\"},\"sameAs\":[\"https:\\\/\\\/x.com\\\/HOJASSUELTAS22\"]},{\"@type\":\"Person\",\"@id\":\"https:\\\/\\\/hojassueltas.es\\\/#\\\/schema\\\/person\\\/74898c937e096a898bdf112cf2f94879\",\"name\":\"Punto y Seguido - Marcos G\u00f3mez-Puertas\",\"image\":{\"@type\":\"ImageObject\",\"inLanguage\":\"es\",\"@id\":\"https:\\\/\\\/hojassueltas.es\\\/wp-content\\\/uploads\\\/2026\\\/02\\\/Marcos-Gomez-Puertas_3-96x96.png\",\"url\":\"https:\\\/\\\/hojassueltas.es\\\/wp-content\\\/uploads\\\/2026\\\/02\\\/Marcos-Gomez-Puertas_3-96x96.png\",\"contentUrl\":\"https:\\\/\\\/hojassueltas.es\\\/wp-content\\\/uploads\\\/2026\\\/02\\\/Marcos-Gomez-Puertas_3-96x96.png\",\"caption\":\"Punto y Seguido - Marcos G\u00f3mez-Puertas\"},\"description\":\"Toledano. Psicologo. Escritor bajo seud\u00f3nimo de novelas de g\u00e9nero negro y suspense. Asiste, cuando su profesi\u00f3n se lo permite, a festivales noir. Lector apasionado, rese\u00f1a novelas de vez en cuando.\",\"url\":\"https:\\\/\\\/hojassueltas.es\\\/?author=94\"}]}<\/script>\n<!-- \/ Yoast SEO plugin. -->","yoast_head_json":{"title":"Asesinato en el Comit\u00e9 Central, de Manuel V\u00e1zquez Montalban | Manuel V\u00e1zquez Montalb\u00e1n | HOJAS SUELTAS Peri\u00f3dico Cultural","description":"MAESTROS DE LA NOVELA NEGRA = El asesinato en el Comit\u00e9 Central es mucho m\u00e1s que una novela policiaca. Es una indagaci\u00f3n sobre la memoria, una cr\u00edtica feroz a la institucionalizaci\u00f3n de las ideas, un testimonio del desencanto postrevolucionario","robots":{"index":"index","follow":"follow","max-snippet":"max-snippet:-1","max-image-preview":"max-image-preview:large","max-video-preview":"max-video-preview:-1"},"canonical":"https:\/\/hojassueltas.es\/?p=24539","og_locale":"es_ES","og_type":"article","og_title":"Asesinato en el Comit\u00e9 Central, de Manuel V\u00e1zquez Montalban | Manuel V\u00e1zquez Montalb\u00e1n | HOJAS SUELTAS Peri\u00f3dico Cultural","og_description":"MAESTROS DE LA NOVELA NEGRA = El asesinato en el Comit\u00e9 Central es mucho m\u00e1s que una novela policiaca. Es una indagaci\u00f3n sobre la memoria, una cr\u00edtica feroz a la institucionalizaci\u00f3n de las ideas, un testimonio del desencanto postrevolucionario","og_url":"https:\/\/hojassueltas.es\/?p=24539","og_site_name":"HOJAS SUELTAS Peri\u00f3dico Cultural","article_published_time":"2025-10-27T22:00:20+00:00","article_modified_time":"2026-03-07T16:46:49+00:00","og_image":[{"width":1920,"height":1280,"url":"https:\/\/hojassueltas.es\/wp-content\/uploads\/2025\/10\/05_Asesinato-en-el-Comite-Central_H.S.png","type":"image\/png"}],"author":"Punto y Seguido - Marcos G\u00f3mez-Puertas","twitter_card":"summary_large_image","twitter_creator":"@HOJASSUELTAS22","twitter_site":"@HOJASSUELTAS22","twitter_misc":{"Escrito por":"Punto y Seguido - Marcos G\u00f3mez-Puertas","Tiempo de lectura":"8 minutos"},"schema":{"@context":"https:\/\/schema.org","@graph":[{"@type":["Article","BlogPosting"],"@id":"https:\/\/hojassueltas.es\/?p=24539#article","isPartOf":{"@id":"https:\/\/hojassueltas.es\/?p=24539"},"author":{"name":"Punto y Seguido - Marcos G\u00f3mez-Puertas","@id":"https:\/\/hojassueltas.es\/#\/schema\/person\/74898c937e096a898bdf112cf2f94879"},"headline":"Asesinato en el Comit\u00e9 Central, de Manuel V\u00e1zquez Montalban","datePublished":"2025-10-27T22:00:20+00:00","dateModified":"2026-03-07T16:46:49+00:00","mainEntityOfPage":{"@id":"https:\/\/hojassueltas.es\/?p=24539"},"wordCount":1741,"commentCount":0,"publisher":{"@id":"https:\/\/hojassueltas.es\/#organization"},"image":{"@id":"https:\/\/hojassueltas.es\/?p=24539#primaryimage"},"thumbnailUrl":"https:\/\/hojassueltas.es\/wp-content\/uploads\/2025\/10\/05_Asesinato-en-el-Comite-Central_H.S.png","keywords":["Manuel Vazquez Montalb\u00e1n","Novela Negra"],"articleSection":["Manuel V\u00e1zquez Montalb\u00e1n"],"inLanguage":"es","potentialAction":[{"@type":"CommentAction","name":"Comment","target":["https:\/\/hojassueltas.es\/?p=24539#respond"]}]},{"@type":"WebPage","@id":"https:\/\/hojassueltas.es\/?p=24539","url":"https:\/\/hojassueltas.es\/?p=24539","name":"Asesinato en el Comit\u00e9 Central, de Manuel V\u00e1zquez Montalban | Manuel V\u00e1zquez Montalb\u00e1n | HOJAS SUELTAS Peri\u00f3dico Cultural","isPartOf":{"@id":"https:\/\/hojassueltas.es\/#website"},"primaryImageOfPage":{"@id":"https:\/\/hojassueltas.es\/?p=24539#primaryimage"},"image":{"@id":"https:\/\/hojassueltas.es\/?p=24539#primaryimage"},"thumbnailUrl":"https:\/\/hojassueltas.es\/wp-content\/uploads\/2025\/10\/05_Asesinato-en-el-Comite-Central_H.S.png","datePublished":"2025-10-27T22:00:20+00:00","dateModified":"2026-03-07T16:46:49+00:00","description":"MAESTROS DE LA NOVELA NEGRA = El asesinato en el Comit\u00e9 Central es mucho m\u00e1s que una novela policiaca. Es una indagaci\u00f3n sobre la memoria, una cr\u00edtica feroz a la institucionalizaci\u00f3n de las ideas, un testimonio del desencanto postrevolucionario","breadcrumb":{"@id":"https:\/\/hojassueltas.es\/?p=24539#breadcrumb"},"inLanguage":"es","potentialAction":[{"@type":"ReadAction","target":["https:\/\/hojassueltas.es\/?p=24539"]}]},{"@type":"ImageObject","inLanguage":"es","@id":"https:\/\/hojassueltas.es\/?p=24539#primaryimage","url":"https:\/\/hojassueltas.es\/wp-content\/uploads\/2025\/10\/05_Asesinato-en-el-Comite-Central_H.S.png","contentUrl":"https:\/\/hojassueltas.es\/wp-content\/uploads\/2025\/10\/05_Asesinato-en-el-Comite-Central_H.S.png","width":1920,"height":1280},{"@type":"BreadcrumbList","@id":"https:\/\/hojassueltas.es\/?p=24539#breadcrumb","itemListElement":[{"@type":"ListItem","position":1,"name":"Portada","item":"https:\/\/hojassueltas.es\/"},{"@type":"ListItem","position":2,"name":"Asesinato en el Comit\u00e9 Central, de Manuel V\u00e1zquez Montalban"}]},{"@type":"WebSite","@id":"https:\/\/hojassueltas.es\/#website","url":"https:\/\/hojassueltas.es\/","name":"HojasSueltas.es","description":"GRANADA - Peri\u00f3dico Cultural","publisher":{"@id":"https:\/\/hojassueltas.es\/#organization"},"alternateName":"H.S. Periodico Cultural","potentialAction":[{"@type":"SearchAction","target":{"@type":"EntryPoint","urlTemplate":"https:\/\/hojassueltas.es\/?s={search_term_string}"},"query-input":{"@type":"PropertyValueSpecification","valueRequired":true,"valueName":"search_term_string"}}],"inLanguage":"es"},{"@type":"Organization","@id":"https:\/\/hojassueltas.es\/#organization","name":"HOJAS SUELTAS - Peri\u00f3dico Cultural","alternateName":"HS - HOJAS SUELTAS Peri\u00f3dico Cultural","url":"https:\/\/hojassueltas.es\/","logo":{"@type":"ImageObject","inLanguage":"es","@id":"https:\/\/hojassueltas.es\/#\/schema\/logo\/image\/","url":"https:\/\/hojassueltas.es\/wp-content\/uploads\/2025\/08\/Icono-HS_2.png","contentUrl":"https:\/\/hojassueltas.es\/wp-content\/uploads\/2025\/08\/Icono-HS_2.png","width":500,"height":500,"caption":"HOJAS SUELTAS - Peri\u00f3dico Cultural"},"image":{"@id":"https:\/\/hojassueltas.es\/#\/schema\/logo\/image\/"},"sameAs":["https:\/\/x.com\/HOJASSUELTAS22"]},{"@type":"Person","@id":"https:\/\/hojassueltas.es\/#\/schema\/person\/74898c937e096a898bdf112cf2f94879","name":"Punto y Seguido - Marcos G\u00f3mez-Puertas","image":{"@type":"ImageObject","inLanguage":"es","@id":"https:\/\/hojassueltas.es\/wp-content\/uploads\/2026\/02\/Marcos-Gomez-Puertas_3-96x96.png","url":"https:\/\/hojassueltas.es\/wp-content\/uploads\/2026\/02\/Marcos-Gomez-Puertas_3-96x96.png","contentUrl":"https:\/\/hojassueltas.es\/wp-content\/uploads\/2026\/02\/Marcos-Gomez-Puertas_3-96x96.png","caption":"Punto y Seguido - Marcos G\u00f3mez-Puertas"},"description":"Toledano. Psicologo. Escritor bajo seud\u00f3nimo de novelas de g\u00e9nero negro y suspense. Asiste, cuando su profesi\u00f3n se lo permite, a festivales noir. Lector apasionado, rese\u00f1a novelas de vez en cuando.","url":"https:\/\/hojassueltas.es\/?author=94"}]}},"_links":{"self":[{"href":"https:\/\/hojassueltas.es\/index.php?rest_route=\/wp\/v2\/posts\/24539","targetHints":{"allow":["GET"]}}],"collection":[{"href":"https:\/\/hojassueltas.es\/index.php?rest_route=\/wp\/v2\/posts"}],"about":[{"href":"https:\/\/hojassueltas.es\/index.php?rest_route=\/wp\/v2\/types\/post"}],"author":[{"embeddable":true,"href":"https:\/\/hojassueltas.es\/index.php?rest_route=\/wp\/v2\/users\/94"}],"replies":[{"embeddable":true,"href":"https:\/\/hojassueltas.es\/index.php?rest_route=%2Fwp%2Fv2%2Fcomments&post=24539"}],"version-history":[{"count":1,"href":"https:\/\/hojassueltas.es\/index.php?rest_route=\/wp\/v2\/posts\/24539\/revisions"}],"predecessor-version":[{"id":24541,"href":"https:\/\/hojassueltas.es\/index.php?rest_route=\/wp\/v2\/posts\/24539\/revisions\/24541"}],"wp:featuredmedia":[{"embeddable":true,"href":"https:\/\/hojassueltas.es\/index.php?rest_route=\/wp\/v2\/media\/24540"}],"wp:attachment":[{"href":"https:\/\/hojassueltas.es\/index.php?rest_route=%2Fwp%2Fv2%2Fmedia&parent=24539"}],"wp:term":[{"taxonomy":"category","embeddable":true,"href":"https:\/\/hojassueltas.es\/index.php?rest_route=%2Fwp%2Fv2%2Fcategories&post=24539"},{"taxonomy":"post_tag","embeddable":true,"href":"https:\/\/hojassueltas.es\/index.php?rest_route=%2Fwp%2Fv2%2Ftags&post=24539"}],"curies":[{"name":"wp","href":"https:\/\/api.w.org\/{rel}","templated":true}]}}