{"id":24254,"date":"2025-10-22T00:00:19","date_gmt":"2025-10-21T22:00:19","guid":{"rendered":"https:\/\/hojassueltas.es\/?p=24254"},"modified":"2025-10-22T08:27:24","modified_gmt":"2025-10-22T06:27:24","slug":"del-tiempo-y-del-rio-de-thomas-wolfe","status":"publish","type":"post","link":"https:\/\/hojassueltas.es\/?p=24254","title":{"rendered":"Del tiempo y del r\u00edo, de Thomas Wolfe"},"content":{"rendered":"<p style=\"text-align: justify;\">Fue Thomas Wolfe (1900-1938) un escritor desmesurado, autor de una obra corta, intensa y exuberante. Sus pocas novelas son asombrosas por la calidad de su estilo, por la rica adjetivaci\u00f3n, por el intenso lirismo y la mirada desarraigada de este hombre del profundo Sur que supo dotar a su escritura de una carnalidad extrema, donde se une la prosa torrencial y el cuidado exquisito del p\u00e1rrafo, como si un gigante se dedicara a tejer delicados encajes.<\/p>\n<p style=\"text-align: justify;\"><em>Del tiempo y del r\u00edo<\/em> (1935) es quiz\u00e1s su novela m\u00e1s ambiciosa; como r\u00e1pidamente se advierte al iniciar su lectura, se trata de la continuaci\u00f3n de esa otra obra maestra que es <em>El \u00e1ngel que nos mira<\/em>, es decir, la detallada historia de un muchacho del Sur de Estados Unidos que repasa de forma exhaustiva cada uno de los episodios que han compuesto su vida y la de los suyos.<\/p>\n<p style=\"text-align: justify;\">Si en <em>El \u00e1ngel que nos mira<\/em> pod\u00edamos leer la cr\u00f3nica de una familia que empieza a crecer en un pueblo perdido, de sus peque\u00f1as miserias, de las tranquilas y pocas alegr\u00edas que le da la existencia, en <em>Del tiempo y del r\u00edo<\/em> vamos a seguir a uno de los hijos en el dif\u00edcil recorrido de la juventud que trata de escapar de su terru\u00f1o sintiendo a la vez nostalgia del tiempo pasado y de su tierra, tratando de encontrar su identidad mediante la acumulaci\u00f3n de experiencias, del estudio, del trabajo al que le obliga su vocaci\u00f3n de escritor y de una curiosidad que no queda saciada con nada. Es al propio Thomas Wolfe al que vemos crecer en Harvard, de la que apenas se cuenta nada si no es a trav\u00e9s de la interiorizaci\u00f3n de ese tiempo que parece enclaustrarse en la mente del escritor, adormecerse, ense\u00f1ar sus junturas a trav\u00e9s de una escritura demorada, \u00edntima y sensible, m\u00e1s unida a las impresiones que a los hechos.<\/p>\n<p style=\"text-align: justify;\">Ese mundo desmesurado que Thomas Wolfe bebi\u00f3 a grandes sorbos en su corta vida lo plasma en su escritura a trav\u00e9s de una prosa hiperb\u00f3lica, entusiasta y compleja, con frases repletas de adjetivos donde parece querer calificar toda la experiencia, querer resumir en pocas palabras miles de sensaciones por las que se ve arrastrado al mismo tiempo, como si estuviera viviendo varias vidas simult\u00e1neas.<\/p>\n<p style=\"text-align: justify;\">No es tanto una novela de iniciaci\u00f3n en el mundo, como una cr\u00f3nica inici\u00e1tica de la vocaci\u00f3n del escritor que Thomas Wolfe llegar\u00eda a ser. Lo vemos leyendo libros de una forma voraz, encerrado en su cuarto entre cuartillas que va garabateando, mientras trata de sacar de dentro todo lo que lleva escondido, como si se tratara de un tesoro cuyo mapa s\u00f3lo puede aflorar a la luz a trav\u00e9s de sensaciones de gran plasticidad, deformadas por los recuerdos, atravesadas por el dolor de quien a\u00fan no ha encontrado su forma de expresi\u00f3n.<\/p>\n<p style=\"text-align: justify;\">El protagonista busca incesantemente un lugar donde poder escribir, como si el espacio fuera parte de una inspiraci\u00f3n que a veces le parece esquiva, y de Harvard partir\u00e1 hacia Europa tratando de encontrar ese lugar de paz donde todos los temas que lleva dentro puedan plasmarse por escrito.<\/p>\n<p style=\"text-align: justify;\">Visita Londres, pero all\u00ed no parece encontrar lo que busca. M\u00e1s tarde llegar\u00e1 a Par\u00eds, y ser\u00e1 en esta ciudad donde encuentre algo que no andaba buscando: la amistad. <em>Del tiempo y del r\u00edo<\/em> es una gran novela sobre la amistad y tambi\u00e9n una historia que sirve para entender la forma con la que los americanos comprend\u00edan Europa en los a\u00f1os veinte, ese lugar de ensue\u00f1o donde parec\u00eda florecer el arte en las calles. Par\u00eds, o Francia, parecen identificarse con las musas, y acompa\u00f1ado con un viejo amigo de Harvard y dos chicas, se adentra en un mundo de experiencias juveniles que no lo convertir\u00e1n definitivamente en adulto, pero que le ayudar\u00e1n a madurar para hallar el lugar que tiene en el mundo.<\/p>\n<p style=\"text-align: justify;\">A pesar de tantos sucesos que vivir\u00e1 acompa\u00f1ado de sus amigos, se deja traslucir en esta historia un fuerte desarraigo, una pasi\u00f3n desmedida por sus a\u00f1orados Estados Unidos, que sin embargo, odia por momentos a la luz de la libertad que vive en Europa.<\/p>\n<p style=\"text-align: justify;\"><em>Del tiempo y del r\u00edo<\/em> es una novela llena de contradicciones, las contradicciones de la juventud, ese deseo por lo que no se tiene, pero que se sacia f\u00e1cilmente en cuanto se encuentra. Es la novela de la soledad de quien tiene que enfrentarse a la vida con sus propias manos, el desamparo del hombre que cubre sus d\u00edas sin un mapa que le gu\u00ede, si no es la soledad de quien no es capaz de adaptarse a ning\u00fan sitio ni a ninguna circunstancia.<\/p>\n<p style=\"text-align: justify;\">Es un an\u00e1lisis bello y deslumbrador de los sinsabores de la juventud, de los deseos insatisfechos, de la necesidad de la b\u00fasqueda. Perdido an\u00edmicamente en un pa\u00eds extranjero, lejos de los suyos, abrumado por los recuerdos y a la vez satisfecho de encontrarse ajeno a su ambiente familiar y a la tierra que lo vio crecer, el protagonista demuestra una fuerte entereza a la hora de afrontar su futuro, agarr\u00e1ndose con firmeza a su \u00fanica tabla de salvaci\u00f3n, que es la escritura, esa necesidad que nace de dentro y que no conoce de pa\u00edses ni de fronteras.<\/p>\n<p style=\"text-align: justify;\">Es \u00e9sta una novela hermosa, muy hermosa: nos ense\u00f1a c\u00f3mo puede vivirse la vida con pasi\u00f3n, pero con una pasi\u00f3n interior, como si fuera un reto impuesto por la propia alma, que no descansa jam\u00e1s en su empe\u00f1o de alcanzar un lugar donde quedarse y reposar.<\/p>\n<p>\u00a9 Jos\u00e9 Luis Alvarado. Todos los derechos reservados. (Cicutadry)<\/p>\n","protected":false},"excerpt":{"rendered":"<p>Fue Thomas Wolfe (1900-1938) un escritor desmesurado, autor de una obra corta, intensa y exuberante. Sus pocas novelas son asombrosas por la calidad de su estilo, por la rica adjetivaci\u00f3n, por el intenso lirismo y la mirada desarraigada de este hombre del profundo Sur que supo dotar a su escritura de una carnalidad extrema, donde [&hellip;]<\/p>\n","protected":false},"author":38,"featured_media":24257,"comment_status":"open","ping_status":"closed","sticky":false,"template":"","format":"standard","meta":{"footnotes":""},"categories":[74],"tags":[2701],"class_list":{"0":"post-24254","1":"post","2":"type-post","3":"status-publish","4":"format-standard","5":"has-post-thumbnail","7":"category-resenas","8":"tag-thomas-wolfe"},"yoast_head":"<!-- This site is optimized with the Yoast SEO plugin v27.5 - https:\/\/yoast.com\/product\/yoast-seo-wordpress\/ -->\n<title>Del tiempo y del r\u00edo, de Thomas Wolfe | RESE\u00d1AS | HOJAS SUELTAS Peri\u00f3dico Cultural<\/title>\n<meta name=\"description\" content=\"RESE\u00d1AS Una novela hermosa, muy hermosa: nos ense\u00f1a c\u00f3mo puede vivirse la vida con pasi\u00f3n, pero con una pasi\u00f3n interior, como si fuera un reto impuesto por la propia alma, que no descansa jam\u00e1s en su empe\u00f1o de alcanzar un lugar donde quedarse y reposar.\" \/>\n<meta name=\"robots\" content=\"index, follow, max-snippet:-1, max-image-preview:large, max-video-preview:-1\" \/>\n<link rel=\"canonical\" href=\"https:\/\/hojassueltas.es\/?p=24254\" \/>\n<meta property=\"og:locale\" content=\"es_ES\" \/>\n<meta property=\"og:type\" content=\"article\" \/>\n<meta property=\"og:title\" content=\"Del tiempo y del r\u00edo, de Thomas Wolfe | RESE\u00d1AS | HOJAS SUELTAS Peri\u00f3dico Cultural\" \/>\n<meta property=\"og:description\" content=\"RESE\u00d1AS Una novela hermosa, muy hermosa: nos ense\u00f1a c\u00f3mo puede vivirse la vida con pasi\u00f3n, pero con una pasi\u00f3n interior, como si fuera un reto impuesto por la propia alma, que no descansa jam\u00e1s en su empe\u00f1o de alcanzar un lugar donde quedarse y reposar.\" \/>\n<meta property=\"og:url\" content=\"https:\/\/hojassueltas.es\/?p=24254\" \/>\n<meta property=\"og:site_name\" content=\"HOJAS SUELTAS Peri\u00f3dico Cultural\" \/>\n<meta property=\"article:published_time\" content=\"2025-10-21T22:00:19+00:00\" \/>\n<meta property=\"article:modified_time\" content=\"2025-10-22T06:27:24+00:00\" \/>\n<meta property=\"og:image\" content=\"https:\/\/hojassueltas.es\/wp-content\/uploads\/2025\/10\/Del-TIEMPOY-y-del-rio_H.S.png\" \/>\n\t<meta property=\"og:image:width\" content=\"1920\" \/>\n\t<meta property=\"og:image:height\" content=\"1280\" \/>\n\t<meta property=\"og:image:type\" content=\"image\/png\" \/>\n<meta name=\"author\" content=\"Jos\u00e9 Luis Alvarado\" \/>\n<meta name=\"twitter:card\" content=\"summary_large_image\" \/>\n<meta name=\"twitter:creator\" content=\"@HOJASSUELTAS22\" \/>\n<meta name=\"twitter:site\" content=\"@HOJASSUELTAS22\" \/>\n<meta name=\"twitter:label1\" content=\"Escrito por\" \/>\n\t<meta name=\"twitter:data1\" content=\"Jos\u00e9 Luis Alvarado\" \/>\n\t<meta name=\"twitter:label2\" content=\"Tiempo de lectura\" \/>\n\t<meta name=\"twitter:data2\" content=\"5 minutos\" \/>\n<script type=\"application\/ld+json\" class=\"yoast-schema-graph\">{\"@context\":\"https:\\\/\\\/schema.org\",\"@graph\":[{\"@type\":[\"Article\",\"BlogPosting\"],\"@id\":\"https:\\\/\\\/hojassueltas.es\\\/?p=24254#article\",\"isPartOf\":{\"@id\":\"https:\\\/\\\/hojassueltas.es\\\/?p=24254\"},\"author\":{\"name\":\"Jos\u00e9 Luis Alvarado\",\"@id\":\"https:\\\/\\\/hojassueltas.es\\\/#\\\/schema\\\/person\\\/0fd366c26625fc84c65a74d3da2c6d17\"},\"headline\":\"Del tiempo y del r\u00edo, de Thomas Wolfe\",\"datePublished\":\"2025-10-21T22:00:19+00:00\",\"dateModified\":\"2025-10-22T06:27:24+00:00\",\"mainEntityOfPage\":{\"@id\":\"https:\\\/\\\/hojassueltas.es\\\/?p=24254\"},\"wordCount\":996,\"commentCount\":0,\"publisher\":{\"@id\":\"https:\\\/\\\/hojassueltas.es\\\/#organization\"},\"image\":{\"@id\":\"https:\\\/\\\/hojassueltas.es\\\/?p=24254#primaryimage\"},\"thumbnailUrl\":\"https:\\\/\\\/hojassueltas.es\\\/wp-content\\\/uploads\\\/2025\\\/10\\\/Del-TIEMPOY-y-del-rio_H.S.png\",\"keywords\":[\"Thomas Wolfe\"],\"articleSection\":[\"RESE\u00d1AS\"],\"inLanguage\":\"es\",\"potentialAction\":[{\"@type\":\"CommentAction\",\"name\":\"Comment\",\"target\":[\"https:\\\/\\\/hojassueltas.es\\\/?p=24254#respond\"]}]},{\"@type\":\"WebPage\",\"@id\":\"https:\\\/\\\/hojassueltas.es\\\/?p=24254\",\"url\":\"https:\\\/\\\/hojassueltas.es\\\/?p=24254\",\"name\":\"Del tiempo y del r\u00edo, de Thomas Wolfe | RESE\u00d1AS | HOJAS SUELTAS Peri\u00f3dico Cultural\",\"isPartOf\":{\"@id\":\"https:\\\/\\\/hojassueltas.es\\\/#website\"},\"primaryImageOfPage\":{\"@id\":\"https:\\\/\\\/hojassueltas.es\\\/?p=24254#primaryimage\"},\"image\":{\"@id\":\"https:\\\/\\\/hojassueltas.es\\\/?p=24254#primaryimage\"},\"thumbnailUrl\":\"https:\\\/\\\/hojassueltas.es\\\/wp-content\\\/uploads\\\/2025\\\/10\\\/Del-TIEMPOY-y-del-rio_H.S.png\",\"datePublished\":\"2025-10-21T22:00:19+00:00\",\"dateModified\":\"2025-10-22T06:27:24+00:00\",\"description\":\"RESE\u00d1AS Una novela hermosa, muy hermosa: nos ense\u00f1a c\u00f3mo puede vivirse la vida con pasi\u00f3n, pero con una pasi\u00f3n interior, como si fuera un reto impuesto por la propia alma, que no descansa jam\u00e1s en su empe\u00f1o de alcanzar un lugar donde quedarse y reposar.\",\"breadcrumb\":{\"@id\":\"https:\\\/\\\/hojassueltas.es\\\/?p=24254#breadcrumb\"},\"inLanguage\":\"es\",\"potentialAction\":[{\"@type\":\"ReadAction\",\"target\":[\"https:\\\/\\\/hojassueltas.es\\\/?p=24254\"]}]},{\"@type\":\"ImageObject\",\"inLanguage\":\"es\",\"@id\":\"https:\\\/\\\/hojassueltas.es\\\/?p=24254#primaryimage\",\"url\":\"https:\\\/\\\/hojassueltas.es\\\/wp-content\\\/uploads\\\/2025\\\/10\\\/Del-TIEMPOY-y-del-rio_H.S.png\",\"contentUrl\":\"https:\\\/\\\/hojassueltas.es\\\/wp-content\\\/uploads\\\/2025\\\/10\\\/Del-TIEMPOY-y-del-rio_H.S.png\",\"width\":1920,\"height\":1280},{\"@type\":\"BreadcrumbList\",\"@id\":\"https:\\\/\\\/hojassueltas.es\\\/?p=24254#breadcrumb\",\"itemListElement\":[{\"@type\":\"ListItem\",\"position\":1,\"name\":\"Portada\",\"item\":\"https:\\\/\\\/hojassueltas.es\\\/\"},{\"@type\":\"ListItem\",\"position\":2,\"name\":\"Del tiempo y del r\u00edo, de Thomas Wolfe\"}]},{\"@type\":\"WebSite\",\"@id\":\"https:\\\/\\\/hojassueltas.es\\\/#website\",\"url\":\"https:\\\/\\\/hojassueltas.es\\\/\",\"name\":\"HojasSueltas.es\",\"description\":\"GRANADA - Peri\u00f3dico Cultural\",\"publisher\":{\"@id\":\"https:\\\/\\\/hojassueltas.es\\\/#organization\"},\"alternateName\":\"H.S. Periodico Cultural\",\"potentialAction\":[{\"@type\":\"SearchAction\",\"target\":{\"@type\":\"EntryPoint\",\"urlTemplate\":\"https:\\\/\\\/hojassueltas.es\\\/?s={search_term_string}\"},\"query-input\":{\"@type\":\"PropertyValueSpecification\",\"valueRequired\":true,\"valueName\":\"search_term_string\"}}],\"inLanguage\":\"es\"},{\"@type\":\"Organization\",\"@id\":\"https:\\\/\\\/hojassueltas.es\\\/#organization\",\"name\":\"HOJAS SUELTAS - Peri\u00f3dico Cultural\",\"alternateName\":\"HS - HOJAS SUELTAS Peri\u00f3dico Cultural\",\"url\":\"https:\\\/\\\/hojassueltas.es\\\/\",\"logo\":{\"@type\":\"ImageObject\",\"inLanguage\":\"es\",\"@id\":\"https:\\\/\\\/hojassueltas.es\\\/#\\\/schema\\\/logo\\\/image\\\/\",\"url\":\"https:\\\/\\\/hojassueltas.es\\\/wp-content\\\/uploads\\\/2025\\\/08\\\/Icono-HS_2.png\",\"contentUrl\":\"https:\\\/\\\/hojassueltas.es\\\/wp-content\\\/uploads\\\/2025\\\/08\\\/Icono-HS_2.png\",\"width\":500,\"height\":500,\"caption\":\"HOJAS SUELTAS - Peri\u00f3dico Cultural\"},\"image\":{\"@id\":\"https:\\\/\\\/hojassueltas.es\\\/#\\\/schema\\\/logo\\\/image\\\/\"},\"sameAs\":[\"https:\\\/\\\/x.com\\\/HOJASSUELTAS22\"]},{\"@type\":\"Person\",\"@id\":\"https:\\\/\\\/hojassueltas.es\\\/#\\\/schema\\\/person\\\/0fd366c26625fc84c65a74d3da2c6d17\",\"name\":\"Jos\u00e9 Luis Alvarado\",\"image\":{\"@type\":\"ImageObject\",\"inLanguage\":\"es\",\"@id\":\"https:\\\/\\\/hojassueltas.es\\\/wp-content\\\/uploads\\\/2023\\\/04\\\/jefe-96x96.png\",\"url\":\"https:\\\/\\\/hojassueltas.es\\\/wp-content\\\/uploads\\\/2023\\\/04\\\/jefe-96x96.png\",\"contentUrl\":\"https:\\\/\\\/hojassueltas.es\\\/wp-content\\\/uploads\\\/2023\\\/04\\\/jefe-96x96.png\",\"caption\":\"Jos\u00e9 Luis Alvarado\"},\"description\":\"Dijo el sabio griego que nada es comunicable por el arte de la escritura; tras apurar la copa de seca cicuta, su disc\u00edpulo dilecto lo traicion\u00f3 y acaso lo perfeccion\u00f3 transmitiendo por escrito sus ir\u00f3nicos conocimientos. Como antes hiciera Montaigne, pienso que la obra de un autor se prolonga y modifica cada vez que se escribe sobre ella. La memoria, que fue oral y minoritaria, ahora se multiplica con cada palabra que integra y justifica el continuo universo, tambi\u00e9n llamado la Red.\",\"url\":\"https:\\\/\\\/hojassueltas.es\\\/?author=38\"}]}<\/script>\n<!-- \/ Yoast SEO plugin. -->","yoast_head_json":{"title":"Del tiempo y del r\u00edo, de Thomas Wolfe | RESE\u00d1AS | HOJAS SUELTAS Peri\u00f3dico Cultural","description":"RESE\u00d1AS Una novela hermosa, muy hermosa: nos ense\u00f1a c\u00f3mo puede vivirse la vida con pasi\u00f3n, pero con una pasi\u00f3n interior, como si fuera un reto impuesto por la propia alma, que no descansa jam\u00e1s en su empe\u00f1o de alcanzar un lugar donde quedarse y reposar.","robots":{"index":"index","follow":"follow","max-snippet":"max-snippet:-1","max-image-preview":"max-image-preview:large","max-video-preview":"max-video-preview:-1"},"canonical":"https:\/\/hojassueltas.es\/?p=24254","og_locale":"es_ES","og_type":"article","og_title":"Del tiempo y del r\u00edo, de Thomas Wolfe | RESE\u00d1AS | HOJAS SUELTAS Peri\u00f3dico Cultural","og_description":"RESE\u00d1AS Una novela hermosa, muy hermosa: nos ense\u00f1a c\u00f3mo puede vivirse la vida con pasi\u00f3n, pero con una pasi\u00f3n interior, como si fuera un reto impuesto por la propia alma, que no descansa jam\u00e1s en su empe\u00f1o de alcanzar un lugar donde quedarse y reposar.","og_url":"https:\/\/hojassueltas.es\/?p=24254","og_site_name":"HOJAS SUELTAS Peri\u00f3dico Cultural","article_published_time":"2025-10-21T22:00:19+00:00","article_modified_time":"2025-10-22T06:27:24+00:00","og_image":[{"width":1920,"height":1280,"url":"https:\/\/hojassueltas.es\/wp-content\/uploads\/2025\/10\/Del-TIEMPOY-y-del-rio_H.S.png","type":"image\/png"}],"author":"Jos\u00e9 Luis Alvarado","twitter_card":"summary_large_image","twitter_creator":"@HOJASSUELTAS22","twitter_site":"@HOJASSUELTAS22","twitter_misc":{"Escrito por":"Jos\u00e9 Luis Alvarado","Tiempo de lectura":"5 minutos"},"schema":{"@context":"https:\/\/schema.org","@graph":[{"@type":["Article","BlogPosting"],"@id":"https:\/\/hojassueltas.es\/?p=24254#article","isPartOf":{"@id":"https:\/\/hojassueltas.es\/?p=24254"},"author":{"name":"Jos\u00e9 Luis Alvarado","@id":"https:\/\/hojassueltas.es\/#\/schema\/person\/0fd366c26625fc84c65a74d3da2c6d17"},"headline":"Del tiempo y del r\u00edo, de Thomas Wolfe","datePublished":"2025-10-21T22:00:19+00:00","dateModified":"2025-10-22T06:27:24+00:00","mainEntityOfPage":{"@id":"https:\/\/hojassueltas.es\/?p=24254"},"wordCount":996,"commentCount":0,"publisher":{"@id":"https:\/\/hojassueltas.es\/#organization"},"image":{"@id":"https:\/\/hojassueltas.es\/?p=24254#primaryimage"},"thumbnailUrl":"https:\/\/hojassueltas.es\/wp-content\/uploads\/2025\/10\/Del-TIEMPOY-y-del-rio_H.S.png","keywords":["Thomas Wolfe"],"articleSection":["RESE\u00d1AS"],"inLanguage":"es","potentialAction":[{"@type":"CommentAction","name":"Comment","target":["https:\/\/hojassueltas.es\/?p=24254#respond"]}]},{"@type":"WebPage","@id":"https:\/\/hojassueltas.es\/?p=24254","url":"https:\/\/hojassueltas.es\/?p=24254","name":"Del tiempo y del r\u00edo, de Thomas Wolfe | RESE\u00d1AS | HOJAS SUELTAS Peri\u00f3dico Cultural","isPartOf":{"@id":"https:\/\/hojassueltas.es\/#website"},"primaryImageOfPage":{"@id":"https:\/\/hojassueltas.es\/?p=24254#primaryimage"},"image":{"@id":"https:\/\/hojassueltas.es\/?p=24254#primaryimage"},"thumbnailUrl":"https:\/\/hojassueltas.es\/wp-content\/uploads\/2025\/10\/Del-TIEMPOY-y-del-rio_H.S.png","datePublished":"2025-10-21T22:00:19+00:00","dateModified":"2025-10-22T06:27:24+00:00","description":"RESE\u00d1AS Una novela hermosa, muy hermosa: nos ense\u00f1a c\u00f3mo puede vivirse la vida con pasi\u00f3n, pero con una pasi\u00f3n interior, como si fuera un reto impuesto por la propia alma, que no descansa jam\u00e1s en su empe\u00f1o de alcanzar un lugar donde quedarse y reposar.","breadcrumb":{"@id":"https:\/\/hojassueltas.es\/?p=24254#breadcrumb"},"inLanguage":"es","potentialAction":[{"@type":"ReadAction","target":["https:\/\/hojassueltas.es\/?p=24254"]}]},{"@type":"ImageObject","inLanguage":"es","@id":"https:\/\/hojassueltas.es\/?p=24254#primaryimage","url":"https:\/\/hojassueltas.es\/wp-content\/uploads\/2025\/10\/Del-TIEMPOY-y-del-rio_H.S.png","contentUrl":"https:\/\/hojassueltas.es\/wp-content\/uploads\/2025\/10\/Del-TIEMPOY-y-del-rio_H.S.png","width":1920,"height":1280},{"@type":"BreadcrumbList","@id":"https:\/\/hojassueltas.es\/?p=24254#breadcrumb","itemListElement":[{"@type":"ListItem","position":1,"name":"Portada","item":"https:\/\/hojassueltas.es\/"},{"@type":"ListItem","position":2,"name":"Del tiempo y del r\u00edo, de Thomas Wolfe"}]},{"@type":"WebSite","@id":"https:\/\/hojassueltas.es\/#website","url":"https:\/\/hojassueltas.es\/","name":"HojasSueltas.es","description":"GRANADA - Peri\u00f3dico Cultural","publisher":{"@id":"https:\/\/hojassueltas.es\/#organization"},"alternateName":"H.S. Periodico Cultural","potentialAction":[{"@type":"SearchAction","target":{"@type":"EntryPoint","urlTemplate":"https:\/\/hojassueltas.es\/?s={search_term_string}"},"query-input":{"@type":"PropertyValueSpecification","valueRequired":true,"valueName":"search_term_string"}}],"inLanguage":"es"},{"@type":"Organization","@id":"https:\/\/hojassueltas.es\/#organization","name":"HOJAS SUELTAS - Peri\u00f3dico Cultural","alternateName":"HS - HOJAS SUELTAS Peri\u00f3dico Cultural","url":"https:\/\/hojassueltas.es\/","logo":{"@type":"ImageObject","inLanguage":"es","@id":"https:\/\/hojassueltas.es\/#\/schema\/logo\/image\/","url":"https:\/\/hojassueltas.es\/wp-content\/uploads\/2025\/08\/Icono-HS_2.png","contentUrl":"https:\/\/hojassueltas.es\/wp-content\/uploads\/2025\/08\/Icono-HS_2.png","width":500,"height":500,"caption":"HOJAS SUELTAS - Peri\u00f3dico Cultural"},"image":{"@id":"https:\/\/hojassueltas.es\/#\/schema\/logo\/image\/"},"sameAs":["https:\/\/x.com\/HOJASSUELTAS22"]},{"@type":"Person","@id":"https:\/\/hojassueltas.es\/#\/schema\/person\/0fd366c26625fc84c65a74d3da2c6d17","name":"Jos\u00e9 Luis Alvarado","image":{"@type":"ImageObject","inLanguage":"es","@id":"https:\/\/hojassueltas.es\/wp-content\/uploads\/2023\/04\/jefe-96x96.png","url":"https:\/\/hojassueltas.es\/wp-content\/uploads\/2023\/04\/jefe-96x96.png","contentUrl":"https:\/\/hojassueltas.es\/wp-content\/uploads\/2023\/04\/jefe-96x96.png","caption":"Jos\u00e9 Luis Alvarado"},"description":"Dijo el sabio griego que nada es comunicable por el arte de la escritura; tras apurar la copa de seca cicuta, su disc\u00edpulo dilecto lo traicion\u00f3 y acaso lo perfeccion\u00f3 transmitiendo por escrito sus ir\u00f3nicos conocimientos. Como antes hiciera Montaigne, pienso que la obra de un autor se prolonga y modifica cada vez que se escribe sobre ella. La memoria, que fue oral y minoritaria, ahora se multiplica con cada palabra que integra y justifica el continuo universo, tambi\u00e9n llamado la Red.","url":"https:\/\/hojassueltas.es\/?author=38"}]}},"_links":{"self":[{"href":"https:\/\/hojassueltas.es\/index.php?rest_route=\/wp\/v2\/posts\/24254","targetHints":{"allow":["GET"]}}],"collection":[{"href":"https:\/\/hojassueltas.es\/index.php?rest_route=\/wp\/v2\/posts"}],"about":[{"href":"https:\/\/hojassueltas.es\/index.php?rest_route=\/wp\/v2\/types\/post"}],"author":[{"embeddable":true,"href":"https:\/\/hojassueltas.es\/index.php?rest_route=\/wp\/v2\/users\/38"}],"replies":[{"embeddable":true,"href":"https:\/\/hojassueltas.es\/index.php?rest_route=%2Fwp%2Fv2%2Fcomments&post=24254"}],"version-history":[{"count":1,"href":"https:\/\/hojassueltas.es\/index.php?rest_route=\/wp\/v2\/posts\/24254\/revisions"}],"predecessor-version":[{"id":24256,"href":"https:\/\/hojassueltas.es\/index.php?rest_route=\/wp\/v2\/posts\/24254\/revisions\/24256"}],"wp:featuredmedia":[{"embeddable":true,"href":"https:\/\/hojassueltas.es\/index.php?rest_route=\/wp\/v2\/media\/24257"}],"wp:attachment":[{"href":"https:\/\/hojassueltas.es\/index.php?rest_route=%2Fwp%2Fv2%2Fmedia&parent=24254"}],"wp:term":[{"taxonomy":"category","embeddable":true,"href":"https:\/\/hojassueltas.es\/index.php?rest_route=%2Fwp%2Fv2%2Fcategories&post=24254"},{"taxonomy":"post_tag","embeddable":true,"href":"https:\/\/hojassueltas.es\/index.php?rest_route=%2Fwp%2Fv2%2Ftags&post=24254"}],"curies":[{"name":"wp","href":"https:\/\/api.w.org\/{rel}","templated":true}]}}