{"id":2422,"date":"2023-03-11T00:00:26","date_gmt":"2023-03-10T23:00:26","guid":{"rendered":"https:\/\/hojassueltas.aldoediciones.es\/?p=2422"},"modified":"2025-10-18T11:13:47","modified_gmt":"2025-10-18T09:13:47","slug":"etica-y-estetica-del-noir","status":"publish","type":"post","link":"https:\/\/hojassueltas.es\/?p=2422","title":{"rendered":"\u00c9tica y Est\u00e9tica del Noir"},"content":{"rendered":"<p style=\"text-align: justify;\">\u00c9tica y est\u00e9tica del noir\u2019, el trabajo m\u00e1s reciente del periodista y escritor\u00a0<strong>Jes\u00fas Lens y de Clara Pe\u00f1alver<\/strong>, ambos granadinos, ya se puede disfrutar en CaixaForum+, la nueva plataforma gratuita de la Fundaci\u00f3n \u201cla Caixa\u201d. Se trata de un innovador an\u00e1lisis del g\u00e9nero negro realizado en formato de p\u00f3dcast y dividido en doce entregas que combinan realidad y ficci\u00f3n y que ha sido producido \u00edntegramente en Granada.<\/p>\n<p style=\"text-align: justify;\">A partir de ah\u00ed, doce intensas entregas en las que el an\u00e1lisis serio y riguroso de diferentes aspectos del g\u00e9nero negro se dan la mano con una historia de ficci\u00f3n expresamente creada para el p\u00f3dcast y que incluye m\u00fasica original compuesta por Federico Moreno Iglesias.<\/p>\n<p style=\"text-align: justify;\">Todo comienza cuando la crimin\u00f3loga Julia Espinosa, interpretada por Encarni Torres, y el periodista de investigaci\u00f3n Alejandro Uribe (Jos\u00e9 Antonio Meca) est\u00e1n a punto de arrancar una nueva temporada de su programa de radio, titulado precisamente\u00a0\u2018\u00c9tica y est\u00e9tica del noir\u2019. Antes de comenzar la grabaci\u00f3n del primer episodio, los presentadores se ponen al d\u00eda y Julia le comenta a Alejandro que al ir hacia el estudio ha tenido una sensaci\u00f3n extra\u00f1a: cree que alguien la ha estado siguiendo.<\/p>\n<p style=\"text-align: justify;\">A partir de ah\u00ed, doce intensas entregas en las que el an\u00e1lisis serio y riguroso de diferentes aspectos del g\u00e9nero negro se dan la mano con una historia de ficci\u00f3n expresamente creada para el p\u00f3dcast y que incluye m\u00fasica original compuesta por Federico Moreno Iglesias.<\/p>\n<p style=\"text-align: justify;\">De esta manera, los arquetipos del g\u00e9nero negro son objeto de un an\u00e1lisis multidisciplinar \u2014literatura, cine, m\u00fasica, c\u00f3mic, arte, fotograf\u00eda, periodismo, gastronom\u00eda, etc.\u2014 en este documental sonoro parcialmente dramatizado, que cuenta tambi\u00e9n con entrevistas a especialistas en los distintos campos.<\/p>\n<p style=\"text-align: justify;\">Para Jes\u00fas Lens, guionista de esta producci\u00f3n sonora, y Clara Pe\u00f1alver, que hace la labor de direcci\u00f3n, \u201c<em>el noir es un g\u00e9nero transversal por antonomasia en el que \u00e9tica y est\u00e9tica van indisolublemente unidas. En \u00e9l, tan importantes son las tramas y los personajes como la atm\u00f3sfera y la ambientaci\u00f3n. Se trata de un g\u00e9nero que se construy\u00f3 casi en paralelo desde la literatura y el cine, ambas disciplinas retroaliment\u00e1ndose mutuamente. Ese es el esp\u00edritu con el que hemos afrontado los guiones, a\u00f1adi\u00e9ndoles un plus de ficci\u00f3n para hacerlos m\u00e1s intrigantes a\u00fan, si cabe<\/em>\u201d.<\/p>\n<p style=\"text-align: justify;\">Efectivamente, en \u2018\u00c9tica y est\u00e9tica del noir\u2019, Jes\u00fas Lens, periodista especializado en el g\u00e9nero negro, desdobla su personalidad para analizar los t\u00f3picos y clich\u00e9s del mismo, usando para ello un m\u00e9todo muy poco convencional: un formato a caballo entre la ficci\u00f3n y el debate radiof\u00f3nico, protagonizado por dos personajes ficticios capaces de romper con las reglas del g\u00e9nero.<\/p>\n<p style=\"text-align: justify;\">\u00a0El programa se inaugura con un episodio dedicado al icono de la &#8216;mujer fatal&#8217; y a su tratamiento en el cine, la novela y el periodismo a partir de un cl\u00e1sico incontestable, la pel\u00edcula\u00a0\u2018Perdici\u00f3n\u2019. La escritora Berna Gonz\u00e1lez Harbour (\u2018El Pozo\u2019) ser\u00e1 la primera invitada del p\u00f3dcast. Le seguir\u00e1n nombres como los de Laura Lippman, Carlos Zan\u00f3n, Mabel Lozano, Juanjo Guarnido, Marta Robles, Eric Jim\u00e9nez, Benjam\u00edn Lana, Nieves Abarca, Carlos Bassas del Rey, Paz Velasco y Carlos Salem; que hablar\u00e1n sobre distintos aspectos relacionados con el g\u00e9nero negro.<\/p>\n<p style=\"text-align: justify;\">Pe\u00f1alver y Lens se muestran orgullosos por la confianza depositada por CaixaForum+ en este proyecto. \u201cFormar parte de un proyecto tan ambicioso es una gozada y, sobre todo, nos ha permitido trabajar juntos por primera vez. Ha sido a la vez exigente y muy divertido. Y un lujo contar con la colaboraci\u00f3n de Jos\u00e9 Antonio Meca y Encarni Torres en las voces y de Federico Moreno Iglesias en la m\u00fasica. Un trabajo de equipo 100% hecho en Granada\u201d, se\u00f1alan.<\/p>\n<p><strong>Remitido<\/strong><\/p>\n<p><a href=\"https:\/\/caixaforumplus.org\/c\/etica-y-estetica-del-noir\" target=\"_blank\" rel=\"noopener\"><img loading=\"lazy\" decoding=\"async\" class=\"size-full wp-image-1323 alignleft\" src=\"https:\/\/hojassueltas.es\/wp-content\/uploads\/2023\/02\/Mas-informacion_2_web_275.png\" alt=\"\" width=\"275\" height=\"80\" \/><\/a><\/p>\n","protected":false},"excerpt":{"rendered":"<p>\u00c9tica y est\u00e9tica del noir\u2019, el trabajo m\u00e1s reciente del periodista y escritor\u00a0Jes\u00fas Lens y de Clara Pe\u00f1alver, ambos granadinos, ya se puede disfrutar en CaixaForum+, la nueva plataforma gratuita de la Fundaci\u00f3n \u201cla Caixa\u201d. Se trata de un innovador an\u00e1lisis del g\u00e9nero negro realizado en formato de p\u00f3dcast y dividido en doce entregas que [&hellip;]<\/p>\n","protected":false},"author":1,"featured_media":2423,"comment_status":"open","ping_status":"closed","sticky":false,"template":"","format":"standard","meta":{"footnotes":""},"categories":[1124],"tags":[326,325],"class_list":{"0":"post-2422","1":"post","2":"type-post","3":"status-publish","4":"format-standard","5":"has-post-thumbnail","7":"category-por-que-leer","8":"tag-clara-penalver","9":"tag-jesus-lens"},"yoast_head":"<!-- This site is optimized with the Yoast SEO plugin v27.5 - https:\/\/yoast.com\/product\/yoast-seo-wordpress\/ -->\n<title>\u00c9tica y Est\u00e9tica del Noir | HOJAS SUELTAS Peri\u00f3dico Cultural<\/title>\n<meta name=\"robots\" content=\"index, follow, max-snippet:-1, max-image-preview:large, max-video-preview:-1\" \/>\n<link rel=\"canonical\" href=\"https:\/\/hojassueltas.es\/?p=2422\" \/>\n<meta property=\"og:locale\" content=\"es_ES\" \/>\n<meta property=\"og:type\" content=\"article\" \/>\n<meta property=\"og:title\" content=\"\u00c9tica y Est\u00e9tica del Noir | HOJAS SUELTAS Peri\u00f3dico Cultural\" \/>\n<meta property=\"og:description\" content=\"\u00c9tica y est\u00e9tica del noir\u2019, el trabajo m\u00e1s reciente del periodista y escritor\u00a0Jes\u00fas Lens y de Clara Pe\u00f1alver, ambos granadinos, ya se puede disfrutar en CaixaForum+, la nueva plataforma gratuita de la Fundaci\u00f3n \u201cla Caixa\u201d. Se trata de un innovador an\u00e1lisis del g\u00e9nero negro realizado en formato de p\u00f3dcast y dividido en doce entregas que [&hellip;]\" \/>\n<meta property=\"og:url\" content=\"https:\/\/hojassueltas.es\/?p=2422\" \/>\n<meta property=\"og:site_name\" content=\"HOJAS SUELTAS Peri\u00f3dico Cultural\" \/>\n<meta property=\"article:published_time\" content=\"2023-03-10T23:00:26+00:00\" \/>\n<meta property=\"article:modified_time\" content=\"2025-10-18T09:13:47+00:00\" \/>\n<meta property=\"og:image\" content=\"https:\/\/hojassueltas.es\/wp-content\/uploads\/2023\/03\/Etica-y-Estetica-del-noir_web.png\" \/>\n\t<meta property=\"og:image:width\" content=\"1050\" \/>\n\t<meta property=\"og:image:height\" content=\"610\" \/>\n\t<meta property=\"og:image:type\" content=\"image\/png\" \/>\n<meta name=\"author\" content=\"Redacci\u00f3n\" \/>\n<meta name=\"twitter:card\" content=\"summary_large_image\" \/>\n<meta name=\"twitter:creator\" content=\"@HOJASSUELTAS22\" \/>\n<meta name=\"twitter:site\" content=\"@HOJASSUELTAS22\" \/>\n<meta name=\"twitter:label1\" content=\"Escrito por\" \/>\n\t<meta name=\"twitter:data1\" content=\"Redacci\u00f3n\" \/>\n\t<meta name=\"twitter:label2\" content=\"Tiempo de lectura\" \/>\n\t<meta name=\"twitter:data2\" content=\"3 minutos\" \/>\n<script type=\"application\/ld+json\" class=\"yoast-schema-graph\">{\"@context\":\"https:\\\/\\\/schema.org\",\"@graph\":[{\"@type\":[\"Article\",\"BlogPosting\"],\"@id\":\"https:\\\/\\\/hojassueltas.es\\\/?p=2422#article\",\"isPartOf\":{\"@id\":\"https:\\\/\\\/hojassueltas.es\\\/?p=2422\"},\"author\":{\"name\":\"Redacci\u00f3n\",\"@id\":\"https:\\\/\\\/hojassueltas.es\\\/#\\\/schema\\\/person\\\/f232bbdb834c61c90aff2245daa401c0\"},\"headline\":\"\u00c9tica y Est\u00e9tica del Noir\",\"datePublished\":\"2023-03-10T23:00:26+00:00\",\"dateModified\":\"2025-10-18T09:13:47+00:00\",\"mainEntityOfPage\":{\"@id\":\"https:\\\/\\\/hojassueltas.es\\\/?p=2422\"},\"wordCount\":677,\"commentCount\":0,\"publisher\":{\"@id\":\"https:\\\/\\\/hojassueltas.es\\\/#organization\"},\"image\":{\"@id\":\"https:\\\/\\\/hojassueltas.es\\\/?p=2422#primaryimage\"},\"thumbnailUrl\":\"https:\\\/\\\/hojassueltas.es\\\/wp-content\\\/uploads\\\/2023\\\/03\\\/Etica-y-Estetica-del-noir_web.png\",\"keywords\":[\"Clara Pe\u00f1alver\",\"Jes\u00fas Lens\"],\"articleSection\":[\"POR QU\u00c9 LEER...\"],\"inLanguage\":\"es\",\"potentialAction\":[{\"@type\":\"CommentAction\",\"name\":\"Comment\",\"target\":[\"https:\\\/\\\/hojassueltas.es\\\/?p=2422#respond\"]}]},{\"@type\":\"WebPage\",\"@id\":\"https:\\\/\\\/hojassueltas.es\\\/?p=2422\",\"url\":\"https:\\\/\\\/hojassueltas.es\\\/?p=2422\",\"name\":\"\u00c9tica y Est\u00e9tica del Noir | HOJAS SUELTAS Peri\u00f3dico Cultural\",\"isPartOf\":{\"@id\":\"https:\\\/\\\/hojassueltas.es\\\/#website\"},\"primaryImageOfPage\":{\"@id\":\"https:\\\/\\\/hojassueltas.es\\\/?p=2422#primaryimage\"},\"image\":{\"@id\":\"https:\\\/\\\/hojassueltas.es\\\/?p=2422#primaryimage\"},\"thumbnailUrl\":\"https:\\\/\\\/hojassueltas.es\\\/wp-content\\\/uploads\\\/2023\\\/03\\\/Etica-y-Estetica-del-noir_web.png\",\"datePublished\":\"2023-03-10T23:00:26+00:00\",\"dateModified\":\"2025-10-18T09:13:47+00:00\",\"breadcrumb\":{\"@id\":\"https:\\\/\\\/hojassueltas.es\\\/?p=2422#breadcrumb\"},\"inLanguage\":\"es\",\"potentialAction\":[{\"@type\":\"ReadAction\",\"target\":[\"https:\\\/\\\/hojassueltas.es\\\/?p=2422\"]}]},{\"@type\":\"ImageObject\",\"inLanguage\":\"es\",\"@id\":\"https:\\\/\\\/hojassueltas.es\\\/?p=2422#primaryimage\",\"url\":\"https:\\\/\\\/hojassueltas.es\\\/wp-content\\\/uploads\\\/2023\\\/03\\\/Etica-y-Estetica-del-noir_web.png\",\"contentUrl\":\"https:\\\/\\\/hojassueltas.es\\\/wp-content\\\/uploads\\\/2023\\\/03\\\/Etica-y-Estetica-del-noir_web.png\",\"width\":1050,\"height\":610},{\"@type\":\"BreadcrumbList\",\"@id\":\"https:\\\/\\\/hojassueltas.es\\\/?p=2422#breadcrumb\",\"itemListElement\":[{\"@type\":\"ListItem\",\"position\":1,\"name\":\"Portada\",\"item\":\"https:\\\/\\\/hojassueltas.es\\\/\"},{\"@type\":\"ListItem\",\"position\":2,\"name\":\"\u00c9tica y Est\u00e9tica del Noir\"}]},{\"@type\":\"WebSite\",\"@id\":\"https:\\\/\\\/hojassueltas.es\\\/#website\",\"url\":\"https:\\\/\\\/hojassueltas.es\\\/\",\"name\":\"HojasSueltas.es\",\"description\":\"GRANADA - Peri\u00f3dico Cultural\",\"publisher\":{\"@id\":\"https:\\\/\\\/hojassueltas.es\\\/#organization\"},\"alternateName\":\"H.S. Periodico Cultural\",\"potentialAction\":[{\"@type\":\"SearchAction\",\"target\":{\"@type\":\"EntryPoint\",\"urlTemplate\":\"https:\\\/\\\/hojassueltas.es\\\/?s={search_term_string}\"},\"query-input\":{\"@type\":\"PropertyValueSpecification\",\"valueRequired\":true,\"valueName\":\"search_term_string\"}}],\"inLanguage\":\"es\"},{\"@type\":\"Organization\",\"@id\":\"https:\\\/\\\/hojassueltas.es\\\/#organization\",\"name\":\"HOJAS SUELTAS - Peri\u00f3dico Cultural\",\"alternateName\":\"HS - HOJAS SUELTAS Peri\u00f3dico Cultural\",\"url\":\"https:\\\/\\\/hojassueltas.es\\\/\",\"logo\":{\"@type\":\"ImageObject\",\"inLanguage\":\"es\",\"@id\":\"https:\\\/\\\/hojassueltas.es\\\/#\\\/schema\\\/logo\\\/image\\\/\",\"url\":\"https:\\\/\\\/hojassueltas.es\\\/wp-content\\\/uploads\\\/2025\\\/08\\\/Icono-HS_2.png\",\"contentUrl\":\"https:\\\/\\\/hojassueltas.es\\\/wp-content\\\/uploads\\\/2025\\\/08\\\/Icono-HS_2.png\",\"width\":500,\"height\":500,\"caption\":\"HOJAS SUELTAS - Peri\u00f3dico Cultural\"},\"image\":{\"@id\":\"https:\\\/\\\/hojassueltas.es\\\/#\\\/schema\\\/logo\\\/image\\\/\"},\"sameAs\":[\"https:\\\/\\\/x.com\\\/HOJASSUELTAS22\"]},{\"@type\":\"Person\",\"@id\":\"https:\\\/\\\/hojassueltas.es\\\/#\\\/schema\\\/person\\\/f232bbdb834c61c90aff2245daa401c0\",\"name\":\"Redacci\u00f3n\",\"image\":{\"@type\":\"ImageObject\",\"inLanguage\":\"es\",\"@id\":\"https:\\\/\\\/hojassueltas.es\\\/wp-content\\\/uploads\\\/2026\\\/02\\\/Redaccion-2-96x96.png\",\"url\":\"https:\\\/\\\/hojassueltas.es\\\/wp-content\\\/uploads\\\/2026\\\/02\\\/Redaccion-2-96x96.png\",\"contentUrl\":\"https:\\\/\\\/hojassueltas.es\\\/wp-content\\\/uploads\\\/2026\\\/02\\\/Redaccion-2-96x96.png\",\"caption\":\"Redacci\u00f3n\"},\"description\":\"Redacci\u00f3n de HOJAS SUELTAS\",\"url\":\"https:\\\/\\\/hojassueltas.es\\\/?author=1\"}]}<\/script>\n<!-- \/ Yoast SEO plugin. -->","yoast_head_json":{"title":"\u00c9tica y Est\u00e9tica del Noir | HOJAS SUELTAS Peri\u00f3dico Cultural","robots":{"index":"index","follow":"follow","max-snippet":"max-snippet:-1","max-image-preview":"max-image-preview:large","max-video-preview":"max-video-preview:-1"},"canonical":"https:\/\/hojassueltas.es\/?p=2422","og_locale":"es_ES","og_type":"article","og_title":"\u00c9tica y Est\u00e9tica del Noir | HOJAS SUELTAS Peri\u00f3dico Cultural","og_description":"\u00c9tica y est\u00e9tica del noir\u2019, el trabajo m\u00e1s reciente del periodista y escritor\u00a0Jes\u00fas Lens y de Clara Pe\u00f1alver, ambos granadinos, ya se puede disfrutar en CaixaForum+, la nueva plataforma gratuita de la Fundaci\u00f3n \u201cla Caixa\u201d. Se trata de un innovador an\u00e1lisis del g\u00e9nero negro realizado en formato de p\u00f3dcast y dividido en doce entregas que [&hellip;]","og_url":"https:\/\/hojassueltas.es\/?p=2422","og_site_name":"HOJAS SUELTAS Peri\u00f3dico Cultural","article_published_time":"2023-03-10T23:00:26+00:00","article_modified_time":"2025-10-18T09:13:47+00:00","og_image":[{"width":1050,"height":610,"url":"https:\/\/hojassueltas.es\/wp-content\/uploads\/2023\/03\/Etica-y-Estetica-del-noir_web.png","type":"image\/png"}],"author":"Redacci\u00f3n","twitter_card":"summary_large_image","twitter_creator":"@HOJASSUELTAS22","twitter_site":"@HOJASSUELTAS22","twitter_misc":{"Escrito por":"Redacci\u00f3n","Tiempo de lectura":"3 minutos"},"schema":{"@context":"https:\/\/schema.org","@graph":[{"@type":["Article","BlogPosting"],"@id":"https:\/\/hojassueltas.es\/?p=2422#article","isPartOf":{"@id":"https:\/\/hojassueltas.es\/?p=2422"},"author":{"name":"Redacci\u00f3n","@id":"https:\/\/hojassueltas.es\/#\/schema\/person\/f232bbdb834c61c90aff2245daa401c0"},"headline":"\u00c9tica y Est\u00e9tica del Noir","datePublished":"2023-03-10T23:00:26+00:00","dateModified":"2025-10-18T09:13:47+00:00","mainEntityOfPage":{"@id":"https:\/\/hojassueltas.es\/?p=2422"},"wordCount":677,"commentCount":0,"publisher":{"@id":"https:\/\/hojassueltas.es\/#organization"},"image":{"@id":"https:\/\/hojassueltas.es\/?p=2422#primaryimage"},"thumbnailUrl":"https:\/\/hojassueltas.es\/wp-content\/uploads\/2023\/03\/Etica-y-Estetica-del-noir_web.png","keywords":["Clara Pe\u00f1alver","Jes\u00fas Lens"],"articleSection":["POR QU\u00c9 LEER..."],"inLanguage":"es","potentialAction":[{"@type":"CommentAction","name":"Comment","target":["https:\/\/hojassueltas.es\/?p=2422#respond"]}]},{"@type":"WebPage","@id":"https:\/\/hojassueltas.es\/?p=2422","url":"https:\/\/hojassueltas.es\/?p=2422","name":"\u00c9tica y Est\u00e9tica del Noir | HOJAS SUELTAS Peri\u00f3dico Cultural","isPartOf":{"@id":"https:\/\/hojassueltas.es\/#website"},"primaryImageOfPage":{"@id":"https:\/\/hojassueltas.es\/?p=2422#primaryimage"},"image":{"@id":"https:\/\/hojassueltas.es\/?p=2422#primaryimage"},"thumbnailUrl":"https:\/\/hojassueltas.es\/wp-content\/uploads\/2023\/03\/Etica-y-Estetica-del-noir_web.png","datePublished":"2023-03-10T23:00:26+00:00","dateModified":"2025-10-18T09:13:47+00:00","breadcrumb":{"@id":"https:\/\/hojassueltas.es\/?p=2422#breadcrumb"},"inLanguage":"es","potentialAction":[{"@type":"ReadAction","target":["https:\/\/hojassueltas.es\/?p=2422"]}]},{"@type":"ImageObject","inLanguage":"es","@id":"https:\/\/hojassueltas.es\/?p=2422#primaryimage","url":"https:\/\/hojassueltas.es\/wp-content\/uploads\/2023\/03\/Etica-y-Estetica-del-noir_web.png","contentUrl":"https:\/\/hojassueltas.es\/wp-content\/uploads\/2023\/03\/Etica-y-Estetica-del-noir_web.png","width":1050,"height":610},{"@type":"BreadcrumbList","@id":"https:\/\/hojassueltas.es\/?p=2422#breadcrumb","itemListElement":[{"@type":"ListItem","position":1,"name":"Portada","item":"https:\/\/hojassueltas.es\/"},{"@type":"ListItem","position":2,"name":"\u00c9tica y Est\u00e9tica del Noir"}]},{"@type":"WebSite","@id":"https:\/\/hojassueltas.es\/#website","url":"https:\/\/hojassueltas.es\/","name":"HojasSueltas.es","description":"GRANADA - Peri\u00f3dico Cultural","publisher":{"@id":"https:\/\/hojassueltas.es\/#organization"},"alternateName":"H.S. Periodico Cultural","potentialAction":[{"@type":"SearchAction","target":{"@type":"EntryPoint","urlTemplate":"https:\/\/hojassueltas.es\/?s={search_term_string}"},"query-input":{"@type":"PropertyValueSpecification","valueRequired":true,"valueName":"search_term_string"}}],"inLanguage":"es"},{"@type":"Organization","@id":"https:\/\/hojassueltas.es\/#organization","name":"HOJAS SUELTAS - Peri\u00f3dico Cultural","alternateName":"HS - HOJAS SUELTAS Peri\u00f3dico Cultural","url":"https:\/\/hojassueltas.es\/","logo":{"@type":"ImageObject","inLanguage":"es","@id":"https:\/\/hojassueltas.es\/#\/schema\/logo\/image\/","url":"https:\/\/hojassueltas.es\/wp-content\/uploads\/2025\/08\/Icono-HS_2.png","contentUrl":"https:\/\/hojassueltas.es\/wp-content\/uploads\/2025\/08\/Icono-HS_2.png","width":500,"height":500,"caption":"HOJAS SUELTAS - Peri\u00f3dico Cultural"},"image":{"@id":"https:\/\/hojassueltas.es\/#\/schema\/logo\/image\/"},"sameAs":["https:\/\/x.com\/HOJASSUELTAS22"]},{"@type":"Person","@id":"https:\/\/hojassueltas.es\/#\/schema\/person\/f232bbdb834c61c90aff2245daa401c0","name":"Redacci\u00f3n","image":{"@type":"ImageObject","inLanguage":"es","@id":"https:\/\/hojassueltas.es\/wp-content\/uploads\/2026\/02\/Redaccion-2-96x96.png","url":"https:\/\/hojassueltas.es\/wp-content\/uploads\/2026\/02\/Redaccion-2-96x96.png","contentUrl":"https:\/\/hojassueltas.es\/wp-content\/uploads\/2026\/02\/Redaccion-2-96x96.png","caption":"Redacci\u00f3n"},"description":"Redacci\u00f3n de HOJAS SUELTAS","url":"https:\/\/hojassueltas.es\/?author=1"}]}},"_links":{"self":[{"href":"https:\/\/hojassueltas.es\/index.php?rest_route=\/wp\/v2\/posts\/2422","targetHints":{"allow":["GET"]}}],"collection":[{"href":"https:\/\/hojassueltas.es\/index.php?rest_route=\/wp\/v2\/posts"}],"about":[{"href":"https:\/\/hojassueltas.es\/index.php?rest_route=\/wp\/v2\/types\/post"}],"author":[{"embeddable":true,"href":"https:\/\/hojassueltas.es\/index.php?rest_route=\/wp\/v2\/users\/1"}],"replies":[{"embeddable":true,"href":"https:\/\/hojassueltas.es\/index.php?rest_route=%2Fwp%2Fv2%2Fcomments&post=2422"}],"version-history":[{"count":2,"href":"https:\/\/hojassueltas.es\/index.php?rest_route=\/wp\/v2\/posts\/2422\/revisions"}],"predecessor-version":[{"id":2425,"href":"https:\/\/hojassueltas.es\/index.php?rest_route=\/wp\/v2\/posts\/2422\/revisions\/2425"}],"wp:featuredmedia":[{"embeddable":true,"href":"https:\/\/hojassueltas.es\/index.php?rest_route=\/wp\/v2\/media\/2423"}],"wp:attachment":[{"href":"https:\/\/hojassueltas.es\/index.php?rest_route=%2Fwp%2Fv2%2Fmedia&parent=2422"}],"wp:term":[{"taxonomy":"category","embeddable":true,"href":"https:\/\/hojassueltas.es\/index.php?rest_route=%2Fwp%2Fv2%2Fcategories&post=2422"},{"taxonomy":"post_tag","embeddable":true,"href":"https:\/\/hojassueltas.es\/index.php?rest_route=%2Fwp%2Fv2%2Ftags&post=2422"}],"curies":[{"name":"wp","href":"https:\/\/api.w.org\/{rel}","templated":true}]}}