{"id":23916,"date":"2025-10-13T00:00:08","date_gmt":"2025-10-12T22:00:08","guid":{"rendered":"https:\/\/hojassueltas.es\/?p=23916"},"modified":"2025-10-14T08:28:01","modified_gmt":"2025-10-14T06:28:01","slug":"los-presentes-del-pasado-paco-cerda-y-el-poder-reparador-de-la-narrativa","status":"publish","type":"post","link":"https:\/\/hojassueltas.es\/?p=23916","title":{"rendered":"Los presentes del pasado: Paco Cerd\u00e0 y el poder reparador de la narrativa"},"content":{"rendered":"<p style=\"text-align: justify;\"><em>Por Valent\u00edn Castro<\/em><\/p>\n<p style=\"text-align: justify;\">En una \u00e9poca en la que la frontera entre periodismo y literatura se difumina con naturalidad, el valenciano Paco Cerd\u00e0 ha logrado afianzar una voz propia que conmueve, cuestiona y reconstruye el relato de la memoria colectiva desde los m\u00e1rgenes. La concesi\u00f3n del <strong>Premio Nacional de Narrativa 2025<\/strong> a su obra <em>Presentes<\/em> (Alfaguara, 2024) no solo certifica la excelencia literaria de su propuesta, sino que tambi\u00e9n consagra el papel de la <strong>no ficci\u00f3n literaria<\/strong> como una de las herramientas m\u00e1s poderosas de interpretaci\u00f3n del pasado.<\/p>\n<p style=\"text-align: justify;\"><img loading=\"lazy\" decoding=\"async\" class=\"size-medium wp-image-23921 alignleft\" src=\"https:\/\/hojassueltas.es\/wp-content\/uploads\/2025\/10\/presentes-194x300.png\" alt=\"\" width=\"194\" height=\"300\" srcset=\"https:\/\/hojassueltas.es\/wp-content\/uploads\/2025\/10\/presentes-194x300.png 194w, https:\/\/hojassueltas.es\/wp-content\/uploads\/2025\/10\/presentes-395x610.png 395w, https:\/\/hojassueltas.es\/wp-content\/uploads\/2025\/10\/presentes-768x1186.png 768w, https:\/\/hojassueltas.es\/wp-content\/uploads\/2025\/10\/presentes-995x1536.png 995w, https:\/\/hojassueltas.es\/wp-content\/uploads\/2025\/10\/presentes-150x232.png 150w, https:\/\/hojassueltas.es\/wp-content\/uploads\/2025\/10\/presentes-300x463.png 300w, https:\/\/hojassueltas.es\/wp-content\/uploads\/2025\/10\/presentes-696x1074.png 696w, https:\/\/hojassueltas.es\/wp-content\/uploads\/2025\/10\/presentes-1068x1649.png 1068w, https:\/\/hojassueltas.es\/wp-content\/uploads\/2025\/10\/presentes.png 1100w\" sizes=\"auto, (max-width: 194px) 100vw, 194px\" \/>El jurado del galard\u00f3n, otorgado por el Ministerio de Cultura y dotado con 30.000 euros, ha destacado \u201cla maestr\u00eda estil\u00edstica con la que el autor, con un lirismo tan natural como impactante, describe la construcci\u00f3n de un mito, a trav\u00e9s de la narraci\u00f3n del traslado de los restos de Jos\u00e9 Antonio Primo de Rivera desde Alicante hasta El Escorial\u201d. Un acontecimiento que la historia oficial encuadra dentro de las liturgias de la posguerra franquista y que Cerd\u00e0 reinterpreta desde un prisma m\u00e1s amplio, plural y profundamente humano.<\/p>\n<h3 style=\"text-align: justify;\">Una procesi\u00f3n grotesca y solemne<\/h3>\n<p style=\"text-align: justify;\">A finales de 1939, apenas culminada la Guerra Civil, el cuerpo embalsamado de <strong>Jos\u00e9 Antonio Primo de Rivera<\/strong>, fundador de Falange, fue trasladado a hombros desde el cementerio de Alicante hasta el Monasterio de El Escorial. Aquella procesi\u00f3n f\u00fanebre se convirti\u00f3 en una escenificaci\u00f3n pol\u00edtica de primer orden: un espect\u00e1culo coreografiado con est\u00e9tica de ritual medieval y esp\u00edritu totalitario. En <em>Presentes<\/em>, Cerd\u00e0 desmenuza este suceso no para alimentar la nostalgia o la polarizaci\u00f3n, sino para trazar un mapa emocional de los silencios que lo rodearon, de las voces que no pudieron alzarse durante aquella marcha f\u00fanebre convertida en s\u00edmbolo de la nueva Espa\u00f1a.<\/p>\n<p style=\"text-align: justify;\">\u201cEl material era incre\u00edble, yo no invent\u00e9 nada\u201d, ha declarado el autor en entrevistas recientes, recordando que el proyecto naci\u00f3 de forma fortuita, cuando el <strong>algoritmo de YouTube<\/strong> le mostr\u00f3 im\u00e1genes de aquel desfile f\u00fanebre mientras investigaba para otra de sus obras, <em>El pe\u00f3n<\/em>. Lo que comenz\u00f3 como una deriva digital, se convirti\u00f3 en el germen de una obra ambiciosa, inquietante y profundamente l\u00edrica.<\/p>\n<p style=\"text-align: justify;\">El libro contrapone dos planos: el fasto del traslado de Jos\u00e9 Antonio y la represi\u00f3n sistem\u00e1tica de los vencidos. As\u00ed, entre falangistas uniformados y salvas de honor, se cuelan los susurros de los que no fueron homenajeados: las viudas, los hu\u00e9rfanos, los cuerpos arrojados a cunetas, los nombres borrados de las l\u00e1pidas. La estructura coral de <em>Presentes<\/em>, subrayada por el jurado como uno de sus mayores logros, permite que esas peque\u00f1as voces \u2014an\u00f3nimas, rotas, ninguneadas\u2014 tengan, por fin, su espacio.<\/p>\n<h3 style=\"text-align: justify;\">Entre la verdad y la belleza<\/h3>\n<p style=\"text-align: justify;\">Cerd\u00e0 pertenece a una generaci\u00f3n de escritores que han asumido la no ficci\u00f3n como un g\u00e9nero capaz de contener lo literario sin renunciar a la verdad. En este sentido, <em>Presentes<\/em> se sit\u00faa en la estela de obras como <em>Soldados de Salamina<\/em> de Javier Cercas, pero con una sensibilidad a\u00fan m\u00e1s marcada hacia lo \u00edntimo, hacia lo no dicho. Como explic\u00f3 el autor durante la presentaci\u00f3n del libro en la librer\u00eda C\u00e1lamo de Zaragoza, el verdadero motor de la obra fue una b\u00fasqueda de <strong>reparaci\u00f3n simb\u00f3lica<\/strong>.<\/p>\n<p style=\"text-align: justify;\">Una an\u00e9cdota \u00edntima atraviesa el libro con fuerza discreta: el bisabuelo de Cerd\u00e0, Francisco Arroyo Rubio, electricista y concejal de Uni\u00f3n Republicana en Burjassot, fue fusilado en Paterna en 1943. Su nieto, el abuelo de Cerd\u00e0, hoy con 99 a\u00f1os, apenas ha querido hablar nunca de aquel episodio. El silencio familiar, como una losa heredada, se transforma en uno de los hilos m\u00e1s hondos de <em>Presentes<\/em>. No se trata de un ajuste de cuentas con la historia, sino de una invitaci\u00f3n a escuchar lo que ha sido silenciado durante d\u00e9cadas.<\/p>\n<p style=\"text-align: justify;\">\u201cSu mirada se dirige a los invisibles de la historia \u2013los que nunca tuvieron voz\u2013 y los convierte en protagonistas de una reflexi\u00f3n humana y profunda sobre el pasado\u201d, subraya el acta del jurado. Y es precisamente ah\u00ed donde <em>Presentes<\/em> adquiere su dimensi\u00f3n m\u00e1s literaria: en el modo en que Cerd\u00e0 ordena los hechos con una sensibilidad casi musical, con una prosa contenida que evita el \u00e9nfasis y apuesta por la elegancia del detalle m\u00ednimo.<\/p>\n<h3 style=\"text-align: justify;\">La literatura como acto c\u00edvico<\/h3>\n<p style=\"text-align: justify;\"><img loading=\"lazy\" decoding=\"async\" class=\"size-medium wp-image-23924 alignleft\" src=\"https:\/\/hojassueltas.es\/wp-content\/uploads\/2025\/10\/9788415862765-201x300.png\" alt=\"\" width=\"201\" height=\"300\" srcset=\"https:\/\/hojassueltas.es\/wp-content\/uploads\/2025\/10\/9788415862765-201x300.png 201w, https:\/\/hojassueltas.es\/wp-content\/uploads\/2025\/10\/9788415862765-150x223.png 150w, https:\/\/hojassueltas.es\/wp-content\/uploads\/2025\/10\/9788415862765.png 229w\" sizes=\"auto, (max-width: 201px) 100vw, 201px\" \/>Desde su primer libro, <em>Los \u00faltimos<\/em> (2017), una cartograf\u00eda de la Espa\u00f1a despoblada, hasta <em>14 de abril<\/em> (2022), donde reconstruy\u00f3 minuciosamente las vidas de quienes murieron aquel d\u00eda fundacional de la Segunda Rep\u00fablica, Cerd\u00e0 ha demostrado una coherencia est\u00e9tica y \u00e9tica que lo sit\u00faa como uno de los autores m\u00e1s s\u00f3lidos del panorama espa\u00f1ol contempor\u00e1neo. En <em>El pe\u00f3n<\/em> (2020), su obra m\u00e1s celebrada internacionalmente hasta ahora, supo narrar <img loading=\"lazy\" decoding=\"async\" class=\"size-medium wp-image-23925 alignright\" src=\"https:\/\/hojassueltas.es\/wp-content\/uploads\/2025\/10\/9788419089335-190x300.png\" alt=\"\" width=\"190\" height=\"300\" srcset=\"https:\/\/hojassueltas.es\/wp-content\/uploads\/2025\/10\/9788419089335-190x300.png 190w, https:\/\/hojassueltas.es\/wp-content\/uploads\/2025\/10\/9788419089335-150x236.png 150w, https:\/\/hojassueltas.es\/wp-content\/uploads\/2025\/10\/9788419089335.png 229w\" sizes=\"auto, (max-width: 190px) 100vw, 190px\" \/>una partida de ajedrez entre Arturito Pomar y Bobby Fischer como excusa para hablar de identidad, fracaso y olvido.<\/p>\n<p style=\"text-align: justify;\">En todos estos libros hay un denominador com\u00fan: <strong>el rescate del individuo an\u00f3nimo<\/strong>, de las biograf\u00edas relegadas a las notas al pie de p\u00e1gina. La literatura de Cerd\u00e0, como ha apuntado su editora Carme Riera, \u201cesconde un trabajo minucioso y un respeto absoluto por la verdad, el rigor y el detalle\u201d. Una narrativa que no pretende iluminar el pasado con luz nueva, sino permitir que hable por s\u00ed mismo.<\/p>\n<p style=\"text-align: justify;\"><img loading=\"lazy\" decoding=\"async\" class=\"size-medium wp-image-23923 alignleft\" src=\"https:\/\/hojassueltas.es\/wp-content\/uploads\/2025\/10\/9788417386504-212x300.png\" alt=\"\" width=\"212\" height=\"300\" srcset=\"https:\/\/hojassueltas.es\/wp-content\/uploads\/2025\/10\/9788417386504-212x300.png 212w, https:\/\/hojassueltas.es\/wp-content\/uploads\/2025\/10\/9788417386504-150x212.png 150w, https:\/\/hojassueltas.es\/wp-content\/uploads\/2025\/10\/9788417386504.png 229w\" sizes=\"auto, (max-width: 212px) 100vw, 212px\" \/>\u201cEn la escuela te robaban la memoria \/ hac\u00edan mentira del presente\u201d, escribi\u00f3 Raimon. Esos versos resuenan con fuerza en el proyecto de Cerd\u00e0, que reconoce en ellos una de sus br\u00fajulas personales. <em>Presentes<\/em> no pretende ofrecer una verdad definitiva, sino abrir espacios para que la memoria se exprese en su pluralidad, en su contradicci\u00f3n, en su belleza tr\u00e1gica.<\/p>\n<h3 style=\"text-align: justify;\">Un Premio a la realidad<\/h3>\n<p style=\"text-align: justify;\">El <strong>Premio Nacional de Narrativa<\/strong> llega en un momento de consolidaci\u00f3n para el autor. <em>Presentes<\/em> ha sido ya galardonado con el Premio Ojo Cr\u00edtico de Narrativa 2024 y se traducir\u00e1 pr\u00f3ximamente a seis lenguas, con ediciones previstas en Gallimard, Mondadori, Simon &amp; Schuster, entre otras, y distribuci\u00f3n en quince pa\u00edses. Su reconocimiento institucional no es solo un espaldarazo al libro, sino a toda una corriente literaria que entiende la escritura como un acto <strong>c\u00edvico y \u00e9tico<\/strong>.<\/p>\n<p style=\"text-align: justify;\">En declaraciones a <em>El Pa\u00eds<\/em>, Cerd\u00e0 restaba importancia a su propio protagonismo para destacar el papel de quienes pueblan las p\u00e1ginas de <em>Presentes<\/em>: \u201cEl Premio es para el coro de voces peque\u00f1as a las que el libro por fin da voz\u201d. Y es precisamente esa humildad, esa voluntad de poner el foco en los otros \u2014los olvidados, los ausentes, los despose\u00eddos\u2014 lo que convierte su trabajo en algo m\u00e1s que literatura.<\/p>\n<p style=\"text-align: justify;\">En una biblioteca de Zaragoza, un lector pregunta al bibliotecario si vale la pena leer <em>Presentes<\/em>. La respuesta es afirmativa y viene acompa\u00f1ada de otra historia: el abuelo del bibliotecario form\u00f3 parte de un pelot\u00f3n de fusilamiento en Paterna. Hasta el final de sus d\u00edas record\u00f3 el rostro de un joven al que tuvo que disparar. \u201c\u00a1Qu\u00e9 guapo era!\u201d, repet\u00eda. El lector no sabe si se trata del abuelo del autor, ni falta que hace. Lo esencial es que esa historia, que tambi\u00e9n fue silenciada, encuentra ahora un lugar para ser contada.<\/p>\n<h3 style=\"text-align: justify;\">El arte de mirar hacia atr\u00e1s sin rencor<\/h3>\n<p style=\"text-align: justify;\">En un pa\u00eds donde la memoria hist\u00f3rica sigue siendo un campo de disputa, Paco Cerd\u00e0 ha demostrado que se puede narrar el pasado con rigor, belleza y profundidad sin caer en la trinchera ideol\u00f3gica. <em>Presentes<\/em> no juzga ni pontifica: observa, escucha, recompone. Y al hacerlo, logra algo tan raro como valioso en estos tiempos: que la literatura se convierta en un espacio de encuentro.<\/p>\n<p style=\"text-align: justify;\">Al premiar <em>Presentes<\/em>, el jurado ha querido subrayar tambi\u00e9n la necesidad de mirar hacia nuestra historia reciente sin simplificaciones, sin heroicidades forzadas, sin discursos vac\u00edos. A trav\u00e9s de una estructura que entrelaza voces y tiempos, Paco Cerd\u00e0 nos recuerda que el pasado no est\u00e1 muerto, ni siquiera enterrado. Est\u00e1 presente en cada historia familiar, en cada silencio compartido, en cada nombre que a\u00fan no ha sido pronunciado.<\/p>\n<p style=\"text-align: justify;\">En tiempos de ruido y crispaci\u00f3n, <em>Presentes<\/em> es una obra que invita al recogimiento, al pensamiento pausado, al reencuentro con nuestra propia historia. Un libro necesario, valiente y conmovedor. Uno de esos raros casos en los que la literatura no solo narra, sino que <strong>cura<\/strong>.<\/p>\n<p><strong>\u00a9 Valent\u00edn Castro<\/strong><\/p>\n","protected":false},"excerpt":{"rendered":"<p>Por Valent\u00edn Castro En una \u00e9poca en la que la frontera entre periodismo y literatura se difumina con naturalidad, el valenciano Paco Cerd\u00e0 ha logrado afianzar una voz propia que conmueve, cuestiona y reconstruye el relato de la memoria colectiva desde los m\u00e1rgenes. La concesi\u00f3n del Premio Nacional de Narrativa 2025 a su obra Presentes [&hellip;]<\/p>\n","protected":false},"author":62,"featured_media":23918,"comment_status":"open","ping_status":"closed","sticky":false,"template":"","format":"standard","meta":{"footnotes":""},"categories":[2614],"tags":[18,2688],"class_list":{"0":"post-23916","1":"post","2":"type-post","3":"status-publish","4":"format-standard","5":"has-post-thumbnail","7":"category-literatura","8":"tag-alfaguara-editorial","9":"tag-paco-cerda"},"yoast_head":"<!-- This site is optimized with the Yoast SEO plugin v27.4 - https:\/\/yoast.com\/product\/yoast-seo-wordpress\/ -->\n<title>Los presentes del pasado: Paco Cerd\u00e0 y el poder reparador de la narrativa | Literatura | HOJAS SUELTAS Peri\u00f3dico Cultural<\/title>\n<meta name=\"description\" content=\"PANORAMA CULTURAL - Cr\u00f3nica de la reciente concesi\u00f3n del Premio Nacional de Narrativa 2025 a Paco Cerd\u00e0\" \/>\n<meta name=\"robots\" content=\"index, follow, max-snippet:-1, max-image-preview:large, max-video-preview:-1\" \/>\n<link rel=\"canonical\" href=\"https:\/\/hojassueltas.es\/?p=23916\" \/>\n<meta property=\"og:locale\" content=\"es_ES\" \/>\n<meta property=\"og:type\" content=\"article\" \/>\n<meta property=\"og:title\" content=\"Los presentes del pasado: Paco Cerd\u00e0 y el poder reparador de la narrativa | Literatura | HOJAS SUELTAS Peri\u00f3dico Cultural\" \/>\n<meta property=\"og:description\" content=\"PANORAMA CULTURAL - Cr\u00f3nica de la reciente concesi\u00f3n del Premio Nacional de Narrativa 2025 a Paco Cerd\u00e0\" \/>\n<meta property=\"og:url\" content=\"https:\/\/hojassueltas.es\/?p=23916\" \/>\n<meta property=\"og:site_name\" content=\"HOJAS SUELTAS Peri\u00f3dico Cultural\" \/>\n<meta property=\"article:published_time\" content=\"2025-10-12T22:00:08+00:00\" \/>\n<meta property=\"article:modified_time\" content=\"2025-10-14T06:28:01+00:00\" \/>\n<meta property=\"og:image\" content=\"https:\/\/hojassueltas.es\/wp-content\/uploads\/2025\/10\/Paco-cerda_H.S.png\" \/>\n\t<meta property=\"og:image:width\" content=\"500\" \/>\n\t<meta property=\"og:image:height\" content=\"500\" \/>\n\t<meta property=\"og:image:type\" content=\"image\/png\" \/>\n<meta name=\"author\" content=\"Valent\u00edn Castro\" \/>\n<meta name=\"twitter:card\" content=\"summary_large_image\" \/>\n<meta name=\"twitter:creator\" content=\"@HOJASSUELTAS22\" \/>\n<meta name=\"twitter:site\" content=\"@HOJASSUELTAS22\" \/>\n<meta name=\"twitter:label1\" content=\"Escrito por\" \/>\n\t<meta name=\"twitter:data1\" content=\"Valent\u00edn Castro\" \/>\n\t<meta name=\"twitter:label2\" content=\"Tiempo de lectura\" \/>\n\t<meta name=\"twitter:data2\" content=\"8 minutos\" \/>\n<script type=\"application\/ld+json\" class=\"yoast-schema-graph\">{\"@context\":\"https:\\\/\\\/schema.org\",\"@graph\":[{\"@type\":[\"Article\",\"BlogPosting\"],\"@id\":\"https:\\\/\\\/hojassueltas.es\\\/?p=23916#article\",\"isPartOf\":{\"@id\":\"https:\\\/\\\/hojassueltas.es\\\/?p=23916\"},\"author\":{\"name\":\"Valent\u00edn Castro\",\"@id\":\"https:\\\/\\\/hojassueltas.es\\\/#\\\/schema\\\/person\\\/69b100dc9b45a00e61d055b63d4278e9\"},\"headline\":\"Los presentes del pasado: Paco Cerd\u00e0 y el poder reparador de la narrativa\",\"datePublished\":\"2025-10-12T22:00:08+00:00\",\"dateModified\":\"2025-10-14T06:28:01+00:00\",\"mainEntityOfPage\":{\"@id\":\"https:\\\/\\\/hojassueltas.es\\\/?p=23916\"},\"wordCount\":1440,\"commentCount\":0,\"publisher\":{\"@id\":\"https:\\\/\\\/hojassueltas.es\\\/#organization\"},\"image\":{\"@id\":\"https:\\\/\\\/hojassueltas.es\\\/?p=23916#primaryimage\"},\"thumbnailUrl\":\"https:\\\/\\\/hojassueltas.es\\\/wp-content\\\/uploads\\\/2025\\\/10\\\/Paco-cerda_H.S.png\",\"keywords\":[\"Alfaguara Editorial\",\"Paco Cerd\u00e0\"],\"articleSection\":[\"Literatura\"],\"inLanguage\":\"es\",\"potentialAction\":[{\"@type\":\"CommentAction\",\"name\":\"Comment\",\"target\":[\"https:\\\/\\\/hojassueltas.es\\\/?p=23916#respond\"]}]},{\"@type\":\"WebPage\",\"@id\":\"https:\\\/\\\/hojassueltas.es\\\/?p=23916\",\"url\":\"https:\\\/\\\/hojassueltas.es\\\/?p=23916\",\"name\":\"Los presentes del pasado: Paco Cerd\u00e0 y el poder reparador de la narrativa | Literatura | HOJAS SUELTAS Peri\u00f3dico Cultural\",\"isPartOf\":{\"@id\":\"https:\\\/\\\/hojassueltas.es\\\/#website\"},\"primaryImageOfPage\":{\"@id\":\"https:\\\/\\\/hojassueltas.es\\\/?p=23916#primaryimage\"},\"image\":{\"@id\":\"https:\\\/\\\/hojassueltas.es\\\/?p=23916#primaryimage\"},\"thumbnailUrl\":\"https:\\\/\\\/hojassueltas.es\\\/wp-content\\\/uploads\\\/2025\\\/10\\\/Paco-cerda_H.S.png\",\"datePublished\":\"2025-10-12T22:00:08+00:00\",\"dateModified\":\"2025-10-14T06:28:01+00:00\",\"description\":\"PANORAMA CULTURAL - Cr\u00f3nica de la reciente concesi\u00f3n del Premio Nacional de Narrativa 2025 a Paco Cerd\u00e0\",\"breadcrumb\":{\"@id\":\"https:\\\/\\\/hojassueltas.es\\\/?p=23916#breadcrumb\"},\"inLanguage\":\"es\",\"potentialAction\":[{\"@type\":\"ReadAction\",\"target\":[\"https:\\\/\\\/hojassueltas.es\\\/?p=23916\"]}]},{\"@type\":\"ImageObject\",\"inLanguage\":\"es\",\"@id\":\"https:\\\/\\\/hojassueltas.es\\\/?p=23916#primaryimage\",\"url\":\"https:\\\/\\\/hojassueltas.es\\\/wp-content\\\/uploads\\\/2025\\\/10\\\/Paco-cerda_H.S.png\",\"contentUrl\":\"https:\\\/\\\/hojassueltas.es\\\/wp-content\\\/uploads\\\/2025\\\/10\\\/Paco-cerda_H.S.png\",\"width\":500,\"height\":500},{\"@type\":\"BreadcrumbList\",\"@id\":\"https:\\\/\\\/hojassueltas.es\\\/?p=23916#breadcrumb\",\"itemListElement\":[{\"@type\":\"ListItem\",\"position\":1,\"name\":\"Portada\",\"item\":\"https:\\\/\\\/hojassueltas.es\\\/\"},{\"@type\":\"ListItem\",\"position\":2,\"name\":\"Los presentes del pasado: Paco Cerd\u00e0 y el poder reparador de la narrativa\"}]},{\"@type\":\"WebSite\",\"@id\":\"https:\\\/\\\/hojassueltas.es\\\/#website\",\"url\":\"https:\\\/\\\/hojassueltas.es\\\/\",\"name\":\"HojasSueltas.es\",\"description\":\"GRANADA - Peri\u00f3dico Cultural\",\"publisher\":{\"@id\":\"https:\\\/\\\/hojassueltas.es\\\/#organization\"},\"alternateName\":\"H.S. Periodico Cultural\",\"potentialAction\":[{\"@type\":\"SearchAction\",\"target\":{\"@type\":\"EntryPoint\",\"urlTemplate\":\"https:\\\/\\\/hojassueltas.es\\\/?s={search_term_string}\"},\"query-input\":{\"@type\":\"PropertyValueSpecification\",\"valueRequired\":true,\"valueName\":\"search_term_string\"}}],\"inLanguage\":\"es\"},{\"@type\":\"Organization\",\"@id\":\"https:\\\/\\\/hojassueltas.es\\\/#organization\",\"name\":\"HOJAS SUELTAS - Peri\u00f3dico Cultural\",\"alternateName\":\"HS - HOJAS SUELTAS Peri\u00f3dico Cultural\",\"url\":\"https:\\\/\\\/hojassueltas.es\\\/\",\"logo\":{\"@type\":\"ImageObject\",\"inLanguage\":\"es\",\"@id\":\"https:\\\/\\\/hojassueltas.es\\\/#\\\/schema\\\/logo\\\/image\\\/\",\"url\":\"https:\\\/\\\/hojassueltas.es\\\/wp-content\\\/uploads\\\/2025\\\/08\\\/Icono-HS_2.png\",\"contentUrl\":\"https:\\\/\\\/hojassueltas.es\\\/wp-content\\\/uploads\\\/2025\\\/08\\\/Icono-HS_2.png\",\"width\":500,\"height\":500,\"caption\":\"HOJAS SUELTAS - Peri\u00f3dico Cultural\"},\"image\":{\"@id\":\"https:\\\/\\\/hojassueltas.es\\\/#\\\/schema\\\/logo\\\/image\\\/\"},\"sameAs\":[\"https:\\\/\\\/x.com\\\/HOJASSUELTAS22\"]},{\"@type\":\"Person\",\"@id\":\"https:\\\/\\\/hojassueltas.es\\\/#\\\/schema\\\/person\\\/69b100dc9b45a00e61d055b63d4278e9\",\"name\":\"Valent\u00edn Castro\",\"image\":{\"@type\":\"ImageObject\",\"inLanguage\":\"es\",\"@id\":\"https:\\\/\\\/hojassueltas.es\\\/wp-content\\\/uploads\\\/2025\\\/11\\\/Valentin-Castro-2025-96x96.png\",\"url\":\"https:\\\/\\\/hojassueltas.es\\\/wp-content\\\/uploads\\\/2025\\\/11\\\/Valentin-Castro-2025-96x96.png\",\"contentUrl\":\"https:\\\/\\\/hojassueltas.es\\\/wp-content\\\/uploads\\\/2025\\\/11\\\/Valentin-Castro-2025-96x96.png\",\"caption\":\"Valent\u00edn Castro\"},\"description\":\"Naci\u00f3 en una aldea de A Coru\u00f1a. Emigra con sus padres a M\u00e9jico. Licenciado en Comunicaci\u00f3n y Periodismo por la Universidad Nacional Aut\u00f3noma de M\u00e9xico. Licenciado en Geograf\u00eda e Historia por la Universidad Complutense de Madrid. Vive en Madrid, publica art\u00edculos y ensayos en diversos medios de comunicaci\u00f3n mejicanos y espa\u00f1oles bajo varios seud\u00f3nimos. Actualmente prepara una saga con personajes nacidos durante la ocupaci\u00f3n de M\u00e9xico por Hern\u00e1n Cort\u00e9s. Sus art\u00edculos y ensayos son efectistas, en ocasiones c\u00e1ustico, y muy cr\u00edtico. ES Redactor Jefe de Hojas Sueltas, dedicando su tiempo libre a escribir art\u00edculos con especial dedicaci\u00f3n a la literatura y la historia.\",\"url\":\"https:\\\/\\\/hojassueltas.es\\\/?author=62\"}]}<\/script>\n<!-- \/ Yoast SEO plugin. -->","yoast_head_json":{"title":"Los presentes del pasado: Paco Cerd\u00e0 y el poder reparador de la narrativa | Literatura | HOJAS SUELTAS Peri\u00f3dico Cultural","description":"PANORAMA CULTURAL - Cr\u00f3nica de la reciente concesi\u00f3n del Premio Nacional de Narrativa 2025 a Paco Cerd\u00e0","robots":{"index":"index","follow":"follow","max-snippet":"max-snippet:-1","max-image-preview":"max-image-preview:large","max-video-preview":"max-video-preview:-1"},"canonical":"https:\/\/hojassueltas.es\/?p=23916","og_locale":"es_ES","og_type":"article","og_title":"Los presentes del pasado: Paco Cerd\u00e0 y el poder reparador de la narrativa | Literatura | HOJAS SUELTAS Peri\u00f3dico Cultural","og_description":"PANORAMA CULTURAL - Cr\u00f3nica de la reciente concesi\u00f3n del Premio Nacional de Narrativa 2025 a Paco Cerd\u00e0","og_url":"https:\/\/hojassueltas.es\/?p=23916","og_site_name":"HOJAS SUELTAS Peri\u00f3dico Cultural","article_published_time":"2025-10-12T22:00:08+00:00","article_modified_time":"2025-10-14T06:28:01+00:00","og_image":[{"width":500,"height":500,"url":"https:\/\/hojassueltas.es\/wp-content\/uploads\/2025\/10\/Paco-cerda_H.S.png","type":"image\/png"}],"author":"Valent\u00edn Castro","twitter_card":"summary_large_image","twitter_creator":"@HOJASSUELTAS22","twitter_site":"@HOJASSUELTAS22","twitter_misc":{"Escrito por":"Valent\u00edn Castro","Tiempo de lectura":"8 minutos"},"schema":{"@context":"https:\/\/schema.org","@graph":[{"@type":["Article","BlogPosting"],"@id":"https:\/\/hojassueltas.es\/?p=23916#article","isPartOf":{"@id":"https:\/\/hojassueltas.es\/?p=23916"},"author":{"name":"Valent\u00edn Castro","@id":"https:\/\/hojassueltas.es\/#\/schema\/person\/69b100dc9b45a00e61d055b63d4278e9"},"headline":"Los presentes del pasado: Paco Cerd\u00e0 y el poder reparador de la narrativa","datePublished":"2025-10-12T22:00:08+00:00","dateModified":"2025-10-14T06:28:01+00:00","mainEntityOfPage":{"@id":"https:\/\/hojassueltas.es\/?p=23916"},"wordCount":1440,"commentCount":0,"publisher":{"@id":"https:\/\/hojassueltas.es\/#organization"},"image":{"@id":"https:\/\/hojassueltas.es\/?p=23916#primaryimage"},"thumbnailUrl":"https:\/\/hojassueltas.es\/wp-content\/uploads\/2025\/10\/Paco-cerda_H.S.png","keywords":["Alfaguara Editorial","Paco Cerd\u00e0"],"articleSection":["Literatura"],"inLanguage":"es","potentialAction":[{"@type":"CommentAction","name":"Comment","target":["https:\/\/hojassueltas.es\/?p=23916#respond"]}]},{"@type":"WebPage","@id":"https:\/\/hojassueltas.es\/?p=23916","url":"https:\/\/hojassueltas.es\/?p=23916","name":"Los presentes del pasado: Paco Cerd\u00e0 y el poder reparador de la narrativa | Literatura | HOJAS SUELTAS Peri\u00f3dico Cultural","isPartOf":{"@id":"https:\/\/hojassueltas.es\/#website"},"primaryImageOfPage":{"@id":"https:\/\/hojassueltas.es\/?p=23916#primaryimage"},"image":{"@id":"https:\/\/hojassueltas.es\/?p=23916#primaryimage"},"thumbnailUrl":"https:\/\/hojassueltas.es\/wp-content\/uploads\/2025\/10\/Paco-cerda_H.S.png","datePublished":"2025-10-12T22:00:08+00:00","dateModified":"2025-10-14T06:28:01+00:00","description":"PANORAMA CULTURAL - Cr\u00f3nica de la reciente concesi\u00f3n del Premio Nacional de Narrativa 2025 a Paco Cerd\u00e0","breadcrumb":{"@id":"https:\/\/hojassueltas.es\/?p=23916#breadcrumb"},"inLanguage":"es","potentialAction":[{"@type":"ReadAction","target":["https:\/\/hojassueltas.es\/?p=23916"]}]},{"@type":"ImageObject","inLanguage":"es","@id":"https:\/\/hojassueltas.es\/?p=23916#primaryimage","url":"https:\/\/hojassueltas.es\/wp-content\/uploads\/2025\/10\/Paco-cerda_H.S.png","contentUrl":"https:\/\/hojassueltas.es\/wp-content\/uploads\/2025\/10\/Paco-cerda_H.S.png","width":500,"height":500},{"@type":"BreadcrumbList","@id":"https:\/\/hojassueltas.es\/?p=23916#breadcrumb","itemListElement":[{"@type":"ListItem","position":1,"name":"Portada","item":"https:\/\/hojassueltas.es\/"},{"@type":"ListItem","position":2,"name":"Los presentes del pasado: Paco Cerd\u00e0 y el poder reparador de la narrativa"}]},{"@type":"WebSite","@id":"https:\/\/hojassueltas.es\/#website","url":"https:\/\/hojassueltas.es\/","name":"HojasSueltas.es","description":"GRANADA - Peri\u00f3dico Cultural","publisher":{"@id":"https:\/\/hojassueltas.es\/#organization"},"alternateName":"H.S. Periodico Cultural","potentialAction":[{"@type":"SearchAction","target":{"@type":"EntryPoint","urlTemplate":"https:\/\/hojassueltas.es\/?s={search_term_string}"},"query-input":{"@type":"PropertyValueSpecification","valueRequired":true,"valueName":"search_term_string"}}],"inLanguage":"es"},{"@type":"Organization","@id":"https:\/\/hojassueltas.es\/#organization","name":"HOJAS SUELTAS - Peri\u00f3dico Cultural","alternateName":"HS - HOJAS SUELTAS Peri\u00f3dico Cultural","url":"https:\/\/hojassueltas.es\/","logo":{"@type":"ImageObject","inLanguage":"es","@id":"https:\/\/hojassueltas.es\/#\/schema\/logo\/image\/","url":"https:\/\/hojassueltas.es\/wp-content\/uploads\/2025\/08\/Icono-HS_2.png","contentUrl":"https:\/\/hojassueltas.es\/wp-content\/uploads\/2025\/08\/Icono-HS_2.png","width":500,"height":500,"caption":"HOJAS SUELTAS - Peri\u00f3dico Cultural"},"image":{"@id":"https:\/\/hojassueltas.es\/#\/schema\/logo\/image\/"},"sameAs":["https:\/\/x.com\/HOJASSUELTAS22"]},{"@type":"Person","@id":"https:\/\/hojassueltas.es\/#\/schema\/person\/69b100dc9b45a00e61d055b63d4278e9","name":"Valent\u00edn Castro","image":{"@type":"ImageObject","inLanguage":"es","@id":"https:\/\/hojassueltas.es\/wp-content\/uploads\/2025\/11\/Valentin-Castro-2025-96x96.png","url":"https:\/\/hojassueltas.es\/wp-content\/uploads\/2025\/11\/Valentin-Castro-2025-96x96.png","contentUrl":"https:\/\/hojassueltas.es\/wp-content\/uploads\/2025\/11\/Valentin-Castro-2025-96x96.png","caption":"Valent\u00edn Castro"},"description":"Naci\u00f3 en una aldea de A Coru\u00f1a. Emigra con sus padres a M\u00e9jico. Licenciado en Comunicaci\u00f3n y Periodismo por la Universidad Nacional Aut\u00f3noma de M\u00e9xico. Licenciado en Geograf\u00eda e Historia por la Universidad Complutense de Madrid. Vive en Madrid, publica art\u00edculos y ensayos en diversos medios de comunicaci\u00f3n mejicanos y espa\u00f1oles bajo varios seud\u00f3nimos. Actualmente prepara una saga con personajes nacidos durante la ocupaci\u00f3n de M\u00e9xico por Hern\u00e1n Cort\u00e9s. Sus art\u00edculos y ensayos son efectistas, en ocasiones c\u00e1ustico, y muy cr\u00edtico. ES Redactor Jefe de Hojas Sueltas, dedicando su tiempo libre a escribir art\u00edculos con especial dedicaci\u00f3n a la literatura y la historia.","url":"https:\/\/hojassueltas.es\/?author=62"}]}},"_links":{"self":[{"href":"https:\/\/hojassueltas.es\/index.php?rest_route=\/wp\/v2\/posts\/23916","targetHints":{"allow":["GET"]}}],"collection":[{"href":"https:\/\/hojassueltas.es\/index.php?rest_route=\/wp\/v2\/posts"}],"about":[{"href":"https:\/\/hojassueltas.es\/index.php?rest_route=\/wp\/v2\/types\/post"}],"author":[{"embeddable":true,"href":"https:\/\/hojassueltas.es\/index.php?rest_route=\/wp\/v2\/users\/62"}],"replies":[{"embeddable":true,"href":"https:\/\/hojassueltas.es\/index.php?rest_route=%2Fwp%2Fv2%2Fcomments&post=23916"}],"version-history":[{"count":4,"href":"https:\/\/hojassueltas.es\/index.php?rest_route=\/wp\/v2\/posts\/23916\/revisions"}],"predecessor-version":[{"id":23927,"href":"https:\/\/hojassueltas.es\/index.php?rest_route=\/wp\/v2\/posts\/23916\/revisions\/23927"}],"wp:featuredmedia":[{"embeddable":true,"href":"https:\/\/hojassueltas.es\/index.php?rest_route=\/wp\/v2\/media\/23918"}],"wp:attachment":[{"href":"https:\/\/hojassueltas.es\/index.php?rest_route=%2Fwp%2Fv2%2Fmedia&parent=23916"}],"wp:term":[{"taxonomy":"category","embeddable":true,"href":"https:\/\/hojassueltas.es\/index.php?rest_route=%2Fwp%2Fv2%2Fcategories&post=23916"},{"taxonomy":"post_tag","embeddable":true,"href":"https:\/\/hojassueltas.es\/index.php?rest_route=%2Fwp%2Fv2%2Ftags&post=23916"}],"curies":[{"name":"wp","href":"https:\/\/api.w.org\/{rel}","templated":true}]}}