{"id":23509,"date":"2025-10-01T00:00:28","date_gmt":"2025-09-30T22:00:28","guid":{"rendered":"https:\/\/hojassueltas.es\/?p=23509"},"modified":"2025-10-01T08:09:08","modified_gmt":"2025-10-01T06:09:08","slug":"bocabajo","status":"publish","type":"post","link":"https:\/\/hojassueltas.es\/?p=23509","title":{"rendered":"Bocabajo"},"content":{"rendered":"<p class=\"western\" lang=\"en-US\" style=\"padding-left: 120px;\"><span style=\"font-family: Cambria Math, serif;\"><span style=\"font-size: large;\">Vivo como escribo<\/span><\/span><\/p>\n<p class=\"western\" lang=\"en-US\" style=\"padding-left: 120px;\"><span style=\"font-family: Cambria Math, serif;\"><span style=\"font-size: large;\">con tachaduras tachones y errores ortogr\u00e1ficos<\/span><\/span><\/p>\n<p class=\"western\" lang=\"en-US\" style=\"padding-left: 120px;\"><span style=\"font-family: Cambria Math, serif;\"><span style=\"font-size: large;\">en papeles sucios y con letra peque\u00f1a<\/span><\/span><\/p>\n<p class=\"western\" lang=\"en-US\" style=\"padding-left: 120px;\"><span style=\"font-family: Cambria Math, serif;\"><span style=\"font-size: large;\">con rabia y sin tapujos<\/span><\/span><\/p>\n<p class=\"western\" lang=\"en-US\" style=\"padding-left: 120px;\"><span style=\"font-family: Cambria Math, serif;\"><span style=\"font-size: large;\">vivo como bebo<\/span><\/span><\/p>\n<p class=\"western\" lang=\"en-US\" style=\"padding-left: 120px;\"><span style=\"font-family: Cambria Math, serif;\"><span style=\"font-size: large;\">a tragos largos<\/span><\/span><\/p>\n<p class=\"western\" lang=\"en-US\" style=\"padding-left: 120px;\"><span style=\"font-family: Cambria Math, serif;\"><span style=\"font-size: large;\">con ansia<\/span><\/span><\/p>\n<p class=\"western\" lang=\"en-US\" style=\"padding-left: 120px;\"><span style=\"font-family: Cambria Math, serif;\"><span style=\"font-size: large;\">como si no hubiera un ma\u00f1ana ni resacas<\/span><\/span><\/p>\n<p class=\"western\" lang=\"en-US\" style=\"padding-left: 120px;\"><span style=\"font-family: Cambria Math, serif;\"><span style=\"font-size: large;\">vivo como fumo<\/span><\/span><\/p>\n<p class=\"western\" lang=\"en-US\" style=\"padding-left: 120px;\"><span style=\"font-family: Cambria Math, serif;\"><span style=\"font-size: large;\">como si me fuera la vida en ello<\/span><\/span><\/p>\n<p class=\"western\" lang=\"en-US\" style=\"padding-left: 120px;\"><span style=\"font-family: Cambria Math, serif;\"><span style=\"font-size: large;\">y sin esperar nada<\/span><\/span><\/p>\n<p class=\"western\" lang=\"en-US\" style=\"padding-left: 120px;\"><span style=\"font-family: Cambria Math, serif;\"><span style=\"font-size: large;\">vivo como leo<\/span><\/span><\/p>\n<p class=\"western\" lang=\"en-US\" style=\"padding-left: 120px;\"><span style=\"font-family: Cambria Math, serif;\"><span style=\"font-size: large;\">sin c\u00e1nones <\/span><\/span><\/p>\n<p class=\"western\" lang=\"en-US\" style=\"padding-left: 120px;\"><span style=\"font-family: Cambria Math, serif;\"><span style=\"font-size: large;\">sin orden ni concierto<\/span><\/span><\/p>\n<p class=\"western\" lang=\"en-US\" style=\"padding-left: 120px;\"><span style=\"font-family: Cambria Math, serif;\"><span style=\"font-size: large;\">sin militancias<\/span><\/span><\/p>\n<p class=\"western\" lang=\"en-US\" style=\"padding-left: 120px;\"><span style=\"font-family: Cambria Math, serif;\"><span style=\"font-size: large;\">vivo como amo<\/span><\/span><\/p>\n<p class=\"western\" lang=\"en-US\" style=\"padding-left: 120px;\"><span style=\"font-family: Cambria Math, serif;\"><span style=\"font-size: large;\">desnudo<\/span><\/span><\/p>\n<p class=\"western\" lang=\"en-US\" style=\"padding-left: 120px;\"><span style=\"font-family: Cambria Math, serif;\"><span style=\"font-size: large;\">como un animal salvaje<\/span><\/span><\/p>\n<p class=\"western\" lang=\"en-US\" style=\"padding-left: 120px;\"><span style=\"font-family: Cambria Math, serif;\"><span style=\"font-size: large;\">y solitario<\/span><\/span><\/p>\n<p class=\"western\" lang=\"en-US\" style=\"padding-left: 120px;\"><span style=\"font-family: Cambria Math, serif;\"><span style=\"font-size: large;\">vivo como viajo<\/span><\/span><\/p>\n<p class=\"western\" lang=\"en-US\" style=\"padding-left: 120px;\"><span style=\"font-family: Cambria Math, serif;\"><span style=\"font-size: large;\">en pleno invierno<\/span><\/span><\/p>\n<p class=\"western\" lang=\"en-US\" style=\"padding-left: 120px;\"><span style=\"font-family: Cambria Math, serif;\"><span style=\"font-size: large;\">a salto de mata<\/span><\/span><\/p>\n<p class=\"western\" lang=\"en-US\" style=\"padding-left: 120px;\"><span style=\"font-family: Cambria Math, serif;\"><span style=\"font-size: large;\">por atajos y veredas<\/span><\/span><\/p>\n<p class=\"western\" lang=\"en-US\" style=\"padding-left: 120px;\"><span style=\"font-family: Cambria Math, serif;\"><span style=\"font-size: large;\">y donde no va nadie<\/span><\/span><\/p>\n<p class=\"western\" lang=\"en-US\" style=\"padding-left: 120px;\"><span style=\"font-family: Cambria Math, serif;\"><span style=\"font-size: large;\">vivo bocabajo<\/span><\/span><\/p>\n<p class=\"western\" lang=\"en-US\" style=\"padding-left: 120px;\"><span style=\"font-family: Cambria Math, serif;\"><span style=\"font-size: large;\">y a destiempo<\/span><\/span><\/p>\n<p class=\"western\"><span style=\"font-family: Cambria Math, serif;\"><span style=\"font-size: large;\">[De \u201ccartograf\u00eda de la derrota\u201dJos\u00e9 Pastor Gonz\u00e1lez (\u00c9ditions az\u2019art atelier)]<\/span><\/span><\/p>\n<p><strong>\u00a9 Jos\u00e9 Pastor Gonz\u00e1lez. Todos los derechos reservados<\/strong><\/p>\n","protected":false},"excerpt":{"rendered":"<p>Vivo como escribo con tachaduras tachones y errores ortogr\u00e1ficos en papeles sucios y con letra peque\u00f1a con rabia y sin tapujos vivo como bebo a tragos largos con ansia como si no hubiera un ma\u00f1ana ni resacas vivo como fumo como si me fuera la vida en ello y sin esperar nada vivo como leo [&hellip;]<\/p>\n","protected":false},"author":87,"featured_media":23510,"comment_status":"open","ping_status":"closed","sticky":false,"template":"","format":"standard","meta":{"footnotes":""},"categories":[2452],"tags":[2436],"class_list":{"0":"post-23509","1":"post","2":"type-post","3":"status-publish","4":"format-standard","5":"has-post-thumbnail","7":"category-poesia-2","8":"tag-jose-pastor-gonzalez"},"yoast_head":"<!-- This site is optimized with the Yoast SEO plugin v27.5 - https:\/\/yoast.com\/product\/yoast-seo-wordpress\/ -->\n<title>Bocabajo | POES\u00cdA | HOJAS SUELTAS Peri\u00f3dico Cultural<\/title>\n<meta name=\"description\" content=\"POES\u00cdA, Poema de Jos\u00e9 Pastor Gonz\u00e1lez\" \/>\n<meta name=\"robots\" content=\"index, follow, max-snippet:-1, max-image-preview:large, max-video-preview:-1\" \/>\n<link rel=\"canonical\" href=\"https:\/\/hojassueltas.es\/?p=23509\" \/>\n<meta property=\"og:locale\" content=\"es_ES\" \/>\n<meta property=\"og:type\" content=\"article\" \/>\n<meta property=\"og:title\" content=\"Bocabajo | POES\u00cdA | HOJAS SUELTAS Peri\u00f3dico Cultural\" \/>\n<meta property=\"og:description\" content=\"POES\u00cdA, Poema de Jos\u00e9 Pastor Gonz\u00e1lez\" \/>\n<meta property=\"og:url\" content=\"https:\/\/hojassueltas.es\/?p=23509\" \/>\n<meta property=\"og:site_name\" content=\"HOJAS SUELTAS Peri\u00f3dico Cultural\" \/>\n<meta property=\"article:published_time\" content=\"2025-09-30T22:00:28+00:00\" \/>\n<meta property=\"article:modified_time\" content=\"2025-10-01T06:09:08+00:00\" \/>\n<meta property=\"og:image\" content=\"https:\/\/hojassueltas.es\/wp-content\/uploads\/2025\/09\/Bocabajo_H.S-976x610.png\" \/>\n\t<meta property=\"og:image:width\" content=\"976\" \/>\n\t<meta property=\"og:image:height\" content=\"610\" \/>\n\t<meta property=\"og:image:type\" content=\"image\/png\" \/>\n<meta name=\"author\" content=\"Jose Pastor Gonz\u00e1lez\" \/>\n<meta name=\"twitter:card\" content=\"summary_large_image\" \/>\n<meta name=\"twitter:creator\" content=\"@HOJASSUELTAS22\" \/>\n<meta name=\"twitter:site\" content=\"@HOJASSUELTAS22\" \/>\n<meta name=\"twitter:label1\" content=\"Escrito por\" \/>\n\t<meta name=\"twitter:data1\" content=\"Jose Pastor Gonz\u00e1lez\" \/>\n\t<meta name=\"twitter:label2\" content=\"Tiempo de lectura\" \/>\n\t<meta name=\"twitter:data2\" content=\"1 minuto\" \/>\n<script type=\"application\/ld+json\" class=\"yoast-schema-graph\">{\"@context\":\"https:\\\/\\\/schema.org\",\"@graph\":[{\"@type\":[\"Article\",\"BlogPosting\"],\"@id\":\"https:\\\/\\\/hojassueltas.es\\\/?p=23509#article\",\"isPartOf\":{\"@id\":\"https:\\\/\\\/hojassueltas.es\\\/?p=23509\"},\"author\":{\"name\":\"Jose Pastor Gonz\u00e1lez\",\"@id\":\"https:\\\/\\\/hojassueltas.es\\\/#\\\/schema\\\/person\\\/363f32070546410001e269f766668041\"},\"headline\":\"Bocabajo\",\"datePublished\":\"2025-09-30T22:00:28+00:00\",\"dateModified\":\"2025-10-01T06:09:08+00:00\",\"mainEntityOfPage\":{\"@id\":\"https:\\\/\\\/hojassueltas.es\\\/?p=23509\"},\"wordCount\":124,\"commentCount\":1,\"publisher\":{\"@id\":\"https:\\\/\\\/hojassueltas.es\\\/#organization\"},\"image\":{\"@id\":\"https:\\\/\\\/hojassueltas.es\\\/?p=23509#primaryimage\"},\"thumbnailUrl\":\"https:\\\/\\\/hojassueltas.es\\\/wp-content\\\/uploads\\\/2025\\\/09\\\/Bocabajo_H.S.png\",\"keywords\":[\"Jos\u00e9 Pastor Gonz\u00e1lez\"],\"articleSection\":[\"POES\u00cdA\"],\"inLanguage\":\"es\",\"potentialAction\":[{\"@type\":\"CommentAction\",\"name\":\"Comment\",\"target\":[\"https:\\\/\\\/hojassueltas.es\\\/?p=23509#respond\"]}]},{\"@type\":\"WebPage\",\"@id\":\"https:\\\/\\\/hojassueltas.es\\\/?p=23509\",\"url\":\"https:\\\/\\\/hojassueltas.es\\\/?p=23509\",\"name\":\"Bocabajo | POES\u00cdA | HOJAS SUELTAS Peri\u00f3dico Cultural\",\"isPartOf\":{\"@id\":\"https:\\\/\\\/hojassueltas.es\\\/#website\"},\"primaryImageOfPage\":{\"@id\":\"https:\\\/\\\/hojassueltas.es\\\/?p=23509#primaryimage\"},\"image\":{\"@id\":\"https:\\\/\\\/hojassueltas.es\\\/?p=23509#primaryimage\"},\"thumbnailUrl\":\"https:\\\/\\\/hojassueltas.es\\\/wp-content\\\/uploads\\\/2025\\\/09\\\/Bocabajo_H.S.png\",\"datePublished\":\"2025-09-30T22:00:28+00:00\",\"dateModified\":\"2025-10-01T06:09:08+00:00\",\"description\":\"POES\u00cdA, Poema de Jos\u00e9 Pastor Gonz\u00e1lez\",\"breadcrumb\":{\"@id\":\"https:\\\/\\\/hojassueltas.es\\\/?p=23509#breadcrumb\"},\"inLanguage\":\"es\",\"potentialAction\":[{\"@type\":\"ReadAction\",\"target\":[\"https:\\\/\\\/hojassueltas.es\\\/?p=23509\"]}]},{\"@type\":\"ImageObject\",\"inLanguage\":\"es\",\"@id\":\"https:\\\/\\\/hojassueltas.es\\\/?p=23509#primaryimage\",\"url\":\"https:\\\/\\\/hojassueltas.es\\\/wp-content\\\/uploads\\\/2025\\\/09\\\/Bocabajo_H.S.png\",\"contentUrl\":\"https:\\\/\\\/hojassueltas.es\\\/wp-content\\\/uploads\\\/2025\\\/09\\\/Bocabajo_H.S.png\",\"width\":1920,\"height\":1200},{\"@type\":\"BreadcrumbList\",\"@id\":\"https:\\\/\\\/hojassueltas.es\\\/?p=23509#breadcrumb\",\"itemListElement\":[{\"@type\":\"ListItem\",\"position\":1,\"name\":\"Portada\",\"item\":\"https:\\\/\\\/hojassueltas.es\\\/\"},{\"@type\":\"ListItem\",\"position\":2,\"name\":\"Bocabajo\"}]},{\"@type\":\"WebSite\",\"@id\":\"https:\\\/\\\/hojassueltas.es\\\/#website\",\"url\":\"https:\\\/\\\/hojassueltas.es\\\/\",\"name\":\"HojasSueltas.es\",\"description\":\"GRANADA - Peri\u00f3dico Cultural\",\"publisher\":{\"@id\":\"https:\\\/\\\/hojassueltas.es\\\/#organization\"},\"alternateName\":\"H.S. Periodico Cultural\",\"potentialAction\":[{\"@type\":\"SearchAction\",\"target\":{\"@type\":\"EntryPoint\",\"urlTemplate\":\"https:\\\/\\\/hojassueltas.es\\\/?s={search_term_string}\"},\"query-input\":{\"@type\":\"PropertyValueSpecification\",\"valueRequired\":true,\"valueName\":\"search_term_string\"}}],\"inLanguage\":\"es\"},{\"@type\":\"Organization\",\"@id\":\"https:\\\/\\\/hojassueltas.es\\\/#organization\",\"name\":\"HOJAS SUELTAS - Peri\u00f3dico Cultural\",\"alternateName\":\"HS - HOJAS SUELTAS Peri\u00f3dico Cultural\",\"url\":\"https:\\\/\\\/hojassueltas.es\\\/\",\"logo\":{\"@type\":\"ImageObject\",\"inLanguage\":\"es\",\"@id\":\"https:\\\/\\\/hojassueltas.es\\\/#\\\/schema\\\/logo\\\/image\\\/\",\"url\":\"https:\\\/\\\/hojassueltas.es\\\/wp-content\\\/uploads\\\/2025\\\/08\\\/Icono-HS_2.png\",\"contentUrl\":\"https:\\\/\\\/hojassueltas.es\\\/wp-content\\\/uploads\\\/2025\\\/08\\\/Icono-HS_2.png\",\"width\":500,\"height\":500,\"caption\":\"HOJAS SUELTAS - Peri\u00f3dico Cultural\"},\"image\":{\"@id\":\"https:\\\/\\\/hojassueltas.es\\\/#\\\/schema\\\/logo\\\/image\\\/\"},\"sameAs\":[\"https:\\\/\\\/x.com\\\/HOJASSUELTAS22\"]},{\"@type\":\"Person\",\"@id\":\"https:\\\/\\\/hojassueltas.es\\\/#\\\/schema\\\/person\\\/363f32070546410001e269f766668041\",\"name\":\"Jose Pastor Gonz\u00e1lez\",\"image\":{\"@type\":\"ImageObject\",\"inLanguage\":\"es\",\"@id\":\"https:\\\/\\\/hojassueltas.es\\\/wp-content\\\/uploads\\\/2026\\\/01\\\/Jose-Pastor-Gonzalez-96x96.png\",\"url\":\"https:\\\/\\\/hojassueltas.es\\\/wp-content\\\/uploads\\\/2026\\\/01\\\/Jose-Pastor-Gonzalez-96x96.png\",\"contentUrl\":\"https:\\\/\\\/hojassueltas.es\\\/wp-content\\\/uploads\\\/2026\\\/01\\\/Jose-Pastor-Gonzalez-96x96.png\",\"caption\":\"Jose Pastor Gonz\u00e1lez\"},\"description\":\"Vive en alg\u00fan lugar de la Alpujarra granadina. Autor de los libros de poes\u00eda \u201cCuidado con el perro\u201d (Ediciones Raro, 2009), \u201cEl ruido de los cuerpos al caer\u201d (Editorial Groenlandia, 2012), \u201calguien tiene que limpiar la mierda\u201d (Ediciones RaRo, 2013), \u201cCuadernos de veredas\u201d (Piedra Papel, Libros, 2016), \u201cCuando los trenes paraban en todas las estaciones\u201d (Vers\u00e1tiles, 2020), \u201cAlmanaque. Cosas que pasan en los pueblos que no ver\u00e9is en las ciudades\u201d (Ediciones Fantasma, 2022), \u201cVolver a la tierra\u201d (Rasmia Ediciones, 2023) y \u201ccartograf\u00eda de la derrota\u201d (\u00c9ditions az\u2019art atelier, 2025). Sus poemas han aparecido en la antolog\u00eda Negra Flama. Poes\u00eda antagonista en el estado espa\u00f1ol (CNT-AIT), en la revista de poes\u00eda La Tormenta (Calumnia Editorial) y en la colecci\u00f3n literatura de kiosko (Ediciones RaRo). Colabora, semanalmente, en el Peri\u00f3dico Irreverentes y mantiene el blog: librosyaguardientes.wordpress.com\",\"url\":\"https:\\\/\\\/hojassueltas.es\\\/?author=87\"}]}<\/script>\n<!-- \/ Yoast SEO plugin. -->","yoast_head_json":{"title":"Bocabajo | POES\u00cdA | HOJAS SUELTAS Peri\u00f3dico Cultural","description":"POES\u00cdA, Poema de Jos\u00e9 Pastor Gonz\u00e1lez","robots":{"index":"index","follow":"follow","max-snippet":"max-snippet:-1","max-image-preview":"max-image-preview:large","max-video-preview":"max-video-preview:-1"},"canonical":"https:\/\/hojassueltas.es\/?p=23509","og_locale":"es_ES","og_type":"article","og_title":"Bocabajo | POES\u00cdA | HOJAS SUELTAS Peri\u00f3dico Cultural","og_description":"POES\u00cdA, Poema de Jos\u00e9 Pastor Gonz\u00e1lez","og_url":"https:\/\/hojassueltas.es\/?p=23509","og_site_name":"HOJAS SUELTAS Peri\u00f3dico Cultural","article_published_time":"2025-09-30T22:00:28+00:00","article_modified_time":"2025-10-01T06:09:08+00:00","og_image":[{"width":976,"height":610,"url":"https:\/\/hojassueltas.es\/wp-content\/uploads\/2025\/09\/Bocabajo_H.S-976x610.png","type":"image\/png"}],"author":"Jose Pastor Gonz\u00e1lez","twitter_card":"summary_large_image","twitter_creator":"@HOJASSUELTAS22","twitter_site":"@HOJASSUELTAS22","twitter_misc":{"Escrito por":"Jose Pastor Gonz\u00e1lez","Tiempo de lectura":"1 minuto"},"schema":{"@context":"https:\/\/schema.org","@graph":[{"@type":["Article","BlogPosting"],"@id":"https:\/\/hojassueltas.es\/?p=23509#article","isPartOf":{"@id":"https:\/\/hojassueltas.es\/?p=23509"},"author":{"name":"Jose Pastor Gonz\u00e1lez","@id":"https:\/\/hojassueltas.es\/#\/schema\/person\/363f32070546410001e269f766668041"},"headline":"Bocabajo","datePublished":"2025-09-30T22:00:28+00:00","dateModified":"2025-10-01T06:09:08+00:00","mainEntityOfPage":{"@id":"https:\/\/hojassueltas.es\/?p=23509"},"wordCount":124,"commentCount":1,"publisher":{"@id":"https:\/\/hojassueltas.es\/#organization"},"image":{"@id":"https:\/\/hojassueltas.es\/?p=23509#primaryimage"},"thumbnailUrl":"https:\/\/hojassueltas.es\/wp-content\/uploads\/2025\/09\/Bocabajo_H.S.png","keywords":["Jos\u00e9 Pastor Gonz\u00e1lez"],"articleSection":["POES\u00cdA"],"inLanguage":"es","potentialAction":[{"@type":"CommentAction","name":"Comment","target":["https:\/\/hojassueltas.es\/?p=23509#respond"]}]},{"@type":"WebPage","@id":"https:\/\/hojassueltas.es\/?p=23509","url":"https:\/\/hojassueltas.es\/?p=23509","name":"Bocabajo | POES\u00cdA | HOJAS SUELTAS Peri\u00f3dico Cultural","isPartOf":{"@id":"https:\/\/hojassueltas.es\/#website"},"primaryImageOfPage":{"@id":"https:\/\/hojassueltas.es\/?p=23509#primaryimage"},"image":{"@id":"https:\/\/hojassueltas.es\/?p=23509#primaryimage"},"thumbnailUrl":"https:\/\/hojassueltas.es\/wp-content\/uploads\/2025\/09\/Bocabajo_H.S.png","datePublished":"2025-09-30T22:00:28+00:00","dateModified":"2025-10-01T06:09:08+00:00","description":"POES\u00cdA, Poema de Jos\u00e9 Pastor Gonz\u00e1lez","breadcrumb":{"@id":"https:\/\/hojassueltas.es\/?p=23509#breadcrumb"},"inLanguage":"es","potentialAction":[{"@type":"ReadAction","target":["https:\/\/hojassueltas.es\/?p=23509"]}]},{"@type":"ImageObject","inLanguage":"es","@id":"https:\/\/hojassueltas.es\/?p=23509#primaryimage","url":"https:\/\/hojassueltas.es\/wp-content\/uploads\/2025\/09\/Bocabajo_H.S.png","contentUrl":"https:\/\/hojassueltas.es\/wp-content\/uploads\/2025\/09\/Bocabajo_H.S.png","width":1920,"height":1200},{"@type":"BreadcrumbList","@id":"https:\/\/hojassueltas.es\/?p=23509#breadcrumb","itemListElement":[{"@type":"ListItem","position":1,"name":"Portada","item":"https:\/\/hojassueltas.es\/"},{"@type":"ListItem","position":2,"name":"Bocabajo"}]},{"@type":"WebSite","@id":"https:\/\/hojassueltas.es\/#website","url":"https:\/\/hojassueltas.es\/","name":"HojasSueltas.es","description":"GRANADA - Peri\u00f3dico Cultural","publisher":{"@id":"https:\/\/hojassueltas.es\/#organization"},"alternateName":"H.S. Periodico Cultural","potentialAction":[{"@type":"SearchAction","target":{"@type":"EntryPoint","urlTemplate":"https:\/\/hojassueltas.es\/?s={search_term_string}"},"query-input":{"@type":"PropertyValueSpecification","valueRequired":true,"valueName":"search_term_string"}}],"inLanguage":"es"},{"@type":"Organization","@id":"https:\/\/hojassueltas.es\/#organization","name":"HOJAS SUELTAS - Peri\u00f3dico Cultural","alternateName":"HS - HOJAS SUELTAS Peri\u00f3dico Cultural","url":"https:\/\/hojassueltas.es\/","logo":{"@type":"ImageObject","inLanguage":"es","@id":"https:\/\/hojassueltas.es\/#\/schema\/logo\/image\/","url":"https:\/\/hojassueltas.es\/wp-content\/uploads\/2025\/08\/Icono-HS_2.png","contentUrl":"https:\/\/hojassueltas.es\/wp-content\/uploads\/2025\/08\/Icono-HS_2.png","width":500,"height":500,"caption":"HOJAS SUELTAS - Peri\u00f3dico Cultural"},"image":{"@id":"https:\/\/hojassueltas.es\/#\/schema\/logo\/image\/"},"sameAs":["https:\/\/x.com\/HOJASSUELTAS22"]},{"@type":"Person","@id":"https:\/\/hojassueltas.es\/#\/schema\/person\/363f32070546410001e269f766668041","name":"Jose Pastor Gonz\u00e1lez","image":{"@type":"ImageObject","inLanguage":"es","@id":"https:\/\/hojassueltas.es\/wp-content\/uploads\/2026\/01\/Jose-Pastor-Gonzalez-96x96.png","url":"https:\/\/hojassueltas.es\/wp-content\/uploads\/2026\/01\/Jose-Pastor-Gonzalez-96x96.png","contentUrl":"https:\/\/hojassueltas.es\/wp-content\/uploads\/2026\/01\/Jose-Pastor-Gonzalez-96x96.png","caption":"Jose Pastor Gonz\u00e1lez"},"description":"Vive en alg\u00fan lugar de la Alpujarra granadina. Autor de los libros de poes\u00eda \u201cCuidado con el perro\u201d (Ediciones Raro, 2009), \u201cEl ruido de los cuerpos al caer\u201d (Editorial Groenlandia, 2012), \u201calguien tiene que limpiar la mierda\u201d (Ediciones RaRo, 2013), \u201cCuadernos de veredas\u201d (Piedra Papel, Libros, 2016), \u201cCuando los trenes paraban en todas las estaciones\u201d (Vers\u00e1tiles, 2020), \u201cAlmanaque. Cosas que pasan en los pueblos que no ver\u00e9is en las ciudades\u201d (Ediciones Fantasma, 2022), \u201cVolver a la tierra\u201d (Rasmia Ediciones, 2023) y \u201ccartograf\u00eda de la derrota\u201d (\u00c9ditions az\u2019art atelier, 2025). Sus poemas han aparecido en la antolog\u00eda Negra Flama. Poes\u00eda antagonista en el estado espa\u00f1ol (CNT-AIT), en la revista de poes\u00eda La Tormenta (Calumnia Editorial) y en la colecci\u00f3n literatura de kiosko (Ediciones RaRo). Colabora, semanalmente, en el Peri\u00f3dico Irreverentes y mantiene el blog: librosyaguardientes.wordpress.com","url":"https:\/\/hojassueltas.es\/?author=87"}]}},"_links":{"self":[{"href":"https:\/\/hojassueltas.es\/index.php?rest_route=\/wp\/v2\/posts\/23509","targetHints":{"allow":["GET"]}}],"collection":[{"href":"https:\/\/hojassueltas.es\/index.php?rest_route=\/wp\/v2\/posts"}],"about":[{"href":"https:\/\/hojassueltas.es\/index.php?rest_route=\/wp\/v2\/types\/post"}],"author":[{"embeddable":true,"href":"https:\/\/hojassueltas.es\/index.php?rest_route=\/wp\/v2\/users\/87"}],"replies":[{"embeddable":true,"href":"https:\/\/hojassueltas.es\/index.php?rest_route=%2Fwp%2Fv2%2Fcomments&post=23509"}],"version-history":[{"count":1,"href":"https:\/\/hojassueltas.es\/index.php?rest_route=\/wp\/v2\/posts\/23509\/revisions"}],"predecessor-version":[{"id":23511,"href":"https:\/\/hojassueltas.es\/index.php?rest_route=\/wp\/v2\/posts\/23509\/revisions\/23511"}],"wp:featuredmedia":[{"embeddable":true,"href":"https:\/\/hojassueltas.es\/index.php?rest_route=\/wp\/v2\/media\/23510"}],"wp:attachment":[{"href":"https:\/\/hojassueltas.es\/index.php?rest_route=%2Fwp%2Fv2%2Fmedia&parent=23509"}],"wp:term":[{"taxonomy":"category","embeddable":true,"href":"https:\/\/hojassueltas.es\/index.php?rest_route=%2Fwp%2Fv2%2Fcategories&post=23509"},{"taxonomy":"post_tag","embeddable":true,"href":"https:\/\/hojassueltas.es\/index.php?rest_route=%2Fwp%2Fv2%2Ftags&post=23509"}],"curies":[{"name":"wp","href":"https:\/\/api.w.org\/{rel}","templated":true}]}}