{"id":23409,"date":"2025-09-28T00:00:46","date_gmt":"2025-09-27T22:00:46","guid":{"rendered":"https:\/\/hojassueltas.es\/?p=23409"},"modified":"2025-10-01T07:28:07","modified_gmt":"2025-10-01T05:28:07","slug":"i-encuentros-de-literatura-de-naturaleza-y-patrimonio","status":"publish","type":"post","link":"https:\/\/hojassueltas.es\/?p=23409","title":{"rendered":"I ENCUENTROS DE LITERATURA DE NATURALEZA Y PATRIMONIO"},"content":{"rendered":"<p align=\"justify\"><strong>Por Lola Callej\u00f3n<\/strong><\/p>\n<p class=\"western\" align=\"justify\"><span style=\"font-family: Cambria Math, serif;\"><span style=\"font-size: large;\">Con una gran acogida, han finalizado los I ENCUENTROS DE LITERATURA DE NATURALEZA Y PATRIMONIO (del 6 al 14 de septiembre de 2025).<\/span><\/span><\/p>\n<p class=\"western\" align=\"justify\"><span style=\"font-family: Cambria Math, serif;\"><span style=\"font-size: large;\">Frente al desapego por los ecosistemas y las emergencias ambientales que nos acechan, LETRA DE NATURALEZA nace de la necesidad de restablecer nuestros v\u00ednculos con la naturaleza, y el territorio que habitamos, a trav\u00e9s de narrativas y acciones que pongan en el centro el mundo de lo vivo.<\/span><\/span><\/p>\n<p class=\"western\" align=\"justify\"><span style=\"font-family: Cambria Math, serif;\"><span style=\"font-size: large;\">Los encuentros son una iniciativa del <b>Museo Cuevas del Sacromonte<\/b> (en su vocaci\u00f3n de dinamizar la cultura y la concienciaci\u00f3n ambiental) y la escritora <b>Lola Callej\u00f3n<\/b>. Pretenden brindar un espacio nuevo en nuestra ciudad donde confluya la literatura de naturaleza en sus m\u00faltiples g\u00e9neros: poes\u00eda, ensayo, lenguaje visual, novela, divulgaci\u00f3n cient\u00edfica y sensibilizaci\u00f3n ambiental. Un espacio para poner en valor nuestro patrimonio (natural y cultural) a trav\u00e9s de diversas est\u00e9ticas literarias y experiencias sociales, estrechando v\u00ednculos con el patrimonio. <\/span><\/span><\/p>\n<p class=\"western\" align=\"justify\"><span style=\"font-family: Cambria Math, serif;\"><span style=\"font-size: large;\">Con un deseo de continuidad en el tiempo, cuentan con el apoyo de: Ayuntamiento de Granada, Fundaci\u00f3n Unicaja, Carmen de la Victoria, Centro Nacional de Educaci\u00f3n Ambiental (CENEAM), Granada-Capital de la Cultura Europea 2031, CSIC-Estaci\u00f3n Experimental del Zaid\u00edn, Cooperativa Valle y Vega, Proyecto MEMOLab-UGR, Ecomercado de Granada, Javier T\u00e1rraga y \u00c1rboles Contra el Cambio Clim\u00e1tico.<\/span><\/span><\/p>\n<p class=\"western\" align=\"justify\"><span style=\"font-family: Cambria Math, serif;\"><span style=\"font-size: large;\">LETRA DE NATURALEZA ha ofrecido distintos formatos. As\u00ed, se han desarrollado:<\/span><\/span><\/p>\n<p class=\"western\" align=\"justify\">\u25cf<span style=\"font-family: Cambria Math, serif;\"><span style=\"font-size: large;\"><b>Itinerarios por el entorno<\/b> de tem\u00e1tica h\u00edbrida que ayuden a conocer y estrechar v\u00ednculos con nuestro entorno: literarios, sensitivos-perceptuales, biol\u00f3gicos, geol\u00f3gicos e hist\u00f3ricos. El juglar <i>Javier T\u00e1rraga<\/i> nos pase\u00f3 por los paisajes de la memoria. Paco C\u00e1ceres nos mostr\u00f3 la vega de Granada a trav\u00e9s de sentipaseos y Chema Garc\u00eda Aguilar nos adentr\u00f3 en el valle del Darro en un itinerario geol\u00f3gico. <\/span><\/span><\/p>\n<p class=\"western\" align=\"justify\">\u25cf<span style=\"font-family: Cambria Math, serif;\"><span style=\"font-size: large;\"><b>Siembra y repoblaci\u00f3n de plantas aut\u00f3ctonas<\/b> de la mano de Lola Ortega (\u00c1rboles contra el Cambio Clim\u00e1tico-ACCC) por el barrio del Sacromonte. <\/span><\/span><\/p>\n<p class=\"western\" align=\"justify\">\u25cf<span style=\"font-family: Cambria Math, serif;\"><span style=\"font-size: large;\"><b>Mesas redondas y charlas<\/b> donde abordar diversas tem\u00e1ticas. Desde el viernes 12 de septiembre, hasta el domingo 14 se han sucedido las siguientes:<\/span><\/span><\/p>\n<p class=\"western\" align=\"justify\"><span style=\"font-family: Cambria Math, serif;\"><span style=\"font-size: large;\">-En la conferencia sobre LITERATURA DE NATURALEZA, <i>Luci Romero<\/i> nos habl\u00f3 de forma magistral de los or\u00edgenes de la nature writing, de su evoluci\u00f3n y recorrido actual.<\/span><\/span><\/p>\n<p class=\"western\" align=\"justify\"><span style=\"font-family: Cambria Math, serif;\"><span style=\"font-size: large;\">&#8211;<i>Pepa Jim\u00e9nez P\u00e9rez y Soledad Castillero<\/i> <i>Quesada<\/i> nos adentraron en el imaginario de la mujer en el medio rural andaluz y analizaron la interdependencia esencial para el sost\u00e9n de la vida que existe en el binomio rural-urbano a trav\u00e9s de la ponencia: <b>LO RURAL, LO URBANO, \u00c9STA Y LA OTRA<\/b>. El cuento y el ensayo estuvieron presente en esta mesa.<\/span><\/span><\/p>\n<p class=\"western\" align=\"justify\"><span style=\"font-family: Cambria Math, serif;\"><span style=\"font-size: large;\">-Por parte del CSIC participaron Xiomara Cantera, Carmen Guerrero y Ana Lasa que nos trajeron, desde el ensayo, el di\u00e1logo <b>TEJIENDO ECOSISTEMAS DESDE LA DIVULGACI\u00d3N<\/b>. Un debate asequible y fluido entre las participantes que acerc\u00f3 la ciencia al p\u00fablico. <\/span><\/span><\/p>\n<p class=\"western\" align=\"justify\"><span style=\"font-family: Cambria Math, serif;\"><span style=\"font-size: large;\">-En la mesa redonda <b>NATURALEZA Y SOCIEDAD<\/b> tuvimos la aportaci\u00f3n valios\u00edsima de los colectivos sociales. As\u00ed, <b>\u00c1rboles Contra el Cambio Clim\u00e1tico-ACCC<\/b> de la mano de <i>Lola Ortega<\/i> mostr\u00f3 la labor que hacen de repoblaci\u00f3n y de concienciaci\u00f3n; <i>Daniel Bravo<\/i> de <b>Valle y Vega<\/b> habl\u00f3 de alimentaci\u00f3n ecol\u00f3gica, de temporada y producciones locales y canales cortos de comercializaci\u00f3n; las experiencias de los sentipaseos con <i>Paco C\u00e1ceres<\/i> mostr\u00f3 otra forma de acercarnos y vincularnos a nuestros paisajes; <i>Sergio Couto<\/i> nos trajo el proyecto <b>MEMOLab-UGR<\/b> de regeneraci\u00f3n de acequias de careo; y todo ello junto al escritor <i>Rafael Navarro de Castro<\/i>, autor de los libros \u201cLa tierra desnuda\u201d y \u201cPlaneta invernadero\u201d.<\/span><\/span><\/p>\n<p class=\"western\" align=\"justify\"><span style=\"font-family: Cambria Math, serif;\"><span style=\"font-size: large;\">-El s\u00e1bado por la tarde, la ecocr\u00edtica literaria <i>Thal\u00eda Comp\u00e1n Santiago<\/i> nos habl\u00f3 de la <b>ECOPOES\u00cdA, \u00bfUNA NUEVA MODA?<\/b> y profundiz\u00f3 de forma muy completa en el concepto. Esta charla vino acompa\u00f1ada de un <b>recital ecopo\u00e9tico<\/b>, donde particip\u00f3 la propia <i>Thal\u00eda Comp\u00e1n<\/i> junto a <i>Lola Callej\u00f3n<\/i> y en micro abierto lo hicieron: <i>Pedro Casamayor<\/i>, <i>\u00c1ngeles Carnacea<\/i>, y otros amigos. El recital estuvo amenizado por el m\u00fasico <i>Isidoro Aparicio<\/i>. El resultado final fue una velada c\u00e1lida e irrepetible.<\/span><\/span><\/p>\n<p class=\"western\" align=\"justify\"><span style=\"font-family: Cambria Math, serif;\"><span style=\"font-size: large;\">-En la mesa redonda sobre <b>LITERATURA DE NATURALEZA Y EDUCACI\u00d3N AMBIENTAL<\/b> participaron <i>Rosario Toril<\/i> (Centro Nacional de Educaci\u00f3n Ambiental-CENEAM y Red de Centros de Informaci\u00f3n y Documentaci\u00f3n Ambiental del estado espa\u00f1ol-RECIDA), <i>Mari Luz D\u00edaz<\/i> (Huerto Alegre) y <i>Lola Callej\u00f3n<\/i> (escritora, participante en la I residencia de Literatura y Medio Ambiente y coordinadora del club de lectura LETRA DE NATURALEZA en Granada). <\/span><\/span><\/p>\n<p class=\"western\" align=\"justify\">\u25cf<span style=\"font-family: Cambria Math, serif;\"><span style=\"font-size: large;\"><b>Intervenciones art\u00edsticas<\/b> como la que hizo la artista visual <i>Carmen Sigler<\/i> en el propio museo denominada <b>LAS ENTRA\u00d1AS DE LO REAL<\/b>, una reflexi\u00f3n profunda sobre el cuidado del planeta. <\/span><\/span><\/p>\n<p class=\"western\" align=\"justify\"><span style=\"font-family: Cambria Math, serif;\"><span style=\"font-size: large;\">O talleres como el que realiz\u00f3 <i>La Redonda Gr\u00e1ficas<\/i> de <b>dibujo con ca\u00f1as<\/b> en el ECOMERCADO para todos los p\u00fablicos.<\/span><\/span><\/p>\n<p class=\"western\" align=\"justify\">\u25cf<span style=\"font-family: Cambria Math, serif;\"><span style=\"font-size: large;\"><b>Proyecci\u00f3n cinematogr\u00e1fica<\/b>: <i>La tortuga Roja<\/i>. Cine mudo y de animaci\u00f3n que nos adentra en conceptos como la amistad, el amor o el respeto por el entorno natural. Un gran poema visual cargado de belleza.<\/span><\/span><\/p>\n<p class=\"western\" align=\"justify\"><span style=\"font-family: Cambria Math, serif;\"><span style=\"font-size: large;\">Esta variedad de formatos ha permitido llegar a un p\u00fablico muy diverso. <\/span><\/span><\/p>\n<p class=\"western\" align=\"justify\"><span style=\"font-family: Cambria Math, serif;\"><span style=\"font-size: large;\">Los encuentros han tenido como tel\u00f3n de fondo los barrios del Sacromonte y el Albayz\u00edn, en un contexto paisaj\u00edstico-cultural \u00fanico, un territorio de gran valor hist\u00f3rico, un trozo de naturaleza que se adentra en la ciudad de la mano del valle del r\u00edo Darro, frente a la Alhambra, mirando al Parque Periurbano de la Dehesa del Generalife y a las cumbres del Espacio Natural de Sierra Nevada (lugar de mayor biodiversidad del continente europeo). Tanto el Museo Cuevas del Sacromonte como el Carmen de la Victoria (UGR) albergaron la mayor\u00eda de las actividades propuestas, complet\u00e1ndose con rutas y acciones por el entorno.<\/span><\/span><\/p>\n<p class=\"western\" align=\"justify\"><span style=\"font-family: Cambria Math, serif;\"><span style=\"font-size: large;\">Adem\u00e1s, los encuentros han generado OTRAS ACTIVIDADES DERIVADAS:<\/span><\/span><\/p>\n<p class=\"western\" align=\"justify\"><span style=\"font-family: Cambria Math, serif;\"><span style=\"font-size: large;\">-Letra de Naturaleza. Club de lectura perteneciente a la Red de Clubes de Lecturas Verdes, coordinados por RECIDA (Red de Centros de Informaci\u00f3n y Documentaci\u00f3n Ambiental). Lugar de reuni\u00f3n: Librer\u00eda Picasso (Granada). Permanente todo el a\u00f1o. Coordina: Lola Callej\u00f3n Aci\u00e9n.<\/span><\/span><\/p>\n<p class=\"western\" align=\"justify\"><span style=\"font-family: Cambria Math, serif;\"><span style=\"font-size: large;\">-Repoblaci\u00f3n y siembra de plantas aut\u00f3ctonas en distintas fechas. Colectivo: \u00c1rboles Contra el Cambio Clim\u00e1tico.<\/span><\/span><\/p>\n<p class=\"western\" align=\"justify\"><span style=\"font-family: Cambria Math, serif;\"><span style=\"font-size: large;\">-Fomento de la lectura de literatura de naturaleza en el IES Albayzin y en el IES Arabuleila (C\u00fallar Vega). Encuentro y di\u00e1logo con ecopoetas.<\/span><\/span><\/p>\n<p class=\"western\" align=\"justify\"><span style=\"font-family: Cambria Math, serif;\"><span style=\"font-size: large;\">Los encuentros han tenido muy buena acogida y han abierto un espacio en nuestra ciudad para la literatura de naturaleza, colaborando a estrechar v\u00ednculos con el territorio, del que formamos parte. Un espacio necesario.<\/span><\/span><\/p>\n<p align=\"justify\"><a href=\"https:\/\/www.lolacallejonacien.es\/letra-de-naturaleza\/\"><span style=\"color: #0000ff;\"><strong>M\u00e1s informaci\u00f3n<\/strong> <\/span><\/a><\/p>\n<p align=\"justify\"><strong>Lola Callej\u00f3n<\/strong><\/p>\n","protected":false},"excerpt":{"rendered":"<p>Por Lola Callej\u00f3n Con una gran acogida, han finalizado los I ENCUENTROS DE LITERATURA DE NATURALEZA Y PATRIMONIO (del 6 al 14 de septiembre de 2025). Frente al desapego por los ecosistemas y las emergencias ambientales que nos acechan, LETRA DE NATURALEZA nace de la necesidad de restablecer nuestros v\u00ednculos con la naturaleza, y el [&hellip;]<\/p>\n","protected":false},"author":56,"featured_media":23412,"comment_status":"open","ping_status":"closed","sticky":false,"template":"","format":"standard","meta":{"footnotes":""},"categories":[2298],"tags":[],"class_list":{"0":"post-23409","1":"post","2":"type-post","3":"status-publish","4":"format-standard","5":"has-post-thumbnail","7":"category-colaboradores"},"yoast_head":"<!-- This site is optimized with the Yoast SEO plugin v27.5 - https:\/\/yoast.com\/product\/yoast-seo-wordpress\/ -->\n<title>I ENCUENTROS DE LITERATURA DE NATURALEZA Y PATRIMONIO | Colaboradores | HOJAS SUELTAS Peri\u00f3dico Cultural<\/title>\n<meta name=\"description\" content=\"OPINI\u00d3N - Cr\u00f3nica de los Encuentros celebrados recientemente en Granada por Letra de Naturaleza.\" \/>\n<meta name=\"robots\" content=\"index, follow, max-snippet:-1, max-image-preview:large, max-video-preview:-1\" \/>\n<link rel=\"canonical\" href=\"https:\/\/hojassueltas.es\/?p=23409\" \/>\n<meta property=\"og:locale\" content=\"es_ES\" \/>\n<meta property=\"og:type\" content=\"article\" \/>\n<meta property=\"og:title\" content=\"I ENCUENTROS DE LITERATURA DE NATURALEZA Y PATRIMONIO | Colaboradores | HOJAS SUELTAS Peri\u00f3dico Cultural\" \/>\n<meta property=\"og:description\" content=\"OPINI\u00d3N - Cr\u00f3nica de los Encuentros celebrados recientemente en Granada por Letra de Naturaleza.\" \/>\n<meta property=\"og:url\" content=\"https:\/\/hojassueltas.es\/?p=23409\" \/>\n<meta property=\"og:site_name\" content=\"HOJAS SUELTAS Peri\u00f3dico Cultural\" \/>\n<meta property=\"article:published_time\" content=\"2025-09-27T22:00:46+00:00\" \/>\n<meta property=\"article:modified_time\" content=\"2025-10-01T05:28:07+00:00\" \/>\n<meta property=\"og:image\" content=\"https:\/\/hojassueltas.es\/wp-content\/uploads\/2025\/09\/Letra-de-naturaleza_H.S.png\" \/>\n\t<meta property=\"og:image:width\" content=\"1050\" \/>\n\t<meta property=\"og:image:height\" content=\"710\" \/>\n\t<meta property=\"og:image:type\" content=\"image\/png\" \/>\n<meta name=\"author\" content=\"Lola Callej\u00f3n Aci\u00e9n\" \/>\n<meta name=\"twitter:card\" content=\"summary_large_image\" \/>\n<meta name=\"twitter:creator\" content=\"@HOJASSUELTAS22\" \/>\n<meta name=\"twitter:site\" content=\"@HOJASSUELTAS22\" \/>\n<meta name=\"twitter:label1\" content=\"Escrito por\" \/>\n\t<meta name=\"twitter:data1\" content=\"Lola Callej\u00f3n Aci\u00e9n\" \/>\n\t<meta name=\"twitter:label2\" content=\"Tiempo de lectura\" \/>\n\t<meta name=\"twitter:data2\" content=\"5 minutos\" \/>\n<script type=\"application\/ld+json\" class=\"yoast-schema-graph\">{\"@context\":\"https:\\\/\\\/schema.org\",\"@graph\":[{\"@type\":[\"Article\",\"BlogPosting\"],\"@id\":\"https:\\\/\\\/hojassueltas.es\\\/?p=23409#article\",\"isPartOf\":{\"@id\":\"https:\\\/\\\/hojassueltas.es\\\/?p=23409\"},\"author\":{\"name\":\"Lola Callej\u00f3n Aci\u00e9n\",\"@id\":\"https:\\\/\\\/hojassueltas.es\\\/#\\\/schema\\\/person\\\/4be183267eaebfdeee39ba9280459766\"},\"headline\":\"I ENCUENTROS DE LITERATURA DE NATURALEZA Y PATRIMONIO\",\"datePublished\":\"2025-09-27T22:00:46+00:00\",\"dateModified\":\"2025-10-01T05:28:07+00:00\",\"mainEntityOfPage\":{\"@id\":\"https:\\\/\\\/hojassueltas.es\\\/?p=23409\"},\"wordCount\":1130,\"commentCount\":0,\"publisher\":{\"@id\":\"https:\\\/\\\/hojassueltas.es\\\/#organization\"},\"image\":{\"@id\":\"https:\\\/\\\/hojassueltas.es\\\/?p=23409#primaryimage\"},\"thumbnailUrl\":\"https:\\\/\\\/hojassueltas.es\\\/wp-content\\\/uploads\\\/2025\\\/09\\\/Letra-de-naturaleza_H.S.png\",\"articleSection\":[\"Colaboradores\"],\"inLanguage\":\"es\",\"potentialAction\":[{\"@type\":\"CommentAction\",\"name\":\"Comment\",\"target\":[\"https:\\\/\\\/hojassueltas.es\\\/?p=23409#respond\"]}]},{\"@type\":\"WebPage\",\"@id\":\"https:\\\/\\\/hojassueltas.es\\\/?p=23409\",\"url\":\"https:\\\/\\\/hojassueltas.es\\\/?p=23409\",\"name\":\"I ENCUENTROS DE LITERATURA DE NATURALEZA Y PATRIMONIO | Colaboradores | HOJAS SUELTAS Peri\u00f3dico Cultural\",\"isPartOf\":{\"@id\":\"https:\\\/\\\/hojassueltas.es\\\/#website\"},\"primaryImageOfPage\":{\"@id\":\"https:\\\/\\\/hojassueltas.es\\\/?p=23409#primaryimage\"},\"image\":{\"@id\":\"https:\\\/\\\/hojassueltas.es\\\/?p=23409#primaryimage\"},\"thumbnailUrl\":\"https:\\\/\\\/hojassueltas.es\\\/wp-content\\\/uploads\\\/2025\\\/09\\\/Letra-de-naturaleza_H.S.png\",\"datePublished\":\"2025-09-27T22:00:46+00:00\",\"dateModified\":\"2025-10-01T05:28:07+00:00\",\"description\":\"OPINI\u00d3N - Cr\u00f3nica de los Encuentros celebrados recientemente en Granada por Letra de Naturaleza.\",\"breadcrumb\":{\"@id\":\"https:\\\/\\\/hojassueltas.es\\\/?p=23409#breadcrumb\"},\"inLanguage\":\"es\",\"potentialAction\":[{\"@type\":\"ReadAction\",\"target\":[\"https:\\\/\\\/hojassueltas.es\\\/?p=23409\"]}]},{\"@type\":\"ImageObject\",\"inLanguage\":\"es\",\"@id\":\"https:\\\/\\\/hojassueltas.es\\\/?p=23409#primaryimage\",\"url\":\"https:\\\/\\\/hojassueltas.es\\\/wp-content\\\/uploads\\\/2025\\\/09\\\/Letra-de-naturaleza_H.S.png\",\"contentUrl\":\"https:\\\/\\\/hojassueltas.es\\\/wp-content\\\/uploads\\\/2025\\\/09\\\/Letra-de-naturaleza_H.S.png\",\"width\":1050,\"height\":710},{\"@type\":\"BreadcrumbList\",\"@id\":\"https:\\\/\\\/hojassueltas.es\\\/?p=23409#breadcrumb\",\"itemListElement\":[{\"@type\":\"ListItem\",\"position\":1,\"name\":\"Portada\",\"item\":\"https:\\\/\\\/hojassueltas.es\\\/\"},{\"@type\":\"ListItem\",\"position\":2,\"name\":\"I ENCUENTROS DE LITERATURA DE NATURALEZA Y PATRIMONIO\"}]},{\"@type\":\"WebSite\",\"@id\":\"https:\\\/\\\/hojassueltas.es\\\/#website\",\"url\":\"https:\\\/\\\/hojassueltas.es\\\/\",\"name\":\"HojasSueltas.es\",\"description\":\"GRANADA - Peri\u00f3dico Cultural\",\"publisher\":{\"@id\":\"https:\\\/\\\/hojassueltas.es\\\/#organization\"},\"alternateName\":\"H.S. Periodico Cultural\",\"potentialAction\":[{\"@type\":\"SearchAction\",\"target\":{\"@type\":\"EntryPoint\",\"urlTemplate\":\"https:\\\/\\\/hojassueltas.es\\\/?s={search_term_string}\"},\"query-input\":{\"@type\":\"PropertyValueSpecification\",\"valueRequired\":true,\"valueName\":\"search_term_string\"}}],\"inLanguage\":\"es\"},{\"@type\":\"Organization\",\"@id\":\"https:\\\/\\\/hojassueltas.es\\\/#organization\",\"name\":\"HOJAS SUELTAS - Peri\u00f3dico Cultural\",\"alternateName\":\"HS - HOJAS SUELTAS Peri\u00f3dico Cultural\",\"url\":\"https:\\\/\\\/hojassueltas.es\\\/\",\"logo\":{\"@type\":\"ImageObject\",\"inLanguage\":\"es\",\"@id\":\"https:\\\/\\\/hojassueltas.es\\\/#\\\/schema\\\/logo\\\/image\\\/\",\"url\":\"https:\\\/\\\/hojassueltas.es\\\/wp-content\\\/uploads\\\/2025\\\/08\\\/Icono-HS_2.png\",\"contentUrl\":\"https:\\\/\\\/hojassueltas.es\\\/wp-content\\\/uploads\\\/2025\\\/08\\\/Icono-HS_2.png\",\"width\":500,\"height\":500,\"caption\":\"HOJAS SUELTAS - Peri\u00f3dico Cultural\"},\"image\":{\"@id\":\"https:\\\/\\\/hojassueltas.es\\\/#\\\/schema\\\/logo\\\/image\\\/\"},\"sameAs\":[\"https:\\\/\\\/x.com\\\/HOJASSUELTAS22\"]},{\"@type\":\"Person\",\"@id\":\"https:\\\/\\\/hojassueltas.es\\\/#\\\/schema\\\/person\\\/4be183267eaebfdeee39ba9280459766\",\"name\":\"Lola Callej\u00f3n Aci\u00e9n\",\"image\":{\"@type\":\"ImageObject\",\"inLanguage\":\"es\",\"@id\":\"https:\\\/\\\/hojassueltas.es\\\/wp-content\\\/uploads\\\/2023\\\/10\\\/Lola-callejon_web-96x96.jpg\",\"url\":\"https:\\\/\\\/hojassueltas.es\\\/wp-content\\\/uploads\\\/2023\\\/10\\\/Lola-callejon_web-96x96.jpg\",\"contentUrl\":\"https:\\\/\\\/hojassueltas.es\\\/wp-content\\\/uploads\\\/2023\\\/10\\\/Lola-callejon_web-96x96.jpg\",\"caption\":\"Lola Callej\u00f3n Aci\u00e9n\"},\"description\":\"Es licenciada en Ciencias Biol\u00f3gicas. M\u00e1ster en Educaci\u00f3n Ambiental y Desarrollo Sostenible y Especialista Universitaria en Educaci\u00f3n Ambiental y Globalizaci\u00f3n: Educar para un Desarrollo Sostenible Global y Local. Actualmente es profesora en Granada, en centro p\u00fablico de la Junta de Andaluc\u00eda. Especialidad: Interpretaci\u00f3n y Educaci\u00f3n Ambiental. Ha publicado numerosos poemarios, as\u00ed como diversos libros y trabajos de investigaci\u00f3n medioambientales. Ha participado en diferentes encuentros y recitales po\u00e9ticos, entre los que destacamos: Quej\u00edo. Grito de mujer. C\u00f3rdoba. D\u00eda Mundial de la Poes\u00eda. Granada Ciudad de Literatura Unesco. Amanecer en la Alcazaba. Almer\u00eda. Voces del Extremo. Moguer (Huelva).\",\"sameAs\":[\"https:\\\/\\\/www.lolacallejonacien.es\\\/\"],\"url\":\"https:\\\/\\\/hojassueltas.es\\\/?author=56\"}]}<\/script>\n<!-- \/ Yoast SEO plugin. -->","yoast_head_json":{"title":"I ENCUENTROS DE LITERATURA DE NATURALEZA Y PATRIMONIO | Colaboradores | HOJAS SUELTAS Peri\u00f3dico Cultural","description":"OPINI\u00d3N - Cr\u00f3nica de los Encuentros celebrados recientemente en Granada por Letra de Naturaleza.","robots":{"index":"index","follow":"follow","max-snippet":"max-snippet:-1","max-image-preview":"max-image-preview:large","max-video-preview":"max-video-preview:-1"},"canonical":"https:\/\/hojassueltas.es\/?p=23409","og_locale":"es_ES","og_type":"article","og_title":"I ENCUENTROS DE LITERATURA DE NATURALEZA Y PATRIMONIO | Colaboradores | HOJAS SUELTAS Peri\u00f3dico Cultural","og_description":"OPINI\u00d3N - Cr\u00f3nica de los Encuentros celebrados recientemente en Granada por Letra de Naturaleza.","og_url":"https:\/\/hojassueltas.es\/?p=23409","og_site_name":"HOJAS SUELTAS Peri\u00f3dico Cultural","article_published_time":"2025-09-27T22:00:46+00:00","article_modified_time":"2025-10-01T05:28:07+00:00","og_image":[{"width":1050,"height":710,"url":"https:\/\/hojassueltas.es\/wp-content\/uploads\/2025\/09\/Letra-de-naturaleza_H.S.png","type":"image\/png"}],"author":"Lola Callej\u00f3n Aci\u00e9n","twitter_card":"summary_large_image","twitter_creator":"@HOJASSUELTAS22","twitter_site":"@HOJASSUELTAS22","twitter_misc":{"Escrito por":"Lola Callej\u00f3n Aci\u00e9n","Tiempo de lectura":"5 minutos"},"schema":{"@context":"https:\/\/schema.org","@graph":[{"@type":["Article","BlogPosting"],"@id":"https:\/\/hojassueltas.es\/?p=23409#article","isPartOf":{"@id":"https:\/\/hojassueltas.es\/?p=23409"},"author":{"name":"Lola Callej\u00f3n Aci\u00e9n","@id":"https:\/\/hojassueltas.es\/#\/schema\/person\/4be183267eaebfdeee39ba9280459766"},"headline":"I ENCUENTROS DE LITERATURA DE NATURALEZA Y PATRIMONIO","datePublished":"2025-09-27T22:00:46+00:00","dateModified":"2025-10-01T05:28:07+00:00","mainEntityOfPage":{"@id":"https:\/\/hojassueltas.es\/?p=23409"},"wordCount":1130,"commentCount":0,"publisher":{"@id":"https:\/\/hojassueltas.es\/#organization"},"image":{"@id":"https:\/\/hojassueltas.es\/?p=23409#primaryimage"},"thumbnailUrl":"https:\/\/hojassueltas.es\/wp-content\/uploads\/2025\/09\/Letra-de-naturaleza_H.S.png","articleSection":["Colaboradores"],"inLanguage":"es","potentialAction":[{"@type":"CommentAction","name":"Comment","target":["https:\/\/hojassueltas.es\/?p=23409#respond"]}]},{"@type":"WebPage","@id":"https:\/\/hojassueltas.es\/?p=23409","url":"https:\/\/hojassueltas.es\/?p=23409","name":"I ENCUENTROS DE LITERATURA DE NATURALEZA Y PATRIMONIO | Colaboradores | HOJAS SUELTAS Peri\u00f3dico Cultural","isPartOf":{"@id":"https:\/\/hojassueltas.es\/#website"},"primaryImageOfPage":{"@id":"https:\/\/hojassueltas.es\/?p=23409#primaryimage"},"image":{"@id":"https:\/\/hojassueltas.es\/?p=23409#primaryimage"},"thumbnailUrl":"https:\/\/hojassueltas.es\/wp-content\/uploads\/2025\/09\/Letra-de-naturaleza_H.S.png","datePublished":"2025-09-27T22:00:46+00:00","dateModified":"2025-10-01T05:28:07+00:00","description":"OPINI\u00d3N - Cr\u00f3nica de los Encuentros celebrados recientemente en Granada por Letra de Naturaleza.","breadcrumb":{"@id":"https:\/\/hojassueltas.es\/?p=23409#breadcrumb"},"inLanguage":"es","potentialAction":[{"@type":"ReadAction","target":["https:\/\/hojassueltas.es\/?p=23409"]}]},{"@type":"ImageObject","inLanguage":"es","@id":"https:\/\/hojassueltas.es\/?p=23409#primaryimage","url":"https:\/\/hojassueltas.es\/wp-content\/uploads\/2025\/09\/Letra-de-naturaleza_H.S.png","contentUrl":"https:\/\/hojassueltas.es\/wp-content\/uploads\/2025\/09\/Letra-de-naturaleza_H.S.png","width":1050,"height":710},{"@type":"BreadcrumbList","@id":"https:\/\/hojassueltas.es\/?p=23409#breadcrumb","itemListElement":[{"@type":"ListItem","position":1,"name":"Portada","item":"https:\/\/hojassueltas.es\/"},{"@type":"ListItem","position":2,"name":"I ENCUENTROS DE LITERATURA DE NATURALEZA Y PATRIMONIO"}]},{"@type":"WebSite","@id":"https:\/\/hojassueltas.es\/#website","url":"https:\/\/hojassueltas.es\/","name":"HojasSueltas.es","description":"GRANADA - Peri\u00f3dico Cultural","publisher":{"@id":"https:\/\/hojassueltas.es\/#organization"},"alternateName":"H.S. Periodico Cultural","potentialAction":[{"@type":"SearchAction","target":{"@type":"EntryPoint","urlTemplate":"https:\/\/hojassueltas.es\/?s={search_term_string}"},"query-input":{"@type":"PropertyValueSpecification","valueRequired":true,"valueName":"search_term_string"}}],"inLanguage":"es"},{"@type":"Organization","@id":"https:\/\/hojassueltas.es\/#organization","name":"HOJAS SUELTAS - Peri\u00f3dico Cultural","alternateName":"HS - HOJAS SUELTAS Peri\u00f3dico Cultural","url":"https:\/\/hojassueltas.es\/","logo":{"@type":"ImageObject","inLanguage":"es","@id":"https:\/\/hojassueltas.es\/#\/schema\/logo\/image\/","url":"https:\/\/hojassueltas.es\/wp-content\/uploads\/2025\/08\/Icono-HS_2.png","contentUrl":"https:\/\/hojassueltas.es\/wp-content\/uploads\/2025\/08\/Icono-HS_2.png","width":500,"height":500,"caption":"HOJAS SUELTAS - Peri\u00f3dico Cultural"},"image":{"@id":"https:\/\/hojassueltas.es\/#\/schema\/logo\/image\/"},"sameAs":["https:\/\/x.com\/HOJASSUELTAS22"]},{"@type":"Person","@id":"https:\/\/hojassueltas.es\/#\/schema\/person\/4be183267eaebfdeee39ba9280459766","name":"Lola Callej\u00f3n Aci\u00e9n","image":{"@type":"ImageObject","inLanguage":"es","@id":"https:\/\/hojassueltas.es\/wp-content\/uploads\/2023\/10\/Lola-callejon_web-96x96.jpg","url":"https:\/\/hojassueltas.es\/wp-content\/uploads\/2023\/10\/Lola-callejon_web-96x96.jpg","contentUrl":"https:\/\/hojassueltas.es\/wp-content\/uploads\/2023\/10\/Lola-callejon_web-96x96.jpg","caption":"Lola Callej\u00f3n Aci\u00e9n"},"description":"Es licenciada en Ciencias Biol\u00f3gicas. M\u00e1ster en Educaci\u00f3n Ambiental y Desarrollo Sostenible y Especialista Universitaria en Educaci\u00f3n Ambiental y Globalizaci\u00f3n: Educar para un Desarrollo Sostenible Global y Local. Actualmente es profesora en Granada, en centro p\u00fablico de la Junta de Andaluc\u00eda. Especialidad: Interpretaci\u00f3n y Educaci\u00f3n Ambiental. Ha publicado numerosos poemarios, as\u00ed como diversos libros y trabajos de investigaci\u00f3n medioambientales. Ha participado en diferentes encuentros y recitales po\u00e9ticos, entre los que destacamos: Quej\u00edo. Grito de mujer. C\u00f3rdoba. D\u00eda Mundial de la Poes\u00eda. Granada Ciudad de Literatura Unesco. Amanecer en la Alcazaba. Almer\u00eda. Voces del Extremo. Moguer (Huelva).","sameAs":["https:\/\/www.lolacallejonacien.es\/"],"url":"https:\/\/hojassueltas.es\/?author=56"}]}},"_links":{"self":[{"href":"https:\/\/hojassueltas.es\/index.php?rest_route=\/wp\/v2\/posts\/23409","targetHints":{"allow":["GET"]}}],"collection":[{"href":"https:\/\/hojassueltas.es\/index.php?rest_route=\/wp\/v2\/posts"}],"about":[{"href":"https:\/\/hojassueltas.es\/index.php?rest_route=\/wp\/v2\/types\/post"}],"author":[{"embeddable":true,"href":"https:\/\/hojassueltas.es\/index.php?rest_route=\/wp\/v2\/users\/56"}],"replies":[{"embeddable":true,"href":"https:\/\/hojassueltas.es\/index.php?rest_route=%2Fwp%2Fv2%2Fcomments&post=23409"}],"version-history":[{"count":3,"href":"https:\/\/hojassueltas.es\/index.php?rest_route=\/wp\/v2\/posts\/23409\/revisions"}],"predecessor-version":[{"id":23612,"href":"https:\/\/hojassueltas.es\/index.php?rest_route=\/wp\/v2\/posts\/23409\/revisions\/23612"}],"wp:featuredmedia":[{"embeddable":true,"href":"https:\/\/hojassueltas.es\/index.php?rest_route=\/wp\/v2\/media\/23412"}],"wp:attachment":[{"href":"https:\/\/hojassueltas.es\/index.php?rest_route=%2Fwp%2Fv2%2Fmedia&parent=23409"}],"wp:term":[{"taxonomy":"category","embeddable":true,"href":"https:\/\/hojassueltas.es\/index.php?rest_route=%2Fwp%2Fv2%2Fcategories&post=23409"},{"taxonomy":"post_tag","embeddable":true,"href":"https:\/\/hojassueltas.es\/index.php?rest_route=%2Fwp%2Fv2%2Ftags&post=23409"}],"curies":[{"name":"wp","href":"https:\/\/api.w.org\/{rel}","templated":true}]}}