{"id":23245,"date":"2025-09-22T00:30:01","date_gmt":"2025-09-21T23:30:01","guid":{"rendered":"https:\/\/hojassueltas.es\/?p=23245"},"modified":"2025-10-20T12:45:13","modified_gmt":"2025-10-20T10:45:13","slug":"llamalo-sueno-henry-roth","status":"publish","type":"post","link":"https:\/\/hojassueltas.es\/?p=23245","title":{"rendered":"Ll\u00e1malo sue\u00f1o &#8211;  Henry Roth"},"content":{"rendered":"<p style=\"text-align: justify;\">Dicen que la infancia es el para\u00edso perdido, pero para algunos es el infierno nunca olvidado. Un infierno que regresa constantemente, porque se ha convertido en un h\u00e1bito del pensamiento, porque te ha formado o deformado de manera que ya no ser\u00e1s el adulto que hubiera resultado de esa infancia id\u00edlica de la que sin embargo otros tienen gratos recuerdos, una memoria que se mantiene imperturbable con los a\u00f1os, como le ocurri\u00f3 al norteamericano Henry Roth (1906-1995), jud\u00edo emigrado en la infancia, gran escritor.<\/p>\n<p style=\"text-align: justify;\">Roth rememor\u00f3 su infancia en <em>Ll\u00e1malo sue\u00f1o <\/em>(1934) y despu\u00e9s mantuvo un largu\u00edsimo silencio de sesenta a\u00f1os hasta escribir su segunda novela, porque tal vez en la primera hab\u00eda volcado toda esa hiel que fue cri\u00e1ndose en sus primeros a\u00f1os, los que ahora conocemos gracias a esta obra maestra. Nada recuerda Roth de sus primeros seis a\u00f1os en Europa: la novela comienza mientras el barco entra en los muelles de Nueva York, cogido en los brazos de su madre, esperando a ver a un padre que no ha conocido puesto que se fue a Am\u00e9rica cuando \u00e9l apenas ten\u00eda unos meses.<\/p>\n<p style=\"text-align: justify;\">Y lo que se encuentra el protagonista, el peque\u00f1o David, no es un territorio desconocido, sino algo mucho peor: a un padre desconocido. David es un inmigrante sentimental, un peque\u00f1o personaje que atraviesa medio mundo para encontrarse con su progenitor y encerrarse en su mundo violento y mezquino, donde crecer\u00e1 en medio del terror. Su \u00fanico consuelo es su madre, figura que Roth borda en la novela: la madre de David se convierte en un personaje inolvidable porque nos lleva, no a nuestras propias madres en la infancia, sino al recuerdo sentimental y distorsionado que guardamos de las madres que quiz\u00e1s nunca tuvimos pero que deber\u00edamos haber tenido.<\/p>\n<p style=\"text-align: justify;\">La madre de David no es s\u00f3lo el ideal de la madre cari\u00f1osa y entregada al cuidado de su hijo, sino tambi\u00e9n el escudo que lo protege del padre y el interlocutor entre el peque\u00f1o mundo de David y el gran mundo que le rodea. A ello une una poderosa personalidad encarnada en su desvelo por el dif\u00edcil marido y todas sus circunstancias: cuando \u00e9l aparece por la puerta, nunca se sabe qu\u00e9 cara va a traer. Unas veces llega con un amigo, al que presenta como el mejor que ha tenido en su vida, y otras veces aparece con la mano vendada y ensangrentada, sin una parte del pulgar porque en la m\u00e1quina de impresi\u00f3n ha pagado toda la ira que lleva dentro contra el resto de los seres humanos.<\/p>\n<p style=\"text-align: justify;\">No hay un momento de descanso en la figura del padre: en las muchas p\u00e1ginas en que aparece va engrosando capas de vileza y severidad, como si estuviera enfrentado con el mundo, empezando por su propia familia. No hay un momento de amor en toda la novela, como si Roth nos quisiera explicar que en su infancia ese sentimiento nunca estuvo presente. Y es muy duro que a un ni\u00f1o le ocurra algo as\u00ed. Por eso, <em>Ll\u00e1malo sue\u00f1o<\/em> es una novela dura, sin concesiones y a la vez sin dramatismos; es un plano inclinado en el que va cayendo por su propio peso la realidad cada vez m\u00e1s descarnada, con episodios que van endureciendo la trama mediante peque\u00f1os detalles, como un gota a gota que va cayendo sobre la peque\u00f1a experiencia de David, v\u00edctima de vivir en el sitio equivocado con el padre equivocado.<\/p>\n<p style=\"text-align: justify;\">No es esta una novela para esp\u00edritus complacientes. Nunca parece haber enmienda, ni un instante de arrepentimiento en la actitud infame del padre. La infancia de David no son los recuerdos de un barrio jud\u00edo pobre donde los ni\u00f1os juegan con una pelota de tiras de papel; la infancia de David son los recuerdos de su padre, la actitud de su padre, la conducta de su padre, que lo marca todo, desde que se levanta hasta que se acuesta, desde el momento en que lo oye llegar por las escaleras y \u00e9l se escabulle corriendo hacia su cuarto muerto de miedo, hasta el instante en que lo oye marcharse y puede descansar tranquilo durante unas horas en las faldas de su madre.<\/p>\n<p style=\"text-align: justify;\">Todo lo marca ese hombre, como estamos seguros que marc\u00f3 la infancia del escritor Henry Roth, que escribe sobre \u00e9l y sobre su padre sin resentimiento, con una objetividad tan di\u00e1fana que se convierte en la peor de las pesadillas, porque no hay en ella una mirada de compasi\u00f3n por la dif\u00edcil situaci\u00f3n del chico, no hay un descanso para su mente atormentada por el extra\u00f1o en que se ha convertido su propio progenitor.<\/p>\n<p style=\"text-align: justify;\">Hay que leer al menos dos veces <em>Ll\u00e1malo sue\u00f1o<\/em> para comprender por completo la dureza del relato, porque cuando ya conocemos el final, cuando no podemos olvidar hacia qu\u00e9 situaci\u00f3n va derivando la historia, no sentimos esa angustia de la relectura, como si no quisi\u00e9ramos volver a encontrar tanta impiedad dos veces en un relato de ficci\u00f3n. El final de esta novela es en s\u00ed mismo una obra maestra, porque resume de una manera fulminante la atm\u00f3sfera que hemos ido viviendo a lo largo de la lectura. No hay drama, no hay violencia, s\u00f3lo una cadena de situaciones que son la consecuencia de todas las p\u00e1ginas que las anteceden, como si lo que ocurri\u00f3 no hubiera podido ocurrido de ninguna otra manera. Es, en resumen, la vida. Sin edulcorantes, en estado puro: la vida de un ni\u00f1o al que se le roba la ni\u00f1ez. Tan natural que, cuando se lee, resulta aterrador.<\/p>\n<p><strong>\u00a9 Jos\u00e9 Luis Alvarado. Todos los derechos reservados (Cicutadry)<\/strong><\/p>\n","protected":false},"excerpt":{"rendered":"<p>Dicen que la infancia es el para\u00edso perdido, pero para algunos es el infierno nunca olvidado. Un infierno que regresa constantemente, porque se ha convertido en un h\u00e1bito del pensamiento, porque te ha formado o deformado de manera que ya no ser\u00e1s el adulto que hubiera resultado de esa infancia id\u00edlica de la que sin [&hellip;]<\/p>\n","protected":false},"author":38,"featured_media":23246,"comment_status":"open","ping_status":"closed","sticky":false,"template":"","format":"standard","meta":{"footnotes":""},"categories":[74],"tags":[18,2642],"class_list":{"0":"post-23245","1":"post","2":"type-post","3":"status-publish","4":"format-standard","5":"has-post-thumbnail","7":"category-resenas","8":"tag-alfaguara-editorial","9":"tag-henry-roth"},"yoast_head":"<!-- This site is optimized with the Yoast SEO plugin v27.5 - https:\/\/yoast.com\/product\/yoast-seo-wordpress\/ -->\n<title>Ll\u00e1malo sue\u00f1o - Henry Roth | HOJAS SUELTAS Peri\u00f3dico Cultural<\/title>\n<meta name=\"description\" content=\"RESE\u00d1AS; Por Jos\u00e9 Luis Alvarado = Roth rememor\u00f3 su infancia en Ll\u00e1malo sue\u00f1o (1934) y despu\u00e9s mantuvo un largu\u00edsimo silencio de sesenta a\u00f1os hasta escribir su segunda novela\" \/>\n<meta name=\"robots\" content=\"index, follow, max-snippet:-1, max-image-preview:large, max-video-preview:-1\" \/>\n<link rel=\"canonical\" href=\"https:\/\/hojassueltas.es\/?p=23245\" \/>\n<meta property=\"og:locale\" content=\"es_ES\" \/>\n<meta property=\"og:type\" content=\"article\" \/>\n<meta property=\"og:title\" content=\"Ll\u00e1malo sue\u00f1o - Henry Roth | HOJAS SUELTAS Peri\u00f3dico Cultural\" \/>\n<meta property=\"og:description\" content=\"RESE\u00d1AS; Por Jos\u00e9 Luis Alvarado = Roth rememor\u00f3 su infancia en Ll\u00e1malo sue\u00f1o (1934) y despu\u00e9s mantuvo un largu\u00edsimo silencio de sesenta a\u00f1os hasta escribir su segunda novela\" \/>\n<meta property=\"og:url\" content=\"https:\/\/hojassueltas.es\/?p=23245\" \/>\n<meta property=\"og:site_name\" content=\"HOJAS SUELTAS Peri\u00f3dico Cultural\" \/>\n<meta property=\"article:published_time\" content=\"2025-09-21T23:30:01+00:00\" \/>\n<meta property=\"article:modified_time\" content=\"2025-10-20T10:45:13+00:00\" \/>\n<meta property=\"og:image\" content=\"https:\/\/hojassueltas.es\/wp-content\/uploads\/2025\/09\/Llamalo-sueno_.H.S.png\" \/>\n\t<meta property=\"og:image:width\" content=\"500\" \/>\n\t<meta property=\"og:image:height\" content=\"700\" \/>\n\t<meta property=\"og:image:type\" content=\"image\/png\" \/>\n<meta name=\"author\" content=\"Jos\u00e9 Luis Alvarado\" \/>\n<meta name=\"twitter:card\" content=\"summary_large_image\" \/>\n<meta name=\"twitter:creator\" content=\"@HOJASSUELTAS22\" \/>\n<meta name=\"twitter:site\" content=\"@HOJASSUELTAS22\" \/>\n<meta name=\"twitter:label1\" content=\"Escrito por\" \/>\n\t<meta name=\"twitter:data1\" content=\"Jos\u00e9 Luis Alvarado\" \/>\n\t<meta name=\"twitter:label2\" content=\"Tiempo de lectura\" \/>\n\t<meta name=\"twitter:data2\" content=\"5 minutos\" \/>\n<script type=\"application\/ld+json\" class=\"yoast-schema-graph\">{\"@context\":\"https:\\\/\\\/schema.org\",\"@graph\":[{\"@type\":[\"Article\",\"BlogPosting\"],\"@id\":\"https:\\\/\\\/hojassueltas.es\\\/?p=23245#article\",\"isPartOf\":{\"@id\":\"https:\\\/\\\/hojassueltas.es\\\/?p=23245\"},\"author\":{\"name\":\"Jos\u00e9 Luis Alvarado\",\"@id\":\"https:\\\/\\\/hojassueltas.es\\\/#\\\/schema\\\/person\\\/0fd366c26625fc84c65a74d3da2c6d17\"},\"headline\":\"Ll\u00e1malo sue\u00f1o &#8211; Henry Roth\",\"datePublished\":\"2025-09-21T23:30:01+00:00\",\"dateModified\":\"2025-10-20T10:45:13+00:00\",\"mainEntityOfPage\":{\"@id\":\"https:\\\/\\\/hojassueltas.es\\\/?p=23245\"},\"wordCount\":984,\"commentCount\":0,\"publisher\":{\"@id\":\"https:\\\/\\\/hojassueltas.es\\\/#organization\"},\"image\":{\"@id\":\"https:\\\/\\\/hojassueltas.es\\\/?p=23245#primaryimage\"},\"thumbnailUrl\":\"https:\\\/\\\/hojassueltas.es\\\/wp-content\\\/uploads\\\/2025\\\/09\\\/Llamalo-sueno_.H.S.png\",\"keywords\":[\"Alfaguara Editorial\",\"Henry Roth\"],\"articleSection\":[\"RESE\u00d1AS\"],\"inLanguage\":\"es\",\"potentialAction\":[{\"@type\":\"CommentAction\",\"name\":\"Comment\",\"target\":[\"https:\\\/\\\/hojassueltas.es\\\/?p=23245#respond\"]}]},{\"@type\":\"WebPage\",\"@id\":\"https:\\\/\\\/hojassueltas.es\\\/?p=23245\",\"url\":\"https:\\\/\\\/hojassueltas.es\\\/?p=23245\",\"name\":\"Ll\u00e1malo sue\u00f1o - Henry Roth | HOJAS SUELTAS Peri\u00f3dico Cultural\",\"isPartOf\":{\"@id\":\"https:\\\/\\\/hojassueltas.es\\\/#website\"},\"primaryImageOfPage\":{\"@id\":\"https:\\\/\\\/hojassueltas.es\\\/?p=23245#primaryimage\"},\"image\":{\"@id\":\"https:\\\/\\\/hojassueltas.es\\\/?p=23245#primaryimage\"},\"thumbnailUrl\":\"https:\\\/\\\/hojassueltas.es\\\/wp-content\\\/uploads\\\/2025\\\/09\\\/Llamalo-sueno_.H.S.png\",\"datePublished\":\"2025-09-21T23:30:01+00:00\",\"dateModified\":\"2025-10-20T10:45:13+00:00\",\"description\":\"RESE\u00d1AS; Por Jos\u00e9 Luis Alvarado = Roth rememor\u00f3 su infancia en Ll\u00e1malo sue\u00f1o (1934) y despu\u00e9s mantuvo un largu\u00edsimo silencio de sesenta a\u00f1os hasta escribir su segunda novela\",\"breadcrumb\":{\"@id\":\"https:\\\/\\\/hojassueltas.es\\\/?p=23245#breadcrumb\"},\"inLanguage\":\"es\",\"potentialAction\":[{\"@type\":\"ReadAction\",\"target\":[\"https:\\\/\\\/hojassueltas.es\\\/?p=23245\"]}]},{\"@type\":\"ImageObject\",\"inLanguage\":\"es\",\"@id\":\"https:\\\/\\\/hojassueltas.es\\\/?p=23245#primaryimage\",\"url\":\"https:\\\/\\\/hojassueltas.es\\\/wp-content\\\/uploads\\\/2025\\\/09\\\/Llamalo-sueno_.H.S.png\",\"contentUrl\":\"https:\\\/\\\/hojassueltas.es\\\/wp-content\\\/uploads\\\/2025\\\/09\\\/Llamalo-sueno_.H.S.png\",\"width\":500,\"height\":700},{\"@type\":\"BreadcrumbList\",\"@id\":\"https:\\\/\\\/hojassueltas.es\\\/?p=23245#breadcrumb\",\"itemListElement\":[{\"@type\":\"ListItem\",\"position\":1,\"name\":\"Portada\",\"item\":\"https:\\\/\\\/hojassueltas.es\\\/\"},{\"@type\":\"ListItem\",\"position\":2,\"name\":\"Ll\u00e1malo sue\u00f1o &#8211; Henry Roth\"}]},{\"@type\":\"WebSite\",\"@id\":\"https:\\\/\\\/hojassueltas.es\\\/#website\",\"url\":\"https:\\\/\\\/hojassueltas.es\\\/\",\"name\":\"HojasSueltas.es\",\"description\":\"GRANADA - Peri\u00f3dico Cultural\",\"publisher\":{\"@id\":\"https:\\\/\\\/hojassueltas.es\\\/#organization\"},\"alternateName\":\"H.S. Periodico Cultural\",\"potentialAction\":[{\"@type\":\"SearchAction\",\"target\":{\"@type\":\"EntryPoint\",\"urlTemplate\":\"https:\\\/\\\/hojassueltas.es\\\/?s={search_term_string}\"},\"query-input\":{\"@type\":\"PropertyValueSpecification\",\"valueRequired\":true,\"valueName\":\"search_term_string\"}}],\"inLanguage\":\"es\"},{\"@type\":\"Organization\",\"@id\":\"https:\\\/\\\/hojassueltas.es\\\/#organization\",\"name\":\"HOJAS SUELTAS - Peri\u00f3dico Cultural\",\"alternateName\":\"HS - HOJAS SUELTAS Peri\u00f3dico Cultural\",\"url\":\"https:\\\/\\\/hojassueltas.es\\\/\",\"logo\":{\"@type\":\"ImageObject\",\"inLanguage\":\"es\",\"@id\":\"https:\\\/\\\/hojassueltas.es\\\/#\\\/schema\\\/logo\\\/image\\\/\",\"url\":\"https:\\\/\\\/hojassueltas.es\\\/wp-content\\\/uploads\\\/2025\\\/08\\\/Icono-HS_2.png\",\"contentUrl\":\"https:\\\/\\\/hojassueltas.es\\\/wp-content\\\/uploads\\\/2025\\\/08\\\/Icono-HS_2.png\",\"width\":500,\"height\":500,\"caption\":\"HOJAS SUELTAS - Peri\u00f3dico Cultural\"},\"image\":{\"@id\":\"https:\\\/\\\/hojassueltas.es\\\/#\\\/schema\\\/logo\\\/image\\\/\"},\"sameAs\":[\"https:\\\/\\\/x.com\\\/HOJASSUELTAS22\"]},{\"@type\":\"Person\",\"@id\":\"https:\\\/\\\/hojassueltas.es\\\/#\\\/schema\\\/person\\\/0fd366c26625fc84c65a74d3da2c6d17\",\"name\":\"Jos\u00e9 Luis Alvarado\",\"image\":{\"@type\":\"ImageObject\",\"inLanguage\":\"es\",\"@id\":\"https:\\\/\\\/hojassueltas.es\\\/wp-content\\\/uploads\\\/2023\\\/04\\\/jefe-96x96.png\",\"url\":\"https:\\\/\\\/hojassueltas.es\\\/wp-content\\\/uploads\\\/2023\\\/04\\\/jefe-96x96.png\",\"contentUrl\":\"https:\\\/\\\/hojassueltas.es\\\/wp-content\\\/uploads\\\/2023\\\/04\\\/jefe-96x96.png\",\"caption\":\"Jos\u00e9 Luis Alvarado\"},\"description\":\"Dijo el sabio griego que nada es comunicable por el arte de la escritura; tras apurar la copa de seca cicuta, su disc\u00edpulo dilecto lo traicion\u00f3 y acaso lo perfeccion\u00f3 transmitiendo por escrito sus ir\u00f3nicos conocimientos. Como antes hiciera Montaigne, pienso que la obra de un autor se prolonga y modifica cada vez que se escribe sobre ella. La memoria, que fue oral y minoritaria, ahora se multiplica con cada palabra que integra y justifica el continuo universo, tambi\u00e9n llamado la Red.\",\"url\":\"https:\\\/\\\/hojassueltas.es\\\/?author=38\"}]}<\/script>\n<!-- \/ Yoast SEO plugin. -->","yoast_head_json":{"title":"Ll\u00e1malo sue\u00f1o - Henry Roth | HOJAS SUELTAS Peri\u00f3dico Cultural","description":"RESE\u00d1AS; Por Jos\u00e9 Luis Alvarado = Roth rememor\u00f3 su infancia en Ll\u00e1malo sue\u00f1o (1934) y despu\u00e9s mantuvo un largu\u00edsimo silencio de sesenta a\u00f1os hasta escribir su segunda novela","robots":{"index":"index","follow":"follow","max-snippet":"max-snippet:-1","max-image-preview":"max-image-preview:large","max-video-preview":"max-video-preview:-1"},"canonical":"https:\/\/hojassueltas.es\/?p=23245","og_locale":"es_ES","og_type":"article","og_title":"Ll\u00e1malo sue\u00f1o - Henry Roth | HOJAS SUELTAS Peri\u00f3dico Cultural","og_description":"RESE\u00d1AS; Por Jos\u00e9 Luis Alvarado = Roth rememor\u00f3 su infancia en Ll\u00e1malo sue\u00f1o (1934) y despu\u00e9s mantuvo un largu\u00edsimo silencio de sesenta a\u00f1os hasta escribir su segunda novela","og_url":"https:\/\/hojassueltas.es\/?p=23245","og_site_name":"HOJAS SUELTAS Peri\u00f3dico Cultural","article_published_time":"2025-09-21T23:30:01+00:00","article_modified_time":"2025-10-20T10:45:13+00:00","og_image":[{"width":500,"height":700,"url":"https:\/\/hojassueltas.es\/wp-content\/uploads\/2025\/09\/Llamalo-sueno_.H.S.png","type":"image\/png"}],"author":"Jos\u00e9 Luis Alvarado","twitter_card":"summary_large_image","twitter_creator":"@HOJASSUELTAS22","twitter_site":"@HOJASSUELTAS22","twitter_misc":{"Escrito por":"Jos\u00e9 Luis Alvarado","Tiempo de lectura":"5 minutos"},"schema":{"@context":"https:\/\/schema.org","@graph":[{"@type":["Article","BlogPosting"],"@id":"https:\/\/hojassueltas.es\/?p=23245#article","isPartOf":{"@id":"https:\/\/hojassueltas.es\/?p=23245"},"author":{"name":"Jos\u00e9 Luis Alvarado","@id":"https:\/\/hojassueltas.es\/#\/schema\/person\/0fd366c26625fc84c65a74d3da2c6d17"},"headline":"Ll\u00e1malo sue\u00f1o &#8211; Henry Roth","datePublished":"2025-09-21T23:30:01+00:00","dateModified":"2025-10-20T10:45:13+00:00","mainEntityOfPage":{"@id":"https:\/\/hojassueltas.es\/?p=23245"},"wordCount":984,"commentCount":0,"publisher":{"@id":"https:\/\/hojassueltas.es\/#organization"},"image":{"@id":"https:\/\/hojassueltas.es\/?p=23245#primaryimage"},"thumbnailUrl":"https:\/\/hojassueltas.es\/wp-content\/uploads\/2025\/09\/Llamalo-sueno_.H.S.png","keywords":["Alfaguara Editorial","Henry Roth"],"articleSection":["RESE\u00d1AS"],"inLanguage":"es","potentialAction":[{"@type":"CommentAction","name":"Comment","target":["https:\/\/hojassueltas.es\/?p=23245#respond"]}]},{"@type":"WebPage","@id":"https:\/\/hojassueltas.es\/?p=23245","url":"https:\/\/hojassueltas.es\/?p=23245","name":"Ll\u00e1malo sue\u00f1o - Henry Roth | HOJAS SUELTAS Peri\u00f3dico Cultural","isPartOf":{"@id":"https:\/\/hojassueltas.es\/#website"},"primaryImageOfPage":{"@id":"https:\/\/hojassueltas.es\/?p=23245#primaryimage"},"image":{"@id":"https:\/\/hojassueltas.es\/?p=23245#primaryimage"},"thumbnailUrl":"https:\/\/hojassueltas.es\/wp-content\/uploads\/2025\/09\/Llamalo-sueno_.H.S.png","datePublished":"2025-09-21T23:30:01+00:00","dateModified":"2025-10-20T10:45:13+00:00","description":"RESE\u00d1AS; Por Jos\u00e9 Luis Alvarado = Roth rememor\u00f3 su infancia en Ll\u00e1malo sue\u00f1o (1934) y despu\u00e9s mantuvo un largu\u00edsimo silencio de sesenta a\u00f1os hasta escribir su segunda novela","breadcrumb":{"@id":"https:\/\/hojassueltas.es\/?p=23245#breadcrumb"},"inLanguage":"es","potentialAction":[{"@type":"ReadAction","target":["https:\/\/hojassueltas.es\/?p=23245"]}]},{"@type":"ImageObject","inLanguage":"es","@id":"https:\/\/hojassueltas.es\/?p=23245#primaryimage","url":"https:\/\/hojassueltas.es\/wp-content\/uploads\/2025\/09\/Llamalo-sueno_.H.S.png","contentUrl":"https:\/\/hojassueltas.es\/wp-content\/uploads\/2025\/09\/Llamalo-sueno_.H.S.png","width":500,"height":700},{"@type":"BreadcrumbList","@id":"https:\/\/hojassueltas.es\/?p=23245#breadcrumb","itemListElement":[{"@type":"ListItem","position":1,"name":"Portada","item":"https:\/\/hojassueltas.es\/"},{"@type":"ListItem","position":2,"name":"Ll\u00e1malo sue\u00f1o &#8211; Henry Roth"}]},{"@type":"WebSite","@id":"https:\/\/hojassueltas.es\/#website","url":"https:\/\/hojassueltas.es\/","name":"HojasSueltas.es","description":"GRANADA - Peri\u00f3dico Cultural","publisher":{"@id":"https:\/\/hojassueltas.es\/#organization"},"alternateName":"H.S. Periodico Cultural","potentialAction":[{"@type":"SearchAction","target":{"@type":"EntryPoint","urlTemplate":"https:\/\/hojassueltas.es\/?s={search_term_string}"},"query-input":{"@type":"PropertyValueSpecification","valueRequired":true,"valueName":"search_term_string"}}],"inLanguage":"es"},{"@type":"Organization","@id":"https:\/\/hojassueltas.es\/#organization","name":"HOJAS SUELTAS - Peri\u00f3dico Cultural","alternateName":"HS - HOJAS SUELTAS Peri\u00f3dico Cultural","url":"https:\/\/hojassueltas.es\/","logo":{"@type":"ImageObject","inLanguage":"es","@id":"https:\/\/hojassueltas.es\/#\/schema\/logo\/image\/","url":"https:\/\/hojassueltas.es\/wp-content\/uploads\/2025\/08\/Icono-HS_2.png","contentUrl":"https:\/\/hojassueltas.es\/wp-content\/uploads\/2025\/08\/Icono-HS_2.png","width":500,"height":500,"caption":"HOJAS SUELTAS - Peri\u00f3dico Cultural"},"image":{"@id":"https:\/\/hojassueltas.es\/#\/schema\/logo\/image\/"},"sameAs":["https:\/\/x.com\/HOJASSUELTAS22"]},{"@type":"Person","@id":"https:\/\/hojassueltas.es\/#\/schema\/person\/0fd366c26625fc84c65a74d3da2c6d17","name":"Jos\u00e9 Luis Alvarado","image":{"@type":"ImageObject","inLanguage":"es","@id":"https:\/\/hojassueltas.es\/wp-content\/uploads\/2023\/04\/jefe-96x96.png","url":"https:\/\/hojassueltas.es\/wp-content\/uploads\/2023\/04\/jefe-96x96.png","contentUrl":"https:\/\/hojassueltas.es\/wp-content\/uploads\/2023\/04\/jefe-96x96.png","caption":"Jos\u00e9 Luis Alvarado"},"description":"Dijo el sabio griego que nada es comunicable por el arte de la escritura; tras apurar la copa de seca cicuta, su disc\u00edpulo dilecto lo traicion\u00f3 y acaso lo perfeccion\u00f3 transmitiendo por escrito sus ir\u00f3nicos conocimientos. Como antes hiciera Montaigne, pienso que la obra de un autor se prolonga y modifica cada vez que se escribe sobre ella. La memoria, que fue oral y minoritaria, ahora se multiplica con cada palabra que integra y justifica el continuo universo, tambi\u00e9n llamado la Red.","url":"https:\/\/hojassueltas.es\/?author=38"}]}},"_links":{"self":[{"href":"https:\/\/hojassueltas.es\/index.php?rest_route=\/wp\/v2\/posts\/23245","targetHints":{"allow":["GET"]}}],"collection":[{"href":"https:\/\/hojassueltas.es\/index.php?rest_route=\/wp\/v2\/posts"}],"about":[{"href":"https:\/\/hojassueltas.es\/index.php?rest_route=\/wp\/v2\/types\/post"}],"author":[{"embeddable":true,"href":"https:\/\/hojassueltas.es\/index.php?rest_route=\/wp\/v2\/users\/38"}],"replies":[{"embeddable":true,"href":"https:\/\/hojassueltas.es\/index.php?rest_route=%2Fwp%2Fv2%2Fcomments&post=23245"}],"version-history":[{"count":1,"href":"https:\/\/hojassueltas.es\/index.php?rest_route=\/wp\/v2\/posts\/23245\/revisions"}],"predecessor-version":[{"id":23247,"href":"https:\/\/hojassueltas.es\/index.php?rest_route=\/wp\/v2\/posts\/23245\/revisions\/23247"}],"wp:featuredmedia":[{"embeddable":true,"href":"https:\/\/hojassueltas.es\/index.php?rest_route=\/wp\/v2\/media\/23246"}],"wp:attachment":[{"href":"https:\/\/hojassueltas.es\/index.php?rest_route=%2Fwp%2Fv2%2Fmedia&parent=23245"}],"wp:term":[{"taxonomy":"category","embeddable":true,"href":"https:\/\/hojassueltas.es\/index.php?rest_route=%2Fwp%2Fv2%2Fcategories&post=23245"},{"taxonomy":"post_tag","embeddable":true,"href":"https:\/\/hojassueltas.es\/index.php?rest_route=%2Fwp%2Fv2%2Ftags&post=23245"}],"curies":[{"name":"wp","href":"https:\/\/api.w.org\/{rel}","templated":true}]}}