{"id":23231,"date":"2025-09-27T00:00:01","date_gmt":"2025-09-26T22:00:01","guid":{"rendered":"https:\/\/hojassueltas.es\/?p=23231"},"modified":"2026-02-14T13:03:04","modified_gmt":"2026-02-14T11:03:04","slug":"el-extranjero-albert-camus","status":"publish","type":"post","link":"https:\/\/hojassueltas.es\/?p=23231","title":{"rendered":"El extranjero &#8211;  Albert Camus"},"content":{"rendered":"<p>MIRADAS DE AUTOR 3 &#8211;\u00a0<strong>Europa traducida<\/strong><\/p>\n<p align=\"justify\"><strong><span style=\"font-size: medium;\">Una frontera que no se ve<\/span><\/strong><\/p>\n<p align=\"justify\"><em><span style=\"font-size: medium;\">El extranjero<\/span><\/em><span style=\"font-size: medium;\"> (<\/span><em><span style=\"font-size: medium;\">L\u2019\u00c9tranger<\/span><\/em><span style=\"font-size: medium;\">), publicado en 1942, es uno de los textos m\u00e1s emblem\u00e1ticos de la literatura del siglo XX. Su autor, Albert Camus, se convirti\u00f3 con esta novela en una figura central del pensamiento europeo, no solo como escritor sino tambi\u00e9n como fil\u00f3sofo moral. Desde entonces, la obra ha sido le\u00edda como una alegor\u00eda del absurdo, una par\u00e1bola existencialista, una denuncia impl\u00edcita del colonialismo o una meditaci\u00f3n sobre la muerte, el silencio y el juicio.<\/span><\/p>\n<p align=\"justify\"><span style=\"font-size: medium;\">Pero m\u00e1s all\u00e1 de las m\u00faltiples interpretaciones que ha suscitado, <\/span><em><span style=\"font-size: medium;\">El extranjero<\/span><\/em><span style=\"font-size: medium;\"> es, ante todo, una narraci\u00f3n extra\u00f1amente desnuda sobre el <\/span><strong><span style=\"font-size: medium;\">desplazamiento<\/span><\/strong><span style=\"font-size: medium;\">. Un desplazamiento no solo geogr\u00e1fico \u2014la historia transcurre en Argel, en plena Argelia colonial\u2014, sino tambi\u00e9n \u00edntimo, ontol\u00f3gico. Meursault, el protagonista, es un personaje desarraigado, un sujeto en el mundo pero no del mundo. Su extranjer\u00eda no es tanto de pasaporte como de pertenencia: es extranjero a los c\u00f3digos sociales, a la afectividad convencional, a los rituales del lenguaje, a la l\u00f3gica del castigo. Y es esa extranjer\u00eda radical, invisible, la que convierte esta novela breve en una obra inagotable.<\/span><\/p>\n<h3 class=\"western\" align=\"justify\"><span style=\"font-size: medium;\">Argel, lugar sin anclaje<\/span><\/h3>\n<p align=\"justify\"><span style=\"font-size: medium;\">La acci\u00f3n de la novela se sit\u00faa en una Argelia bajo dominio franc\u00e9s, pero esa dimensi\u00f3n colonial apenas se menciona de forma expl\u00edcita. Los personajes son, en su mayor\u00eda, europeos instalados en una ciudad que funciona como escenario sin profundidad: una especie de limbo mediterr\u00e1neo donde el calor y la luz aplastan toda interioridad. El sol, el mar, la arena: los elementos naturales se imponen sobre los hechos, los condicionan, los determinan. En este contexto, Meursault trabaja, fuma, duerme, se ba\u00f1a, se enamora, sin que nada de eso parezca tener peso. Como si todo sucediera en una superficie sin espesor moral.<\/span><\/p>\n<p align=\"justify\"><span style=\"font-size: medium;\">El desarraigo de Meursault tiene tambi\u00e9n una dimensi\u00f3n geogr\u00e1fica. No se menciona que sea franc\u00e9s, pero se sobreentiende; sin embargo, su identidad no est\u00e1 arraigada en ning\u00fan lugar. Camus, que naci\u00f3 en Argel en una familia de pied-noirs, recrea esa sensaci\u00f3n de habitar un espacio ajeno, de no tener una comunidad verdadera, de estar suspendido entre dos mundos: el de la metr\u00f3poli y el de la colonia. Este contexto no se aborda de forma militante, pero sugiere una violencia latente: el \u201c\u00e1rabe\u201d al que Meursault mata no tiene nombre, no habla, no se le otorga individualidad. Es, en cierto modo, un espejo del propio vac\u00edo existencial que recorre toda la novela.<\/span><\/p>\n<h3 class=\"western\" align=\"justify\"><span style=\"font-size: medium;\">Meursault, el hombre sin explicaci\u00f3n<\/span><\/h3>\n<p align=\"justify\"><span style=\"font-size: medium;\">Desde la c\u00e9lebre frase inicial \u2014\u201cHoy ha muerto mam\u00e1. O quiz\u00e1 ayer, no lo s\u00e9\u201d\u2014, el lector se enfrenta a una voz que desconcierta. Meursault no reacciona como se espera que lo haga. No llora en el funeral de su madre, no se siente culpable tras el crimen, no parece afligido ante la posibilidad de su ejecuci\u00f3n. Esta indiferencia se ha interpretado de muchas formas, pero todas coinciden en una cosa: Meursault no es un personaje que se pueda explicar a trav\u00e9s de las categor\u00edas habituales de la psicolog\u00eda o la moral.<\/span><\/p>\n<p align=\"justify\"><span style=\"font-size: medium;\">Camus crea aqu\u00ed una figura que encarna la ruptura con el sentido. Meursault no es nihilista, sino ajeno. No niega los valores, simplemente no los reconoce como vinculantes. No se opone al mundo: lo deja pasar. Esta actitud provoca una incomodidad radical en quienes lo rodean, y en \u00faltima instancia, es eso lo que lo condena. No tanto el asesinato \u2014cometido casi sin intenci\u00f3n consciente\u2014 como su negativa a mentir sobre lo que siente. En el juicio, se le acusa no solo del crimen, sino de no haber llorado por su madre, de no fingir dolor, de no cumplir con los ritos esperados. Es un juicio moral m\u00e1s que judicial.<\/span><\/p>\n<h3 class=\"western\" align=\"justify\"><span style=\"font-size: medium;\">El absurdo como desplazamiento<\/span><\/h3>\n<p align=\"justify\"><span style=\"font-size: medium;\">El pensamiento del absurdo, central en la obra de Camus, se despliega aqu\u00ed no como teor\u00eda, sino como experiencia encarnada. Meursault vive en un mundo que no ofrece respuestas, y no intenta forzarlas. La existencia, tal como la vive \u00e9l, es contingente, repetitiva, opaca. En su famoso ensayo <\/span><em><span style=\"font-size: medium;\">El mito de S\u00edsifo<\/span><\/em><span style=\"font-size: medium;\">, Camus defin\u00eda el absurdo como el enfrentamiento entre el deseo humano de sentido y el silencio del mundo. <\/span><em><span style=\"font-size: medium;\">El extranjero<\/span><\/em><span style=\"font-size: medium;\"> dramatiza ese conflicto sin resolverlo. El desplazamiento que vive Meursault no es solo social, sino existencial: no pertenece a ning\u00fan orden, ni jur\u00eddico, ni afectivo, ni simb\u00f3lico.<\/span><\/p>\n<p align=\"justify\"><span style=\"font-size: medium;\">En este sentido, la novela puede leerse como una exploraci\u00f3n de la extranjer\u00eda interior. Meursault es extranjero no porque est\u00e9 en Argelia, sino porque no logra (ni quiere) inscribirse en el pacto simb\u00f3lico de la comunidad. La verdadera frontera que atraviesa es la del sentido. Y es ah\u00ed donde el libro interpela de forma m\u00e1s potente: \u00bfqu\u00e9 pasa cuando alguien vive sin mentirse a s\u00ed mismo, sin disimular, sin adaptarse? \u00bfQu\u00e9 mecanismos despliega la sociedad para expulsar a quien no finge pertenecer?<\/span><\/p>\n<h3 class=\"western\" align=\"justify\"><span style=\"font-size: medium;\">Una escritura sin afeites<\/span><\/h3>\n<p align=\"justify\"><span style=\"font-size: medium;\">El estilo de <\/span><em><span style=\"font-size: medium;\">El extranjero<\/span><\/em><span style=\"font-size: medium;\"> ha sido objeto de muchos elogios y tambi\u00e9n de cr\u00edticas. Se trata de una prosa deliberadamente seca, factual, sin adornos. Las frases son cortas, casi planas; la sintaxis, elemental. Camus dec\u00eda que quer\u00eda escribir \u201ccomo se habla\u201d, y lo consigui\u00f3: la voz de Meursault es la de alguien que cuenta sin \u00e9nfasis, como si no hubiese nada que destacar.<\/span><\/p>\n<p align=\"justify\"><span style=\"font-size: medium;\">Este minimalismo narrativo tiene una funci\u00f3n muy precisa: refuerza la percepci\u00f3n de extra\u00f1amiento. Nada en el texto parece subrayado, y sin embargo, todo pesa. El sol, el sudor, el calor, la arena, los silencios, se describen con la misma neutralidad con que se narran el crimen o la ejecuci\u00f3n. Esa indiferencia estil\u00edstica produce una inquietud constante: el lector espera una clave, una emoci\u00f3n, una interpretaci\u00f3n\u2026 pero no llega. As\u00ed se reproduce en el lenguaje la misma l\u00f3gica del absurdo que articula la historia.<\/span><\/p>\n<h3 class=\"western\" align=\"justify\"><span style=\"font-size: medium;\">El juicio, o la teatralizaci\u00f3n de la norma<\/span><\/h3>\n<p align=\"justify\"><span style=\"font-size: medium;\">Uno de los momentos m\u00e1s perturbadores de la novela es el juicio a Meursault. No por el proceso en s\u00ed, sino por el modo en que revela la distancia entre la vida y su representaci\u00f3n. En el tribunal, lo que se juzga no es un hecho, sino una actitud. Meursault es culpable porque no sabe encarnar el papel que se espera de \u00e9l: el de hijo dolido, el de ciudadano arrepentido, el de ser humano afligido. Su crimen, m\u00e1s que matar a un hombre, es no fingir dolor.<\/span><\/p>\n<p align=\"justify\"><span style=\"font-size: medium;\">El juicio se convierte as\u00ed en una parodia tr\u00e1gica del contrato social. Los abogados, los jueces, los testigos, todos act\u00faan conforme a un gui\u00f3n t\u00e1cito. Meursault, en cambio, no act\u00faa. No sabe, no quiere, no puede. Y por eso resulta intolerable. En ese momento, <\/span><em><span style=\"font-size: medium;\">El extranjero<\/span><\/em><span style=\"font-size: medium;\"> roza la s\u00e1tira, pero sin perder la gravedad. Camus pone en escena la violencia simb\u00f3lica que ejerce la sociedad sobre quienes no encajan en sus ficciones. El desplazamiento, aqu\u00ed, se manifiesta como expulsi\u00f3n de la comunidad, como sacrificio ritual del que rompe la m\u00e1scara.<\/span><\/p>\n<h3 class=\"western\" align=\"justify\"><span style=\"font-size: medium;\">La aceptaci\u00f3n final: una verdad sin consuelo<\/span><\/h3>\n<p align=\"justify\"><span style=\"font-size: medium;\">En las \u00faltimas p\u00e1ginas, Meursault, ya condenado, parece alcanzar una forma de serenidad. No es conversi\u00f3n ni redenci\u00f3n, sino aceptaci\u00f3n. La muerte ya no es una amenaza, sino una certeza. Y esa certeza le libera. Al contemplar el cielo nocturno desde su celda, Meursault se reconcilia con la falta de sentido, con la inminencia del fin, con la indiferencia del mundo. \u201cPara que todo sea consumado, para que me sienta menos solo, me quedaba esperar que el d\u00eda de mi ejecuci\u00f3n hubiera muchos espectadores y que me recibieran con gritos de odio.\u201d<\/span><\/p>\n<p align=\"justify\"><span style=\"font-size: medium;\">Estas l\u00edneas finales, a menudo malinterpretadas, no expresan cinismo ni masoquismo. Son la afirmaci\u00f3n de una verdad desnuda: vivir sin ilusi\u00f3n, morir sin consuelo. Meursault no encuentra sentido, pero tampoco lo busca ya. Ha cruzado todas las fronteras, incluso la del miedo. Su extranjer\u00eda se convierte, finalmente, en forma de libertad.<\/span><\/p>\n<h3 class=\"western\" align=\"justify\"><span style=\"font-size: medium;\">Conclusi\u00f3n: el extranjero que somos<\/span><\/h3>\n<p align=\"justify\"><em><span style=\"font-size: medium;\">El extranjero<\/span><\/em><span style=\"font-size: medium;\"> es una novela sobre un crimen, un juicio y una ejecuci\u00f3n. Pero no es una novela polic\u00edaca, ni judicial, ni pol\u00edtica. Es, sobre todo, una meditaci\u00f3n sobre el precio de la lucidez. Meursault no es un h\u00e9roe ni un monstruo: es alguien que no miente. Y esa rareza lo convierte en extranjero, en exiliado de la humanidad.<\/span><\/p>\n<p align=\"justify\"><span style=\"font-size: medium;\">Camus, en su doble condici\u00f3n de escritor y pensador, consigue con este libro crear un personaje inolvidable y una forma narrativa que lo acompa\u00f1a sin traicionarlo. La obra plantea preguntas esenciales sin ofrecer respuestas: \u00bfqu\u00e9 significa vivir sin fe? \u00bfQu\u00e9 ocurre cuando se deja de fingir? \u00bfQu\u00e9 espacio hay para el que no cree, no act\u00faa, no teme?<\/span><\/p>\n<p align=\"justify\"><span style=\"font-size: medium;\">M\u00e1s de ochenta a\u00f1os despu\u00e9s, <\/span><em><span style=\"font-size: medium;\">El extranjero<\/span><\/em><span style=\"font-size: medium;\"> sigue siendo un texto inc\u00f3modo, potente, absolutamente vigente. Porque, m\u00e1s all\u00e1 del tiempo y el lugar, todos podemos ser Meursault: todos, en alg\u00fan momento, hemos sentido que el mundo habla un idioma que no entendemos, que las normas no nos pertenecen, que la vida se impone sin sentido. Y es ah\u00ed, en esa grieta, donde la literatura \u2014como esta\u2014 puede convertirse en una forma de verdad.<\/span><\/p>\n<p align=\"justify\"><strong>REDACCI\u00d3N<\/strong><\/p>\n<p align=\"justify\"><strong>Punto y Seguido<\/strong><\/p>\n","protected":false},"excerpt":{"rendered":"<p>MIRADAS DE AUTOR 3 &#8211;\u00a0Europa traducida Una frontera que no se ve El extranjero (L\u2019\u00c9tranger), publicado en 1942, es uno de los textos m\u00e1s emblem\u00e1ticos de la literatura del siglo XX. Su autor, Albert Camus, se convirti\u00f3 con esta novela en una figura central del pensamiento europeo, no solo como escritor sino tambi\u00e9n como fil\u00f3sofo [&hellip;]<\/p>\n","protected":false},"author":96,"featured_media":23232,"comment_status":"open","ping_status":"closed","sticky":false,"template":"","format":"standard","meta":{"footnotes":""},"categories":[2577],"tags":[220,1765],"class_list":{"0":"post-23231","1":"post","2":"type-post","3":"status-publish","4":"format-standard","5":"has-post-thumbnail","7":"category-fronteras-y-desplazamientos","8":"tag-albert-camus","9":"tag-ramdom-house"},"yoast_head":"<!-- This site is optimized with the Yoast SEO plugin v27.5 - https:\/\/yoast.com\/product\/yoast-seo-wordpress\/ -->\n<title>El extranjero - Albert Camus | FRONTERAS Y DESPLAZAMIENTOS | HOJAS SUELTAS Peri\u00f3dico Cultural<\/title>\n<meta name=\"description\" content=\"ATLAS LITERARIO; FRONTERAS Y DESPLAZAMIENTOS; MIRADAS DE AUTOR; El extranjero (L\u2019\u00c9tranger), publicado en 1942, es uno de los textos m\u00e1s emblem\u00e1ticos de la literatura del siglo XX. Su autor, Albert Camus, se convirti\u00f3 con esta novela en una figura central del pensamiento europeo\" \/>\n<meta name=\"robots\" content=\"index, follow, max-snippet:-1, max-image-preview:large, max-video-preview:-1\" \/>\n<link rel=\"canonical\" href=\"https:\/\/hojassueltas.es\/?p=23231\" \/>\n<meta property=\"og:locale\" content=\"es_ES\" \/>\n<meta property=\"og:type\" content=\"article\" \/>\n<meta property=\"og:title\" content=\"El extranjero - Albert Camus | FRONTERAS Y DESPLAZAMIENTOS | HOJAS SUELTAS Peri\u00f3dico Cultural\" \/>\n<meta property=\"og:description\" content=\"ATLAS LITERARIO; FRONTERAS Y DESPLAZAMIENTOS; MIRADAS DE AUTOR; El extranjero (L\u2019\u00c9tranger), publicado en 1942, es uno de los textos m\u00e1s emblem\u00e1ticos de la literatura del siglo XX. Su autor, Albert Camus, se convirti\u00f3 con esta novela en una figura central del pensamiento europeo\" \/>\n<meta property=\"og:url\" content=\"https:\/\/hojassueltas.es\/?p=23231\" \/>\n<meta property=\"og:site_name\" content=\"HOJAS SUELTAS Peri\u00f3dico Cultural\" \/>\n<meta property=\"article:published_time\" content=\"2025-09-26T22:00:01+00:00\" \/>\n<meta property=\"article:modified_time\" content=\"2026-02-14T11:03:04+00:00\" \/>\n<meta property=\"og:image\" content=\"https:\/\/hojassueltas.es\/wp-content\/uploads\/2025\/09\/El-extranjero_.H.S.png\" \/>\n\t<meta property=\"og:image:width\" content=\"500\" \/>\n\t<meta property=\"og:image:height\" content=\"700\" \/>\n\t<meta property=\"og:image:type\" content=\"image\/png\" \/>\n<meta name=\"author\" content=\"Punto y Seguido - Susana Di\u00e9guez\" \/>\n<meta name=\"twitter:card\" content=\"summary_large_image\" \/>\n<meta name=\"twitter:creator\" content=\"@HOJASSUELTAS22\" \/>\n<meta name=\"twitter:site\" content=\"@HOJASSUELTAS22\" \/>\n<meta name=\"twitter:label1\" content=\"Escrito por\" \/>\n\t<meta name=\"twitter:data1\" content=\"Punto y Seguido - Susana Di\u00e9guez\" \/>\n\t<meta name=\"twitter:label2\" content=\"Tiempo de lectura\" \/>\n\t<meta name=\"twitter:data2\" content=\"8 minutos\" \/>\n<script type=\"application\/ld+json\" class=\"yoast-schema-graph\">{\"@context\":\"https:\\\/\\\/schema.org\",\"@graph\":[{\"@type\":[\"Article\",\"BlogPosting\"],\"@id\":\"https:\\\/\\\/hojassueltas.es\\\/?p=23231#article\",\"isPartOf\":{\"@id\":\"https:\\\/\\\/hojassueltas.es\\\/?p=23231\"},\"author\":{\"name\":\"Punto y Seguido - Susana Di\u00e9guez\",\"@id\":\"https:\\\/\\\/hojassueltas.es\\\/#\\\/schema\\\/person\\\/0cc721d1681d3b691885d6bdbe2ad009\"},\"headline\":\"El extranjero &#8211; Albert Camus\",\"datePublished\":\"2025-09-26T22:00:01+00:00\",\"dateModified\":\"2026-02-14T11:03:04+00:00\",\"mainEntityOfPage\":{\"@id\":\"https:\\\/\\\/hojassueltas.es\\\/?p=23231\"},\"wordCount\":1594,\"commentCount\":0,\"publisher\":{\"@id\":\"https:\\\/\\\/hojassueltas.es\\\/#organization\"},\"image\":{\"@id\":\"https:\\\/\\\/hojassueltas.es\\\/?p=23231#primaryimage\"},\"thumbnailUrl\":\"https:\\\/\\\/hojassueltas.es\\\/wp-content\\\/uploads\\\/2025\\\/09\\\/El-extranjero_.H.S.png\",\"keywords\":[\"Albert Camus\",\"Ramdom House\"],\"articleSection\":[\"FRONTERAS Y DESPLAZAMIENTOS\"],\"inLanguage\":\"es\",\"potentialAction\":[{\"@type\":\"CommentAction\",\"name\":\"Comment\",\"target\":[\"https:\\\/\\\/hojassueltas.es\\\/?p=23231#respond\"]}]},{\"@type\":\"WebPage\",\"@id\":\"https:\\\/\\\/hojassueltas.es\\\/?p=23231\",\"url\":\"https:\\\/\\\/hojassueltas.es\\\/?p=23231\",\"name\":\"El extranjero - Albert Camus | FRONTERAS Y DESPLAZAMIENTOS | HOJAS SUELTAS Peri\u00f3dico Cultural\",\"isPartOf\":{\"@id\":\"https:\\\/\\\/hojassueltas.es\\\/#website\"},\"primaryImageOfPage\":{\"@id\":\"https:\\\/\\\/hojassueltas.es\\\/?p=23231#primaryimage\"},\"image\":{\"@id\":\"https:\\\/\\\/hojassueltas.es\\\/?p=23231#primaryimage\"},\"thumbnailUrl\":\"https:\\\/\\\/hojassueltas.es\\\/wp-content\\\/uploads\\\/2025\\\/09\\\/El-extranjero_.H.S.png\",\"datePublished\":\"2025-09-26T22:00:01+00:00\",\"dateModified\":\"2026-02-14T11:03:04+00:00\",\"description\":\"ATLAS LITERARIO; FRONTERAS Y DESPLAZAMIENTOS; MIRADAS DE AUTOR; El extranjero (L\u2019\u00c9tranger), publicado en 1942, es uno de los textos m\u00e1s emblem\u00e1ticos de la literatura del siglo XX. Su autor, Albert Camus, se convirti\u00f3 con esta novela en una figura central del pensamiento europeo\",\"breadcrumb\":{\"@id\":\"https:\\\/\\\/hojassueltas.es\\\/?p=23231#breadcrumb\"},\"inLanguage\":\"es\",\"potentialAction\":[{\"@type\":\"ReadAction\",\"target\":[\"https:\\\/\\\/hojassueltas.es\\\/?p=23231\"]}]},{\"@type\":\"ImageObject\",\"inLanguage\":\"es\",\"@id\":\"https:\\\/\\\/hojassueltas.es\\\/?p=23231#primaryimage\",\"url\":\"https:\\\/\\\/hojassueltas.es\\\/wp-content\\\/uploads\\\/2025\\\/09\\\/El-extranjero_.H.S.png\",\"contentUrl\":\"https:\\\/\\\/hojassueltas.es\\\/wp-content\\\/uploads\\\/2025\\\/09\\\/El-extranjero_.H.S.png\",\"width\":500,\"height\":700},{\"@type\":\"BreadcrumbList\",\"@id\":\"https:\\\/\\\/hojassueltas.es\\\/?p=23231#breadcrumb\",\"itemListElement\":[{\"@type\":\"ListItem\",\"position\":1,\"name\":\"Portada\",\"item\":\"https:\\\/\\\/hojassueltas.es\\\/\"},{\"@type\":\"ListItem\",\"position\":2,\"name\":\"El extranjero &#8211; Albert Camus\"}]},{\"@type\":\"WebSite\",\"@id\":\"https:\\\/\\\/hojassueltas.es\\\/#website\",\"url\":\"https:\\\/\\\/hojassueltas.es\\\/\",\"name\":\"HojasSueltas.es\",\"description\":\"GRANADA - Peri\u00f3dico Cultural\",\"publisher\":{\"@id\":\"https:\\\/\\\/hojassueltas.es\\\/#organization\"},\"alternateName\":\"H.S. Periodico Cultural\",\"potentialAction\":[{\"@type\":\"SearchAction\",\"target\":{\"@type\":\"EntryPoint\",\"urlTemplate\":\"https:\\\/\\\/hojassueltas.es\\\/?s={search_term_string}\"},\"query-input\":{\"@type\":\"PropertyValueSpecification\",\"valueRequired\":true,\"valueName\":\"search_term_string\"}}],\"inLanguage\":\"es\"},{\"@type\":\"Organization\",\"@id\":\"https:\\\/\\\/hojassueltas.es\\\/#organization\",\"name\":\"HOJAS SUELTAS - Peri\u00f3dico Cultural\",\"alternateName\":\"HS - HOJAS SUELTAS Peri\u00f3dico Cultural\",\"url\":\"https:\\\/\\\/hojassueltas.es\\\/\",\"logo\":{\"@type\":\"ImageObject\",\"inLanguage\":\"es\",\"@id\":\"https:\\\/\\\/hojassueltas.es\\\/#\\\/schema\\\/logo\\\/image\\\/\",\"url\":\"https:\\\/\\\/hojassueltas.es\\\/wp-content\\\/uploads\\\/2025\\\/08\\\/Icono-HS_2.png\",\"contentUrl\":\"https:\\\/\\\/hojassueltas.es\\\/wp-content\\\/uploads\\\/2025\\\/08\\\/Icono-HS_2.png\",\"width\":500,\"height\":500,\"caption\":\"HOJAS SUELTAS - Peri\u00f3dico Cultural\"},\"image\":{\"@id\":\"https:\\\/\\\/hojassueltas.es\\\/#\\\/schema\\\/logo\\\/image\\\/\"},\"sameAs\":[\"https:\\\/\\\/x.com\\\/HOJASSUELTAS22\"]},{\"@type\":\"Person\",\"@id\":\"https:\\\/\\\/hojassueltas.es\\\/#\\\/schema\\\/person\\\/0cc721d1681d3b691885d6bdbe2ad009\",\"name\":\"Punto y Seguido - Susana Di\u00e9guez\",\"image\":{\"@type\":\"ImageObject\",\"inLanguage\":\"es\",\"@id\":\"https:\\\/\\\/hojassueltas.es\\\/wp-content\\\/uploads\\\/2026\\\/02\\\/Retrato-familiar-en-casa-de-Susana-96x96.png\",\"url\":\"https:\\\/\\\/hojassueltas.es\\\/wp-content\\\/uploads\\\/2026\\\/02\\\/Retrato-familiar-en-casa-de-Susana-96x96.png\",\"contentUrl\":\"https:\\\/\\\/hojassueltas.es\\\/wp-content\\\/uploads\\\/2026\\\/02\\\/Retrato-familiar-en-casa-de-Susana-96x96.png\",\"caption\":\"Punto y Seguido - Susana Di\u00e9guez\"},\"url\":\"https:\\\/\\\/hojassueltas.es\\\/?author=96\"}]}<\/script>\n<!-- \/ Yoast SEO plugin. -->","yoast_head_json":{"title":"El extranjero - Albert Camus | FRONTERAS Y DESPLAZAMIENTOS | HOJAS SUELTAS Peri\u00f3dico Cultural","description":"ATLAS LITERARIO; FRONTERAS Y DESPLAZAMIENTOS; MIRADAS DE AUTOR; El extranjero (L\u2019\u00c9tranger), publicado en 1942, es uno de los textos m\u00e1s emblem\u00e1ticos de la literatura del siglo XX. Su autor, Albert Camus, se convirti\u00f3 con esta novela en una figura central del pensamiento europeo","robots":{"index":"index","follow":"follow","max-snippet":"max-snippet:-1","max-image-preview":"max-image-preview:large","max-video-preview":"max-video-preview:-1"},"canonical":"https:\/\/hojassueltas.es\/?p=23231","og_locale":"es_ES","og_type":"article","og_title":"El extranjero - Albert Camus | FRONTERAS Y DESPLAZAMIENTOS | HOJAS SUELTAS Peri\u00f3dico Cultural","og_description":"ATLAS LITERARIO; FRONTERAS Y DESPLAZAMIENTOS; MIRADAS DE AUTOR; El extranjero (L\u2019\u00c9tranger), publicado en 1942, es uno de los textos m\u00e1s emblem\u00e1ticos de la literatura del siglo XX. Su autor, Albert Camus, se convirti\u00f3 con esta novela en una figura central del pensamiento europeo","og_url":"https:\/\/hojassueltas.es\/?p=23231","og_site_name":"HOJAS SUELTAS Peri\u00f3dico Cultural","article_published_time":"2025-09-26T22:00:01+00:00","article_modified_time":"2026-02-14T11:03:04+00:00","og_image":[{"width":500,"height":700,"url":"https:\/\/hojassueltas.es\/wp-content\/uploads\/2025\/09\/El-extranjero_.H.S.png","type":"image\/png"}],"author":"Punto y Seguido - Susana Di\u00e9guez","twitter_card":"summary_large_image","twitter_creator":"@HOJASSUELTAS22","twitter_site":"@HOJASSUELTAS22","twitter_misc":{"Escrito por":"Punto y Seguido - Susana Di\u00e9guez","Tiempo de lectura":"8 minutos"},"schema":{"@context":"https:\/\/schema.org","@graph":[{"@type":["Article","BlogPosting"],"@id":"https:\/\/hojassueltas.es\/?p=23231#article","isPartOf":{"@id":"https:\/\/hojassueltas.es\/?p=23231"},"author":{"name":"Punto y Seguido - Susana Di\u00e9guez","@id":"https:\/\/hojassueltas.es\/#\/schema\/person\/0cc721d1681d3b691885d6bdbe2ad009"},"headline":"El extranjero &#8211; Albert Camus","datePublished":"2025-09-26T22:00:01+00:00","dateModified":"2026-02-14T11:03:04+00:00","mainEntityOfPage":{"@id":"https:\/\/hojassueltas.es\/?p=23231"},"wordCount":1594,"commentCount":0,"publisher":{"@id":"https:\/\/hojassueltas.es\/#organization"},"image":{"@id":"https:\/\/hojassueltas.es\/?p=23231#primaryimage"},"thumbnailUrl":"https:\/\/hojassueltas.es\/wp-content\/uploads\/2025\/09\/El-extranjero_.H.S.png","keywords":["Albert Camus","Ramdom House"],"articleSection":["FRONTERAS Y DESPLAZAMIENTOS"],"inLanguage":"es","potentialAction":[{"@type":"CommentAction","name":"Comment","target":["https:\/\/hojassueltas.es\/?p=23231#respond"]}]},{"@type":"WebPage","@id":"https:\/\/hojassueltas.es\/?p=23231","url":"https:\/\/hojassueltas.es\/?p=23231","name":"El extranjero - Albert Camus | FRONTERAS Y DESPLAZAMIENTOS | HOJAS SUELTAS Peri\u00f3dico Cultural","isPartOf":{"@id":"https:\/\/hojassueltas.es\/#website"},"primaryImageOfPage":{"@id":"https:\/\/hojassueltas.es\/?p=23231#primaryimage"},"image":{"@id":"https:\/\/hojassueltas.es\/?p=23231#primaryimage"},"thumbnailUrl":"https:\/\/hojassueltas.es\/wp-content\/uploads\/2025\/09\/El-extranjero_.H.S.png","datePublished":"2025-09-26T22:00:01+00:00","dateModified":"2026-02-14T11:03:04+00:00","description":"ATLAS LITERARIO; FRONTERAS Y DESPLAZAMIENTOS; MIRADAS DE AUTOR; El extranjero (L\u2019\u00c9tranger), publicado en 1942, es uno de los textos m\u00e1s emblem\u00e1ticos de la literatura del siglo XX. Su autor, Albert Camus, se convirti\u00f3 con esta novela en una figura central del pensamiento europeo","breadcrumb":{"@id":"https:\/\/hojassueltas.es\/?p=23231#breadcrumb"},"inLanguage":"es","potentialAction":[{"@type":"ReadAction","target":["https:\/\/hojassueltas.es\/?p=23231"]}]},{"@type":"ImageObject","inLanguage":"es","@id":"https:\/\/hojassueltas.es\/?p=23231#primaryimage","url":"https:\/\/hojassueltas.es\/wp-content\/uploads\/2025\/09\/El-extranjero_.H.S.png","contentUrl":"https:\/\/hojassueltas.es\/wp-content\/uploads\/2025\/09\/El-extranjero_.H.S.png","width":500,"height":700},{"@type":"BreadcrumbList","@id":"https:\/\/hojassueltas.es\/?p=23231#breadcrumb","itemListElement":[{"@type":"ListItem","position":1,"name":"Portada","item":"https:\/\/hojassueltas.es\/"},{"@type":"ListItem","position":2,"name":"El extranjero &#8211; Albert Camus"}]},{"@type":"WebSite","@id":"https:\/\/hojassueltas.es\/#website","url":"https:\/\/hojassueltas.es\/","name":"HojasSueltas.es","description":"GRANADA - Peri\u00f3dico Cultural","publisher":{"@id":"https:\/\/hojassueltas.es\/#organization"},"alternateName":"H.S. Periodico Cultural","potentialAction":[{"@type":"SearchAction","target":{"@type":"EntryPoint","urlTemplate":"https:\/\/hojassueltas.es\/?s={search_term_string}"},"query-input":{"@type":"PropertyValueSpecification","valueRequired":true,"valueName":"search_term_string"}}],"inLanguage":"es"},{"@type":"Organization","@id":"https:\/\/hojassueltas.es\/#organization","name":"HOJAS SUELTAS - Peri\u00f3dico Cultural","alternateName":"HS - HOJAS SUELTAS Peri\u00f3dico Cultural","url":"https:\/\/hojassueltas.es\/","logo":{"@type":"ImageObject","inLanguage":"es","@id":"https:\/\/hojassueltas.es\/#\/schema\/logo\/image\/","url":"https:\/\/hojassueltas.es\/wp-content\/uploads\/2025\/08\/Icono-HS_2.png","contentUrl":"https:\/\/hojassueltas.es\/wp-content\/uploads\/2025\/08\/Icono-HS_2.png","width":500,"height":500,"caption":"HOJAS SUELTAS - Peri\u00f3dico Cultural"},"image":{"@id":"https:\/\/hojassueltas.es\/#\/schema\/logo\/image\/"},"sameAs":["https:\/\/x.com\/HOJASSUELTAS22"]},{"@type":"Person","@id":"https:\/\/hojassueltas.es\/#\/schema\/person\/0cc721d1681d3b691885d6bdbe2ad009","name":"Punto y Seguido - Susana Di\u00e9guez","image":{"@type":"ImageObject","inLanguage":"es","@id":"https:\/\/hojassueltas.es\/wp-content\/uploads\/2026\/02\/Retrato-familiar-en-casa-de-Susana-96x96.png","url":"https:\/\/hojassueltas.es\/wp-content\/uploads\/2026\/02\/Retrato-familiar-en-casa-de-Susana-96x96.png","contentUrl":"https:\/\/hojassueltas.es\/wp-content\/uploads\/2026\/02\/Retrato-familiar-en-casa-de-Susana-96x96.png","caption":"Punto y Seguido - Susana Di\u00e9guez"},"url":"https:\/\/hojassueltas.es\/?author=96"}]}},"_links":{"self":[{"href":"https:\/\/hojassueltas.es\/index.php?rest_route=\/wp\/v2\/posts\/23231","targetHints":{"allow":["GET"]}}],"collection":[{"href":"https:\/\/hojassueltas.es\/index.php?rest_route=\/wp\/v2\/posts"}],"about":[{"href":"https:\/\/hojassueltas.es\/index.php?rest_route=\/wp\/v2\/types\/post"}],"author":[{"embeddable":true,"href":"https:\/\/hojassueltas.es\/index.php?rest_route=\/wp\/v2\/users\/96"}],"replies":[{"embeddable":true,"href":"https:\/\/hojassueltas.es\/index.php?rest_route=%2Fwp%2Fv2%2Fcomments&post=23231"}],"version-history":[{"count":1,"href":"https:\/\/hojassueltas.es\/index.php?rest_route=\/wp\/v2\/posts\/23231\/revisions"}],"predecessor-version":[{"id":23233,"href":"https:\/\/hojassueltas.es\/index.php?rest_route=\/wp\/v2\/posts\/23231\/revisions\/23233"}],"wp:featuredmedia":[{"embeddable":true,"href":"https:\/\/hojassueltas.es\/index.php?rest_route=\/wp\/v2\/media\/23232"}],"wp:attachment":[{"href":"https:\/\/hojassueltas.es\/index.php?rest_route=%2Fwp%2Fv2%2Fmedia&parent=23231"}],"wp:term":[{"taxonomy":"category","embeddable":true,"href":"https:\/\/hojassueltas.es\/index.php?rest_route=%2Fwp%2Fv2%2Fcategories&post=23231"},{"taxonomy":"post_tag","embeddable":true,"href":"https:\/\/hojassueltas.es\/index.php?rest_route=%2Fwp%2Fv2%2Ftags&post=23231"}],"curies":[{"name":"wp","href":"https:\/\/api.w.org\/{rel}","templated":true}]}}