{"id":23227,"date":"2025-09-24T00:00:46","date_gmt":"2025-09-23T23:00:46","guid":{"rendered":"https:\/\/hojassueltas.es\/?p=23227"},"modified":"2026-02-14T13:03:04","modified_gmt":"2026-02-14T11:03:04","slug":"campos-de-nijar-juan-goytisolo","status":"publish","type":"post","link":"https:\/\/hojassueltas.es\/?p=23227","title":{"rendered":"Campos de N\u00edjar \u2013 Juan Goytisolo"},"content":{"rendered":"<p>MIRADAS DE AUTOR 2<\/p>\n<p align=\"justify\"><strong><span style=\"font-size: medium;\">Viaje al otro pa\u00eds interior<\/span><\/strong><\/p>\n<p align=\"justify\"><span style=\"font-size: medium;\">Publicado originalmente en 1960, <\/span><em><span style=\"font-size: medium;\">Campos de N\u00edjar<\/span><\/em><span style=\"font-size: medium;\"> es uno de los libros m\u00e1s singulares y valientes de Juan Goytisolo, no s\u00f3lo por su contenido, sino tambi\u00e9n por el momento hist\u00f3rico en que fue concebido. Escrito tras un breve viaje por la provincia de Almer\u00eda, el texto recoge las impresiones del autor ante un territorio extrema y deliberadamente marginado por el r\u00e9gimen franquista: el sureste peninsular, \u00e1rido, empobrecido, con una poblaci\u00f3n que parec\u00eda habitar en los m\u00e1rgenes del tiempo.<\/span><\/p>\n<p align=\"justify\"><span style=\"font-size: medium;\">Con apenas cien p\u00e1ginas, el libro traza un retrato preciso y desolador de un pa\u00eds oculto dentro del propio pa\u00eds: la Espa\u00f1a abandonada, la que no se alineaba con el discurso triunfalista de los a\u00f1os del llamado \u00abdesarrollismo\u00bb. Pero <\/span><em><span style=\"font-size: medium;\">Campos de N\u00edjar<\/span><\/em><span style=\"font-size: medium;\"> no es solo una cr\u00f3nica de viaje ni un ejercicio de denuncia; es tambi\u00e9n una pieza literaria excepcional, escrita con un estilo sobrio y afilado, donde la mirada del autor se transforma en una lente \u00e9tica y est\u00e9tica para interrogar las fronteras interiores de la Espa\u00f1a del siglo XX.<\/span><\/p>\n<h3 class=\"western\" align=\"justify\"><span style=\"font-size: medium;\">El viaje como revelaci\u00f3n<\/span><\/h3>\n<p align=\"justify\"><span style=\"font-size: medium;\">Desde las primeras p\u00e1ginas, <\/span><em><span style=\"font-size: medium;\">Campos de N\u00edjar<\/span><\/em><span style=\"font-size: medium;\"> se presenta como un relato de desplazamiento en m\u00faltiples sentidos: geogr\u00e1fico, social y tambi\u00e9n de conciencia. Juan Goytisolo se traslada en coche de l\u00ednea y a pie por distintas zonas del interior almeriense \u2014N\u00edjar, Campohermoso, Fern\u00e1n P\u00e9rez, San Jos\u00e9, Rodalquilar\u2014, pero no viaja como turista ni como antrop\u00f3logo. Lo hace como un testigo inc\u00f3modo que quiere ver con sus propios ojos lo que la propaganda oficial oculta: la miseria estructural, la falta de servicios b\u00e1sicos, el aislamiento secular de toda una regi\u00f3n.<\/span><\/p>\n<p align=\"justify\"><span style=\"font-size: medium;\">Su mirada no es neutral. Hay en su tono una tensi\u00f3n entre el respeto por la dignidad de la gente y la indignaci\u00f3n ante el abandono institucional. En este sentido, el libro se emparenta con la literatura de denuncia social, pero sin caer en el panfleto ni en la condescendencia. El autor se hace presente, s\u00ed, pero tambi\u00e9n se cuestiona a s\u00ed mismo: \u00bfdesde qu\u00e9 lugar se narra? \u00bfQu\u00e9 significa observar la pobreza sin poder transformarla?<\/span><\/p>\n<p align=\"justify\"><span style=\"font-size: medium;\">Este posicionamiento \u00e9tico es uno de los grandes logros del texto. Frente a la tentaci\u00f3n de exotizar el paisaje y a sus habitantes \u2014como a menudo hizo la literatura de viaje del XIX\u2014, Goytisolo opta por una prosa contenida, atenta a los detalles, sin adornos innecesarios. La escritura se convierte en un acto de escucha y de visibilizaci\u00f3n.<\/span><\/p>\n<h3 class=\"western\" align=\"justify\"><span style=\"font-size: medium;\">La frontera interior: geograf\u00eda del olvido<\/span><\/h3>\n<p align=\"justify\"><span style=\"font-size: medium;\">La elecci\u00f3n de N\u00edjar y sus campos como escenario no es casual. A finales de los a\u00f1os cincuenta, esa zona del sudeste espa\u00f1ol representaba una de las regiones m\u00e1s empobrecidas de Europa. La aridez extrema, la falta de infraestructuras, el \u00e9xodo rural constante y la represi\u00f3n pol\u00edtica hab\u00edan configurado una realidad al margen de cualquier relato de progreso. Y, sin embargo, formaba parte del mismo pa\u00eds que proclamaba su modernizaci\u00f3n.<\/span><\/p>\n<p align=\"justify\"><span style=\"font-size: medium;\">En <\/span><em><span style=\"font-size: medium;\">Campos de N\u00edjar<\/span><\/em><span style=\"font-size: medium;\">, esa realidad se impone con crudeza. Las descripciones del paisaje \u2014pedregoso, casi lunar\u2014 se entrelazan con im\u00e1genes de pueblos sin agua corriente, sin escuelas, sin m\u00e9dicos. Los habitantes, resignados y orgullosos a un tiempo, cuentan sus historias al viajero con una mezcla de desconfianza y hospitalidad. La frontera, aqu\u00ed, no est\u00e1 en el mapa sino en la desigualdad. El \u00abdesplazamiento\u00bb del autor no es s\u00f3lo un movimiento f\u00edsico, sino un viaje a una Espa\u00f1a que, pese a su cercan\u00eda geogr\u00e1fica, se encontraba fuera del imaginario nacional dominante.<\/span><\/p>\n<p align=\"justify\"><span style=\"font-size: medium;\">Goytisolo denuncia esa fractura sin aspavientos. Basta con la observaci\u00f3n precisa, con el di\u00e1logo breve, con el contraste entre lo que se ve y lo que no deber\u00eda ser. En este sentido, el libro funciona tambi\u00e9n como un documento hist\u00f3rico de primer orden, que ilumina con claridad un territorio y una \u00e9poca deliberadamente oscurecidos.<\/span><\/p>\n<h3 class=\"western\" align=\"justify\"><span style=\"font-size: medium;\">Un estilo que observa y calla<\/span><\/h3>\n<p align=\"justify\"><span style=\"font-size: medium;\">Formalmente, <\/span><em><span style=\"font-size: medium;\">Campos de N\u00edjar<\/span><\/em><span style=\"font-size: medium;\"> es un texto h\u00edbrido: cr\u00f3nica, cuaderno de viaje, ensayo breve. No hay trama, apenas personajes, y sin embargo, el ritmo narrativo no decae. Esto se debe, en buena parte, al estilo caracter\u00edstico de Goytisolo en esta etapa: una prosa limpia, sin ret\u00f3rica, que conf\u00eda en la fuerza de la observaci\u00f3n. El narrador adopta una posici\u00f3n baja, sin imponerse a lo observado, dejando que los detalles hablen por s\u00ed solos.<\/span><\/p>\n<p align=\"justify\"><span style=\"font-size: medium;\">No obstante, la escritura nunca es meramente descriptiva. En las frases cortas, en las repeticiones, en los silencios, se filtra una tensi\u00f3n constante entre lo real y lo intolerable. El autor camina, pregunta, escucha, pero sobre todo mira. Y esa mirada, al no ser neutra, se convierte en una forma de intervenci\u00f3n. La literatura, para Goytisolo, es una herramienta para mostrar lo invisible, para hacer o\u00edr las voces que no suelen llegar a los centros de decisi\u00f3n ni a los salones literarios.<\/span><\/p>\n<p align=\"justify\"><span style=\"font-size: medium;\">En este sentido, el libro anticipa muchas de las preocupaciones que recorrer\u00e1n la obra posterior del autor: la cr\u00edtica al nacionalismo espa\u00f1ol, la atenci\u00f3n a las periferias, la desconfianza hacia los discursos oficiales, la b\u00fasqueda de una \u00e9tica de la escritura. <\/span><em><span style=\"font-size: medium;\">Campos de N\u00edjar<\/span><\/em><span style=\"font-size: medium;\"> marca, de hecho, un punto de inflexi\u00f3n en su trayectoria, que pronto le llevar\u00e1 al exilio voluntario y a una escritura cada vez m\u00e1s experimental y comprometida.<\/span><\/p>\n<h3 class=\"western\" align=\"justify\"><span style=\"font-size: medium;\">Testimonio y literatura<\/span><\/h3>\n<p align=\"justify\"><span style=\"font-size: medium;\">Una de las virtudes m\u00e1s notables de <\/span><em><span style=\"font-size: medium;\">Campos de N\u00edjar<\/span><\/em><span style=\"font-size: medium;\"> es su capacidad para conjugar el valor testimonial con la exigencia literaria. El libro documenta una realidad concreta \u2014la situaci\u00f3n de una comarca olvidada en la Espa\u00f1a franquista\u2014, pero lo hace desde una conciencia est\u00e9tica precisa. No hay aqu\u00ed artificio ni afectaci\u00f3n, pero s\u00ed una voluntad de estilo que se manifiesta en la estructura r\u00edtmica de las frases, en la construcci\u00f3n de las escenas, en la elecci\u00f3n de cada palabra.<\/span><\/p>\n<p align=\"justify\"><span style=\"font-size: medium;\">Esta tensi\u00f3n entre testimonio y literatura es tambi\u00e9n una forma de interrogar el lugar del escritor en la sociedad. \u00bfQu\u00e9 puede hacer la literatura frente a la injusticia? \u00bfQu\u00e9 legitimidad tiene el que narra si no comparte las condiciones del que sufre? Goytisolo no resuelve estas preguntas, pero las deja abiertas de forma honesta, a trav\u00e9s de una escritura que ni estetiza el dolor ni lo instrumentaliza.<\/span><\/p>\n<p align=\"justify\"><span style=\"font-size: medium;\">La figura del viajero que recorre N\u00edjar se configura as\u00ed como una conciencia en movimiento: una subjetividad que observa y se interroga, que no se conforma con constatar, sino que problematiza su propia mirada. Esta autorreflexividad, inusual en la literatura testimonial de la \u00e9poca, otorga al libro una profundidad \u00e9tica y est\u00e9tica singular.<\/span><\/p>\n<h3 class=\"western\" align=\"justify\"><span style=\"font-size: medium;\">Resonancia contempor\u00e1nea<\/span><\/h3>\n<p align=\"justify\"><span style=\"font-size: medium;\">M\u00e1s de sesenta a\u00f1os despu\u00e9s de su publicaci\u00f3n, <\/span><em><span style=\"font-size: medium;\">Campos de N\u00edjar<\/span><\/em><span style=\"font-size: medium;\"> conserva una vigencia sorprendente. Aunque el contexto ha cambiado \u2014la comarca ha vivido una transformaci\u00f3n radical, con el auge de la agricultura intensiva y el turismo\u2014, muchas de las preguntas que plantea siguen abiertas: la persistencia de las desigualdades territoriales, el olvido institucional de ciertas zonas rurales, la mirada condescendiente hacia el \u201csur\u201d dentro del propio pa\u00eds.<\/span><\/p>\n<p align=\"justify\"><span style=\"font-size: medium;\">Pero m\u00e1s all\u00e1 del contexto concreto, el libro plantea una cuesti\u00f3n central: c\u00f3mo narrar la diferencia sin exotizarla, c\u00f3mo observar sin dominar, c\u00f3mo hacer literatura sin traicionar la realidad. En una \u00e9poca donde las fronteras se han reconfigurado y el desplazamiento es una constante \u2014por necesidad, por deseo, por exclusi\u00f3n\u2014, la mirada de Goytisolo ofrece una lecci\u00f3n de rigor y de honestidad que sigue siendo ejemplar.<\/span><\/p>\n<p align=\"justify\"><span style=\"font-size: medium;\">Adem\u00e1s, <\/span><em><span style=\"font-size: medium;\">Campos de N\u00edjar<\/span><\/em><span style=\"font-size: medium;\"> se ha convertido en una referencia fundamental para m\u00faltiples disciplinas: desde la antropolog\u00eda al urbanismo, desde la historia social al periodismo literario. Su influencia puede rastrearse en obras posteriores que han intentado recorrer, desde la literatura, los m\u00e1rgenes de la Espa\u00f1a oficial. En este sentido, el libro no solo documenta un viaje, sino que inaugura una forma de mirar y de escribir.<\/span><\/p>\n<h3 class=\"western\" align=\"justify\"><span style=\"font-size: medium;\">Conclusi\u00f3n: una \u00e9tica del desplazamiento<\/span><\/h3>\n<p align=\"justify\"><em><span style=\"font-size: medium;\">Campos de N\u00edjar<\/span><\/em><span style=\"font-size: medium;\"> es mucho m\u00e1s que una cr\u00f3nica de viaje: es un ejercicio de desobediencia literaria, un gesto de apertura hacia lo otro, una denuncia sin estridencias. En sus p\u00e1ginas, Juan Goytisolo no solo retrata un territorio olvidado, sino que interroga el concepto mismo de frontera: \u00bfqu\u00e9 separa el centro de la periferia?, \u00bfqui\u00e9n decide lo que merece ser narrado?, \u00bfc\u00f3mo se construye la exclusi\u00f3n?<\/span><\/p>\n<p align=\"justify\"><span style=\"font-size: medium;\">A trav\u00e9s de un viaje breve pero profundo, el autor traza una cartograf\u00eda moral de la Espa\u00f1a de su tiempo, que sigue resonando en el nuestro. Con su prosa clara y su mirada penetrante, <\/span><em><span style=\"font-size: medium;\">Campos de N\u00edjar<\/span><\/em><span style=\"font-size: medium;\"> se convierte en un testimonio imprescindible sobre la dignidad de lo marginal, y sobre el deber \u2014nunca c\u00f3modo, nunca simple\u2014 de mirar all\u00ed donde otros prefieren no ver.<\/span><\/p>\n<p align=\"justify\">REDACCI\u00d3N<\/p>\n<p align=\"justify\">Punto y Seguido<\/p>\n","protected":false},"excerpt":{"rendered":"<p>MIRADAS DE AUTOR 2 Viaje al otro pa\u00eds interior Publicado originalmente en 1960, Campos de N\u00edjar es uno de los libros m\u00e1s singulares y valientes de Juan Goytisolo, no s\u00f3lo por su contenido, sino tambi\u00e9n por el momento hist\u00f3rico en que fue concebido. Escrito tras un breve viaje por la provincia de Almer\u00eda, el texto [&hellip;]<\/p>\n","protected":false},"author":96,"featured_media":23228,"comment_status":"open","ping_status":"closed","sticky":false,"template":"","format":"standard","meta":{"footnotes":""},"categories":[2577],"tags":[1549,2591],"class_list":{"0":"post-23227","1":"post","2":"type-post","3":"status-publish","4":"format-standard","5":"has-post-thumbnail","7":"category-fronteras-y-desplazamientos","8":"tag-galaxia-gutenberg-editorial","9":"tag-juan-goytisolo"},"yoast_head":"<!-- This site is optimized with the Yoast SEO plugin v27.4 - https:\/\/yoast.com\/product\/yoast-seo-wordpress\/ -->\n<title>Campos de N\u00edjar \u2013 Juan Goytisolo | FRONTERAS Y DESPLAZAMIENTOS | HOJAS SUELTAS Peri\u00f3dico Cultural<\/title>\n<meta name=\"description\" content=\"ATLAS LITERARIO; FRONTERAS Y DESPLAZAMIENTOS; MIRADAS DE AUTOR; = Publicado originalmente en 1960, Campos de N\u00edjar es uno de los libros m\u00e1s singulares y valientes de Juan Goytisolo, no s\u00f3lo por su contenido, sino tambi\u00e9n por el momento hist\u00f3rico en que fue concebido\" \/>\n<meta name=\"robots\" content=\"index, follow, max-snippet:-1, max-image-preview:large, max-video-preview:-1\" \/>\n<link rel=\"canonical\" href=\"https:\/\/hojassueltas.es\/?p=23227\" \/>\n<meta property=\"og:locale\" content=\"es_ES\" \/>\n<meta property=\"og:type\" content=\"article\" \/>\n<meta property=\"og:title\" content=\"Campos de N\u00edjar \u2013 Juan Goytisolo | FRONTERAS Y DESPLAZAMIENTOS | HOJAS SUELTAS Peri\u00f3dico Cultural\" \/>\n<meta property=\"og:description\" content=\"ATLAS LITERARIO; FRONTERAS Y DESPLAZAMIENTOS; MIRADAS DE AUTOR; = Publicado originalmente en 1960, Campos de N\u00edjar es uno de los libros m\u00e1s singulares y valientes de Juan Goytisolo, no s\u00f3lo por su contenido, sino tambi\u00e9n por el momento hist\u00f3rico en que fue concebido\" \/>\n<meta property=\"og:url\" content=\"https:\/\/hojassueltas.es\/?p=23227\" \/>\n<meta property=\"og:site_name\" content=\"HOJAS SUELTAS Peri\u00f3dico Cultural\" \/>\n<meta property=\"article:published_time\" content=\"2025-09-23T23:00:46+00:00\" \/>\n<meta property=\"article:modified_time\" content=\"2026-02-14T11:03:04+00:00\" \/>\n<meta property=\"og:image\" content=\"https:\/\/hojassueltas.es\/wp-content\/uploads\/2025\/09\/Campos-de-Nijar.H.S.png\" \/>\n\t<meta property=\"og:image:width\" content=\"500\" \/>\n\t<meta property=\"og:image:height\" content=\"700\" \/>\n\t<meta property=\"og:image:type\" content=\"image\/png\" \/>\n<meta name=\"author\" content=\"Punto y Seguido - Susana Di\u00e9guez\" \/>\n<meta name=\"twitter:card\" content=\"summary_large_image\" \/>\n<meta name=\"twitter:creator\" content=\"@HOJASSUELTAS22\" \/>\n<meta name=\"twitter:site\" content=\"@HOJASSUELTAS22\" \/>\n<meta name=\"twitter:label1\" content=\"Escrito por\" \/>\n\t<meta name=\"twitter:data1\" content=\"Punto y Seguido - Susana Di\u00e9guez\" \/>\n\t<meta name=\"twitter:label2\" content=\"Tiempo de lectura\" \/>\n\t<meta name=\"twitter:data2\" content=\"7 minutos\" \/>\n<script type=\"application\/ld+json\" class=\"yoast-schema-graph\">{\"@context\":\"https:\\\/\\\/schema.org\",\"@graph\":[{\"@type\":[\"Article\",\"BlogPosting\"],\"@id\":\"https:\\\/\\\/hojassueltas.es\\\/?p=23227#article\",\"isPartOf\":{\"@id\":\"https:\\\/\\\/hojassueltas.es\\\/?p=23227\"},\"author\":{\"name\":\"Punto y Seguido - Susana Di\u00e9guez\",\"@id\":\"https:\\\/\\\/hojassueltas.es\\\/#\\\/schema\\\/person\\\/0cc721d1681d3b691885d6bdbe2ad009\"},\"headline\":\"Campos de N\u00edjar \u2013 Juan Goytisolo\",\"datePublished\":\"2025-09-23T23:00:46+00:00\",\"dateModified\":\"2026-02-14T11:03:04+00:00\",\"mainEntityOfPage\":{\"@id\":\"https:\\\/\\\/hojassueltas.es\\\/?p=23227\"},\"wordCount\":1540,\"commentCount\":0,\"publisher\":{\"@id\":\"https:\\\/\\\/hojassueltas.es\\\/#organization\"},\"image\":{\"@id\":\"https:\\\/\\\/hojassueltas.es\\\/?p=23227#primaryimage\"},\"thumbnailUrl\":\"https:\\\/\\\/hojassueltas.es\\\/wp-content\\\/uploads\\\/2025\\\/09\\\/Campos-de-Nijar.H.S.png\",\"keywords\":[\"Galaxia Gutenberg - Editorial\",\"Juan Goytisolo\"],\"articleSection\":[\"FRONTERAS Y DESPLAZAMIENTOS\"],\"inLanguage\":\"es\",\"potentialAction\":[{\"@type\":\"CommentAction\",\"name\":\"Comment\",\"target\":[\"https:\\\/\\\/hojassueltas.es\\\/?p=23227#respond\"]}]},{\"@type\":\"WebPage\",\"@id\":\"https:\\\/\\\/hojassueltas.es\\\/?p=23227\",\"url\":\"https:\\\/\\\/hojassueltas.es\\\/?p=23227\",\"name\":\"Campos de N\u00edjar \u2013 Juan Goytisolo | FRONTERAS Y DESPLAZAMIENTOS | HOJAS SUELTAS Peri\u00f3dico Cultural\",\"isPartOf\":{\"@id\":\"https:\\\/\\\/hojassueltas.es\\\/#website\"},\"primaryImageOfPage\":{\"@id\":\"https:\\\/\\\/hojassueltas.es\\\/?p=23227#primaryimage\"},\"image\":{\"@id\":\"https:\\\/\\\/hojassueltas.es\\\/?p=23227#primaryimage\"},\"thumbnailUrl\":\"https:\\\/\\\/hojassueltas.es\\\/wp-content\\\/uploads\\\/2025\\\/09\\\/Campos-de-Nijar.H.S.png\",\"datePublished\":\"2025-09-23T23:00:46+00:00\",\"dateModified\":\"2026-02-14T11:03:04+00:00\",\"description\":\"ATLAS LITERARIO; FRONTERAS Y DESPLAZAMIENTOS; MIRADAS DE AUTOR; = Publicado originalmente en 1960, Campos de N\u00edjar es uno de los libros m\u00e1s singulares y valientes de Juan Goytisolo, no s\u00f3lo por su contenido, sino tambi\u00e9n por el momento hist\u00f3rico en que fue concebido\",\"breadcrumb\":{\"@id\":\"https:\\\/\\\/hojassueltas.es\\\/?p=23227#breadcrumb\"},\"inLanguage\":\"es\",\"potentialAction\":[{\"@type\":\"ReadAction\",\"target\":[\"https:\\\/\\\/hojassueltas.es\\\/?p=23227\"]}]},{\"@type\":\"ImageObject\",\"inLanguage\":\"es\",\"@id\":\"https:\\\/\\\/hojassueltas.es\\\/?p=23227#primaryimage\",\"url\":\"https:\\\/\\\/hojassueltas.es\\\/wp-content\\\/uploads\\\/2025\\\/09\\\/Campos-de-Nijar.H.S.png\",\"contentUrl\":\"https:\\\/\\\/hojassueltas.es\\\/wp-content\\\/uploads\\\/2025\\\/09\\\/Campos-de-Nijar.H.S.png\",\"width\":500,\"height\":700},{\"@type\":\"BreadcrumbList\",\"@id\":\"https:\\\/\\\/hojassueltas.es\\\/?p=23227#breadcrumb\",\"itemListElement\":[{\"@type\":\"ListItem\",\"position\":1,\"name\":\"Portada\",\"item\":\"https:\\\/\\\/hojassueltas.es\\\/\"},{\"@type\":\"ListItem\",\"position\":2,\"name\":\"Campos de N\u00edjar \u2013 Juan Goytisolo\"}]},{\"@type\":\"WebSite\",\"@id\":\"https:\\\/\\\/hojassueltas.es\\\/#website\",\"url\":\"https:\\\/\\\/hojassueltas.es\\\/\",\"name\":\"HojasSueltas.es\",\"description\":\"GRANADA - Peri\u00f3dico Cultural\",\"publisher\":{\"@id\":\"https:\\\/\\\/hojassueltas.es\\\/#organization\"},\"alternateName\":\"H.S. Periodico Cultural\",\"potentialAction\":[{\"@type\":\"SearchAction\",\"target\":{\"@type\":\"EntryPoint\",\"urlTemplate\":\"https:\\\/\\\/hojassueltas.es\\\/?s={search_term_string}\"},\"query-input\":{\"@type\":\"PropertyValueSpecification\",\"valueRequired\":true,\"valueName\":\"search_term_string\"}}],\"inLanguage\":\"es\"},{\"@type\":\"Organization\",\"@id\":\"https:\\\/\\\/hojassueltas.es\\\/#organization\",\"name\":\"HOJAS SUELTAS - Peri\u00f3dico Cultural\",\"alternateName\":\"HS - HOJAS SUELTAS Peri\u00f3dico Cultural\",\"url\":\"https:\\\/\\\/hojassueltas.es\\\/\",\"logo\":{\"@type\":\"ImageObject\",\"inLanguage\":\"es\",\"@id\":\"https:\\\/\\\/hojassueltas.es\\\/#\\\/schema\\\/logo\\\/image\\\/\",\"url\":\"https:\\\/\\\/hojassueltas.es\\\/wp-content\\\/uploads\\\/2025\\\/08\\\/Icono-HS_2.png\",\"contentUrl\":\"https:\\\/\\\/hojassueltas.es\\\/wp-content\\\/uploads\\\/2025\\\/08\\\/Icono-HS_2.png\",\"width\":500,\"height\":500,\"caption\":\"HOJAS SUELTAS - Peri\u00f3dico Cultural\"},\"image\":{\"@id\":\"https:\\\/\\\/hojassueltas.es\\\/#\\\/schema\\\/logo\\\/image\\\/\"},\"sameAs\":[\"https:\\\/\\\/x.com\\\/HOJASSUELTAS22\"]},{\"@type\":\"Person\",\"@id\":\"https:\\\/\\\/hojassueltas.es\\\/#\\\/schema\\\/person\\\/0cc721d1681d3b691885d6bdbe2ad009\",\"name\":\"Punto y Seguido - Susana Di\u00e9guez\",\"image\":{\"@type\":\"ImageObject\",\"inLanguage\":\"es\",\"@id\":\"https:\\\/\\\/hojassueltas.es\\\/wp-content\\\/uploads\\\/2026\\\/02\\\/Retrato-familiar-en-casa-de-Susana-96x96.png\",\"url\":\"https:\\\/\\\/hojassueltas.es\\\/wp-content\\\/uploads\\\/2026\\\/02\\\/Retrato-familiar-en-casa-de-Susana-96x96.png\",\"contentUrl\":\"https:\\\/\\\/hojassueltas.es\\\/wp-content\\\/uploads\\\/2026\\\/02\\\/Retrato-familiar-en-casa-de-Susana-96x96.png\",\"caption\":\"Punto y Seguido - Susana Di\u00e9guez\"},\"url\":\"https:\\\/\\\/hojassueltas.es\\\/?author=96\"}]}<\/script>\n<!-- \/ Yoast SEO plugin. -->","yoast_head_json":{"title":"Campos de N\u00edjar \u2013 Juan Goytisolo | FRONTERAS Y DESPLAZAMIENTOS | HOJAS SUELTAS Peri\u00f3dico Cultural","description":"ATLAS LITERARIO; FRONTERAS Y DESPLAZAMIENTOS; MIRADAS DE AUTOR; = Publicado originalmente en 1960, Campos de N\u00edjar es uno de los libros m\u00e1s singulares y valientes de Juan Goytisolo, no s\u00f3lo por su contenido, sino tambi\u00e9n por el momento hist\u00f3rico en que fue concebido","robots":{"index":"index","follow":"follow","max-snippet":"max-snippet:-1","max-image-preview":"max-image-preview:large","max-video-preview":"max-video-preview:-1"},"canonical":"https:\/\/hojassueltas.es\/?p=23227","og_locale":"es_ES","og_type":"article","og_title":"Campos de N\u00edjar \u2013 Juan Goytisolo | FRONTERAS Y DESPLAZAMIENTOS | HOJAS SUELTAS Peri\u00f3dico Cultural","og_description":"ATLAS LITERARIO; FRONTERAS Y DESPLAZAMIENTOS; MIRADAS DE AUTOR; = Publicado originalmente en 1960, Campos de N\u00edjar es uno de los libros m\u00e1s singulares y valientes de Juan Goytisolo, no s\u00f3lo por su contenido, sino tambi\u00e9n por el momento hist\u00f3rico en que fue concebido","og_url":"https:\/\/hojassueltas.es\/?p=23227","og_site_name":"HOJAS SUELTAS Peri\u00f3dico Cultural","article_published_time":"2025-09-23T23:00:46+00:00","article_modified_time":"2026-02-14T11:03:04+00:00","og_image":[{"width":500,"height":700,"url":"https:\/\/hojassueltas.es\/wp-content\/uploads\/2025\/09\/Campos-de-Nijar.H.S.png","type":"image\/png"}],"author":"Punto y Seguido - Susana Di\u00e9guez","twitter_card":"summary_large_image","twitter_creator":"@HOJASSUELTAS22","twitter_site":"@HOJASSUELTAS22","twitter_misc":{"Escrito por":"Punto y Seguido - Susana Di\u00e9guez","Tiempo de lectura":"7 minutos"},"schema":{"@context":"https:\/\/schema.org","@graph":[{"@type":["Article","BlogPosting"],"@id":"https:\/\/hojassueltas.es\/?p=23227#article","isPartOf":{"@id":"https:\/\/hojassueltas.es\/?p=23227"},"author":{"name":"Punto y Seguido - Susana Di\u00e9guez","@id":"https:\/\/hojassueltas.es\/#\/schema\/person\/0cc721d1681d3b691885d6bdbe2ad009"},"headline":"Campos de N\u00edjar \u2013 Juan Goytisolo","datePublished":"2025-09-23T23:00:46+00:00","dateModified":"2026-02-14T11:03:04+00:00","mainEntityOfPage":{"@id":"https:\/\/hojassueltas.es\/?p=23227"},"wordCount":1540,"commentCount":0,"publisher":{"@id":"https:\/\/hojassueltas.es\/#organization"},"image":{"@id":"https:\/\/hojassueltas.es\/?p=23227#primaryimage"},"thumbnailUrl":"https:\/\/hojassueltas.es\/wp-content\/uploads\/2025\/09\/Campos-de-Nijar.H.S.png","keywords":["Galaxia Gutenberg - Editorial","Juan Goytisolo"],"articleSection":["FRONTERAS Y DESPLAZAMIENTOS"],"inLanguage":"es","potentialAction":[{"@type":"CommentAction","name":"Comment","target":["https:\/\/hojassueltas.es\/?p=23227#respond"]}]},{"@type":"WebPage","@id":"https:\/\/hojassueltas.es\/?p=23227","url":"https:\/\/hojassueltas.es\/?p=23227","name":"Campos de N\u00edjar \u2013 Juan Goytisolo | FRONTERAS Y DESPLAZAMIENTOS | HOJAS SUELTAS Peri\u00f3dico Cultural","isPartOf":{"@id":"https:\/\/hojassueltas.es\/#website"},"primaryImageOfPage":{"@id":"https:\/\/hojassueltas.es\/?p=23227#primaryimage"},"image":{"@id":"https:\/\/hojassueltas.es\/?p=23227#primaryimage"},"thumbnailUrl":"https:\/\/hojassueltas.es\/wp-content\/uploads\/2025\/09\/Campos-de-Nijar.H.S.png","datePublished":"2025-09-23T23:00:46+00:00","dateModified":"2026-02-14T11:03:04+00:00","description":"ATLAS LITERARIO; FRONTERAS Y DESPLAZAMIENTOS; MIRADAS DE AUTOR; = Publicado originalmente en 1960, Campos de N\u00edjar es uno de los libros m\u00e1s singulares y valientes de Juan Goytisolo, no s\u00f3lo por su contenido, sino tambi\u00e9n por el momento hist\u00f3rico en que fue concebido","breadcrumb":{"@id":"https:\/\/hojassueltas.es\/?p=23227#breadcrumb"},"inLanguage":"es","potentialAction":[{"@type":"ReadAction","target":["https:\/\/hojassueltas.es\/?p=23227"]}]},{"@type":"ImageObject","inLanguage":"es","@id":"https:\/\/hojassueltas.es\/?p=23227#primaryimage","url":"https:\/\/hojassueltas.es\/wp-content\/uploads\/2025\/09\/Campos-de-Nijar.H.S.png","contentUrl":"https:\/\/hojassueltas.es\/wp-content\/uploads\/2025\/09\/Campos-de-Nijar.H.S.png","width":500,"height":700},{"@type":"BreadcrumbList","@id":"https:\/\/hojassueltas.es\/?p=23227#breadcrumb","itemListElement":[{"@type":"ListItem","position":1,"name":"Portada","item":"https:\/\/hojassueltas.es\/"},{"@type":"ListItem","position":2,"name":"Campos de N\u00edjar \u2013 Juan Goytisolo"}]},{"@type":"WebSite","@id":"https:\/\/hojassueltas.es\/#website","url":"https:\/\/hojassueltas.es\/","name":"HojasSueltas.es","description":"GRANADA - Peri\u00f3dico Cultural","publisher":{"@id":"https:\/\/hojassueltas.es\/#organization"},"alternateName":"H.S. Periodico Cultural","potentialAction":[{"@type":"SearchAction","target":{"@type":"EntryPoint","urlTemplate":"https:\/\/hojassueltas.es\/?s={search_term_string}"},"query-input":{"@type":"PropertyValueSpecification","valueRequired":true,"valueName":"search_term_string"}}],"inLanguage":"es"},{"@type":"Organization","@id":"https:\/\/hojassueltas.es\/#organization","name":"HOJAS SUELTAS - Peri\u00f3dico Cultural","alternateName":"HS - HOJAS SUELTAS Peri\u00f3dico Cultural","url":"https:\/\/hojassueltas.es\/","logo":{"@type":"ImageObject","inLanguage":"es","@id":"https:\/\/hojassueltas.es\/#\/schema\/logo\/image\/","url":"https:\/\/hojassueltas.es\/wp-content\/uploads\/2025\/08\/Icono-HS_2.png","contentUrl":"https:\/\/hojassueltas.es\/wp-content\/uploads\/2025\/08\/Icono-HS_2.png","width":500,"height":500,"caption":"HOJAS SUELTAS - Peri\u00f3dico Cultural"},"image":{"@id":"https:\/\/hojassueltas.es\/#\/schema\/logo\/image\/"},"sameAs":["https:\/\/x.com\/HOJASSUELTAS22"]},{"@type":"Person","@id":"https:\/\/hojassueltas.es\/#\/schema\/person\/0cc721d1681d3b691885d6bdbe2ad009","name":"Punto y Seguido - Susana Di\u00e9guez","image":{"@type":"ImageObject","inLanguage":"es","@id":"https:\/\/hojassueltas.es\/wp-content\/uploads\/2026\/02\/Retrato-familiar-en-casa-de-Susana-96x96.png","url":"https:\/\/hojassueltas.es\/wp-content\/uploads\/2026\/02\/Retrato-familiar-en-casa-de-Susana-96x96.png","contentUrl":"https:\/\/hojassueltas.es\/wp-content\/uploads\/2026\/02\/Retrato-familiar-en-casa-de-Susana-96x96.png","caption":"Punto y Seguido - Susana Di\u00e9guez"},"url":"https:\/\/hojassueltas.es\/?author=96"}]}},"_links":{"self":[{"href":"https:\/\/hojassueltas.es\/index.php?rest_route=\/wp\/v2\/posts\/23227","targetHints":{"allow":["GET"]}}],"collection":[{"href":"https:\/\/hojassueltas.es\/index.php?rest_route=\/wp\/v2\/posts"}],"about":[{"href":"https:\/\/hojassueltas.es\/index.php?rest_route=\/wp\/v2\/types\/post"}],"author":[{"embeddable":true,"href":"https:\/\/hojassueltas.es\/index.php?rest_route=\/wp\/v2\/users\/96"}],"replies":[{"embeddable":true,"href":"https:\/\/hojassueltas.es\/index.php?rest_route=%2Fwp%2Fv2%2Fcomments&post=23227"}],"version-history":[{"count":1,"href":"https:\/\/hojassueltas.es\/index.php?rest_route=\/wp\/v2\/posts\/23227\/revisions"}],"predecessor-version":[{"id":23229,"href":"https:\/\/hojassueltas.es\/index.php?rest_route=\/wp\/v2\/posts\/23227\/revisions\/23229"}],"wp:featuredmedia":[{"embeddable":true,"href":"https:\/\/hojassueltas.es\/index.php?rest_route=\/wp\/v2\/media\/23228"}],"wp:attachment":[{"href":"https:\/\/hojassueltas.es\/index.php?rest_route=%2Fwp%2Fv2%2Fmedia&parent=23227"}],"wp:term":[{"taxonomy":"category","embeddable":true,"href":"https:\/\/hojassueltas.es\/index.php?rest_route=%2Fwp%2Fv2%2Fcategories&post=23227"},{"taxonomy":"post_tag","embeddable":true,"href":"https:\/\/hojassueltas.es\/index.php?rest_route=%2Fwp%2Fv2%2Ftags&post=23227"}],"curies":[{"name":"wp","href":"https:\/\/api.w.org\/{rel}","templated":true}]}}