{"id":23223,"date":"2025-09-22T07:15:47","date_gmt":"2025-09-22T06:15:47","guid":{"rendered":"https:\/\/hojassueltas.es\/?p=23223"},"modified":"2026-02-14T13:03:04","modified_gmt":"2026-02-14T11:03:04","slug":"un-andar-solitario-entre-la-gente-antonio-munoz-molina","status":"publish","type":"post","link":"https:\/\/hojassueltas.es\/?p=23223","title":{"rendered":"Un andar solitario entre la gente &#8211; Antonio Mu\u00f1oz Molina"},"content":{"rendered":"<p align=\"justify\"><strong>MIRADAS DE AUTOR 1<\/strong><\/p>\n<p align=\"justify\"><strong><span style=\"font-size: large;\">Cartograf\u00eda de la soledad urbana<\/span><\/strong><\/p>\n<p align=\"justify\"><span style=\"font-size: large;\">En <\/span><em><span style=\"font-size: large;\">Un andar solitario entre la gente<\/span><\/em><span style=\"font-size: large;\"> (Seix Barral, 2018), Antonio Mu\u00f1oz Molina despliega un libro dif\u00edcil de clasificar, a medio camino entre el diario de caminante, el collage textual y la cr\u00f3nica de fl\u00e2neur contempor\u00e1neo <\/span><span style=\"font-size: small;\">(paseante, callejero: t\u00e9rmino franc\u00e9s)<\/span><span style=\"font-size: small;\">.<\/span><span style=\"font-size: large;\"> A trav\u00e9s de una escritura fragmentaria y deliberadamente h\u00edbrida, el autor andaluz traza una geograf\u00eda personal de la experiencia urbana, un viaje a trav\u00e9s de los residuos de la ciudad y los murmullos de lo cotidiano. El desplazamiento aqu\u00ed no es tanto territorial como perceptivo: una migraci\u00f3n constante de la atenci\u00f3n, de los sentidos, del yo que observa y se disuelve en el paisaje humano.<\/span><\/p>\n<p align=\"justify\"><span style=\"font-size: large;\">Mu\u00f1oz Molina parte de una figura ya cl\u00e1sica en la literatura moderna: la del paseante solitario, heredero del fl\u00e2neur baudelairiano, del observador que se desliza por la ciudad como un espectador an\u00f3nimo, atento a los signos m\u00ednimos de lo real. Pero lo que en Baudelaire era a\u00fan una contemplaci\u00f3n est\u00e9tica de la modernidad, en <\/span><em><span style=\"font-size: large;\">Un andar solitario entre la gente<\/span><\/em><span style=\"font-size: large;\"> se transforma en una pr\u00e1ctica casi pol\u00edtica de resistencia ante la velocidad, la banalizaci\u00f3n y el ruido de la era contempor\u00e1nea. Caminar, mirar, escuchar y escribir se convierten en gestos de desaceleraci\u00f3n, de recogida y de memoria.<\/span><\/p>\n<h3 class=\"western\" align=\"justify\"><span style=\"font-size: large;\">Ciudades y residuos: una po\u00e9tica del fragmento<\/span><\/h3>\n<p align=\"justify\"><span style=\"font-size: large;\">El libro se organiza como un mosaico de textos breves \u2014anotaciones, citas, escenas, recuerdos, descripciones\u2014 que se entrelazan sin una estructura narrativa lineal. El yo que escribe se desplaza por Madrid, Nueva York, Lisboa o Par\u00eds, pero lo hace sin una agenda tur\u00edstica, sin un rumbo definido. Los lugares no importan tanto como las situaciones, los instantes, las im\u00e1genes que se recogen al paso. La mirada de Mu\u00f1oz Molina se fija en lo residual: papeles abandonados en la acera, mensajes en marquesinas, voces an\u00f3nimas que se cruzan en el metro o en la calle.<\/span><\/p>\n<p align=\"justify\"><span style=\"font-size: large;\">Este inter\u00e9s por el residuo conecta con una de las constantes del libro: la analog\u00eda entre la ciudad y el lenguaje. As\u00ed como el paseante recoge objetos olvidados, el escritor recoge palabras perdidas, fragmentos de conversaciones, esl\u00f3ganes publicitarios, grafitis. Todo ello alimenta una especie de archivo literario donde lo trivial se convierte en signo, y lo ef\u00edmero, en documento. Hay aqu\u00ed un evidente homenaje al situacionismo y a las t\u00e9cnicas del collage surrealista, pero tambi\u00e9n a los procedimientos del <\/span><em><span style=\"font-size: large;\">cut-up<\/span><\/em><span style=\"font-size: large;\"> beatnik o del cine documental de montaje. La escritura se concibe como una forma de recolecci\u00f3n, de restituci\u00f3n simb\u00f3lica de lo que la ciudad arroja o silencia.<\/span><\/p>\n<h3 class=\"western\" align=\"justify\"><span style=\"font-size: large;\">Del yo al otro: escuchar la ciudad<\/span><\/h3>\n<p align=\"justify\"><span style=\"font-size: large;\">Aunque <\/span><em><span style=\"font-size: large;\">Un andar solitario entre la gente<\/span><\/em><span style=\"font-size: large;\"> tiene un marcado tono autobiogr\u00e1fico \u2014es el propio Mu\u00f1oz Molina quien narra, en primera persona, sus desplazamientos, impresiones y lecturas\u2014, el libro reh\u00faye el ensimismamiento. La introspecci\u00f3n se da siempre en di\u00e1logo con lo otro, con el afuera. El autor no se contempla a s\u00ed mismo, sino que se expone a lo que ve y escucha. Hay una voluntad de testimonio, de escucha activa, de atenci\u00f3n a lo que pasa inadvertido. Esta actitud \u00e9tica del observador se refuerza con la sensibilidad hacia las voces marginales: los sintecho, los inmigrantes, los trabajadores invisibles de la gran ciudad.<\/span><\/p>\n<p align=\"justify\"><span style=\"font-size: large;\">En este sentido, el desplazamiento no es s\u00f3lo espacial, sino tambi\u00e9n social. El narrador abandona las zonas confortables de la ciudad para adentrarse en barrios degradados, estaciones de metro perif\u00e9ricas, calles donde el turismo no llega. El libro se convierte as\u00ed en una especie de cartograf\u00eda alternativa de la ciudad, construida no desde los centros de poder, sino desde sus m\u00e1rgenes. A trav\u00e9s de estas exploraciones, Mu\u00f1oz Molina construye una cr\u00edtica sutil \u2014pero firme\u2014 de las transformaciones urbanas del capitalismo tard\u00edo: la gentrificaci\u00f3n, la turistificaci\u00f3n, la mercantilizaci\u00f3n del espacio p\u00fablico.<\/span><\/p>\n<h3 class=\"western\" align=\"justify\"><span style=\"font-size: large;\">Memoria y deriva<\/span><\/h3>\n<p align=\"justify\"><span style=\"font-size: large;\">Como en otras obras del autor \u2014pi\u00e9nsese en <\/span><em><span style=\"font-size: large;\">Sefarad<\/span><\/em><span style=\"font-size: large;\"> o <\/span><em><span style=\"font-size: large;\">Ventanas de Manhattan<\/span><\/em><span style=\"font-size: large;\">\u2014, la memoria ocupa un lugar central en la escritura. No es una memoria sistem\u00e1tica, sino asociativa, evocada por el paso del tiempo o por el roce de una imagen. En una p\u00e1gina, un cartel publicitario desencadena el recuerdo de una novela le\u00edda d\u00e9cadas atr\u00e1s; en otra, un papel abandonado en una papelera remite a una historia familiar. Este di\u00e1logo entre pasado y presente, entre lo vivido y lo percibido, da lugar a una escritura que funciona como un palimpsesto: las capas del tiempo se superponen en cada calle, en cada mirada.<\/span><\/p>\n<p align=\"justify\"><span style=\"font-size: large;\">El t\u00edtulo mismo del libro remite a esa dimensi\u00f3n solitaria y meditativa del paseo, pero tambi\u00e9n a su vocaci\u00f3n comunicativa. No se anda por andar: se anda para pensar, para escribir, para contar. El gesto de caminar se transforma en una forma de pensamiento en movimiento, de deriva consciente que recoge y reformula el mundo. En esto, <\/span><em><span style=\"font-size: large;\">Un andar solitario entre la gente<\/span><\/em><span style=\"font-size: large;\"> se emparenta con ciertas obras de W.G. Sebald, con la deriva psicogeogr\u00e1fica de Iain Sinclair, o con la tradici\u00f3n diar\u00edstica de Walter Benjamin. No por casualidad, estos autores aparecen citados o evocados a lo largo del libro.<\/span><\/p>\n<h3 class=\"western\" align=\"justify\"><span style=\"font-size: large;\">Escritura como resistencia<\/span><\/h3>\n<p align=\"justify\"><span style=\"font-size: large;\">M\u00e1s all\u00e1 de su contenido, el libro de Mu\u00f1oz Molina plantea tambi\u00e9n una reflexi\u00f3n sobre el propio acto de escribir. En una \u00e9poca de hiperconectividad, de fragmentaci\u00f3n digital, de distracci\u00f3n permanente, detenerse a escribir lo que se ve y se escucha se convierte en un gesto casi subversivo. Frente al v\u00e9rtigo de lo inmediato, la escritura propone otra temporalidad: m\u00e1s lenta, m\u00e1s precisa, m\u00e1s humana. Esta \u00e9tica de la atenci\u00f3n recorre toda la obra y se manifiesta en su estilo: frases medidas, im\u00e1genes sugerentes, un ritmo pausado que invita a la lectura reflexiva.<\/span><\/p>\n<p align=\"justify\"><span style=\"font-size: large;\">No se trata de nostalgia por un pasado idealizado, sino de una defensa de ciertos valores de la experiencia: la lentitud, la concentraci\u00f3n, la mirada atenta. En este sentido, el libro funciona tambi\u00e9n como un manifiesto impl\u00edcito sobre el oficio del escritor, sobre su lugar en el mundo actual. La ciudad que describe Mu\u00f1oz Molina es la misma en la que todos vivimos, pero su mirada consigue que la veamos de otro modo. En ese gesto reside la fuerza transformadora de la literatura.<\/span><\/p>\n<h3 class=\"western\" align=\"justify\"><span style=\"font-size: large;\">Conclusi\u00f3n: una literatura del caminar<\/span><\/h3>\n<p align=\"justify\"><em><span style=\"font-size: large;\">Un andar solitario entre la gente<\/span><\/em><span style=\"font-size: large;\"> es, en \u00faltima instancia, una obra que celebra la capacidad de la literatura para nombrar lo invisible, para rescatar lo trivial, para escuchar lo que el ruido silencia. A trav\u00e9s de un desplazamiento continuo \u2014f\u00edsico, sensorial, textual\u2014, Antonio Mu\u00f1oz Molina nos invita a mirar de nuevo lo que creemos conocer: la ciudad, la gente, las palabras. En su paseo sin rumbo, el autor traza una nueva geograf\u00eda literaria, donde la frontera no es s\u00f3lo geogr\u00e1fica, sino perceptiva y \u00e9tica. Una obra que, sin ofrecer respuestas ni narraciones cerradas, propone una forma de estar en el mundo m\u00e1s atenta, m\u00e1s hospitalaria, m\u00e1s verdadera.<\/span><\/p>\n<p align=\"justify\"><strong>REDACCI\u00d3N<\/strong><\/p>\n<p align=\"justify\"><strong>Punto y Seguido<\/strong><\/p>\n","protected":false},"excerpt":{"rendered":"<p>MIRADAS DE AUTOR 1 Cartograf\u00eda de la soledad urbana En Un andar solitario entre la gente (Seix Barral, 2018), Antonio Mu\u00f1oz Molina despliega un libro dif\u00edcil de clasificar, a medio camino entre el diario de caminante, el collage textual y la cr\u00f3nica de fl\u00e2neur contempor\u00e1neo (paseante, callejero: t\u00e9rmino franc\u00e9s). A trav\u00e9s de una escritura fragmentaria [&hellip;]<\/p>\n","protected":false},"author":96,"featured_media":23224,"comment_status":"open","ping_status":"closed","sticky":false,"template":"","format":"standard","meta":{"footnotes":""},"categories":[2577],"tags":[153,155],"class_list":{"0":"post-23223","1":"post","2":"type-post","3":"status-publish","4":"format-standard","5":"has-post-thumbnail","7":"category-fronteras-y-desplazamientos","8":"tag-antonio-munoz-molina","9":"tag-seix-barral"},"yoast_head":"<!-- This site is optimized with the Yoast SEO plugin v27.5 - https:\/\/yoast.com\/product\/yoast-seo-wordpress\/ -->\n<title>Un andar solitario entre la gente - Antonio Mu\u00f1oz Molina | FRONTERAS Y DESPLAZAMIENTOS | HOJAS SUELTAS Peri\u00f3dico Cultural<\/title>\n<meta name=\"description\" content=\"ATLAS LITERARIO - FRONTERAS Y DESPLAZAMIENTOS - MIRADAS DE AUTOE 1= Cartograf\u00eda de la soledad urbanaEn Un andar solitario entre la gente (Seix Barral, 2018), Antonio Mu\u00f1oz Molina despliega un libro dif\u00edcil de clasificar, a medio camino entre el diario de caminante\" \/>\n<meta name=\"robots\" content=\"index, follow, max-snippet:-1, max-image-preview:large, max-video-preview:-1\" \/>\n<link rel=\"canonical\" href=\"https:\/\/hojassueltas.es\/?p=23223\" \/>\n<meta property=\"og:locale\" content=\"es_ES\" \/>\n<meta property=\"og:type\" content=\"article\" \/>\n<meta property=\"og:title\" content=\"Un andar solitario entre la gente - Antonio Mu\u00f1oz Molina | FRONTERAS Y DESPLAZAMIENTOS | HOJAS SUELTAS Peri\u00f3dico Cultural\" \/>\n<meta property=\"og:description\" content=\"ATLAS LITERARIO - FRONTERAS Y DESPLAZAMIENTOS - MIRADAS DE AUTOE 1= Cartograf\u00eda de la soledad urbanaEn Un andar solitario entre la gente (Seix Barral, 2018), Antonio Mu\u00f1oz Molina despliega un libro dif\u00edcil de clasificar, a medio camino entre el diario de caminante\" \/>\n<meta property=\"og:url\" content=\"https:\/\/hojassueltas.es\/?p=23223\" \/>\n<meta property=\"og:site_name\" content=\"HOJAS SUELTAS Peri\u00f3dico Cultural\" \/>\n<meta property=\"article:published_time\" content=\"2025-09-22T06:15:47+00:00\" \/>\n<meta property=\"article:modified_time\" content=\"2026-02-14T11:03:04+00:00\" \/>\n<meta property=\"og:image\" content=\"https:\/\/hojassueltas.es\/wp-content\/uploads\/2025\/09\/Un-andar-solitario.H.S.png\" \/>\n\t<meta property=\"og:image:width\" content=\"500\" \/>\n\t<meta property=\"og:image:height\" content=\"700\" \/>\n\t<meta property=\"og:image:type\" content=\"image\/png\" \/>\n<meta name=\"author\" content=\"Punto y Seguido - Susana Di\u00e9guez\" \/>\n<meta name=\"twitter:card\" content=\"summary_large_image\" \/>\n<meta name=\"twitter:creator\" content=\"@HOJASSUELTAS22\" \/>\n<meta name=\"twitter:site\" content=\"@HOJASSUELTAS22\" \/>\n<meta name=\"twitter:label1\" content=\"Escrito por\" \/>\n\t<meta name=\"twitter:data1\" content=\"Punto y Seguido - Susana Di\u00e9guez\" \/>\n\t<meta name=\"twitter:label2\" content=\"Tiempo de lectura\" \/>\n\t<meta name=\"twitter:data2\" content=\"6 minutos\" \/>\n<script type=\"application\/ld+json\" class=\"yoast-schema-graph\">{\"@context\":\"https:\\\/\\\/schema.org\",\"@graph\":[{\"@type\":[\"Article\",\"BlogPosting\"],\"@id\":\"https:\\\/\\\/hojassueltas.es\\\/?p=23223#article\",\"isPartOf\":{\"@id\":\"https:\\\/\\\/hojassueltas.es\\\/?p=23223\"},\"author\":{\"name\":\"Punto y Seguido - Susana Di\u00e9guez\",\"@id\":\"https:\\\/\\\/hojassueltas.es\\\/#\\\/schema\\\/person\\\/0cc721d1681d3b691885d6bdbe2ad009\"},\"headline\":\"Un andar solitario entre la gente &#8211; Antonio Mu\u00f1oz Molina\",\"datePublished\":\"2025-09-22T06:15:47+00:00\",\"dateModified\":\"2026-02-14T11:03:04+00:00\",\"mainEntityOfPage\":{\"@id\":\"https:\\\/\\\/hojassueltas.es\\\/?p=23223\"},\"wordCount\":1234,\"commentCount\":0,\"publisher\":{\"@id\":\"https:\\\/\\\/hojassueltas.es\\\/#organization\"},\"image\":{\"@id\":\"https:\\\/\\\/hojassueltas.es\\\/?p=23223#primaryimage\"},\"thumbnailUrl\":\"https:\\\/\\\/hojassueltas.es\\\/wp-content\\\/uploads\\\/2025\\\/09\\\/Un-andar-solitario.H.S.png\",\"keywords\":[\"Antonio Mu\u00f1oz Molina\",\"Seix Barral\"],\"articleSection\":[\"FRONTERAS Y DESPLAZAMIENTOS\"],\"inLanguage\":\"es\",\"potentialAction\":[{\"@type\":\"CommentAction\",\"name\":\"Comment\",\"target\":[\"https:\\\/\\\/hojassueltas.es\\\/?p=23223#respond\"]}]},{\"@type\":\"WebPage\",\"@id\":\"https:\\\/\\\/hojassueltas.es\\\/?p=23223\",\"url\":\"https:\\\/\\\/hojassueltas.es\\\/?p=23223\",\"name\":\"Un andar solitario entre la gente - Antonio Mu\u00f1oz Molina | FRONTERAS Y DESPLAZAMIENTOS | HOJAS SUELTAS Peri\u00f3dico Cultural\",\"isPartOf\":{\"@id\":\"https:\\\/\\\/hojassueltas.es\\\/#website\"},\"primaryImageOfPage\":{\"@id\":\"https:\\\/\\\/hojassueltas.es\\\/?p=23223#primaryimage\"},\"image\":{\"@id\":\"https:\\\/\\\/hojassueltas.es\\\/?p=23223#primaryimage\"},\"thumbnailUrl\":\"https:\\\/\\\/hojassueltas.es\\\/wp-content\\\/uploads\\\/2025\\\/09\\\/Un-andar-solitario.H.S.png\",\"datePublished\":\"2025-09-22T06:15:47+00:00\",\"dateModified\":\"2026-02-14T11:03:04+00:00\",\"description\":\"ATLAS LITERARIO - FRONTERAS Y DESPLAZAMIENTOS - MIRADAS DE AUTOE 1= Cartograf\u00eda de la soledad urbanaEn Un andar solitario entre la gente (Seix Barral, 2018), Antonio Mu\u00f1oz Molina despliega un libro dif\u00edcil de clasificar, a medio camino entre el diario de caminante\",\"breadcrumb\":{\"@id\":\"https:\\\/\\\/hojassueltas.es\\\/?p=23223#breadcrumb\"},\"inLanguage\":\"es\",\"potentialAction\":[{\"@type\":\"ReadAction\",\"target\":[\"https:\\\/\\\/hojassueltas.es\\\/?p=23223\"]}]},{\"@type\":\"ImageObject\",\"inLanguage\":\"es\",\"@id\":\"https:\\\/\\\/hojassueltas.es\\\/?p=23223#primaryimage\",\"url\":\"https:\\\/\\\/hojassueltas.es\\\/wp-content\\\/uploads\\\/2025\\\/09\\\/Un-andar-solitario.H.S.png\",\"contentUrl\":\"https:\\\/\\\/hojassueltas.es\\\/wp-content\\\/uploads\\\/2025\\\/09\\\/Un-andar-solitario.H.S.png\",\"width\":500,\"height\":700},{\"@type\":\"BreadcrumbList\",\"@id\":\"https:\\\/\\\/hojassueltas.es\\\/?p=23223#breadcrumb\",\"itemListElement\":[{\"@type\":\"ListItem\",\"position\":1,\"name\":\"Portada\",\"item\":\"https:\\\/\\\/hojassueltas.es\\\/\"},{\"@type\":\"ListItem\",\"position\":2,\"name\":\"Un andar solitario entre la gente &#8211; Antonio Mu\u00f1oz Molina\"}]},{\"@type\":\"WebSite\",\"@id\":\"https:\\\/\\\/hojassueltas.es\\\/#website\",\"url\":\"https:\\\/\\\/hojassueltas.es\\\/\",\"name\":\"HojasSueltas.es\",\"description\":\"GRANADA - Peri\u00f3dico Cultural\",\"publisher\":{\"@id\":\"https:\\\/\\\/hojassueltas.es\\\/#organization\"},\"alternateName\":\"H.S. Periodico Cultural\",\"potentialAction\":[{\"@type\":\"SearchAction\",\"target\":{\"@type\":\"EntryPoint\",\"urlTemplate\":\"https:\\\/\\\/hojassueltas.es\\\/?s={search_term_string}\"},\"query-input\":{\"@type\":\"PropertyValueSpecification\",\"valueRequired\":true,\"valueName\":\"search_term_string\"}}],\"inLanguage\":\"es\"},{\"@type\":\"Organization\",\"@id\":\"https:\\\/\\\/hojassueltas.es\\\/#organization\",\"name\":\"HOJAS SUELTAS - Peri\u00f3dico Cultural\",\"alternateName\":\"HS - HOJAS SUELTAS Peri\u00f3dico Cultural\",\"url\":\"https:\\\/\\\/hojassueltas.es\\\/\",\"logo\":{\"@type\":\"ImageObject\",\"inLanguage\":\"es\",\"@id\":\"https:\\\/\\\/hojassueltas.es\\\/#\\\/schema\\\/logo\\\/image\\\/\",\"url\":\"https:\\\/\\\/hojassueltas.es\\\/wp-content\\\/uploads\\\/2025\\\/08\\\/Icono-HS_2.png\",\"contentUrl\":\"https:\\\/\\\/hojassueltas.es\\\/wp-content\\\/uploads\\\/2025\\\/08\\\/Icono-HS_2.png\",\"width\":500,\"height\":500,\"caption\":\"HOJAS SUELTAS - Peri\u00f3dico Cultural\"},\"image\":{\"@id\":\"https:\\\/\\\/hojassueltas.es\\\/#\\\/schema\\\/logo\\\/image\\\/\"},\"sameAs\":[\"https:\\\/\\\/x.com\\\/HOJASSUELTAS22\"]},{\"@type\":\"Person\",\"@id\":\"https:\\\/\\\/hojassueltas.es\\\/#\\\/schema\\\/person\\\/0cc721d1681d3b691885d6bdbe2ad009\",\"name\":\"Punto y Seguido - Susana Di\u00e9guez\",\"image\":{\"@type\":\"ImageObject\",\"inLanguage\":\"es\",\"@id\":\"https:\\\/\\\/hojassueltas.es\\\/wp-content\\\/uploads\\\/2026\\\/02\\\/Retrato-familiar-en-casa-de-Susana-96x96.png\",\"url\":\"https:\\\/\\\/hojassueltas.es\\\/wp-content\\\/uploads\\\/2026\\\/02\\\/Retrato-familiar-en-casa-de-Susana-96x96.png\",\"contentUrl\":\"https:\\\/\\\/hojassueltas.es\\\/wp-content\\\/uploads\\\/2026\\\/02\\\/Retrato-familiar-en-casa-de-Susana-96x96.png\",\"caption\":\"Punto y Seguido - Susana Di\u00e9guez\"},\"url\":\"https:\\\/\\\/hojassueltas.es\\\/?author=96\"}]}<\/script>\n<!-- \/ Yoast SEO plugin. -->","yoast_head_json":{"title":"Un andar solitario entre la gente - Antonio Mu\u00f1oz Molina | FRONTERAS Y DESPLAZAMIENTOS | HOJAS SUELTAS Peri\u00f3dico Cultural","description":"ATLAS LITERARIO - FRONTERAS Y DESPLAZAMIENTOS - MIRADAS DE AUTOE 1= Cartograf\u00eda de la soledad urbanaEn Un andar solitario entre la gente (Seix Barral, 2018), Antonio Mu\u00f1oz Molina despliega un libro dif\u00edcil de clasificar, a medio camino entre el diario de caminante","robots":{"index":"index","follow":"follow","max-snippet":"max-snippet:-1","max-image-preview":"max-image-preview:large","max-video-preview":"max-video-preview:-1"},"canonical":"https:\/\/hojassueltas.es\/?p=23223","og_locale":"es_ES","og_type":"article","og_title":"Un andar solitario entre la gente - Antonio Mu\u00f1oz Molina | FRONTERAS Y DESPLAZAMIENTOS | HOJAS SUELTAS Peri\u00f3dico Cultural","og_description":"ATLAS LITERARIO - FRONTERAS Y DESPLAZAMIENTOS - MIRADAS DE AUTOE 1= Cartograf\u00eda de la soledad urbanaEn Un andar solitario entre la gente (Seix Barral, 2018), Antonio Mu\u00f1oz Molina despliega un libro dif\u00edcil de clasificar, a medio camino entre el diario de caminante","og_url":"https:\/\/hojassueltas.es\/?p=23223","og_site_name":"HOJAS SUELTAS Peri\u00f3dico Cultural","article_published_time":"2025-09-22T06:15:47+00:00","article_modified_time":"2026-02-14T11:03:04+00:00","og_image":[{"width":500,"height":700,"url":"https:\/\/hojassueltas.es\/wp-content\/uploads\/2025\/09\/Un-andar-solitario.H.S.png","type":"image\/png"}],"author":"Punto y Seguido - Susana Di\u00e9guez","twitter_card":"summary_large_image","twitter_creator":"@HOJASSUELTAS22","twitter_site":"@HOJASSUELTAS22","twitter_misc":{"Escrito por":"Punto y Seguido - Susana Di\u00e9guez","Tiempo de lectura":"6 minutos"},"schema":{"@context":"https:\/\/schema.org","@graph":[{"@type":["Article","BlogPosting"],"@id":"https:\/\/hojassueltas.es\/?p=23223#article","isPartOf":{"@id":"https:\/\/hojassueltas.es\/?p=23223"},"author":{"name":"Punto y Seguido - Susana Di\u00e9guez","@id":"https:\/\/hojassueltas.es\/#\/schema\/person\/0cc721d1681d3b691885d6bdbe2ad009"},"headline":"Un andar solitario entre la gente &#8211; Antonio Mu\u00f1oz Molina","datePublished":"2025-09-22T06:15:47+00:00","dateModified":"2026-02-14T11:03:04+00:00","mainEntityOfPage":{"@id":"https:\/\/hojassueltas.es\/?p=23223"},"wordCount":1234,"commentCount":0,"publisher":{"@id":"https:\/\/hojassueltas.es\/#organization"},"image":{"@id":"https:\/\/hojassueltas.es\/?p=23223#primaryimage"},"thumbnailUrl":"https:\/\/hojassueltas.es\/wp-content\/uploads\/2025\/09\/Un-andar-solitario.H.S.png","keywords":["Antonio Mu\u00f1oz Molina","Seix Barral"],"articleSection":["FRONTERAS Y DESPLAZAMIENTOS"],"inLanguage":"es","potentialAction":[{"@type":"CommentAction","name":"Comment","target":["https:\/\/hojassueltas.es\/?p=23223#respond"]}]},{"@type":"WebPage","@id":"https:\/\/hojassueltas.es\/?p=23223","url":"https:\/\/hojassueltas.es\/?p=23223","name":"Un andar solitario entre la gente - Antonio Mu\u00f1oz Molina | FRONTERAS Y DESPLAZAMIENTOS | HOJAS SUELTAS Peri\u00f3dico Cultural","isPartOf":{"@id":"https:\/\/hojassueltas.es\/#website"},"primaryImageOfPage":{"@id":"https:\/\/hojassueltas.es\/?p=23223#primaryimage"},"image":{"@id":"https:\/\/hojassueltas.es\/?p=23223#primaryimage"},"thumbnailUrl":"https:\/\/hojassueltas.es\/wp-content\/uploads\/2025\/09\/Un-andar-solitario.H.S.png","datePublished":"2025-09-22T06:15:47+00:00","dateModified":"2026-02-14T11:03:04+00:00","description":"ATLAS LITERARIO - FRONTERAS Y DESPLAZAMIENTOS - MIRADAS DE AUTOE 1= Cartograf\u00eda de la soledad urbanaEn Un andar solitario entre la gente (Seix Barral, 2018), Antonio Mu\u00f1oz Molina despliega un libro dif\u00edcil de clasificar, a medio camino entre el diario de caminante","breadcrumb":{"@id":"https:\/\/hojassueltas.es\/?p=23223#breadcrumb"},"inLanguage":"es","potentialAction":[{"@type":"ReadAction","target":["https:\/\/hojassueltas.es\/?p=23223"]}]},{"@type":"ImageObject","inLanguage":"es","@id":"https:\/\/hojassueltas.es\/?p=23223#primaryimage","url":"https:\/\/hojassueltas.es\/wp-content\/uploads\/2025\/09\/Un-andar-solitario.H.S.png","contentUrl":"https:\/\/hojassueltas.es\/wp-content\/uploads\/2025\/09\/Un-andar-solitario.H.S.png","width":500,"height":700},{"@type":"BreadcrumbList","@id":"https:\/\/hojassueltas.es\/?p=23223#breadcrumb","itemListElement":[{"@type":"ListItem","position":1,"name":"Portada","item":"https:\/\/hojassueltas.es\/"},{"@type":"ListItem","position":2,"name":"Un andar solitario entre la gente &#8211; Antonio Mu\u00f1oz Molina"}]},{"@type":"WebSite","@id":"https:\/\/hojassueltas.es\/#website","url":"https:\/\/hojassueltas.es\/","name":"HojasSueltas.es","description":"GRANADA - Peri\u00f3dico Cultural","publisher":{"@id":"https:\/\/hojassueltas.es\/#organization"},"alternateName":"H.S. Periodico Cultural","potentialAction":[{"@type":"SearchAction","target":{"@type":"EntryPoint","urlTemplate":"https:\/\/hojassueltas.es\/?s={search_term_string}"},"query-input":{"@type":"PropertyValueSpecification","valueRequired":true,"valueName":"search_term_string"}}],"inLanguage":"es"},{"@type":"Organization","@id":"https:\/\/hojassueltas.es\/#organization","name":"HOJAS SUELTAS - Peri\u00f3dico Cultural","alternateName":"HS - HOJAS SUELTAS Peri\u00f3dico Cultural","url":"https:\/\/hojassueltas.es\/","logo":{"@type":"ImageObject","inLanguage":"es","@id":"https:\/\/hojassueltas.es\/#\/schema\/logo\/image\/","url":"https:\/\/hojassueltas.es\/wp-content\/uploads\/2025\/08\/Icono-HS_2.png","contentUrl":"https:\/\/hojassueltas.es\/wp-content\/uploads\/2025\/08\/Icono-HS_2.png","width":500,"height":500,"caption":"HOJAS SUELTAS - Peri\u00f3dico Cultural"},"image":{"@id":"https:\/\/hojassueltas.es\/#\/schema\/logo\/image\/"},"sameAs":["https:\/\/x.com\/HOJASSUELTAS22"]},{"@type":"Person","@id":"https:\/\/hojassueltas.es\/#\/schema\/person\/0cc721d1681d3b691885d6bdbe2ad009","name":"Punto y Seguido - Susana Di\u00e9guez","image":{"@type":"ImageObject","inLanguage":"es","@id":"https:\/\/hojassueltas.es\/wp-content\/uploads\/2026\/02\/Retrato-familiar-en-casa-de-Susana-96x96.png","url":"https:\/\/hojassueltas.es\/wp-content\/uploads\/2026\/02\/Retrato-familiar-en-casa-de-Susana-96x96.png","contentUrl":"https:\/\/hojassueltas.es\/wp-content\/uploads\/2026\/02\/Retrato-familiar-en-casa-de-Susana-96x96.png","caption":"Punto y Seguido - Susana Di\u00e9guez"},"url":"https:\/\/hojassueltas.es\/?author=96"}]}},"_links":{"self":[{"href":"https:\/\/hojassueltas.es\/index.php?rest_route=\/wp\/v2\/posts\/23223","targetHints":{"allow":["GET"]}}],"collection":[{"href":"https:\/\/hojassueltas.es\/index.php?rest_route=\/wp\/v2\/posts"}],"about":[{"href":"https:\/\/hojassueltas.es\/index.php?rest_route=\/wp\/v2\/types\/post"}],"author":[{"embeddable":true,"href":"https:\/\/hojassueltas.es\/index.php?rest_route=\/wp\/v2\/users\/96"}],"replies":[{"embeddable":true,"href":"https:\/\/hojassueltas.es\/index.php?rest_route=%2Fwp%2Fv2%2Fcomments&post=23223"}],"version-history":[{"count":1,"href":"https:\/\/hojassueltas.es\/index.php?rest_route=\/wp\/v2\/posts\/23223\/revisions"}],"predecessor-version":[{"id":23225,"href":"https:\/\/hojassueltas.es\/index.php?rest_route=\/wp\/v2\/posts\/23223\/revisions\/23225"}],"wp:featuredmedia":[{"embeddable":true,"href":"https:\/\/hojassueltas.es\/index.php?rest_route=\/wp\/v2\/media\/23224"}],"wp:attachment":[{"href":"https:\/\/hojassueltas.es\/index.php?rest_route=%2Fwp%2Fv2%2Fmedia&parent=23223"}],"wp:term":[{"taxonomy":"category","embeddable":true,"href":"https:\/\/hojassueltas.es\/index.php?rest_route=%2Fwp%2Fv2%2Fcategories&post=23223"},{"taxonomy":"post_tag","embeddable":true,"href":"https:\/\/hojassueltas.es\/index.php?rest_route=%2Fwp%2Fv2%2Ftags&post=23223"}],"curies":[{"name":"wp","href":"https:\/\/api.w.org\/{rel}","templated":true}]}}