{"id":23162,"date":"2025-09-20T00:00:11","date_gmt":"2025-09-19T23:00:11","guid":{"rendered":"https:\/\/hojassueltas.es\/?p=23162"},"modified":"2026-02-14T11:01:28","modified_gmt":"2026-02-14T09:01:28","slug":"la-crisis-del-tranvia-que-encendio-barcelona-en-1951","status":"publish","type":"post","link":"https:\/\/hojassueltas.es\/?p=23162","title":{"rendered":"La \u201ccrisis del tranv\u00eda\u201d que encendi\u00f3 Barcelona en 1951"},"content":{"rendered":"<p align=\"justify\"><span style=\"font-size: large;\">El invierno de 1951 trajo a Barcelona algo m\u00e1s que fr\u00edo: trajo fuego. No de los cielos, sino de las calles. Fue un fuego simb\u00f3lico, alimentado por la indignaci\u00f3n, la miseria y la rabia contenida de una ciudad que llevaba m\u00e1s de una d\u00e9cada sometida al silencio y la represi\u00f3n del r\u00e9gimen franquista. Todo empez\u00f3 con una decisi\u00f3n aparentemente menor: subir el precio del billete de tranv\u00eda. Pero en aquella Barcelona de posguerra, maltratada y hambrienta, aquello fue la chispa que encendi\u00f3 un polvor\u00edn social.<\/span><\/p>\n<p align=\"justify\"><span style=\"font-size: large;\">Espa\u00f1a, y especialmente Catalu\u00f1a, a\u00fan se recuperaba lentamente del trauma de la Guerra Civil. Barcelona, que hab\u00eda sido una de las capitales republicanas, sufri\u00f3 tras 1939 una represi\u00f3n pol\u00edtica especialmente intensa. Las c\u00e1rceles estaban llenas, el catal\u00e1n hab\u00eda sido expulsado del espacio p\u00fablico y la vida cotidiana se desenvolv\u00eda bajo una atm\u00f3sfera de delaci\u00f3n y control. A ello se sumaba una penuria econ\u00f3mica asfixiante: el sistema aut\u00e1rquico impuesto por Franco \u2014un modelo de econom\u00eda cerrada y autosuficiente\u2014 conden\u00f3 al pa\u00eds a una escasez cr\u00f3nica.<\/span><\/p>\n<p align=\"justify\"><span style=\"font-size: large;\">La inflaci\u00f3n se disparaba, los salarios no alcanzaban y el estraperlo se convirti\u00f3 en la \u00fanica v\u00eda para el abastecimiento. El transporte p\u00fablico, gestionado por la empresa Tranv\u00edas de Barcelona, era un servicio esencial para la poblaci\u00f3n trabajadora. Los tranv\u00edas no solo conectaban barrios, sino que representaban la columna vertebral del ritmo urbano. En este contexto, el anuncio de una subida del precio del billete \u2014de 50 a 70 c\u00e9ntimos\u2014 fue percibido no como un ajuste econ\u00f3mico, sino como una agresi\u00f3n directa.<\/span><\/p>\n<p align=\"justify\"><span style=\"font-size: large;\">La respuesta popular fue inmediata. Desde el 1 de marzo de 1951, miles de barceloneses decidieron no subir a los tranv\u00edas. El boicot fue silencioso pero visible: la ciudad entera caminaba. Oficinistas, obreros, estudiantes y amas de casa recorr\u00edan a pie los kil\u00f3metros que los separaban de sus destinos. Las colas desaparecieron de las paradas, mientras los vagones circulaban casi vac\u00edos.<\/span><\/p>\n<p align=\"justify\"><span style=\"font-size: large;\">Lo que hab\u00eda comenzado como una protesta de base obrera adquiri\u00f3 muy pronto una dimensi\u00f3n pol\u00edtica. Los panfletos an\u00f3nimos circulaban de mano en mano, instando al boicot, y la polic\u00eda no consegu\u00eda identificar a los organizadores. La huelga de consumidores se extendi\u00f3 por m\u00e1s de dos semanas, hasta que las autoridades se vieron obligadas a dar marcha atr\u00e1s y anular la subida de precios.<\/span><\/p>\n<p align=\"justify\"><span style=\"font-size: large;\">Lo que hace especialmente interesante esta movilizaci\u00f3n es la coalici\u00f3n que la hizo posible. Por un lado, estaban los sindicatos clandestinos vinculados al PSUC (Partit Socialista Unificat de Catalunya), que ya ven\u00edan organizando huelgas desde finales de los a\u00f1os cuarenta. Por otro, sectores del catolicismo social y del nacionalismo catal\u00e1n conservador tambi\u00e9n vieron en esta protesta una oportunidad de mostrar su descontento con el r\u00e9gimen sin enfrentarse directamente a la represi\u00f3n.<\/span><\/p>\n<p align=\"justify\"><span style=\"font-size: large;\">Esta alianza t\u00e1ctica entre comunistas y cat\u00f3licos, entre obreros y profesionales, mostr\u00f3 que el rechazo al franquismo empezaba a articularse desde distintas capas de la sociedad. La prensa internacional se hizo eco del boicot, y las autoridades franquistas se vieron obligadas a reaccionar con una mezcla de represi\u00f3n y concesi\u00f3n.<\/span><\/p>\n<p align=\"justify\"><span style=\"font-size: large;\">Como era previsible, la dictadura respondi\u00f3 con dureza. Se produjeron detenciones, torturas y represalias laborales. Algunos l\u00edderes obreros fueron encarcelados durante a\u00f1os. Sin embargo, el coste pol\u00edtico fue mayor para el r\u00e9gimen que para la ciudadan\u00eda: por primera vez desde el final de la guerra, la poblaci\u00f3n hab\u00eda conseguido una victoria palpable frente a Franco. No solo se mantuvo el precio del billete, sino que qued\u00f3 claro que la obediencia no era total.<\/span><\/p>\n<p align=\"justify\"><span style=\"font-size: large;\">La \u201ccrisis del tranv\u00eda\u201d de 1951 marca, en muchos sentidos, el inicio de la oposici\u00f3n civil al franquismo. No fue una revoluci\u00f3n, ni una insurrecci\u00f3n, pero s\u00ed una muestra de dignidad colectiva. Barcelona recuperaba, aunque fuera brevemente, su capacidad de decir \u00abno\u00bb.<\/span><\/p>\n<p align=\"justify\">REDACCI\u00d3N<\/p>\n","protected":false},"excerpt":{"rendered":"<p>El invierno de 1951 trajo a Barcelona algo m\u00e1s que fr\u00edo: trajo fuego. No de los cielos, sino de las calles. Fue un fuego simb\u00f3lico, alimentado por la indignaci\u00f3n, la miseria y la rabia contenida de una ciudad que llevaba m\u00e1s de una d\u00e9cada sometida al silencio y la represi\u00f3n del r\u00e9gimen franquista. Todo empez\u00f3 [&hellip;]<\/p>\n","protected":false},"author":62,"featured_media":23163,"comment_status":"open","ping_status":"closed","sticky":false,"template":"","format":"standard","meta":{"footnotes":""},"categories":[2580],"tags":[],"class_list":{"0":"post-23162","1":"post","2":"type-post","3":"status-publish","4":"format-standard","5":"has-post-thumbnail","7":"category-secuencias-historicas"},"yoast_head":"<!-- This site is optimized with the Yoast SEO plugin v27.4 - https:\/\/yoast.com\/product\/yoast-seo-wordpress\/ -->\n<title>La \u201ccrisis del tranv\u00eda\u201d que encendi\u00f3 Barcelona en 1951 | SECUENCIAS HIST\u00d3RICAS | HOJAS SUELTAS Peri\u00f3dico Cultural<\/title>\n<meta name=\"description\" content=\"SECUENCIAS HIST\u00d3RICAS= El invierno de 1951 trajo a Barcelona algo m\u00e1s que fr\u00edo: trajo fuego. No de los cielos, sino de las calles. Fue un fuego simb\u00f3lico, alimentado por la indignaci\u00f3n, la miseria y la rabia contenida de una ciudad\" \/>\n<meta name=\"robots\" content=\"index, follow, max-snippet:-1, max-image-preview:large, max-video-preview:-1\" \/>\n<link rel=\"canonical\" href=\"https:\/\/hojassueltas.es\/?p=23162\" \/>\n<meta property=\"og:locale\" content=\"es_ES\" \/>\n<meta property=\"og:type\" content=\"article\" \/>\n<meta property=\"og:title\" content=\"La \u201ccrisis del tranv\u00eda\u201d que encendi\u00f3 Barcelona en 1951 | SECUENCIAS HIST\u00d3RICAS | HOJAS SUELTAS Peri\u00f3dico Cultural\" \/>\n<meta property=\"og:description\" content=\"SECUENCIAS HIST\u00d3RICAS= El invierno de 1951 trajo a Barcelona algo m\u00e1s que fr\u00edo: trajo fuego. No de los cielos, sino de las calles. Fue un fuego simb\u00f3lico, alimentado por la indignaci\u00f3n, la miseria y la rabia contenida de una ciudad\" \/>\n<meta property=\"og:url\" content=\"https:\/\/hojassueltas.es\/?p=23162\" \/>\n<meta property=\"og:site_name\" content=\"HOJAS SUELTAS Peri\u00f3dico Cultural\" \/>\n<meta property=\"article:published_time\" content=\"2025-09-19T23:00:11+00:00\" \/>\n<meta property=\"article:modified_time\" content=\"2026-02-14T09:01:28+00:00\" \/>\n<meta property=\"og:image\" content=\"https:\/\/hojassueltas.es\/wp-content\/uploads\/2025\/09\/SH_05_H.S.png\" \/>\n\t<meta property=\"og:image:width\" content=\"1050\" \/>\n\t<meta property=\"og:image:height\" content=\"710\" \/>\n\t<meta property=\"og:image:type\" content=\"image\/png\" \/>\n<meta name=\"author\" content=\"Valent\u00edn Castro\" \/>\n<meta name=\"twitter:card\" content=\"summary_large_image\" \/>\n<meta name=\"twitter:creator\" content=\"@HOJASSUELTAS22\" \/>\n<meta name=\"twitter:site\" content=\"@HOJASSUELTAS22\" \/>\n<meta name=\"twitter:label1\" content=\"Escrito por\" \/>\n\t<meta name=\"twitter:data1\" content=\"Valent\u00edn Castro\" \/>\n\t<meta name=\"twitter:label2\" content=\"Tiempo de lectura\" \/>\n\t<meta name=\"twitter:data2\" content=\"4 minutos\" \/>\n<script type=\"application\/ld+json\" class=\"yoast-schema-graph\">{\"@context\":\"https:\\\/\\\/schema.org\",\"@graph\":[{\"@type\":[\"Article\",\"BlogPosting\"],\"@id\":\"https:\\\/\\\/hojassueltas.es\\\/?p=23162#article\",\"isPartOf\":{\"@id\":\"https:\\\/\\\/hojassueltas.es\\\/?p=23162\"},\"author\":{\"name\":\"Valent\u00edn Castro\",\"@id\":\"https:\\\/\\\/hojassueltas.es\\\/#\\\/schema\\\/person\\\/69b100dc9b45a00e61d055b63d4278e9\"},\"headline\":\"La \u201ccrisis del tranv\u00eda\u201d que encendi\u00f3 Barcelona en 1951\",\"datePublished\":\"2025-09-19T23:00:11+00:00\",\"dateModified\":\"2026-02-14T09:01:28+00:00\",\"mainEntityOfPage\":{\"@id\":\"https:\\\/\\\/hojassueltas.es\\\/?p=23162\"},\"wordCount\":689,\"commentCount\":0,\"publisher\":{\"@id\":\"https:\\\/\\\/hojassueltas.es\\\/#organization\"},\"image\":{\"@id\":\"https:\\\/\\\/hojassueltas.es\\\/?p=23162#primaryimage\"},\"thumbnailUrl\":\"https:\\\/\\\/hojassueltas.es\\\/wp-content\\\/uploads\\\/2025\\\/09\\\/SH_05_H.S.png\",\"articleSection\":[\"SECUENCIAS HIST\u00d3RICAS\"],\"inLanguage\":\"es\",\"potentialAction\":[{\"@type\":\"CommentAction\",\"name\":\"Comment\",\"target\":[\"https:\\\/\\\/hojassueltas.es\\\/?p=23162#respond\"]}]},{\"@type\":\"WebPage\",\"@id\":\"https:\\\/\\\/hojassueltas.es\\\/?p=23162\",\"url\":\"https:\\\/\\\/hojassueltas.es\\\/?p=23162\",\"name\":\"La \u201ccrisis del tranv\u00eda\u201d que encendi\u00f3 Barcelona en 1951 | SECUENCIAS HIST\u00d3RICAS | HOJAS SUELTAS Peri\u00f3dico Cultural\",\"isPartOf\":{\"@id\":\"https:\\\/\\\/hojassueltas.es\\\/#website\"},\"primaryImageOfPage\":{\"@id\":\"https:\\\/\\\/hojassueltas.es\\\/?p=23162#primaryimage\"},\"image\":{\"@id\":\"https:\\\/\\\/hojassueltas.es\\\/?p=23162#primaryimage\"},\"thumbnailUrl\":\"https:\\\/\\\/hojassueltas.es\\\/wp-content\\\/uploads\\\/2025\\\/09\\\/SH_05_H.S.png\",\"datePublished\":\"2025-09-19T23:00:11+00:00\",\"dateModified\":\"2026-02-14T09:01:28+00:00\",\"description\":\"SECUENCIAS HIST\u00d3RICAS= El invierno de 1951 trajo a Barcelona algo m\u00e1s que fr\u00edo: trajo fuego. No de los cielos, sino de las calles. Fue un fuego simb\u00f3lico, alimentado por la indignaci\u00f3n, la miseria y la rabia contenida de una ciudad\",\"breadcrumb\":{\"@id\":\"https:\\\/\\\/hojassueltas.es\\\/?p=23162#breadcrumb\"},\"inLanguage\":\"es\",\"potentialAction\":[{\"@type\":\"ReadAction\",\"target\":[\"https:\\\/\\\/hojassueltas.es\\\/?p=23162\"]}]},{\"@type\":\"ImageObject\",\"inLanguage\":\"es\",\"@id\":\"https:\\\/\\\/hojassueltas.es\\\/?p=23162#primaryimage\",\"url\":\"https:\\\/\\\/hojassueltas.es\\\/wp-content\\\/uploads\\\/2025\\\/09\\\/SH_05_H.S.png\",\"contentUrl\":\"https:\\\/\\\/hojassueltas.es\\\/wp-content\\\/uploads\\\/2025\\\/09\\\/SH_05_H.S.png\",\"width\":1050,\"height\":710},{\"@type\":\"BreadcrumbList\",\"@id\":\"https:\\\/\\\/hojassueltas.es\\\/?p=23162#breadcrumb\",\"itemListElement\":[{\"@type\":\"ListItem\",\"position\":1,\"name\":\"Portada\",\"item\":\"https:\\\/\\\/hojassueltas.es\\\/\"},{\"@type\":\"ListItem\",\"position\":2,\"name\":\"La \u201ccrisis del tranv\u00eda\u201d que encendi\u00f3 Barcelona en 1951\"}]},{\"@type\":\"WebSite\",\"@id\":\"https:\\\/\\\/hojassueltas.es\\\/#website\",\"url\":\"https:\\\/\\\/hojassueltas.es\\\/\",\"name\":\"HojasSueltas.es\",\"description\":\"GRANADA - Peri\u00f3dico Cultural\",\"publisher\":{\"@id\":\"https:\\\/\\\/hojassueltas.es\\\/#organization\"},\"alternateName\":\"H.S. Periodico Cultural\",\"potentialAction\":[{\"@type\":\"SearchAction\",\"target\":{\"@type\":\"EntryPoint\",\"urlTemplate\":\"https:\\\/\\\/hojassueltas.es\\\/?s={search_term_string}\"},\"query-input\":{\"@type\":\"PropertyValueSpecification\",\"valueRequired\":true,\"valueName\":\"search_term_string\"}}],\"inLanguage\":\"es\"},{\"@type\":\"Organization\",\"@id\":\"https:\\\/\\\/hojassueltas.es\\\/#organization\",\"name\":\"HOJAS SUELTAS - Peri\u00f3dico Cultural\",\"alternateName\":\"HS - HOJAS SUELTAS Peri\u00f3dico Cultural\",\"url\":\"https:\\\/\\\/hojassueltas.es\\\/\",\"logo\":{\"@type\":\"ImageObject\",\"inLanguage\":\"es\",\"@id\":\"https:\\\/\\\/hojassueltas.es\\\/#\\\/schema\\\/logo\\\/image\\\/\",\"url\":\"https:\\\/\\\/hojassueltas.es\\\/wp-content\\\/uploads\\\/2025\\\/08\\\/Icono-HS_2.png\",\"contentUrl\":\"https:\\\/\\\/hojassueltas.es\\\/wp-content\\\/uploads\\\/2025\\\/08\\\/Icono-HS_2.png\",\"width\":500,\"height\":500,\"caption\":\"HOJAS SUELTAS - Peri\u00f3dico Cultural\"},\"image\":{\"@id\":\"https:\\\/\\\/hojassueltas.es\\\/#\\\/schema\\\/logo\\\/image\\\/\"},\"sameAs\":[\"https:\\\/\\\/x.com\\\/HOJASSUELTAS22\"]},{\"@type\":\"Person\",\"@id\":\"https:\\\/\\\/hojassueltas.es\\\/#\\\/schema\\\/person\\\/69b100dc9b45a00e61d055b63d4278e9\",\"name\":\"Valent\u00edn Castro\",\"image\":{\"@type\":\"ImageObject\",\"inLanguage\":\"es\",\"@id\":\"https:\\\/\\\/hojassueltas.es\\\/wp-content\\\/uploads\\\/2025\\\/11\\\/Valentin-Castro-2025-96x96.png\",\"url\":\"https:\\\/\\\/hojassueltas.es\\\/wp-content\\\/uploads\\\/2025\\\/11\\\/Valentin-Castro-2025-96x96.png\",\"contentUrl\":\"https:\\\/\\\/hojassueltas.es\\\/wp-content\\\/uploads\\\/2025\\\/11\\\/Valentin-Castro-2025-96x96.png\",\"caption\":\"Valent\u00edn Castro\"},\"description\":\"Naci\u00f3 en una aldea de A Coru\u00f1a. Emigra con sus padres a M\u00e9jico. Licenciado en Comunicaci\u00f3n y Periodismo por la Universidad Nacional Aut\u00f3noma de M\u00e9xico. Licenciado en Geograf\u00eda e Historia por la Universidad Complutense de Madrid. Vive en Madrid, publica art\u00edculos y ensayos en diversos medios de comunicaci\u00f3n mejicanos y espa\u00f1oles bajo varios seud\u00f3nimos. Actualmente prepara una saga con personajes nacidos durante la ocupaci\u00f3n de M\u00e9xico por Hern\u00e1n Cort\u00e9s. Sus art\u00edculos y ensayos son efectistas, en ocasiones c\u00e1ustico, y muy cr\u00edtico. ES Redactor Jefe de Hojas Sueltas, dedicando su tiempo libre a escribir art\u00edculos con especial dedicaci\u00f3n a la literatura y la historia.\",\"url\":\"https:\\\/\\\/hojassueltas.es\\\/?author=62\"}]}<\/script>\n<!-- \/ Yoast SEO plugin. -->","yoast_head_json":{"title":"La \u201ccrisis del tranv\u00eda\u201d que encendi\u00f3 Barcelona en 1951 | SECUENCIAS HIST\u00d3RICAS | HOJAS SUELTAS Peri\u00f3dico Cultural","description":"SECUENCIAS HIST\u00d3RICAS= El invierno de 1951 trajo a Barcelona algo m\u00e1s que fr\u00edo: trajo fuego. No de los cielos, sino de las calles. Fue un fuego simb\u00f3lico, alimentado por la indignaci\u00f3n, la miseria y la rabia contenida de una ciudad","robots":{"index":"index","follow":"follow","max-snippet":"max-snippet:-1","max-image-preview":"max-image-preview:large","max-video-preview":"max-video-preview:-1"},"canonical":"https:\/\/hojassueltas.es\/?p=23162","og_locale":"es_ES","og_type":"article","og_title":"La \u201ccrisis del tranv\u00eda\u201d que encendi\u00f3 Barcelona en 1951 | SECUENCIAS HIST\u00d3RICAS | HOJAS SUELTAS Peri\u00f3dico Cultural","og_description":"SECUENCIAS HIST\u00d3RICAS= El invierno de 1951 trajo a Barcelona algo m\u00e1s que fr\u00edo: trajo fuego. No de los cielos, sino de las calles. Fue un fuego simb\u00f3lico, alimentado por la indignaci\u00f3n, la miseria y la rabia contenida de una ciudad","og_url":"https:\/\/hojassueltas.es\/?p=23162","og_site_name":"HOJAS SUELTAS Peri\u00f3dico Cultural","article_published_time":"2025-09-19T23:00:11+00:00","article_modified_time":"2026-02-14T09:01:28+00:00","og_image":[{"width":1050,"height":710,"url":"https:\/\/hojassueltas.es\/wp-content\/uploads\/2025\/09\/SH_05_H.S.png","type":"image\/png"}],"author":"Valent\u00edn Castro","twitter_card":"summary_large_image","twitter_creator":"@HOJASSUELTAS22","twitter_site":"@HOJASSUELTAS22","twitter_misc":{"Escrito por":"Valent\u00edn Castro","Tiempo de lectura":"4 minutos"},"schema":{"@context":"https:\/\/schema.org","@graph":[{"@type":["Article","BlogPosting"],"@id":"https:\/\/hojassueltas.es\/?p=23162#article","isPartOf":{"@id":"https:\/\/hojassueltas.es\/?p=23162"},"author":{"name":"Valent\u00edn Castro","@id":"https:\/\/hojassueltas.es\/#\/schema\/person\/69b100dc9b45a00e61d055b63d4278e9"},"headline":"La \u201ccrisis del tranv\u00eda\u201d que encendi\u00f3 Barcelona en 1951","datePublished":"2025-09-19T23:00:11+00:00","dateModified":"2026-02-14T09:01:28+00:00","mainEntityOfPage":{"@id":"https:\/\/hojassueltas.es\/?p=23162"},"wordCount":689,"commentCount":0,"publisher":{"@id":"https:\/\/hojassueltas.es\/#organization"},"image":{"@id":"https:\/\/hojassueltas.es\/?p=23162#primaryimage"},"thumbnailUrl":"https:\/\/hojassueltas.es\/wp-content\/uploads\/2025\/09\/SH_05_H.S.png","articleSection":["SECUENCIAS HIST\u00d3RICAS"],"inLanguage":"es","potentialAction":[{"@type":"CommentAction","name":"Comment","target":["https:\/\/hojassueltas.es\/?p=23162#respond"]}]},{"@type":"WebPage","@id":"https:\/\/hojassueltas.es\/?p=23162","url":"https:\/\/hojassueltas.es\/?p=23162","name":"La \u201ccrisis del tranv\u00eda\u201d que encendi\u00f3 Barcelona en 1951 | SECUENCIAS HIST\u00d3RICAS | HOJAS SUELTAS Peri\u00f3dico Cultural","isPartOf":{"@id":"https:\/\/hojassueltas.es\/#website"},"primaryImageOfPage":{"@id":"https:\/\/hojassueltas.es\/?p=23162#primaryimage"},"image":{"@id":"https:\/\/hojassueltas.es\/?p=23162#primaryimage"},"thumbnailUrl":"https:\/\/hojassueltas.es\/wp-content\/uploads\/2025\/09\/SH_05_H.S.png","datePublished":"2025-09-19T23:00:11+00:00","dateModified":"2026-02-14T09:01:28+00:00","description":"SECUENCIAS HIST\u00d3RICAS= El invierno de 1951 trajo a Barcelona algo m\u00e1s que fr\u00edo: trajo fuego. No de los cielos, sino de las calles. Fue un fuego simb\u00f3lico, alimentado por la indignaci\u00f3n, la miseria y la rabia contenida de una ciudad","breadcrumb":{"@id":"https:\/\/hojassueltas.es\/?p=23162#breadcrumb"},"inLanguage":"es","potentialAction":[{"@type":"ReadAction","target":["https:\/\/hojassueltas.es\/?p=23162"]}]},{"@type":"ImageObject","inLanguage":"es","@id":"https:\/\/hojassueltas.es\/?p=23162#primaryimage","url":"https:\/\/hojassueltas.es\/wp-content\/uploads\/2025\/09\/SH_05_H.S.png","contentUrl":"https:\/\/hojassueltas.es\/wp-content\/uploads\/2025\/09\/SH_05_H.S.png","width":1050,"height":710},{"@type":"BreadcrumbList","@id":"https:\/\/hojassueltas.es\/?p=23162#breadcrumb","itemListElement":[{"@type":"ListItem","position":1,"name":"Portada","item":"https:\/\/hojassueltas.es\/"},{"@type":"ListItem","position":2,"name":"La \u201ccrisis del tranv\u00eda\u201d que encendi\u00f3 Barcelona en 1951"}]},{"@type":"WebSite","@id":"https:\/\/hojassueltas.es\/#website","url":"https:\/\/hojassueltas.es\/","name":"HojasSueltas.es","description":"GRANADA - Peri\u00f3dico Cultural","publisher":{"@id":"https:\/\/hojassueltas.es\/#organization"},"alternateName":"H.S. Periodico Cultural","potentialAction":[{"@type":"SearchAction","target":{"@type":"EntryPoint","urlTemplate":"https:\/\/hojassueltas.es\/?s={search_term_string}"},"query-input":{"@type":"PropertyValueSpecification","valueRequired":true,"valueName":"search_term_string"}}],"inLanguage":"es"},{"@type":"Organization","@id":"https:\/\/hojassueltas.es\/#organization","name":"HOJAS SUELTAS - Peri\u00f3dico Cultural","alternateName":"HS - HOJAS SUELTAS Peri\u00f3dico Cultural","url":"https:\/\/hojassueltas.es\/","logo":{"@type":"ImageObject","inLanguage":"es","@id":"https:\/\/hojassueltas.es\/#\/schema\/logo\/image\/","url":"https:\/\/hojassueltas.es\/wp-content\/uploads\/2025\/08\/Icono-HS_2.png","contentUrl":"https:\/\/hojassueltas.es\/wp-content\/uploads\/2025\/08\/Icono-HS_2.png","width":500,"height":500,"caption":"HOJAS SUELTAS - Peri\u00f3dico Cultural"},"image":{"@id":"https:\/\/hojassueltas.es\/#\/schema\/logo\/image\/"},"sameAs":["https:\/\/x.com\/HOJASSUELTAS22"]},{"@type":"Person","@id":"https:\/\/hojassueltas.es\/#\/schema\/person\/69b100dc9b45a00e61d055b63d4278e9","name":"Valent\u00edn Castro","image":{"@type":"ImageObject","inLanguage":"es","@id":"https:\/\/hojassueltas.es\/wp-content\/uploads\/2025\/11\/Valentin-Castro-2025-96x96.png","url":"https:\/\/hojassueltas.es\/wp-content\/uploads\/2025\/11\/Valentin-Castro-2025-96x96.png","contentUrl":"https:\/\/hojassueltas.es\/wp-content\/uploads\/2025\/11\/Valentin-Castro-2025-96x96.png","caption":"Valent\u00edn Castro"},"description":"Naci\u00f3 en una aldea de A Coru\u00f1a. Emigra con sus padres a M\u00e9jico. Licenciado en Comunicaci\u00f3n y Periodismo por la Universidad Nacional Aut\u00f3noma de M\u00e9xico. Licenciado en Geograf\u00eda e Historia por la Universidad Complutense de Madrid. Vive en Madrid, publica art\u00edculos y ensayos en diversos medios de comunicaci\u00f3n mejicanos y espa\u00f1oles bajo varios seud\u00f3nimos. Actualmente prepara una saga con personajes nacidos durante la ocupaci\u00f3n de M\u00e9xico por Hern\u00e1n Cort\u00e9s. Sus art\u00edculos y ensayos son efectistas, en ocasiones c\u00e1ustico, y muy cr\u00edtico. ES Redactor Jefe de Hojas Sueltas, dedicando su tiempo libre a escribir art\u00edculos con especial dedicaci\u00f3n a la literatura y la historia.","url":"https:\/\/hojassueltas.es\/?author=62"}]}},"_links":{"self":[{"href":"https:\/\/hojassueltas.es\/index.php?rest_route=\/wp\/v2\/posts\/23162","targetHints":{"allow":["GET"]}}],"collection":[{"href":"https:\/\/hojassueltas.es\/index.php?rest_route=\/wp\/v2\/posts"}],"about":[{"href":"https:\/\/hojassueltas.es\/index.php?rest_route=\/wp\/v2\/types\/post"}],"author":[{"embeddable":true,"href":"https:\/\/hojassueltas.es\/index.php?rest_route=\/wp\/v2\/users\/62"}],"replies":[{"embeddable":true,"href":"https:\/\/hojassueltas.es\/index.php?rest_route=%2Fwp%2Fv2%2Fcomments&post=23162"}],"version-history":[{"count":1,"href":"https:\/\/hojassueltas.es\/index.php?rest_route=\/wp\/v2\/posts\/23162\/revisions"}],"predecessor-version":[{"id":23164,"href":"https:\/\/hojassueltas.es\/index.php?rest_route=\/wp\/v2\/posts\/23162\/revisions\/23164"}],"wp:featuredmedia":[{"embeddable":true,"href":"https:\/\/hojassueltas.es\/index.php?rest_route=\/wp\/v2\/media\/23163"}],"wp:attachment":[{"href":"https:\/\/hojassueltas.es\/index.php?rest_route=%2Fwp%2Fv2%2Fmedia&parent=23162"}],"wp:term":[{"taxonomy":"category","embeddable":true,"href":"https:\/\/hojassueltas.es\/index.php?rest_route=%2Fwp%2Fv2%2Fcategories&post=23162"},{"taxonomy":"post_tag","embeddable":true,"href":"https:\/\/hojassueltas.es\/index.php?rest_route=%2Fwp%2Fv2%2Ftags&post=23162"}],"curies":[{"name":"wp","href":"https:\/\/api.w.org\/{rel}","templated":true}]}}