{"id":22791,"date":"2025-09-03T00:00:32","date_gmt":"2025-09-02T23:00:32","guid":{"rendered":"https:\/\/hojassueltas.es\/?p=22791"},"modified":"2025-09-09T18:53:26","modified_gmt":"2025-09-09T17:53:26","slug":"medea-en-el-teatro-romano-de-cadiz","status":"publish","type":"post","link":"https:\/\/hojassueltas.es\/?p=22791","title":{"rendered":"Medea en el Teatro Romano de C\u00e1diz"},"content":{"rendered":"<p data-start=\"327\" data-end=\"468\"><strong data-start=\"327\" data-end=\"392\">Aitana S\u00e1nchez-Gij\u00f3n encarna a Eur\u00edpides bajo la luna del Sur<\/strong><\/p>\n<p style=\"text-align: justify;\" data-start=\"327\" data-end=\"468\"><br data-start=\"392\" data-end=\"395\" \/>En el coraz\u00f3n arqueol\u00f3gico de C\u00e1diz, all\u00ed donde los muros de piedra milenaria a\u00fan conservan el eco de las tragedias griegas y los murmullos del mar, se ha representado una de las obras m\u00e1s sobrecogedoras de la literatura universal: <em data-start=\"702\" data-end=\"709\">Medea<\/em>, de Eur\u00edpides. Lo ha hecho bajo la direcci\u00f3n de <strong data-start=\"758\" data-end=\"772\">Luis Luque<\/strong> y con una actriz de primer orden al frente: <strong data-start=\"817\" data-end=\"841\">Aitana S\u00e1nchez-Gij\u00f3n<\/strong>, que ha ofrecido una interpretaci\u00f3n profundamente humana, desgarradora y medida de la legendaria figura tr\u00e1gica.<\/p>\n<p style=\"text-align: justify;\" data-start=\"956\" data-end=\"1343\">La representaci\u00f3n se enmarca dentro del ciclo <strong data-start=\"1002\" data-end=\"1034\">Teatros Romanos de Andaluc\u00eda<\/strong>, un programa impulsado por la Junta de Andaluc\u00eda que lleva teatro cl\u00e1sico a enclaves arqueol\u00f3gicos como It\u00e1lica (Sevilla), Baelo Claudia (C\u00e1diz) o el propio teatro romano gaditano, redescubierto parcialmente en los a\u00f1os 80 y hoy convertido en uno de los espacios esc\u00e9nicos m\u00e1s singulares del litoral andaluz.<\/p>\n<p style=\"text-align: justify;\" data-start=\"1345\" data-end=\"1860\">En esta ocasi\u00f3n, la <em data-start=\"1365\" data-end=\"1372\">Medea<\/em> de S\u00e1nchez-Gij\u00f3n ha sido recibida con un respeto casi reverencial. La actriz, vestida con un lujoso atuendo de inspiraci\u00f3n helen\u00edstica dise\u00f1ado por Ana Garay, se mov\u00eda con paso firme y voz contenida entre las piedras iluminadas por un juego de luces c\u00e1lido y sobrio. Su personaje, arrancado del mito y devuelto al terreno de lo humano, encarnaba no solo el dolor de la traici\u00f3n y el exilio, sino tambi\u00e9n la furia l\u00facida de quien ha sido arrinconada por una estructura patriarcal y cruel.<\/p>\n<p style=\"text-align: justify;\" data-start=\"1862\" data-end=\"2398\">El montaje, con una escenograf\u00eda m\u00ednima y centrado en el trabajo actoral, subray\u00f3 el peso del texto eurip\u00eddeo en una traducci\u00f3n contempor\u00e1nea, precisa y sin ornamentos, obra del helenista <strong data-start=\"2050\" data-end=\"2072\">Carlos Garc\u00eda Gual<\/strong>. Acompa\u00f1aban a S\u00e1nchez-Gij\u00f3n actores solventes como <strong data-start=\"2125\" data-end=\"2140\">\u00c1lex Garc\u00eda<\/strong> en el papel de Jas\u00f3n y <strong data-start=\"2164\" data-end=\"2185\">Consuelo Trujillo<\/strong> como nodriza, ofreciendo un contrapunto emocional y contenido a la protagonista. El coro femenino, presente en escena como testigo mudo y a veces juez ambiguo, contribuy\u00f3 a mantener la tensi\u00f3n r\u00edtmica de la obra.<\/p>\n<p style=\"text-align: justify;\" data-start=\"2400\" data-end=\"2784\">El p\u00fablico, compuesto por locales y visitantes atra\u00eddos tanto por el reclamo cultural como por la atm\u00f3sfera del recinto, mantuvo un silencio absoluto durante la representaci\u00f3n. El uso del espacio esc\u00e9nico \u2014con las gradas originales y una pasarela central que aprovechaba los restos del proscenio romano\u2014 permiti\u00f3 un efecto inmersivo que multiplicaba la resonancia simb\u00f3lica del texto.<\/p>\n<p style=\"text-align: justify;\" data-start=\"2786\" data-end=\"3182\">La representaci\u00f3n de <em data-start=\"2807\" data-end=\"2814\">Medea<\/em> no solo ha sido un hito teatral, sino tambi\u00e9n un ejercicio de recuperaci\u00f3n viva del patrimonio. En un contexto donde la cultura cl\u00e1sica se relega a menudo a los m\u00e1rgenes de la ense\u00f1anza y el debate p\u00fablico, espect\u00e1culos como este recuerdan que las grandes preguntas sobre el poder, el amor, la justicia y la venganza siguen latiendo con fuerza en nuestras sociedades.<\/p>\n<p style=\"text-align: justify;\" data-start=\"3184\" data-end=\"3333\">La tragedia antigua, encarnada con rigor y emoci\u00f3n en el sur peninsular, ha vuelto a resonar \u2014como hace dos mil a\u00f1os\u2014 bajo el cielo abierto de C\u00e1diz.<\/p>\n<p data-start=\"3184\" data-end=\"3333\">Redacci\u00f3n<\/p>\n","protected":false},"excerpt":{"rendered":"<p>Aitana S\u00e1nchez-Gij\u00f3n encarna a Eur\u00edpides bajo la luna del Sur En el coraz\u00f3n arqueol\u00f3gico de C\u00e1diz, all\u00ed donde los muros de piedra milenaria a\u00fan conservan el eco de las tragedias griegas y los murmullos del mar, se ha representado una de las obras m\u00e1s sobrecogedoras de la literatura universal: Medea, de Eur\u00edpides. Lo ha hecho [&hellip;]<\/p>\n","protected":false},"author":1,"featured_media":22571,"comment_status":"open","ping_status":"closed","sticky":false,"template":"","format":"standard","meta":{"footnotes":""},"categories":[2616],"tags":[],"class_list":{"0":"post-22791","1":"post","2":"type-post","3":"status-publish","4":"format-standard","5":"has-post-thumbnail","7":"category-artes-escenicas"},"yoast_head":"<!-- This site is optimized with the Yoast SEO plugin v27.5 - https:\/\/yoast.com\/product\/yoast-seo-wordpress\/ -->\n<title>Medea en el Teatro Romano de C\u00e1diz | HOJAS SUELTAS Peri\u00f3dico Cultural<\/title>\n<meta name=\"description\" content=\"PANORAMA CULTURAL; la Medea de S\u00e1nchez-Gij\u00f3n ha sido recibida con un respeto casi reverencial. La actriz, vestida con un lujoso atuendo de inspiraci\u00f3n helen\u00edstica dise\u00f1ado por Ana Garay, se mov\u00eda con paso firme y voz contenida entre las piedras iluminadas por un juego de luces c\u00e1lido y sobrio...\" \/>\n<meta name=\"robots\" content=\"index, follow, max-snippet:-1, max-image-preview:large, max-video-preview:-1\" \/>\n<link rel=\"canonical\" href=\"https:\/\/hojassueltas.es\/?p=22791\" \/>\n<meta property=\"og:locale\" content=\"es_ES\" \/>\n<meta property=\"og:type\" content=\"article\" \/>\n<meta property=\"og:title\" content=\"Medea en el Teatro Romano de C\u00e1diz | HOJAS SUELTAS Peri\u00f3dico Cultural\" \/>\n<meta property=\"og:description\" content=\"PANORAMA CULTURAL; la Medea de S\u00e1nchez-Gij\u00f3n ha sido recibida con un respeto casi reverencial. La actriz, vestida con un lujoso atuendo de inspiraci\u00f3n helen\u00edstica dise\u00f1ado por Ana Garay, se mov\u00eda con paso firme y voz contenida entre las piedras iluminadas por un juego de luces c\u00e1lido y sobrio...\" \/>\n<meta property=\"og:url\" content=\"https:\/\/hojassueltas.es\/?p=22791\" \/>\n<meta property=\"og:site_name\" content=\"HOJAS SUELTAS Peri\u00f3dico Cultural\" \/>\n<meta property=\"article:published_time\" content=\"2025-09-02T23:00:32+00:00\" \/>\n<meta property=\"article:modified_time\" content=\"2025-09-09T17:53:26+00:00\" \/>\n<meta property=\"og:image\" content=\"https:\/\/hojassueltas.es\/wp-content\/uploads\/2025\/08\/Panorama-Cultural_-H.S.png\" \/>\n\t<meta property=\"og:image:width\" content=\"550\" \/>\n\t<meta property=\"og:image:height\" content=\"750\" \/>\n\t<meta property=\"og:image:type\" content=\"image\/png\" \/>\n<meta name=\"author\" content=\"Redacci\u00f3n\" \/>\n<meta name=\"twitter:card\" content=\"summary_large_image\" \/>\n<meta name=\"twitter:creator\" content=\"@HOJASSUELTAS22\" \/>\n<meta name=\"twitter:site\" content=\"@HOJASSUELTAS22\" \/>\n<meta name=\"twitter:label1\" content=\"Escrito por\" \/>\n\t<meta name=\"twitter:data1\" content=\"Redacci\u00f3n\" \/>\n\t<meta name=\"twitter:label2\" content=\"Tiempo de lectura\" \/>\n\t<meta name=\"twitter:data2\" content=\"3 minutos\" \/>\n<script type=\"application\/ld+json\" class=\"yoast-schema-graph\">{\"@context\":\"https:\\\/\\\/schema.org\",\"@graph\":[{\"@type\":[\"Article\",\"BlogPosting\"],\"@id\":\"https:\\\/\\\/hojassueltas.es\\\/?p=22791#article\",\"isPartOf\":{\"@id\":\"https:\\\/\\\/hojassueltas.es\\\/?p=22791\"},\"author\":{\"name\":\"Redacci\u00f3n\",\"@id\":\"https:\\\/\\\/hojassueltas.es\\\/#\\\/schema\\\/person\\\/f232bbdb834c61c90aff2245daa401c0\"},\"headline\":\"Medea en el Teatro Romano de C\u00e1diz\",\"datePublished\":\"2025-09-02T23:00:32+00:00\",\"dateModified\":\"2025-09-09T17:53:26+00:00\",\"mainEntityOfPage\":{\"@id\":\"https:\\\/\\\/hojassueltas.es\\\/?p=22791\"},\"wordCount\":539,\"commentCount\":0,\"publisher\":{\"@id\":\"https:\\\/\\\/hojassueltas.es\\\/#organization\"},\"image\":{\"@id\":\"https:\\\/\\\/hojassueltas.es\\\/?p=22791#primaryimage\"},\"thumbnailUrl\":\"https:\\\/\\\/hojassueltas.es\\\/wp-content\\\/uploads\\\/2025\\\/08\\\/Panorama-Cultural_-H.S.png\",\"articleSection\":[\"Artes esc\u00e9nicas\"],\"inLanguage\":\"es\",\"potentialAction\":[{\"@type\":\"CommentAction\",\"name\":\"Comment\",\"target\":[\"https:\\\/\\\/hojassueltas.es\\\/?p=22791#respond\"]}]},{\"@type\":\"WebPage\",\"@id\":\"https:\\\/\\\/hojassueltas.es\\\/?p=22791\",\"url\":\"https:\\\/\\\/hojassueltas.es\\\/?p=22791\",\"name\":\"Medea en el Teatro Romano de C\u00e1diz | HOJAS SUELTAS Peri\u00f3dico Cultural\",\"isPartOf\":{\"@id\":\"https:\\\/\\\/hojassueltas.es\\\/#website\"},\"primaryImageOfPage\":{\"@id\":\"https:\\\/\\\/hojassueltas.es\\\/?p=22791#primaryimage\"},\"image\":{\"@id\":\"https:\\\/\\\/hojassueltas.es\\\/?p=22791#primaryimage\"},\"thumbnailUrl\":\"https:\\\/\\\/hojassueltas.es\\\/wp-content\\\/uploads\\\/2025\\\/08\\\/Panorama-Cultural_-H.S.png\",\"datePublished\":\"2025-09-02T23:00:32+00:00\",\"dateModified\":\"2025-09-09T17:53:26+00:00\",\"description\":\"PANORAMA CULTURAL; la Medea de S\u00e1nchez-Gij\u00f3n ha sido recibida con un respeto casi reverencial. La actriz, vestida con un lujoso atuendo de inspiraci\u00f3n helen\u00edstica dise\u00f1ado por Ana Garay, se mov\u00eda con paso firme y voz contenida entre las piedras iluminadas por un juego de luces c\u00e1lido y sobrio...\",\"breadcrumb\":{\"@id\":\"https:\\\/\\\/hojassueltas.es\\\/?p=22791#breadcrumb\"},\"inLanguage\":\"es\",\"potentialAction\":[{\"@type\":\"ReadAction\",\"target\":[\"https:\\\/\\\/hojassueltas.es\\\/?p=22791\"]}]},{\"@type\":\"ImageObject\",\"inLanguage\":\"es\",\"@id\":\"https:\\\/\\\/hojassueltas.es\\\/?p=22791#primaryimage\",\"url\":\"https:\\\/\\\/hojassueltas.es\\\/wp-content\\\/uploads\\\/2025\\\/08\\\/Panorama-Cultural_-H.S.png\",\"contentUrl\":\"https:\\\/\\\/hojassueltas.es\\\/wp-content\\\/uploads\\\/2025\\\/08\\\/Panorama-Cultural_-H.S.png\",\"width\":550,\"height\":750},{\"@type\":\"BreadcrumbList\",\"@id\":\"https:\\\/\\\/hojassueltas.es\\\/?p=22791#breadcrumb\",\"itemListElement\":[{\"@type\":\"ListItem\",\"position\":1,\"name\":\"Portada\",\"item\":\"https:\\\/\\\/hojassueltas.es\\\/\"},{\"@type\":\"ListItem\",\"position\":2,\"name\":\"Medea en el Teatro Romano de C\u00e1diz\"}]},{\"@type\":\"WebSite\",\"@id\":\"https:\\\/\\\/hojassueltas.es\\\/#website\",\"url\":\"https:\\\/\\\/hojassueltas.es\\\/\",\"name\":\"HojasSueltas.es\",\"description\":\"GRANADA - Peri\u00f3dico Cultural\",\"publisher\":{\"@id\":\"https:\\\/\\\/hojassueltas.es\\\/#organization\"},\"alternateName\":\"H.S. Periodico Cultural\",\"potentialAction\":[{\"@type\":\"SearchAction\",\"target\":{\"@type\":\"EntryPoint\",\"urlTemplate\":\"https:\\\/\\\/hojassueltas.es\\\/?s={search_term_string}\"},\"query-input\":{\"@type\":\"PropertyValueSpecification\",\"valueRequired\":true,\"valueName\":\"search_term_string\"}}],\"inLanguage\":\"es\"},{\"@type\":\"Organization\",\"@id\":\"https:\\\/\\\/hojassueltas.es\\\/#organization\",\"name\":\"HOJAS SUELTAS - Peri\u00f3dico Cultural\",\"alternateName\":\"HS - HOJAS SUELTAS Peri\u00f3dico Cultural\",\"url\":\"https:\\\/\\\/hojassueltas.es\\\/\",\"logo\":{\"@type\":\"ImageObject\",\"inLanguage\":\"es\",\"@id\":\"https:\\\/\\\/hojassueltas.es\\\/#\\\/schema\\\/logo\\\/image\\\/\",\"url\":\"https:\\\/\\\/hojassueltas.es\\\/wp-content\\\/uploads\\\/2025\\\/08\\\/Icono-HS_2.png\",\"contentUrl\":\"https:\\\/\\\/hojassueltas.es\\\/wp-content\\\/uploads\\\/2025\\\/08\\\/Icono-HS_2.png\",\"width\":500,\"height\":500,\"caption\":\"HOJAS SUELTAS - Peri\u00f3dico Cultural\"},\"image\":{\"@id\":\"https:\\\/\\\/hojassueltas.es\\\/#\\\/schema\\\/logo\\\/image\\\/\"},\"sameAs\":[\"https:\\\/\\\/x.com\\\/HOJASSUELTAS22\"]},{\"@type\":\"Person\",\"@id\":\"https:\\\/\\\/hojassueltas.es\\\/#\\\/schema\\\/person\\\/f232bbdb834c61c90aff2245daa401c0\",\"name\":\"Redacci\u00f3n\",\"image\":{\"@type\":\"ImageObject\",\"inLanguage\":\"es\",\"@id\":\"https:\\\/\\\/hojassueltas.es\\\/wp-content\\\/uploads\\\/2026\\\/02\\\/Redaccion-2-96x96.png\",\"url\":\"https:\\\/\\\/hojassueltas.es\\\/wp-content\\\/uploads\\\/2026\\\/02\\\/Redaccion-2-96x96.png\",\"contentUrl\":\"https:\\\/\\\/hojassueltas.es\\\/wp-content\\\/uploads\\\/2026\\\/02\\\/Redaccion-2-96x96.png\",\"caption\":\"Redacci\u00f3n\"},\"description\":\"Redacci\u00f3n de HOJAS SUELTAS\",\"url\":\"https:\\\/\\\/hojassueltas.es\\\/?author=1\"}]}<\/script>\n<!-- \/ Yoast SEO plugin. -->","yoast_head_json":{"title":"Medea en el Teatro Romano de C\u00e1diz | HOJAS SUELTAS Peri\u00f3dico Cultural","description":"PANORAMA CULTURAL; la Medea de S\u00e1nchez-Gij\u00f3n ha sido recibida con un respeto casi reverencial. La actriz, vestida con un lujoso atuendo de inspiraci\u00f3n helen\u00edstica dise\u00f1ado por Ana Garay, se mov\u00eda con paso firme y voz contenida entre las piedras iluminadas por un juego de luces c\u00e1lido y sobrio...","robots":{"index":"index","follow":"follow","max-snippet":"max-snippet:-1","max-image-preview":"max-image-preview:large","max-video-preview":"max-video-preview:-1"},"canonical":"https:\/\/hojassueltas.es\/?p=22791","og_locale":"es_ES","og_type":"article","og_title":"Medea en el Teatro Romano de C\u00e1diz | HOJAS SUELTAS Peri\u00f3dico Cultural","og_description":"PANORAMA CULTURAL; la Medea de S\u00e1nchez-Gij\u00f3n ha sido recibida con un respeto casi reverencial. La actriz, vestida con un lujoso atuendo de inspiraci\u00f3n helen\u00edstica dise\u00f1ado por Ana Garay, se mov\u00eda con paso firme y voz contenida entre las piedras iluminadas por un juego de luces c\u00e1lido y sobrio...","og_url":"https:\/\/hojassueltas.es\/?p=22791","og_site_name":"HOJAS SUELTAS Peri\u00f3dico Cultural","article_published_time":"2025-09-02T23:00:32+00:00","article_modified_time":"2025-09-09T17:53:26+00:00","og_image":[{"width":550,"height":750,"url":"https:\/\/hojassueltas.es\/wp-content\/uploads\/2025\/08\/Panorama-Cultural_-H.S.png","type":"image\/png"}],"author":"Redacci\u00f3n","twitter_card":"summary_large_image","twitter_creator":"@HOJASSUELTAS22","twitter_site":"@HOJASSUELTAS22","twitter_misc":{"Escrito por":"Redacci\u00f3n","Tiempo de lectura":"3 minutos"},"schema":{"@context":"https:\/\/schema.org","@graph":[{"@type":["Article","BlogPosting"],"@id":"https:\/\/hojassueltas.es\/?p=22791#article","isPartOf":{"@id":"https:\/\/hojassueltas.es\/?p=22791"},"author":{"name":"Redacci\u00f3n","@id":"https:\/\/hojassueltas.es\/#\/schema\/person\/f232bbdb834c61c90aff2245daa401c0"},"headline":"Medea en el Teatro Romano de C\u00e1diz","datePublished":"2025-09-02T23:00:32+00:00","dateModified":"2025-09-09T17:53:26+00:00","mainEntityOfPage":{"@id":"https:\/\/hojassueltas.es\/?p=22791"},"wordCount":539,"commentCount":0,"publisher":{"@id":"https:\/\/hojassueltas.es\/#organization"},"image":{"@id":"https:\/\/hojassueltas.es\/?p=22791#primaryimage"},"thumbnailUrl":"https:\/\/hojassueltas.es\/wp-content\/uploads\/2025\/08\/Panorama-Cultural_-H.S.png","articleSection":["Artes esc\u00e9nicas"],"inLanguage":"es","potentialAction":[{"@type":"CommentAction","name":"Comment","target":["https:\/\/hojassueltas.es\/?p=22791#respond"]}]},{"@type":"WebPage","@id":"https:\/\/hojassueltas.es\/?p=22791","url":"https:\/\/hojassueltas.es\/?p=22791","name":"Medea en el Teatro Romano de C\u00e1diz | HOJAS SUELTAS Peri\u00f3dico Cultural","isPartOf":{"@id":"https:\/\/hojassueltas.es\/#website"},"primaryImageOfPage":{"@id":"https:\/\/hojassueltas.es\/?p=22791#primaryimage"},"image":{"@id":"https:\/\/hojassueltas.es\/?p=22791#primaryimage"},"thumbnailUrl":"https:\/\/hojassueltas.es\/wp-content\/uploads\/2025\/08\/Panorama-Cultural_-H.S.png","datePublished":"2025-09-02T23:00:32+00:00","dateModified":"2025-09-09T17:53:26+00:00","description":"PANORAMA CULTURAL; la Medea de S\u00e1nchez-Gij\u00f3n ha sido recibida con un respeto casi reverencial. La actriz, vestida con un lujoso atuendo de inspiraci\u00f3n helen\u00edstica dise\u00f1ado por Ana Garay, se mov\u00eda con paso firme y voz contenida entre las piedras iluminadas por un juego de luces c\u00e1lido y sobrio...","breadcrumb":{"@id":"https:\/\/hojassueltas.es\/?p=22791#breadcrumb"},"inLanguage":"es","potentialAction":[{"@type":"ReadAction","target":["https:\/\/hojassueltas.es\/?p=22791"]}]},{"@type":"ImageObject","inLanguage":"es","@id":"https:\/\/hojassueltas.es\/?p=22791#primaryimage","url":"https:\/\/hojassueltas.es\/wp-content\/uploads\/2025\/08\/Panorama-Cultural_-H.S.png","contentUrl":"https:\/\/hojassueltas.es\/wp-content\/uploads\/2025\/08\/Panorama-Cultural_-H.S.png","width":550,"height":750},{"@type":"BreadcrumbList","@id":"https:\/\/hojassueltas.es\/?p=22791#breadcrumb","itemListElement":[{"@type":"ListItem","position":1,"name":"Portada","item":"https:\/\/hojassueltas.es\/"},{"@type":"ListItem","position":2,"name":"Medea en el Teatro Romano de C\u00e1diz"}]},{"@type":"WebSite","@id":"https:\/\/hojassueltas.es\/#website","url":"https:\/\/hojassueltas.es\/","name":"HojasSueltas.es","description":"GRANADA - Peri\u00f3dico Cultural","publisher":{"@id":"https:\/\/hojassueltas.es\/#organization"},"alternateName":"H.S. Periodico Cultural","potentialAction":[{"@type":"SearchAction","target":{"@type":"EntryPoint","urlTemplate":"https:\/\/hojassueltas.es\/?s={search_term_string}"},"query-input":{"@type":"PropertyValueSpecification","valueRequired":true,"valueName":"search_term_string"}}],"inLanguage":"es"},{"@type":"Organization","@id":"https:\/\/hojassueltas.es\/#organization","name":"HOJAS SUELTAS - Peri\u00f3dico Cultural","alternateName":"HS - HOJAS SUELTAS Peri\u00f3dico Cultural","url":"https:\/\/hojassueltas.es\/","logo":{"@type":"ImageObject","inLanguage":"es","@id":"https:\/\/hojassueltas.es\/#\/schema\/logo\/image\/","url":"https:\/\/hojassueltas.es\/wp-content\/uploads\/2025\/08\/Icono-HS_2.png","contentUrl":"https:\/\/hojassueltas.es\/wp-content\/uploads\/2025\/08\/Icono-HS_2.png","width":500,"height":500,"caption":"HOJAS SUELTAS - Peri\u00f3dico Cultural"},"image":{"@id":"https:\/\/hojassueltas.es\/#\/schema\/logo\/image\/"},"sameAs":["https:\/\/x.com\/HOJASSUELTAS22"]},{"@type":"Person","@id":"https:\/\/hojassueltas.es\/#\/schema\/person\/f232bbdb834c61c90aff2245daa401c0","name":"Redacci\u00f3n","image":{"@type":"ImageObject","inLanguage":"es","@id":"https:\/\/hojassueltas.es\/wp-content\/uploads\/2026\/02\/Redaccion-2-96x96.png","url":"https:\/\/hojassueltas.es\/wp-content\/uploads\/2026\/02\/Redaccion-2-96x96.png","contentUrl":"https:\/\/hojassueltas.es\/wp-content\/uploads\/2026\/02\/Redaccion-2-96x96.png","caption":"Redacci\u00f3n"},"description":"Redacci\u00f3n de HOJAS SUELTAS","url":"https:\/\/hojassueltas.es\/?author=1"}]}},"_links":{"self":[{"href":"https:\/\/hojassueltas.es\/index.php?rest_route=\/wp\/v2\/posts\/22791","targetHints":{"allow":["GET"]}}],"collection":[{"href":"https:\/\/hojassueltas.es\/index.php?rest_route=\/wp\/v2\/posts"}],"about":[{"href":"https:\/\/hojassueltas.es\/index.php?rest_route=\/wp\/v2\/types\/post"}],"author":[{"embeddable":true,"href":"https:\/\/hojassueltas.es\/index.php?rest_route=\/wp\/v2\/users\/1"}],"replies":[{"embeddable":true,"href":"https:\/\/hojassueltas.es\/index.php?rest_route=%2Fwp%2Fv2%2Fcomments&post=22791"}],"version-history":[{"count":1,"href":"https:\/\/hojassueltas.es\/index.php?rest_route=\/wp\/v2\/posts\/22791\/revisions"}],"predecessor-version":[{"id":22792,"href":"https:\/\/hojassueltas.es\/index.php?rest_route=\/wp\/v2\/posts\/22791\/revisions\/22792"}],"wp:featuredmedia":[{"embeddable":true,"href":"https:\/\/hojassueltas.es\/index.php?rest_route=\/wp\/v2\/media\/22571"}],"wp:attachment":[{"href":"https:\/\/hojassueltas.es\/index.php?rest_route=%2Fwp%2Fv2%2Fmedia&parent=22791"}],"wp:term":[{"taxonomy":"category","embeddable":true,"href":"https:\/\/hojassueltas.es\/index.php?rest_route=%2Fwp%2Fv2%2Fcategories&post=22791"},{"taxonomy":"post_tag","embeddable":true,"href":"https:\/\/hojassueltas.es\/index.php?rest_route=%2Fwp%2Fv2%2Ftags&post=22791"}],"curies":[{"name":"wp","href":"https:\/\/api.w.org\/{rel}","templated":true}]}}