{"id":22789,"date":"2025-09-02T00:00:10","date_gmt":"2025-09-01T23:00:10","guid":{"rendered":"https:\/\/hojassueltas.es\/?p=22789"},"modified":"2025-09-02T06:46:50","modified_gmt":"2025-09-02T05:46:50","slug":"codices-iluminados-del-medievo-andalusi","status":"publish","type":"post","link":"https:\/\/hojassueltas.es\/?p=22789","title":{"rendered":"C\u00f3dices iluminados del medievo andalus\u00ed"},"content":{"rendered":"<p data-start=\"370\" data-end=\"456\"><strong data-start=\"370\" data-end=\"408\">Archivo General de Indias, Sevilla<\/strong><br data-start=\"408\" data-end=\"411\" \/><em data-start=\"411\" data-end=\"456\">Del 17 de julio al 29 de septiembre de 2025<\/em><\/p>\n<p style=\"text-align: justify;\" data-start=\"458\" data-end=\"1093\">En el coraz\u00f3n monumental de Sevilla, el Archivo General de Indias acoge una de las muestras m\u00e1s sugerentes del verano cultural andaluz: <em data-start=\"594\" data-end=\"637\">\u201cC\u00f3dices iluminados del medievo andalus\u00ed\u201d<\/em>, una exposici\u00f3n que re\u00fane por primera vez una selecci\u00f3n extraordinaria de manuscritos isl\u00e1micos, cristianos y hebreos que circularon \u2014y en algunos casos convivieron\u2014 en al-\u00c1ndalus entre los siglos X y XIV. La muestra, comisariada por el arabista Pedro Mart\u00ednez Mont\u00e1vez y organizada en colaboraci\u00f3n con la Fundaci\u00f3n El legado andalus\u00ed, constituye un ejercicio de reconstrucci\u00f3n visual y filol\u00f3gica del paisaje intelectual peninsular durante la Edad Media.<\/p>\n<p style=\"text-align: justify;\" data-start=\"1095\" data-end=\"1725\">Lejos de un enfoque estrictamente cronol\u00f3gico o filol\u00f3gico, la exposici\u00f3n propone una lectura transversal y simb\u00f3lica de los c\u00f3dices como objetos de transmisi\u00f3n del saber, cargados de arte, poder y memoria. Las piezas provienen de colecciones p\u00fablicas y privadas, destacando los pr\u00e9stamos excepcionales del Monasterio de San Lorenzo de El Escorial, la Biblioteca de la Universidad de Salamanca y el Institut du Monde Arabe de Par\u00eds. En total, m\u00e1s de cuarenta c\u00f3dices, muchos de ellos iluminados con t\u00e9cnicas de origen oriental, permiten reconstruir el mapa de una sensibilidad cultural fronteriza, mestiza y profundamente erudita.<\/p>\n<p style=\"text-align: justify;\" data-start=\"1727\" data-end=\"2198\">Entre las piezas m\u00e1s notables se encuentran una copia ilustrada del <em data-start=\"1795\" data-end=\"1817\">Cor\u00e1n de al-Hakam II<\/em>, atribuida a los talleres califales de C\u00f3rdoba; un ejemplar del <em data-start=\"1882\" data-end=\"1913\">Libro del saber de astronom\u00eda<\/em> mandado compilar por Alfonso X; y una haggadah sefard\u00ed de finales del siglo XIII decorada con pigmentos naturales y pan de oro. Cada c\u00f3dice se acompa\u00f1a de una breve cartela contextual y una reproducci\u00f3n digital interactiva accesible desde terminales t\u00e1ctiles distribuidas por la sala.<\/p>\n<p style=\"text-align: justify;\" data-start=\"2200\" data-end=\"2669\">La museograf\u00eda, sobria y envolvente, aprovecha los altos techos del Archivo y la penumbra controlada para sugerir un ambiente de recogimiento propio de las antiguas madrasas y scriptoria. Un sistema de iluminaci\u00f3n esc\u00e9nica resalta los colores de las miniaturas, los trazos caligr\u00e1ficos y los m\u00e1rgenes glosados. Las vitrinas, protegidas con cristal antirreflejo y control de temperatura, permiten una observaci\u00f3n minuciosa sin comprometer la conservaci\u00f3n de los c\u00f3dices.<\/p>\n<p style=\"text-align: justify;\" data-start=\"2671\" data-end=\"2958\">El discurso expositivo se completa con un ciclo paralelo de conferencias sobre el pensamiento andalus\u00ed, la tradici\u00f3n caligr\u00e1fica \u00e1rabe y la transmisi\u00f3n del conocimiento en la Pen\u00ednsula, a cargo de especialistas como Maribel Fierro, Emilio Gonz\u00e1lez Ferr\u00edn o la francesa Genevi\u00e8ve Chauvel.<\/p>\n<p style=\"text-align: justify;\" data-start=\"2960\" data-end=\"3280\">En una \u00e9poca marcada por la digitalizaci\u00f3n acelerada y la volatilidad del soporte, esta exposici\u00f3n se erige como un homenaje al libro manuscrito como artefacto total: texto, imagen, objeto y s\u00edmbolo. Y lo hace desde una ciudad, Sevilla, que fue durante siglos uno de los epicentros de las rutas culturales mediterr\u00e1neas.<\/p>\n<p data-start=\"2960\" data-end=\"3280\">Redaccion<\/p>\n","protected":false},"excerpt":{"rendered":"<p>Archivo General de Indias, SevillaDel 17 de julio al 29 de septiembre de 2025 En el coraz\u00f3n monumental de Sevilla, el Archivo General de Indias acoge una de las muestras m\u00e1s sugerentes del verano cultural andaluz: \u201cC\u00f3dices iluminados del medievo andalus\u00ed\u201d, una exposici\u00f3n que re\u00fane por primera vez una selecci\u00f3n extraordinaria de manuscritos isl\u00e1micos, cristianos [&hellip;]<\/p>\n","protected":false},"author":1,"featured_media":22571,"comment_status":"open","ping_status":"closed","sticky":false,"template":"","format":"standard","meta":{"footnotes":""},"categories":[2614],"tags":[],"class_list":{"0":"post-22789","1":"post","2":"type-post","3":"status-publish","4":"format-standard","5":"has-post-thumbnail","7":"category-literatura"},"yoast_head":"<!-- This site is optimized with the Yoast SEO plugin v27.5 - https:\/\/yoast.com\/product\/yoast-seo-wordpress\/ -->\n<title>C\u00f3dices iluminados del medievo andalus\u00ed | HOJAS SUELTAS Peri\u00f3dico Cultural<\/title>\n<meta name=\"description\" content=\"PANORAMA CULTURAL= En el coraz\u00f3n monumental de Sevilla, el Archivo General de Indias acoge una de las muestras m\u00e1s sugerentes del verano cultural andaluz: \u201cC\u00f3dices iluminados del medievo andalus\u00ed\u201d\" \/>\n<meta name=\"robots\" content=\"index, follow, max-snippet:-1, max-image-preview:large, max-video-preview:-1\" \/>\n<link rel=\"canonical\" href=\"https:\/\/hojassueltas.es\/?p=22789\" \/>\n<meta property=\"og:locale\" content=\"es_ES\" \/>\n<meta property=\"og:type\" content=\"article\" \/>\n<meta property=\"og:title\" content=\"C\u00f3dices iluminados del medievo andalus\u00ed | HOJAS SUELTAS Peri\u00f3dico Cultural\" \/>\n<meta property=\"og:description\" content=\"PANORAMA CULTURAL= En el coraz\u00f3n monumental de Sevilla, el Archivo General de Indias acoge una de las muestras m\u00e1s sugerentes del verano cultural andaluz: \u201cC\u00f3dices iluminados del medievo andalus\u00ed\u201d\" \/>\n<meta property=\"og:url\" content=\"https:\/\/hojassueltas.es\/?p=22789\" \/>\n<meta property=\"og:site_name\" content=\"HOJAS SUELTAS Peri\u00f3dico Cultural\" \/>\n<meta property=\"article:published_time\" content=\"2025-09-01T23:00:10+00:00\" \/>\n<meta property=\"article:modified_time\" content=\"2025-09-02T05:46:50+00:00\" \/>\n<meta property=\"og:image\" content=\"https:\/\/hojassueltas.es\/wp-content\/uploads\/2025\/08\/Panorama-Cultural_-H.S.png\" \/>\n\t<meta property=\"og:image:width\" content=\"550\" \/>\n\t<meta property=\"og:image:height\" content=\"750\" \/>\n\t<meta property=\"og:image:type\" content=\"image\/png\" \/>\n<meta name=\"author\" content=\"Redacci\u00f3n\" \/>\n<meta name=\"twitter:card\" content=\"summary_large_image\" \/>\n<meta name=\"twitter:creator\" content=\"@HOJASSUELTAS22\" \/>\n<meta name=\"twitter:site\" content=\"@HOJASSUELTAS22\" \/>\n<meta name=\"twitter:label1\" content=\"Escrito por\" \/>\n\t<meta name=\"twitter:data1\" content=\"Redacci\u00f3n\" \/>\n\t<meta name=\"twitter:label2\" content=\"Tiempo de lectura\" \/>\n\t<meta name=\"twitter:data2\" content=\"3 minutos\" \/>\n<script type=\"application\/ld+json\" class=\"yoast-schema-graph\">{\"@context\":\"https:\\\/\\\/schema.org\",\"@graph\":[{\"@type\":[\"Article\",\"BlogPosting\"],\"@id\":\"https:\\\/\\\/hojassueltas.es\\\/?p=22789#article\",\"isPartOf\":{\"@id\":\"https:\\\/\\\/hojassueltas.es\\\/?p=22789\"},\"author\":{\"name\":\"Redacci\u00f3n\",\"@id\":\"https:\\\/\\\/hojassueltas.es\\\/#\\\/schema\\\/person\\\/f232bbdb834c61c90aff2245daa401c0\"},\"headline\":\"C\u00f3dices iluminados del medievo andalus\u00ed\",\"datePublished\":\"2025-09-01T23:00:10+00:00\",\"dateModified\":\"2025-09-02T05:46:50+00:00\",\"mainEntityOfPage\":{\"@id\":\"https:\\\/\\\/hojassueltas.es\\\/?p=22789\"},\"wordCount\":493,\"commentCount\":0,\"publisher\":{\"@id\":\"https:\\\/\\\/hojassueltas.es\\\/#organization\"},\"image\":{\"@id\":\"https:\\\/\\\/hojassueltas.es\\\/?p=22789#primaryimage\"},\"thumbnailUrl\":\"https:\\\/\\\/hojassueltas.es\\\/wp-content\\\/uploads\\\/2025\\\/08\\\/Panorama-Cultural_-H.S.png\",\"articleSection\":[\"Literatura\"],\"inLanguage\":\"es\",\"potentialAction\":[{\"@type\":\"CommentAction\",\"name\":\"Comment\",\"target\":[\"https:\\\/\\\/hojassueltas.es\\\/?p=22789#respond\"]}]},{\"@type\":\"WebPage\",\"@id\":\"https:\\\/\\\/hojassueltas.es\\\/?p=22789\",\"url\":\"https:\\\/\\\/hojassueltas.es\\\/?p=22789\",\"name\":\"C\u00f3dices iluminados del medievo andalus\u00ed | HOJAS SUELTAS Peri\u00f3dico Cultural\",\"isPartOf\":{\"@id\":\"https:\\\/\\\/hojassueltas.es\\\/#website\"},\"primaryImageOfPage\":{\"@id\":\"https:\\\/\\\/hojassueltas.es\\\/?p=22789#primaryimage\"},\"image\":{\"@id\":\"https:\\\/\\\/hojassueltas.es\\\/?p=22789#primaryimage\"},\"thumbnailUrl\":\"https:\\\/\\\/hojassueltas.es\\\/wp-content\\\/uploads\\\/2025\\\/08\\\/Panorama-Cultural_-H.S.png\",\"datePublished\":\"2025-09-01T23:00:10+00:00\",\"dateModified\":\"2025-09-02T05:46:50+00:00\",\"description\":\"PANORAMA CULTURAL= En el coraz\u00f3n monumental de Sevilla, el Archivo General de Indias acoge una de las muestras m\u00e1s sugerentes del verano cultural andaluz: \u201cC\u00f3dices iluminados del medievo andalus\u00ed\u201d\",\"breadcrumb\":{\"@id\":\"https:\\\/\\\/hojassueltas.es\\\/?p=22789#breadcrumb\"},\"inLanguage\":\"es\",\"potentialAction\":[{\"@type\":\"ReadAction\",\"target\":[\"https:\\\/\\\/hojassueltas.es\\\/?p=22789\"]}]},{\"@type\":\"ImageObject\",\"inLanguage\":\"es\",\"@id\":\"https:\\\/\\\/hojassueltas.es\\\/?p=22789#primaryimage\",\"url\":\"https:\\\/\\\/hojassueltas.es\\\/wp-content\\\/uploads\\\/2025\\\/08\\\/Panorama-Cultural_-H.S.png\",\"contentUrl\":\"https:\\\/\\\/hojassueltas.es\\\/wp-content\\\/uploads\\\/2025\\\/08\\\/Panorama-Cultural_-H.S.png\",\"width\":550,\"height\":750},{\"@type\":\"BreadcrumbList\",\"@id\":\"https:\\\/\\\/hojassueltas.es\\\/?p=22789#breadcrumb\",\"itemListElement\":[{\"@type\":\"ListItem\",\"position\":1,\"name\":\"Portada\",\"item\":\"https:\\\/\\\/hojassueltas.es\\\/\"},{\"@type\":\"ListItem\",\"position\":2,\"name\":\"C\u00f3dices iluminados del medievo andalus\u00ed\"}]},{\"@type\":\"WebSite\",\"@id\":\"https:\\\/\\\/hojassueltas.es\\\/#website\",\"url\":\"https:\\\/\\\/hojassueltas.es\\\/\",\"name\":\"HojasSueltas.es\",\"description\":\"GRANADA - Peri\u00f3dico Cultural\",\"publisher\":{\"@id\":\"https:\\\/\\\/hojassueltas.es\\\/#organization\"},\"alternateName\":\"H.S. Periodico Cultural\",\"potentialAction\":[{\"@type\":\"SearchAction\",\"target\":{\"@type\":\"EntryPoint\",\"urlTemplate\":\"https:\\\/\\\/hojassueltas.es\\\/?s={search_term_string}\"},\"query-input\":{\"@type\":\"PropertyValueSpecification\",\"valueRequired\":true,\"valueName\":\"search_term_string\"}}],\"inLanguage\":\"es\"},{\"@type\":\"Organization\",\"@id\":\"https:\\\/\\\/hojassueltas.es\\\/#organization\",\"name\":\"HOJAS SUELTAS - Peri\u00f3dico Cultural\",\"alternateName\":\"HS - HOJAS SUELTAS Peri\u00f3dico Cultural\",\"url\":\"https:\\\/\\\/hojassueltas.es\\\/\",\"logo\":{\"@type\":\"ImageObject\",\"inLanguage\":\"es\",\"@id\":\"https:\\\/\\\/hojassueltas.es\\\/#\\\/schema\\\/logo\\\/image\\\/\",\"url\":\"https:\\\/\\\/hojassueltas.es\\\/wp-content\\\/uploads\\\/2025\\\/08\\\/Icono-HS_2.png\",\"contentUrl\":\"https:\\\/\\\/hojassueltas.es\\\/wp-content\\\/uploads\\\/2025\\\/08\\\/Icono-HS_2.png\",\"width\":500,\"height\":500,\"caption\":\"HOJAS SUELTAS - Peri\u00f3dico Cultural\"},\"image\":{\"@id\":\"https:\\\/\\\/hojassueltas.es\\\/#\\\/schema\\\/logo\\\/image\\\/\"},\"sameAs\":[\"https:\\\/\\\/x.com\\\/HOJASSUELTAS22\"]},{\"@type\":\"Person\",\"@id\":\"https:\\\/\\\/hojassueltas.es\\\/#\\\/schema\\\/person\\\/f232bbdb834c61c90aff2245daa401c0\",\"name\":\"Redacci\u00f3n\",\"image\":{\"@type\":\"ImageObject\",\"inLanguage\":\"es\",\"@id\":\"https:\\\/\\\/hojassueltas.es\\\/wp-content\\\/uploads\\\/2026\\\/02\\\/Redaccion-2-96x96.png\",\"url\":\"https:\\\/\\\/hojassueltas.es\\\/wp-content\\\/uploads\\\/2026\\\/02\\\/Redaccion-2-96x96.png\",\"contentUrl\":\"https:\\\/\\\/hojassueltas.es\\\/wp-content\\\/uploads\\\/2026\\\/02\\\/Redaccion-2-96x96.png\",\"caption\":\"Redacci\u00f3n\"},\"description\":\"Redacci\u00f3n de HOJAS SUELTAS\",\"url\":\"https:\\\/\\\/hojassueltas.es\\\/?author=1\"}]}<\/script>\n<!-- \/ Yoast SEO plugin. -->","yoast_head_json":{"title":"C\u00f3dices iluminados del medievo andalus\u00ed | HOJAS SUELTAS Peri\u00f3dico Cultural","description":"PANORAMA CULTURAL= En el coraz\u00f3n monumental de Sevilla, el Archivo General de Indias acoge una de las muestras m\u00e1s sugerentes del verano cultural andaluz: \u201cC\u00f3dices iluminados del medievo andalus\u00ed\u201d","robots":{"index":"index","follow":"follow","max-snippet":"max-snippet:-1","max-image-preview":"max-image-preview:large","max-video-preview":"max-video-preview:-1"},"canonical":"https:\/\/hojassueltas.es\/?p=22789","og_locale":"es_ES","og_type":"article","og_title":"C\u00f3dices iluminados del medievo andalus\u00ed | HOJAS SUELTAS Peri\u00f3dico Cultural","og_description":"PANORAMA CULTURAL= En el coraz\u00f3n monumental de Sevilla, el Archivo General de Indias acoge una de las muestras m\u00e1s sugerentes del verano cultural andaluz: \u201cC\u00f3dices iluminados del medievo andalus\u00ed\u201d","og_url":"https:\/\/hojassueltas.es\/?p=22789","og_site_name":"HOJAS SUELTAS Peri\u00f3dico Cultural","article_published_time":"2025-09-01T23:00:10+00:00","article_modified_time":"2025-09-02T05:46:50+00:00","og_image":[{"width":550,"height":750,"url":"https:\/\/hojassueltas.es\/wp-content\/uploads\/2025\/08\/Panorama-Cultural_-H.S.png","type":"image\/png"}],"author":"Redacci\u00f3n","twitter_card":"summary_large_image","twitter_creator":"@HOJASSUELTAS22","twitter_site":"@HOJASSUELTAS22","twitter_misc":{"Escrito por":"Redacci\u00f3n","Tiempo de lectura":"3 minutos"},"schema":{"@context":"https:\/\/schema.org","@graph":[{"@type":["Article","BlogPosting"],"@id":"https:\/\/hojassueltas.es\/?p=22789#article","isPartOf":{"@id":"https:\/\/hojassueltas.es\/?p=22789"},"author":{"name":"Redacci\u00f3n","@id":"https:\/\/hojassueltas.es\/#\/schema\/person\/f232bbdb834c61c90aff2245daa401c0"},"headline":"C\u00f3dices iluminados del medievo andalus\u00ed","datePublished":"2025-09-01T23:00:10+00:00","dateModified":"2025-09-02T05:46:50+00:00","mainEntityOfPage":{"@id":"https:\/\/hojassueltas.es\/?p=22789"},"wordCount":493,"commentCount":0,"publisher":{"@id":"https:\/\/hojassueltas.es\/#organization"},"image":{"@id":"https:\/\/hojassueltas.es\/?p=22789#primaryimage"},"thumbnailUrl":"https:\/\/hojassueltas.es\/wp-content\/uploads\/2025\/08\/Panorama-Cultural_-H.S.png","articleSection":["Literatura"],"inLanguage":"es","potentialAction":[{"@type":"CommentAction","name":"Comment","target":["https:\/\/hojassueltas.es\/?p=22789#respond"]}]},{"@type":"WebPage","@id":"https:\/\/hojassueltas.es\/?p=22789","url":"https:\/\/hojassueltas.es\/?p=22789","name":"C\u00f3dices iluminados del medievo andalus\u00ed | HOJAS SUELTAS Peri\u00f3dico Cultural","isPartOf":{"@id":"https:\/\/hojassueltas.es\/#website"},"primaryImageOfPage":{"@id":"https:\/\/hojassueltas.es\/?p=22789#primaryimage"},"image":{"@id":"https:\/\/hojassueltas.es\/?p=22789#primaryimage"},"thumbnailUrl":"https:\/\/hojassueltas.es\/wp-content\/uploads\/2025\/08\/Panorama-Cultural_-H.S.png","datePublished":"2025-09-01T23:00:10+00:00","dateModified":"2025-09-02T05:46:50+00:00","description":"PANORAMA CULTURAL= En el coraz\u00f3n monumental de Sevilla, el Archivo General de Indias acoge una de las muestras m\u00e1s sugerentes del verano cultural andaluz: \u201cC\u00f3dices iluminados del medievo andalus\u00ed\u201d","breadcrumb":{"@id":"https:\/\/hojassueltas.es\/?p=22789#breadcrumb"},"inLanguage":"es","potentialAction":[{"@type":"ReadAction","target":["https:\/\/hojassueltas.es\/?p=22789"]}]},{"@type":"ImageObject","inLanguage":"es","@id":"https:\/\/hojassueltas.es\/?p=22789#primaryimage","url":"https:\/\/hojassueltas.es\/wp-content\/uploads\/2025\/08\/Panorama-Cultural_-H.S.png","contentUrl":"https:\/\/hojassueltas.es\/wp-content\/uploads\/2025\/08\/Panorama-Cultural_-H.S.png","width":550,"height":750},{"@type":"BreadcrumbList","@id":"https:\/\/hojassueltas.es\/?p=22789#breadcrumb","itemListElement":[{"@type":"ListItem","position":1,"name":"Portada","item":"https:\/\/hojassueltas.es\/"},{"@type":"ListItem","position":2,"name":"C\u00f3dices iluminados del medievo andalus\u00ed"}]},{"@type":"WebSite","@id":"https:\/\/hojassueltas.es\/#website","url":"https:\/\/hojassueltas.es\/","name":"HojasSueltas.es","description":"GRANADA - Peri\u00f3dico Cultural","publisher":{"@id":"https:\/\/hojassueltas.es\/#organization"},"alternateName":"H.S. Periodico Cultural","potentialAction":[{"@type":"SearchAction","target":{"@type":"EntryPoint","urlTemplate":"https:\/\/hojassueltas.es\/?s={search_term_string}"},"query-input":{"@type":"PropertyValueSpecification","valueRequired":true,"valueName":"search_term_string"}}],"inLanguage":"es"},{"@type":"Organization","@id":"https:\/\/hojassueltas.es\/#organization","name":"HOJAS SUELTAS - Peri\u00f3dico Cultural","alternateName":"HS - HOJAS SUELTAS Peri\u00f3dico Cultural","url":"https:\/\/hojassueltas.es\/","logo":{"@type":"ImageObject","inLanguage":"es","@id":"https:\/\/hojassueltas.es\/#\/schema\/logo\/image\/","url":"https:\/\/hojassueltas.es\/wp-content\/uploads\/2025\/08\/Icono-HS_2.png","contentUrl":"https:\/\/hojassueltas.es\/wp-content\/uploads\/2025\/08\/Icono-HS_2.png","width":500,"height":500,"caption":"HOJAS SUELTAS - Peri\u00f3dico Cultural"},"image":{"@id":"https:\/\/hojassueltas.es\/#\/schema\/logo\/image\/"},"sameAs":["https:\/\/x.com\/HOJASSUELTAS22"]},{"@type":"Person","@id":"https:\/\/hojassueltas.es\/#\/schema\/person\/f232bbdb834c61c90aff2245daa401c0","name":"Redacci\u00f3n","image":{"@type":"ImageObject","inLanguage":"es","@id":"https:\/\/hojassueltas.es\/wp-content\/uploads\/2026\/02\/Redaccion-2-96x96.png","url":"https:\/\/hojassueltas.es\/wp-content\/uploads\/2026\/02\/Redaccion-2-96x96.png","contentUrl":"https:\/\/hojassueltas.es\/wp-content\/uploads\/2026\/02\/Redaccion-2-96x96.png","caption":"Redacci\u00f3n"},"description":"Redacci\u00f3n de HOJAS SUELTAS","url":"https:\/\/hojassueltas.es\/?author=1"}]}},"_links":{"self":[{"href":"https:\/\/hojassueltas.es\/index.php?rest_route=\/wp\/v2\/posts\/22789","targetHints":{"allow":["GET"]}}],"collection":[{"href":"https:\/\/hojassueltas.es\/index.php?rest_route=\/wp\/v2\/posts"}],"about":[{"href":"https:\/\/hojassueltas.es\/index.php?rest_route=\/wp\/v2\/types\/post"}],"author":[{"embeddable":true,"href":"https:\/\/hojassueltas.es\/index.php?rest_route=\/wp\/v2\/users\/1"}],"replies":[{"embeddable":true,"href":"https:\/\/hojassueltas.es\/index.php?rest_route=%2Fwp%2Fv2%2Fcomments&post=22789"}],"version-history":[{"count":1,"href":"https:\/\/hojassueltas.es\/index.php?rest_route=\/wp\/v2\/posts\/22789\/revisions"}],"predecessor-version":[{"id":22790,"href":"https:\/\/hojassueltas.es\/index.php?rest_route=\/wp\/v2\/posts\/22789\/revisions\/22790"}],"wp:featuredmedia":[{"embeddable":true,"href":"https:\/\/hojassueltas.es\/index.php?rest_route=\/wp\/v2\/media\/22571"}],"wp:attachment":[{"href":"https:\/\/hojassueltas.es\/index.php?rest_route=%2Fwp%2Fv2%2Fmedia&parent=22789"}],"wp:term":[{"taxonomy":"category","embeddable":true,"href":"https:\/\/hojassueltas.es\/index.php?rest_route=%2Fwp%2Fv2%2Fcategories&post=22789"},{"taxonomy":"post_tag","embeddable":true,"href":"https:\/\/hojassueltas.es\/index.php?rest_route=%2Fwp%2Fv2%2Ftags&post=22789"}],"curies":[{"name":"wp","href":"https:\/\/api.w.org\/{rel}","templated":true}]}}