{"id":22493,"date":"2025-08-31T00:00:51","date_gmt":"2025-08-30T23:00:51","guid":{"rendered":"https:\/\/hojassueltas.es\/?p=22493"},"modified":"2025-10-22T09:25:56","modified_gmt":"2025-10-22T07:25:56","slug":"volver-a-escribir-el-mundo","status":"publish","type":"post","link":"https:\/\/hojassueltas.es\/?p=22493","title":{"rendered":"Volver a escribir el mundo"},"content":{"rendered":"<p align=\"justify\"><strong>Editorial &gt;&gt;<\/strong><\/p>\n<p align=\"justify\"><span style=\"font-size: medium;\">Con el final del <\/span><span style=\"font-size: medium;\">periodo de vacaciones veraniegas<\/span><span style=\"font-size: medium;\"> se abre nuevamente la ventana de <\/span><em><span style=\"font-size: medium;\">Hojas Sueltas<\/span><\/em><span style=\"font-size: medium;\">, esa mesa de trabajo com\u00fan donde compartimos lecturas, hallazgos y preguntas. <\/span><span style=\"font-size: medium;\">Nos adelantamos a <\/span><span style=\"font-size: medium;\">la reentrada con renovada energ\u00eda y una voluntad clara: seguir ampliando el territorio de lo literario desde una mirada cr\u00edtica, diversa y rigurosa.<\/span><\/p>\n<p align=\"justify\"><span style=\"font-size: medium;\">El mes de septiembre aparecer\u00e1 cargado de novedades. A partir de ma\u00f1ana dia 1, abrimos oficialmente a las publicaciones de nuestras nuevas secciones, con las que buscamos afinar el foco y enriquecer la conversaci\u00f3n cultural. Son cuatro l\u00edneas de trabajo que convivir\u00e1n con los contenidos habituales, sumando perspectivas y ampliando el alcance de nuestras propuestas.<\/span><\/p>\n<p align=\"center\"><strong><span style=\"font-size: medium;\">ATLAS LITERARIO<\/span><\/strong><span style=\"font-size: medium;\"><br \/>\nUna secci\u00f3n para explorar la literatura desde el espacio: ciudades, territorios, paisajes interiores y exteriores que han moldeado la escritura. Desde la Lisboa de Pessoa a la Castilla de Delibes, el mapa se expande palabra a palabra.<\/span><\/p>\n<p align=\"center\"><strong><span style=\"font-size: medium;\">AUTORES OLVIDADOS<\/span><\/strong><span style=\"font-size: medium;\"><br \/>\nUn homenaje y una reivindicaci\u00f3n. Esta secci\u00f3n est\u00e1 dedicada a recuperar figuras injustamente apartadas del canon, tanto escritores como escritoras, cuya obra merece ser le\u00edda con la luz del presente.<\/span><\/p>\n<p align=\"center\"><strong><span style=\"font-size: medium;\">SECUENCIAS HIST\u00d3RICAS<\/span><\/strong><span style=\"font-size: medium;\"><br \/>\nLa literatura como archivo y eco del tiempo. Aqu\u00ed nos ocuparemos de momentos culturales, movimientos y coyunturas hist\u00f3ricas que marcaron la producci\u00f3n literaria en Espa\u00f1a y en Europa. Porque leer tambi\u00e9n es entender de d\u00f3nde venimos.<\/span><\/p>\n<p align=\"center\"><strong><span style=\"font-size: medium;\">LETRAS SUELTAS<\/span><\/strong><span style=\"font-size: medium;\"><br \/>\nUn espacio de libertad creativa, de experimentaci\u00f3n formal y de cruce de g\u00e9neros. Relatos breves, cr\u00f3nicas, prosas h\u00edbridas: todo lo que no encuentra lugar en las etiquetas, pero que merece ser le\u00eddo.<\/span><\/p>\n<p align=\"justify\"><span style=\"font-size: medium;\">Y como novedad destacada, <\/span><span style=\"font-size: medium;\">recordamos<\/span><span style=\"font-size: medium;\"> tambi\u00e9n la creaci\u00f3n de nuestra <\/span><strong><span style=\"font-size: medium;\">ASESOR\u00cdA LITERARIA<\/span><\/strong><span style=\"font-size: medium;\">, un servicio pensado para orientar a escritores en proceso: lectura cr\u00edtica de originales, informes de estilo, acompa\u00f1amiento en la edici\u00f3n. <\/span><\/p>\n<p align=\"justify\"><span style=\"font-size: medium;\">Desde la redacci\u00f3n, animamos a los colaboradores habituales \u2014y a quienes a\u00fan no han enviado sus textos\u2014 a seguir remitiendo sus propuestas. <\/span><em><span style=\"font-size: medium;\">Hojas Sueltas<\/span><\/em><span style=\"font-size: medium;\"> se construye con cada una de vuestras voces. La escritura es un acto de generosidad, y esta casa sigue abierta para quien quiera formar parte del di\u00e1logo.<\/span><\/p>\n<p align=\"justify\"><span style=\"font-size: medium;\">Bienvenidos de nuevo. Seguimos escribiendo.<\/span><\/p>\n<p align=\"justify\"><span style=\"font-size: 20px;\"><strong>Anxo do Rego<br \/>\n<\/strong><\/span>\u2014Director\u2014<\/p>\n","protected":false},"excerpt":{"rendered":"<p>Editorial &gt;&gt; Con el final del periodo de vacaciones veraniegas se abre nuevamente la ventana de Hojas Sueltas, esa mesa de trabajo com\u00fan donde compartimos lecturas, hallazgos y preguntas. Nos adelantamos a la reentrada con renovada energ\u00eda y una voluntad clara: seguir ampliando el territorio de lo literario desde una mirada cr\u00edtica, diversa y rigurosa. [&hellip;]<\/p>\n","protected":false},"author":72,"featured_media":0,"comment_status":"open","ping_status":"closed","sticky":false,"template":"","format":"standard","meta":{"footnotes":""},"categories":[2223],"tags":[],"class_list":{"0":"post-22493","1":"post","2":"type-post","3":"status-publish","4":"format-standard","6":"category-editorial"},"yoast_head":"<!-- This site is optimized with the Yoast SEO plugin v27.4 - https:\/\/yoast.com\/product\/yoast-seo-wordpress\/ -->\n<title>Volver a escribir el mundo | EDITORIAL | HOJAS SUELTAS Peri\u00f3dico Cultural<\/title>\n<meta name=\"description\" content=\"Editorial del director de Hojas Sueltas, anunciando la entrada y publicaciones en las cuatros nuevas secciones del peri\u00f3dico\" \/>\n<meta name=\"robots\" content=\"index, follow, max-snippet:-1, max-image-preview:large, max-video-preview:-1\" \/>\n<link rel=\"canonical\" href=\"https:\/\/hojassueltas.es\/?p=22493\" \/>\n<meta property=\"og:locale\" content=\"es_ES\" \/>\n<meta property=\"og:type\" content=\"article\" \/>\n<meta property=\"og:title\" content=\"Volver a escribir el mundo | EDITORIAL | HOJAS SUELTAS Peri\u00f3dico Cultural\" \/>\n<meta property=\"og:description\" content=\"Editorial del director de Hojas Sueltas, anunciando la entrada y publicaciones en las cuatros nuevas secciones del peri\u00f3dico\" \/>\n<meta property=\"og:url\" content=\"https:\/\/hojassueltas.es\/?p=22493\" \/>\n<meta property=\"og:site_name\" content=\"HOJAS SUELTAS Peri\u00f3dico Cultural\" \/>\n<meta property=\"article:published_time\" content=\"2025-08-30T23:00:51+00:00\" \/>\n<meta property=\"article:modified_time\" content=\"2025-10-22T07:25:56+00:00\" \/>\n<meta property=\"og:image\" content=\"https:\/\/hojassueltas.es\/wp-content\/uploads\/2025\/09\/Hojas-Sueltas_Logo-III_trans.png\" \/>\n\t<meta property=\"og:image:width\" content=\"485\" \/>\n\t<meta property=\"og:image:height\" content=\"80\" \/>\n\t<meta property=\"og:image:type\" content=\"image\/png\" \/>\n<meta name=\"author\" content=\"Director\" \/>\n<meta name=\"twitter:card\" content=\"summary_large_image\" \/>\n<meta name=\"twitter:creator\" content=\"@HOJASSUELTAS22\" \/>\n<meta name=\"twitter:site\" content=\"@HOJASSUELTAS22\" \/>\n<meta name=\"twitter:label1\" content=\"Escrito por\" \/>\n\t<meta name=\"twitter:data1\" content=\"Director\" \/>\n\t<meta name=\"twitter:label2\" content=\"Tiempo de lectura\" \/>\n\t<meta name=\"twitter:data2\" content=\"2 minutos\" \/>\n<script type=\"application\/ld+json\" class=\"yoast-schema-graph\">{\"@context\":\"https:\\\/\\\/schema.org\",\"@graph\":[{\"@type\":[\"Article\",\"BlogPosting\"],\"@id\":\"https:\\\/\\\/hojassueltas.es\\\/?p=22493#article\",\"isPartOf\":{\"@id\":\"https:\\\/\\\/hojassueltas.es\\\/?p=22493\"},\"author\":{\"name\":\"Director\",\"@id\":\"https:\\\/\\\/hojassueltas.es\\\/#\\\/schema\\\/person\\\/e4571af4c75b3d33cc950e6968a563ed\"},\"headline\":\"Volver a escribir el mundo\",\"datePublished\":\"2025-08-30T23:00:51+00:00\",\"dateModified\":\"2025-10-22T07:25:56+00:00\",\"mainEntityOfPage\":{\"@id\":\"https:\\\/\\\/hojassueltas.es\\\/?p=22493\"},\"wordCount\":381,\"commentCount\":0,\"publisher\":{\"@id\":\"https:\\\/\\\/hojassueltas.es\\\/#organization\"},\"articleSection\":[\"EDITORIAL\"],\"inLanguage\":\"es\",\"potentialAction\":[{\"@type\":\"CommentAction\",\"name\":\"Comment\",\"target\":[\"https:\\\/\\\/hojassueltas.es\\\/?p=22493#respond\"]}]},{\"@type\":\"WebPage\",\"@id\":\"https:\\\/\\\/hojassueltas.es\\\/?p=22493\",\"url\":\"https:\\\/\\\/hojassueltas.es\\\/?p=22493\",\"name\":\"Volver a escribir el mundo | EDITORIAL | HOJAS SUELTAS Peri\u00f3dico Cultural\",\"isPartOf\":{\"@id\":\"https:\\\/\\\/hojassueltas.es\\\/#website\"},\"datePublished\":\"2025-08-30T23:00:51+00:00\",\"dateModified\":\"2025-10-22T07:25:56+00:00\",\"description\":\"Editorial del director de Hojas Sueltas, anunciando la entrada y publicaciones en las cuatros nuevas secciones del peri\u00f3dico\",\"breadcrumb\":{\"@id\":\"https:\\\/\\\/hojassueltas.es\\\/?p=22493#breadcrumb\"},\"inLanguage\":\"es\",\"potentialAction\":[{\"@type\":\"ReadAction\",\"target\":[\"https:\\\/\\\/hojassueltas.es\\\/?p=22493\"]}]},{\"@type\":\"BreadcrumbList\",\"@id\":\"https:\\\/\\\/hojassueltas.es\\\/?p=22493#breadcrumb\",\"itemListElement\":[{\"@type\":\"ListItem\",\"position\":1,\"name\":\"Portada\",\"item\":\"https:\\\/\\\/hojassueltas.es\\\/\"},{\"@type\":\"ListItem\",\"position\":2,\"name\":\"Volver a escribir el mundo\"}]},{\"@type\":\"WebSite\",\"@id\":\"https:\\\/\\\/hojassueltas.es\\\/#website\",\"url\":\"https:\\\/\\\/hojassueltas.es\\\/\",\"name\":\"HojasSueltas.es\",\"description\":\"GRANADA - Peri\u00f3dico Cultural\",\"publisher\":{\"@id\":\"https:\\\/\\\/hojassueltas.es\\\/#organization\"},\"alternateName\":\"H.S. Periodico Cultural\",\"potentialAction\":[{\"@type\":\"SearchAction\",\"target\":{\"@type\":\"EntryPoint\",\"urlTemplate\":\"https:\\\/\\\/hojassueltas.es\\\/?s={search_term_string}\"},\"query-input\":{\"@type\":\"PropertyValueSpecification\",\"valueRequired\":true,\"valueName\":\"search_term_string\"}}],\"inLanguage\":\"es\"},{\"@type\":\"Organization\",\"@id\":\"https:\\\/\\\/hojassueltas.es\\\/#organization\",\"name\":\"HOJAS SUELTAS - Peri\u00f3dico Cultural\",\"alternateName\":\"HS - HOJAS SUELTAS Peri\u00f3dico Cultural\",\"url\":\"https:\\\/\\\/hojassueltas.es\\\/\",\"logo\":{\"@type\":\"ImageObject\",\"inLanguage\":\"es\",\"@id\":\"https:\\\/\\\/hojassueltas.es\\\/#\\\/schema\\\/logo\\\/image\\\/\",\"url\":\"https:\\\/\\\/hojassueltas.es\\\/wp-content\\\/uploads\\\/2025\\\/08\\\/Icono-HS_2.png\",\"contentUrl\":\"https:\\\/\\\/hojassueltas.es\\\/wp-content\\\/uploads\\\/2025\\\/08\\\/Icono-HS_2.png\",\"width\":500,\"height\":500,\"caption\":\"HOJAS SUELTAS - Peri\u00f3dico Cultural\"},\"image\":{\"@id\":\"https:\\\/\\\/hojassueltas.es\\\/#\\\/schema\\\/logo\\\/image\\\/\"},\"sameAs\":[\"https:\\\/\\\/x.com\\\/HOJASSUELTAS22\"]},{\"@type\":\"Person\",\"@id\":\"https:\\\/\\\/hojassueltas.es\\\/#\\\/schema\\\/person\\\/e4571af4c75b3d33cc950e6968a563ed\",\"name\":\"Director\",\"image\":{\"@type\":\"ImageObject\",\"inLanguage\":\"es\",\"@id\":\"https:\\\/\\\/hojassueltas.es\\\/wp-content\\\/uploads\\\/2025\\\/04\\\/Anxo_Paris--96x96.png\",\"url\":\"https:\\\/\\\/hojassueltas.es\\\/wp-content\\\/uploads\\\/2025\\\/04\\\/Anxo_Paris--96x96.png\",\"contentUrl\":\"https:\\\/\\\/hojassueltas.es\\\/wp-content\\\/uploads\\\/2025\\\/04\\\/Anxo_Paris--96x96.png\",\"caption\":\"Director\"},\"url\":\"https:\\\/\\\/hojassueltas.es\\\/?author=72\"}]}<\/script>\n<!-- \/ Yoast SEO plugin. -->","yoast_head_json":{"title":"Volver a escribir el mundo | EDITORIAL | HOJAS SUELTAS Peri\u00f3dico Cultural","description":"Editorial del director de Hojas Sueltas, anunciando la entrada y publicaciones en las cuatros nuevas secciones del peri\u00f3dico","robots":{"index":"index","follow":"follow","max-snippet":"max-snippet:-1","max-image-preview":"max-image-preview:large","max-video-preview":"max-video-preview:-1"},"canonical":"https:\/\/hojassueltas.es\/?p=22493","og_locale":"es_ES","og_type":"article","og_title":"Volver a escribir el mundo | EDITORIAL | HOJAS SUELTAS Peri\u00f3dico Cultural","og_description":"Editorial del director de Hojas Sueltas, anunciando la entrada y publicaciones en las cuatros nuevas secciones del peri\u00f3dico","og_url":"https:\/\/hojassueltas.es\/?p=22493","og_site_name":"HOJAS SUELTAS Peri\u00f3dico Cultural","article_published_time":"2025-08-30T23:00:51+00:00","article_modified_time":"2025-10-22T07:25:56+00:00","og_image":[{"width":485,"height":80,"url":"https:\/\/hojassueltas.es\/wp-content\/uploads\/2025\/09\/Hojas-Sueltas_Logo-III_trans.png","type":"image\/png"}],"author":"Director","twitter_card":"summary_large_image","twitter_creator":"@HOJASSUELTAS22","twitter_site":"@HOJASSUELTAS22","twitter_misc":{"Escrito por":"Director","Tiempo de lectura":"2 minutos"},"schema":{"@context":"https:\/\/schema.org","@graph":[{"@type":["Article","BlogPosting"],"@id":"https:\/\/hojassueltas.es\/?p=22493#article","isPartOf":{"@id":"https:\/\/hojassueltas.es\/?p=22493"},"author":{"name":"Director","@id":"https:\/\/hojassueltas.es\/#\/schema\/person\/e4571af4c75b3d33cc950e6968a563ed"},"headline":"Volver a escribir el mundo","datePublished":"2025-08-30T23:00:51+00:00","dateModified":"2025-10-22T07:25:56+00:00","mainEntityOfPage":{"@id":"https:\/\/hojassueltas.es\/?p=22493"},"wordCount":381,"commentCount":0,"publisher":{"@id":"https:\/\/hojassueltas.es\/#organization"},"articleSection":["EDITORIAL"],"inLanguage":"es","potentialAction":[{"@type":"CommentAction","name":"Comment","target":["https:\/\/hojassueltas.es\/?p=22493#respond"]}]},{"@type":"WebPage","@id":"https:\/\/hojassueltas.es\/?p=22493","url":"https:\/\/hojassueltas.es\/?p=22493","name":"Volver a escribir el mundo | EDITORIAL | HOJAS SUELTAS Peri\u00f3dico Cultural","isPartOf":{"@id":"https:\/\/hojassueltas.es\/#website"},"datePublished":"2025-08-30T23:00:51+00:00","dateModified":"2025-10-22T07:25:56+00:00","description":"Editorial del director de Hojas Sueltas, anunciando la entrada y publicaciones en las cuatros nuevas secciones del peri\u00f3dico","breadcrumb":{"@id":"https:\/\/hojassueltas.es\/?p=22493#breadcrumb"},"inLanguage":"es","potentialAction":[{"@type":"ReadAction","target":["https:\/\/hojassueltas.es\/?p=22493"]}]},{"@type":"BreadcrumbList","@id":"https:\/\/hojassueltas.es\/?p=22493#breadcrumb","itemListElement":[{"@type":"ListItem","position":1,"name":"Portada","item":"https:\/\/hojassueltas.es\/"},{"@type":"ListItem","position":2,"name":"Volver a escribir el mundo"}]},{"@type":"WebSite","@id":"https:\/\/hojassueltas.es\/#website","url":"https:\/\/hojassueltas.es\/","name":"HojasSueltas.es","description":"GRANADA - Peri\u00f3dico Cultural","publisher":{"@id":"https:\/\/hojassueltas.es\/#organization"},"alternateName":"H.S. Periodico Cultural","potentialAction":[{"@type":"SearchAction","target":{"@type":"EntryPoint","urlTemplate":"https:\/\/hojassueltas.es\/?s={search_term_string}"},"query-input":{"@type":"PropertyValueSpecification","valueRequired":true,"valueName":"search_term_string"}}],"inLanguage":"es"},{"@type":"Organization","@id":"https:\/\/hojassueltas.es\/#organization","name":"HOJAS SUELTAS - Peri\u00f3dico Cultural","alternateName":"HS - HOJAS SUELTAS Peri\u00f3dico Cultural","url":"https:\/\/hojassueltas.es\/","logo":{"@type":"ImageObject","inLanguage":"es","@id":"https:\/\/hojassueltas.es\/#\/schema\/logo\/image\/","url":"https:\/\/hojassueltas.es\/wp-content\/uploads\/2025\/08\/Icono-HS_2.png","contentUrl":"https:\/\/hojassueltas.es\/wp-content\/uploads\/2025\/08\/Icono-HS_2.png","width":500,"height":500,"caption":"HOJAS SUELTAS - Peri\u00f3dico Cultural"},"image":{"@id":"https:\/\/hojassueltas.es\/#\/schema\/logo\/image\/"},"sameAs":["https:\/\/x.com\/HOJASSUELTAS22"]},{"@type":"Person","@id":"https:\/\/hojassueltas.es\/#\/schema\/person\/e4571af4c75b3d33cc950e6968a563ed","name":"Director","image":{"@type":"ImageObject","inLanguage":"es","@id":"https:\/\/hojassueltas.es\/wp-content\/uploads\/2025\/04\/Anxo_Paris--96x96.png","url":"https:\/\/hojassueltas.es\/wp-content\/uploads\/2025\/04\/Anxo_Paris--96x96.png","contentUrl":"https:\/\/hojassueltas.es\/wp-content\/uploads\/2025\/04\/Anxo_Paris--96x96.png","caption":"Director"},"url":"https:\/\/hojassueltas.es\/?author=72"}]}},"_links":{"self":[{"href":"https:\/\/hojassueltas.es\/index.php?rest_route=\/wp\/v2\/posts\/22493","targetHints":{"allow":["GET"]}}],"collection":[{"href":"https:\/\/hojassueltas.es\/index.php?rest_route=\/wp\/v2\/posts"}],"about":[{"href":"https:\/\/hojassueltas.es\/index.php?rest_route=\/wp\/v2\/types\/post"}],"author":[{"embeddable":true,"href":"https:\/\/hojassueltas.es\/index.php?rest_route=\/wp\/v2\/users\/72"}],"replies":[{"embeddable":true,"href":"https:\/\/hojassueltas.es\/index.php?rest_route=%2Fwp%2Fv2%2Fcomments&post=22493"}],"version-history":[{"count":2,"href":"https:\/\/hojassueltas.es\/index.php?rest_route=\/wp\/v2\/posts\/22493\/revisions"}],"predecessor-version":[{"id":22773,"href":"https:\/\/hojassueltas.es\/index.php?rest_route=\/wp\/v2\/posts\/22493\/revisions\/22773"}],"wp:attachment":[{"href":"https:\/\/hojassueltas.es\/index.php?rest_route=%2Fwp%2Fv2%2Fmedia&parent=22493"}],"wp:term":[{"taxonomy":"category","embeddable":true,"href":"https:\/\/hojassueltas.es\/index.php?rest_route=%2Fwp%2Fv2%2Fcategories&post=22493"},{"taxonomy":"post_tag","embeddable":true,"href":"https:\/\/hojassueltas.es\/index.php?rest_route=%2Fwp%2Fv2%2Ftags&post=22493"}],"curies":[{"name":"wp","href":"https:\/\/api.w.org\/{rel}","templated":true}]}}