{"id":22455,"date":"2025-08-21T00:00:05","date_gmt":"2025-08-20T23:00:05","guid":{"rendered":"https:\/\/hojassueltas.es\/?p=22455"},"modified":"2025-09-19T10:09:03","modified_gmt":"2025-09-19T09:09:03","slug":"el-valor-de-la-dignidad-humana-en-la-sociedad-tecnologizada","status":"publish","type":"post","link":"https:\/\/hojassueltas.es\/?p=22455","title":{"rendered":"El valor de la dignidad humana en la actual sociedad digital"},"content":{"rendered":"<p><strong>Por VALENT\u00cdN CASTRO<\/strong><\/p>\n<p align=\"justify\"><span style=\"font-size: medium;\">En una \u00e9poca definida por la automatizaci\u00f3n de procesos, la omnipresencia de los algoritmos y la expansi\u00f3n de la inteligencia artificial, la pregunta sobre la dignidad humana cobra una nueva urgencia. \u00bfQu\u00e9 lugar ocupa el ser humano en una sociedad donde la identidad se configura cada vez m\u00e1s a trav\u00e9s de lo digital, y donde las decisiones se delegan a sistemas que escapan al control directo de sus usuarios?<\/span><\/p>\n<p align=\"justify\"><span style=\"font-size: medium;\">Frente al v\u00e9rtigo tecnol\u00f3gico, la dignidad \u2014ese principio \u00e9tico que reconoce a toda persona un valor intr\u00ednseco, irrenunciable e incondicionado\u2014 se convierte en un eje esencial para repensar la organizaci\u00f3n social, la cultura pol\u00edtica y los marcos normativos del presente. Este art\u00edculo traza un recorrido reflexivo sobre la tensi\u00f3n entre el desarrollo tecnol\u00f3gico y el respeto a la dignidad humana, abordando tanto las amenazas que se ciernen sobre ella como las posibilidades que ofrece una tecnolog\u00eda orientada hacia fines humanos.<\/span><\/p>\n<h2 class=\"western\" align=\"justify\"><span style=\"font-size: medium;\">I. Dignidad humana: genealog\u00eda de un principio<\/span><\/h2>\n<p align=\"justify\"><span style=\"font-size: medium;\">La dignidad humana, tal y como la entendemos hoy, es una construcci\u00f3n hist\u00f3rica cuyo significado se ha enriquecido a lo largo de los siglos. En la tradici\u00f3n cl\u00e1sica, Cicer\u00f3n vinculaba la <\/span><em><span style=\"font-size: medium;\">dignitas<\/span><\/em><span style=\"font-size: medium;\"> a la excelencia moral y al estatus social, entendida como el honor asociado a la vida p\u00fablica. M\u00e1s adelante, el cristianismo introdujo la idea de una dignidad ontol\u00f3gica, derivada del ser humano como imagen de Dios (G\u00e9nesis 1:27).<\/span><\/p>\n<p align=\"justify\"><span style=\"font-size: medium;\">Sin embargo, fue con la Ilustraci\u00f3n cuando la dignidad adquiri\u00f3 un contenido universal. Immanuel Kant (1785), en su <\/span><em><span style=\"font-size: medium;\">Fundamentaci\u00f3n de la metaf\u00edsica de las costumbres<\/span><\/em><span style=\"font-size: medium;\">, sosten\u00eda que la dignidad no es un valor relativo o de mercado (como el precio), sino una cualidad intr\u00ednseca al ser humano por su capacidad de autonom\u00eda moral y de legislarse a s\u00ed mismo. As\u00ed, \u201cactuar de tal modo que trates a la humanidad, tanto en tu persona como en la de cualquier otro, siempre como un fin y nunca solamente como un medio\u201d se convierte en el imperativo categ\u00f3rico que protege y garantiza esa dignidad.<\/span><\/p>\n<p align=\"justify\"><span style=\"font-size: medium;\">Este principio atraviesa las declaraciones de derechos humanos contempor\u00e1neas. El art\u00edculo 1 de la <\/span><em><span style=\"font-size: medium;\">Declaraci\u00f3n Universal de Derechos Humanos<\/span><\/em><span style=\"font-size: medium;\"> (1948) afirma: \u201cTodos los seres humanos nacen libres e iguales en dignidad y derechos\u201d. Y en la Constituci\u00f3n Espa\u00f1ola (1978), el art\u00edculo 10.1 la reconoce como fundamento del orden pol\u00edtico y de la paz social. La dignidad, por tanto, no es una abstracci\u00f3n moral, sino una norma fundacional del derecho positivo. <\/span><\/p>\n<h2 class=\"western\" align=\"justify\"><span style=\"font-size: medium;\">II. Riesgos para la dignidad en la era digital<\/span><\/h2>\n<p align=\"justify\"><span style=\"font-size: medium;\">En la actualidad, el desarrollo tecnol\u00f3gico plantea retos in\u00e9ditos para la dignidad humana. La automatizaci\u00f3n de procesos decisionales, el tratamiento masivo de datos y la creciente dependencia de sistemas algor\u00edtmicos introducen l\u00f3gicas que pueden erosionar los derechos fundamentales y deshumanizar las relaciones sociales.<\/span><\/p>\n<h3 class=\"western\" align=\"justify\"><span style=\"font-size: medium;\">1. Algoritmos y despersonalizaci\u00f3n<\/span><\/h3>\n<p align=\"justify\"><span style=\"font-size: medium;\">Un problema creciente es la <\/span><em><span style=\"font-size: medium;\">automatizaci\u00f3n opaca<\/span><\/em><span style=\"font-size: medium;\"> de decisiones que afectan directamente a las personas: contrataci\u00f3n laboral, evaluaci\u00f3n crediticia, vigilancia policial predictiva, acceso a ayudas sociales. En muchos casos, estas decisiones se delegan a algoritmos que operan sin transparencia, sin posibilidad de apelaci\u00f3n y con sesgos estructurales heredados de los datos con los que han sido entrenados (O\u2019Neil, 2016).<\/span><\/p>\n<p align=\"justify\"><span style=\"font-size: medium;\">As\u00ed, la persona se ve reducida a un conjunto de variables estad\u00edsticas, y su individualidad queda disuelta en patrones de comportamiento. Se rompe as\u00ed la exigencia de considerar al otro como sujeto, y se impone una l\u00f3gica funcionalista que contradice el principio kantiano de dignidad.<\/span><\/p>\n<h3 class=\"western\" align=\"justify\"><span style=\"font-size: medium;\">2. Vigilancia y control<\/span><\/h3>\n<p align=\"justify\"><span style=\"font-size: medium;\">El soci\u00f3logo Zygmunt Bauman advert\u00eda de que, en la era digital, el poder se ejerce no tanto por la represi\u00f3n directa, sino por la vigilancia continua, disfrazada de comodidad y personalizaci\u00f3n (Bauman y Lyon, 2013). Las grandes plataformas tecnol\u00f3gicas obtienen informaci\u00f3n sobre h\u00e1bitos, emociones y movimientos de sus usuarios, generando un \u201ccapital de vigilancia\u201d (Zuboff, 2019) que permite modelar conductas y monetizar la intimidad.<\/span><\/p>\n<p align=\"justify\"><span style=\"font-size: medium;\">Este proceso, adem\u00e1s de representar una amenaza para la privacidad, introduce una dimensi\u00f3n de <\/span><em><span style=\"font-size: medium;\">desposesi\u00f3n existencial<\/span><\/em><span style=\"font-size: medium;\">: cuando los datos de una persona \u2014su vida emocional, sus preferencias, su tiempo\u2014 se convierten en mercanc\u00eda, su dignidad se ve mercantilizada.<\/span><\/p>\n<h3 class=\"western\" align=\"justify\"><span style=\"font-size: medium;\">3. Exclusi\u00f3n y brechas digitales<\/span><\/h3>\n<p align=\"justify\"><span style=\"font-size: medium;\">Otro riesgo es el refuerzo de las desigualdades preexistentes mediante la tecnolog\u00eda. Aquellos que carecen de acceso a dispositivos o a competencias digitales b\u00e1sicas quedan excluidos de servicios esenciales. La llamada <\/span><em><span style=\"font-size: medium;\">brecha digital<\/span><\/em><span style=\"font-size: medium;\"> no es solo una cuesti\u00f3n de infraestructura, sino de justicia y reconocimiento.<\/span><\/p>\n<p align=\"justify\"><span style=\"font-size: medium;\">Como ha se\u00f1alado la fil\u00f3sofa Adela Cortina (2021), la exclusi\u00f3n de los m\u00e1s vulnerables se produce tambi\u00e9n en los planos simb\u00f3licos, culturales y digitales, perpetuando lo que denomina <\/span><em><span style=\"font-size: medium;\">aporofobia<\/span><\/em><span style=\"font-size: medium;\">: el rechazo al pobre. En este contexto, una sociedad que deja atr\u00e1s a quienes no pueden seguir el ritmo de la innovaci\u00f3n vulnera flagrantemente su dignidad.<\/span><\/p>\n<h2 class=\"western\" align=\"justify\"><span style=\"font-size: medium;\">III. Hacia una tecnolog\u00eda al servicio de la persona<\/span><\/h2>\n<p align=\"justify\"><span style=\"font-size: medium;\">Pero la relaci\u00f3n entre tecnolog\u00eda y dignidad no es necesariamente antag\u00f3nica. Tambi\u00e9n existen m\u00faltiples ejemplos de c\u00f3mo el desarrollo tecnol\u00f3gico puede fortalecer el respeto a la persona, ampliar derechos y mejorar las condiciones de vida.<\/span><\/p>\n<h3 class=\"western\" align=\"justify\"><span style=\"font-size: medium;\">1. Acceso, inclusi\u00f3n, autonom\u00eda<\/span><\/h3>\n<p align=\"justify\"><span style=\"font-size: medium;\">Las tecnolog\u00edas digitales han posibilitado avances extraordinarios en campos como la educaci\u00f3n, la sanidad o la accesibilidad. La posibilidad de conectarse a clases a distancia, el uso de aplicaciones para personas con diversidad funcional, o la mejora de los diagn\u00f3sticos m\u00e9dicos mediante inteligencia artificial, son ejemplos de c\u00f3mo la t\u00e9cnica puede ser un vector de inclusi\u00f3n y empoderamiento (Floridi, 2020).<\/span><\/p>\n<p align=\"justify\"><span style=\"font-size: medium;\">En estos casos, la dignidad se ve reforzada no solo por el acceso a servicios, sino por el reconocimiento de la autonom\u00eda de los sujetos, que pueden participar m\u00e1s activamente en su entorno.<\/span><\/p>\n<h3 class=\"western\" align=\"justify\"><span style=\"font-size: medium;\">2. Ciudadan\u00eda digital y activismo<\/span><\/h3>\n<p align=\"justify\"><span style=\"font-size: medium;\">Las plataformas digitales han abierto nuevos espacios para la reivindicaci\u00f3n de derechos y la participaci\u00f3n ciudadana. Desde campa\u00f1as feministas (#NiUnaMenos), pasando por denuncias de violencia policial, hasta movimientos por la justicia clim\u00e1tica, las redes han amplificado voces marginadas y promovido formas in\u00e9ditas de acci\u00f3n colectiva (Tufekci, 2017).<\/span><\/p>\n<p align=\"justify\"><span style=\"font-size: medium;\">Esta forma de ciudadan\u00eda digital, aunque no exenta de riesgos, permite que colectivos hist\u00f3ricamente invisibilizados accedan a la esfera p\u00fablica. Aqu\u00ed, la tecnolog\u00eda puede actuar como medio de reconocimiento, piedra angular de la dignidad en sociedades democr\u00e1ticas.<\/span><\/p>\n<h3 class=\"western\" align=\"justify\"><span style=\"font-size: medium;\">3. \u00c9tica del dise\u00f1o y responsabilidad<\/span><\/h3>\n<p align=\"justify\"><span style=\"font-size: medium;\">La clave est\u00e1 en c\u00f3mo se dise\u00f1an, implementan y regulan las tecnolog\u00edas. El enfoque del <\/span><em><span style=\"font-size: medium;\">dise\u00f1o centrado en la persona<\/span><\/em><span style=\"font-size: medium;\"> \u2014impulsado por autores como Luciano Floridi o Rafael Capurro\u2014 defiende que las innovaciones tecnol\u00f3gicas deben responder a criterios \u00e9ticos, garantizar la equidad y poner siempre a la persona en el centro.<\/span><\/p>\n<p align=\"justify\"><span style=\"font-size: medium;\">Esto requiere una gobernanza tecnol\u00f3gica democr\u00e1tica, transparente y sometida a control ciudadano. Requiere tambi\u00e9n una educaci\u00f3n digital cr\u00edtica, que forme a los usuarios como sujetos capaces de comprender y cuestionar los sistemas que utilizan.<\/span><\/p>\n<h2 class=\"western\" align=\"justify\"><span style=\"font-size: medium;\">IV. Cultura y dignidad: el papel de lo simb\u00f3lico<\/span><\/h2>\n<p align=\"justify\"><span style=\"font-size: medium;\">M\u00e1s all\u00e1 de las cuestiones t\u00e9cnicas y jur\u00eddicas, la defensa de la dignidad en la era tecnol\u00f3gica es tambi\u00e9n una tarea cultural. En un mundo que tiende a medirlo todo \u2014eficiencia, rendimiento, exposici\u00f3n\u2014, es urgente reivindicar aquello que no puede cuantificarse: el misterio de la vida, el dolor, el cuidado, la lentitud, la palabra.<\/span><\/p>\n<p align=\"justify\"><span style=\"font-size: medium;\">Autores como Byung-Chul Han (2014) alertan de una sociedad del rendimiento donde el sujeto se convierte en empresario de s\u00ed mismo, esclavo de la autoexplotaci\u00f3n. En <\/span><em><span style=\"font-size: medium;\">La sociedad de la transparencia<\/span><\/em><span style=\"font-size: medium;\">, Han denuncia la p\u00e9rdida de la interioridad, del silencio, del pudor, dimensiones esenciales para la dignidad. El otro ya no es un misterio, sino un perfil; no se le reconoce, se le escanea.<\/span><\/p>\n<p align=\"justify\"><span style=\"font-size: medium;\">En este contexto, la cultura \u2014literatura, arte, filosof\u00eda, pensamiento cr\u00edtico\u2014 desempe\u00f1a un papel esencial como espacio de resistencia. Pensadoras como <b>Marina Garc\u00e9s <\/b>o <b>Remedios Zafra<\/b> han insistido en la necesidad de reapropiarse del tiempo, del cuerpo y del lenguaje como actos pol\u00edticos. El derecho a la opacidad, a no ser optimizado, a no ser \u00fatil, forma parte tambi\u00e9n de la dignidad.<\/span><\/p>\n<h2 class=\"western\" align=\"justify\"><span style=\"font-size: medium;\">V. Conclusi\u00f3n: hacia una \u00e9tica tecnol\u00f3gica de la dignidad<\/span><\/h2>\n<p align=\"justify\"><span style=\"font-size: medium;\">La dignidad humana, entendida como valor absoluto e inviolable de cada persona, debe ser el principio rector del desarrollo tecnol\u00f3gico. No podemos permitir que el avance t\u00e9cnico justifique la deshumanizaci\u00f3n, la exclusi\u00f3n o la vigilancia sin l\u00edmites. Al contrario, debemos exigir que toda innovaci\u00f3n responda a una pregunta fundamental: \u00bfmejora esto la vida de las personas sin sacrificar su libertad, su privacidad, su singularidad?<\/span><\/p>\n<p align=\"justify\"><span style=\"font-size: medium;\">Defender la dignidad en tiempos de algoritmos no es un gesto nost\u00e1lgico, sino profundamente moderno. Significa asumir que la t\u00e9cnica, como toda creaci\u00f3n humana, debe estar sometida a la \u00e9tica, y no al rev\u00e9s. Significa rehumanizar la tecnolog\u00eda, y reconquistar el espacio de lo com\u00fan como lugar donde todos y todas podamos vivir, decidir y ser respetados como fines en nosotros mismos.<\/span><\/p>\n<h2 class=\"western\" align=\"justify\"><span style=\"font-size: medium;\">Referencias bibliogr\u00e1ficas<\/span><\/h2>\n<ul>\n<li>\n<p align=\"justify\"><span style=\"font-size: 10px;\">Bauman, Z., &amp; Lyon, D. (2013). <em>Vigilancia l\u00edquida: una conversaci\u00f3n<\/em>. Paid\u00f3s.<\/span><\/p>\n<\/li>\n<li>\n<p align=\"justify\"><span style=\"font-size: 10px;\">Capurro, R. (2008). <em>\u00c9tica intercultural de la informaci\u00f3n<\/em>. Anthropos.<\/span><\/p>\n<\/li>\n<li>\n<p align=\"justify\"><span style=\"font-size: 10px;\">Cortina, A. (2021). <em>\u00c9tica cosmopolita: una apuesta por la cordura en tiempos de pandemia<\/em>. Paid\u00f3s.<\/span><\/p>\n<\/li>\n<li>\n<p align=\"justify\"><span style=\"font-size: 10px;\">Floridi, L. (2020). <em>The logic of information: A theory of philosophy as conceptual design<\/em>. Oxford University Press.<\/span><\/p>\n<\/li>\n<li>\n<p align=\"justify\"><span style=\"font-size: 10px;\">Han, B.-C. (2014). <em>La sociedad de la transparencia<\/em>. Herder.<\/span><\/p>\n<\/li>\n<li>\n<p align=\"justify\"><span style=\"font-size: 10px;\">Kant, I. (1785). <em>Fundamentaci\u00f3n de la metaf\u00edsica de las costumbres<\/em>. (Edici\u00f3n moderna: Tecnos, 2007).<\/span><\/p>\n<\/li>\n<li>\n<p align=\"justify\"><span style=\"font-size: 10px;\">O&#8217;Neil, C. (2016). <em>Weapons of math destruction: How big data increases inequality and threatens democracy<\/em>. Crown Publishing.<\/span><\/p>\n<\/li>\n<li>\n<p align=\"justify\"><span style=\"font-size: 10px;\">Tufekci, Z. (2017). <em>Twitter and Tear Gas: The Power and Fragility of Networked Protest<\/em>. Yale University Press.<\/span><\/p>\n<\/li>\n<li>\n<p align=\"justify\"><span style=\"font-size: 10px;\">Zafra, R. (2017). <em>El entusiasmo. Precariedad y trabajo creativo en la era digital<\/em>. Anagrama.<\/span><\/p>\n<\/li>\n<li>\n<p align=\"justify\"><span style=\"font-size: 10px;\">Zuboff, S. (2019). <em>The Age of Surveillance Capitalism<\/em>. PublicAffairs.<\/span><\/p>\n<\/li>\n<\/ul>\n<p>&nbsp;<\/p>\n<p><strong>\u00a9 Valent\u00edn Castro. Agosto 2025. Todos los derechos reservados.<\/strong><\/p>\n","protected":false},"excerpt":{"rendered":"<p>Por VALENT\u00cdN CASTRO En una \u00e9poca definida por la automatizaci\u00f3n de procesos, la omnipresencia de los algoritmos y la expansi\u00f3n de la inteligencia artificial, la pregunta sobre la dignidad humana cobra una nueva urgencia. \u00bfQu\u00e9 lugar ocupa el ser humano en una sociedad donde la identidad se configura cada vez m\u00e1s a trav\u00e9s de lo [&hellip;]<\/p>\n","protected":false},"author":62,"featured_media":11972,"comment_status":"open","ping_status":"closed","sticky":false,"template":"","format":"standard","meta":{"footnotes":""},"categories":[2258],"tags":[],"class_list":{"0":"post-22455","1":"post","2":"type-post","3":"status-publish","4":"format-standard","5":"has-post-thumbnail","7":"category-lente-critica"},"yoast_head":"<!-- This site is optimized with the Yoast SEO plugin v27.5 - https:\/\/yoast.com\/product\/yoast-seo-wordpress\/ -->\n<title>El valor de la dignidad humana en la actual sociedad digital | LENTE CR\u00cdTICA | HOJAS SUELTAS Peri\u00f3dico Cultural<\/title>\n<meta name=\"description\" content=\"OPINI\u00d3N: En una \u00e9poca marcada por la automatizaci\u00f3n de procesos, la expansi\u00f3n de la inteligencia artificial y la consolidaci\u00f3n de entornos virtuales, la pregunta sobre la dignidad humana reaparece con una urgencia renovada\" \/>\n<meta name=\"robots\" content=\"index, follow, max-snippet:-1, max-image-preview:large, max-video-preview:-1\" \/>\n<link rel=\"canonical\" href=\"https:\/\/hojassueltas.es\/?p=22455\" \/>\n<meta property=\"og:locale\" content=\"es_ES\" \/>\n<meta property=\"og:type\" content=\"article\" \/>\n<meta property=\"og:title\" content=\"El valor de la dignidad humana en la actual sociedad digital | LENTE CR\u00cdTICA | HOJAS SUELTAS Peri\u00f3dico Cultural\" \/>\n<meta property=\"og:description\" content=\"OPINI\u00d3N: En una \u00e9poca marcada por la automatizaci\u00f3n de procesos, la expansi\u00f3n de la inteligencia artificial y la consolidaci\u00f3n de entornos virtuales, la pregunta sobre la dignidad humana reaparece con una urgencia renovada\" \/>\n<meta property=\"og:url\" content=\"https:\/\/hojassueltas.es\/?p=22455\" \/>\n<meta property=\"og:site_name\" content=\"HOJAS SUELTAS Peri\u00f3dico Cultural\" \/>\n<meta property=\"article:published_time\" content=\"2025-08-20T23:00:05+00:00\" \/>\n<meta property=\"article:modified_time\" content=\"2025-09-19T09:09:03+00:00\" \/>\n<meta property=\"og:image\" content=\"https:\/\/hojassueltas.es\/wp-content\/uploads\/2024\/05\/OPINION-HS-2.png\" \/>\n\t<meta property=\"og:image:width\" content=\"550\" \/>\n\t<meta property=\"og:image:height\" content=\"550\" \/>\n\t<meta property=\"og:image:type\" content=\"image\/png\" \/>\n<meta name=\"author\" content=\"Valent\u00edn Castro\" \/>\n<meta name=\"twitter:card\" content=\"summary_large_image\" \/>\n<meta name=\"twitter:creator\" content=\"@HOJASSUELTAS22\" \/>\n<meta name=\"twitter:site\" content=\"@HOJASSUELTAS22\" \/>\n<meta name=\"twitter:label1\" content=\"Escrito por\" \/>\n\t<meta name=\"twitter:data1\" content=\"Valent\u00edn Castro\" \/>\n\t<meta name=\"twitter:label2\" content=\"Tiempo de lectura\" \/>\n\t<meta name=\"twitter:data2\" content=\"8 minutos\" \/>\n<script type=\"application\/ld+json\" class=\"yoast-schema-graph\">{\"@context\":\"https:\\\/\\\/schema.org\",\"@graph\":[{\"@type\":[\"Article\",\"BlogPosting\"],\"@id\":\"https:\\\/\\\/hojassueltas.es\\\/?p=22455#article\",\"isPartOf\":{\"@id\":\"https:\\\/\\\/hojassueltas.es\\\/?p=22455\"},\"author\":{\"name\":\"Valent\u00edn Castro\",\"@id\":\"https:\\\/\\\/hojassueltas.es\\\/#\\\/schema\\\/person\\\/69b100dc9b45a00e61d055b63d4278e9\"},\"headline\":\"El valor de la dignidad humana en la actual sociedad digital\",\"datePublished\":\"2025-08-20T23:00:05+00:00\",\"dateModified\":\"2025-09-19T09:09:03+00:00\",\"mainEntityOfPage\":{\"@id\":\"https:\\\/\\\/hojassueltas.es\\\/?p=22455\"},\"wordCount\":1696,\"commentCount\":0,\"publisher\":{\"@id\":\"https:\\\/\\\/hojassueltas.es\\\/#organization\"},\"image\":{\"@id\":\"https:\\\/\\\/hojassueltas.es\\\/?p=22455#primaryimage\"},\"thumbnailUrl\":\"https:\\\/\\\/hojassueltas.es\\\/wp-content\\\/uploads\\\/2024\\\/05\\\/OPINION-HS-2.png\",\"articleSection\":[\"LENTE CR\u00cdTICA\"],\"inLanguage\":\"es\",\"potentialAction\":[{\"@type\":\"CommentAction\",\"name\":\"Comment\",\"target\":[\"https:\\\/\\\/hojassueltas.es\\\/?p=22455#respond\"]}]},{\"@type\":\"WebPage\",\"@id\":\"https:\\\/\\\/hojassueltas.es\\\/?p=22455\",\"url\":\"https:\\\/\\\/hojassueltas.es\\\/?p=22455\",\"name\":\"El valor de la dignidad humana en la actual sociedad digital | LENTE CR\u00cdTICA | HOJAS SUELTAS Peri\u00f3dico Cultural\",\"isPartOf\":{\"@id\":\"https:\\\/\\\/hojassueltas.es\\\/#website\"},\"primaryImageOfPage\":{\"@id\":\"https:\\\/\\\/hojassueltas.es\\\/?p=22455#primaryimage\"},\"image\":{\"@id\":\"https:\\\/\\\/hojassueltas.es\\\/?p=22455#primaryimage\"},\"thumbnailUrl\":\"https:\\\/\\\/hojassueltas.es\\\/wp-content\\\/uploads\\\/2024\\\/05\\\/OPINION-HS-2.png\",\"datePublished\":\"2025-08-20T23:00:05+00:00\",\"dateModified\":\"2025-09-19T09:09:03+00:00\",\"description\":\"OPINI\u00d3N: En una \u00e9poca marcada por la automatizaci\u00f3n de procesos, la expansi\u00f3n de la inteligencia artificial y la consolidaci\u00f3n de entornos virtuales, la pregunta sobre la dignidad humana reaparece con una urgencia renovada\",\"breadcrumb\":{\"@id\":\"https:\\\/\\\/hojassueltas.es\\\/?p=22455#breadcrumb\"},\"inLanguage\":\"es\",\"potentialAction\":[{\"@type\":\"ReadAction\",\"target\":[\"https:\\\/\\\/hojassueltas.es\\\/?p=22455\"]}]},{\"@type\":\"ImageObject\",\"inLanguage\":\"es\",\"@id\":\"https:\\\/\\\/hojassueltas.es\\\/?p=22455#primaryimage\",\"url\":\"https:\\\/\\\/hojassueltas.es\\\/wp-content\\\/uploads\\\/2024\\\/05\\\/OPINION-HS-2.png\",\"contentUrl\":\"https:\\\/\\\/hojassueltas.es\\\/wp-content\\\/uploads\\\/2024\\\/05\\\/OPINION-HS-2.png\",\"width\":550,\"height\":550},{\"@type\":\"BreadcrumbList\",\"@id\":\"https:\\\/\\\/hojassueltas.es\\\/?p=22455#breadcrumb\",\"itemListElement\":[{\"@type\":\"ListItem\",\"position\":1,\"name\":\"Portada\",\"item\":\"https:\\\/\\\/hojassueltas.es\\\/\"},{\"@type\":\"ListItem\",\"position\":2,\"name\":\"El valor de la dignidad humana en la actual sociedad digital\"}]},{\"@type\":\"WebSite\",\"@id\":\"https:\\\/\\\/hojassueltas.es\\\/#website\",\"url\":\"https:\\\/\\\/hojassueltas.es\\\/\",\"name\":\"HojasSueltas.es\",\"description\":\"GRANADA - Peri\u00f3dico Cultural\",\"publisher\":{\"@id\":\"https:\\\/\\\/hojassueltas.es\\\/#organization\"},\"alternateName\":\"H.S. Periodico Cultural\",\"potentialAction\":[{\"@type\":\"SearchAction\",\"target\":{\"@type\":\"EntryPoint\",\"urlTemplate\":\"https:\\\/\\\/hojassueltas.es\\\/?s={search_term_string}\"},\"query-input\":{\"@type\":\"PropertyValueSpecification\",\"valueRequired\":true,\"valueName\":\"search_term_string\"}}],\"inLanguage\":\"es\"},{\"@type\":\"Organization\",\"@id\":\"https:\\\/\\\/hojassueltas.es\\\/#organization\",\"name\":\"HOJAS SUELTAS - Peri\u00f3dico Cultural\",\"alternateName\":\"HS - HOJAS SUELTAS Peri\u00f3dico Cultural\",\"url\":\"https:\\\/\\\/hojassueltas.es\\\/\",\"logo\":{\"@type\":\"ImageObject\",\"inLanguage\":\"es\",\"@id\":\"https:\\\/\\\/hojassueltas.es\\\/#\\\/schema\\\/logo\\\/image\\\/\",\"url\":\"https:\\\/\\\/hojassueltas.es\\\/wp-content\\\/uploads\\\/2025\\\/08\\\/Icono-HS_2.png\",\"contentUrl\":\"https:\\\/\\\/hojassueltas.es\\\/wp-content\\\/uploads\\\/2025\\\/08\\\/Icono-HS_2.png\",\"width\":500,\"height\":500,\"caption\":\"HOJAS SUELTAS - Peri\u00f3dico Cultural\"},\"image\":{\"@id\":\"https:\\\/\\\/hojassueltas.es\\\/#\\\/schema\\\/logo\\\/image\\\/\"},\"sameAs\":[\"https:\\\/\\\/x.com\\\/HOJASSUELTAS22\"]},{\"@type\":\"Person\",\"@id\":\"https:\\\/\\\/hojassueltas.es\\\/#\\\/schema\\\/person\\\/69b100dc9b45a00e61d055b63d4278e9\",\"name\":\"Valent\u00edn Castro\",\"image\":{\"@type\":\"ImageObject\",\"inLanguage\":\"es\",\"@id\":\"https:\\\/\\\/hojassueltas.es\\\/wp-content\\\/uploads\\\/2025\\\/11\\\/Valentin-Castro-2025-96x96.png\",\"url\":\"https:\\\/\\\/hojassueltas.es\\\/wp-content\\\/uploads\\\/2025\\\/11\\\/Valentin-Castro-2025-96x96.png\",\"contentUrl\":\"https:\\\/\\\/hojassueltas.es\\\/wp-content\\\/uploads\\\/2025\\\/11\\\/Valentin-Castro-2025-96x96.png\",\"caption\":\"Valent\u00edn Castro\"},\"description\":\"Naci\u00f3 en una aldea de A Coru\u00f1a. Emigra con sus padres a M\u00e9jico. Licenciado en Comunicaci\u00f3n y Periodismo por la Universidad Nacional Aut\u00f3noma de M\u00e9xico. Licenciado en Geograf\u00eda e Historia por la Universidad Complutense de Madrid. Vive en Madrid, publica art\u00edculos y ensayos en diversos medios de comunicaci\u00f3n mejicanos y espa\u00f1oles bajo varios seud\u00f3nimos. Actualmente prepara una saga con personajes nacidos durante la ocupaci\u00f3n de M\u00e9xico por Hern\u00e1n Cort\u00e9s. Sus art\u00edculos y ensayos son efectistas, en ocasiones c\u00e1ustico, y muy cr\u00edtico. ES Redactor Jefe de Hojas Sueltas, dedicando su tiempo libre a escribir art\u00edculos con especial dedicaci\u00f3n a la literatura y la historia.\",\"url\":\"https:\\\/\\\/hojassueltas.es\\\/?author=62\"}]}<\/script>\n<!-- \/ Yoast SEO plugin. -->","yoast_head_json":{"title":"El valor de la dignidad humana en la actual sociedad digital | LENTE CR\u00cdTICA | HOJAS SUELTAS Peri\u00f3dico Cultural","description":"OPINI\u00d3N: En una \u00e9poca marcada por la automatizaci\u00f3n de procesos, la expansi\u00f3n de la inteligencia artificial y la consolidaci\u00f3n de entornos virtuales, la pregunta sobre la dignidad humana reaparece con una urgencia renovada","robots":{"index":"index","follow":"follow","max-snippet":"max-snippet:-1","max-image-preview":"max-image-preview:large","max-video-preview":"max-video-preview:-1"},"canonical":"https:\/\/hojassueltas.es\/?p=22455","og_locale":"es_ES","og_type":"article","og_title":"El valor de la dignidad humana en la actual sociedad digital | LENTE CR\u00cdTICA | HOJAS SUELTAS Peri\u00f3dico Cultural","og_description":"OPINI\u00d3N: En una \u00e9poca marcada por la automatizaci\u00f3n de procesos, la expansi\u00f3n de la inteligencia artificial y la consolidaci\u00f3n de entornos virtuales, la pregunta sobre la dignidad humana reaparece con una urgencia renovada","og_url":"https:\/\/hojassueltas.es\/?p=22455","og_site_name":"HOJAS SUELTAS Peri\u00f3dico Cultural","article_published_time":"2025-08-20T23:00:05+00:00","article_modified_time":"2025-09-19T09:09:03+00:00","og_image":[{"width":550,"height":550,"url":"https:\/\/hojassueltas.es\/wp-content\/uploads\/2024\/05\/OPINION-HS-2.png","type":"image\/png"}],"author":"Valent\u00edn Castro","twitter_card":"summary_large_image","twitter_creator":"@HOJASSUELTAS22","twitter_site":"@HOJASSUELTAS22","twitter_misc":{"Escrito por":"Valent\u00edn Castro","Tiempo de lectura":"8 minutos"},"schema":{"@context":"https:\/\/schema.org","@graph":[{"@type":["Article","BlogPosting"],"@id":"https:\/\/hojassueltas.es\/?p=22455#article","isPartOf":{"@id":"https:\/\/hojassueltas.es\/?p=22455"},"author":{"name":"Valent\u00edn Castro","@id":"https:\/\/hojassueltas.es\/#\/schema\/person\/69b100dc9b45a00e61d055b63d4278e9"},"headline":"El valor de la dignidad humana en la actual sociedad digital","datePublished":"2025-08-20T23:00:05+00:00","dateModified":"2025-09-19T09:09:03+00:00","mainEntityOfPage":{"@id":"https:\/\/hojassueltas.es\/?p=22455"},"wordCount":1696,"commentCount":0,"publisher":{"@id":"https:\/\/hojassueltas.es\/#organization"},"image":{"@id":"https:\/\/hojassueltas.es\/?p=22455#primaryimage"},"thumbnailUrl":"https:\/\/hojassueltas.es\/wp-content\/uploads\/2024\/05\/OPINION-HS-2.png","articleSection":["LENTE CR\u00cdTICA"],"inLanguage":"es","potentialAction":[{"@type":"CommentAction","name":"Comment","target":["https:\/\/hojassueltas.es\/?p=22455#respond"]}]},{"@type":"WebPage","@id":"https:\/\/hojassueltas.es\/?p=22455","url":"https:\/\/hojassueltas.es\/?p=22455","name":"El valor de la dignidad humana en la actual sociedad digital | LENTE CR\u00cdTICA | HOJAS SUELTAS Peri\u00f3dico Cultural","isPartOf":{"@id":"https:\/\/hojassueltas.es\/#website"},"primaryImageOfPage":{"@id":"https:\/\/hojassueltas.es\/?p=22455#primaryimage"},"image":{"@id":"https:\/\/hojassueltas.es\/?p=22455#primaryimage"},"thumbnailUrl":"https:\/\/hojassueltas.es\/wp-content\/uploads\/2024\/05\/OPINION-HS-2.png","datePublished":"2025-08-20T23:00:05+00:00","dateModified":"2025-09-19T09:09:03+00:00","description":"OPINI\u00d3N: En una \u00e9poca marcada por la automatizaci\u00f3n de procesos, la expansi\u00f3n de la inteligencia artificial y la consolidaci\u00f3n de entornos virtuales, la pregunta sobre la dignidad humana reaparece con una urgencia renovada","breadcrumb":{"@id":"https:\/\/hojassueltas.es\/?p=22455#breadcrumb"},"inLanguage":"es","potentialAction":[{"@type":"ReadAction","target":["https:\/\/hojassueltas.es\/?p=22455"]}]},{"@type":"ImageObject","inLanguage":"es","@id":"https:\/\/hojassueltas.es\/?p=22455#primaryimage","url":"https:\/\/hojassueltas.es\/wp-content\/uploads\/2024\/05\/OPINION-HS-2.png","contentUrl":"https:\/\/hojassueltas.es\/wp-content\/uploads\/2024\/05\/OPINION-HS-2.png","width":550,"height":550},{"@type":"BreadcrumbList","@id":"https:\/\/hojassueltas.es\/?p=22455#breadcrumb","itemListElement":[{"@type":"ListItem","position":1,"name":"Portada","item":"https:\/\/hojassueltas.es\/"},{"@type":"ListItem","position":2,"name":"El valor de la dignidad humana en la actual sociedad digital"}]},{"@type":"WebSite","@id":"https:\/\/hojassueltas.es\/#website","url":"https:\/\/hojassueltas.es\/","name":"HojasSueltas.es","description":"GRANADA - Peri\u00f3dico Cultural","publisher":{"@id":"https:\/\/hojassueltas.es\/#organization"},"alternateName":"H.S. Periodico Cultural","potentialAction":[{"@type":"SearchAction","target":{"@type":"EntryPoint","urlTemplate":"https:\/\/hojassueltas.es\/?s={search_term_string}"},"query-input":{"@type":"PropertyValueSpecification","valueRequired":true,"valueName":"search_term_string"}}],"inLanguage":"es"},{"@type":"Organization","@id":"https:\/\/hojassueltas.es\/#organization","name":"HOJAS SUELTAS - Peri\u00f3dico Cultural","alternateName":"HS - HOJAS SUELTAS Peri\u00f3dico Cultural","url":"https:\/\/hojassueltas.es\/","logo":{"@type":"ImageObject","inLanguage":"es","@id":"https:\/\/hojassueltas.es\/#\/schema\/logo\/image\/","url":"https:\/\/hojassueltas.es\/wp-content\/uploads\/2025\/08\/Icono-HS_2.png","contentUrl":"https:\/\/hojassueltas.es\/wp-content\/uploads\/2025\/08\/Icono-HS_2.png","width":500,"height":500,"caption":"HOJAS SUELTAS - Peri\u00f3dico Cultural"},"image":{"@id":"https:\/\/hojassueltas.es\/#\/schema\/logo\/image\/"},"sameAs":["https:\/\/x.com\/HOJASSUELTAS22"]},{"@type":"Person","@id":"https:\/\/hojassueltas.es\/#\/schema\/person\/69b100dc9b45a00e61d055b63d4278e9","name":"Valent\u00edn Castro","image":{"@type":"ImageObject","inLanguage":"es","@id":"https:\/\/hojassueltas.es\/wp-content\/uploads\/2025\/11\/Valentin-Castro-2025-96x96.png","url":"https:\/\/hojassueltas.es\/wp-content\/uploads\/2025\/11\/Valentin-Castro-2025-96x96.png","contentUrl":"https:\/\/hojassueltas.es\/wp-content\/uploads\/2025\/11\/Valentin-Castro-2025-96x96.png","caption":"Valent\u00edn Castro"},"description":"Naci\u00f3 en una aldea de A Coru\u00f1a. Emigra con sus padres a M\u00e9jico. Licenciado en Comunicaci\u00f3n y Periodismo por la Universidad Nacional Aut\u00f3noma de M\u00e9xico. Licenciado en Geograf\u00eda e Historia por la Universidad Complutense de Madrid. Vive en Madrid, publica art\u00edculos y ensayos en diversos medios de comunicaci\u00f3n mejicanos y espa\u00f1oles bajo varios seud\u00f3nimos. Actualmente prepara una saga con personajes nacidos durante la ocupaci\u00f3n de M\u00e9xico por Hern\u00e1n Cort\u00e9s. Sus art\u00edculos y ensayos son efectistas, en ocasiones c\u00e1ustico, y muy cr\u00edtico. ES Redactor Jefe de Hojas Sueltas, dedicando su tiempo libre a escribir art\u00edculos con especial dedicaci\u00f3n a la literatura y la historia.","url":"https:\/\/hojassueltas.es\/?author=62"}]}},"_links":{"self":[{"href":"https:\/\/hojassueltas.es\/index.php?rest_route=\/wp\/v2\/posts\/22455","targetHints":{"allow":["GET"]}}],"collection":[{"href":"https:\/\/hojassueltas.es\/index.php?rest_route=\/wp\/v2\/posts"}],"about":[{"href":"https:\/\/hojassueltas.es\/index.php?rest_route=\/wp\/v2\/types\/post"}],"author":[{"embeddable":true,"href":"https:\/\/hojassueltas.es\/index.php?rest_route=\/wp\/v2\/users\/62"}],"replies":[{"embeddable":true,"href":"https:\/\/hojassueltas.es\/index.php?rest_route=%2Fwp%2Fv2%2Fcomments&post=22455"}],"version-history":[{"count":3,"href":"https:\/\/hojassueltas.es\/index.php?rest_route=\/wp\/v2\/posts\/22455\/revisions"}],"predecessor-version":[{"id":22458,"href":"https:\/\/hojassueltas.es\/index.php?rest_route=\/wp\/v2\/posts\/22455\/revisions\/22458"}],"wp:featuredmedia":[{"embeddable":true,"href":"https:\/\/hojassueltas.es\/index.php?rest_route=\/wp\/v2\/media\/11972"}],"wp:attachment":[{"href":"https:\/\/hojassueltas.es\/index.php?rest_route=%2Fwp%2Fv2%2Fmedia&parent=22455"}],"wp:term":[{"taxonomy":"category","embeddable":true,"href":"https:\/\/hojassueltas.es\/index.php?rest_route=%2Fwp%2Fv2%2Fcategories&post=22455"},{"taxonomy":"post_tag","embeddable":true,"href":"https:\/\/hojassueltas.es\/index.php?rest_route=%2Fwp%2Fv2%2Ftags&post=22455"}],"curies":[{"name":"wp","href":"https:\/\/api.w.org\/{rel}","templated":true}]}}