{"id":21925,"date":"2025-08-07T00:00:14","date_gmt":"2025-08-06T23:00:14","guid":{"rendered":"https:\/\/hojassueltas.es\/?p=21925"},"modified":"2025-08-07T07:33:19","modified_gmt":"2025-08-07T06:33:19","slug":"21925","status":"publish","type":"post","link":"https:\/\/hojassueltas.es\/?p=21925","title":{"rendered":"El collar de Ikume"},"content":{"rendered":"<p lang=\"en-GB\" align=\"center\"><span style=\"font-family: Calibri, sans-serif;\"><span style=\"font-family: Times New Roman, serif;\"><span lang=\"es-ES\"><b>MITOS Y LEYENDAS DE LOS IK&#8217;HUE<\/b><\/span><\/span><\/span><\/p>\n<p lang=\"en-GB\" align=\"center\"><span style=\"font-family: Calibri, sans-serif;\"><span style=\"font-family: Times New Roman, serif;\"><span style=\"font-size: small;\"><span lang=\"es-ES\">Los presentes mitos y leyendas conforman el imaginario colectivo de la tribu de los <\/span><\/span><\/span><span style=\"font-family: Times New Roman, serif;\"><span style=\"font-size: small;\"><span lang=\"es-ES\"><i>Ik&#8217;hue<\/i><\/span><\/span><\/span><span style=\"font-family: Times New Roman, serif;\"><span style=\"font-size: small;\"><span lang=\"es-ES\">, una naci\u00f3n norteamericana de car\u00e1cter ficticio en la que se desarrolla la novela <\/span><\/span><\/span><span style=\"font-size: small;\"><span lang=\"es-ES\">\u00ab<\/span><\/span><span style=\"font-family: Times New Roman, serif;\"><span style=\"font-size: small;\"><span lang=\"es-ES\">Ik\u2019hue \u2013 Lazos de sangre<\/span><\/span><\/span><span style=\"font-size: small;\"><span lang=\"es-ES\">\u00bb<\/span><\/span><span style=\"font-family: Times New Roman, serif;\"><span style=\"font-size: small;\"><span lang=\"es-ES\"> (Verbum, 2024), obra del prol\u00edfico autor guipuzcoano I\u00f1aki Sainz de Murieta.<br \/>\n<\/span><\/span><\/span><\/span><span style=\"font-family: Calibri, sans-serif;\"><span style=\"color: #467886;\"><u><a href=\"http:\/\/www.sainzdemurieta.com\/\"><span style=\"font-family: Times New Roman, serif;\"><span style=\"font-size: small;\"><span lang=\"es-ES\">www.sainzdemurieta.com<\/span><\/span><\/span><\/a><\/u><\/span><span style=\"font-family: Times New Roman, serif;\"><span style=\"font-size: small;\"><span lang=\"es-ES\"> @imurieta<\/span><\/span><\/span><\/span><\/p>\n<p lang=\"en-GB\" align=\"center\"><span style=\"font-family: Calibri, sans-serif;\"><span style=\"font-family: Times New Roman, serif;\"><span lang=\"es-ES\"><b>EL COLLAR DE IKUME<\/b><\/span><\/span><\/span><\/p>\n<p align=\"justify\"><span style=\"font-family: verdana, geneva, sans-serif; font-size: 16px;\">Algunas lenguas dicen que, aunque todo el poblado se sent\u00eda bendecido por la presencia de Ikume y lo honraban de muchas maneras, este padec\u00eda su condici\u00f3n de h\u00e9roe.<\/span><\/p>\n<p align=\"justify\"><span style=\"font-family: verdana, geneva, sans-serif; font-size: 16px;\">Quiz\u00e1 por eso disfrutaba tanto del juego de los mocasines siendo un joven bravo, y ya no el ni\u00f1o esp\u00edritu que hab\u00eda crecido junto a su familia adoptiva. Aquella era una de esas competiciones en las que la suerte jugaba un papel fundamental y esto resultaba totalmente ajeno a sus cualidades. Perd\u00eda y ganaba como cualquier otro, lo que le causaba una gran excitaci\u00f3n. Pod\u00eda pasarse noches enteras apostando e incluso perder su libertad por unos d\u00edas, si el envite era lo suficientemente importante. Pero esto no le importaba en absoluto. Siempre cumpl\u00eda con la palabra dada. As\u00ed era como se entreten\u00eda, si no ten\u00eda nada mejor que hacer. Peor lo pasaban aquellos que perd\u00edan estas grandes apuestas, puesto que estaban obligados a cumplir con las tareas m\u00e1s complicadas y extra\u00f1as imaginables. Quiz\u00e1 por eso no eran muchos los que llegaban hasta el final. Pero eso a \u00e9l no le importaba. De igual modo que \u00e9l cumpl\u00eda con sus obligaciones, esperaba que los dem\u00e1s tambi\u00e9n lo hiciesen.<\/span><\/p>\n<p align=\"justify\"><span style=\"font-family: verdana, geneva, sans-serif; font-size: 16px;\">Durante un tiempo, se divirti\u00f3 exigiendo a sus contrincantes el hueso del pene de un oso. Quer\u00eda hacerse un collar que le sirviese de medicina. No era f\u00e1cil conseguirlo y eran muchas las penalidades que deb\u00edan padecer los que perdedores, salvo que encontrasen un ejemplar muerto y pudiesen hacerse con \u00e9l sin meterse en problemas. No sol\u00eda ser lo m\u00e1s com\u00fan y hubo m\u00e1s de un disgusto.<\/span><\/p>\n<p align=\"justify\"><span style=\"font-family: verdana, geneva, sans-serif; font-size: 16px;\">Con el tiempo, el collar adquiri\u00f3 una gran fama, hasta el punto de llegar a los o\u00eddos de otras tribus. La sola idea de conseguir una poderosa medicina de Ikume, se convirti\u00f3 en una obsesi\u00f3n para muchos, convirti\u00e9ndose en un objeto de oscuro deseo.<\/span><\/p>\n<p align=\"justify\"><span style=\"font-family: verdana, geneva, sans-serif; font-size: 16px;\">Lamentablemente, una noche lo perdi\u00f3 al jugar con un brujo que sab\u00eda leer el pensamiento de aquel que se sentaba frente a \u00e9l. Ikume ya lo sab\u00eda de antemano, pero quer\u00eda probarse a s\u00ed mismo. L\u00f3gicamente, perdi\u00f3 y se qued\u00f3 sin saber c\u00f3mo hab\u00eda conseguido este su poder. Esa hab\u00eda sido su apuesta. En cuanto el extranjero se puso el collar al cuello,\u00a0desapareci\u00f3 bajo la lluvia y no volvieron a saber de \u00e9l hasta mucho tiempo despu\u00e9s.<\/span><\/p>\n<p align=\"justify\"><span style=\"font-family: verdana, geneva, sans-serif; font-size: 16px;\">No fue este el \u00fanico objeto sagrado que cre\u00f3 el h\u00e9roe de los Ik&#8217;hue, ni tampoco el m\u00e1s recordado. De hecho,\u00a0despu\u00e9s de varias generaciones, algunas familias todav\u00eda tienen sin saldar su deuda; no es f\u00e1cil conseguir el esqueleto de una ballena. Otras s\u00ed que han sabido conservar su medicina, manteniendo as\u00ed una gran fama y renombre, pero no es menos cierto que tambi\u00e9n hubo aquellas que la perdieron y se sumieron en la pobreza m\u00e1s absoluta.<\/span><\/p>\n<p align=\"justify\"><span style=\"font-family: verdana, geneva, sans-serif; font-size: 16px;\">Pero, para Ikume, ganar y perder era lo m\u00e1s normal del mundo. Por eso no le dio jam\u00e1s importancia alguna, porque siempre supo que la palabra dada era la medida exacta de sus consecuencias. Por m\u00e1s que, con el paso del tiempo, aprendi\u00f3 a que no todos estaban dispuestos a hacerlo.<\/span><\/p>\n<p align=\"justify\"><strong>\u00a9\u00a0 <span lang=\"es-ES\">I\u00f1aki Sainz de Murieta.<\/span><\/strong><\/p>\n","protected":false},"excerpt":{"rendered":"<p>MITOS Y LEYENDAS DE LOS IK&#8217;HUE Los presentes mitos y leyendas conforman el imaginario colectivo de la tribu de los Ik&#8217;hue, una naci\u00f3n norteamericana de car\u00e1cter ficticio en la que se desarrolla la novela \u00abIk\u2019hue \u2013 Lazos de sangre\u00bb (Verbum, 2024), obra del prol\u00edfico autor guipuzcoano I\u00f1aki Sainz de Murieta. www.sainzdemurieta.com @imurieta EL COLLAR DE [&hellip;]<\/p>\n","protected":false},"author":83,"featured_media":21926,"comment_status":"open","ping_status":"closed","sticky":false,"template":"","format":"standard","meta":{"footnotes":""},"categories":[2101],"tags":[2073],"class_list":{"0":"post-21925","1":"post","2":"type-post","3":"status-publish","4":"format-standard","5":"has-post-thumbnail","7":"category-ikhue","8":"tag-inaki-sainz-de-murieta"},"yoast_head":"<!-- This site is optimized with the Yoast SEO plugin v27.5 - https:\/\/yoast.com\/product\/yoast-seo-wordpress\/ -->\n<title>El collar de Ikume | IK&#039;HUE | HOJAS SUELTAS Peri\u00f3dico Cultural<\/title>\n<meta name=\"description\" content=\"COLABORACIONES VERANIEGAS. Novela por entrega de I\u00f1aki Sainz de Murieta.\" \/>\n<meta name=\"robots\" content=\"index, follow, max-snippet:-1, max-image-preview:large, max-video-preview:-1\" \/>\n<link rel=\"canonical\" href=\"https:\/\/hojassueltas.es\/?p=21925\" \/>\n<meta property=\"og:locale\" content=\"es_ES\" \/>\n<meta property=\"og:type\" content=\"article\" \/>\n<meta property=\"og:title\" content=\"El collar de Ikume | IK&#039;HUE | HOJAS SUELTAS Peri\u00f3dico Cultural\" \/>\n<meta property=\"og:description\" content=\"COLABORACIONES VERANIEGAS. Novela por entrega de I\u00f1aki Sainz de Murieta.\" \/>\n<meta property=\"og:url\" content=\"https:\/\/hojassueltas.es\/?p=21925\" \/>\n<meta property=\"og:site_name\" content=\"HOJAS SUELTAS Peri\u00f3dico Cultural\" \/>\n<meta property=\"article:published_time\" content=\"2025-08-06T23:00:14+00:00\" \/>\n<meta property=\"article:modified_time\" content=\"2025-08-07T06:33:19+00:00\" \/>\n<meta property=\"og:image\" content=\"https:\/\/hojassueltas.es\/wp-content\/uploads\/2025\/08\/El-collar-de-Ikhume_H.S.png\" \/>\n\t<meta property=\"og:image:width\" content=\"1050\" \/>\n\t<meta property=\"og:image:height\" content=\"610\" \/>\n\t<meta property=\"og:image:type\" content=\"image\/png\" \/>\n<meta name=\"author\" content=\"I\u00f1aki Sainz de Murieta\" \/>\n<meta name=\"twitter:card\" content=\"summary_large_image\" \/>\n<meta name=\"twitter:creator\" content=\"@imurieta\" \/>\n<meta name=\"twitter:site\" content=\"@HOJASSUELTAS22\" \/>\n<meta name=\"twitter:label1\" content=\"Escrito por\" \/>\n\t<meta name=\"twitter:data1\" content=\"I\u00f1aki Sainz de Murieta\" \/>\n\t<meta name=\"twitter:label2\" content=\"Tiempo de lectura\" \/>\n\t<meta name=\"twitter:data2\" content=\"3 minutos\" \/>\n<script type=\"application\/ld+json\" class=\"yoast-schema-graph\">{\"@context\":\"https:\\\/\\\/schema.org\",\"@graph\":[{\"@type\":[\"Article\",\"BlogPosting\"],\"@id\":\"https:\\\/\\\/hojassueltas.es\\\/?p=21925#article\",\"isPartOf\":{\"@id\":\"https:\\\/\\\/hojassueltas.es\\\/?p=21925\"},\"author\":{\"name\":\"I\u00f1aki Sainz de Murieta\",\"@id\":\"https:\\\/\\\/hojassueltas.es\\\/#\\\/schema\\\/person\\\/b89017499a84a01cea76e50cd67be335\"},\"headline\":\"El collar de Ikume\",\"datePublished\":\"2025-08-06T23:00:14+00:00\",\"dateModified\":\"2025-08-07T06:33:19+00:00\",\"mainEntityOfPage\":{\"@id\":\"https:\\\/\\\/hojassueltas.es\\\/?p=21925\"},\"wordCount\":633,\"commentCount\":0,\"publisher\":{\"@id\":\"https:\\\/\\\/hojassueltas.es\\\/#organization\"},\"image\":{\"@id\":\"https:\\\/\\\/hojassueltas.es\\\/?p=21925#primaryimage\"},\"thumbnailUrl\":\"https:\\\/\\\/hojassueltas.es\\\/wp-content\\\/uploads\\\/2025\\\/08\\\/El-collar-de-Ikhume_H.S.png\",\"keywords\":[\"I\u00f1aki Sainz de Murieta\"],\"articleSection\":[\"IK'HUE\"],\"inLanguage\":\"es\",\"potentialAction\":[{\"@type\":\"CommentAction\",\"name\":\"Comment\",\"target\":[\"https:\\\/\\\/hojassueltas.es\\\/?p=21925#respond\"]}]},{\"@type\":\"WebPage\",\"@id\":\"https:\\\/\\\/hojassueltas.es\\\/?p=21925\",\"url\":\"https:\\\/\\\/hojassueltas.es\\\/?p=21925\",\"name\":\"El collar de Ikume | IK'HUE | HOJAS SUELTAS Peri\u00f3dico Cultural\",\"isPartOf\":{\"@id\":\"https:\\\/\\\/hojassueltas.es\\\/#website\"},\"primaryImageOfPage\":{\"@id\":\"https:\\\/\\\/hojassueltas.es\\\/?p=21925#primaryimage\"},\"image\":{\"@id\":\"https:\\\/\\\/hojassueltas.es\\\/?p=21925#primaryimage\"},\"thumbnailUrl\":\"https:\\\/\\\/hojassueltas.es\\\/wp-content\\\/uploads\\\/2025\\\/08\\\/El-collar-de-Ikhume_H.S.png\",\"datePublished\":\"2025-08-06T23:00:14+00:00\",\"dateModified\":\"2025-08-07T06:33:19+00:00\",\"description\":\"COLABORACIONES VERANIEGAS. Novela por entrega de I\u00f1aki Sainz de Murieta.\",\"breadcrumb\":{\"@id\":\"https:\\\/\\\/hojassueltas.es\\\/?p=21925#breadcrumb\"},\"inLanguage\":\"es\",\"potentialAction\":[{\"@type\":\"ReadAction\",\"target\":[\"https:\\\/\\\/hojassueltas.es\\\/?p=21925\"]}]},{\"@type\":\"ImageObject\",\"inLanguage\":\"es\",\"@id\":\"https:\\\/\\\/hojassueltas.es\\\/?p=21925#primaryimage\",\"url\":\"https:\\\/\\\/hojassueltas.es\\\/wp-content\\\/uploads\\\/2025\\\/08\\\/El-collar-de-Ikhume_H.S.png\",\"contentUrl\":\"https:\\\/\\\/hojassueltas.es\\\/wp-content\\\/uploads\\\/2025\\\/08\\\/El-collar-de-Ikhume_H.S.png\",\"width\":1050,\"height\":610},{\"@type\":\"BreadcrumbList\",\"@id\":\"https:\\\/\\\/hojassueltas.es\\\/?p=21925#breadcrumb\",\"itemListElement\":[{\"@type\":\"ListItem\",\"position\":1,\"name\":\"Portada\",\"item\":\"https:\\\/\\\/hojassueltas.es\\\/\"},{\"@type\":\"ListItem\",\"position\":2,\"name\":\"El collar de Ikume\"}]},{\"@type\":\"WebSite\",\"@id\":\"https:\\\/\\\/hojassueltas.es\\\/#website\",\"url\":\"https:\\\/\\\/hojassueltas.es\\\/\",\"name\":\"HojasSueltas.es\",\"description\":\"GRANADA - Peri\u00f3dico Cultural\",\"publisher\":{\"@id\":\"https:\\\/\\\/hojassueltas.es\\\/#organization\"},\"alternateName\":\"H.S. Periodico Cultural\",\"potentialAction\":[{\"@type\":\"SearchAction\",\"target\":{\"@type\":\"EntryPoint\",\"urlTemplate\":\"https:\\\/\\\/hojassueltas.es\\\/?s={search_term_string}\"},\"query-input\":{\"@type\":\"PropertyValueSpecification\",\"valueRequired\":true,\"valueName\":\"search_term_string\"}}],\"inLanguage\":\"es\"},{\"@type\":\"Organization\",\"@id\":\"https:\\\/\\\/hojassueltas.es\\\/#organization\",\"name\":\"HOJAS SUELTAS - Peri\u00f3dico Cultural\",\"alternateName\":\"HS - HOJAS SUELTAS Peri\u00f3dico Cultural\",\"url\":\"https:\\\/\\\/hojassueltas.es\\\/\",\"logo\":{\"@type\":\"ImageObject\",\"inLanguage\":\"es\",\"@id\":\"https:\\\/\\\/hojassueltas.es\\\/#\\\/schema\\\/logo\\\/image\\\/\",\"url\":\"https:\\\/\\\/hojassueltas.es\\\/wp-content\\\/uploads\\\/2025\\\/08\\\/Icono-HS_2.png\",\"contentUrl\":\"https:\\\/\\\/hojassueltas.es\\\/wp-content\\\/uploads\\\/2025\\\/08\\\/Icono-HS_2.png\",\"width\":500,\"height\":500,\"caption\":\"HOJAS SUELTAS - Peri\u00f3dico Cultural\"},\"image\":{\"@id\":\"https:\\\/\\\/hojassueltas.es\\\/#\\\/schema\\\/logo\\\/image\\\/\"},\"sameAs\":[\"https:\\\/\\\/x.com\\\/HOJASSUELTAS22\"]},{\"@type\":\"Person\",\"@id\":\"https:\\\/\\\/hojassueltas.es\\\/#\\\/schema\\\/person\\\/b89017499a84a01cea76e50cd67be335\",\"name\":\"I\u00f1aki Sainz de Murieta\",\"image\":{\"@type\":\"ImageObject\",\"inLanguage\":\"es\",\"@id\":\"https:\\\/\\\/hojassueltas.es\\\/wp-content\\\/uploads\\\/2024\\\/11\\\/Inaki-Sainz-de-Murieta-L-96x96.png\",\"url\":\"https:\\\/\\\/hojassueltas.es\\\/wp-content\\\/uploads\\\/2024\\\/11\\\/Inaki-Sainz-de-Murieta-L-96x96.png\",\"contentUrl\":\"https:\\\/\\\/hojassueltas.es\\\/wp-content\\\/uploads\\\/2024\\\/11\\\/Inaki-Sainz-de-Murieta-L-96x96.png\",\"caption\":\"I\u00f1aki Sainz de Murieta\"},\"description\":\"I\u00f1aki Sainz de Murieta (Donostia-San Sebasti\u00e1n, 1985) es un antrop\u00f3logo, escritor y guionista guipuzcoano de renombre. Cuenta con una profusa producci\u00f3n que figura en el cat\u00e1logo de editoriales de Espa\u00f1a, Argentina y Estados Unidos, siendo la narrativa, el ensayo y el c\u00f3mic los g\u00e9neros que m\u00e1s ha trabajado y por los que m\u00e1s se reconoce su obra. Especialmente reconocida es su colecci\u00f3n juvenil \u00abLas aventuras de Kanide\u00bb, que consta de siete t\u00edtulos hasta la fecha, sin olvidar el c\u00f3mic \u00abHern\u00e1n Cort\u00e9s. Oro p\u00f3lvora y acero\u00bb o la publicaci\u00f3n \u00abNarraciones y leyendas vascas\u00bb.\",\"sameAs\":[\"http:\\\/\\\/www.sainzdemurieta.com\",\"https:\\\/\\\/x.com\\\/imurieta\"],\"url\":\"https:\\\/\\\/hojassueltas.es\\\/?author=83\"}]}<\/script>\n<!-- \/ Yoast SEO plugin. -->","yoast_head_json":{"title":"El collar de Ikume | IK'HUE | HOJAS SUELTAS Peri\u00f3dico Cultural","description":"COLABORACIONES VERANIEGAS. Novela por entrega de I\u00f1aki Sainz de Murieta.","robots":{"index":"index","follow":"follow","max-snippet":"max-snippet:-1","max-image-preview":"max-image-preview:large","max-video-preview":"max-video-preview:-1"},"canonical":"https:\/\/hojassueltas.es\/?p=21925","og_locale":"es_ES","og_type":"article","og_title":"El collar de Ikume | IK'HUE | HOJAS SUELTAS Peri\u00f3dico Cultural","og_description":"COLABORACIONES VERANIEGAS. Novela por entrega de I\u00f1aki Sainz de Murieta.","og_url":"https:\/\/hojassueltas.es\/?p=21925","og_site_name":"HOJAS SUELTAS Peri\u00f3dico Cultural","article_published_time":"2025-08-06T23:00:14+00:00","article_modified_time":"2025-08-07T06:33:19+00:00","og_image":[{"width":1050,"height":610,"url":"https:\/\/hojassueltas.es\/wp-content\/uploads\/2025\/08\/El-collar-de-Ikhume_H.S.png","type":"image\/png"}],"author":"I\u00f1aki Sainz de Murieta","twitter_card":"summary_large_image","twitter_creator":"@imurieta","twitter_site":"@HOJASSUELTAS22","twitter_misc":{"Escrito por":"I\u00f1aki Sainz de Murieta","Tiempo de lectura":"3 minutos"},"schema":{"@context":"https:\/\/schema.org","@graph":[{"@type":["Article","BlogPosting"],"@id":"https:\/\/hojassueltas.es\/?p=21925#article","isPartOf":{"@id":"https:\/\/hojassueltas.es\/?p=21925"},"author":{"name":"I\u00f1aki Sainz de Murieta","@id":"https:\/\/hojassueltas.es\/#\/schema\/person\/b89017499a84a01cea76e50cd67be335"},"headline":"El collar de Ikume","datePublished":"2025-08-06T23:00:14+00:00","dateModified":"2025-08-07T06:33:19+00:00","mainEntityOfPage":{"@id":"https:\/\/hojassueltas.es\/?p=21925"},"wordCount":633,"commentCount":0,"publisher":{"@id":"https:\/\/hojassueltas.es\/#organization"},"image":{"@id":"https:\/\/hojassueltas.es\/?p=21925#primaryimage"},"thumbnailUrl":"https:\/\/hojassueltas.es\/wp-content\/uploads\/2025\/08\/El-collar-de-Ikhume_H.S.png","keywords":["I\u00f1aki Sainz de Murieta"],"articleSection":["IK'HUE"],"inLanguage":"es","potentialAction":[{"@type":"CommentAction","name":"Comment","target":["https:\/\/hojassueltas.es\/?p=21925#respond"]}]},{"@type":"WebPage","@id":"https:\/\/hojassueltas.es\/?p=21925","url":"https:\/\/hojassueltas.es\/?p=21925","name":"El collar de Ikume | IK'HUE | HOJAS SUELTAS Peri\u00f3dico Cultural","isPartOf":{"@id":"https:\/\/hojassueltas.es\/#website"},"primaryImageOfPage":{"@id":"https:\/\/hojassueltas.es\/?p=21925#primaryimage"},"image":{"@id":"https:\/\/hojassueltas.es\/?p=21925#primaryimage"},"thumbnailUrl":"https:\/\/hojassueltas.es\/wp-content\/uploads\/2025\/08\/El-collar-de-Ikhume_H.S.png","datePublished":"2025-08-06T23:00:14+00:00","dateModified":"2025-08-07T06:33:19+00:00","description":"COLABORACIONES VERANIEGAS. Novela por entrega de I\u00f1aki Sainz de Murieta.","breadcrumb":{"@id":"https:\/\/hojassueltas.es\/?p=21925#breadcrumb"},"inLanguage":"es","potentialAction":[{"@type":"ReadAction","target":["https:\/\/hojassueltas.es\/?p=21925"]}]},{"@type":"ImageObject","inLanguage":"es","@id":"https:\/\/hojassueltas.es\/?p=21925#primaryimage","url":"https:\/\/hojassueltas.es\/wp-content\/uploads\/2025\/08\/El-collar-de-Ikhume_H.S.png","contentUrl":"https:\/\/hojassueltas.es\/wp-content\/uploads\/2025\/08\/El-collar-de-Ikhume_H.S.png","width":1050,"height":610},{"@type":"BreadcrumbList","@id":"https:\/\/hojassueltas.es\/?p=21925#breadcrumb","itemListElement":[{"@type":"ListItem","position":1,"name":"Portada","item":"https:\/\/hojassueltas.es\/"},{"@type":"ListItem","position":2,"name":"El collar de Ikume"}]},{"@type":"WebSite","@id":"https:\/\/hojassueltas.es\/#website","url":"https:\/\/hojassueltas.es\/","name":"HojasSueltas.es","description":"GRANADA - Peri\u00f3dico Cultural","publisher":{"@id":"https:\/\/hojassueltas.es\/#organization"},"alternateName":"H.S. Periodico Cultural","potentialAction":[{"@type":"SearchAction","target":{"@type":"EntryPoint","urlTemplate":"https:\/\/hojassueltas.es\/?s={search_term_string}"},"query-input":{"@type":"PropertyValueSpecification","valueRequired":true,"valueName":"search_term_string"}}],"inLanguage":"es"},{"@type":"Organization","@id":"https:\/\/hojassueltas.es\/#organization","name":"HOJAS SUELTAS - Peri\u00f3dico Cultural","alternateName":"HS - HOJAS SUELTAS Peri\u00f3dico Cultural","url":"https:\/\/hojassueltas.es\/","logo":{"@type":"ImageObject","inLanguage":"es","@id":"https:\/\/hojassueltas.es\/#\/schema\/logo\/image\/","url":"https:\/\/hojassueltas.es\/wp-content\/uploads\/2025\/08\/Icono-HS_2.png","contentUrl":"https:\/\/hojassueltas.es\/wp-content\/uploads\/2025\/08\/Icono-HS_2.png","width":500,"height":500,"caption":"HOJAS SUELTAS - Peri\u00f3dico Cultural"},"image":{"@id":"https:\/\/hojassueltas.es\/#\/schema\/logo\/image\/"},"sameAs":["https:\/\/x.com\/HOJASSUELTAS22"]},{"@type":"Person","@id":"https:\/\/hojassueltas.es\/#\/schema\/person\/b89017499a84a01cea76e50cd67be335","name":"I\u00f1aki Sainz de Murieta","image":{"@type":"ImageObject","inLanguage":"es","@id":"https:\/\/hojassueltas.es\/wp-content\/uploads\/2024\/11\/Inaki-Sainz-de-Murieta-L-96x96.png","url":"https:\/\/hojassueltas.es\/wp-content\/uploads\/2024\/11\/Inaki-Sainz-de-Murieta-L-96x96.png","contentUrl":"https:\/\/hojassueltas.es\/wp-content\/uploads\/2024\/11\/Inaki-Sainz-de-Murieta-L-96x96.png","caption":"I\u00f1aki Sainz de Murieta"},"description":"I\u00f1aki Sainz de Murieta (Donostia-San Sebasti\u00e1n, 1985) es un antrop\u00f3logo, escritor y guionista guipuzcoano de renombre. Cuenta con una profusa producci\u00f3n que figura en el cat\u00e1logo de editoriales de Espa\u00f1a, Argentina y Estados Unidos, siendo la narrativa, el ensayo y el c\u00f3mic los g\u00e9neros que m\u00e1s ha trabajado y por los que m\u00e1s se reconoce su obra. Especialmente reconocida es su colecci\u00f3n juvenil \u00abLas aventuras de Kanide\u00bb, que consta de siete t\u00edtulos hasta la fecha, sin olvidar el c\u00f3mic \u00abHern\u00e1n Cort\u00e9s. Oro p\u00f3lvora y acero\u00bb o la publicaci\u00f3n \u00abNarraciones y leyendas vascas\u00bb.","sameAs":["http:\/\/www.sainzdemurieta.com","https:\/\/x.com\/imurieta"],"url":"https:\/\/hojassueltas.es\/?author=83"}]}},"_links":{"self":[{"href":"https:\/\/hojassueltas.es\/index.php?rest_route=\/wp\/v2\/posts\/21925","targetHints":{"allow":["GET"]}}],"collection":[{"href":"https:\/\/hojassueltas.es\/index.php?rest_route=\/wp\/v2\/posts"}],"about":[{"href":"https:\/\/hojassueltas.es\/index.php?rest_route=\/wp\/v2\/types\/post"}],"author":[{"embeddable":true,"href":"https:\/\/hojassueltas.es\/index.php?rest_route=\/wp\/v2\/users\/83"}],"replies":[{"embeddable":true,"href":"https:\/\/hojassueltas.es\/index.php?rest_route=%2Fwp%2Fv2%2Fcomments&post=21925"}],"version-history":[{"count":2,"href":"https:\/\/hojassueltas.es\/index.php?rest_route=\/wp\/v2\/posts\/21925\/revisions"}],"predecessor-version":[{"id":21928,"href":"https:\/\/hojassueltas.es\/index.php?rest_route=\/wp\/v2\/posts\/21925\/revisions\/21928"}],"wp:featuredmedia":[{"embeddable":true,"href":"https:\/\/hojassueltas.es\/index.php?rest_route=\/wp\/v2\/media\/21926"}],"wp:attachment":[{"href":"https:\/\/hojassueltas.es\/index.php?rest_route=%2Fwp%2Fv2%2Fmedia&parent=21925"}],"wp:term":[{"taxonomy":"category","embeddable":true,"href":"https:\/\/hojassueltas.es\/index.php?rest_route=%2Fwp%2Fv2%2Fcategories&post=21925"},{"taxonomy":"post_tag","embeddable":true,"href":"https:\/\/hojassueltas.es\/index.php?rest_route=%2Fwp%2Fv2%2Ftags&post=21925"}],"curies":[{"name":"wp","href":"https:\/\/api.w.org\/{rel}","templated":true}]}}