{"id":21782,"date":"2025-07-29T00:00:10","date_gmt":"2025-07-28T23:00:10","guid":{"rendered":"https:\/\/hojassueltas.es\/?p=21782"},"modified":"2025-09-01T11:52:13","modified_gmt":"2025-09-01T10:52:13","slug":"el-temblor-de-las-piedras","status":"publish","type":"post","link":"https:\/\/hojassueltas.es\/?p=21782","title":{"rendered":"El temblor de las piedras"},"content":{"rendered":"<p>Estreno de <em data-start=\"80\" data-end=\"107\">El temblor de las piedras<\/em>, de <strong data-start=\"112\" data-end=\"132\">Alberto Conejero<\/strong>, dirigida por <strong data-start=\"147\" data-end=\"164\">Luc\u00eda Miranda<\/strong>, actualmente en cartel en el <strong data-start=\"194\" data-end=\"212\">Teatro Espa\u00f1ol<\/strong> de Madrid.<\/p>\n<h3 data-start=\"566\" data-end=\"604\">Sinopsis y estructura dram\u00e1tica<\/h3>\n<p style=\"text-align: justify;\" data-start=\"606\" data-end=\"1027\"><em data-start=\"606\" data-end=\"633\">El temblor de las piedras<\/em> es la nueva obra del dramaturgo y poeta <strong data-start=\"674\" data-end=\"694\">Alberto Conejero<\/strong>, Premio Nacional de Literatura Dram\u00e1tica 2019 y autor de t\u00edtulos como <em data-start=\"765\" data-end=\"783\">La piedra oscura<\/em>, <em data-start=\"785\" data-end=\"807\">Los d\u00edas de la nieve<\/em> o <em data-start=\"810\" data-end=\"822\">Tebas Land<\/em> (versi\u00f3n). En esta ocasi\u00f3n, Conejero presenta un texto profundamente <strong data-start=\"892\" data-end=\"909\">introspectivo<\/strong>, que se adentra en los estratos emocionales de una familia marcada por una p\u00e9rdida colectiva no del todo verbalizada.<\/p>\n<p style=\"text-align: justify;\" data-start=\"1029\" data-end=\"1558\">La obra gira en torno a tres personajes \u2014una madre, un hijo adulto y una amiga de la familia\u2014 que se re\u00fanen en una casa en ruinas tras un se\u00edsmo que ha sacudido un pueblo del sur de Espa\u00f1a. Lo que aparentemente es un reencuentro forzado por una cat\u00e1strofe natural se convierte en una <strong data-start=\"1313\" data-end=\"1337\">excavaci\u00f3n emocional<\/strong>, donde los silencios, los gestos y las grietas del pasado afloran entre los escombros. El \u201ctemblor\u201d del t\u00edtulo remite no solo al sismo f\u00edsico, sino tambi\u00e9n al temblor \u00edntimo, emocional, po\u00e9tico, que recorre toda la obra.<\/p>\n<h3 style=\"text-align: justify;\" data-start=\"1565\" data-end=\"1602\">Direcci\u00f3n y propuesta esc\u00e9nica<\/h3>\n<p style=\"text-align: justify;\" data-start=\"1604\" data-end=\"1997\">La puesta en escena, firmada por <strong data-start=\"1637\" data-end=\"1654\">Luc\u00eda Miranda<\/strong>, directora de escena y pedagoga teatral con fuerte compromiso social, opta por una est\u00e9tica <strong data-start=\"1747\" data-end=\"1778\">contenida, casi minimalista<\/strong>, que acent\u00faa el peso de la palabra y la respiraci\u00f3n de los cuerpos. El espacio esc\u00e9nico, obra de <strong data-start=\"1876\" data-end=\"1896\">M\u00f3nica Boromello<\/strong>, sugiere una casa semi derruida en la que los personajes se mueven entre ruinas reales y simb\u00f3licas.<\/p>\n<p style=\"text-align: justify;\" data-start=\"1999\" data-end=\"2364\">La direcci\u00f3n apuesta por el <strong data-start=\"2027\" data-end=\"2051\">teatro de la escucha<\/strong>: la acci\u00f3n no est\u00e1 en lo que sucede, sino en lo que se recuerda, lo que se calla y lo que se pronuncia por primera vez. Miranda acierta al situar la obra en un registro \u00edntimo, sin grandilocuencias, dejando que el lenguaje de Conejero \u2014de gran densidad l\u00edrica pero siempre inteligible\u2014 respire y ocupe el centro.<\/p>\n<h3 style=\"text-align: justify;\" data-start=\"2371\" data-end=\"2392\">Estilo y temas<\/h3>\n<p style=\"text-align: justify;\" data-start=\"2394\" data-end=\"2707\"><em data-start=\"2394\" data-end=\"2421\">El temblor de las piedras<\/em> consolida a Conejero como un <strong data-start=\"2451\" data-end=\"2483\">autor del duelo y la memoria<\/strong>, pero esta vez desde una perspectiva menos hist\u00f3rica y m\u00e1s familiar. El texto explora c\u00f3mo la <strong data-start=\"2578\" data-end=\"2651\">p\u00e9rdida, la herencia emocional y la imposibilidad de cerrar el pasado<\/strong> afectan al presente y moldean las relaciones afectivas.<\/p>\n<p style=\"text-align: justify;\" data-start=\"2709\" data-end=\"3080\">El lenguaje, como es habitual en el autor, oscila entre el verso contenido y la prosa po\u00e9tica, con momentos de gran intensidad l\u00edrica. A diferencia de <em data-start=\"2860\" data-end=\"2878\">La piedra oscura<\/em>, donde la dimensi\u00f3n pol\u00edtica era expl\u00edcita, aqu\u00ed Conejero se adentra en un <strong data-start=\"2954\" data-end=\"2978\">simbolismo dom\u00e9stico<\/strong> que remite m\u00e1s a la literatura del silencio, con ecos de Lorca, Mar\u00eda Zambrano o Maurice Maeterlinck.<\/p>\n<h3 style=\"text-align: justify;\" data-start=\"3087\" data-end=\"3112\">Valoraci\u00f3n inicial<\/h3>\n<p style=\"text-align: justify;\" data-start=\"3114\" data-end=\"3468\">La cr\u00edtica especializada (<em data-start=\"3140\" data-end=\"3153\">El Cultural<\/em>, <em data-start=\"3155\" data-end=\"3162\">Artez<\/em>, <em data-start=\"3164\" data-end=\"3185\">La Voz de la Escena<\/em>) ha subrayado la <strong data-start=\"3203\" data-end=\"3236\">madurez estil\u00edstica del texto<\/strong> y la direcci\u00f3n medida de Luc\u00eda Miranda, que encuentra el equilibrio justo entre lo emotivo y lo sutil. Se valora especialmente la <strong data-start=\"3367\" data-end=\"3390\">solidez del reparto<\/strong>, encabezado por <strong data-start=\"3407\" data-end=\"3428\">Cecilia Solaguren<\/strong>, <strong data-start=\"3430\" data-end=\"3449\">\u00cd\u00f1igo Rodr\u00edguez<\/strong> y <strong data-start=\"3452\" data-end=\"3467\">Elena Seijo<\/strong>.<\/p>\n<p style=\"text-align: justify;\" data-start=\"3470\" data-end=\"3674\">La obra se inscribe con fuerza en la l\u00ednea de producciones del Teatro Espa\u00f1ol que apuestan por una dramaturgia contempor\u00e1nea, con <strong data-start=\"3600\" data-end=\"3673\">arraigo po\u00e9tico, compromiso emocional y una est\u00e9tica de la contenci\u00f3n<\/strong>.<\/p>\n<p>Redacci\u00f3n.<\/p>\n<hr data-start=\"3676\" data-end=\"3679\" \/>\n","protected":false},"excerpt":{"rendered":"<p>Estreno de El temblor de las piedras, de Alberto Conejero, dirigida por Luc\u00eda Miranda, actualmente en cartel en el Teatro Espa\u00f1ol de Madrid. Sinopsis y estructura dram\u00e1tica El temblor de las piedras es la nueva obra del dramaturgo y poeta Alberto Conejero, Premio Nacional de Literatura Dram\u00e1tica 2019 y autor de t\u00edtulos como La piedra [&hellip;]<\/p>\n","protected":false},"author":1,"featured_media":21655,"comment_status":"open","ping_status":"closed","sticky":false,"template":"","format":"standard","meta":{"footnotes":""},"categories":[2616],"tags":[2540],"class_list":{"0":"post-21782","1":"post","2":"type-post","3":"status-publish","4":"format-standard","5":"has-post-thumbnail","7":"category-artes-escenicas","8":"tag-alberto-conejero"},"yoast_head":"<!-- This site is optimized with the Yoast SEO plugin v27.5 - https:\/\/yoast.com\/product\/yoast-seo-wordpress\/ -->\n<title>El temblor de las piedras | HOJAS SUELTAS Peri\u00f3dico Cultural<\/title>\n<meta name=\"description\" content=\"PANORAMA CULTURAL. Teatro = Estreno de El temblor de las piedras, de Alberto Conejero, dirigida por Luc\u00eda Miranda, actualmente en cartel en el Teatro Espa\u00f1ol de Madrid.\" \/>\n<meta name=\"robots\" content=\"index, follow, max-snippet:-1, max-image-preview:large, max-video-preview:-1\" \/>\n<link rel=\"canonical\" href=\"https:\/\/hojassueltas.es\/?p=21782\" \/>\n<meta property=\"og:locale\" content=\"es_ES\" \/>\n<meta property=\"og:type\" content=\"article\" \/>\n<meta property=\"og:title\" content=\"El temblor de las piedras | HOJAS SUELTAS Peri\u00f3dico Cultural\" \/>\n<meta property=\"og:description\" content=\"PANORAMA CULTURAL. Teatro = Estreno de El temblor de las piedras, de Alberto Conejero, dirigida por Luc\u00eda Miranda, actualmente en cartel en el Teatro Espa\u00f1ol de Madrid.\" \/>\n<meta property=\"og:url\" content=\"https:\/\/hojassueltas.es\/?p=21782\" \/>\n<meta property=\"og:site_name\" content=\"HOJAS SUELTAS Peri\u00f3dico Cultural\" \/>\n<meta property=\"article:published_time\" content=\"2025-07-28T23:00:10+00:00\" \/>\n<meta property=\"article:modified_time\" content=\"2025-09-01T10:52:13+00:00\" \/>\n<meta property=\"og:image\" content=\"https:\/\/hojassueltas.es\/wp-content\/uploads\/2025\/07\/Panorama-Cultural_-H.S.png\" \/>\n\t<meta property=\"og:image:width\" content=\"1050\" \/>\n\t<meta property=\"og:image:height\" content=\"610\" \/>\n\t<meta property=\"og:image:type\" content=\"image\/png\" \/>\n<meta name=\"author\" content=\"Redacci\u00f3n\" \/>\n<meta name=\"twitter:card\" content=\"summary_large_image\" \/>\n<meta name=\"twitter:creator\" content=\"@HOJASSUELTAS22\" \/>\n<meta name=\"twitter:site\" content=\"@HOJASSUELTAS22\" \/>\n<meta name=\"twitter:label1\" content=\"Escrito por\" \/>\n\t<meta name=\"twitter:data1\" content=\"Redacci\u00f3n\" \/>\n\t<meta name=\"twitter:label2\" content=\"Tiempo de lectura\" \/>\n\t<meta name=\"twitter:data2\" content=\"3 minutos\" \/>\n<script type=\"application\/ld+json\" class=\"yoast-schema-graph\">{\"@context\":\"https:\\\/\\\/schema.org\",\"@graph\":[{\"@type\":[\"Article\",\"BlogPosting\"],\"@id\":\"https:\\\/\\\/hojassueltas.es\\\/?p=21782#article\",\"isPartOf\":{\"@id\":\"https:\\\/\\\/hojassueltas.es\\\/?p=21782\"},\"author\":{\"name\":\"Redacci\u00f3n\",\"@id\":\"https:\\\/\\\/hojassueltas.es\\\/#\\\/schema\\\/person\\\/f232bbdb834c61c90aff2245daa401c0\"},\"headline\":\"El temblor de las piedras\",\"datePublished\":\"2025-07-28T23:00:10+00:00\",\"dateModified\":\"2025-09-01T10:52:13+00:00\",\"mainEntityOfPage\":{\"@id\":\"https:\\\/\\\/hojassueltas.es\\\/?p=21782\"},\"wordCount\":575,\"commentCount\":0,\"publisher\":{\"@id\":\"https:\\\/\\\/hojassueltas.es\\\/#organization\"},\"image\":{\"@id\":\"https:\\\/\\\/hojassueltas.es\\\/?p=21782#primaryimage\"},\"thumbnailUrl\":\"https:\\\/\\\/hojassueltas.es\\\/wp-content\\\/uploads\\\/2025\\\/07\\\/Panorama-Cultural_-H.S.png\",\"keywords\":[\"Alberto Conejero\"],\"articleSection\":[\"Artes esc\u00e9nicas\"],\"inLanguage\":\"es\",\"potentialAction\":[{\"@type\":\"CommentAction\",\"name\":\"Comment\",\"target\":[\"https:\\\/\\\/hojassueltas.es\\\/?p=21782#respond\"]}]},{\"@type\":\"WebPage\",\"@id\":\"https:\\\/\\\/hojassueltas.es\\\/?p=21782\",\"url\":\"https:\\\/\\\/hojassueltas.es\\\/?p=21782\",\"name\":\"El temblor de las piedras | HOJAS SUELTAS Peri\u00f3dico Cultural\",\"isPartOf\":{\"@id\":\"https:\\\/\\\/hojassueltas.es\\\/#website\"},\"primaryImageOfPage\":{\"@id\":\"https:\\\/\\\/hojassueltas.es\\\/?p=21782#primaryimage\"},\"image\":{\"@id\":\"https:\\\/\\\/hojassueltas.es\\\/?p=21782#primaryimage\"},\"thumbnailUrl\":\"https:\\\/\\\/hojassueltas.es\\\/wp-content\\\/uploads\\\/2025\\\/07\\\/Panorama-Cultural_-H.S.png\",\"datePublished\":\"2025-07-28T23:00:10+00:00\",\"dateModified\":\"2025-09-01T10:52:13+00:00\",\"description\":\"PANORAMA CULTURAL. Teatro = Estreno de El temblor de las piedras, de Alberto Conejero, dirigida por Luc\u00eda Miranda, actualmente en cartel en el Teatro Espa\u00f1ol de Madrid.\",\"breadcrumb\":{\"@id\":\"https:\\\/\\\/hojassueltas.es\\\/?p=21782#breadcrumb\"},\"inLanguage\":\"es\",\"potentialAction\":[{\"@type\":\"ReadAction\",\"target\":[\"https:\\\/\\\/hojassueltas.es\\\/?p=21782\"]}]},{\"@type\":\"ImageObject\",\"inLanguage\":\"es\",\"@id\":\"https:\\\/\\\/hojassueltas.es\\\/?p=21782#primaryimage\",\"url\":\"https:\\\/\\\/hojassueltas.es\\\/wp-content\\\/uploads\\\/2025\\\/07\\\/Panorama-Cultural_-H.S.png\",\"contentUrl\":\"https:\\\/\\\/hojassueltas.es\\\/wp-content\\\/uploads\\\/2025\\\/07\\\/Panorama-Cultural_-H.S.png\",\"width\":1050,\"height\":610},{\"@type\":\"BreadcrumbList\",\"@id\":\"https:\\\/\\\/hojassueltas.es\\\/?p=21782#breadcrumb\",\"itemListElement\":[{\"@type\":\"ListItem\",\"position\":1,\"name\":\"Portada\",\"item\":\"https:\\\/\\\/hojassueltas.es\\\/\"},{\"@type\":\"ListItem\",\"position\":2,\"name\":\"El temblor de las piedras\"}]},{\"@type\":\"WebSite\",\"@id\":\"https:\\\/\\\/hojassueltas.es\\\/#website\",\"url\":\"https:\\\/\\\/hojassueltas.es\\\/\",\"name\":\"HojasSueltas.es\",\"description\":\"GRANADA - Peri\u00f3dico Cultural\",\"publisher\":{\"@id\":\"https:\\\/\\\/hojassueltas.es\\\/#organization\"},\"alternateName\":\"H.S. Periodico Cultural\",\"potentialAction\":[{\"@type\":\"SearchAction\",\"target\":{\"@type\":\"EntryPoint\",\"urlTemplate\":\"https:\\\/\\\/hojassueltas.es\\\/?s={search_term_string}\"},\"query-input\":{\"@type\":\"PropertyValueSpecification\",\"valueRequired\":true,\"valueName\":\"search_term_string\"}}],\"inLanguage\":\"es\"},{\"@type\":\"Organization\",\"@id\":\"https:\\\/\\\/hojassueltas.es\\\/#organization\",\"name\":\"HOJAS SUELTAS - Peri\u00f3dico Cultural\",\"alternateName\":\"HS - HOJAS SUELTAS Peri\u00f3dico Cultural\",\"url\":\"https:\\\/\\\/hojassueltas.es\\\/\",\"logo\":{\"@type\":\"ImageObject\",\"inLanguage\":\"es\",\"@id\":\"https:\\\/\\\/hojassueltas.es\\\/#\\\/schema\\\/logo\\\/image\\\/\",\"url\":\"https:\\\/\\\/hojassueltas.es\\\/wp-content\\\/uploads\\\/2025\\\/08\\\/Icono-HS_2.png\",\"contentUrl\":\"https:\\\/\\\/hojassueltas.es\\\/wp-content\\\/uploads\\\/2025\\\/08\\\/Icono-HS_2.png\",\"width\":500,\"height\":500,\"caption\":\"HOJAS SUELTAS - Peri\u00f3dico Cultural\"},\"image\":{\"@id\":\"https:\\\/\\\/hojassueltas.es\\\/#\\\/schema\\\/logo\\\/image\\\/\"},\"sameAs\":[\"https:\\\/\\\/x.com\\\/HOJASSUELTAS22\"]},{\"@type\":\"Person\",\"@id\":\"https:\\\/\\\/hojassueltas.es\\\/#\\\/schema\\\/person\\\/f232bbdb834c61c90aff2245daa401c0\",\"name\":\"Redacci\u00f3n\",\"image\":{\"@type\":\"ImageObject\",\"inLanguage\":\"es\",\"@id\":\"https:\\\/\\\/hojassueltas.es\\\/wp-content\\\/uploads\\\/2026\\\/02\\\/Redaccion-2-96x96.png\",\"url\":\"https:\\\/\\\/hojassueltas.es\\\/wp-content\\\/uploads\\\/2026\\\/02\\\/Redaccion-2-96x96.png\",\"contentUrl\":\"https:\\\/\\\/hojassueltas.es\\\/wp-content\\\/uploads\\\/2026\\\/02\\\/Redaccion-2-96x96.png\",\"caption\":\"Redacci\u00f3n\"},\"description\":\"Redacci\u00f3n de HOJAS SUELTAS\",\"url\":\"https:\\\/\\\/hojassueltas.es\\\/?author=1\"}]}<\/script>\n<!-- \/ Yoast SEO plugin. -->","yoast_head_json":{"title":"El temblor de las piedras | HOJAS SUELTAS Peri\u00f3dico Cultural","description":"PANORAMA CULTURAL. Teatro = Estreno de El temblor de las piedras, de Alberto Conejero, dirigida por Luc\u00eda Miranda, actualmente en cartel en el Teatro Espa\u00f1ol de Madrid.","robots":{"index":"index","follow":"follow","max-snippet":"max-snippet:-1","max-image-preview":"max-image-preview:large","max-video-preview":"max-video-preview:-1"},"canonical":"https:\/\/hojassueltas.es\/?p=21782","og_locale":"es_ES","og_type":"article","og_title":"El temblor de las piedras | HOJAS SUELTAS Peri\u00f3dico Cultural","og_description":"PANORAMA CULTURAL. Teatro = Estreno de El temblor de las piedras, de Alberto Conejero, dirigida por Luc\u00eda Miranda, actualmente en cartel en el Teatro Espa\u00f1ol de Madrid.","og_url":"https:\/\/hojassueltas.es\/?p=21782","og_site_name":"HOJAS SUELTAS Peri\u00f3dico Cultural","article_published_time":"2025-07-28T23:00:10+00:00","article_modified_time":"2025-09-01T10:52:13+00:00","og_image":[{"width":1050,"height":610,"url":"https:\/\/hojassueltas.es\/wp-content\/uploads\/2025\/07\/Panorama-Cultural_-H.S.png","type":"image\/png"}],"author":"Redacci\u00f3n","twitter_card":"summary_large_image","twitter_creator":"@HOJASSUELTAS22","twitter_site":"@HOJASSUELTAS22","twitter_misc":{"Escrito por":"Redacci\u00f3n","Tiempo de lectura":"3 minutos"},"schema":{"@context":"https:\/\/schema.org","@graph":[{"@type":["Article","BlogPosting"],"@id":"https:\/\/hojassueltas.es\/?p=21782#article","isPartOf":{"@id":"https:\/\/hojassueltas.es\/?p=21782"},"author":{"name":"Redacci\u00f3n","@id":"https:\/\/hojassueltas.es\/#\/schema\/person\/f232bbdb834c61c90aff2245daa401c0"},"headline":"El temblor de las piedras","datePublished":"2025-07-28T23:00:10+00:00","dateModified":"2025-09-01T10:52:13+00:00","mainEntityOfPage":{"@id":"https:\/\/hojassueltas.es\/?p=21782"},"wordCount":575,"commentCount":0,"publisher":{"@id":"https:\/\/hojassueltas.es\/#organization"},"image":{"@id":"https:\/\/hojassueltas.es\/?p=21782#primaryimage"},"thumbnailUrl":"https:\/\/hojassueltas.es\/wp-content\/uploads\/2025\/07\/Panorama-Cultural_-H.S.png","keywords":["Alberto Conejero"],"articleSection":["Artes esc\u00e9nicas"],"inLanguage":"es","potentialAction":[{"@type":"CommentAction","name":"Comment","target":["https:\/\/hojassueltas.es\/?p=21782#respond"]}]},{"@type":"WebPage","@id":"https:\/\/hojassueltas.es\/?p=21782","url":"https:\/\/hojassueltas.es\/?p=21782","name":"El temblor de las piedras | HOJAS SUELTAS Peri\u00f3dico Cultural","isPartOf":{"@id":"https:\/\/hojassueltas.es\/#website"},"primaryImageOfPage":{"@id":"https:\/\/hojassueltas.es\/?p=21782#primaryimage"},"image":{"@id":"https:\/\/hojassueltas.es\/?p=21782#primaryimage"},"thumbnailUrl":"https:\/\/hojassueltas.es\/wp-content\/uploads\/2025\/07\/Panorama-Cultural_-H.S.png","datePublished":"2025-07-28T23:00:10+00:00","dateModified":"2025-09-01T10:52:13+00:00","description":"PANORAMA CULTURAL. Teatro = Estreno de El temblor de las piedras, de Alberto Conejero, dirigida por Luc\u00eda Miranda, actualmente en cartel en el Teatro Espa\u00f1ol de Madrid.","breadcrumb":{"@id":"https:\/\/hojassueltas.es\/?p=21782#breadcrumb"},"inLanguage":"es","potentialAction":[{"@type":"ReadAction","target":["https:\/\/hojassueltas.es\/?p=21782"]}]},{"@type":"ImageObject","inLanguage":"es","@id":"https:\/\/hojassueltas.es\/?p=21782#primaryimage","url":"https:\/\/hojassueltas.es\/wp-content\/uploads\/2025\/07\/Panorama-Cultural_-H.S.png","contentUrl":"https:\/\/hojassueltas.es\/wp-content\/uploads\/2025\/07\/Panorama-Cultural_-H.S.png","width":1050,"height":610},{"@type":"BreadcrumbList","@id":"https:\/\/hojassueltas.es\/?p=21782#breadcrumb","itemListElement":[{"@type":"ListItem","position":1,"name":"Portada","item":"https:\/\/hojassueltas.es\/"},{"@type":"ListItem","position":2,"name":"El temblor de las piedras"}]},{"@type":"WebSite","@id":"https:\/\/hojassueltas.es\/#website","url":"https:\/\/hojassueltas.es\/","name":"HojasSueltas.es","description":"GRANADA - Peri\u00f3dico Cultural","publisher":{"@id":"https:\/\/hojassueltas.es\/#organization"},"alternateName":"H.S. Periodico Cultural","potentialAction":[{"@type":"SearchAction","target":{"@type":"EntryPoint","urlTemplate":"https:\/\/hojassueltas.es\/?s={search_term_string}"},"query-input":{"@type":"PropertyValueSpecification","valueRequired":true,"valueName":"search_term_string"}}],"inLanguage":"es"},{"@type":"Organization","@id":"https:\/\/hojassueltas.es\/#organization","name":"HOJAS SUELTAS - Peri\u00f3dico Cultural","alternateName":"HS - HOJAS SUELTAS Peri\u00f3dico Cultural","url":"https:\/\/hojassueltas.es\/","logo":{"@type":"ImageObject","inLanguage":"es","@id":"https:\/\/hojassueltas.es\/#\/schema\/logo\/image\/","url":"https:\/\/hojassueltas.es\/wp-content\/uploads\/2025\/08\/Icono-HS_2.png","contentUrl":"https:\/\/hojassueltas.es\/wp-content\/uploads\/2025\/08\/Icono-HS_2.png","width":500,"height":500,"caption":"HOJAS SUELTAS - Peri\u00f3dico Cultural"},"image":{"@id":"https:\/\/hojassueltas.es\/#\/schema\/logo\/image\/"},"sameAs":["https:\/\/x.com\/HOJASSUELTAS22"]},{"@type":"Person","@id":"https:\/\/hojassueltas.es\/#\/schema\/person\/f232bbdb834c61c90aff2245daa401c0","name":"Redacci\u00f3n","image":{"@type":"ImageObject","inLanguage":"es","@id":"https:\/\/hojassueltas.es\/wp-content\/uploads\/2026\/02\/Redaccion-2-96x96.png","url":"https:\/\/hojassueltas.es\/wp-content\/uploads\/2026\/02\/Redaccion-2-96x96.png","contentUrl":"https:\/\/hojassueltas.es\/wp-content\/uploads\/2026\/02\/Redaccion-2-96x96.png","caption":"Redacci\u00f3n"},"description":"Redacci\u00f3n de HOJAS SUELTAS","url":"https:\/\/hojassueltas.es\/?author=1"}]}},"_links":{"self":[{"href":"https:\/\/hojassueltas.es\/index.php?rest_route=\/wp\/v2\/posts\/21782","targetHints":{"allow":["GET"]}}],"collection":[{"href":"https:\/\/hojassueltas.es\/index.php?rest_route=\/wp\/v2\/posts"}],"about":[{"href":"https:\/\/hojassueltas.es\/index.php?rest_route=\/wp\/v2\/types\/post"}],"author":[{"embeddable":true,"href":"https:\/\/hojassueltas.es\/index.php?rest_route=\/wp\/v2\/users\/1"}],"replies":[{"embeddable":true,"href":"https:\/\/hojassueltas.es\/index.php?rest_route=%2Fwp%2Fv2%2Fcomments&post=21782"}],"version-history":[{"count":1,"href":"https:\/\/hojassueltas.es\/index.php?rest_route=\/wp\/v2\/posts\/21782\/revisions"}],"predecessor-version":[{"id":21783,"href":"https:\/\/hojassueltas.es\/index.php?rest_route=\/wp\/v2\/posts\/21782\/revisions\/21783"}],"wp:featuredmedia":[{"embeddable":true,"href":"https:\/\/hojassueltas.es\/index.php?rest_route=\/wp\/v2\/media\/21655"}],"wp:attachment":[{"href":"https:\/\/hojassueltas.es\/index.php?rest_route=%2Fwp%2Fv2%2Fmedia&parent=21782"}],"wp:term":[{"taxonomy":"category","embeddable":true,"href":"https:\/\/hojassueltas.es\/index.php?rest_route=%2Fwp%2Fv2%2Fcategories&post=21782"},{"taxonomy":"post_tag","embeddable":true,"href":"https:\/\/hojassueltas.es\/index.php?rest_route=%2Fwp%2Fv2%2Ftags&post=21782"}],"curies":[{"name":"wp","href":"https:\/\/api.w.org\/{rel}","templated":true}]}}