{"id":21720,"date":"2025-07-27T00:00:09","date_gmt":"2025-07-26T23:00:09","guid":{"rendered":"https:\/\/hojassueltas.es\/?p=21720"},"modified":"2026-02-14T13:02:06","modified_gmt":"2026-02-14T11:02:06","slug":"el-adversario-emmanuel-carrere","status":"publish","type":"post","link":"https:\/\/hojassueltas.es\/?p=21720","title":{"rendered":"El adversario &#8211; Emmanuel Carr\u00e8re"},"content":{"rendered":"<h3 class=\"western\" align=\"justify\"><span style=\"font-size: large;\">Sinopsis <\/span><\/h3>\n<p align=\"justify\"><em><span style=\"font-size: large;\">El adversario<\/span><\/em><span style=\"font-size: large;\"> (2000) reconstruye un caso criminal que estremeci\u00f3 a la sociedad francesa en 1993: Jean-Claude Romand, un hombre que durante a\u00f1os fingi\u00f3 ser m\u00e9dico ante su familia y amigos, asesin\u00f3 a su esposa, sus hijos y sus padres al borde de que su impostura fuera descubierta. Emmanuel Carr\u00e8re parte de este suceso ver\u00eddico para elaborar una narraci\u00f3n que no se limita al relato policial o period\u00edstico, sino que se transforma en una profunda investigaci\u00f3n literaria sobre el mal, la autoenga\u00f1o y la fragilidad del yo. Con una prosa contenida y honesta, el autor se pregunta c\u00f3mo alguien puede vivir dos d\u00e9cadas sosteniendo una mentira absoluta, y qu\u00e9 lleva a traspasar el umbral del crimen.<\/span><\/p>\n<h3 class=\"western\" align=\"justify\"><span style=\"font-size: large;\">An\u00e1lisis de la obra<\/span><\/h3>\n<p align=\"justify\"><span style=\"font-size: large;\">La obra se organiza en una estructura lineal, aunque est\u00e1 puntuada por retrocesos temporales, reconstrucciones y meditaciones del propio autor. El libro, que apenas supera las doscientas p\u00e1ginas, se presenta como una narraci\u00f3n progresiva que, desde los hechos conocidos, se va adentrando con parsimonia y respeto en la vida de Romand. Carr\u00e8re se abstiene de recrear el morbo o los detalles escabrosos: en cambio, opta por una cronolog\u00eda sobria, que alterna el relato factual con las reflexiones del narrador sobre su implicaci\u00f3n en la historia. Esta alternancia confiere a la obra un ritmo peculiar, entre la pesquisa y el examen moral.<\/span><\/p>\n<p align=\"justify\"><span style=\"font-size: large;\">El uso de cap\u00edtulos breves y transiciones suaves permite al lector avanzar casi sin darse cuenta, atrapado no tanto por el suspense, que es m\u00ednimo \u2014pues se conocen los hechos desde el principio\u2014, sino por la inquietud que suscita el intento de comprender lo incomprensible.<\/span><\/p>\n<p align=\"justify\"><span style=\"font-size: large;\">En el centro de la obra se halla Jean-Claude Romand, figura real convertida en personaje literario. Carr\u00e8re evita presentarlo como un monstruo; m\u00e1s bien lo retrata como un hombre opaco, banal, casi invisible, que parece haber vivido no tanto una doble vida como una no-vida. El autor se esfuerza en retratarlo desde una perspectiva de comprensi\u00f3n, no de justificaci\u00f3n, y logra, con pericia, que el lector oscile entre el rechazo visceral y una especie de piedad desconcertante.<\/span><\/p>\n<p align=\"justify\"><span style=\"font-size: large;\">Los personajes secundarios \u2014la familia asesinada, los amigos, los vecinos\u2014 est\u00e1n delineados de manera tangencial, como lo estuvieron en la vida de Romand. El vac\u00edo que deja su ausencia es a\u00fan m\u00e1s brutal por esa econom\u00eda de trazos. Destaca tambi\u00e9n el propio Carr\u00e8re como figura impl\u00edcita: su presencia como narrador es discreta pero fundamental, y su lucha \u00e9tica ante la escritura de este libro es uno de los temas latentes del texto.<\/span><\/p>\n<p align=\"justify\"><span style=\"font-size: large;\">Carr\u00e8re escribe en primera persona, aunque no adopta el papel de protagonista. M\u00e1s bien es un narrador testigo que reflexiona desde la duda, el desconcierto y el escr\u00fapulo. Su estilo es directo, limpio, sin adornos, pero capaz de contener una carga emocional y moral formidable. El texto reh\u00faye tanto el efectismo como la moralina; no hay lecciones ni revelaciones espectaculares. Lo que hay es un lenguaje afinado para rodear, sin simplificar, el misterio del crimen y del hombre que lo cometi\u00f3.<\/span><\/p>\n<p align=\"justify\"><span style=\"font-size: large;\">Entre los recursos m\u00e1s eficaces destacan las pausas reflexivas del narrador, las transcripciones de entrevistas y cartas, y las reconstrucciones que se presentan siempre con cautela, sin fingir una certeza que Carr\u00e8re sabe imposible. Su escritura combina lo documental con lo \u00edntimo, lo literario con lo testimonial, sin diluir ninguna de sus dimensiones.<\/span><\/p>\n<p align=\"justify\"><em><span style=\"font-size: large;\">El adversario<\/span><\/em><span style=\"font-size: large;\"> se inscribe en una tradici\u00f3n que podr\u00edamos vincular con la \u00abnon-fiction novel\u00bb que Truman Capote inaugur\u00f3 con <\/span><em><span style=\"font-size: large;\">A sangre fr\u00eda<\/span><\/em><span style=\"font-size: large;\">, pero en la que Carr\u00e8re introduce una diferencia esencial: no aspira a una narraci\u00f3n omnisciente ni pretende representar los hechos como si se tratara de una novela cl\u00e1sica. Su proyecto literario, m\u00e1s cercano a la autoficci\u00f3n y al ensayo narrativo, dialoga con las tensiones de la posmodernidad literaria: la mezcla de g\u00e9neros, la implicaci\u00f3n del autor, la fragilidad del conocimiento.<\/span><\/p>\n<p align=\"justify\"><span style=\"font-size: large;\">Adem\u00e1s, el libro nace en una Francia obsesionada por los casos medi\u00e1ticos y los cr\u00edmenes inexplicables, pero Carr\u00e8re huye del amarillismo para proponer una lectura existencial, que desvela las fisuras de la identidad contempor\u00e1nea. Publicada en un momento de transici\u00f3n del periodismo narrativo hacia nuevas formas h\u00edbridas, la obra de Carr\u00e8re inaugur\u00f3 una senda que ser\u00eda clave en la literatura francesa del siglo XXI.<\/span><\/p>\n<p align=\"justify\"><span style=\"font-size: large;\">Los temas centrales de <\/span><em><span style=\"font-size: large;\">El adversario<\/span><\/em><span style=\"font-size: large;\"> son la mentira, la impostura, la identidad y la culpa. Romand no es un asesino serial ni un criminal de impulso: es un hombre que ha vivido durante casi dos d\u00e9cadas fingiendo ser quien no es, atrapado en una red que \u00e9l mismo teji\u00f3 y de la que ya no sabe salir. La novela sugiere que m\u00e1s all\u00e1 del crimen hay un drama de la subjetividad contempor\u00e1nea: la dificultad para asumir el fracaso, el vac\u00edo de una existencia sin sentido, el abismo que se abre cuando el otro deja de verte y uno deja de verse a s\u00ed mismo.<\/span><\/p>\n<p align=\"justify\"><span style=\"font-size: large;\">El t\u00edtulo mismo es revelador: <\/span><em><span style=\"font-size: large;\">El adversario<\/span><\/em><span style=\"font-size: large;\"> remite a una dimensi\u00f3n teol\u00f3gica (el diablo como adversario del hombre), pero tambi\u00e9n a una lucha interna. \u00bfEs Romand el adversario de su familia, de la sociedad o de s\u00ed mismo? La obra plantea estas preguntas sin resolverlas, con una honestidad que desarma.<\/span><\/p>\n<h3 class=\"western\" align=\"justify\"><span style=\"font-size: large;\">Nuestra valoraci\u00f3n argumentada<\/span><\/h3>\n<p align=\"justify\"><em><span style=\"font-size: large;\">El adversario<\/span><\/em><span style=\"font-size: large;\"> es una obra imprescindible no solo por su calidad literaria, sino por el coraje moral que supone escribirla. Carr\u00e8re no busca epatar ni redimir, sino observar, registrar y pensar. Su mirada es l\u00facida y compasiva, sin caer en la complacencia. El lector queda profundamente perturbado no por lo sangriento de los hechos, sino por la banalidad del mal que retrata, por la familiaridad inquietante de ese vac\u00edo que habita al protagonista.<\/span><\/p>\n<p align=\"justify\"><span style=\"font-size: large;\">En una \u00e9poca dominada por el ruido y la sobreexposici\u00f3n, este libro reivindica una escritura silenciosa, escrupulosa y hondamente \u00e9tica. Como pocas veces ocurre, el lector sale transformado: no porque haya encontrado respuestas, sino porque ha aprendido a formular nuevas preguntas. Por ello, no exageramos al decir que <\/span><em><span style=\"font-size: large;\">El adversario<\/span><\/em><span style=\"font-size: large;\"> es uno de los hitos de la literatura europea reciente.<\/span><\/p>\n<h3 class=\"western\" align=\"justify\"><span style=\"font-size: large;\">Sobre el Autor: <\/span><\/h3>\n<p align=\"justify\"><span style=\"font-size: large;\"><b>Emmanuel Carr\u00e8re<\/b><\/span><span style=\"font-size: large;\"> (Par\u00eds, 1957) es escritor, guionista y realizador de cine. Hijo de la historiadora H\u00e9l\u00e8ne Carr\u00e8re d\u2019Encausse, ha desarrollado una carrera literaria marcada por la mezcla de g\u00e9neros y la exploraci\u00f3n del yo. Tras iniciarse en la ficci\u00f3n con t\u00edtulos como <\/span><em><span style=\"font-size: large;\">La moustache<\/span><\/em><span style=\"font-size: large;\"> o <\/span><em><span style=\"font-size: large;\">Una semana en la nieve<\/span><\/em><span style=\"font-size: large;\">, dio un giro decisivo hacia la literatura de no ficci\u00f3n con obras como <\/span><em><span style=\"font-size: large;\">El adversario<\/span><\/em><span style=\"font-size: large;\">, <\/span><em><span style=\"font-size: large;\">Una novela rusa<\/span><\/em><span style=\"font-size: large;\"> y <\/span><em><span style=\"font-size: large;\">De vidas ajenas<\/span><\/em><span style=\"font-size: large;\">, reunidas hoy como trilog\u00eda fundamental de su trayectoria.<\/span><\/p>\n<p align=\"justify\"><span style=\"font-size: large;\">Carr\u00e8re ha sido comparado con autores como Kapu\u015bci\u0144ski, Knausg\u00e5rd o Capote, aunque su voz es singular: comprometida, vulnerable, y siempre en busca del l\u00edmite entre verdad y relato. Su obra posterior, como <\/span><em><span style=\"font-size: large;\">El reino<\/span><\/em><span style=\"font-size: large;\"> o <\/span><em><span style=\"font-size: large;\">Yoga<\/span><\/em><span style=\"font-size: large;\">, confirma esa b\u00fasqueda incesante de sentido en el lugar m\u00e1s fr\u00e1gil: el yo frente a la realidad.<\/span><\/p>\n<p align=\"justify\"><strong><span style=\"font-size: large;\">Recomendamos la lectura de este libro para este verano: <\/span><\/strong><em><span style=\"font-size: large;\">El adversario<\/span><\/em><strong><span style=\"font-size: large;\">, de Emmanuel Carr\u00e8re, una obra que atraviesa la superficie de lo real para internarse en las zonas m\u00e1s oscuras de la identidad y la mentira<\/span><\/strong><\/p>\n<p align=\"justify\"><strong>\u2014<span style=\"font-size: large;\">Punto y Seguido\u2014<\/span><\/strong><\/p>\n","protected":false},"excerpt":{"rendered":"<p>Sinopsis El adversario (2000) reconstruye un caso criminal que estremeci\u00f3 a la sociedad francesa en 1993: Jean-Claude Romand, un hombre que durante a\u00f1os fingi\u00f3 ser m\u00e9dico ante su familia y amigos, asesin\u00f3 a su esposa, sus hijos y sus padres al borde de que su impostura fuera descubierta. Emmanuel Carr\u00e8re parte de este suceso ver\u00eddico [&hellip;]<\/p>\n","protected":false},"author":96,"featured_media":21721,"comment_status":"open","ping_status":"closed","sticky":false,"template":"","format":"standard","meta":{"footnotes":""},"categories":[2604],"tags":[10,1238],"class_list":{"0":"post-21720","1":"post","2":"type-post","3":"status-publish","4":"format-standard","5":"has-post-thumbnail","7":"category-titulos-rescatados","8":"tag-anagrama-editorial","9":"tag-emmanuel-carrere"},"yoast_head":"<!-- This site is optimized with the Yoast SEO plugin v27.5 - https:\/\/yoast.com\/product\/yoast-seo-wordpress\/ -->\n<title>El adversario - Emmanuel Carr\u00e8re | HOJAS SUELTAS Peri\u00f3dico Cultural<\/title>\n<meta name=\"description\" content=\"LIBROS. NARRATIVA. RESE\u00d1A de Punto y Seguido: El adversario, de Emmanuel Carr\u00e8re, una obra que atraviesa la superficie de lo real para internarse en las zonas m\u00e1s oscuras de la identidad y la mentira\" \/>\n<meta name=\"robots\" content=\"index, follow, max-snippet:-1, max-image-preview:large, max-video-preview:-1\" \/>\n<link rel=\"canonical\" href=\"https:\/\/hojassueltas.es\/?p=21720\" \/>\n<meta property=\"og:locale\" content=\"es_ES\" \/>\n<meta property=\"og:type\" content=\"article\" \/>\n<meta property=\"og:title\" content=\"El adversario - Emmanuel Carr\u00e8re | HOJAS SUELTAS Peri\u00f3dico Cultural\" \/>\n<meta property=\"og:description\" content=\"LIBROS. NARRATIVA. RESE\u00d1A de Punto y Seguido: El adversario, de Emmanuel Carr\u00e8re, una obra que atraviesa la superficie de lo real para internarse en las zonas m\u00e1s oscuras de la identidad y la mentira\" \/>\n<meta property=\"og:url\" content=\"https:\/\/hojassueltas.es\/?p=21720\" \/>\n<meta property=\"og:site_name\" content=\"HOJAS SUELTAS Peri\u00f3dico Cultural\" \/>\n<meta property=\"article:published_time\" content=\"2025-07-26T23:00:09+00:00\" \/>\n<meta property=\"article:modified_time\" content=\"2026-02-14T11:02:06+00:00\" \/>\n<meta property=\"og:image\" content=\"https:\/\/hojassueltas.es\/wp-content\/uploads\/2025\/07\/eL-ADvesario_H.S.png\" \/>\n\t<meta property=\"og:image:width\" content=\"410\" \/>\n\t<meta property=\"og:image:height\" content=\"580\" \/>\n\t<meta property=\"og:image:type\" content=\"image\/png\" \/>\n<meta name=\"author\" content=\"Punto y Seguido - Susana Di\u00e9guez\" \/>\n<meta name=\"twitter:card\" content=\"summary_large_image\" \/>\n<meta name=\"twitter:creator\" content=\"@HOJASSUELTAS22\" \/>\n<meta name=\"twitter:site\" content=\"@HOJASSUELTAS22\" \/>\n<meta name=\"twitter:label1\" content=\"Escrito por\" \/>\n\t<meta name=\"twitter:data1\" content=\"Punto y Seguido - Susana Di\u00e9guez\" \/>\n\t<meta name=\"twitter:label2\" content=\"Tiempo de lectura\" \/>\n\t<meta name=\"twitter:data2\" content=\"6 minutos\" \/>\n<script type=\"application\/ld+json\" class=\"yoast-schema-graph\">{\"@context\":\"https:\\\/\\\/schema.org\",\"@graph\":[{\"@type\":[\"Article\",\"BlogPosting\"],\"@id\":\"https:\\\/\\\/hojassueltas.es\\\/?p=21720#article\",\"isPartOf\":{\"@id\":\"https:\\\/\\\/hojassueltas.es\\\/?p=21720\"},\"author\":{\"name\":\"Punto y Seguido - Susana Di\u00e9guez\",\"@id\":\"https:\\\/\\\/hojassueltas.es\\\/#\\\/schema\\\/person\\\/0cc721d1681d3b691885d6bdbe2ad009\"},\"headline\":\"El adversario &#8211; Emmanuel Carr\u00e8re\",\"datePublished\":\"2025-07-26T23:00:09+00:00\",\"dateModified\":\"2026-02-14T11:02:06+00:00\",\"mainEntityOfPage\":{\"@id\":\"https:\\\/\\\/hojassueltas.es\\\/?p=21720\"},\"wordCount\":1254,\"commentCount\":0,\"publisher\":{\"@id\":\"https:\\\/\\\/hojassueltas.es\\\/#organization\"},\"image\":{\"@id\":\"https:\\\/\\\/hojassueltas.es\\\/?p=21720#primaryimage\"},\"thumbnailUrl\":\"https:\\\/\\\/hojassueltas.es\\\/wp-content\\\/uploads\\\/2025\\\/07\\\/eL-ADvesario_H.S.png\",\"keywords\":[\"Anagrama Editorial\",\"Emmanuel Carr\u00e8re\"],\"articleSection\":[\"T\u00cdTULOS RESCATADOS\"],\"inLanguage\":\"es\",\"potentialAction\":[{\"@type\":\"CommentAction\",\"name\":\"Comment\",\"target\":[\"https:\\\/\\\/hojassueltas.es\\\/?p=21720#respond\"]}]},{\"@type\":\"WebPage\",\"@id\":\"https:\\\/\\\/hojassueltas.es\\\/?p=21720\",\"url\":\"https:\\\/\\\/hojassueltas.es\\\/?p=21720\",\"name\":\"El adversario - Emmanuel Carr\u00e8re | HOJAS SUELTAS Peri\u00f3dico Cultural\",\"isPartOf\":{\"@id\":\"https:\\\/\\\/hojassueltas.es\\\/#website\"},\"primaryImageOfPage\":{\"@id\":\"https:\\\/\\\/hojassueltas.es\\\/?p=21720#primaryimage\"},\"image\":{\"@id\":\"https:\\\/\\\/hojassueltas.es\\\/?p=21720#primaryimage\"},\"thumbnailUrl\":\"https:\\\/\\\/hojassueltas.es\\\/wp-content\\\/uploads\\\/2025\\\/07\\\/eL-ADvesario_H.S.png\",\"datePublished\":\"2025-07-26T23:00:09+00:00\",\"dateModified\":\"2026-02-14T11:02:06+00:00\",\"description\":\"LIBROS. NARRATIVA. RESE\u00d1A de Punto y Seguido: El adversario, de Emmanuel Carr\u00e8re, una obra que atraviesa la superficie de lo real para internarse en las zonas m\u00e1s oscuras de la identidad y la mentira\",\"breadcrumb\":{\"@id\":\"https:\\\/\\\/hojassueltas.es\\\/?p=21720#breadcrumb\"},\"inLanguage\":\"es\",\"potentialAction\":[{\"@type\":\"ReadAction\",\"target\":[\"https:\\\/\\\/hojassueltas.es\\\/?p=21720\"]}]},{\"@type\":\"ImageObject\",\"inLanguage\":\"es\",\"@id\":\"https:\\\/\\\/hojassueltas.es\\\/?p=21720#primaryimage\",\"url\":\"https:\\\/\\\/hojassueltas.es\\\/wp-content\\\/uploads\\\/2025\\\/07\\\/eL-ADvesario_H.S.png\",\"contentUrl\":\"https:\\\/\\\/hojassueltas.es\\\/wp-content\\\/uploads\\\/2025\\\/07\\\/eL-ADvesario_H.S.png\",\"width\":410,\"height\":580},{\"@type\":\"BreadcrumbList\",\"@id\":\"https:\\\/\\\/hojassueltas.es\\\/?p=21720#breadcrumb\",\"itemListElement\":[{\"@type\":\"ListItem\",\"position\":1,\"name\":\"Portada\",\"item\":\"https:\\\/\\\/hojassueltas.es\\\/\"},{\"@type\":\"ListItem\",\"position\":2,\"name\":\"El adversario &#8211; Emmanuel Carr\u00e8re\"}]},{\"@type\":\"WebSite\",\"@id\":\"https:\\\/\\\/hojassueltas.es\\\/#website\",\"url\":\"https:\\\/\\\/hojassueltas.es\\\/\",\"name\":\"HojasSueltas.es\",\"description\":\"GRANADA - Peri\u00f3dico Cultural\",\"publisher\":{\"@id\":\"https:\\\/\\\/hojassueltas.es\\\/#organization\"},\"alternateName\":\"H.S. Periodico Cultural\",\"potentialAction\":[{\"@type\":\"SearchAction\",\"target\":{\"@type\":\"EntryPoint\",\"urlTemplate\":\"https:\\\/\\\/hojassueltas.es\\\/?s={search_term_string}\"},\"query-input\":{\"@type\":\"PropertyValueSpecification\",\"valueRequired\":true,\"valueName\":\"search_term_string\"}}],\"inLanguage\":\"es\"},{\"@type\":\"Organization\",\"@id\":\"https:\\\/\\\/hojassueltas.es\\\/#organization\",\"name\":\"HOJAS SUELTAS - Peri\u00f3dico Cultural\",\"alternateName\":\"HS - HOJAS SUELTAS Peri\u00f3dico Cultural\",\"url\":\"https:\\\/\\\/hojassueltas.es\\\/\",\"logo\":{\"@type\":\"ImageObject\",\"inLanguage\":\"es\",\"@id\":\"https:\\\/\\\/hojassueltas.es\\\/#\\\/schema\\\/logo\\\/image\\\/\",\"url\":\"https:\\\/\\\/hojassueltas.es\\\/wp-content\\\/uploads\\\/2025\\\/08\\\/Icono-HS_2.png\",\"contentUrl\":\"https:\\\/\\\/hojassueltas.es\\\/wp-content\\\/uploads\\\/2025\\\/08\\\/Icono-HS_2.png\",\"width\":500,\"height\":500,\"caption\":\"HOJAS SUELTAS - Peri\u00f3dico Cultural\"},\"image\":{\"@id\":\"https:\\\/\\\/hojassueltas.es\\\/#\\\/schema\\\/logo\\\/image\\\/\"},\"sameAs\":[\"https:\\\/\\\/x.com\\\/HOJASSUELTAS22\"]},{\"@type\":\"Person\",\"@id\":\"https:\\\/\\\/hojassueltas.es\\\/#\\\/schema\\\/person\\\/0cc721d1681d3b691885d6bdbe2ad009\",\"name\":\"Punto y Seguido - Susana Di\u00e9guez\",\"image\":{\"@type\":\"ImageObject\",\"inLanguage\":\"es\",\"@id\":\"https:\\\/\\\/hojassueltas.es\\\/wp-content\\\/uploads\\\/2026\\\/02\\\/Retrato-familiar-en-casa-de-Susana-96x96.png\",\"url\":\"https:\\\/\\\/hojassueltas.es\\\/wp-content\\\/uploads\\\/2026\\\/02\\\/Retrato-familiar-en-casa-de-Susana-96x96.png\",\"contentUrl\":\"https:\\\/\\\/hojassueltas.es\\\/wp-content\\\/uploads\\\/2026\\\/02\\\/Retrato-familiar-en-casa-de-Susana-96x96.png\",\"caption\":\"Punto y Seguido - Susana Di\u00e9guez\"},\"url\":\"https:\\\/\\\/hojassueltas.es\\\/?author=96\"}]}<\/script>\n<!-- \/ Yoast SEO plugin. -->","yoast_head_json":{"title":"El adversario - Emmanuel Carr\u00e8re | HOJAS SUELTAS Peri\u00f3dico Cultural","description":"LIBROS. NARRATIVA. RESE\u00d1A de Punto y Seguido: El adversario, de Emmanuel Carr\u00e8re, una obra que atraviesa la superficie de lo real para internarse en las zonas m\u00e1s oscuras de la identidad y la mentira","robots":{"index":"index","follow":"follow","max-snippet":"max-snippet:-1","max-image-preview":"max-image-preview:large","max-video-preview":"max-video-preview:-1"},"canonical":"https:\/\/hojassueltas.es\/?p=21720","og_locale":"es_ES","og_type":"article","og_title":"El adversario - Emmanuel Carr\u00e8re | HOJAS SUELTAS Peri\u00f3dico Cultural","og_description":"LIBROS. NARRATIVA. RESE\u00d1A de Punto y Seguido: El adversario, de Emmanuel Carr\u00e8re, una obra que atraviesa la superficie de lo real para internarse en las zonas m\u00e1s oscuras de la identidad y la mentira","og_url":"https:\/\/hojassueltas.es\/?p=21720","og_site_name":"HOJAS SUELTAS Peri\u00f3dico Cultural","article_published_time":"2025-07-26T23:00:09+00:00","article_modified_time":"2026-02-14T11:02:06+00:00","og_image":[{"width":410,"height":580,"url":"https:\/\/hojassueltas.es\/wp-content\/uploads\/2025\/07\/eL-ADvesario_H.S.png","type":"image\/png"}],"author":"Punto y Seguido - Susana Di\u00e9guez","twitter_card":"summary_large_image","twitter_creator":"@HOJASSUELTAS22","twitter_site":"@HOJASSUELTAS22","twitter_misc":{"Escrito por":"Punto y Seguido - Susana Di\u00e9guez","Tiempo de lectura":"6 minutos"},"schema":{"@context":"https:\/\/schema.org","@graph":[{"@type":["Article","BlogPosting"],"@id":"https:\/\/hojassueltas.es\/?p=21720#article","isPartOf":{"@id":"https:\/\/hojassueltas.es\/?p=21720"},"author":{"name":"Punto y Seguido - Susana Di\u00e9guez","@id":"https:\/\/hojassueltas.es\/#\/schema\/person\/0cc721d1681d3b691885d6bdbe2ad009"},"headline":"El adversario &#8211; Emmanuel Carr\u00e8re","datePublished":"2025-07-26T23:00:09+00:00","dateModified":"2026-02-14T11:02:06+00:00","mainEntityOfPage":{"@id":"https:\/\/hojassueltas.es\/?p=21720"},"wordCount":1254,"commentCount":0,"publisher":{"@id":"https:\/\/hojassueltas.es\/#organization"},"image":{"@id":"https:\/\/hojassueltas.es\/?p=21720#primaryimage"},"thumbnailUrl":"https:\/\/hojassueltas.es\/wp-content\/uploads\/2025\/07\/eL-ADvesario_H.S.png","keywords":["Anagrama Editorial","Emmanuel Carr\u00e8re"],"articleSection":["T\u00cdTULOS RESCATADOS"],"inLanguage":"es","potentialAction":[{"@type":"CommentAction","name":"Comment","target":["https:\/\/hojassueltas.es\/?p=21720#respond"]}]},{"@type":"WebPage","@id":"https:\/\/hojassueltas.es\/?p=21720","url":"https:\/\/hojassueltas.es\/?p=21720","name":"El adversario - Emmanuel Carr\u00e8re | HOJAS SUELTAS Peri\u00f3dico Cultural","isPartOf":{"@id":"https:\/\/hojassueltas.es\/#website"},"primaryImageOfPage":{"@id":"https:\/\/hojassueltas.es\/?p=21720#primaryimage"},"image":{"@id":"https:\/\/hojassueltas.es\/?p=21720#primaryimage"},"thumbnailUrl":"https:\/\/hojassueltas.es\/wp-content\/uploads\/2025\/07\/eL-ADvesario_H.S.png","datePublished":"2025-07-26T23:00:09+00:00","dateModified":"2026-02-14T11:02:06+00:00","description":"LIBROS. NARRATIVA. RESE\u00d1A de Punto y Seguido: El adversario, de Emmanuel Carr\u00e8re, una obra que atraviesa la superficie de lo real para internarse en las zonas m\u00e1s oscuras de la identidad y la mentira","breadcrumb":{"@id":"https:\/\/hojassueltas.es\/?p=21720#breadcrumb"},"inLanguage":"es","potentialAction":[{"@type":"ReadAction","target":["https:\/\/hojassueltas.es\/?p=21720"]}]},{"@type":"ImageObject","inLanguage":"es","@id":"https:\/\/hojassueltas.es\/?p=21720#primaryimage","url":"https:\/\/hojassueltas.es\/wp-content\/uploads\/2025\/07\/eL-ADvesario_H.S.png","contentUrl":"https:\/\/hojassueltas.es\/wp-content\/uploads\/2025\/07\/eL-ADvesario_H.S.png","width":410,"height":580},{"@type":"BreadcrumbList","@id":"https:\/\/hojassueltas.es\/?p=21720#breadcrumb","itemListElement":[{"@type":"ListItem","position":1,"name":"Portada","item":"https:\/\/hojassueltas.es\/"},{"@type":"ListItem","position":2,"name":"El adversario &#8211; Emmanuel Carr\u00e8re"}]},{"@type":"WebSite","@id":"https:\/\/hojassueltas.es\/#website","url":"https:\/\/hojassueltas.es\/","name":"HojasSueltas.es","description":"GRANADA - Peri\u00f3dico Cultural","publisher":{"@id":"https:\/\/hojassueltas.es\/#organization"},"alternateName":"H.S. Periodico Cultural","potentialAction":[{"@type":"SearchAction","target":{"@type":"EntryPoint","urlTemplate":"https:\/\/hojassueltas.es\/?s={search_term_string}"},"query-input":{"@type":"PropertyValueSpecification","valueRequired":true,"valueName":"search_term_string"}}],"inLanguage":"es"},{"@type":"Organization","@id":"https:\/\/hojassueltas.es\/#organization","name":"HOJAS SUELTAS - Peri\u00f3dico Cultural","alternateName":"HS - HOJAS SUELTAS Peri\u00f3dico Cultural","url":"https:\/\/hojassueltas.es\/","logo":{"@type":"ImageObject","inLanguage":"es","@id":"https:\/\/hojassueltas.es\/#\/schema\/logo\/image\/","url":"https:\/\/hojassueltas.es\/wp-content\/uploads\/2025\/08\/Icono-HS_2.png","contentUrl":"https:\/\/hojassueltas.es\/wp-content\/uploads\/2025\/08\/Icono-HS_2.png","width":500,"height":500,"caption":"HOJAS SUELTAS - Peri\u00f3dico Cultural"},"image":{"@id":"https:\/\/hojassueltas.es\/#\/schema\/logo\/image\/"},"sameAs":["https:\/\/x.com\/HOJASSUELTAS22"]},{"@type":"Person","@id":"https:\/\/hojassueltas.es\/#\/schema\/person\/0cc721d1681d3b691885d6bdbe2ad009","name":"Punto y Seguido - Susana Di\u00e9guez","image":{"@type":"ImageObject","inLanguage":"es","@id":"https:\/\/hojassueltas.es\/wp-content\/uploads\/2026\/02\/Retrato-familiar-en-casa-de-Susana-96x96.png","url":"https:\/\/hojassueltas.es\/wp-content\/uploads\/2026\/02\/Retrato-familiar-en-casa-de-Susana-96x96.png","contentUrl":"https:\/\/hojassueltas.es\/wp-content\/uploads\/2026\/02\/Retrato-familiar-en-casa-de-Susana-96x96.png","caption":"Punto y Seguido - Susana Di\u00e9guez"},"url":"https:\/\/hojassueltas.es\/?author=96"}]}},"_links":{"self":[{"href":"https:\/\/hojassueltas.es\/index.php?rest_route=\/wp\/v2\/posts\/21720","targetHints":{"allow":["GET"]}}],"collection":[{"href":"https:\/\/hojassueltas.es\/index.php?rest_route=\/wp\/v2\/posts"}],"about":[{"href":"https:\/\/hojassueltas.es\/index.php?rest_route=\/wp\/v2\/types\/post"}],"author":[{"embeddable":true,"href":"https:\/\/hojassueltas.es\/index.php?rest_route=\/wp\/v2\/users\/96"}],"replies":[{"embeddable":true,"href":"https:\/\/hojassueltas.es\/index.php?rest_route=%2Fwp%2Fv2%2Fcomments&post=21720"}],"version-history":[{"count":1,"href":"https:\/\/hojassueltas.es\/index.php?rest_route=\/wp\/v2\/posts\/21720\/revisions"}],"predecessor-version":[{"id":21722,"href":"https:\/\/hojassueltas.es\/index.php?rest_route=\/wp\/v2\/posts\/21720\/revisions\/21722"}],"wp:featuredmedia":[{"embeddable":true,"href":"https:\/\/hojassueltas.es\/index.php?rest_route=\/wp\/v2\/media\/21721"}],"wp:attachment":[{"href":"https:\/\/hojassueltas.es\/index.php?rest_route=%2Fwp%2Fv2%2Fmedia&parent=21720"}],"wp:term":[{"taxonomy":"category","embeddable":true,"href":"https:\/\/hojassueltas.es\/index.php?rest_route=%2Fwp%2Fv2%2Fcategories&post=21720"},{"taxonomy":"post_tag","embeddable":true,"href":"https:\/\/hojassueltas.es\/index.php?rest_route=%2Fwp%2Fv2%2Ftags&post=21720"}],"curies":[{"name":"wp","href":"https:\/\/api.w.org\/{rel}","templated":true}]}}