{"id":21602,"date":"2025-07-18T00:00:04","date_gmt":"2025-07-17T23:00:04","guid":{"rendered":"https:\/\/hojassueltas.es\/?p=21602"},"modified":"2025-07-21T09:58:53","modified_gmt":"2025-07-21T08:58:53","slug":"festival-genias-en-almagro-la-voz-recuperada-de-las-dramaturgas-del-siglo-de-oro","status":"publish","type":"post","link":"https:\/\/hojassueltas.es\/?p=21602","title":{"rendered":"Festival \u201cGenias\u201d en Almagro: la voz recuperada de las dramaturgas del Siglo de Oro"},"content":{"rendered":"<p align=\"justify\"><span style=\"font-size: large;\">En el marco del Festival Internacional de Teatro Cl\u00e1sico de Almagro, uno de los eventos culturales m\u00e1s prestigiosos de Espa\u00f1a y de Europa dedicado al Siglo de Oro, el pasado 15 de julio se present\u00f3 <\/span><em><span style=\"font-size: large;\">Genias<\/span><\/em><span style=\"font-size: large;\">, una instalaci\u00f3n audiovisual de gran carga simb\u00f3lica y reivindicativa. Se trata de una obra que no solo rinde homenaje a las dramaturgas barrocas silenciadas por la historia, sino que las proyecta hacia el presente a trav\u00e9s de una puesta en escena contempor\u00e1nea, viva, profundamente interpeladora.<\/span><\/p>\n<p align=\"justify\"><span style=\"font-size: large;\">Impulsada por Irene Pardo \u2014directora art\u00edstica del festival y responsable de su actual orientaci\u00f3n hacia la visibilizaci\u00f3n de las mujeres del teatro cl\u00e1sico\u2014 <\/span><em><span style=\"font-size: large;\">Genias<\/span><\/em><span style=\"font-size: large;\"> nace como un proyecto colaborativo entre la Compa\u00f1\u00eda Nacional de Teatro Cl\u00e1sico (CNTC), el Instituto de las Mujeres, el Festival de Almagro y el Espacio de Arte Contempor\u00e1neo de la ciudad. La propuesta es clara: rescatar voces femeninas que, pese a su potencia po\u00e9tica, filos\u00f3fica o literaria, quedaron relegadas durante siglos por la hegemon\u00eda masculina en el canon cultural.<\/span><\/p>\n<p align=\"justify\"><span style=\"font-size: large;\">La instalaci\u00f3n ofrece un recorrido inmersivo y sensorial por las palabras y los rostros de algunas figuras excepcionales del Siglo de Oro: Sor Juana In\u00e9s de la Cruz, Santa Teresa de Jes\u00fas, Mar\u00eda de Zayas, Ana Caro de Mall\u00e9n y Leonor de la Cueva, entre otras. Sus textos \u2014fragmentos de obras dram\u00e1ticas, cartas, poemas o tratados\u2014 son le\u00eddos e interpretados por veinte actrices contempor\u00e1neas, entre ellas Clara Sanch\u00eds, Emma Vilarasau, Mar\u00eda Herv\u00e1s o Luc\u00eda Quintana. A estas se suma la cantautora Rozal\u00e9n, cuya presencia aporta un tono emocional y popular al conjunto.<\/span><\/p>\n<p align=\"justify\"><span style=\"font-size: large;\">Cada intervenci\u00f3n ha sido filmada en blanco y negro, con una sobriedad est\u00e9tica que acent\u00faa el dramatismo y la fuerza de los textos, y proyectada en formato v\u00eddeo-instalaci\u00f3n sobre los muros del espacio art\u00edstico. No se trata de una escenificaci\u00f3n al uso, sino de una acci\u00f3n de memoria y una reivindicaci\u00f3n pol\u00edtica: el gesto de recuperar, mirar y decir en voz alta lo que durante siglos fue ignorado.<\/span><\/p>\n<p align=\"justify\"><span style=\"font-size: large;\">Seg\u00fan Irene Pardo, <\/span><em><span style=\"font-size: large;\">Genias<\/span><\/em><span style=\"font-size: large;\"> parte de una necesidad urgente de reequilibrar el relato de nuestra tradici\u00f3n cultural: \u201cNos hemos pasado la vida estudiando a Quevedo, Lope o Calder\u00f3n, sin apenas saber qui\u00e9nes fueron Ana Caro o Mar\u00eda de Zayas. La cultura del Siglo de Oro est\u00e1 atravesada por una energ\u00eda femenina que no ha sido reconocida en su medida\u201d. En este sentido, la obra busca tambi\u00e9n dialogar con el presente y con los desaf\u00edos actuales en materia de igualdad, inclusi\u00f3n y memoria hist\u00f3rica.<\/span><\/p>\n<p align=\"justify\"><span style=\"font-size: large;\">La instalaci\u00f3n se completa con un debate p\u00fablico titulado <\/span><em><span style=\"font-size: large;\">Las palabras que no estaban en el diccionario<\/span><\/em><span style=\"font-size: large;\">, aludiendo a la escasa presencia de figuras femeninas en la Real Academia Espa\u00f1ola y en los manuales escolares. La participaci\u00f3n del Instituto de las Mujeres ha permitido ampliar el alcance educativo de la propuesta, que se acompa\u00f1ar\u00e1 de talleres did\u00e1cticos y materiales curriculares para su divulgaci\u00f3n entre docentes y estudiantes.<\/span><\/p>\n<p align=\"justify\"><span style=\"font-size: large;\">El impacto de <\/span><em><span style=\"font-size: large;\">Genias<\/span><\/em><span style=\"font-size: large;\"> ha sido inmediato. La cr\u00edtica ha destacado su poder de evocaci\u00f3n, su sensibilidad formal y su capacidad para tejer puentes entre generaciones de creadoras. Almagro, ciudad que cada mes de julio se convierte en capital internacional del teatro barroco, ha ofrecido as\u00ed no solo un espacio de celebraci\u00f3n, sino tambi\u00e9n de justicia po\u00e9tica. <\/span><em><span style=\"font-size: large;\">Genias<\/span><\/em><span style=\"font-size: large;\"> no es una simple instalaci\u00f3n: es una forma de decir que las mujeres siempre estuvieron ah\u00ed, escribiendo, actuando, pensando, aunque durante siglos nadie les diera la palabra. Ahora, por fin, se les escucha.<\/span><\/p>\n<p align=\"justify\">Redacci\u00f3n<\/p>\n","protected":false},"excerpt":{"rendered":"<p>En el marco del Festival Internacional de Teatro Cl\u00e1sico de Almagro, uno de los eventos culturales m\u00e1s prestigiosos de Espa\u00f1a y de Europa dedicado al Siglo de Oro, el pasado 15 de julio se present\u00f3 Genias, una instalaci\u00f3n audiovisual de gran carga simb\u00f3lica y reivindicativa. Se trata de una obra que no solo rinde homenaje [&hellip;]<\/p>\n","protected":false},"author":1,"featured_media":20742,"comment_status":"open","ping_status":"closed","sticky":false,"template":"","format":"standard","meta":{"footnotes":""},"categories":[32],"tags":[],"class_list":{"0":"post-21602","1":"post","2":"type-post","3":"status-publish","4":"format-standard","5":"has-post-thumbnail","7":"category-panorama-cultural"},"yoast_head":"<!-- This site is optimized with the Yoast SEO plugin v27.5 - https:\/\/yoast.com\/product\/yoast-seo-wordpress\/ -->\n<title>Festival \u201cGenias\u201d en Almagro: la voz recuperada de las dramaturgas del Siglo de Oro | HOJAS SUELTAS Peri\u00f3dico Cultural<\/title>\n<meta name=\"description\" content=\"INFORMACI\u00d3N CULTURAL = En el marco del Festival Internacional de Teatro Cl\u00e1sico de Almagro, uno de los eventos culturales m\u00e1s prestigiosos de Espa\u00f1a y de Europa dedicado al Siglo de Oro, el pasado 15 de julio se present\u00f3 Genias\" \/>\n<meta name=\"robots\" content=\"index, follow, max-snippet:-1, max-image-preview:large, max-video-preview:-1\" \/>\n<link rel=\"canonical\" href=\"https:\/\/hojassueltas.es\/?p=21602\" \/>\n<meta property=\"og:locale\" content=\"es_ES\" \/>\n<meta property=\"og:type\" content=\"article\" \/>\n<meta property=\"og:title\" content=\"Festival \u201cGenias\u201d en Almagro: la voz recuperada de las dramaturgas del Siglo de Oro | HOJAS SUELTAS Peri\u00f3dico Cultural\" \/>\n<meta property=\"og:description\" content=\"INFORMACI\u00d3N CULTURAL = En el marco del Festival Internacional de Teatro Cl\u00e1sico de Almagro, uno de los eventos culturales m\u00e1s prestigiosos de Espa\u00f1a y de Europa dedicado al Siglo de Oro, el pasado 15 de julio se present\u00f3 Genias\" \/>\n<meta property=\"og:url\" content=\"https:\/\/hojassueltas.es\/?p=21602\" \/>\n<meta property=\"og:site_name\" content=\"HOJAS SUELTAS Peri\u00f3dico Cultural\" \/>\n<meta property=\"article:published_time\" content=\"2025-07-17T23:00:04+00:00\" \/>\n<meta property=\"article:modified_time\" content=\"2025-07-21T08:58:53+00:00\" \/>\n<meta property=\"og:image\" content=\"https:\/\/hojassueltas.es\/wp-content\/uploads\/2025\/06\/Informacion-Cultural_2_H.S-1.png\" \/>\n\t<meta property=\"og:image:width\" content=\"1050\" \/>\n\t<meta property=\"og:image:height\" content=\"610\" \/>\n\t<meta property=\"og:image:type\" content=\"image\/png\" \/>\n<meta name=\"author\" content=\"Redacci\u00f3n\" \/>\n<meta name=\"twitter:card\" content=\"summary_large_image\" \/>\n<meta name=\"twitter:creator\" content=\"@HOJASSUELTAS22\" \/>\n<meta name=\"twitter:site\" content=\"@HOJASSUELTAS22\" \/>\n<meta name=\"twitter:label1\" content=\"Escrito por\" \/>\n\t<meta name=\"twitter:data1\" content=\"Redacci\u00f3n\" \/>\n\t<meta name=\"twitter:label2\" content=\"Tiempo de lectura\" \/>\n\t<meta name=\"twitter:data2\" content=\"3 minutos\" \/>\n<script type=\"application\/ld+json\" class=\"yoast-schema-graph\">{\"@context\":\"https:\\\/\\\/schema.org\",\"@graph\":[{\"@type\":[\"Article\",\"BlogPosting\"],\"@id\":\"https:\\\/\\\/hojassueltas.es\\\/?p=21602#article\",\"isPartOf\":{\"@id\":\"https:\\\/\\\/hojassueltas.es\\\/?p=21602\"},\"author\":{\"name\":\"Redacci\u00f3n\",\"@id\":\"https:\\\/\\\/hojassueltas.es\\\/#\\\/schema\\\/person\\\/f232bbdb834c61c90aff2245daa401c0\"},\"headline\":\"Festival \u201cGenias\u201d en Almagro: la voz recuperada de las dramaturgas del Siglo de Oro\",\"datePublished\":\"2025-07-17T23:00:04+00:00\",\"dateModified\":\"2025-07-21T08:58:53+00:00\",\"mainEntityOfPage\":{\"@id\":\"https:\\\/\\\/hojassueltas.es\\\/?p=21602\"},\"wordCount\":643,\"commentCount\":0,\"publisher\":{\"@id\":\"https:\\\/\\\/hojassueltas.es\\\/#organization\"},\"image\":{\"@id\":\"https:\\\/\\\/hojassueltas.es\\\/?p=21602#primaryimage\"},\"thumbnailUrl\":\"https:\\\/\\\/hojassueltas.es\\\/wp-content\\\/uploads\\\/2025\\\/06\\\/Informacion-Cultural_2_H.S-1.png\",\"articleSection\":[\"PANORAMA CULTURAL\"],\"inLanguage\":\"es\",\"potentialAction\":[{\"@type\":\"CommentAction\",\"name\":\"Comment\",\"target\":[\"https:\\\/\\\/hojassueltas.es\\\/?p=21602#respond\"]}]},{\"@type\":\"WebPage\",\"@id\":\"https:\\\/\\\/hojassueltas.es\\\/?p=21602\",\"url\":\"https:\\\/\\\/hojassueltas.es\\\/?p=21602\",\"name\":\"Festival \u201cGenias\u201d en Almagro: la voz recuperada de las dramaturgas del Siglo de Oro | HOJAS SUELTAS Peri\u00f3dico Cultural\",\"isPartOf\":{\"@id\":\"https:\\\/\\\/hojassueltas.es\\\/#website\"},\"primaryImageOfPage\":{\"@id\":\"https:\\\/\\\/hojassueltas.es\\\/?p=21602#primaryimage\"},\"image\":{\"@id\":\"https:\\\/\\\/hojassueltas.es\\\/?p=21602#primaryimage\"},\"thumbnailUrl\":\"https:\\\/\\\/hojassueltas.es\\\/wp-content\\\/uploads\\\/2025\\\/06\\\/Informacion-Cultural_2_H.S-1.png\",\"datePublished\":\"2025-07-17T23:00:04+00:00\",\"dateModified\":\"2025-07-21T08:58:53+00:00\",\"description\":\"INFORMACI\u00d3N CULTURAL = En el marco del Festival Internacional de Teatro Cl\u00e1sico de Almagro, uno de los eventos culturales m\u00e1s prestigiosos de Espa\u00f1a y de Europa dedicado al Siglo de Oro, el pasado 15 de julio se present\u00f3 Genias\",\"breadcrumb\":{\"@id\":\"https:\\\/\\\/hojassueltas.es\\\/?p=21602#breadcrumb\"},\"inLanguage\":\"es\",\"potentialAction\":[{\"@type\":\"ReadAction\",\"target\":[\"https:\\\/\\\/hojassueltas.es\\\/?p=21602\"]}]},{\"@type\":\"ImageObject\",\"inLanguage\":\"es\",\"@id\":\"https:\\\/\\\/hojassueltas.es\\\/?p=21602#primaryimage\",\"url\":\"https:\\\/\\\/hojassueltas.es\\\/wp-content\\\/uploads\\\/2025\\\/06\\\/Informacion-Cultural_2_H.S-1.png\",\"contentUrl\":\"https:\\\/\\\/hojassueltas.es\\\/wp-content\\\/uploads\\\/2025\\\/06\\\/Informacion-Cultural_2_H.S-1.png\",\"width\":1050,\"height\":610},{\"@type\":\"BreadcrumbList\",\"@id\":\"https:\\\/\\\/hojassueltas.es\\\/?p=21602#breadcrumb\",\"itemListElement\":[{\"@type\":\"ListItem\",\"position\":1,\"name\":\"Portada\",\"item\":\"https:\\\/\\\/hojassueltas.es\\\/\"},{\"@type\":\"ListItem\",\"position\":2,\"name\":\"Festival \u201cGenias\u201d en Almagro: la voz recuperada de las dramaturgas del Siglo de Oro\"}]},{\"@type\":\"WebSite\",\"@id\":\"https:\\\/\\\/hojassueltas.es\\\/#website\",\"url\":\"https:\\\/\\\/hojassueltas.es\\\/\",\"name\":\"HojasSueltas.es\",\"description\":\"GRANADA - Peri\u00f3dico Cultural\",\"publisher\":{\"@id\":\"https:\\\/\\\/hojassueltas.es\\\/#organization\"},\"alternateName\":\"H.S. Periodico Cultural\",\"potentialAction\":[{\"@type\":\"SearchAction\",\"target\":{\"@type\":\"EntryPoint\",\"urlTemplate\":\"https:\\\/\\\/hojassueltas.es\\\/?s={search_term_string}\"},\"query-input\":{\"@type\":\"PropertyValueSpecification\",\"valueRequired\":true,\"valueName\":\"search_term_string\"}}],\"inLanguage\":\"es\"},{\"@type\":\"Organization\",\"@id\":\"https:\\\/\\\/hojassueltas.es\\\/#organization\",\"name\":\"HOJAS SUELTAS - Peri\u00f3dico Cultural\",\"alternateName\":\"HS - HOJAS SUELTAS Peri\u00f3dico Cultural\",\"url\":\"https:\\\/\\\/hojassueltas.es\\\/\",\"logo\":{\"@type\":\"ImageObject\",\"inLanguage\":\"es\",\"@id\":\"https:\\\/\\\/hojassueltas.es\\\/#\\\/schema\\\/logo\\\/image\\\/\",\"url\":\"https:\\\/\\\/hojassueltas.es\\\/wp-content\\\/uploads\\\/2025\\\/08\\\/Icono-HS_2.png\",\"contentUrl\":\"https:\\\/\\\/hojassueltas.es\\\/wp-content\\\/uploads\\\/2025\\\/08\\\/Icono-HS_2.png\",\"width\":500,\"height\":500,\"caption\":\"HOJAS SUELTAS - Peri\u00f3dico Cultural\"},\"image\":{\"@id\":\"https:\\\/\\\/hojassueltas.es\\\/#\\\/schema\\\/logo\\\/image\\\/\"},\"sameAs\":[\"https:\\\/\\\/x.com\\\/HOJASSUELTAS22\"]},{\"@type\":\"Person\",\"@id\":\"https:\\\/\\\/hojassueltas.es\\\/#\\\/schema\\\/person\\\/f232bbdb834c61c90aff2245daa401c0\",\"name\":\"Redacci\u00f3n\",\"image\":{\"@type\":\"ImageObject\",\"inLanguage\":\"es\",\"@id\":\"https:\\\/\\\/hojassueltas.es\\\/wp-content\\\/uploads\\\/2026\\\/02\\\/Redaccion-2-96x96.png\",\"url\":\"https:\\\/\\\/hojassueltas.es\\\/wp-content\\\/uploads\\\/2026\\\/02\\\/Redaccion-2-96x96.png\",\"contentUrl\":\"https:\\\/\\\/hojassueltas.es\\\/wp-content\\\/uploads\\\/2026\\\/02\\\/Redaccion-2-96x96.png\",\"caption\":\"Redacci\u00f3n\"},\"description\":\"Redacci\u00f3n de HOJAS SUELTAS\",\"url\":\"https:\\\/\\\/hojassueltas.es\\\/?author=1\"}]}<\/script>\n<!-- \/ Yoast SEO plugin. -->","yoast_head_json":{"title":"Festival \u201cGenias\u201d en Almagro: la voz recuperada de las dramaturgas del Siglo de Oro | HOJAS SUELTAS Peri\u00f3dico Cultural","description":"INFORMACI\u00d3N CULTURAL = En el marco del Festival Internacional de Teatro Cl\u00e1sico de Almagro, uno de los eventos culturales m\u00e1s prestigiosos de Espa\u00f1a y de Europa dedicado al Siglo de Oro, el pasado 15 de julio se present\u00f3 Genias","robots":{"index":"index","follow":"follow","max-snippet":"max-snippet:-1","max-image-preview":"max-image-preview:large","max-video-preview":"max-video-preview:-1"},"canonical":"https:\/\/hojassueltas.es\/?p=21602","og_locale":"es_ES","og_type":"article","og_title":"Festival \u201cGenias\u201d en Almagro: la voz recuperada de las dramaturgas del Siglo de Oro | HOJAS SUELTAS Peri\u00f3dico Cultural","og_description":"INFORMACI\u00d3N CULTURAL = En el marco del Festival Internacional de Teatro Cl\u00e1sico de Almagro, uno de los eventos culturales m\u00e1s prestigiosos de Espa\u00f1a y de Europa dedicado al Siglo de Oro, el pasado 15 de julio se present\u00f3 Genias","og_url":"https:\/\/hojassueltas.es\/?p=21602","og_site_name":"HOJAS SUELTAS Peri\u00f3dico Cultural","article_published_time":"2025-07-17T23:00:04+00:00","article_modified_time":"2025-07-21T08:58:53+00:00","og_image":[{"width":1050,"height":610,"url":"https:\/\/hojassueltas.es\/wp-content\/uploads\/2025\/06\/Informacion-Cultural_2_H.S-1.png","type":"image\/png"}],"author":"Redacci\u00f3n","twitter_card":"summary_large_image","twitter_creator":"@HOJASSUELTAS22","twitter_site":"@HOJASSUELTAS22","twitter_misc":{"Escrito por":"Redacci\u00f3n","Tiempo de lectura":"3 minutos"},"schema":{"@context":"https:\/\/schema.org","@graph":[{"@type":["Article","BlogPosting"],"@id":"https:\/\/hojassueltas.es\/?p=21602#article","isPartOf":{"@id":"https:\/\/hojassueltas.es\/?p=21602"},"author":{"name":"Redacci\u00f3n","@id":"https:\/\/hojassueltas.es\/#\/schema\/person\/f232bbdb834c61c90aff2245daa401c0"},"headline":"Festival \u201cGenias\u201d en Almagro: la voz recuperada de las dramaturgas del Siglo de Oro","datePublished":"2025-07-17T23:00:04+00:00","dateModified":"2025-07-21T08:58:53+00:00","mainEntityOfPage":{"@id":"https:\/\/hojassueltas.es\/?p=21602"},"wordCount":643,"commentCount":0,"publisher":{"@id":"https:\/\/hojassueltas.es\/#organization"},"image":{"@id":"https:\/\/hojassueltas.es\/?p=21602#primaryimage"},"thumbnailUrl":"https:\/\/hojassueltas.es\/wp-content\/uploads\/2025\/06\/Informacion-Cultural_2_H.S-1.png","articleSection":["PANORAMA CULTURAL"],"inLanguage":"es","potentialAction":[{"@type":"CommentAction","name":"Comment","target":["https:\/\/hojassueltas.es\/?p=21602#respond"]}]},{"@type":"WebPage","@id":"https:\/\/hojassueltas.es\/?p=21602","url":"https:\/\/hojassueltas.es\/?p=21602","name":"Festival \u201cGenias\u201d en Almagro: la voz recuperada de las dramaturgas del Siglo de Oro | HOJAS SUELTAS Peri\u00f3dico Cultural","isPartOf":{"@id":"https:\/\/hojassueltas.es\/#website"},"primaryImageOfPage":{"@id":"https:\/\/hojassueltas.es\/?p=21602#primaryimage"},"image":{"@id":"https:\/\/hojassueltas.es\/?p=21602#primaryimage"},"thumbnailUrl":"https:\/\/hojassueltas.es\/wp-content\/uploads\/2025\/06\/Informacion-Cultural_2_H.S-1.png","datePublished":"2025-07-17T23:00:04+00:00","dateModified":"2025-07-21T08:58:53+00:00","description":"INFORMACI\u00d3N CULTURAL = En el marco del Festival Internacional de Teatro Cl\u00e1sico de Almagro, uno de los eventos culturales m\u00e1s prestigiosos de Espa\u00f1a y de Europa dedicado al Siglo de Oro, el pasado 15 de julio se present\u00f3 Genias","breadcrumb":{"@id":"https:\/\/hojassueltas.es\/?p=21602#breadcrumb"},"inLanguage":"es","potentialAction":[{"@type":"ReadAction","target":["https:\/\/hojassueltas.es\/?p=21602"]}]},{"@type":"ImageObject","inLanguage":"es","@id":"https:\/\/hojassueltas.es\/?p=21602#primaryimage","url":"https:\/\/hojassueltas.es\/wp-content\/uploads\/2025\/06\/Informacion-Cultural_2_H.S-1.png","contentUrl":"https:\/\/hojassueltas.es\/wp-content\/uploads\/2025\/06\/Informacion-Cultural_2_H.S-1.png","width":1050,"height":610},{"@type":"BreadcrumbList","@id":"https:\/\/hojassueltas.es\/?p=21602#breadcrumb","itemListElement":[{"@type":"ListItem","position":1,"name":"Portada","item":"https:\/\/hojassueltas.es\/"},{"@type":"ListItem","position":2,"name":"Festival \u201cGenias\u201d en Almagro: la voz recuperada de las dramaturgas del Siglo de Oro"}]},{"@type":"WebSite","@id":"https:\/\/hojassueltas.es\/#website","url":"https:\/\/hojassueltas.es\/","name":"HojasSueltas.es","description":"GRANADA - Peri\u00f3dico Cultural","publisher":{"@id":"https:\/\/hojassueltas.es\/#organization"},"alternateName":"H.S. Periodico Cultural","potentialAction":[{"@type":"SearchAction","target":{"@type":"EntryPoint","urlTemplate":"https:\/\/hojassueltas.es\/?s={search_term_string}"},"query-input":{"@type":"PropertyValueSpecification","valueRequired":true,"valueName":"search_term_string"}}],"inLanguage":"es"},{"@type":"Organization","@id":"https:\/\/hojassueltas.es\/#organization","name":"HOJAS SUELTAS - Peri\u00f3dico Cultural","alternateName":"HS - HOJAS SUELTAS Peri\u00f3dico Cultural","url":"https:\/\/hojassueltas.es\/","logo":{"@type":"ImageObject","inLanguage":"es","@id":"https:\/\/hojassueltas.es\/#\/schema\/logo\/image\/","url":"https:\/\/hojassueltas.es\/wp-content\/uploads\/2025\/08\/Icono-HS_2.png","contentUrl":"https:\/\/hojassueltas.es\/wp-content\/uploads\/2025\/08\/Icono-HS_2.png","width":500,"height":500,"caption":"HOJAS SUELTAS - Peri\u00f3dico Cultural"},"image":{"@id":"https:\/\/hojassueltas.es\/#\/schema\/logo\/image\/"},"sameAs":["https:\/\/x.com\/HOJASSUELTAS22"]},{"@type":"Person","@id":"https:\/\/hojassueltas.es\/#\/schema\/person\/f232bbdb834c61c90aff2245daa401c0","name":"Redacci\u00f3n","image":{"@type":"ImageObject","inLanguage":"es","@id":"https:\/\/hojassueltas.es\/wp-content\/uploads\/2026\/02\/Redaccion-2-96x96.png","url":"https:\/\/hojassueltas.es\/wp-content\/uploads\/2026\/02\/Redaccion-2-96x96.png","contentUrl":"https:\/\/hojassueltas.es\/wp-content\/uploads\/2026\/02\/Redaccion-2-96x96.png","caption":"Redacci\u00f3n"},"description":"Redacci\u00f3n de HOJAS SUELTAS","url":"https:\/\/hojassueltas.es\/?author=1"}]}},"_links":{"self":[{"href":"https:\/\/hojassueltas.es\/index.php?rest_route=\/wp\/v2\/posts\/21602","targetHints":{"allow":["GET"]}}],"collection":[{"href":"https:\/\/hojassueltas.es\/index.php?rest_route=\/wp\/v2\/posts"}],"about":[{"href":"https:\/\/hojassueltas.es\/index.php?rest_route=\/wp\/v2\/types\/post"}],"author":[{"embeddable":true,"href":"https:\/\/hojassueltas.es\/index.php?rest_route=\/wp\/v2\/users\/1"}],"replies":[{"embeddable":true,"href":"https:\/\/hojassueltas.es\/index.php?rest_route=%2Fwp%2Fv2%2Fcomments&post=21602"}],"version-history":[{"count":1,"href":"https:\/\/hojassueltas.es\/index.php?rest_route=\/wp\/v2\/posts\/21602\/revisions"}],"predecessor-version":[{"id":21603,"href":"https:\/\/hojassueltas.es\/index.php?rest_route=\/wp\/v2\/posts\/21602\/revisions\/21603"}],"wp:featuredmedia":[{"embeddable":true,"href":"https:\/\/hojassueltas.es\/index.php?rest_route=\/wp\/v2\/media\/20742"}],"wp:attachment":[{"href":"https:\/\/hojassueltas.es\/index.php?rest_route=%2Fwp%2Fv2%2Fmedia&parent=21602"}],"wp:term":[{"taxonomy":"category","embeddable":true,"href":"https:\/\/hojassueltas.es\/index.php?rest_route=%2Fwp%2Fv2%2Fcategories&post=21602"},{"taxonomy":"post_tag","embeddable":true,"href":"https:\/\/hojassueltas.es\/index.php?rest_route=%2Fwp%2Fv2%2Ftags&post=21602"}],"curies":[{"name":"wp","href":"https:\/\/api.w.org\/{rel}","templated":true}]}}