{"id":21507,"date":"2025-07-15T00:00:30","date_gmt":"2025-07-14T23:00:30","guid":{"rendered":"https:\/\/hojassueltas.es\/?p=21507"},"modified":"2026-02-14T13:41:15","modified_gmt":"2026-02-14T11:41:15","slug":"apodos-y-alias-claves-de-redaccion","status":"publish","type":"post","link":"https:\/\/hojassueltas.es\/?p=21507","title":{"rendered":"Apodos y alias, claves de redacci\u00f3n"},"content":{"rendered":"<p style=\"text-align: justify;\">Los apodos o alias son expresiones, basadas en alguna caracter\u00edstica de una persona, que se emplean para nombrarla. Ante las dudas que surgen en su escritura, se proponen a continuaci\u00f3n una serie de claves.<span id=\"more-31580\"><\/span><\/p>\n<h2 style=\"text-align: justify;\">1. El apodo con may\u00fascula y el art\u00edculo con min\u00fascula<\/h2>\n<p style=\"text-align: justify;\">La\u00a0<em>Ortograf\u00eda de la lengua espa\u00f1ola\u00a0<\/em>se\u00f1ala que <strong>los apodos<\/strong> se escriben <strong>con may\u00fascula inicial<\/strong>. Pueden estar formados solo por una palabra (<em>la Faraona<\/em>) o por una expresi\u00f3n. En ese caso ir\u00e1n con <strong>may\u00fasculas los t\u00e9rminos significativos<\/strong> (<em>la Dama de Hierro<\/em>). No se aplica esto a <strong>los art\u00edculos<\/strong>, que se escriben siempre <strong>con min\u00fascula <\/strong>y, si van precedidos de las preposiciones <em>a<\/em> o <em>de<\/em>, se contraen: \u00abAl Atl\u00e9tico del Cholo no le basta con su apuesta por defender\u00bb.<\/p>\n<p style=\"text-align: justify;\">Como norma general, se escriben en redonda, aunque hay excepciones en ciertos contextos, que se explicar\u00e1n en los siguientes apartados.<\/p>\n<h2 style=\"text-align: justify;\">2. Con el nombre completo, se separa con coma<\/h2>\n<p style=\"text-align: justify;\">Cuando el <strong>alias se menciona junto al nombre completo<\/strong>, se considera una <strong>aposici\u00f3n explicativa<\/strong> y se separa <strong>con una coma, sin comillas ni cursiva<\/strong>: \u00abAlfredo Di Stefano, apodado la Saeta Rubia, brillaba a inicios de los a\u00f1os 50\u00bb o \u00abLlega a Palencia la nueva edici\u00f3n de <em>El \u00fanico camino<\/em>, las memorias de Dolores Ib\u00e1rruri, la Pasionaria\u00bb.<\/p>\n<h2 style=\"text-align: justify;\">3. Si se intercala entre el nombre y el apellido, en cursiva o entre comillas<\/h2>\n<p style=\"text-align: justify;\">Es frecuente que <strong>el apodo<\/strong> vaya <strong>entre el nombre y el apellido<\/strong>. En ese caso <strong>se recomienda destacarlo con comillas o cursiva<\/strong>\u00a0(tambi\u00e9n el art\u00edculo, si se construye con \u00e9l): \u00abLionel <em>la Pulga<\/em> Messi no para de ganar\u00bb o \u00abHay un nombre que aparece bien grande y con muchas posibilidades: Fernando \u201cNi\u00f1o\u201d Torres\u00bb.<\/p>\n<h2 style=\"text-align: justify;\">4. Si solo va el apodo y el apellido, en cursiva o entre comillas<\/h2>\n<p style=\"text-align: justify;\">Cuando <strong>el alias sustituye al nombre de pila y va acompa\u00f1ado del apellido<\/strong>, este se escribe<strong> tambi\u00e9n con cursiva o comillas<\/strong>: \u00abCaminero se rinde al <em>Cholo<\/em> Simeone\u00bb o \u00abLa mujer del \u201cChapo\u201d Guzm\u00e1n lanza su propia marca de ropa\u00bb.<\/p>\n<p>\u00a9 FUND\u00c9U<\/p>\n","protected":false},"excerpt":{"rendered":"<p>Los apodos o alias son expresiones, basadas en alguna caracter\u00edstica de una persona, que se emplean para nombrarla. Ante las dudas que surgen en su escritura, se proponen a continuaci\u00f3n una serie de claves. 1. El apodo con may\u00fascula y el art\u00edculo con min\u00fascula La\u00a0Ortograf\u00eda de la lengua espa\u00f1ola\u00a0se\u00f1ala que los apodos se escriben con [&hellip;]<\/p>\n","protected":false},"author":97,"featured_media":0,"comment_status":"open","ping_status":"closed","sticky":false,"template":"","format":"standard","meta":{"footnotes":""},"categories":[2015],"tags":[],"class_list":{"0":"post-21507","1":"post","2":"type-post","3":"status-publish","4":"format-standard","6":"category-aclaraciones-del-idioma"},"yoast_head":"<!-- This site is optimized with the Yoast SEO plugin v27.5 - https:\/\/yoast.com\/product\/yoast-seo-wordpress\/ -->\n<title>Apodos y alias, claves de redacci\u00f3n | ACLARACIONES DEL IDIOMA | HOJAS SUELTAS Peri\u00f3dico Cultural<\/title>\n<meta name=\"description\" content=\"A PIE DE P\u00c1GINA. Aclaraciones del idioma = Los apodos o alias son expresiones, basadas en alguna caracter\u00edstica de una persona, que se emplean para nombrarla. Ante las dudas que surgen en su escritura, se proponen a continuaci\u00f3n una serie de claves...\" \/>\n<meta name=\"robots\" content=\"index, follow, max-snippet:-1, max-image-preview:large, max-video-preview:-1\" \/>\n<link rel=\"canonical\" href=\"https:\/\/hojassueltas.es\/?p=21507\" \/>\n<meta property=\"og:locale\" content=\"es_ES\" \/>\n<meta property=\"og:type\" content=\"article\" \/>\n<meta property=\"og:title\" content=\"Apodos y alias, claves de redacci\u00f3n | ACLARACIONES DEL IDIOMA | HOJAS SUELTAS Peri\u00f3dico Cultural\" \/>\n<meta property=\"og:description\" content=\"A PIE DE P\u00c1GINA. Aclaraciones del idioma = Los apodos o alias son expresiones, basadas en alguna caracter\u00edstica de una persona, que se emplean para nombrarla. Ante las dudas que surgen en su escritura, se proponen a continuaci\u00f3n una serie de claves...\" \/>\n<meta property=\"og:url\" content=\"https:\/\/hojassueltas.es\/?p=21507\" \/>\n<meta property=\"og:site_name\" content=\"HOJAS SUELTAS Peri\u00f3dico Cultural\" \/>\n<meta property=\"article:published_time\" content=\"2025-07-14T23:00:30+00:00\" \/>\n<meta property=\"article:modified_time\" content=\"2026-02-14T11:41:15+00:00\" \/>\n<meta property=\"og:image\" content=\"https:\/\/hojassueltas.es\/wp-content\/uploads\/2025\/09\/Hojas-Sueltas_Logo-III_trans.png\" \/>\n\t<meta property=\"og:image:width\" content=\"485\" \/>\n\t<meta property=\"og:image:height\" content=\"80\" \/>\n\t<meta property=\"og:image:type\" content=\"image\/png\" \/>\n<meta name=\"author\" content=\"Punto y Seguido - Roberto Fern\u00e1ndez\" \/>\n<meta name=\"twitter:card\" content=\"summary_large_image\" \/>\n<meta name=\"twitter:creator\" content=\"@HOJASSUELTAS22\" \/>\n<meta name=\"twitter:site\" content=\"@HOJASSUELTAS22\" \/>\n<meta name=\"twitter:label1\" content=\"Escrito por\" \/>\n\t<meta name=\"twitter:data1\" content=\"Punto y Seguido - Roberto Fern\u00e1ndez\" \/>\n\t<meta name=\"twitter:label2\" content=\"Tiempo de lectura\" \/>\n\t<meta name=\"twitter:data2\" content=\"2 minutos\" \/>\n<script type=\"application\/ld+json\" class=\"yoast-schema-graph\">{\"@context\":\"https:\\\/\\\/schema.org\",\"@graph\":[{\"@type\":[\"Article\",\"BlogPosting\"],\"@id\":\"https:\\\/\\\/hojassueltas.es\\\/?p=21507#article\",\"isPartOf\":{\"@id\":\"https:\\\/\\\/hojassueltas.es\\\/?p=21507\"},\"author\":{\"name\":\"Punto y Seguido - Roberto Fern\u00e1ndez\",\"@id\":\"https:\\\/\\\/hojassueltas.es\\\/#\\\/schema\\\/person\\\/9da123a86757231ec42f724b10340ce9\"},\"headline\":\"Apodos y alias, claves de redacci\u00f3n\",\"datePublished\":\"2025-07-14T23:00:30+00:00\",\"dateModified\":\"2026-02-14T11:41:15+00:00\",\"mainEntityOfPage\":{\"@id\":\"https:\\\/\\\/hojassueltas.es\\\/?p=21507\"},\"wordCount\":359,\"commentCount\":0,\"publisher\":{\"@id\":\"https:\\\/\\\/hojassueltas.es\\\/#organization\"},\"articleSection\":[\"ACLARACIONES DEL IDIOMA\"],\"inLanguage\":\"es\",\"potentialAction\":[{\"@type\":\"CommentAction\",\"name\":\"Comment\",\"target\":[\"https:\\\/\\\/hojassueltas.es\\\/?p=21507#respond\"]}]},{\"@type\":\"WebPage\",\"@id\":\"https:\\\/\\\/hojassueltas.es\\\/?p=21507\",\"url\":\"https:\\\/\\\/hojassueltas.es\\\/?p=21507\",\"name\":\"Apodos y alias, claves de redacci\u00f3n | ACLARACIONES DEL IDIOMA | HOJAS SUELTAS Peri\u00f3dico Cultural\",\"isPartOf\":{\"@id\":\"https:\\\/\\\/hojassueltas.es\\\/#website\"},\"datePublished\":\"2025-07-14T23:00:30+00:00\",\"dateModified\":\"2026-02-14T11:41:15+00:00\",\"description\":\"A PIE DE P\u00c1GINA. Aclaraciones del idioma = Los apodos o alias son expresiones, basadas en alguna caracter\u00edstica de una persona, que se emplean para nombrarla. Ante las dudas que surgen en su escritura, se proponen a continuaci\u00f3n una serie de claves...\",\"breadcrumb\":{\"@id\":\"https:\\\/\\\/hojassueltas.es\\\/?p=21507#breadcrumb\"},\"inLanguage\":\"es\",\"potentialAction\":[{\"@type\":\"ReadAction\",\"target\":[\"https:\\\/\\\/hojassueltas.es\\\/?p=21507\"]}]},{\"@type\":\"BreadcrumbList\",\"@id\":\"https:\\\/\\\/hojassueltas.es\\\/?p=21507#breadcrumb\",\"itemListElement\":[{\"@type\":\"ListItem\",\"position\":1,\"name\":\"Portada\",\"item\":\"https:\\\/\\\/hojassueltas.es\\\/\"},{\"@type\":\"ListItem\",\"position\":2,\"name\":\"Apodos y alias, claves de redacci\u00f3n\"}]},{\"@type\":\"WebSite\",\"@id\":\"https:\\\/\\\/hojassueltas.es\\\/#website\",\"url\":\"https:\\\/\\\/hojassueltas.es\\\/\",\"name\":\"HojasSueltas.es\",\"description\":\"GRANADA - Peri\u00f3dico Cultural\",\"publisher\":{\"@id\":\"https:\\\/\\\/hojassueltas.es\\\/#organization\"},\"alternateName\":\"H.S. Periodico Cultural\",\"potentialAction\":[{\"@type\":\"SearchAction\",\"target\":{\"@type\":\"EntryPoint\",\"urlTemplate\":\"https:\\\/\\\/hojassueltas.es\\\/?s={search_term_string}\"},\"query-input\":{\"@type\":\"PropertyValueSpecification\",\"valueRequired\":true,\"valueName\":\"search_term_string\"}}],\"inLanguage\":\"es\"},{\"@type\":\"Organization\",\"@id\":\"https:\\\/\\\/hojassueltas.es\\\/#organization\",\"name\":\"HOJAS SUELTAS - Peri\u00f3dico Cultural\",\"alternateName\":\"HS - HOJAS SUELTAS Peri\u00f3dico Cultural\",\"url\":\"https:\\\/\\\/hojassueltas.es\\\/\",\"logo\":{\"@type\":\"ImageObject\",\"inLanguage\":\"es\",\"@id\":\"https:\\\/\\\/hojassueltas.es\\\/#\\\/schema\\\/logo\\\/image\\\/\",\"url\":\"https:\\\/\\\/hojassueltas.es\\\/wp-content\\\/uploads\\\/2025\\\/08\\\/Icono-HS_2.png\",\"contentUrl\":\"https:\\\/\\\/hojassueltas.es\\\/wp-content\\\/uploads\\\/2025\\\/08\\\/Icono-HS_2.png\",\"width\":500,\"height\":500,\"caption\":\"HOJAS SUELTAS - Peri\u00f3dico Cultural\"},\"image\":{\"@id\":\"https:\\\/\\\/hojassueltas.es\\\/#\\\/schema\\\/logo\\\/image\\\/\"},\"sameAs\":[\"https:\\\/\\\/x.com\\\/HOJASSUELTAS22\"]},{\"@type\":\"Person\",\"@id\":\"https:\\\/\\\/hojassueltas.es\\\/#\\\/schema\\\/person\\\/9da123a86757231ec42f724b10340ce9\",\"name\":\"Punto y Seguido - Roberto Fern\u00e1ndez\",\"image\":{\"@type\":\"ImageObject\",\"inLanguage\":\"es\",\"@id\":\"https:\\\/\\\/hojassueltas.es\\\/wp-content\\\/uploads\\\/2026\\\/02\\\/Roberto-en-la-redaccion-con-Shanghai-96x96.png\",\"url\":\"https:\\\/\\\/hojassueltas.es\\\/wp-content\\\/uploads\\\/2026\\\/02\\\/Roberto-en-la-redaccion-con-Shanghai-96x96.png\",\"contentUrl\":\"https:\\\/\\\/hojassueltas.es\\\/wp-content\\\/uploads\\\/2026\\\/02\\\/Roberto-en-la-redaccion-con-Shanghai-96x96.png\",\"caption\":\"Punto y Seguido - Roberto Fern\u00e1ndez\"},\"url\":\"https:\\\/\\\/hojassueltas.es\\\/?author=97\"}]}<\/script>\n<!-- \/ Yoast SEO plugin. -->","yoast_head_json":{"title":"Apodos y alias, claves de redacci\u00f3n | ACLARACIONES DEL IDIOMA | HOJAS SUELTAS Peri\u00f3dico Cultural","description":"A PIE DE P\u00c1GINA. Aclaraciones del idioma = Los apodos o alias son expresiones, basadas en alguna caracter\u00edstica de una persona, que se emplean para nombrarla. Ante las dudas que surgen en su escritura, se proponen a continuaci\u00f3n una serie de claves...","robots":{"index":"index","follow":"follow","max-snippet":"max-snippet:-1","max-image-preview":"max-image-preview:large","max-video-preview":"max-video-preview:-1"},"canonical":"https:\/\/hojassueltas.es\/?p=21507","og_locale":"es_ES","og_type":"article","og_title":"Apodos y alias, claves de redacci\u00f3n | ACLARACIONES DEL IDIOMA | HOJAS SUELTAS Peri\u00f3dico Cultural","og_description":"A PIE DE P\u00c1GINA. Aclaraciones del idioma = Los apodos o alias son expresiones, basadas en alguna caracter\u00edstica de una persona, que se emplean para nombrarla. Ante las dudas que surgen en su escritura, se proponen a continuaci\u00f3n una serie de claves...","og_url":"https:\/\/hojassueltas.es\/?p=21507","og_site_name":"HOJAS SUELTAS Peri\u00f3dico Cultural","article_published_time":"2025-07-14T23:00:30+00:00","article_modified_time":"2026-02-14T11:41:15+00:00","og_image":[{"width":485,"height":80,"url":"https:\/\/hojassueltas.es\/wp-content\/uploads\/2025\/09\/Hojas-Sueltas_Logo-III_trans.png","type":"image\/png"}],"author":"Punto y Seguido - Roberto Fern\u00e1ndez","twitter_card":"summary_large_image","twitter_creator":"@HOJASSUELTAS22","twitter_site":"@HOJASSUELTAS22","twitter_misc":{"Escrito por":"Punto y Seguido - Roberto Fern\u00e1ndez","Tiempo de lectura":"2 minutos"},"schema":{"@context":"https:\/\/schema.org","@graph":[{"@type":["Article","BlogPosting"],"@id":"https:\/\/hojassueltas.es\/?p=21507#article","isPartOf":{"@id":"https:\/\/hojassueltas.es\/?p=21507"},"author":{"name":"Punto y Seguido - Roberto Fern\u00e1ndez","@id":"https:\/\/hojassueltas.es\/#\/schema\/person\/9da123a86757231ec42f724b10340ce9"},"headline":"Apodos y alias, claves de redacci\u00f3n","datePublished":"2025-07-14T23:00:30+00:00","dateModified":"2026-02-14T11:41:15+00:00","mainEntityOfPage":{"@id":"https:\/\/hojassueltas.es\/?p=21507"},"wordCount":359,"commentCount":0,"publisher":{"@id":"https:\/\/hojassueltas.es\/#organization"},"articleSection":["ACLARACIONES DEL IDIOMA"],"inLanguage":"es","potentialAction":[{"@type":"CommentAction","name":"Comment","target":["https:\/\/hojassueltas.es\/?p=21507#respond"]}]},{"@type":"WebPage","@id":"https:\/\/hojassueltas.es\/?p=21507","url":"https:\/\/hojassueltas.es\/?p=21507","name":"Apodos y alias, claves de redacci\u00f3n | ACLARACIONES DEL IDIOMA | HOJAS SUELTAS Peri\u00f3dico Cultural","isPartOf":{"@id":"https:\/\/hojassueltas.es\/#website"},"datePublished":"2025-07-14T23:00:30+00:00","dateModified":"2026-02-14T11:41:15+00:00","description":"A PIE DE P\u00c1GINA. Aclaraciones del idioma = Los apodos o alias son expresiones, basadas en alguna caracter\u00edstica de una persona, que se emplean para nombrarla. Ante las dudas que surgen en su escritura, se proponen a continuaci\u00f3n una serie de claves...","breadcrumb":{"@id":"https:\/\/hojassueltas.es\/?p=21507#breadcrumb"},"inLanguage":"es","potentialAction":[{"@type":"ReadAction","target":["https:\/\/hojassueltas.es\/?p=21507"]}]},{"@type":"BreadcrumbList","@id":"https:\/\/hojassueltas.es\/?p=21507#breadcrumb","itemListElement":[{"@type":"ListItem","position":1,"name":"Portada","item":"https:\/\/hojassueltas.es\/"},{"@type":"ListItem","position":2,"name":"Apodos y alias, claves de redacci\u00f3n"}]},{"@type":"WebSite","@id":"https:\/\/hojassueltas.es\/#website","url":"https:\/\/hojassueltas.es\/","name":"HojasSueltas.es","description":"GRANADA - Peri\u00f3dico Cultural","publisher":{"@id":"https:\/\/hojassueltas.es\/#organization"},"alternateName":"H.S. Periodico Cultural","potentialAction":[{"@type":"SearchAction","target":{"@type":"EntryPoint","urlTemplate":"https:\/\/hojassueltas.es\/?s={search_term_string}"},"query-input":{"@type":"PropertyValueSpecification","valueRequired":true,"valueName":"search_term_string"}}],"inLanguage":"es"},{"@type":"Organization","@id":"https:\/\/hojassueltas.es\/#organization","name":"HOJAS SUELTAS - Peri\u00f3dico Cultural","alternateName":"HS - HOJAS SUELTAS Peri\u00f3dico Cultural","url":"https:\/\/hojassueltas.es\/","logo":{"@type":"ImageObject","inLanguage":"es","@id":"https:\/\/hojassueltas.es\/#\/schema\/logo\/image\/","url":"https:\/\/hojassueltas.es\/wp-content\/uploads\/2025\/08\/Icono-HS_2.png","contentUrl":"https:\/\/hojassueltas.es\/wp-content\/uploads\/2025\/08\/Icono-HS_2.png","width":500,"height":500,"caption":"HOJAS SUELTAS - Peri\u00f3dico Cultural"},"image":{"@id":"https:\/\/hojassueltas.es\/#\/schema\/logo\/image\/"},"sameAs":["https:\/\/x.com\/HOJASSUELTAS22"]},{"@type":"Person","@id":"https:\/\/hojassueltas.es\/#\/schema\/person\/9da123a86757231ec42f724b10340ce9","name":"Punto y Seguido - Roberto Fern\u00e1ndez","image":{"@type":"ImageObject","inLanguage":"es","@id":"https:\/\/hojassueltas.es\/wp-content\/uploads\/2026\/02\/Roberto-en-la-redaccion-con-Shanghai-96x96.png","url":"https:\/\/hojassueltas.es\/wp-content\/uploads\/2026\/02\/Roberto-en-la-redaccion-con-Shanghai-96x96.png","contentUrl":"https:\/\/hojassueltas.es\/wp-content\/uploads\/2026\/02\/Roberto-en-la-redaccion-con-Shanghai-96x96.png","caption":"Punto y Seguido - Roberto Fern\u00e1ndez"},"url":"https:\/\/hojassueltas.es\/?author=97"}]}},"_links":{"self":[{"href":"https:\/\/hojassueltas.es\/index.php?rest_route=\/wp\/v2\/posts\/21507","targetHints":{"allow":["GET"]}}],"collection":[{"href":"https:\/\/hojassueltas.es\/index.php?rest_route=\/wp\/v2\/posts"}],"about":[{"href":"https:\/\/hojassueltas.es\/index.php?rest_route=\/wp\/v2\/types\/post"}],"author":[{"embeddable":true,"href":"https:\/\/hojassueltas.es\/index.php?rest_route=\/wp\/v2\/users\/97"}],"replies":[{"embeddable":true,"href":"https:\/\/hojassueltas.es\/index.php?rest_route=%2Fwp%2Fv2%2Fcomments&post=21507"}],"version-history":[{"count":1,"href":"https:\/\/hojassueltas.es\/index.php?rest_route=\/wp\/v2\/posts\/21507\/revisions"}],"predecessor-version":[{"id":21508,"href":"https:\/\/hojassueltas.es\/index.php?rest_route=\/wp\/v2\/posts\/21507\/revisions\/21508"}],"wp:attachment":[{"href":"https:\/\/hojassueltas.es\/index.php?rest_route=%2Fwp%2Fv2%2Fmedia&parent=21507"}],"wp:term":[{"taxonomy":"category","embeddable":true,"href":"https:\/\/hojassueltas.es\/index.php?rest_route=%2Fwp%2Fv2%2Fcategories&post=21507"},{"taxonomy":"post_tag","embeddable":true,"href":"https:\/\/hojassueltas.es\/index.php?rest_route=%2Fwp%2Fv2%2Ftags&post=21507"}],"curies":[{"name":"wp","href":"https:\/\/api.w.org\/{rel}","templated":true}]}}