{"id":21319,"date":"2025-07-23T00:00:15","date_gmt":"2025-07-22T23:00:15","guid":{"rendered":"https:\/\/hojassueltas.es\/?p=21319"},"modified":"2026-02-14T13:02:06","modified_gmt":"2026-02-14T11:02:06","slug":"las-maravillas-elena-medel","status":"publish","type":"post","link":"https:\/\/hojassueltas.es\/?p=21319","title":{"rendered":"Las maravillas &#8211; Elena Medel"},"content":{"rendered":"<p align=\"justify\"><strong><span style=\"font-size: medium;\">Las maravillas<\/span><\/strong><span style=\"font-size: medium;\">, de Elena Medel, es una de esas obras que confirman que la literatura contempor\u00e1nea espa\u00f1ola mantiene la capacidad de mirar hacia dentro para narrar lo que a menudo se esconde tras las cifras macroecon\u00f3micas, los slogans de progreso y las promesas de ascenso social. Con una prosa intimista y certera, Medel disecciona el reverso cotidiano de la Historia reciente de Espa\u00f1a a trav\u00e9s de dos mujeres que, separadas por una generaci\u00f3n, comparten un mismo itinerario urbano y vital: Mar\u00eda y Alicia. Dos nombres, dos trayectorias, un mismo interrogante sobre la herencia, la clase y la imposici\u00f3n de los cuidados.<\/span><\/p>\n<h2 class=\"western\" align=\"justify\"><span style=\"font-size: medium;\">Sinopsis <\/span><\/h2>\n<p align=\"justify\"><strong><span style=\"font-size: medium;\">Las maravillas<\/span><\/strong><span style=\"font-size: medium;\"> nos cuenta la historia de Mar\u00eda, una joven que abandona una ciudad del sur a finales de los sesenta para labrarse un porvenir en Madrid. D\u00e9cadas despu\u00e9s, Alicia, nacida m\u00e1s de treinta a\u00f1os despu\u00e9s, repite el viaje de su madre \u2212o quiz\u00e1 de su abuela\u2212, confrontando una realidad que, pese a la distancia temporal, sigue marcada por la precariedad. Medel compone as\u00ed un fresco \u00edntimo de dos vidas atravesadas por la falta de dinero, la fragilidad de los v\u00ednculos familiares y la pesada carga de los cuidados. A trav\u00e9s de sus p\u00e1ginas se filtra la pregunta esencial: \u00bfqu\u00e9 une a estas mujeres m\u00e1s all\u00e1 de la sangre? \u00bfQu\u00e9 legado, qu\u00e9 heridas, qu\u00e9 silencios?<\/span><\/p>\n<h2 class=\"western\" align=\"justify\"><span style=\"font-size: medium;\">An\u00e1lisis <\/span><\/h2>\n<p align=\"justify\"><span style=\"font-size: medium;\">La novela se organiza en cap\u00edtulos que alternan las perspectivas de Mar\u00eda y Alicia, yuxtaponiendo tiempos y espacios para evidenciar la repetici\u00f3n de patrones sociales. Medel no construye una l\u00ednea recta, sino un vaiv\u00e9n temporal que imita la memoria: saltos hacia atr\u00e1s y adelante, flashes de infancia, trabajo, maternidad, silencios y rutinas. El efecto de esta estructura fragmentaria es una sensaci\u00f3n de continuidad quebrada, un r\u00edo subterr\u00e1neo que une a ambas protagonistas aunque nunca lleguen a encontrarse de verdad. La autora maneja bien estos cambios de foco y ritmo, evitando la confusi\u00f3n y logrando que cada fragmento aporte una nueva capa de sentido.<\/span><\/p>\n<p align=\"justify\"><span style=\"font-size: medium;\">Mar\u00eda y Alicia no son hero\u00ednas ni m\u00e1rtires: son mujeres corrientes, moldeadas por un entorno que apenas deja resquicio a la elecci\u00f3n personal. Mar\u00eda, obligada a buscarse la vida lejos de su hogar, encarna la generaci\u00f3n que sostuvo la transici\u00f3n con su mano de obra silenciosa. Alicia, m\u00e1s de tres d\u00e9cadas despu\u00e9s, hereda no solo una genealog\u00eda femenina de sacrificios sino tambi\u00e9n la carga simb\u00f3lica de una emancipaci\u00f3n que no llega a concretarse del todo. Sus rasgos est\u00e1n dibujados con sobriedad, evitando el melodrama: Medel conf\u00eda en los gestos m\u00ednimos, en los pensamientos callados, en las rutinas que delatan frustraciones y deseos soterrados. A su alrededor, personajes secundarios \u2212vecinas, parejas ocasionales, jefes, compa\u00f1eros de piso\u2212 configuran un microcosmos reconocible para cualquiera que haya habitado la periferia urbana o haya sentido la soledad que impone la gran ciudad.<\/span><\/p>\n<p align=\"justify\"><span style=\"font-size: medium;\">El estilo de Medel se caracteriza por la contenci\u00f3n l\u00edrica: frases medidas, im\u00e1genes precisas, un tono que oscila entre la ternura y la denuncia sin perder la compostura po\u00e9tica. La narraci\u00f3n combina la tercera persona con una focalizaci\u00f3n muy cercana a la conciencia de las protagonistas, lo que permite que la voz narrativa penetre en los repliegues emocionales sin juzgar. Los di\u00e1logos son escasos y funcionales, subordinados al mon\u00f3logo interior y a la descripci\u00f3n de escenarios cotidianos: pisos compartidos, vagones de metro, calles grises, bares de barrio. Medel sabe capturar la textura de lo ordinario: la luz filtrada por una ventana mal sellada, la grasa de un plato compartido, la espera en la parada de autob\u00fas. Todo esto confiere al relato un realismo casi documental, aunque tamizado por la mirada po\u00e9tica de la autora.<\/span><\/p>\n<p align=\"justify\"><strong><span style=\"font-size: medium;\">Las maravillas<\/span><\/strong><span style=\"font-size: medium;\"> se inscribe en una tradici\u00f3n de literatura social espa\u00f1ola que, desde Carmen Laforet hasta Marta Sanz, se ha preocupado por dar voz a quienes sostienen los m\u00e1rgenes. La novela dialoga con el auge reciente de la narrativa feminista que revisita la Historia no desde los grandes hitos, sino desde la experiencia material de los cuerpos: la maternidad no deseada, el trabajo no remunerado, la explotaci\u00f3n laboral. Adem\u00e1s, Medel sit\u00faa su relato en la periferia madrile\u00f1a, un territorio que refleja la brecha de clase a\u00fan vigente pese a d\u00e9cadas de modernizaci\u00f3n. En este sentido, la obra tambi\u00e9n conecta con la literatura europea contempor\u00e1nea que explora la precariedad estructural (pi\u00e9nsese en Annie Ernaux o \u00c9douard Louis) y se distancia de ficciones de consumo r\u00e1pido que idealizan la ciudad como espacio de oportunidades sin mostrar su reverso de desigualdad.<\/span><\/p>\n<p align=\"justify\"><span style=\"font-size: medium;\">El dinero, o m\u00e1s bien su ausencia, vertebra toda la novela. No hay herej\u00edas ni teor\u00edas econ\u00f3micas, sino la constataci\u00f3n de que la falta de recursos condiciona cada decisi\u00f3n: mudarse, separarse, cuidar o no cuidar. El t\u00edtulo, <\/span><strong><span style=\"font-size: medium;\">Las maravillas<\/span><\/strong><span style=\"font-size: medium;\">, encierra una iron\u00eda: las maravillas prometidas \u2212el ascenso social, la autonom\u00eda econ\u00f3mica, la libertad individual\u2212 se desdibujan ante la inercia de la pobreza heredada. La novela cuestiona el mito de la meritocracia y pone en primer plano la cadena de cuidados como herencia invisible: madres que no pueden cuidar, hijas que tampoco cuidan. Medel sugiere que la solidaridad intergeneracional no siempre es virtud, sino a veces trampa: un deber que perpet\u00faa la precariedad. A ello se suma un simbolismo sutil: la casa compartida como laberinto, la l\u00ednea de autob\u00fas como frontera invisible entre clases, el cuerpo femenino como archivo de renuncias y deseos.<\/span><\/p>\n<h2 class=\"western\" align=\"justify\"><span style=\"font-size: medium;\">Valoraci\u00f3n de Punto y Seguido<\/span><\/h2>\n<p align=\"justify\"><strong><span style=\"font-size: medium;\">Las maravillas<\/span><\/strong><span style=\"font-size: medium;\"> confirma a Elena Medel como una voz necesaria en el panorama literario actual. Su apuesta por una narrativa de lo cotidiano, sostenida en una prosa delicada pero incisiva, logra visibilizar vidas a menudo ignoradas por la gran Historia. La novela brilla por su honradez: no hay concesiones sentimentales ni finales redentores, solo la constataci\u00f3n de una lucha silenciosa. Quiz\u00e1 pueda achac\u00e1rsele cierta dispersi\u00f3n narrativa en algunos tramos, pues la estructura fragmentaria, aunque coherente con la memoria y la precariedad que retrata, puede diluir la tensi\u00f3n dram\u00e1tica. Sin embargo, este leve inconveniente no resta m\u00e9rito a una obra que obliga a preguntarse: \u00bfqu\u00e9 papel juega la clase en nuestra biograf\u00eda? \u00bfQu\u00e9 herencia pesa m\u00e1s, la de la sangre o la del dinero que nunca llega?<\/span><\/p>\n<h2 class=\"western\" align=\"justify\"><span style=\"font-size: medium;\">Sobre la autora<\/span><\/h2>\n<p align=\"justify\"><strong><span style=\"font-size: medium;\">Elena Medel<\/span><\/strong><span style=\"font-size: medium;\"> (C\u00f3rdoba, 1985) es poeta, editora y narradora. Ha publicado poemarios como <\/span><em><span style=\"font-size: medium;\">Mi primer bikini<\/span><\/em><span style=\"font-size: medium;\"> y <\/span><em><span style=\"font-size: medium;\">Chatterton<\/span><\/em><span style=\"font-size: medium;\">, consolid\u00e1ndose como una de las voces m\u00e1s originales de la poes\u00eda espa\u00f1ola contempor\u00e1nea. <\/span><em><span style=\"font-size: medium;\">Las maravillas<\/span><\/em><span style=\"font-size: medium;\"> es su primera novela y ha supuesto un salto notable en su trayectoria, cosechando elogios dentro y fuera de Espa\u00f1a y siendo traducida a m\u00e1s de quince idiomas.<\/span><\/p>\n<p align=\"justify\"><strong><span style=\"font-size: medium;\">Obras relacionadas:<\/span><\/strong><span style=\"font-size: medium;\"> Para lectores interesados en tem\u00e1ticas similares, cabr\u00eda recomendar <\/span><em><span style=\"font-size: medium;\">Nada<\/span><\/em><span style=\"font-size: medium;\">, de Carmen Laforet; <\/span><em><span style=\"font-size: medium;\">Clav\u00edcula<\/span><\/em><span style=\"font-size: medium;\">, de Marta Sanz, o <\/span><em><span style=\"font-size: medium;\">Los a\u00f1os<\/span><\/em><span style=\"font-size: medium;\">, de Annie Ernaux, t\u00edtulos que tambi\u00e9n exploran la relaci\u00f3n entre memoria, precariedad y cuerpo femenino.<\/span><\/p>\n","protected":false},"excerpt":{"rendered":"<p>Las maravillas, de Elena Medel, es una de esas obras que confirman que la literatura contempor\u00e1nea espa\u00f1ola mantiene la capacidad de mirar hacia dentro para narrar lo que a menudo se esconde tras las cifras macroecon\u00f3micas, los slogans de progreso y las promesas de ascenso social. Con una prosa intimista y certera, Medel disecciona el [&hellip;]<\/p>\n","protected":false},"author":96,"featured_media":21320,"comment_status":"open","ping_status":"closed","sticky":false,"template":"","format":"standard","meta":{"footnotes":""},"categories":[2604],"tags":[10,2516],"class_list":{"0":"post-21319","1":"post","2":"type-post","3":"status-publish","4":"format-standard","5":"has-post-thumbnail","7":"category-titulos-rescatados","8":"tag-anagrama-editorial","9":"tag-elena-medel"},"yoast_head":"<!-- This site is optimized with the Yoast SEO plugin v27.5 - https:\/\/yoast.com\/product\/yoast-seo-wordpress\/ -->\n<title>Las maravillas - Elena Medel | HOJAS SUELTAS Peri\u00f3dico Cultural<\/title>\n<meta name=\"description\" content=\"LIBROS. NARRATIVA. RESE\u00d1A de Punto y Seguido: Una novela generacional sobre mujeres invisibles, precariedad y v\u00ednculos familiares, narrada con una prosa l\u00edrica que convierte lo cotidiano en poes\u00eda social.\" \/>\n<meta name=\"robots\" content=\"index, follow, max-snippet:-1, max-image-preview:large, max-video-preview:-1\" \/>\n<link rel=\"canonical\" href=\"https:\/\/hojassueltas.es\/?p=21319\" \/>\n<meta property=\"og:locale\" content=\"es_ES\" \/>\n<meta property=\"og:type\" content=\"article\" \/>\n<meta property=\"og:title\" content=\"Las maravillas - Elena Medel | HOJAS SUELTAS Peri\u00f3dico Cultural\" \/>\n<meta property=\"og:description\" content=\"LIBROS. NARRATIVA. RESE\u00d1A de Punto y Seguido: Una novela generacional sobre mujeres invisibles, precariedad y v\u00ednculos familiares, narrada con una prosa l\u00edrica que convierte lo cotidiano en poes\u00eda social.\" \/>\n<meta property=\"og:url\" content=\"https:\/\/hojassueltas.es\/?p=21319\" \/>\n<meta property=\"og:site_name\" content=\"HOJAS SUELTAS Peri\u00f3dico Cultural\" \/>\n<meta property=\"article:published_time\" content=\"2025-07-22T23:00:15+00:00\" \/>\n<meta property=\"article:modified_time\" content=\"2026-02-14T11:02:06+00:00\" \/>\n<meta property=\"og:image\" content=\"https:\/\/hojassueltas.es\/wp-content\/uploads\/2025\/07\/Las-Maravillas_H.S.png\" \/>\n\t<meta property=\"og:image:width\" content=\"410\" \/>\n\t<meta property=\"og:image:height\" content=\"580\" \/>\n\t<meta property=\"og:image:type\" content=\"image\/png\" \/>\n<meta name=\"author\" content=\"Punto y Seguido - Susana Di\u00e9guez\" \/>\n<meta name=\"twitter:card\" content=\"summary_large_image\" \/>\n<meta name=\"twitter:creator\" content=\"@HOJASSUELTAS22\" \/>\n<meta name=\"twitter:site\" content=\"@HOJASSUELTAS22\" \/>\n<meta name=\"twitter:label1\" content=\"Escrito por\" \/>\n\t<meta name=\"twitter:data1\" content=\"Punto y Seguido - Susana Di\u00e9guez\" \/>\n\t<meta name=\"twitter:label2\" content=\"Tiempo de lectura\" \/>\n\t<meta name=\"twitter:data2\" content=\"6 minutos\" \/>\n<script type=\"application\/ld+json\" class=\"yoast-schema-graph\">{\"@context\":\"https:\\\/\\\/schema.org\",\"@graph\":[{\"@type\":[\"Article\",\"BlogPosting\"],\"@id\":\"https:\\\/\\\/hojassueltas.es\\\/?p=21319#article\",\"isPartOf\":{\"@id\":\"https:\\\/\\\/hojassueltas.es\\\/?p=21319\"},\"author\":{\"name\":\"Punto y Seguido - Susana Di\u00e9guez\",\"@id\":\"https:\\\/\\\/hojassueltas.es\\\/#\\\/schema\\\/person\\\/0cc721d1681d3b691885d6bdbe2ad009\"},\"headline\":\"Las maravillas &#8211; Elena Medel\",\"datePublished\":\"2025-07-22T23:00:15+00:00\",\"dateModified\":\"2026-02-14T11:02:06+00:00\",\"mainEntityOfPage\":{\"@id\":\"https:\\\/\\\/hojassueltas.es\\\/?p=21319\"},\"wordCount\":1216,\"commentCount\":0,\"publisher\":{\"@id\":\"https:\\\/\\\/hojassueltas.es\\\/#organization\"},\"image\":{\"@id\":\"https:\\\/\\\/hojassueltas.es\\\/?p=21319#primaryimage\"},\"thumbnailUrl\":\"https:\\\/\\\/hojassueltas.es\\\/wp-content\\\/uploads\\\/2025\\\/07\\\/Las-Maravillas_H.S.png\",\"keywords\":[\"Anagrama Editorial\",\"Elena Medel\"],\"articleSection\":[\"T\u00cdTULOS RESCATADOS\"],\"inLanguage\":\"es\",\"potentialAction\":[{\"@type\":\"CommentAction\",\"name\":\"Comment\",\"target\":[\"https:\\\/\\\/hojassueltas.es\\\/?p=21319#respond\"]}]},{\"@type\":\"WebPage\",\"@id\":\"https:\\\/\\\/hojassueltas.es\\\/?p=21319\",\"url\":\"https:\\\/\\\/hojassueltas.es\\\/?p=21319\",\"name\":\"Las maravillas - Elena Medel | HOJAS SUELTAS Peri\u00f3dico Cultural\",\"isPartOf\":{\"@id\":\"https:\\\/\\\/hojassueltas.es\\\/#website\"},\"primaryImageOfPage\":{\"@id\":\"https:\\\/\\\/hojassueltas.es\\\/?p=21319#primaryimage\"},\"image\":{\"@id\":\"https:\\\/\\\/hojassueltas.es\\\/?p=21319#primaryimage\"},\"thumbnailUrl\":\"https:\\\/\\\/hojassueltas.es\\\/wp-content\\\/uploads\\\/2025\\\/07\\\/Las-Maravillas_H.S.png\",\"datePublished\":\"2025-07-22T23:00:15+00:00\",\"dateModified\":\"2026-02-14T11:02:06+00:00\",\"description\":\"LIBROS. NARRATIVA. RESE\u00d1A de Punto y Seguido: Una novela generacional sobre mujeres invisibles, precariedad y v\u00ednculos familiares, narrada con una prosa l\u00edrica que convierte lo cotidiano en poes\u00eda social.\",\"breadcrumb\":{\"@id\":\"https:\\\/\\\/hojassueltas.es\\\/?p=21319#breadcrumb\"},\"inLanguage\":\"es\",\"potentialAction\":[{\"@type\":\"ReadAction\",\"target\":[\"https:\\\/\\\/hojassueltas.es\\\/?p=21319\"]}]},{\"@type\":\"ImageObject\",\"inLanguage\":\"es\",\"@id\":\"https:\\\/\\\/hojassueltas.es\\\/?p=21319#primaryimage\",\"url\":\"https:\\\/\\\/hojassueltas.es\\\/wp-content\\\/uploads\\\/2025\\\/07\\\/Las-Maravillas_H.S.png\",\"contentUrl\":\"https:\\\/\\\/hojassueltas.es\\\/wp-content\\\/uploads\\\/2025\\\/07\\\/Las-Maravillas_H.S.png\",\"width\":410,\"height\":580},{\"@type\":\"BreadcrumbList\",\"@id\":\"https:\\\/\\\/hojassueltas.es\\\/?p=21319#breadcrumb\",\"itemListElement\":[{\"@type\":\"ListItem\",\"position\":1,\"name\":\"Portada\",\"item\":\"https:\\\/\\\/hojassueltas.es\\\/\"},{\"@type\":\"ListItem\",\"position\":2,\"name\":\"Las maravillas &#8211; Elena Medel\"}]},{\"@type\":\"WebSite\",\"@id\":\"https:\\\/\\\/hojassueltas.es\\\/#website\",\"url\":\"https:\\\/\\\/hojassueltas.es\\\/\",\"name\":\"HojasSueltas.es\",\"description\":\"GRANADA - Peri\u00f3dico Cultural\",\"publisher\":{\"@id\":\"https:\\\/\\\/hojassueltas.es\\\/#organization\"},\"alternateName\":\"H.S. Periodico Cultural\",\"potentialAction\":[{\"@type\":\"SearchAction\",\"target\":{\"@type\":\"EntryPoint\",\"urlTemplate\":\"https:\\\/\\\/hojassueltas.es\\\/?s={search_term_string}\"},\"query-input\":{\"@type\":\"PropertyValueSpecification\",\"valueRequired\":true,\"valueName\":\"search_term_string\"}}],\"inLanguage\":\"es\"},{\"@type\":\"Organization\",\"@id\":\"https:\\\/\\\/hojassueltas.es\\\/#organization\",\"name\":\"HOJAS SUELTAS - Peri\u00f3dico Cultural\",\"alternateName\":\"HS - HOJAS SUELTAS Peri\u00f3dico Cultural\",\"url\":\"https:\\\/\\\/hojassueltas.es\\\/\",\"logo\":{\"@type\":\"ImageObject\",\"inLanguage\":\"es\",\"@id\":\"https:\\\/\\\/hojassueltas.es\\\/#\\\/schema\\\/logo\\\/image\\\/\",\"url\":\"https:\\\/\\\/hojassueltas.es\\\/wp-content\\\/uploads\\\/2025\\\/08\\\/Icono-HS_2.png\",\"contentUrl\":\"https:\\\/\\\/hojassueltas.es\\\/wp-content\\\/uploads\\\/2025\\\/08\\\/Icono-HS_2.png\",\"width\":500,\"height\":500,\"caption\":\"HOJAS SUELTAS - Peri\u00f3dico Cultural\"},\"image\":{\"@id\":\"https:\\\/\\\/hojassueltas.es\\\/#\\\/schema\\\/logo\\\/image\\\/\"},\"sameAs\":[\"https:\\\/\\\/x.com\\\/HOJASSUELTAS22\"]},{\"@type\":\"Person\",\"@id\":\"https:\\\/\\\/hojassueltas.es\\\/#\\\/schema\\\/person\\\/0cc721d1681d3b691885d6bdbe2ad009\",\"name\":\"Punto y Seguido - Susana Di\u00e9guez\",\"image\":{\"@type\":\"ImageObject\",\"inLanguage\":\"es\",\"@id\":\"https:\\\/\\\/hojassueltas.es\\\/wp-content\\\/uploads\\\/2026\\\/02\\\/Retrato-familiar-en-casa-de-Susana-96x96.png\",\"url\":\"https:\\\/\\\/hojassueltas.es\\\/wp-content\\\/uploads\\\/2026\\\/02\\\/Retrato-familiar-en-casa-de-Susana-96x96.png\",\"contentUrl\":\"https:\\\/\\\/hojassueltas.es\\\/wp-content\\\/uploads\\\/2026\\\/02\\\/Retrato-familiar-en-casa-de-Susana-96x96.png\",\"caption\":\"Punto y Seguido - Susana Di\u00e9guez\"},\"url\":\"https:\\\/\\\/hojassueltas.es\\\/?author=96\"}]}<\/script>\n<!-- \/ Yoast SEO plugin. -->","yoast_head_json":{"title":"Las maravillas - Elena Medel | HOJAS SUELTAS Peri\u00f3dico Cultural","description":"LIBROS. NARRATIVA. RESE\u00d1A de Punto y Seguido: Una novela generacional sobre mujeres invisibles, precariedad y v\u00ednculos familiares, narrada con una prosa l\u00edrica que convierte lo cotidiano en poes\u00eda social.","robots":{"index":"index","follow":"follow","max-snippet":"max-snippet:-1","max-image-preview":"max-image-preview:large","max-video-preview":"max-video-preview:-1"},"canonical":"https:\/\/hojassueltas.es\/?p=21319","og_locale":"es_ES","og_type":"article","og_title":"Las maravillas - Elena Medel | HOJAS SUELTAS Peri\u00f3dico Cultural","og_description":"LIBROS. NARRATIVA. RESE\u00d1A de Punto y Seguido: Una novela generacional sobre mujeres invisibles, precariedad y v\u00ednculos familiares, narrada con una prosa l\u00edrica que convierte lo cotidiano en poes\u00eda social.","og_url":"https:\/\/hojassueltas.es\/?p=21319","og_site_name":"HOJAS SUELTAS Peri\u00f3dico Cultural","article_published_time":"2025-07-22T23:00:15+00:00","article_modified_time":"2026-02-14T11:02:06+00:00","og_image":[{"width":410,"height":580,"url":"https:\/\/hojassueltas.es\/wp-content\/uploads\/2025\/07\/Las-Maravillas_H.S.png","type":"image\/png"}],"author":"Punto y Seguido - Susana Di\u00e9guez","twitter_card":"summary_large_image","twitter_creator":"@HOJASSUELTAS22","twitter_site":"@HOJASSUELTAS22","twitter_misc":{"Escrito por":"Punto y Seguido - Susana Di\u00e9guez","Tiempo de lectura":"6 minutos"},"schema":{"@context":"https:\/\/schema.org","@graph":[{"@type":["Article","BlogPosting"],"@id":"https:\/\/hojassueltas.es\/?p=21319#article","isPartOf":{"@id":"https:\/\/hojassueltas.es\/?p=21319"},"author":{"name":"Punto y Seguido - Susana Di\u00e9guez","@id":"https:\/\/hojassueltas.es\/#\/schema\/person\/0cc721d1681d3b691885d6bdbe2ad009"},"headline":"Las maravillas &#8211; Elena Medel","datePublished":"2025-07-22T23:00:15+00:00","dateModified":"2026-02-14T11:02:06+00:00","mainEntityOfPage":{"@id":"https:\/\/hojassueltas.es\/?p=21319"},"wordCount":1216,"commentCount":0,"publisher":{"@id":"https:\/\/hojassueltas.es\/#organization"},"image":{"@id":"https:\/\/hojassueltas.es\/?p=21319#primaryimage"},"thumbnailUrl":"https:\/\/hojassueltas.es\/wp-content\/uploads\/2025\/07\/Las-Maravillas_H.S.png","keywords":["Anagrama Editorial","Elena Medel"],"articleSection":["T\u00cdTULOS RESCATADOS"],"inLanguage":"es","potentialAction":[{"@type":"CommentAction","name":"Comment","target":["https:\/\/hojassueltas.es\/?p=21319#respond"]}]},{"@type":"WebPage","@id":"https:\/\/hojassueltas.es\/?p=21319","url":"https:\/\/hojassueltas.es\/?p=21319","name":"Las maravillas - Elena Medel | HOJAS SUELTAS Peri\u00f3dico Cultural","isPartOf":{"@id":"https:\/\/hojassueltas.es\/#website"},"primaryImageOfPage":{"@id":"https:\/\/hojassueltas.es\/?p=21319#primaryimage"},"image":{"@id":"https:\/\/hojassueltas.es\/?p=21319#primaryimage"},"thumbnailUrl":"https:\/\/hojassueltas.es\/wp-content\/uploads\/2025\/07\/Las-Maravillas_H.S.png","datePublished":"2025-07-22T23:00:15+00:00","dateModified":"2026-02-14T11:02:06+00:00","description":"LIBROS. NARRATIVA. RESE\u00d1A de Punto y Seguido: Una novela generacional sobre mujeres invisibles, precariedad y v\u00ednculos familiares, narrada con una prosa l\u00edrica que convierte lo cotidiano en poes\u00eda social.","breadcrumb":{"@id":"https:\/\/hojassueltas.es\/?p=21319#breadcrumb"},"inLanguage":"es","potentialAction":[{"@type":"ReadAction","target":["https:\/\/hojassueltas.es\/?p=21319"]}]},{"@type":"ImageObject","inLanguage":"es","@id":"https:\/\/hojassueltas.es\/?p=21319#primaryimage","url":"https:\/\/hojassueltas.es\/wp-content\/uploads\/2025\/07\/Las-Maravillas_H.S.png","contentUrl":"https:\/\/hojassueltas.es\/wp-content\/uploads\/2025\/07\/Las-Maravillas_H.S.png","width":410,"height":580},{"@type":"BreadcrumbList","@id":"https:\/\/hojassueltas.es\/?p=21319#breadcrumb","itemListElement":[{"@type":"ListItem","position":1,"name":"Portada","item":"https:\/\/hojassueltas.es\/"},{"@type":"ListItem","position":2,"name":"Las maravillas &#8211; Elena Medel"}]},{"@type":"WebSite","@id":"https:\/\/hojassueltas.es\/#website","url":"https:\/\/hojassueltas.es\/","name":"HojasSueltas.es","description":"GRANADA - Peri\u00f3dico Cultural","publisher":{"@id":"https:\/\/hojassueltas.es\/#organization"},"alternateName":"H.S. Periodico Cultural","potentialAction":[{"@type":"SearchAction","target":{"@type":"EntryPoint","urlTemplate":"https:\/\/hojassueltas.es\/?s={search_term_string}"},"query-input":{"@type":"PropertyValueSpecification","valueRequired":true,"valueName":"search_term_string"}}],"inLanguage":"es"},{"@type":"Organization","@id":"https:\/\/hojassueltas.es\/#organization","name":"HOJAS SUELTAS - Peri\u00f3dico Cultural","alternateName":"HS - HOJAS SUELTAS Peri\u00f3dico Cultural","url":"https:\/\/hojassueltas.es\/","logo":{"@type":"ImageObject","inLanguage":"es","@id":"https:\/\/hojassueltas.es\/#\/schema\/logo\/image\/","url":"https:\/\/hojassueltas.es\/wp-content\/uploads\/2025\/08\/Icono-HS_2.png","contentUrl":"https:\/\/hojassueltas.es\/wp-content\/uploads\/2025\/08\/Icono-HS_2.png","width":500,"height":500,"caption":"HOJAS SUELTAS - Peri\u00f3dico Cultural"},"image":{"@id":"https:\/\/hojassueltas.es\/#\/schema\/logo\/image\/"},"sameAs":["https:\/\/x.com\/HOJASSUELTAS22"]},{"@type":"Person","@id":"https:\/\/hojassueltas.es\/#\/schema\/person\/0cc721d1681d3b691885d6bdbe2ad009","name":"Punto y Seguido - Susana Di\u00e9guez","image":{"@type":"ImageObject","inLanguage":"es","@id":"https:\/\/hojassueltas.es\/wp-content\/uploads\/2026\/02\/Retrato-familiar-en-casa-de-Susana-96x96.png","url":"https:\/\/hojassueltas.es\/wp-content\/uploads\/2026\/02\/Retrato-familiar-en-casa-de-Susana-96x96.png","contentUrl":"https:\/\/hojassueltas.es\/wp-content\/uploads\/2026\/02\/Retrato-familiar-en-casa-de-Susana-96x96.png","caption":"Punto y Seguido - Susana Di\u00e9guez"},"url":"https:\/\/hojassueltas.es\/?author=96"}]}},"_links":{"self":[{"href":"https:\/\/hojassueltas.es\/index.php?rest_route=\/wp\/v2\/posts\/21319","targetHints":{"allow":["GET"]}}],"collection":[{"href":"https:\/\/hojassueltas.es\/index.php?rest_route=\/wp\/v2\/posts"}],"about":[{"href":"https:\/\/hojassueltas.es\/index.php?rest_route=\/wp\/v2\/types\/post"}],"author":[{"embeddable":true,"href":"https:\/\/hojassueltas.es\/index.php?rest_route=\/wp\/v2\/users\/96"}],"replies":[{"embeddable":true,"href":"https:\/\/hojassueltas.es\/index.php?rest_route=%2Fwp%2Fv2%2Fcomments&post=21319"}],"version-history":[{"count":1,"href":"https:\/\/hojassueltas.es\/index.php?rest_route=\/wp\/v2\/posts\/21319\/revisions"}],"predecessor-version":[{"id":21321,"href":"https:\/\/hojassueltas.es\/index.php?rest_route=\/wp\/v2\/posts\/21319\/revisions\/21321"}],"wp:featuredmedia":[{"embeddable":true,"href":"https:\/\/hojassueltas.es\/index.php?rest_route=\/wp\/v2\/media\/21320"}],"wp:attachment":[{"href":"https:\/\/hojassueltas.es\/index.php?rest_route=%2Fwp%2Fv2%2Fmedia&parent=21319"}],"wp:term":[{"taxonomy":"category","embeddable":true,"href":"https:\/\/hojassueltas.es\/index.php?rest_route=%2Fwp%2Fv2%2Fcategories&post=21319"},{"taxonomy":"post_tag","embeddable":true,"href":"https:\/\/hojassueltas.es\/index.php?rest_route=%2Fwp%2Fv2%2Ftags&post=21319"}],"curies":[{"name":"wp","href":"https:\/\/api.w.org\/{rel}","templated":true}]}}