{"id":21296,"date":"2025-07-10T00:00:45","date_gmt":"2025-07-09T23:00:45","guid":{"rendered":"https:\/\/hojassueltas.es\/?p=21296"},"modified":"2025-10-20T12:45:14","modified_gmt":"2025-10-20T10:45:14","slug":"la-verdad-sobre-el-caso-savolta-3-eduardo-mendoza","status":"publish","type":"post","link":"https:\/\/hojassueltas.es\/?p=21296","title":{"rendered":"La verdad sobre el caso Savolta 3 &#8211; Eduardo Mendoza"},"content":{"rendered":"<p style=\"text-align: justify;\"><span style=\"font-size: 16px;\">Eduardo Mendoza nunca ha ocultado su afici\u00f3n\u00a0a investigar en bibliotecas, hemerotecas y archivos a fin de documentarse para sus futuras novelas. Como \u00e9l mismo ha indicado \u201ccre\u00eda y sigo creyendo que cuanto m\u00e1s s\u00f3lida es la base real de un relato, m\u00e1s disparates te puedes permitir\u00a0 luego en su confecci\u00f3n. Y en <em>La verdad sobre el caso Savolta<\/em> hay muchas escenas inventadas, tan inveros\u00edmiles como absurdas, junto, pongamos por caso, a una carta que se conserva en el Archivo Fabra de Barcelona, y que yo copi\u00e9 literalmente.\u201d<\/span><\/p>\n<p style=\"text-align: justify;\"><span style=\"font-size: 16px;\">No es casualidad que el tema escogido por Mendoza para su primera novela fuera el per\u00edodo del pistolerismo anarco-sindicalista en Barcelona, dada la naturaleza del trabajo que estaba realizando el escritor en el momento de su concepci\u00f3n. Recordemos que Mendoza se hallaba recopilando documentaci\u00f3n para un litigio por expropiaci\u00f3n contra la empresa <em>Barcelona Traction, Light and Power Company, limited<\/em>, m\u00e1s conocida por <em>La Canadiense<\/em>, responsable del casi completo suministro el\u00e9ctrico a Barcelona durante las primeras d\u00e9cadas del siglo XX.<\/span><\/p>\n<p style=\"text-align: justify;\"><span style=\"font-size: 16px;\">Precisamente, contra <em>La Canadiense<\/em> se produjo en 1919 la primera huelga general obrera de la historia de Espa\u00f1a, que paraliz\u00f3 Barcelona durante 44 d\u00edas, y en la que intervino de forma destacada la fracci\u00f3n anarcosindicalista, muy activa en aquella \u00e9poca. Este dato no le pudo pasar inadvertido a Mendoza, dado que su labor consist\u00eda en poner en pie la historia de <em>La Canadiense<\/em> desde su fundaci\u00f3n hasta su cierre con cuantos datos documentales pudiera recoger en sus investigaciones. De ah\u00ed deriv\u00f3 hacia el inter\u00e9s de libros que trataran el tema del pistolerismo en Barcelona, colosal tel\u00f3n de fondo sobre el que se fundamenta su primera novela.<\/span><\/p>\n<p style=\"text-align: justify;\"><span style=\"font-size: 16px;\">Movido por un rigor que le honra, Mendoza relacion\u00f3 en una Nota al principio de la novela los cinco libros que le hab\u00edan ayudado en su redacci\u00f3n como fuentes hist\u00f3ricas (v\u00e9ase art\u00edculos anteriores,al pie). Sin que el lector fuera consciente, Mendoza ya empezaba su novela con una broma te\u00f1ida de seriedad puesto que las cinco obras eran pr\u00e1cticamente desconocidas y de casi imposible acceso para el p\u00fablico. Lo que no se ha sabido hasta mucho tiempo despu\u00e9s es que en esas obras se conten\u00eda la base argumental de la novela y no s\u00f3lo, como declaraba Mendoza en dicha Nota, \u201c<em>algunos pasajes de este libro (es especial de aquellos escritos en forma de art\u00edculos period\u00edsticos, cartas o documentos)<\/em>\u201d.<\/span><\/p>\n<p style=\"text-align: justify;\"><span style=\"font-size: 16px;\">El escenario novelesco que rodea la acci\u00f3n de la novela salta a la ficci\u00f3n de las p\u00e1ginas de <em>La verdad sobre el terrorismo<\/em>, una obra de Francisco de Paula Calder\u00f3n: el personaje Savolta en realidad se basa en la vida y, sobre todo, la dram\u00e1tica muerte del industrial Josep Albert Barret, acaecida el 8 de enero de 1918, justo una semana despu\u00e9s de la fecha elegida por Mendoza en su novela para se\u00f1alar el asesinato de Savolta (el d\u00eda 1 de enero de 1918). Atribuido en principio a elementos subversivos anarquistas dada la fama de hombre duro de Barret frente a sus operarios (al d\u00eda siguiente del atentado, el diario anarquista Solidaridad Obrera titular\u00e1 su cr\u00f3nica <em>A cada puerco le llega su San Mart\u00edn \u2013<\/em>v\u00e9ase el facs\u00edmil de la noticia m\u00e1s abajo reproducido), termina comprob\u00e1ndose que el asesinato fue instigado por un siniestro personaje al servicio del espionaje alem\u00e1n en la Primera Guerra Mundial, el inspector jefe de la polic\u00eda Manuel Bravo Portillo, con el fin de boicotear el env\u00edo de obuses al ej\u00e9rcito franc\u00e9s, ya que Barret era propietario (como Savolta) de una f\u00e1brica de armas en la carretera del Port (como Savolta).<\/span><\/p>\n<p style=\"text-align: justify;\"><span style=\"font-size: 16px;\">Lo m\u00e1s divertido del caso es que Mendoza se apoya para urdir su trama en fuentes absolutamente dispares que, sin embargo, dan como resultado una sucesi\u00f3n -y una presentaci\u00f3n- de los hechos de lo m\u00e1s convincente. No me resisto a ofrecer, aun de forma somera, una relaci\u00f3n de los\u00a0mismos que, de por s\u00ed, me parecen interesantes:<\/span><\/p>\n<p style=\"text-align: justify;\"><span style=\"font-size: 16px;\">Por un lado, el periodista y sindicalista de la C.N.T., Pere Foix, desentra\u00f1a en su libro <em>Los archivos del terrorismo blanco<\/em> (1931) que el asesinato de Barret no se debi\u00f3 a un conflicto laboral como se quiso hacer creer en su momento, sino a la intervenci\u00f3n directa del espionaje alem\u00e1n. El desencadenante de los hechos fue una huelga en la empresa de armamento de Barret, promovida por un comisario de polic\u00eda, Bravo Portillo. Para ello se ayud\u00f3 de un confidente y trabajador de la f\u00e1brica, de apellido Ferrer, que levanta a los obreros con la excusa de rechazar el fin sangriento de las armas que ellos mismos produc\u00edan (?). Al no ceder el industrial, es asesinado por agentes alemanes.<\/span><\/p>\n<p style=\"text-align: justify;\"><span style=\"font-size: 16px;\">Si bien este hecho ya era conocido, lo m\u00e1s significativo de Foix es la cantidad y variedad de pruebas documentales que aporta en\u00a0su obra y que sin duda fueron fuente de inspiraci\u00f3n de Mendoza a la hora de presentar los hechos de forma fragmentaria (cartas entre los funcionarios de la polic\u00eda, fichas policiales de sindicalistas), as\u00ed como se\u00f1alar la intervenci\u00f3n fundamental de un confidente de la polic\u00eda, el tal Ferrer, que en la novela tomar\u00e1 la apariencia del inefable confidente Nemesio Cabra G\u00f3mez, personaje clave de la obra.<\/span><\/p>\n<p style=\"text-align: justify;\"><span style=\"font-size: 16px;\">Sin embargo, la influencia decisiva del libro de Foix sobre la novela aparece por el lado menos esperado: el comisario Bravo Portillo, el hombre sobre el que pivota la mayor\u00eda de la informaci\u00f3n utilizada por Mendoza, <em>a pesar de no ser incluido en la novela<\/em>. Seg\u00fan Foix: \u201cEl primer patrono que en Barcelona muri\u00f3 a consecuencia de un atentado [Barret] fue debido a Bravo Portillo quien ide\u00f3 y plane\u00f3 el hecho y cobr\u00f3 las pesetas\u201d. El siniestro comisario tambi\u00e9n ser\u00e1 el responsable del asesinato de un sindicalista, Pablo Sabater, alias el Tero.<\/span><\/p>\n<p style=\"text-align: justify;\"><span style=\"font-size: 16px;\">Este hecho se conecta con el segundo de los libros utilizado por Mendoza, <em>Origen y actuaci\u00f3n de los pistoleros<\/em>, del ex comisario de polic\u00eda Manuel Casal G\u00f3mez, evidente trasunto del comisario V\u00e1zquez en <em>el caso Savolta<\/em>, ya que al igual que \u00e9ste, Casal G\u00f3mez conoci\u00f3 los sucesos \u201cpor raz\u00f3n del cargo oficial que tuvo que desempe\u00f1ar cerca de una de las autoridades que intervinieron directamente en tan bochornosos y escandalosos hechos\u201d.<\/span><\/p>\n<p style=\"text-align: justify;\"><span style=\"font-size: 16px;\">En el curso de la obra de Casal G\u00f3mez se narra de forma pormenorizada y, digamos, un tanto teatral, la muerte del sindicalista el Tero, al igual que Mendoza har\u00e1 en la ficci\u00f3n con el atentado contra el sindicalista Vicente Puentegarc\u00eda Garc\u00eda.<\/span><\/p>\n<p style=\"text-align: justify;\"><span style=\"font-size: 16px;\">As\u00ed comienza el comisario Casal presentando a la v\u00edctima:<\/span><\/p>\n<p style=\"text-align: justify;\"><span style=\"font-size: 16px;\"><em>\u201cPablo Sabater (a) \u2018Tero\u2019, hombre de car\u00e1cter levantado y austero, equilibrado y en\u00e9rgico, de recta intenci\u00f3n y clara inteligencia y adem\u00e1s, de una probidad a toda prueba\u2026.\u201d<\/em><\/span><\/p>\n<p style=\"text-align: justify;\"><span style=\"font-size: 16px;\">Y as\u00ed lo cuenta Mendoza, a trav\u00e9s del temperamental art\u00edculo del periodista anarquista Domingo Pajarito de Soto:<\/span><\/p>\n<p style=\"text-align: justify;\"><span style=\"font-size: 16px;\"><em>\u201cEn el curso del conflicto que acabo de describir se hab\u00eda destacado entre los obreros un hombre llamado Vicente Puentegarc\u00eda Garc\u00eda, hombre de car\u00e1cter levantado y austero, equilibrado y en\u00e9rgico, de recta intenci\u00f3n y clara inteligencia y, adem\u00e1s, de una probidad a toda prueba.\u201d<\/em><\/span><\/p>\n<p style=\"text-align: justify;\"><span style=\"font-size: 16px;\">Casal G\u00f3mez describe, de\u00a0manera dir\u00edamos que naturalista, el momento del atentado:<\/span><\/p>\n<p style=\"text-align: justify;\"><span style=\"font-size: 16px;\"><em>\u201cA eso de la una de la madrugada del d\u00eda 17 de julio de 1919, el presidente del Sindicato de Tintoreros, Pablo Sabater (a) \u2018Tero\u2019 regresaba a su domicilio sito en la calle del Dos de Mayo, de la barriada de San Mart\u00edn, completamente tranquilo y muy ajeno por cierto al espantoso atentado de que iba a ser v\u00edctima dos horas m\u00e1s tarde. La noche era deliciosa, apacible, de verano ardiente y voluptuoso. En el cielo puro, l\u00edmpido, sereno y azulado brillaban t\u00edmidamente algunas estrellas, y la democr\u00e1tica calle del Dos de Mayo se ve\u00eda solitaria, quieta, silenciosa. La pl\u00e1cida quietud y el callado reposo de aquella barriada s\u00f3lo era turbado de vez en cuando por las fuertes pisadas del modesto vigilante nocturno \u00c1ngel Garc\u00eda, al hacer el recorrido de la demarcaci\u00f3n a su cargo, sin que \u00e9l, ni nadie, pudiera sospechar el tr\u00e1gico drama que en la soledad misteriosa se estaba incubando y que en breve se iba a desarrollar con la m\u00e1s segura impunidad.\u201d<\/em><\/span><\/p>\n<p style=\"text-align: justify;\"><span style=\"font-size: 16px;\">En la novela, Pajarito de Soto presenta a su vez un conmovedor relato de los hechos:<\/span><\/p>\n<p style=\"text-align: justify;\"><span style=\"font-size: 16px;\"><em>\u201cPues bien, a eso de la una de la madrugada del d\u00eda 27 de septiembre del corriente a\u00f1o, el citado Vicente Puentegarc\u00eda Garc\u00eda regresaba a su domicilio, sito en la calle de la Independencia, en la barriada de San Mart\u00edn, completamente tranquilo y muy ajeno al espantoso atentado de que iba a ser objeto pocos minutos m\u00e1s tarde. La noche era deliciosa, apacible. En el cielo puro, l\u00edmpido, sereno y azulado brillaban t\u00edmidamente algunas estrellas, y la democr\u00e1tica calle de la Independencia se ve\u00eda solitaria, quieta, silenciosa. La pl\u00e1cida quietud y el callado reposo de aquella barriada s\u00f3lo eran turbados de vez en cuando por las fuertes pisadas del modesto vigilante nocturno, \u00c1ngel Peceira, al hacer el recorrido de la demarcaci\u00f3n a su cargo, sin que \u00e9l, ni nadie, pudiera sospechar el tr\u00e1gico drama que en la soledad misteriosa se estaba incubando y que en breve se iba a desarrollar con la m\u00e1s segura impunidad.\u201d<\/em><\/span><\/p>\n<p style=\"text-align: justify;\"><span style=\"font-size: 16px;\">El comisario Casal G\u00f3mez, llevado por las nefastas consecuencias del crimen, aporta sus particulares tintes melodram\u00e1ticos:<\/span><\/p>\n<p style=\"text-align: justify;\"><span style=\"font-size: 16px;\"><em>\u201c\u2026 el rostro del infeliz Sabater se contrae en una horrible mueca de dolor intenso. Y suplica con los ojos humedecidos por el llanto\u2026 El detenido se tambalea, m\u00e1rtir del terrible suplicio que las esposas le producen en las mu\u00f1ecas\u2026La desventurada esposa,\u2026deshecha en l\u00e1grimas se lanza como loca sobre el lecho, hendiendo las paredes con puntiagudos y atravesantes alaridos de dolor, de consternaci\u00f3n tremenda. <\/em><\/span><\/p>\n<p style=\"text-align: justify;\"><span style=\"font-size: 16px;\"><em>\u201cEl infortunado Sabater, al verse a los pies de aquellos facinerosos, sinti\u00f3 un estremecimiento convulsivo, le temblaron las piernas y le casta\u00f1etearon los dientes. Vio r\u00e1fagas de luz, c\u00edrculos luminosos y espadas de fuego\u2026 <\/em><\/span><\/p>\n<p style=\"text-align: justify;\"><span style=\"font-size: 16px;\"><em>\u201c\u2026 Y en los estertores de una agon\u00eda feroz, retorci\u00e9ndose moribundo en un charco de sangre espesa y humeante, aun puede balbucir, despreciativo: <\/em><\/span><\/p>\n<p style=\"text-align: justify;\"><span style=\"font-size: 16px;\"><em>\u201c-\u00a1Miserables! -\u00a1Canallas!\u201d<\/em><\/span><\/p>\n<p style=\"text-align: justify;\"><span style=\"font-size: 16px;\">A estos tintes melodram\u00e1ticos tampoco se resiste el siempre sentimental Pajarito de Soto en la novela de Mendoza:<\/span><\/p>\n<p style=\"text-align: justify;\"><span style=\"font-size: 16px;\"><em>\u201cLlueven los golpes y Puentegarc\u00eda se tambalea, m\u00e1rtir del terrible suplicio que los pu\u00f1etazos le producen, cae al suelo ensangrentado y casi inconsciente. Aun tendido s\u00edguenle propinando puntapi\u00e9s y pu\u00f1etazos los dos asesinos. El infortunado Puentegarc\u00eda, al verse a los pies de aquellos facinerosos, sinti\u00f3 un estremecimiento convulsivo, vio r\u00e1fagas de luz, c\u00edrculos luminosos y espadas de fuego. <\/em><\/span><\/p>\n<p style=\"text-align: justify;\"><span style=\"font-size: 16px;\"><em>\u201cSu desventurada esposa, que ha salido al balc\u00f3n intranquila por la tardanza de su compa\u00f1ero, y advertida por el ruido, se lanza como una loca a la calle, deshecha en l\u00e1grimas, hendiendo los aires con puntiagudos y atravesantes gritos de dolor, de consternaci\u00f3n tremenda. Los cobardes verdugos huyen al verla venir. Atra\u00eddo por los gritos acude el honrado sereno. Entre ambos transportan al lecho el magullado cuerpo del obrero, el cual, retorci\u00e9ndose en un charco de sangre espesa y humeante, a\u00fan puede balbucear despreciativo: \u00ab\u00a1Miserables! \u00a1Canallas!\u00bb\u201d<\/em><\/span><\/p>\n<p style=\"text-align: justify;\"><span style=\"font-size: 16px;\">A pesar de lo que pueda parecer a primera vista, no hay en Mendoza la menor actitud de plagio (y menos con la fecunda imaginaci\u00f3n que ha demostrado sobradamente) sino un mimetismo total con el lenguaje, las impresiones y las formas de una \u00e9poca a\u00fan sorprendida respecto a las muertes violentas en la vida civil. Como dir\u00eda Borges en <em>Pierre Menard, autor del Quijote<\/em>, Mendoza (acaso sin quererlo) enriqueci\u00f3 mediante una t\u00e9cnica nueva el arte detenido y rudimentario de la lectura: la t\u00e9cnica del anacronismo deliberado y de las atribuciones err\u00f3neas.<\/span><\/p>\n<p style=\"text-align: justify;\"><span style=\"font-size: 16px;\">El m\u00e9todo empleado por el autor catal\u00e1n consideraba no solo dominar el contexto en el que se desenvolvieron los hechos narrados en su novela, sino asimilarse, fundirse en ellos: conocer bien los m\u00e9todos policiales, recuperar la fe anarquista, elaborar con la jerga de la \u00e9poca id\u00e9nticos documentos a los entonces elaborados, olvidar la historia entre los a\u00f1os 1917 y 1919.<\/span><\/p>\n<p style=\"text-align: justify;\"><span style=\"font-size: 16px;\">En un momento dado, Mendoza tuvo perfectamente concretados los perfiles del empresario Savolta, del periodista Pajarito de Soto, del voluntarioso comisario V\u00e1zquez, del confidente Nemesio Cabra, entrevistos por el p\u00fablico entre la sucesi\u00f3n de art\u00edculos, cartas, afid\u00e1vits y fichas policiales que trufan la primera parte de la novela y que, como hemos visto, no siempre fueron fruto de su imaginaci\u00f3n (que s\u00ed de su ingenio).<\/span><\/p>\n<p style=\"text-align: justify;\"><span style=\"font-size: 16px;\">Pero faltaba algo, la espoleta que removiera la acci\u00f3n, un personaje procedente de otro contexto y lo suficientemente interesante que atravesara y justificara la historia de principio a fin, y junto a \u00e9l, para darle brillo, el hombre sacrificado, sin fuste, el que no se entera de nada, el que cuenta la novela, un simple empleado de oficina al que llam\u00f3 Javier Miranda, tan parecido al otro escribidor, a ese otro simple empleado de\u00a0oficina llamado Eduardo Mendoza.<\/span><\/p>\n<p>Ver tambi\u00e9n:\u00a0 <a href=\"https:\/\/hojassueltas.es\/?p=20706\"><strong>La verdad sobre el caso Savolta 1<\/strong><\/a><\/p>\n<p><a href=\"https:\/\/hojassueltas.es\/?p=21217\"><strong>La verdad sobre el caso Savolta 2<\/strong><\/a><\/p>\n<p><strong>Jos\u00e9 Luis Alvarado. Todos los derechos reservados. (Cicuatadry)<\/strong><\/p>\n","protected":false},"excerpt":{"rendered":"<p>Eduardo Mendoza nunca ha ocultado su afici\u00f3n\u00a0a investigar en bibliotecas, hemerotecas y archivos a fin de documentarse para sus futuras novelas. Como \u00e9l mismo ha indicado \u201ccre\u00eda y sigo creyendo que cuanto m\u00e1s s\u00f3lida es la base real de un relato, m\u00e1s disparates te puedes permitir\u00a0 luego en su confecci\u00f3n. Y en La verdad sobre [&hellip;]<\/p>\n","protected":false},"author":38,"featured_media":21220,"comment_status":"open","ping_status":"closed","sticky":false,"template":"","format":"standard","meta":{"footnotes":""},"categories":[74],"tags":[245],"class_list":{"0":"post-21296","1":"post","2":"type-post","3":"status-publish","4":"format-standard","5":"has-post-thumbnail","7":"category-resenas","8":"tag-eduardo-mendoza"},"yoast_head":"<!-- This site is optimized with the Yoast SEO plugin v27.5 - https:\/\/yoast.com\/product\/yoast-seo-wordpress\/ -->\n<title>La verdad sobre el caso Savolta 3 - Eduardo Mendoza | HOJAS SUELTAS Peri\u00f3dico Cultural<\/title>\n<meta name=\"description\" content=\"LIBROS. Narrativa: Rese\u00f1a de Jos\u00e9 Luis Alvarado. Continuaci\u00f3n a las rese\u00f1as 1 y 2 sobre el mismo t\u00edtulo, sobre la novela de Eduardo Mendoza\" \/>\n<meta name=\"robots\" content=\"index, follow, max-snippet:-1, max-image-preview:large, max-video-preview:-1\" \/>\n<link rel=\"canonical\" href=\"https:\/\/hojassueltas.es\/?p=21296\" \/>\n<meta property=\"og:locale\" content=\"es_ES\" \/>\n<meta property=\"og:type\" content=\"article\" \/>\n<meta property=\"og:title\" content=\"La verdad sobre el caso Savolta 3 - Eduardo Mendoza | HOJAS SUELTAS Peri\u00f3dico Cultural\" \/>\n<meta property=\"og:description\" content=\"LIBROS. Narrativa: Rese\u00f1a de Jos\u00e9 Luis Alvarado. Continuaci\u00f3n a las rese\u00f1as 1 y 2 sobre el mismo t\u00edtulo, sobre la novela de Eduardo Mendoza\" \/>\n<meta property=\"og:url\" content=\"https:\/\/hojassueltas.es\/?p=21296\" \/>\n<meta property=\"og:site_name\" content=\"HOJAS SUELTAS Peri\u00f3dico Cultural\" \/>\n<meta property=\"article:published_time\" content=\"2025-07-09T23:00:45+00:00\" \/>\n<meta property=\"article:modified_time\" content=\"2025-10-20T10:45:14+00:00\" \/>\n<meta property=\"og:image\" content=\"https:\/\/hojassueltas.es\/wp-content\/uploads\/2025\/07\/lA-VERDAD-_2_H.S.png\" \/>\n\t<meta property=\"og:image:width\" content=\"1080\" \/>\n\t<meta property=\"og:image:height\" content=\"1350\" \/>\n\t<meta property=\"og:image:type\" content=\"image\/png\" \/>\n<meta name=\"author\" content=\"Jos\u00e9 Luis Alvarado\" \/>\n<meta name=\"twitter:card\" content=\"summary_large_image\" \/>\n<meta name=\"twitter:creator\" content=\"@HOJASSUELTAS22\" \/>\n<meta name=\"twitter:site\" content=\"@HOJASSUELTAS22\" \/>\n<meta name=\"twitter:label1\" content=\"Escrito por\" \/>\n\t<meta name=\"twitter:data1\" content=\"Jos\u00e9 Luis Alvarado\" \/>\n\t<meta name=\"twitter:label2\" content=\"Tiempo de lectura\" \/>\n\t<meta name=\"twitter:data2\" content=\"10 minutos\" \/>\n<script type=\"application\/ld+json\" class=\"yoast-schema-graph\">{\"@context\":\"https:\\\/\\\/schema.org\",\"@graph\":[{\"@type\":[\"Article\",\"BlogPosting\"],\"@id\":\"https:\\\/\\\/hojassueltas.es\\\/?p=21296#article\",\"isPartOf\":{\"@id\":\"https:\\\/\\\/hojassueltas.es\\\/?p=21296\"},\"author\":{\"name\":\"Jos\u00e9 Luis Alvarado\",\"@id\":\"https:\\\/\\\/hojassueltas.es\\\/#\\\/schema\\\/person\\\/0fd366c26625fc84c65a74d3da2c6d17\"},\"headline\":\"La verdad sobre el caso Savolta 3 &#8211; Eduardo Mendoza\",\"datePublished\":\"2025-07-09T23:00:45+00:00\",\"dateModified\":\"2025-10-20T10:45:14+00:00\",\"mainEntityOfPage\":{\"@id\":\"https:\\\/\\\/hojassueltas.es\\\/?p=21296\"},\"wordCount\":2298,\"commentCount\":0,\"publisher\":{\"@id\":\"https:\\\/\\\/hojassueltas.es\\\/#organization\"},\"image\":{\"@id\":\"https:\\\/\\\/hojassueltas.es\\\/?p=21296#primaryimage\"},\"thumbnailUrl\":\"https:\\\/\\\/hojassueltas.es\\\/wp-content\\\/uploads\\\/2025\\\/07\\\/lA-VERDAD-_2_H.S.png\",\"keywords\":[\"Eduardo Mendoza\"],\"articleSection\":[\"RESE\u00d1AS\"],\"inLanguage\":\"es\",\"potentialAction\":[{\"@type\":\"CommentAction\",\"name\":\"Comment\",\"target\":[\"https:\\\/\\\/hojassueltas.es\\\/?p=21296#respond\"]}]},{\"@type\":\"WebPage\",\"@id\":\"https:\\\/\\\/hojassueltas.es\\\/?p=21296\",\"url\":\"https:\\\/\\\/hojassueltas.es\\\/?p=21296\",\"name\":\"La verdad sobre el caso Savolta 3 - Eduardo Mendoza | HOJAS SUELTAS Peri\u00f3dico Cultural\",\"isPartOf\":{\"@id\":\"https:\\\/\\\/hojassueltas.es\\\/#website\"},\"primaryImageOfPage\":{\"@id\":\"https:\\\/\\\/hojassueltas.es\\\/?p=21296#primaryimage\"},\"image\":{\"@id\":\"https:\\\/\\\/hojassueltas.es\\\/?p=21296#primaryimage\"},\"thumbnailUrl\":\"https:\\\/\\\/hojassueltas.es\\\/wp-content\\\/uploads\\\/2025\\\/07\\\/lA-VERDAD-_2_H.S.png\",\"datePublished\":\"2025-07-09T23:00:45+00:00\",\"dateModified\":\"2025-10-20T10:45:14+00:00\",\"description\":\"LIBROS. Narrativa: Rese\u00f1a de Jos\u00e9 Luis Alvarado. Continuaci\u00f3n a las rese\u00f1as 1 y 2 sobre el mismo t\u00edtulo, sobre la novela de Eduardo Mendoza\",\"breadcrumb\":{\"@id\":\"https:\\\/\\\/hojassueltas.es\\\/?p=21296#breadcrumb\"},\"inLanguage\":\"es\",\"potentialAction\":[{\"@type\":\"ReadAction\",\"target\":[\"https:\\\/\\\/hojassueltas.es\\\/?p=21296\"]}]},{\"@type\":\"ImageObject\",\"inLanguage\":\"es\",\"@id\":\"https:\\\/\\\/hojassueltas.es\\\/?p=21296#primaryimage\",\"url\":\"https:\\\/\\\/hojassueltas.es\\\/wp-content\\\/uploads\\\/2025\\\/07\\\/lA-VERDAD-_2_H.S.png\",\"contentUrl\":\"https:\\\/\\\/hojassueltas.es\\\/wp-content\\\/uploads\\\/2025\\\/07\\\/lA-VERDAD-_2_H.S.png\",\"width\":1080,\"height\":1350},{\"@type\":\"BreadcrumbList\",\"@id\":\"https:\\\/\\\/hojassueltas.es\\\/?p=21296#breadcrumb\",\"itemListElement\":[{\"@type\":\"ListItem\",\"position\":1,\"name\":\"Portada\",\"item\":\"https:\\\/\\\/hojassueltas.es\\\/\"},{\"@type\":\"ListItem\",\"position\":2,\"name\":\"La verdad sobre el caso Savolta 3 &#8211; Eduardo Mendoza\"}]},{\"@type\":\"WebSite\",\"@id\":\"https:\\\/\\\/hojassueltas.es\\\/#website\",\"url\":\"https:\\\/\\\/hojassueltas.es\\\/\",\"name\":\"HojasSueltas.es\",\"description\":\"GRANADA - Peri\u00f3dico Cultural\",\"publisher\":{\"@id\":\"https:\\\/\\\/hojassueltas.es\\\/#organization\"},\"alternateName\":\"H.S. Periodico Cultural\",\"potentialAction\":[{\"@type\":\"SearchAction\",\"target\":{\"@type\":\"EntryPoint\",\"urlTemplate\":\"https:\\\/\\\/hojassueltas.es\\\/?s={search_term_string}\"},\"query-input\":{\"@type\":\"PropertyValueSpecification\",\"valueRequired\":true,\"valueName\":\"search_term_string\"}}],\"inLanguage\":\"es\"},{\"@type\":\"Organization\",\"@id\":\"https:\\\/\\\/hojassueltas.es\\\/#organization\",\"name\":\"HOJAS SUELTAS - Peri\u00f3dico Cultural\",\"alternateName\":\"HS - HOJAS SUELTAS Peri\u00f3dico Cultural\",\"url\":\"https:\\\/\\\/hojassueltas.es\\\/\",\"logo\":{\"@type\":\"ImageObject\",\"inLanguage\":\"es\",\"@id\":\"https:\\\/\\\/hojassueltas.es\\\/#\\\/schema\\\/logo\\\/image\\\/\",\"url\":\"https:\\\/\\\/hojassueltas.es\\\/wp-content\\\/uploads\\\/2025\\\/08\\\/Icono-HS_2.png\",\"contentUrl\":\"https:\\\/\\\/hojassueltas.es\\\/wp-content\\\/uploads\\\/2025\\\/08\\\/Icono-HS_2.png\",\"width\":500,\"height\":500,\"caption\":\"HOJAS SUELTAS - Peri\u00f3dico Cultural\"},\"image\":{\"@id\":\"https:\\\/\\\/hojassueltas.es\\\/#\\\/schema\\\/logo\\\/image\\\/\"},\"sameAs\":[\"https:\\\/\\\/x.com\\\/HOJASSUELTAS22\"]},{\"@type\":\"Person\",\"@id\":\"https:\\\/\\\/hojassueltas.es\\\/#\\\/schema\\\/person\\\/0fd366c26625fc84c65a74d3da2c6d17\",\"name\":\"Jos\u00e9 Luis Alvarado\",\"image\":{\"@type\":\"ImageObject\",\"inLanguage\":\"es\",\"@id\":\"https:\\\/\\\/hojassueltas.es\\\/wp-content\\\/uploads\\\/2023\\\/04\\\/jefe-96x96.png\",\"url\":\"https:\\\/\\\/hojassueltas.es\\\/wp-content\\\/uploads\\\/2023\\\/04\\\/jefe-96x96.png\",\"contentUrl\":\"https:\\\/\\\/hojassueltas.es\\\/wp-content\\\/uploads\\\/2023\\\/04\\\/jefe-96x96.png\",\"caption\":\"Jos\u00e9 Luis Alvarado\"},\"description\":\"Dijo el sabio griego que nada es comunicable por el arte de la escritura; tras apurar la copa de seca cicuta, su disc\u00edpulo dilecto lo traicion\u00f3 y acaso lo perfeccion\u00f3 transmitiendo por escrito sus ir\u00f3nicos conocimientos. Como antes hiciera Montaigne, pienso que la obra de un autor se prolonga y modifica cada vez que se escribe sobre ella. La memoria, que fue oral y minoritaria, ahora se multiplica con cada palabra que integra y justifica el continuo universo, tambi\u00e9n llamado la Red.\",\"url\":\"https:\\\/\\\/hojassueltas.es\\\/?author=38\"}]}<\/script>\n<!-- \/ Yoast SEO plugin. -->","yoast_head_json":{"title":"La verdad sobre el caso Savolta 3 - Eduardo Mendoza | HOJAS SUELTAS Peri\u00f3dico Cultural","description":"LIBROS. Narrativa: Rese\u00f1a de Jos\u00e9 Luis Alvarado. Continuaci\u00f3n a las rese\u00f1as 1 y 2 sobre el mismo t\u00edtulo, sobre la novela de Eduardo Mendoza","robots":{"index":"index","follow":"follow","max-snippet":"max-snippet:-1","max-image-preview":"max-image-preview:large","max-video-preview":"max-video-preview:-1"},"canonical":"https:\/\/hojassueltas.es\/?p=21296","og_locale":"es_ES","og_type":"article","og_title":"La verdad sobre el caso Savolta 3 - Eduardo Mendoza | HOJAS SUELTAS Peri\u00f3dico Cultural","og_description":"LIBROS. Narrativa: Rese\u00f1a de Jos\u00e9 Luis Alvarado. Continuaci\u00f3n a las rese\u00f1as 1 y 2 sobre el mismo t\u00edtulo, sobre la novela de Eduardo Mendoza","og_url":"https:\/\/hojassueltas.es\/?p=21296","og_site_name":"HOJAS SUELTAS Peri\u00f3dico Cultural","article_published_time":"2025-07-09T23:00:45+00:00","article_modified_time":"2025-10-20T10:45:14+00:00","og_image":[{"width":1080,"height":1350,"url":"https:\/\/hojassueltas.es\/wp-content\/uploads\/2025\/07\/lA-VERDAD-_2_H.S.png","type":"image\/png"}],"author":"Jos\u00e9 Luis Alvarado","twitter_card":"summary_large_image","twitter_creator":"@HOJASSUELTAS22","twitter_site":"@HOJASSUELTAS22","twitter_misc":{"Escrito por":"Jos\u00e9 Luis Alvarado","Tiempo de lectura":"10 minutos"},"schema":{"@context":"https:\/\/schema.org","@graph":[{"@type":["Article","BlogPosting"],"@id":"https:\/\/hojassueltas.es\/?p=21296#article","isPartOf":{"@id":"https:\/\/hojassueltas.es\/?p=21296"},"author":{"name":"Jos\u00e9 Luis Alvarado","@id":"https:\/\/hojassueltas.es\/#\/schema\/person\/0fd366c26625fc84c65a74d3da2c6d17"},"headline":"La verdad sobre el caso Savolta 3 &#8211; Eduardo Mendoza","datePublished":"2025-07-09T23:00:45+00:00","dateModified":"2025-10-20T10:45:14+00:00","mainEntityOfPage":{"@id":"https:\/\/hojassueltas.es\/?p=21296"},"wordCount":2298,"commentCount":0,"publisher":{"@id":"https:\/\/hojassueltas.es\/#organization"},"image":{"@id":"https:\/\/hojassueltas.es\/?p=21296#primaryimage"},"thumbnailUrl":"https:\/\/hojassueltas.es\/wp-content\/uploads\/2025\/07\/lA-VERDAD-_2_H.S.png","keywords":["Eduardo Mendoza"],"articleSection":["RESE\u00d1AS"],"inLanguage":"es","potentialAction":[{"@type":"CommentAction","name":"Comment","target":["https:\/\/hojassueltas.es\/?p=21296#respond"]}]},{"@type":"WebPage","@id":"https:\/\/hojassueltas.es\/?p=21296","url":"https:\/\/hojassueltas.es\/?p=21296","name":"La verdad sobre el caso Savolta 3 - Eduardo Mendoza | HOJAS SUELTAS Peri\u00f3dico Cultural","isPartOf":{"@id":"https:\/\/hojassueltas.es\/#website"},"primaryImageOfPage":{"@id":"https:\/\/hojassueltas.es\/?p=21296#primaryimage"},"image":{"@id":"https:\/\/hojassueltas.es\/?p=21296#primaryimage"},"thumbnailUrl":"https:\/\/hojassueltas.es\/wp-content\/uploads\/2025\/07\/lA-VERDAD-_2_H.S.png","datePublished":"2025-07-09T23:00:45+00:00","dateModified":"2025-10-20T10:45:14+00:00","description":"LIBROS. Narrativa: Rese\u00f1a de Jos\u00e9 Luis Alvarado. Continuaci\u00f3n a las rese\u00f1as 1 y 2 sobre el mismo t\u00edtulo, sobre la novela de Eduardo Mendoza","breadcrumb":{"@id":"https:\/\/hojassueltas.es\/?p=21296#breadcrumb"},"inLanguage":"es","potentialAction":[{"@type":"ReadAction","target":["https:\/\/hojassueltas.es\/?p=21296"]}]},{"@type":"ImageObject","inLanguage":"es","@id":"https:\/\/hojassueltas.es\/?p=21296#primaryimage","url":"https:\/\/hojassueltas.es\/wp-content\/uploads\/2025\/07\/lA-VERDAD-_2_H.S.png","contentUrl":"https:\/\/hojassueltas.es\/wp-content\/uploads\/2025\/07\/lA-VERDAD-_2_H.S.png","width":1080,"height":1350},{"@type":"BreadcrumbList","@id":"https:\/\/hojassueltas.es\/?p=21296#breadcrumb","itemListElement":[{"@type":"ListItem","position":1,"name":"Portada","item":"https:\/\/hojassueltas.es\/"},{"@type":"ListItem","position":2,"name":"La verdad sobre el caso Savolta 3 &#8211; Eduardo Mendoza"}]},{"@type":"WebSite","@id":"https:\/\/hojassueltas.es\/#website","url":"https:\/\/hojassueltas.es\/","name":"HojasSueltas.es","description":"GRANADA - Peri\u00f3dico Cultural","publisher":{"@id":"https:\/\/hojassueltas.es\/#organization"},"alternateName":"H.S. Periodico Cultural","potentialAction":[{"@type":"SearchAction","target":{"@type":"EntryPoint","urlTemplate":"https:\/\/hojassueltas.es\/?s={search_term_string}"},"query-input":{"@type":"PropertyValueSpecification","valueRequired":true,"valueName":"search_term_string"}}],"inLanguage":"es"},{"@type":"Organization","@id":"https:\/\/hojassueltas.es\/#organization","name":"HOJAS SUELTAS - Peri\u00f3dico Cultural","alternateName":"HS - HOJAS SUELTAS Peri\u00f3dico Cultural","url":"https:\/\/hojassueltas.es\/","logo":{"@type":"ImageObject","inLanguage":"es","@id":"https:\/\/hojassueltas.es\/#\/schema\/logo\/image\/","url":"https:\/\/hojassueltas.es\/wp-content\/uploads\/2025\/08\/Icono-HS_2.png","contentUrl":"https:\/\/hojassueltas.es\/wp-content\/uploads\/2025\/08\/Icono-HS_2.png","width":500,"height":500,"caption":"HOJAS SUELTAS - Peri\u00f3dico Cultural"},"image":{"@id":"https:\/\/hojassueltas.es\/#\/schema\/logo\/image\/"},"sameAs":["https:\/\/x.com\/HOJASSUELTAS22"]},{"@type":"Person","@id":"https:\/\/hojassueltas.es\/#\/schema\/person\/0fd366c26625fc84c65a74d3da2c6d17","name":"Jos\u00e9 Luis Alvarado","image":{"@type":"ImageObject","inLanguage":"es","@id":"https:\/\/hojassueltas.es\/wp-content\/uploads\/2023\/04\/jefe-96x96.png","url":"https:\/\/hojassueltas.es\/wp-content\/uploads\/2023\/04\/jefe-96x96.png","contentUrl":"https:\/\/hojassueltas.es\/wp-content\/uploads\/2023\/04\/jefe-96x96.png","caption":"Jos\u00e9 Luis Alvarado"},"description":"Dijo el sabio griego que nada es comunicable por el arte de la escritura; tras apurar la copa de seca cicuta, su disc\u00edpulo dilecto lo traicion\u00f3 y acaso lo perfeccion\u00f3 transmitiendo por escrito sus ir\u00f3nicos conocimientos. Como antes hiciera Montaigne, pienso que la obra de un autor se prolonga y modifica cada vez que se escribe sobre ella. La memoria, que fue oral y minoritaria, ahora se multiplica con cada palabra que integra y justifica el continuo universo, tambi\u00e9n llamado la Red.","url":"https:\/\/hojassueltas.es\/?author=38"}]}},"_links":{"self":[{"href":"https:\/\/hojassueltas.es\/index.php?rest_route=\/wp\/v2\/posts\/21296","targetHints":{"allow":["GET"]}}],"collection":[{"href":"https:\/\/hojassueltas.es\/index.php?rest_route=\/wp\/v2\/posts"}],"about":[{"href":"https:\/\/hojassueltas.es\/index.php?rest_route=\/wp\/v2\/types\/post"}],"author":[{"embeddable":true,"href":"https:\/\/hojassueltas.es\/index.php?rest_route=\/wp\/v2\/users\/38"}],"replies":[{"embeddable":true,"href":"https:\/\/hojassueltas.es\/index.php?rest_route=%2Fwp%2Fv2%2Fcomments&post=21296"}],"version-history":[{"count":1,"href":"https:\/\/hojassueltas.es\/index.php?rest_route=\/wp\/v2\/posts\/21296\/revisions"}],"predecessor-version":[{"id":21297,"href":"https:\/\/hojassueltas.es\/index.php?rest_route=\/wp\/v2\/posts\/21296\/revisions\/21297"}],"wp:featuredmedia":[{"embeddable":true,"href":"https:\/\/hojassueltas.es\/index.php?rest_route=\/wp\/v2\/media\/21220"}],"wp:attachment":[{"href":"https:\/\/hojassueltas.es\/index.php?rest_route=%2Fwp%2Fv2%2Fmedia&parent=21296"}],"wp:term":[{"taxonomy":"category","embeddable":true,"href":"https:\/\/hojassueltas.es\/index.php?rest_route=%2Fwp%2Fv2%2Fcategories&post=21296"},{"taxonomy":"post_tag","embeddable":true,"href":"https:\/\/hojassueltas.es\/index.php?rest_route=%2Fwp%2Fv2%2Ftags&post=21296"}],"curies":[{"name":"wp","href":"https:\/\/api.w.org\/{rel}","templated":true}]}}