{"id":21030,"date":"2025-06-05T11:03:10","date_gmt":"2025-06-05T10:03:10","guid":{"rendered":"https:\/\/hojassueltas.es\/?p=21030"},"modified":"2025-07-12T13:53:16","modified_gmt":"2025-07-12T12:53:16","slug":"ojala-mi-corazon-fuese-de-piedra-capitulo-16-angel-calvo-pose","status":"publish","type":"post","link":"https:\/\/hojassueltas.es\/?p=21030","title":{"rendered":"Ojal\u00e1 mi coraz\u00f3n fuese de piedra  &#8211; Cap\u00edtulo 16 &#8211; (\u00c1ngel Calvo Pose)"},"content":{"rendered":"<p align=\"justify\"><span style=\"font-family: Verdana, sans-serif;\"><span style=\"font-size: large;\">Por alguna raz\u00f3n que barrunta en su cabeza el s\u00f3tano de la casa le parece un valioso descubrimiento. Fr\u00edo, h\u00famedo, oscuro, dominado por la roca en torno a la que se hab\u00edan edificado los cimientos. Por su idoneidad para guardar la mercanc\u00eda que va bajando de la finca, o seguramente porque le resulta familiar, le recuerda al desv\u00e1n del piso donde se hab\u00eda criado en la calle Humilladero de Madrid: otra madriguera donde desplazarse a gatas desde que alcanzase pr\u00e1cticamente la misma estatura de ahora, en las postrimer\u00edas de su lejana adolescencia.<\/span><\/span><\/p>\n<p align=\"justify\"><span style=\"font-family: Verdana, sans-serif;\"><span style=\"font-size: large;\">Al desv\u00e1n se sub\u00eda, casi se trepaba, a partir de unas empinadas escaleras de alt\u00edsimos pelda\u00f1os que nac\u00edan en un portal l\u00fagubre custodiado por los ojillos de roedor de la portera. All\u00ed evitaba cualquier contacto con su padre. Porque bastante le costaba a Gerardo alcanzar la tercera planta del hogar familiar (sobre todo de noche, empantanado en alcohol), como para plantearse escalar tres pisos m\u00e1s. Y la realidad era que ni su padre ni su madre se esforzaban por encontrarse con \u00e9l, ni por buscarlo.<\/span><\/span><\/p>\n<p align=\"justify\"><span style=\"font-family: Verdana, sans-serif;\"><span style=\"font-size: large;\">Encontr\u00f3, en una de sus subidas, un viejo cincel tirado en las escaleras. Supuso que pertenec\u00eda al carpintero del quinto. Le gust\u00f3 su gastado mango de madera, su dureza oxidada, su tama\u00f1o, y se lo guard\u00f3 en uno de los bolsillos del abrigo. Con el tiempo se arrepinti\u00f3 de no haber tra\u00eddo un trozo de madera del pueblo, una corteza de pino, lo que fuese, para entretenerse tallando cualquier cosa; tuvo que conformarse con rayar las puertas de los trasteros, muescas sin sentido, semejantes (si acaso) a las se\u00f1ales de un preso que cuenta los d\u00edas en su celda.<\/span><\/span><\/p>\n<p align=\"justify\"><span style=\"font-family: Verdana, sans-serif;\"><span style=\"font-size: large;\">Ya no necesita la madera, aunque tiene toda la que podr\u00eda desear. Vuelve a agacharse, a arrastrarse, tanteando en la conocida oscuridad. El viejo le ha dicho que una vez cultiv\u00f3 champi\u00f1ones en ese s\u00f3tano. Se apoya en la roca helada y cierra los ojos como los cerraba hasta quedarse dormido en el desv\u00e1n de Madrid. Piensa en sus idas y venidas, en sus correr\u00edas, casi siempre nocturnas, por la ciudad. Tira sin demasiadas ganas del hilo de la memoria. Recuerda aquel viejo y gastado cincel. Se pregunta si es posible llegar a sentir cari\u00f1o por un objeto. Lamentarse por haber tenido que deshacerse de \u00e9l, arrojarlo, manchado con la sangre de su padre, al r\u00edo Manzanares, tanto tiempo atr\u00e1s.<\/span><\/span><\/p>\n<p align=\"justify\"><strong>\u00a9 \u00c1ngel Calvo Pose<\/strong><\/p>\n","protected":false},"excerpt":{"rendered":"<p>Por alguna raz\u00f3n que barrunta en su cabeza el s\u00f3tano de la casa le parece un valioso descubrimiento. Fr\u00edo, h\u00famedo, oscuro, dominado por la roca en torno a la que se hab\u00edan edificado los cimientos. Por su idoneidad para guardar la mercanc\u00eda que va bajando de la finca, o seguramente porque le resulta familiar, le [&hellip;]<\/p>\n","protected":false},"author":73,"featured_media":21032,"comment_status":"open","ping_status":"closed","sticky":false,"template":"","format":"standard","meta":{"footnotes":""},"categories":[2100],"tags":[],"class_list":{"0":"post-21030","1":"post","2":"type-post","3":"status-publish","4":"format-standard","5":"has-post-thumbnail","7":"category-ojala-mi-corazon-fuese-de-piedra"},"yoast_head":"<!-- This site is optimized with the Yoast SEO plugin v27.4 - https:\/\/yoast.com\/product\/yoast-seo-wordpress\/ -->\n<title>Ojal\u00e1 mi coraz\u00f3n fuese de piedra - Cap\u00edtulo 16 - (\u00c1ngel Calvo Pose) | HOJAS SUELTAS Peri\u00f3dico Cultural<\/title>\n<meta name=\"description\" content=\"COLABORACIONES VERANIEGAS: Cap\u00edtulo 16 de la novela de \u00c1ngel Calvo Pose\" \/>\n<meta name=\"robots\" content=\"index, follow, max-snippet:-1, max-image-preview:large, max-video-preview:-1\" \/>\n<link rel=\"canonical\" href=\"https:\/\/hojassueltas.es\/?p=21030\" \/>\n<meta property=\"og:locale\" content=\"es_ES\" \/>\n<meta property=\"og:type\" content=\"article\" \/>\n<meta property=\"og:title\" content=\"Ojal\u00e1 mi coraz\u00f3n fuese de piedra - Cap\u00edtulo 16 - (\u00c1ngel Calvo Pose) | HOJAS SUELTAS Peri\u00f3dico Cultural\" \/>\n<meta property=\"og:description\" content=\"COLABORACIONES VERANIEGAS: Cap\u00edtulo 16 de la novela de \u00c1ngel Calvo Pose\" \/>\n<meta property=\"og:url\" content=\"https:\/\/hojassueltas.es\/?p=21030\" \/>\n<meta property=\"og:site_name\" content=\"HOJAS SUELTAS Peri\u00f3dico Cultural\" \/>\n<meta property=\"article:published_time\" content=\"2025-06-05T10:03:10+00:00\" \/>\n<meta property=\"article:modified_time\" content=\"2025-07-12T12:53:16+00:00\" \/>\n<meta property=\"og:image\" content=\"https:\/\/hojassueltas.es\/wp-content\/uploads\/2025\/06\/Capitulp-16_H.S.png\" \/>\n\t<meta property=\"og:image:width\" content=\"1050\" \/>\n\t<meta property=\"og:image:height\" content=\"610\" \/>\n\t<meta property=\"og:image:type\" content=\"image\/png\" \/>\n<meta name=\"author\" content=\"\u00c1ngel Calvo Pose\" \/>\n<meta name=\"twitter:card\" content=\"summary_large_image\" \/>\n<meta name=\"twitter:creator\" content=\"@HOJASSUELTAS22\" \/>\n<meta name=\"twitter:site\" content=\"@HOJASSUELTAS22\" \/>\n<meta name=\"twitter:label1\" content=\"Escrito por\" \/>\n\t<meta name=\"twitter:data1\" content=\"\u00c1ngel Calvo Pose\" \/>\n\t<meta name=\"twitter:label2\" content=\"Tiempo de lectura\" \/>\n\t<meta name=\"twitter:data2\" content=\"3 minutos\" \/>\n<script type=\"application\/ld+json\" class=\"yoast-schema-graph\">{\"@context\":\"https:\\\/\\\/schema.org\",\"@graph\":[{\"@type\":[\"Article\",\"BlogPosting\"],\"@id\":\"https:\\\/\\\/hojassueltas.es\\\/?p=21030#article\",\"isPartOf\":{\"@id\":\"https:\\\/\\\/hojassueltas.es\\\/?p=21030\"},\"author\":{\"name\":\"\u00c1ngel Calvo Pose\",\"@id\":\"https:\\\/\\\/hojassueltas.es\\\/#\\\/schema\\\/person\\\/ef0dc208dac3a297cb3c3e4744d35b5f\"},\"headline\":\"Ojal\u00e1 mi coraz\u00f3n fuese de piedra &#8211; Cap\u00edtulo 16 &#8211; (\u00c1ngel Calvo Pose)\",\"datePublished\":\"2025-06-05T10:03:10+00:00\",\"dateModified\":\"2025-07-12T12:53:16+00:00\",\"mainEntityOfPage\":{\"@id\":\"https:\\\/\\\/hojassueltas.es\\\/?p=21030\"},\"wordCount\":443,\"commentCount\":0,\"publisher\":{\"@id\":\"https:\\\/\\\/hojassueltas.es\\\/#organization\"},\"image\":{\"@id\":\"https:\\\/\\\/hojassueltas.es\\\/?p=21030#primaryimage\"},\"thumbnailUrl\":\"https:\\\/\\\/hojassueltas.es\\\/wp-content\\\/uploads\\\/2025\\\/06\\\/Capitulp-16_H.S.png\",\"articleSection\":[\"Ojal\u00e1 mi coraz\u00f3n fuese de piedra\"],\"inLanguage\":\"es\",\"potentialAction\":[{\"@type\":\"CommentAction\",\"name\":\"Comment\",\"target\":[\"https:\\\/\\\/hojassueltas.es\\\/?p=21030#respond\"]}]},{\"@type\":\"WebPage\",\"@id\":\"https:\\\/\\\/hojassueltas.es\\\/?p=21030\",\"url\":\"https:\\\/\\\/hojassueltas.es\\\/?p=21030\",\"name\":\"Ojal\u00e1 mi coraz\u00f3n fuese de piedra - Cap\u00edtulo 16 - (\u00c1ngel Calvo Pose) | HOJAS SUELTAS Peri\u00f3dico Cultural\",\"isPartOf\":{\"@id\":\"https:\\\/\\\/hojassueltas.es\\\/#website\"},\"primaryImageOfPage\":{\"@id\":\"https:\\\/\\\/hojassueltas.es\\\/?p=21030#primaryimage\"},\"image\":{\"@id\":\"https:\\\/\\\/hojassueltas.es\\\/?p=21030#primaryimage\"},\"thumbnailUrl\":\"https:\\\/\\\/hojassueltas.es\\\/wp-content\\\/uploads\\\/2025\\\/06\\\/Capitulp-16_H.S.png\",\"datePublished\":\"2025-06-05T10:03:10+00:00\",\"dateModified\":\"2025-07-12T12:53:16+00:00\",\"description\":\"COLABORACIONES VERANIEGAS: Cap\u00edtulo 16 de la novela de \u00c1ngel Calvo Pose\",\"breadcrumb\":{\"@id\":\"https:\\\/\\\/hojassueltas.es\\\/?p=21030#breadcrumb\"},\"inLanguage\":\"es\",\"potentialAction\":[{\"@type\":\"ReadAction\",\"target\":[\"https:\\\/\\\/hojassueltas.es\\\/?p=21030\"]}]},{\"@type\":\"ImageObject\",\"inLanguage\":\"es\",\"@id\":\"https:\\\/\\\/hojassueltas.es\\\/?p=21030#primaryimage\",\"url\":\"https:\\\/\\\/hojassueltas.es\\\/wp-content\\\/uploads\\\/2025\\\/06\\\/Capitulp-16_H.S.png\",\"contentUrl\":\"https:\\\/\\\/hojassueltas.es\\\/wp-content\\\/uploads\\\/2025\\\/06\\\/Capitulp-16_H.S.png\",\"width\":1050,\"height\":610},{\"@type\":\"BreadcrumbList\",\"@id\":\"https:\\\/\\\/hojassueltas.es\\\/?p=21030#breadcrumb\",\"itemListElement\":[{\"@type\":\"ListItem\",\"position\":1,\"name\":\"Portada\",\"item\":\"https:\\\/\\\/hojassueltas.es\\\/\"},{\"@type\":\"ListItem\",\"position\":2,\"name\":\"Ojal\u00e1 mi coraz\u00f3n fuese de piedra &#8211; Cap\u00edtulo 16 &#8211; (\u00c1ngel Calvo Pose)\"}]},{\"@type\":\"WebSite\",\"@id\":\"https:\\\/\\\/hojassueltas.es\\\/#website\",\"url\":\"https:\\\/\\\/hojassueltas.es\\\/\",\"name\":\"HojasSueltas.es\",\"description\":\"GRANADA - Peri\u00f3dico Cultural\",\"publisher\":{\"@id\":\"https:\\\/\\\/hojassueltas.es\\\/#organization\"},\"alternateName\":\"H.S. Periodico Cultural\",\"potentialAction\":[{\"@type\":\"SearchAction\",\"target\":{\"@type\":\"EntryPoint\",\"urlTemplate\":\"https:\\\/\\\/hojassueltas.es\\\/?s={search_term_string}\"},\"query-input\":{\"@type\":\"PropertyValueSpecification\",\"valueRequired\":true,\"valueName\":\"search_term_string\"}}],\"inLanguage\":\"es\"},{\"@type\":\"Organization\",\"@id\":\"https:\\\/\\\/hojassueltas.es\\\/#organization\",\"name\":\"HOJAS SUELTAS - Peri\u00f3dico Cultural\",\"alternateName\":\"HS - HOJAS SUELTAS Peri\u00f3dico Cultural\",\"url\":\"https:\\\/\\\/hojassueltas.es\\\/\",\"logo\":{\"@type\":\"ImageObject\",\"inLanguage\":\"es\",\"@id\":\"https:\\\/\\\/hojassueltas.es\\\/#\\\/schema\\\/logo\\\/image\\\/\",\"url\":\"https:\\\/\\\/hojassueltas.es\\\/wp-content\\\/uploads\\\/2025\\\/08\\\/Icono-HS_2.png\",\"contentUrl\":\"https:\\\/\\\/hojassueltas.es\\\/wp-content\\\/uploads\\\/2025\\\/08\\\/Icono-HS_2.png\",\"width\":500,\"height\":500,\"caption\":\"HOJAS SUELTAS - Peri\u00f3dico Cultural\"},\"image\":{\"@id\":\"https:\\\/\\\/hojassueltas.es\\\/#\\\/schema\\\/logo\\\/image\\\/\"},\"sameAs\":[\"https:\\\/\\\/x.com\\\/HOJASSUELTAS22\"]},{\"@type\":\"Person\",\"@id\":\"https:\\\/\\\/hojassueltas.es\\\/#\\\/schema\\\/person\\\/ef0dc208dac3a297cb3c3e4744d35b5f\",\"name\":\"\u00c1ngel Calvo Pose\",\"image\":{\"@type\":\"ImageObject\",\"inLanguage\":\"es\",\"@id\":\"https:\\\/\\\/hojassueltas.es\\\/wp-content\\\/uploads\\\/2024\\\/09\\\/Angel-Calvo-Pose_500-96x96.jpg\",\"url\":\"https:\\\/\\\/hojassueltas.es\\\/wp-content\\\/uploads\\\/2024\\\/09\\\/Angel-Calvo-Pose_500-96x96.jpg\",\"contentUrl\":\"https:\\\/\\\/hojassueltas.es\\\/wp-content\\\/uploads\\\/2024\\\/09\\\/Angel-Calvo-Pose_500-96x96.jpg\",\"caption\":\"\u00c1ngel Calvo Pose\"},\"description\":\"Madrid 1969. Public\u00f3 su primer poema en 1993, un alegato en contra del servicio militar obligatorio para celebrar su condici\u00f3n de insumiso. A partir de entonces colabor\u00f3 y public\u00f3 relatos y poemas en diversas revistas literarias. Estudi\u00f3 Filolog\u00eda inglesa y Psicolog\u00eda en la Universidad Complutense de Madrid. Residi\u00f3 en Madrid, La Habana y Alicante, se dedic\u00f3 a escribir guiones cinematogr\u00e1ficos. Actualmente reside en Galicia, en una aldea al norte de Lugo, con vistas (si no hay niebla) al Cant\u00e1brico.\",\"url\":\"https:\\\/\\\/hojassueltas.es\\\/?author=73\"}]}<\/script>\n<!-- \/ Yoast SEO plugin. -->","yoast_head_json":{"title":"Ojal\u00e1 mi coraz\u00f3n fuese de piedra - Cap\u00edtulo 16 - (\u00c1ngel Calvo Pose) | HOJAS SUELTAS Peri\u00f3dico Cultural","description":"COLABORACIONES VERANIEGAS: Cap\u00edtulo 16 de la novela de \u00c1ngel Calvo Pose","robots":{"index":"index","follow":"follow","max-snippet":"max-snippet:-1","max-image-preview":"max-image-preview:large","max-video-preview":"max-video-preview:-1"},"canonical":"https:\/\/hojassueltas.es\/?p=21030","og_locale":"es_ES","og_type":"article","og_title":"Ojal\u00e1 mi coraz\u00f3n fuese de piedra - Cap\u00edtulo 16 - (\u00c1ngel Calvo Pose) | HOJAS SUELTAS Peri\u00f3dico Cultural","og_description":"COLABORACIONES VERANIEGAS: Cap\u00edtulo 16 de la novela de \u00c1ngel Calvo Pose","og_url":"https:\/\/hojassueltas.es\/?p=21030","og_site_name":"HOJAS SUELTAS Peri\u00f3dico Cultural","article_published_time":"2025-06-05T10:03:10+00:00","article_modified_time":"2025-07-12T12:53:16+00:00","og_image":[{"width":1050,"height":610,"url":"https:\/\/hojassueltas.es\/wp-content\/uploads\/2025\/06\/Capitulp-16_H.S.png","type":"image\/png"}],"author":"\u00c1ngel Calvo Pose","twitter_card":"summary_large_image","twitter_creator":"@HOJASSUELTAS22","twitter_site":"@HOJASSUELTAS22","twitter_misc":{"Escrito por":"\u00c1ngel Calvo Pose","Tiempo de lectura":"3 minutos"},"schema":{"@context":"https:\/\/schema.org","@graph":[{"@type":["Article","BlogPosting"],"@id":"https:\/\/hojassueltas.es\/?p=21030#article","isPartOf":{"@id":"https:\/\/hojassueltas.es\/?p=21030"},"author":{"name":"\u00c1ngel Calvo Pose","@id":"https:\/\/hojassueltas.es\/#\/schema\/person\/ef0dc208dac3a297cb3c3e4744d35b5f"},"headline":"Ojal\u00e1 mi coraz\u00f3n fuese de piedra &#8211; Cap\u00edtulo 16 &#8211; (\u00c1ngel Calvo Pose)","datePublished":"2025-06-05T10:03:10+00:00","dateModified":"2025-07-12T12:53:16+00:00","mainEntityOfPage":{"@id":"https:\/\/hojassueltas.es\/?p=21030"},"wordCount":443,"commentCount":0,"publisher":{"@id":"https:\/\/hojassueltas.es\/#organization"},"image":{"@id":"https:\/\/hojassueltas.es\/?p=21030#primaryimage"},"thumbnailUrl":"https:\/\/hojassueltas.es\/wp-content\/uploads\/2025\/06\/Capitulp-16_H.S.png","articleSection":["Ojal\u00e1 mi coraz\u00f3n fuese de piedra"],"inLanguage":"es","potentialAction":[{"@type":"CommentAction","name":"Comment","target":["https:\/\/hojassueltas.es\/?p=21030#respond"]}]},{"@type":"WebPage","@id":"https:\/\/hojassueltas.es\/?p=21030","url":"https:\/\/hojassueltas.es\/?p=21030","name":"Ojal\u00e1 mi coraz\u00f3n fuese de piedra - Cap\u00edtulo 16 - (\u00c1ngel Calvo Pose) | HOJAS SUELTAS Peri\u00f3dico Cultural","isPartOf":{"@id":"https:\/\/hojassueltas.es\/#website"},"primaryImageOfPage":{"@id":"https:\/\/hojassueltas.es\/?p=21030#primaryimage"},"image":{"@id":"https:\/\/hojassueltas.es\/?p=21030#primaryimage"},"thumbnailUrl":"https:\/\/hojassueltas.es\/wp-content\/uploads\/2025\/06\/Capitulp-16_H.S.png","datePublished":"2025-06-05T10:03:10+00:00","dateModified":"2025-07-12T12:53:16+00:00","description":"COLABORACIONES VERANIEGAS: Cap\u00edtulo 16 de la novela de \u00c1ngel Calvo Pose","breadcrumb":{"@id":"https:\/\/hojassueltas.es\/?p=21030#breadcrumb"},"inLanguage":"es","potentialAction":[{"@type":"ReadAction","target":["https:\/\/hojassueltas.es\/?p=21030"]}]},{"@type":"ImageObject","inLanguage":"es","@id":"https:\/\/hojassueltas.es\/?p=21030#primaryimage","url":"https:\/\/hojassueltas.es\/wp-content\/uploads\/2025\/06\/Capitulp-16_H.S.png","contentUrl":"https:\/\/hojassueltas.es\/wp-content\/uploads\/2025\/06\/Capitulp-16_H.S.png","width":1050,"height":610},{"@type":"BreadcrumbList","@id":"https:\/\/hojassueltas.es\/?p=21030#breadcrumb","itemListElement":[{"@type":"ListItem","position":1,"name":"Portada","item":"https:\/\/hojassueltas.es\/"},{"@type":"ListItem","position":2,"name":"Ojal\u00e1 mi coraz\u00f3n fuese de piedra &#8211; Cap\u00edtulo 16 &#8211; (\u00c1ngel Calvo Pose)"}]},{"@type":"WebSite","@id":"https:\/\/hojassueltas.es\/#website","url":"https:\/\/hojassueltas.es\/","name":"HojasSueltas.es","description":"GRANADA - Peri\u00f3dico Cultural","publisher":{"@id":"https:\/\/hojassueltas.es\/#organization"},"alternateName":"H.S. Periodico Cultural","potentialAction":[{"@type":"SearchAction","target":{"@type":"EntryPoint","urlTemplate":"https:\/\/hojassueltas.es\/?s={search_term_string}"},"query-input":{"@type":"PropertyValueSpecification","valueRequired":true,"valueName":"search_term_string"}}],"inLanguage":"es"},{"@type":"Organization","@id":"https:\/\/hojassueltas.es\/#organization","name":"HOJAS SUELTAS - Peri\u00f3dico Cultural","alternateName":"HS - HOJAS SUELTAS Peri\u00f3dico Cultural","url":"https:\/\/hojassueltas.es\/","logo":{"@type":"ImageObject","inLanguage":"es","@id":"https:\/\/hojassueltas.es\/#\/schema\/logo\/image\/","url":"https:\/\/hojassueltas.es\/wp-content\/uploads\/2025\/08\/Icono-HS_2.png","contentUrl":"https:\/\/hojassueltas.es\/wp-content\/uploads\/2025\/08\/Icono-HS_2.png","width":500,"height":500,"caption":"HOJAS SUELTAS - Peri\u00f3dico Cultural"},"image":{"@id":"https:\/\/hojassueltas.es\/#\/schema\/logo\/image\/"},"sameAs":["https:\/\/x.com\/HOJASSUELTAS22"]},{"@type":"Person","@id":"https:\/\/hojassueltas.es\/#\/schema\/person\/ef0dc208dac3a297cb3c3e4744d35b5f","name":"\u00c1ngel Calvo Pose","image":{"@type":"ImageObject","inLanguage":"es","@id":"https:\/\/hojassueltas.es\/wp-content\/uploads\/2024\/09\/Angel-Calvo-Pose_500-96x96.jpg","url":"https:\/\/hojassueltas.es\/wp-content\/uploads\/2024\/09\/Angel-Calvo-Pose_500-96x96.jpg","contentUrl":"https:\/\/hojassueltas.es\/wp-content\/uploads\/2024\/09\/Angel-Calvo-Pose_500-96x96.jpg","caption":"\u00c1ngel Calvo Pose"},"description":"Madrid 1969. Public\u00f3 su primer poema en 1993, un alegato en contra del servicio militar obligatorio para celebrar su condici\u00f3n de insumiso. A partir de entonces colabor\u00f3 y public\u00f3 relatos y poemas en diversas revistas literarias. Estudi\u00f3 Filolog\u00eda inglesa y Psicolog\u00eda en la Universidad Complutense de Madrid. Residi\u00f3 en Madrid, La Habana y Alicante, se dedic\u00f3 a escribir guiones cinematogr\u00e1ficos. Actualmente reside en Galicia, en una aldea al norte de Lugo, con vistas (si no hay niebla) al Cant\u00e1brico.","url":"https:\/\/hojassueltas.es\/?author=73"}]}},"_links":{"self":[{"href":"https:\/\/hojassueltas.es\/index.php?rest_route=\/wp\/v2\/posts\/21030","targetHints":{"allow":["GET"]}}],"collection":[{"href":"https:\/\/hojassueltas.es\/index.php?rest_route=\/wp\/v2\/posts"}],"about":[{"href":"https:\/\/hojassueltas.es\/index.php?rest_route=\/wp\/v2\/types\/post"}],"author":[{"embeddable":true,"href":"https:\/\/hojassueltas.es\/index.php?rest_route=\/wp\/v2\/users\/73"}],"replies":[{"embeddable":true,"href":"https:\/\/hojassueltas.es\/index.php?rest_route=%2Fwp%2Fv2%2Fcomments&post=21030"}],"version-history":[{"count":1,"href":"https:\/\/hojassueltas.es\/index.php?rest_route=\/wp\/v2\/posts\/21030\/revisions"}],"predecessor-version":[{"id":21031,"href":"https:\/\/hojassueltas.es\/index.php?rest_route=\/wp\/v2\/posts\/21030\/revisions\/21031"}],"wp:featuredmedia":[{"embeddable":true,"href":"https:\/\/hojassueltas.es\/index.php?rest_route=\/wp\/v2\/media\/21032"}],"wp:attachment":[{"href":"https:\/\/hojassueltas.es\/index.php?rest_route=%2Fwp%2Fv2%2Fmedia&parent=21030"}],"wp:term":[{"taxonomy":"category","embeddable":true,"href":"https:\/\/hojassueltas.es\/index.php?rest_route=%2Fwp%2Fv2%2Fcategories&post=21030"},{"taxonomy":"post_tag","embeddable":true,"href":"https:\/\/hojassueltas.es\/index.php?rest_route=%2Fwp%2Fv2%2Ftags&post=21030"}],"curies":[{"name":"wp","href":"https:\/\/api.w.org\/{rel}","templated":true}]}}